{"id":166331,"date":"2022-04-23T21:08:32","date_gmt":"2022-04-24T00:08:32","guid":{"rendered":"https:\/\/experienciadevida.com.ar\/portalurbano\/?p=166331"},"modified":"2022-04-23T21:12:03","modified_gmt":"2022-04-24T00:12:03","slug":"el-equipo-de-regularizacion-dominial-estara-en-loma-negra","status":"publish","type":"post","link":"https:\/\/experienciadevida.com.ar\/portalurbano\/el-equipo-de-regularizacion-dominial-estara-en-loma-negra\/","title":{"rendered":"El equipo de Regularizaci\u00f3n Dominial estar\u00e1 en Loma Negra"},"content":{"rendered":"<p>El equipo de Regularizaci\u00f3n Dominial estar\u00e1 en Loma Negra, la Direcci\u00f3n de Casa de Tierras y Regularizaci\u00f3n Dominial de la <a href=\"https:\/\/www.facebook.com\/municipiodeolavarria\">Municipalidad<\/a> del Partido de Olavarr\u00eda recuerda que contin\u00faa el cronograma de atenci\u00f3n en barrios y localidades del Partido de Olavarr\u00eda.<\/p>\n<p>El objetivo es por un lado descentralizar la atenci\u00f3n y por otro, brindar un mejor asesoramiento, con la finalidad de resolver diferentes tr\u00e1mites y cuestiones, en materia de regularizaci\u00f3n dominial.<\/p>\n<p>En este sentido, el equipo de Regularizaci\u00f3n Dominial estar\u00e1 el d\u00eda lunes 25 de abril, de 09:00 a 12:00 horas, en la localidad de Loma Negra.<\/p>\n<p>Entre los tr\u00e1mites se podr\u00e1 realizar la inscripci\u00f3n al Registro de Demanda Habitacional, para lo cual se deber\u00e1 concurrir con DNI del grupo familiar. Tambi\u00e9n se brindar\u00e1 asesoramiento sobre Afectaci\u00f3n Bien de Familia (Ley N\u00ba 24.374), Escrituraci\u00f3n Social (Ley N\u00ba 10.830) y consultas administrativas en general.<\/p>\n<p>Como parte de las acciones que contempla este programa, se entregar\u00e1n folletos informativos, con material \u00fatil para cada vecino con datos de contacto y preguntas frecuentes de los tr\u00e1mites, requisitos y documentaci\u00f3n a presentar.<\/p>\n<p>Foto: archivo<\/p>\n","protected":false},"excerpt":{"rendered":"<p>El equipo de Regularizaci\u00f3n Dominial estar\u00e1 en Loma Negra, la Direcci\u00f3n de Casa de Tierras&#8230;<\/p>\n","protected":false},"author":1,"featured_media":165355,"comment_status":"closed","ping_status":"closed","sticky":false,"template":"","format":"standard","meta":{"content-type":""},"categories":[27],"tags":[],"nelio_content":{"isAutoShareEnabled":false,"autoShareEndMode":"default","automationSources":{"useContentSentences":true,"useSocialTemplates":true,"useCustomSentences":false,"customSentences":[]},"followers":[1],"suggestedReferences":[],"includedReferences":[],"efiUrl":"","efiAlt":"","highlights":[]},"yoast_head":"<!-- This site is optimized with the Yoast SEO plugin v20.7 - https:\/\/yoast.com\/wordpress\/plugins\/seo\/ -->\n<title>El equipo de regularizaci\u00f3n dominial estar\u00e1 en Loma Negra<\/title>\n<meta name=\"description\" content=\"El equipo de Regularizaci\u00f3n Dominial estar\u00e1 en Loma Negra, contin\u00faa el cronograma de atenci\u00f3n en barrios y localidades del Partido\" \/>\n<meta name=\"robots\" content=\"index, follow, max-snippet:-1, max-image-preview:large, max-video-preview:-1\" \/>\n<link rel=\"canonical\" href=\"https:\/\/experienciadevida.com.ar\/portalurbano\/el-equipo-de-regularizacion-dominial-estara-en-loma-negra\/\" \/>\n<meta property=\"og:locale\" content=\"es_ES\" \/>\n<meta property=\"og:type\" content=\"article\" \/>\n<meta property=\"og:title\" content=\"El equipo de regularizaci\u00f3n dominial estar\u00e1 en Loma Negra\" \/>\n<meta property=\"og:description\" content=\"El equipo de Regularizaci\u00f3n Dominial estar\u00e1 en Loma Negra, contin\u00faa el cronograma de atenci\u00f3n en barrios y localidades del Partido\" \/>\n<meta property=\"og:url\" content=\"https:\/\/experienciadevida.com.ar\/portalurbano\/el-equipo-de-regularizacion-dominial-estara-en-loma-negra\/\" \/>\n<meta property=\"article:publisher\" content=\"https:\/\/www.facebook.com\/Portal-Urbano-171542830093757\/\" \/>\n<meta property=\"article:published_time\" content=\"2022-04-24T00:08:32+00:00\" \/>\n<meta property=\"article:modified_time\" content=\"2022-04-24T00:12:03+00:00\" \/>\n<meta property=\"og:image\" content=\"https:\/\/experienciadevida.com.ar\/portalurbano\/wp-content\/uploads\/2022\/04\/Programa-de-Regularizacion-Dominial.jpg\" \/>\n\t<meta property=\"og:image:width\" content=\"1024\" \/>\n\t<meta property=\"og:image:height\" content=\"682\" \/>\n\t<meta property=\"og:image:type\" content=\"image\/jpeg\" \/>\n<meta name=\"author\" content=\"admpu17wp\" \/>\n<meta name=\"twitter:card\" content=\"summary_large_image\" \/>\n<meta name=\"twitter:creator\" content=\"@portalurbanook\" \/>\n<meta name=\"twitter:site\" content=\"@portalurbanook\" \/>\n<meta name=\"twitter:label1\" content=\"Escrito por\" \/>\n\t<meta name=\"twitter:data1\" content=\"admpu17wp\" \/>\n\t<meta name=\"twitter:label2\" content=\"Tiempo de lectura\" \/>\n\t<meta name=\"twitter:data2\" content=\"1 minuto\" \/>\n<script type=\"application\/ld+json\" class=\"yoast-schema-graph\">{\"@context\":\"https:\/\/schema.org\",\"@graph\":[{\"@type\":\"Article\",\"@id\":\"https:\/\/experienciadevida.com.ar\/portalurbano\/el-equipo-de-regularizacion-dominial-estara-en-loma-negra\/#article\",\"isPartOf\":{\"@id\":\"https:\/\/experienciadevida.com.ar\/portalurbano\/el-equipo-de-regularizacion-dominial-estara-en-loma-negra\/\"},\"author\":{\"name\":\"admpu17wp\",\"@id\":\"https:\/\/experienciadevida.com.ar\/portalurbano\/#\/schema\/person\/02dd326b1c4b056e9cc972486934a3a7\"},\"headline\":\"El equipo de Regularizaci\u00f3n Dominial estar\u00e1 en Loma Negra\",\"datePublished\":\"2022-04-24T00:08:32+00:00\",\"dateModified\":\"2022-04-24T00:12:03+00:00\",\"mainEntityOfPage\":{\"@id\":\"https:\/\/experienciadevida.com.ar\/portalurbano\/el-equipo-de-regularizacion-dominial-estara-en-loma-negra\/\"},\"wordCount\":203,\"publisher\":{\"@id\":\"https:\/\/experienciadevida.com.ar\/portalurbano\/#organization\"},\"articleSection\":[\"Ciudad\"],\"inLanguage\":\"es\"},{\"@type\":\"WebPage\",\"@id\":\"https:\/\/experienciadevida.com.ar\/portalurbano\/el-equipo-de-regularizacion-dominial-estara-en-loma-negra\/\",\"url\":\"https:\/\/experienciadevida.com.ar\/portalurbano\/el-equipo-de-regularizacion-dominial-estara-en-loma-negra\/\",\"name\":\"El equipo de regularizaci\u00f3n dominial estar\u00e1 en Loma Negra\",\"isPartOf\":{\"@id\":\"https:\/\/experienciadevida.com.ar\/portalurbano\/#website\"},\"datePublished\":\"2022-04-24T00:08:32+00:00\",\"dateModified\":\"2022-04-24T00:12:03+00:00\",\"description\":\"El equipo de Regularizaci\u00f3n Dominial estar\u00e1 en Loma Negra, contin\u00faa el cronograma de atenci\u00f3n en barrios y localidades del Partido\",\"breadcrumb\":{\"@id\":\"https:\/\/experienciadevida.com.ar\/portalurbano\/el-equipo-de-regularizacion-dominial-estara-en-loma-negra\/#breadcrumb\"},\"inLanguage\":\"es\",\"potentialAction\":[{\"@type\":\"ReadAction\",\"target\":[\"https:\/\/experienciadevida.com.ar\/portalurbano\/el-equipo-de-regularizacion-dominial-estara-en-loma-negra\/\"]}]},{\"@type\":\"BreadcrumbList\",\"@id\":\"https:\/\/experienciadevida.com.ar\/portalurbano\/el-equipo-de-regularizacion-dominial-estara-en-loma-negra\/#breadcrumb\",\"itemListElement\":[{\"@type\":\"ListItem\",\"position\":1,\"name\":\"Portada\",\"item\":\"https:\/\/experienciadevida.com.ar\/portalurbano\/\"},{\"@type\":\"ListItem\",\"position\":2,\"name\":\"El equipo de Regularizaci\u00f3n Dominial estar\u00e1 en Loma Negra\"}]},{\"@type\":\"WebSite\",\"@id\":\"https:\/\/experienciadevida.com.ar\/portalurbano\/#website\",\"url\":\"https:\/\/experienciadevida.com.ar\/portalurbano\/\",\"name\":\"\",\"description\":\"\",\"publisher\":{\"@id\":\"https:\/\/experienciadevida.com.ar\/portalurbano\/#organization\"},\"potentialAction\":[{\"@type\":\"SearchAction\",\"target\":{\"@type\":\"EntryPoint\",\"urlTemplate\":\"https:\/\/experienciadevida.com.ar\/portalurbano\/?s={search_term_string}\"},\"query-input\":\"required name=search_term_string\"}],\"inLanguage\":\"es\"},{\"@type\":\"Organization\",\"@id\":\"https:\/\/experienciadevida.com.ar\/portalurbano\/#organization\",\"name\":\"Portal Urbano\",\"url\":\"https:\/\/experienciadevida.com.ar\/portalurbano\/\",\"logo\":{\"@type\":\"ImageObject\",\"inLanguage\":\"es\",\"@id\":\"https:\/\/experienciadevida.com.ar\/portalurbano\/#\/schema\/logo\/image\/\",\"url\":\"https:\/\/experienciadevida.com.ar\/portalurbano\/wp-content\/uploads\/2019\/09\/Logo-Original.png\",\"contentUrl\":\"https:\/\/experienciadevida.com.ar\/portalurbano\/wp-content\/uploads\/2019\/09\/Logo-Original.png\",\"width\":2236,\"height\":1216,\"caption\":\"Portal Urbano\"},\"image\":{\"@id\":\"https:\/\/experienciadevida.com.ar\/portalurbano\/#\/schema\/logo\/image\/\"},\"sameAs\":[\"https:\/\/www.facebook.com\/Portal-Urbano-171542830093757\/\",\"https:\/\/twitter.com\/portalurbanook\",\"https:\/\/www.instagram.com\/_portalurbano\/\",\"https:\/\/www.youtube.com\/channel\/UCXhagIfszH8KxFiOok79zbA?view_as=subscriber\"]},{\"@type\":\"Person\",\"@id\":\"https:\/\/experienciadevida.com.ar\/portalurbano\/#\/schema\/person\/02dd326b1c4b056e9cc972486934a3a7\",\"name\":\"admpu17wp\",\"image\":{\"@type\":\"ImageObject\",\"inLanguage\":\"es\",\"@id\":\"https:\/\/experienciadevida.com.ar\/portalurbano\/#\/schema\/person\/image\/\",\"url\":\"https:\/\/secure.gravatar.com\/avatar\/830d4c57adaae6630765e449a6908047?s=96&d=mm&r=g\",\"contentUrl\":\"https:\/\/secure.gravatar.com\/avatar\/830d4c57adaae6630765e449a6908047?s=96&d=mm&r=g\",\"caption\":\"admpu17wp\"}}]}<\/script>\n<!-- \/ Yoast SEO plugin. -->","yoast_head_json":{"title":"El equipo de regularizaci\u00f3n dominial estar\u00e1 en Loma Negra","description":"El equipo de Regularizaci\u00f3n Dominial estar\u00e1 en Loma Negra, contin\u00faa el cronograma de atenci\u00f3n en barrios y localidades del Partido","robots":{"index":"index","follow":"follow","max-snippet":"max-snippet:-1","max-image-preview":"max-image-preview:large","max-video-preview":"max-video-preview:-1"},"canonical":"https:\/\/experienciadevida.com.ar\/portalurbano\/el-equipo-de-regularizacion-dominial-estara-en-loma-negra\/","og_locale":"es_ES","og_type":"article","og_title":"El equipo de regularizaci\u00f3n dominial estar\u00e1 en Loma Negra","og_description":"El equipo de Regularizaci\u00f3n Dominial estar\u00e1 en Loma Negra, contin\u00faa el cronograma de atenci\u00f3n en barrios y localidades del Partido","og_url":"https:\/\/experienciadevida.com.ar\/portalurbano\/el-equipo-de-regularizacion-dominial-estara-en-loma-negra\/","article_publisher":"https:\/\/www.facebook.com\/Portal-Urbano-171542830093757\/","article_published_time":"2022-04-24T00:08:32+00:00","article_modified_time":"2022-04-24T00:12:03+00:00","og_image":[{"width":1024,"height":682,"url":"https:\/\/experienciadevida.com.ar\/portalurbano\/wp-content\/uploads\/2022\/04\/Programa-de-Regularizacion-Dominial.jpg","type":"image\/jpeg"}],"author":"admpu17wp","twitter_card":"summary_large_image","twitter_creator":"@portalurbanook","twitter_site":"@portalurbanook","twitter_misc":{"Escrito por":"admpu17wp","Tiempo de lectura":"1 minuto"},"schema":{"@context":"https:\/\/schema.org","@graph":[{"@type":"Article","@id":"https:\/\/experienciadevida.com.ar\/portalurbano\/el-equipo-de-regularizacion-dominial-estara-en-loma-negra\/#article","isPartOf":{"@id":"https:\/\/experienciadevida.com.ar\/portalurbano\/el-equipo-de-regularizacion-dominial-estara-en-loma-negra\/"},"author":{"name":"admpu17wp","@id":"https:\/\/experienciadevida.com.ar\/portalurbano\/#\/schema\/person\/02dd326b1c4b056e9cc972486934a3a7"},"headline":"El equipo de Regularizaci\u00f3n Dominial estar\u00e1 en Loma Negra","datePublished":"2022-04-24T00:08:32+00:00","dateModified":"2022-04-24T00:12:03+00:00","mainEntityOfPage":{"@id":"https:\/\/experienciadevida.com.ar\/portalurbano\/el-equipo-de-regularizacion-dominial-estara-en-loma-negra\/"},"wordCount":203,"publisher":{"@id":"https:\/\/experienciadevida.com.ar\/portalurbano\/#organization"},"articleSection":["Ciudad"],"inLanguage":"es"},{"@type":"WebPage","@id":"https:\/\/experienciadevida.com.ar\/portalurbano\/el-equipo-de-regularizacion-dominial-estara-en-loma-negra\/","url":"https:\/\/experienciadevida.com.ar\/portalurbano\/el-equipo-de-regularizacion-dominial-estara-en-loma-negra\/","name":"El equipo de regularizaci\u00f3n dominial estar\u00e1 en Loma Negra","isPartOf":{"@id":"https:\/\/experienciadevida.com.ar\/portalurbano\/#website"},"datePublished":"2022-04-24T00:08:32+00:00","dateModified":"2022-04-24T00:12:03+00:00","description":"El equipo de Regularizaci\u00f3n Dominial estar\u00e1 en Loma Negra, contin\u00faa el cronograma de atenci\u00f3n en barrios y localidades del Partido","breadcrumb":{"@id":"https:\/\/experienciadevida.com.ar\/portalurbano\/el-equipo-de-regularizacion-dominial-estara-en-loma-negra\/#breadcrumb"},"inLanguage":"es","potentialAction":[{"@type":"ReadAction","target":["https:\/\/experienciadevida.com.ar\/portalurbano\/el-equipo-de-regularizacion-dominial-estara-en-loma-negra\/"]}]},{"@type":"BreadcrumbList","@id":"https:\/\/experienciadevida.com.ar\/portalurbano\/el-equipo-de-regularizacion-dominial-estara-en-loma-negra\/#breadcrumb","itemListElement":[{"@type":"ListItem","position":1,"name":"Portada","item":"https:\/\/experienciadevida.com.ar\/portalurbano\/"},{"@type":"ListItem","position":2,"name":"El equipo de Regularizaci\u00f3n Dominial estar\u00e1 en Loma Negra"}]},{"@type":"WebSite","@id":"https:\/\/experienciadevida.com.ar\/portalurbano\/#website","url":"https:\/\/experienciadevida.com.ar\/portalurbano\/","name":"","description":"","publisher":{"@id":"https:\/\/experienciadevida.com.ar\/portalurbano\/#organization"},"potentialAction":[{"@type":"SearchAction","target":{"@type":"EntryPoint","urlTemplate":"https:\/\/experienciadevida.com.ar\/portalurbano\/?s={search_term_string}"},"query-input":"required name=search_term_string"}],"inLanguage":"es"},{"@type":"Organization","@id":"https:\/\/experienciadevida.com.ar\/portalurbano\/#organization","name":"Portal Urbano","url":"https:\/\/experienciadevida.com.ar\/portalurbano\/","logo":{"@type":"ImageObject","inLanguage":"es","@id":"https:\/\/experienciadevida.com.ar\/portalurbano\/#\/schema\/logo\/image\/","url":"https:\/\/experienciadevida.com.ar\/portalurbano\/wp-content\/uploads\/2019\/09\/Logo-Original.png","contentUrl":"https:\/\/experienciadevida.com.ar\/portalurbano\/wp-content\/uploads\/2019\/09\/Logo-Original.png","width":2236,"height":1216,"caption":"Portal Urbano"},"image":{"@id":"https:\/\/experienciadevida.com.ar\/portalurbano\/#\/schema\/logo\/image\/"},"sameAs":["https:\/\/www.facebook.com\/Portal-Urbano-171542830093757\/","https:\/\/twitter.com\/portalurbanook","https:\/\/www.instagram.com\/_portalurbano\/","https:\/\/www.youtube.com\/channel\/UCXhagIfszH8KxFiOok79zbA?view_as=subscriber"]},{"@type":"Person","@id":"https:\/\/experienciadevida.com.ar\/portalurbano\/#\/schema\/person\/02dd326b1c4b056e9cc972486934a3a7","name":"admpu17wp","image":{"@type":"ImageObject","inLanguage":"es","@id":"https:\/\/experienciadevida.com.ar\/portalurbano\/#\/schema\/person\/image\/","url":"https:\/\/secure.gravatar.com\/avatar\/830d4c57adaae6630765e449a6908047?s=96&d=mm&r=g","contentUrl":"https:\/\/secure.gravatar.com\/avatar\/830d4c57adaae6630765e449a6908047?s=96&d=mm&r=g","caption":"admpu17wp"}}]}},"featured_image_urls":{"full":["https:\/\/experienciadevida.com.ar\/portalurbano\/wp-content\/uploads\/2022\/04\/Programa-de-Regularizacion-Dominial.jpg",1024,682,false],"thumbnail":["https:\/\/experienciadevida.com.ar\/portalurbano\/wp-content\/uploads\/2022\/04\/Programa-de-Regularizacion-Dominial-150x150.jpg",150,150,true],"medium":["https:\/\/experienciadevida.com.ar\/portalurbano\/wp-content\/uploads\/2022\/04\/Programa-de-Regularizacion-Dominial-300x200.jpg",300,200,true],"medium_large":["https:\/\/experienciadevida.com.ar\/portalurbano\/wp-content\/uploads\/2022\/04\/Programa-de-Regularizacion-Dominial-768x512.jpg",640,427,true],"large":["https:\/\/experienciadevida.com.ar\/portalurbano\/wp-content\/uploads\/2022\/04\/Programa-de-Regularizacion-Dominial.jpg",640,426,false],"ug_big":["https:\/\/experienciadevida.com.ar\/portalurbano\/wp-content\/uploads\/2022\/04\/Programa-de-Regularizacion-Dominial-768x512.jpg",768,512,true],"1536x1536":["https:\/\/experienciadevida.com.ar\/portalurbano\/wp-content\/uploads\/2022\/04\/Programa-de-Regularizacion-Dominial.jpg",1024,682,false],"2048x2048":["https:\/\/experienciadevida.com.ar\/portalurbano\/wp-content\/uploads\/2022\/04\/Programa-de-Regularizacion-Dominial.jpg",1024,682,false],"newsever-slider-full":["https:\/\/experienciadevida.com.ar\/portalurbano\/wp-content\/uploads\/2022\/04\/Programa-de-Regularizacion-Dominial.jpg",1024,682,false],"newsever-featured":["https:\/\/experienciadevida.com.ar\/portalurbano\/wp-content\/uploads\/2022\/04\/Programa-de-Regularizacion-Dominial.jpg",1024,682,false],"newsever-medium":["https:\/\/experienciadevida.com.ar\/portalurbano\/wp-content\/uploads\/2022\/04\/Programa-de-Regularizacion-Dominial.jpg",713,475,false],"web-stories-poster-portrait":["https:\/\/experienciadevida.com.ar\/portalurbano\/wp-content\/uploads\/2022\/04\/Programa-de-Regularizacion-Dominial.jpg",640,426,false],"web-stories-publisher-logo":["https:\/\/experienciadevida.com.ar\/portalurbano\/wp-content\/uploads\/2022\/04\/Programa-de-Regularizacion-Dominial.jpg",96,64,false],"web-stories-thumbnail":["https:\/\/experienciadevida.com.ar\/portalurbano\/wp-content\/uploads\/2022\/04\/Programa-de-Regularizacion-Dominial.jpg",150,100,false]},"author_info":{"display_name":"admpu17wp","author_link":"https:\/\/experienciadevida.com.ar\/portalurbano\/author\/admpu17wp\/"},"category_info":"<a href=\"https:\/\/experienciadevida.com.ar\/portalurbano\/category\/ciudad\/\" rel=\"category tag\">Ciudad<\/a>","tag_info":"Ciudad","comment_count":"0","amp_enabled":true,"_links":{"self":[{"href":"https:\/\/experienciadevida.com.ar\/portalurbano\/wp-json\/wp\/v2\/posts\/166331"}],"collection":[{"href":"https:\/\/experienciadevida.com.ar\/portalurbano\/wp-json\/wp\/v2\/posts"}],"about":[{"href":"https:\/\/experienciadevida.com.ar\/portalurbano\/wp-json\/wp\/v2\/types\/post"}],"author":[{"embeddable":true,"href":"https:\/\/experienciadevida.com.ar\/portalurbano\/wp-json\/wp\/v2\/users\/1"}],"replies":[{"embeddable":true,"href":"https:\/\/experienciadevida.com.ar\/portalurbano\/wp-json\/wp\/v2\/comments?post=166331"}],"version-history":[{"count":2,"href":"https:\/\/experienciadevida.com.ar\/portalurbano\/wp-json\/wp\/v2\/posts\/166331\/revisions"}],"predecessor-version":[{"id":166334,"href":"https:\/\/experienciadevida.com.ar\/portalurbano\/wp-json\/wp\/v2\/posts\/166331\/revisions\/166334"}],"wp:featuredmedia":[{"embeddable":true,"href":"https:\/\/experienciadevida.com.ar\/portalurbano\/wp-json\/wp\/v2\/media\/165355"}],"wp:attachment":[{"href":"https:\/\/experienciadevida.com.ar\/portalurbano\/wp-json\/wp\/v2\/media?parent=166331"}],"wp:term":[{"taxonomy":"category","embeddable":true,"href":"https:\/\/experienciadevida.com.ar\/portalurbano\/wp-json\/wp\/v2\/categories?post=166331"},{"taxonomy":"post_tag","embeddable":true,"href":"https:\/\/experienciadevida.com.ar\/portalurbano\/wp-json\/wp\/v2\/tags?post=166331"}],"curies":[{"name":"wp","href":"https:\/\/api.w.org\/{rel}","templated":true}]}}