{"id":166284,"date":"2022-04-23T12:20:09","date_gmt":"2022-04-23T15:20:09","guid":{"rendered":"https:\/\/experienciadevida.com.ar\/portalurbano\/?p=166284"},"modified":"2022-04-23T12:20:45","modified_gmt":"2022-04-23T15:20:45","slug":"en-el-marco-del-ciclo-de-charlas-y-conferencias-2022-se-hara-una-charla-sobre-meteorologia","status":"publish","type":"post","link":"https:\/\/experienciadevida.com.ar\/portalurbano\/en-el-marco-del-ciclo-de-charlas-y-conferencias-2022-se-hara-una-charla-sobre-meteorologia\/","title":{"rendered":"En el marco del \u201cCiclo de charlas y conferencias 2022\u201d se har\u00e1 una charla sobre Meteorolog\u00eda"},"content":{"rendered":"<p>En el marco del \u201cCiclo de charlas y conferencias 2022\u201d se har\u00e1 una charla sobre Meteorolog\u00eda, la misma ser\u00e1 dictada por la jefa de la Estaci\u00f3n Meteorol\u00f3gica de Olavarr\u00eda Alicia Pucciarelli y tendr\u00e1 lugar el jueves 28 de abril a las 19:30 hs. en el Sal\u00f3n Audit\u00f3rium de Coopelectric (Belgrano N\u00ba 2850).<\/p>\n<p>Las estaciones meteorol\u00f3gicas brindan pron\u00f3sticos, prospectivas clim\u00e1ticas y alertas en su \u00e1rea de incumbencia con la finalidad de proteger a la poblaci\u00f3n y que los ciudadanos est\u00e9n informados para tomar decisiones en funci\u00f3n de los riesgos y del cambio clim\u00e1tico. Para ello, basan su labor en el monitoreo continuo de la atm\u00f3sfera y en el conocimiento cient\u00edfico.<\/p>\n<p>Sobre la importancia de este Servicio, el funcionamiento de la Estaci\u00f3n Meteorol\u00f3gica de Olavarr\u00eda y el v\u00ednculo con el Servicio Meteorol\u00f3gico Nacional se referir\u00e1 Alicia Pucciarelli. La especialista en la materia recorrer\u00e1 datos relevantes sobre los 34 a\u00f1os de historia con los que cuenta la Estaci\u00f3n local, explicar\u00e1 la labor que llevan a cabo los Observadores, el impacto que ello tiene en nuestra vida cotidiana y al mismo tiempo abordar\u00e1 cuestiones vinculadas al vocabulario meteorol\u00f3gico que circula en los medios de comunicaci\u00f3n.<\/p>\n<p>La entrada ser\u00e1 de car\u00e1cter libre y gratuita, por lo que se invita a participar a la comunidad en general.<\/p>\n","protected":false},"excerpt":{"rendered":"<p>En el marco del \u201cCiclo de charlas y conferencias 2022\u201d se har\u00e1 una charla sobre&#8230;<\/p>\n","protected":false},"author":1,"featured_media":166285,"comment_status":"closed","ping_status":"closed","sticky":false,"template":"","format":"standard","meta":{"content-type":""},"categories":[27],"tags":[],"nelio_content":{"isAutoShareEnabled":false,"autoShareEndMode":"default","automationSources":{"useContentSentences":true,"useSocialTemplates":true,"useCustomSentences":false,"customSentences":[]},"followers":[1],"suggestedReferences":[],"includedReferences":[],"efiUrl":"","efiAlt":"","highlights":[]},"yoast_head":"<!-- This site is optimized with the Yoast SEO plugin v20.7 - https:\/\/yoast.com\/wordpress\/plugins\/seo\/ -->\n<title>En el marco del ciclo de charlas se har\u00e1 una sobre meteorolog\u00eda<\/title>\n<meta name=\"description\" content=\"En el marco del \u201cCiclo de charlas y conferencias 2022\u201d se har\u00e1 una charla sobre Meteorolog\u00eda, la misma ser\u00e1 dictada por Alicia Pucciarelli\" \/>\n<meta name=\"robots\" content=\"index, follow, max-snippet:-1, max-image-preview:large, max-video-preview:-1\" \/>\n<link rel=\"canonical\" href=\"https:\/\/experienciadevida.com.ar\/portalurbano\/en-el-marco-del-ciclo-de-charlas-y-conferencias-2022-se-hara-una-charla-sobre-meteorologia\/\" \/>\n<meta property=\"og:locale\" content=\"es_ES\" \/>\n<meta property=\"og:type\" content=\"article\" \/>\n<meta property=\"og:title\" content=\"En el marco del ciclo de charlas se har\u00e1 una sobre meteorolog\u00eda\" \/>\n<meta property=\"og:description\" content=\"En el marco del \u201cCiclo de charlas y conferencias 2022\u201d se har\u00e1 una charla sobre Meteorolog\u00eda, la misma ser\u00e1 dictada por Alicia Pucciarelli\" \/>\n<meta property=\"og:url\" content=\"https:\/\/experienciadevida.com.ar\/portalurbano\/en-el-marco-del-ciclo-de-charlas-y-conferencias-2022-se-hara-una-charla-sobre-meteorologia\/\" \/>\n<meta property=\"article:publisher\" content=\"https:\/\/www.facebook.com\/Portal-Urbano-171542830093757\/\" \/>\n<meta property=\"article:published_time\" content=\"2022-04-23T15:20:09+00:00\" \/>\n<meta property=\"article:modified_time\" content=\"2022-04-23T15:20:45+00:00\" \/>\n<meta property=\"og:image\" content=\"https:\/\/experienciadevida.com.ar\/portalurbano\/wp-content\/uploads\/2022\/04\/En-el-marco-del.jpeg\" \/>\n\t<meta property=\"og:image:width\" content=\"831\" \/>\n\t<meta property=\"og:image:height\" content=\"1188\" \/>\n\t<meta property=\"og:image:type\" content=\"image\/jpeg\" \/>\n<meta name=\"author\" content=\"admpu17wp\" \/>\n<meta name=\"twitter:card\" content=\"summary_large_image\" \/>\n<meta name=\"twitter:creator\" content=\"@portalurbanook\" \/>\n<meta name=\"twitter:site\" content=\"@portalurbanook\" \/>\n<meta name=\"twitter:label1\" content=\"Escrito por\" \/>\n\t<meta name=\"twitter:data1\" content=\"admpu17wp\" \/>\n\t<meta name=\"twitter:label2\" content=\"Tiempo de lectura\" \/>\n\t<meta name=\"twitter:data2\" content=\"1 minuto\" \/>\n<script type=\"application\/ld+json\" class=\"yoast-schema-graph\">{\"@context\":\"https:\/\/schema.org\",\"@graph\":[{\"@type\":\"Article\",\"@id\":\"https:\/\/experienciadevida.com.ar\/portalurbano\/en-el-marco-del-ciclo-de-charlas-y-conferencias-2022-se-hara-una-charla-sobre-meteorologia\/#article\",\"isPartOf\":{\"@id\":\"https:\/\/experienciadevida.com.ar\/portalurbano\/en-el-marco-del-ciclo-de-charlas-y-conferencias-2022-se-hara-una-charla-sobre-meteorologia\/\"},\"author\":{\"name\":\"admpu17wp\",\"@id\":\"https:\/\/experienciadevida.com.ar\/portalurbano\/#\/schema\/person\/02dd326b1c4b056e9cc972486934a3a7\"},\"headline\":\"En el marco del \u201cCiclo de charlas y conferencias 2022\u201d se har\u00e1 una charla sobre Meteorolog\u00eda\",\"datePublished\":\"2022-04-23T15:20:09+00:00\",\"dateModified\":\"2022-04-23T15:20:45+00:00\",\"mainEntityOfPage\":{\"@id\":\"https:\/\/experienciadevida.com.ar\/portalurbano\/en-el-marco-del-ciclo-de-charlas-y-conferencias-2022-se-hara-una-charla-sobre-meteorologia\/\"},\"wordCount\":247,\"publisher\":{\"@id\":\"https:\/\/experienciadevida.com.ar\/portalurbano\/#organization\"},\"articleSection\":[\"Ciudad\"],\"inLanguage\":\"es\"},{\"@type\":\"WebPage\",\"@id\":\"https:\/\/experienciadevida.com.ar\/portalurbano\/en-el-marco-del-ciclo-de-charlas-y-conferencias-2022-se-hara-una-charla-sobre-meteorologia\/\",\"url\":\"https:\/\/experienciadevida.com.ar\/portalurbano\/en-el-marco-del-ciclo-de-charlas-y-conferencias-2022-se-hara-una-charla-sobre-meteorologia\/\",\"name\":\"En el marco del ciclo de charlas se har\u00e1 una sobre meteorolog\u00eda\",\"isPartOf\":{\"@id\":\"https:\/\/experienciadevida.com.ar\/portalurbano\/#website\"},\"datePublished\":\"2022-04-23T15:20:09+00:00\",\"dateModified\":\"2022-04-23T15:20:45+00:00\",\"description\":\"En el marco del \u201cCiclo de charlas y conferencias 2022\u201d se har\u00e1 una charla sobre Meteorolog\u00eda, la misma ser\u00e1 dictada por Alicia Pucciarelli\",\"breadcrumb\":{\"@id\":\"https:\/\/experienciadevida.com.ar\/portalurbano\/en-el-marco-del-ciclo-de-charlas-y-conferencias-2022-se-hara-una-charla-sobre-meteorologia\/#breadcrumb\"},\"inLanguage\":\"es\",\"potentialAction\":[{\"@type\":\"ReadAction\",\"target\":[\"https:\/\/experienciadevida.com.ar\/portalurbano\/en-el-marco-del-ciclo-de-charlas-y-conferencias-2022-se-hara-una-charla-sobre-meteorologia\/\"]}]},{\"@type\":\"BreadcrumbList\",\"@id\":\"https:\/\/experienciadevida.com.ar\/portalurbano\/en-el-marco-del-ciclo-de-charlas-y-conferencias-2022-se-hara-una-charla-sobre-meteorologia\/#breadcrumb\",\"itemListElement\":[{\"@type\":\"ListItem\",\"position\":1,\"name\":\"Portada\",\"item\":\"https:\/\/experienciadevida.com.ar\/portalurbano\/\"},{\"@type\":\"ListItem\",\"position\":2,\"name\":\"En el marco del \u201cCiclo de charlas y conferencias 2022\u201d se har\u00e1 una charla sobre Meteorolog\u00eda\"}]},{\"@type\":\"WebSite\",\"@id\":\"https:\/\/experienciadevida.com.ar\/portalurbano\/#website\",\"url\":\"https:\/\/experienciadevida.com.ar\/portalurbano\/\",\"name\":\"\",\"description\":\"\",\"publisher\":{\"@id\":\"https:\/\/experienciadevida.com.ar\/portalurbano\/#organization\"},\"potentialAction\":[{\"@type\":\"SearchAction\",\"target\":{\"@type\":\"EntryPoint\",\"urlTemplate\":\"https:\/\/experienciadevida.com.ar\/portalurbano\/?s={search_term_string}\"},\"query-input\":\"required name=search_term_string\"}],\"inLanguage\":\"es\"},{\"@type\":\"Organization\",\"@id\":\"https:\/\/experienciadevida.com.ar\/portalurbano\/#organization\",\"name\":\"Portal Urbano\",\"url\":\"https:\/\/experienciadevida.com.ar\/portalurbano\/\",\"logo\":{\"@type\":\"ImageObject\",\"inLanguage\":\"es\",\"@id\":\"https:\/\/experienciadevida.com.ar\/portalurbano\/#\/schema\/logo\/image\/\",\"url\":\"https:\/\/experienciadevida.com.ar\/portalurbano\/wp-content\/uploads\/2019\/09\/Logo-Original.png\",\"contentUrl\":\"https:\/\/experienciadevida.com.ar\/portalurbano\/wp-content\/uploads\/2019\/09\/Logo-Original.png\",\"width\":2236,\"height\":1216,\"caption\":\"Portal Urbano\"},\"image\":{\"@id\":\"https:\/\/experienciadevida.com.ar\/portalurbano\/#\/schema\/logo\/image\/\"},\"sameAs\":[\"https:\/\/www.facebook.com\/Portal-Urbano-171542830093757\/\",\"https:\/\/twitter.com\/portalurbanook\",\"https:\/\/www.instagram.com\/_portalurbano\/\",\"https:\/\/www.youtube.com\/channel\/UCXhagIfszH8KxFiOok79zbA?view_as=subscriber\"]},{\"@type\":\"Person\",\"@id\":\"https:\/\/experienciadevida.com.ar\/portalurbano\/#\/schema\/person\/02dd326b1c4b056e9cc972486934a3a7\",\"name\":\"admpu17wp\",\"image\":{\"@type\":\"ImageObject\",\"inLanguage\":\"es\",\"@id\":\"https:\/\/experienciadevida.com.ar\/portalurbano\/#\/schema\/person\/image\/\",\"url\":\"https:\/\/secure.gravatar.com\/avatar\/830d4c57adaae6630765e449a6908047?s=96&d=mm&r=g\",\"contentUrl\":\"https:\/\/secure.gravatar.com\/avatar\/830d4c57adaae6630765e449a6908047?s=96&d=mm&r=g\",\"caption\":\"admpu17wp\"}}]}<\/script>\n<!-- \/ Yoast SEO plugin. -->","yoast_head_json":{"title":"En el marco del ciclo de charlas se har\u00e1 una sobre meteorolog\u00eda","description":"En el marco del \u201cCiclo de charlas y conferencias 2022\u201d se har\u00e1 una charla sobre Meteorolog\u00eda, la misma ser\u00e1 dictada por Alicia Pucciarelli","robots":{"index":"index","follow":"follow","max-snippet":"max-snippet:-1","max-image-preview":"max-image-preview:large","max-video-preview":"max-video-preview:-1"},"canonical":"https:\/\/experienciadevida.com.ar\/portalurbano\/en-el-marco-del-ciclo-de-charlas-y-conferencias-2022-se-hara-una-charla-sobre-meteorologia\/","og_locale":"es_ES","og_type":"article","og_title":"En el marco del ciclo de charlas se har\u00e1 una sobre meteorolog\u00eda","og_description":"En el marco del \u201cCiclo de charlas y conferencias 2022\u201d se har\u00e1 una charla sobre Meteorolog\u00eda, la misma ser\u00e1 dictada por Alicia Pucciarelli","og_url":"https:\/\/experienciadevida.com.ar\/portalurbano\/en-el-marco-del-ciclo-de-charlas-y-conferencias-2022-se-hara-una-charla-sobre-meteorologia\/","article_publisher":"https:\/\/www.facebook.com\/Portal-Urbano-171542830093757\/","article_published_time":"2022-04-23T15:20:09+00:00","article_modified_time":"2022-04-23T15:20:45+00:00","og_image":[{"width":831,"height":1188,"url":"https:\/\/experienciadevida.com.ar\/portalurbano\/wp-content\/uploads\/2022\/04\/En-el-marco-del.jpeg","type":"image\/jpeg"}],"author":"admpu17wp","twitter_card":"summary_large_image","twitter_creator":"@portalurbanook","twitter_site":"@portalurbanook","twitter_misc":{"Escrito por":"admpu17wp","Tiempo de lectura":"1 minuto"},"schema":{"@context":"https:\/\/schema.org","@graph":[{"@type":"Article","@id":"https:\/\/experienciadevida.com.ar\/portalurbano\/en-el-marco-del-ciclo-de-charlas-y-conferencias-2022-se-hara-una-charla-sobre-meteorologia\/#article","isPartOf":{"@id":"https:\/\/experienciadevida.com.ar\/portalurbano\/en-el-marco-del-ciclo-de-charlas-y-conferencias-2022-se-hara-una-charla-sobre-meteorologia\/"},"author":{"name":"admpu17wp","@id":"https:\/\/experienciadevida.com.ar\/portalurbano\/#\/schema\/person\/02dd326b1c4b056e9cc972486934a3a7"},"headline":"En el marco del \u201cCiclo de charlas y conferencias 2022\u201d se har\u00e1 una charla sobre Meteorolog\u00eda","datePublished":"2022-04-23T15:20:09+00:00","dateModified":"2022-04-23T15:20:45+00:00","mainEntityOfPage":{"@id":"https:\/\/experienciadevida.com.ar\/portalurbano\/en-el-marco-del-ciclo-de-charlas-y-conferencias-2022-se-hara-una-charla-sobre-meteorologia\/"},"wordCount":247,"publisher":{"@id":"https:\/\/experienciadevida.com.ar\/portalurbano\/#organization"},"articleSection":["Ciudad"],"inLanguage":"es"},{"@type":"WebPage","@id":"https:\/\/experienciadevida.com.ar\/portalurbano\/en-el-marco-del-ciclo-de-charlas-y-conferencias-2022-se-hara-una-charla-sobre-meteorologia\/","url":"https:\/\/experienciadevida.com.ar\/portalurbano\/en-el-marco-del-ciclo-de-charlas-y-conferencias-2022-se-hara-una-charla-sobre-meteorologia\/","name":"En el marco del ciclo de charlas se har\u00e1 una sobre meteorolog\u00eda","isPartOf":{"@id":"https:\/\/experienciadevida.com.ar\/portalurbano\/#website"},"datePublished":"2022-04-23T15:20:09+00:00","dateModified":"2022-04-23T15:20:45+00:00","description":"En el marco del \u201cCiclo de charlas y conferencias 2022\u201d se har\u00e1 una charla sobre Meteorolog\u00eda, la misma ser\u00e1 dictada por Alicia Pucciarelli","breadcrumb":{"@id":"https:\/\/experienciadevida.com.ar\/portalurbano\/en-el-marco-del-ciclo-de-charlas-y-conferencias-2022-se-hara-una-charla-sobre-meteorologia\/#breadcrumb"},"inLanguage":"es","potentialAction":[{"@type":"ReadAction","target":["https:\/\/experienciadevida.com.ar\/portalurbano\/en-el-marco-del-ciclo-de-charlas-y-conferencias-2022-se-hara-una-charla-sobre-meteorologia\/"]}]},{"@type":"BreadcrumbList","@id":"https:\/\/experienciadevida.com.ar\/portalurbano\/en-el-marco-del-ciclo-de-charlas-y-conferencias-2022-se-hara-una-charla-sobre-meteorologia\/#breadcrumb","itemListElement":[{"@type":"ListItem","position":1,"name":"Portada","item":"https:\/\/experienciadevida.com.ar\/portalurbano\/"},{"@type":"ListItem","position":2,"name":"En el marco del \u201cCiclo de charlas y conferencias 2022\u201d se har\u00e1 una charla sobre Meteorolog\u00eda"}]},{"@type":"WebSite","@id":"https:\/\/experienciadevida.com.ar\/portalurbano\/#website","url":"https:\/\/experienciadevida.com.ar\/portalurbano\/","name":"","description":"","publisher":{"@id":"https:\/\/experienciadevida.com.ar\/portalurbano\/#organization"},"potentialAction":[{"@type":"SearchAction","target":{"@type":"EntryPoint","urlTemplate":"https:\/\/experienciadevida.com.ar\/portalurbano\/?s={search_term_string}"},"query-input":"required name=search_term_string"}],"inLanguage":"es"},{"@type":"Organization","@id":"https:\/\/experienciadevida.com.ar\/portalurbano\/#organization","name":"Portal Urbano","url":"https:\/\/experienciadevida.com.ar\/portalurbano\/","logo":{"@type":"ImageObject","inLanguage":"es","@id":"https:\/\/experienciadevida.com.ar\/portalurbano\/#\/schema\/logo\/image\/","url":"https:\/\/experienciadevida.com.ar\/portalurbano\/wp-content\/uploads\/2019\/09\/Logo-Original.png","contentUrl":"https:\/\/experienciadevida.com.ar\/portalurbano\/wp-content\/uploads\/2019\/09\/Logo-Original.png","width":2236,"height":1216,"caption":"Portal Urbano"},"image":{"@id":"https:\/\/experienciadevida.com.ar\/portalurbano\/#\/schema\/logo\/image\/"},"sameAs":["https:\/\/www.facebook.com\/Portal-Urbano-171542830093757\/","https:\/\/twitter.com\/portalurbanook","https:\/\/www.instagram.com\/_portalurbano\/","https:\/\/www.youtube.com\/channel\/UCXhagIfszH8KxFiOok79zbA?view_as=subscriber"]},{"@type":"Person","@id":"https:\/\/experienciadevida.com.ar\/portalurbano\/#\/schema\/person\/02dd326b1c4b056e9cc972486934a3a7","name":"admpu17wp","image":{"@type":"ImageObject","inLanguage":"es","@id":"https:\/\/experienciadevida.com.ar\/portalurbano\/#\/schema\/person\/image\/","url":"https:\/\/secure.gravatar.com\/avatar\/830d4c57adaae6630765e449a6908047?s=96&d=mm&r=g","contentUrl":"https:\/\/secure.gravatar.com\/avatar\/830d4c57adaae6630765e449a6908047?s=96&d=mm&r=g","caption":"admpu17wp"}}]}},"featured_image_urls":{"full":["https:\/\/experienciadevida.com.ar\/portalurbano\/wp-content\/uploads\/2022\/04\/En-el-marco-del.jpeg",831,1188,false],"thumbnail":["https:\/\/experienciadevida.com.ar\/portalurbano\/wp-content\/uploads\/2022\/04\/En-el-marco-del-150x150.jpeg",150,150,true],"medium":["https:\/\/experienciadevida.com.ar\/portalurbano\/wp-content\/uploads\/2022\/04\/En-el-marco-del-210x300.jpeg",210,300,true],"medium_large":["https:\/\/experienciadevida.com.ar\/portalurbano\/wp-content\/uploads\/2022\/04\/En-el-marco-del-768x1098.jpeg",640,915,true],"large":["https:\/\/experienciadevida.com.ar\/portalurbano\/wp-content\/uploads\/2022\/04\/En-el-marco-del-716x1024.jpeg",640,915,true],"ug_big":["https:\/\/experienciadevida.com.ar\/portalurbano\/wp-content\/uploads\/2022\/04\/En-el-marco-del-537x768.jpeg",537,768,true],"1536x1536":["https:\/\/experienciadevida.com.ar\/portalurbano\/wp-content\/uploads\/2022\/04\/En-el-marco-del.jpeg",831,1188,false],"2048x2048":["https:\/\/experienciadevida.com.ar\/portalurbano\/wp-content\/uploads\/2022\/04\/En-el-marco-del.jpeg",831,1188,false],"newsever-slider-full":["https:\/\/experienciadevida.com.ar\/portalurbano\/wp-content\/uploads\/2022\/04\/En-el-marco-del.jpeg",591,845,false],"newsever-featured":["https:\/\/experienciadevida.com.ar\/portalurbano\/wp-content\/uploads\/2022\/04\/En-el-marco-del.jpeg",831,1188,false],"newsever-medium":["https:\/\/experienciadevida.com.ar\/portalurbano\/wp-content\/uploads\/2022\/04\/En-el-marco-del.jpeg",332,475,false],"web-stories-poster-portrait":["https:\/\/experienciadevida.com.ar\/portalurbano\/wp-content\/uploads\/2022\/04\/En-el-marco-del.jpeg",597,853,false],"web-stories-publisher-logo":["https:\/\/experienciadevida.com.ar\/portalurbano\/wp-content\/uploads\/2022\/04\/En-el-marco-del.jpeg",67,96,false],"web-stories-thumbnail":["https:\/\/experienciadevida.com.ar\/portalurbano\/wp-content\/uploads\/2022\/04\/En-el-marco-del.jpeg",150,214,false]},"author_info":{"display_name":"admpu17wp","author_link":"https:\/\/experienciadevida.com.ar\/portalurbano\/author\/admpu17wp\/"},"category_info":"<a href=\"https:\/\/experienciadevida.com.ar\/portalurbano\/category\/ciudad\/\" rel=\"category tag\">Ciudad<\/a>","tag_info":"Ciudad","comment_count":"0","amp_enabled":true,"_links":{"self":[{"href":"https:\/\/experienciadevida.com.ar\/portalurbano\/wp-json\/wp\/v2\/posts\/166284"}],"collection":[{"href":"https:\/\/experienciadevida.com.ar\/portalurbano\/wp-json\/wp\/v2\/posts"}],"about":[{"href":"https:\/\/experienciadevida.com.ar\/portalurbano\/wp-json\/wp\/v2\/types\/post"}],"author":[{"embeddable":true,"href":"https:\/\/experienciadevida.com.ar\/portalurbano\/wp-json\/wp\/v2\/users\/1"}],"replies":[{"embeddable":true,"href":"https:\/\/experienciadevida.com.ar\/portalurbano\/wp-json\/wp\/v2\/comments?post=166284"}],"version-history":[{"count":1,"href":"https:\/\/experienciadevida.com.ar\/portalurbano\/wp-json\/wp\/v2\/posts\/166284\/revisions"}],"predecessor-version":[{"id":166286,"href":"https:\/\/experienciadevida.com.ar\/portalurbano\/wp-json\/wp\/v2\/posts\/166284\/revisions\/166286"}],"wp:featuredmedia":[{"embeddable":true,"href":"https:\/\/experienciadevida.com.ar\/portalurbano\/wp-json\/wp\/v2\/media\/166285"}],"wp:attachment":[{"href":"https:\/\/experienciadevida.com.ar\/portalurbano\/wp-json\/wp\/v2\/media?parent=166284"}],"wp:term":[{"taxonomy":"category","embeddable":true,"href":"https:\/\/experienciadevida.com.ar\/portalurbano\/wp-json\/wp\/v2\/categories?post=166284"},{"taxonomy":"post_tag","embeddable":true,"href":"https:\/\/experienciadevida.com.ar\/portalurbano\/wp-json\/wp\/v2\/tags?post=166284"}],"curies":[{"name":"wp","href":"https:\/\/api.w.org\/{rel}","templated":true}]}}