{"id":166281,"date":"2022-04-23T12:12:13","date_gmt":"2022-04-23T15:12:13","guid":{"rendered":"https:\/\/experienciadevida.com.ar\/portalurbano\/?p=166281"},"modified":"2022-04-23T12:16:41","modified_gmt":"2022-04-23T15:16:41","slug":"avanzan-las-obras-en-el-edificio-de-la-calle-espana-de-pinos-de-paz","status":"publish","type":"post","link":"https:\/\/experienciadevida.com.ar\/portalurbano\/avanzan-las-obras-en-el-edificio-de-la-calle-espana-de-pinos-de-paz\/","title":{"rendered":"Avanzan las obras en el edificio de la calle Espa\u00f1a de Pinos de paz"},"content":{"rendered":"<p>Avanzan las obras en el edificio de la calle Espa\u00f1a, con la premisa de brindar una excelente prestaci\u00f3n y calidad de servicio a las familias de Olavarr\u00eda y las localidades, avanza el proyecto de remodelaci\u00f3n y ampliaci\u00f3n del edificio de Pinos de Paz ubicado en Espa\u00f1a N\u00b0 2942.<\/p>\n<p>La obra fue divida en etapas y pr\u00f3ximamente culminar\u00e1 la remodelaci\u00f3n de las actuales Salas A y B que tienen acceso por calle Espa\u00f1a y la construcci\u00f3n de otras dos salas velatorias que ser\u00e1n anexadas al Servicio. De acuerdo al avance de las tareas, se estima que en el mes de junio ser\u00e1n habilitadas estas nuevas instalaciones.<\/p>\n<p>El trabajo de infraestructura comenz\u00f3 a ejecutarse a fines del a\u00f1o 2021 con la nivelaci\u00f3n del terreno, la apertura de los cimientos y la colocaci\u00f3n de hierros para columnas y bases fundacionales. Posteriormente se llevaron a cabo las tareas de construcci\u00f3n de las nuevas salas, el techado de las mismas, se colocaron aberturas, pisos y revestimientos, se realizaron tareas el\u00e9ctricas y de plomer\u00eda, se instalaron grifer\u00edas, sanitarios, aires acondicionados, entre otras cosas.<\/p>\n<p>Una vez finalizada la etapa que se encuentra en proceso se dar\u00e1 inici\u00f3 a la siguiente fase, dado que el proyecto contempla adem\u00e1s la construcci\u00f3n de un dep\u00f3sito para ata\u00fades con una capacidad de 100 a 150 unidades en el primer piso con acceso por autoelevador; estacionamiento, remodelaci\u00f3n y reubicaci\u00f3n de oficinas administrativas, ba\u00f1os y vestuarios para el personal.<\/p>\n<p>\u201cEsta inversi\u00f3n pone de manifiesto el compromiso asumido con las familias adheridas a los Servicios de Velatorio, trabajamos d\u00eda a d\u00eda para mejorar la calidad de nuestra prestaci\u00f3n\u201d sostuvo el presidente del Directorio de Pinos<br \/>\nde Paz Jos\u00e9 Maceo.<\/p>\n<p>En tanto, el presidente del Consejo de Administraci\u00f3n de Coopelectric expres\u00f3 \u201ces una satisfacci\u00f3n ver materializado el trabajo que se planifica desde Pinos de Paz\u201d y finalmente a\u00f1adi\u00f3 \u201ces muy importante brindar un espacio confortable y una gran calidad de atenci\u00f3n a las familias que atraviesan la p\u00e9rdida de un ser querido\u201d.<\/p>\n","protected":false},"excerpt":{"rendered":"<p>Avanzan las obras en el edificio de la calle Espa\u00f1a, con la premisa de brindar&#8230;<\/p>\n","protected":false},"author":1,"featured_media":166282,"comment_status":"closed","ping_status":"closed","sticky":false,"template":"","format":"standard","meta":{"content-type":""},"categories":[27],"tags":[],"nelio_content":{"isAutoShareEnabled":false,"autoShareEndMode":"default","automationSources":{"useContentSentences":true,"useSocialTemplates":true,"useCustomSentences":false,"customSentences":[]},"followers":[1],"suggestedReferences":[],"includedReferences":[],"efiUrl":"","efiAlt":"","highlights":[]},"yoast_head":"<!-- This site is optimized with the Yoast SEO plugin v20.7 - https:\/\/yoast.com\/wordpress\/plugins\/seo\/ -->\n<title>Avanzan las obras en el edificio de la calle Espa\u00f1a Pinos de paz<\/title>\n<meta name=\"description\" content=\"Avanzan las obras en el edificio de la calle Espa\u00f1a, con la premisa de brindar una excelente prestaci\u00f3n y calidad de servicio\" \/>\n<meta name=\"robots\" content=\"index, follow, max-snippet:-1, max-image-preview:large, max-video-preview:-1\" \/>\n<link rel=\"canonical\" href=\"https:\/\/experienciadevida.com.ar\/portalurbano\/avanzan-las-obras-en-el-edificio-de-la-calle-espana-de-pinos-de-paz\/\" \/>\n<meta property=\"og:locale\" content=\"es_ES\" \/>\n<meta property=\"og:type\" content=\"article\" \/>\n<meta property=\"og:title\" content=\"Avanzan las obras en el edificio de la calle Espa\u00f1a Pinos de paz\" \/>\n<meta property=\"og:description\" content=\"Avanzan las obras en el edificio de la calle Espa\u00f1a, con la premisa de brindar una excelente prestaci\u00f3n y calidad de servicio\" \/>\n<meta property=\"og:url\" content=\"https:\/\/experienciadevida.com.ar\/portalurbano\/avanzan-las-obras-en-el-edificio-de-la-calle-espana-de-pinos-de-paz\/\" \/>\n<meta property=\"article:publisher\" content=\"https:\/\/www.facebook.com\/Portal-Urbano-171542830093757\/\" \/>\n<meta property=\"article:published_time\" content=\"2022-04-23T15:12:13+00:00\" \/>\n<meta property=\"article:modified_time\" content=\"2022-04-23T15:16:41+00:00\" \/>\n<meta property=\"og:image\" content=\"https:\/\/experienciadevida.com.ar\/portalurbano\/wp-content\/uploads\/2022\/04\/Avanzan-las-obras-en.jpeg\" \/>\n\t<meta property=\"og:image:width\" content=\"1280\" \/>\n\t<meta property=\"og:image:height\" content=\"576\" \/>\n\t<meta property=\"og:image:type\" content=\"image\/jpeg\" \/>\n<meta name=\"author\" content=\"admpu17wp\" \/>\n<meta name=\"twitter:card\" content=\"summary_large_image\" \/>\n<meta name=\"twitter:creator\" content=\"@portalurbanook\" \/>\n<meta name=\"twitter:site\" content=\"@portalurbanook\" \/>\n<meta name=\"twitter:label1\" content=\"Escrito por\" \/>\n\t<meta name=\"twitter:data1\" content=\"admpu17wp\" \/>\n\t<meta name=\"twitter:label2\" content=\"Tiempo de lectura\" \/>\n\t<meta name=\"twitter:data2\" content=\"2 minutos\" \/>\n<script type=\"application\/ld+json\" class=\"yoast-schema-graph\">{\"@context\":\"https:\/\/schema.org\",\"@graph\":[{\"@type\":\"Article\",\"@id\":\"https:\/\/experienciadevida.com.ar\/portalurbano\/avanzan-las-obras-en-el-edificio-de-la-calle-espana-de-pinos-de-paz\/#article\",\"isPartOf\":{\"@id\":\"https:\/\/experienciadevida.com.ar\/portalurbano\/avanzan-las-obras-en-el-edificio-de-la-calle-espana-de-pinos-de-paz\/\"},\"author\":{\"name\":\"admpu17wp\",\"@id\":\"https:\/\/experienciadevida.com.ar\/portalurbano\/#\/schema\/person\/02dd326b1c4b056e9cc972486934a3a7\"},\"headline\":\"Avanzan las obras en el edificio de la calle Espa\u00f1a de Pinos de paz\",\"datePublished\":\"2022-04-23T15:12:13+00:00\",\"dateModified\":\"2022-04-23T15:16:41+00:00\",\"mainEntityOfPage\":{\"@id\":\"https:\/\/experienciadevida.com.ar\/portalurbano\/avanzan-las-obras-en-el-edificio-de-la-calle-espana-de-pinos-de-paz\/\"},\"wordCount\":373,\"publisher\":{\"@id\":\"https:\/\/experienciadevida.com.ar\/portalurbano\/#organization\"},\"articleSection\":[\"Ciudad\"],\"inLanguage\":\"es\"},{\"@type\":\"WebPage\",\"@id\":\"https:\/\/experienciadevida.com.ar\/portalurbano\/avanzan-las-obras-en-el-edificio-de-la-calle-espana-de-pinos-de-paz\/\",\"url\":\"https:\/\/experienciadevida.com.ar\/portalurbano\/avanzan-las-obras-en-el-edificio-de-la-calle-espana-de-pinos-de-paz\/\",\"name\":\"Avanzan las obras en el edificio de la calle Espa\u00f1a Pinos de paz\",\"isPartOf\":{\"@id\":\"https:\/\/experienciadevida.com.ar\/portalurbano\/#website\"},\"datePublished\":\"2022-04-23T15:12:13+00:00\",\"dateModified\":\"2022-04-23T15:16:41+00:00\",\"description\":\"Avanzan las obras en el edificio de la calle Espa\u00f1a, con la premisa de brindar una excelente prestaci\u00f3n y calidad de servicio\",\"breadcrumb\":{\"@id\":\"https:\/\/experienciadevida.com.ar\/portalurbano\/avanzan-las-obras-en-el-edificio-de-la-calle-espana-de-pinos-de-paz\/#breadcrumb\"},\"inLanguage\":\"es\",\"potentialAction\":[{\"@type\":\"ReadAction\",\"target\":[\"https:\/\/experienciadevida.com.ar\/portalurbano\/avanzan-las-obras-en-el-edificio-de-la-calle-espana-de-pinos-de-paz\/\"]}]},{\"@type\":\"BreadcrumbList\",\"@id\":\"https:\/\/experienciadevida.com.ar\/portalurbano\/avanzan-las-obras-en-el-edificio-de-la-calle-espana-de-pinos-de-paz\/#breadcrumb\",\"itemListElement\":[{\"@type\":\"ListItem\",\"position\":1,\"name\":\"Portada\",\"item\":\"https:\/\/experienciadevida.com.ar\/portalurbano\/\"},{\"@type\":\"ListItem\",\"position\":2,\"name\":\"Avanzan las obras en el edificio de la calle Espa\u00f1a de Pinos de paz\"}]},{\"@type\":\"WebSite\",\"@id\":\"https:\/\/experienciadevida.com.ar\/portalurbano\/#website\",\"url\":\"https:\/\/experienciadevida.com.ar\/portalurbano\/\",\"name\":\"\",\"description\":\"\",\"publisher\":{\"@id\":\"https:\/\/experienciadevida.com.ar\/portalurbano\/#organization\"},\"potentialAction\":[{\"@type\":\"SearchAction\",\"target\":{\"@type\":\"EntryPoint\",\"urlTemplate\":\"https:\/\/experienciadevida.com.ar\/portalurbano\/?s={search_term_string}\"},\"query-input\":\"required name=search_term_string\"}],\"inLanguage\":\"es\"},{\"@type\":\"Organization\",\"@id\":\"https:\/\/experienciadevida.com.ar\/portalurbano\/#organization\",\"name\":\"Portal Urbano\",\"url\":\"https:\/\/experienciadevida.com.ar\/portalurbano\/\",\"logo\":{\"@type\":\"ImageObject\",\"inLanguage\":\"es\",\"@id\":\"https:\/\/experienciadevida.com.ar\/portalurbano\/#\/schema\/logo\/image\/\",\"url\":\"https:\/\/experienciadevida.com.ar\/portalurbano\/wp-content\/uploads\/2019\/09\/Logo-Original.png\",\"contentUrl\":\"https:\/\/experienciadevida.com.ar\/portalurbano\/wp-content\/uploads\/2019\/09\/Logo-Original.png\",\"width\":2236,\"height\":1216,\"caption\":\"Portal Urbano\"},\"image\":{\"@id\":\"https:\/\/experienciadevida.com.ar\/portalurbano\/#\/schema\/logo\/image\/\"},\"sameAs\":[\"https:\/\/www.facebook.com\/Portal-Urbano-171542830093757\/\",\"https:\/\/twitter.com\/portalurbanook\",\"https:\/\/www.instagram.com\/_portalurbano\/\",\"https:\/\/www.youtube.com\/channel\/UCXhagIfszH8KxFiOok79zbA?view_as=subscriber\"]},{\"@type\":\"Person\",\"@id\":\"https:\/\/experienciadevida.com.ar\/portalurbano\/#\/schema\/person\/02dd326b1c4b056e9cc972486934a3a7\",\"name\":\"admpu17wp\",\"image\":{\"@type\":\"ImageObject\",\"inLanguage\":\"es\",\"@id\":\"https:\/\/experienciadevida.com.ar\/portalurbano\/#\/schema\/person\/image\/\",\"url\":\"https:\/\/secure.gravatar.com\/avatar\/830d4c57adaae6630765e449a6908047?s=96&d=mm&r=g\",\"contentUrl\":\"https:\/\/secure.gravatar.com\/avatar\/830d4c57adaae6630765e449a6908047?s=96&d=mm&r=g\",\"caption\":\"admpu17wp\"}}]}<\/script>\n<!-- \/ Yoast SEO plugin. -->","yoast_head_json":{"title":"Avanzan las obras en el edificio de la calle Espa\u00f1a Pinos de paz","description":"Avanzan las obras en el edificio de la calle Espa\u00f1a, con la premisa de brindar una excelente prestaci\u00f3n y calidad de servicio","robots":{"index":"index","follow":"follow","max-snippet":"max-snippet:-1","max-image-preview":"max-image-preview:large","max-video-preview":"max-video-preview:-1"},"canonical":"https:\/\/experienciadevida.com.ar\/portalurbano\/avanzan-las-obras-en-el-edificio-de-la-calle-espana-de-pinos-de-paz\/","og_locale":"es_ES","og_type":"article","og_title":"Avanzan las obras en el edificio de la calle Espa\u00f1a Pinos de paz","og_description":"Avanzan las obras en el edificio de la calle Espa\u00f1a, con la premisa de brindar una excelente prestaci\u00f3n y calidad de servicio","og_url":"https:\/\/experienciadevida.com.ar\/portalurbano\/avanzan-las-obras-en-el-edificio-de-la-calle-espana-de-pinos-de-paz\/","article_publisher":"https:\/\/www.facebook.com\/Portal-Urbano-171542830093757\/","article_published_time":"2022-04-23T15:12:13+00:00","article_modified_time":"2022-04-23T15:16:41+00:00","og_image":[{"width":1280,"height":576,"url":"https:\/\/experienciadevida.com.ar\/portalurbano\/wp-content\/uploads\/2022\/04\/Avanzan-las-obras-en.jpeg","type":"image\/jpeg"}],"author":"admpu17wp","twitter_card":"summary_large_image","twitter_creator":"@portalurbanook","twitter_site":"@portalurbanook","twitter_misc":{"Escrito por":"admpu17wp","Tiempo de lectura":"2 minutos"},"schema":{"@context":"https:\/\/schema.org","@graph":[{"@type":"Article","@id":"https:\/\/experienciadevida.com.ar\/portalurbano\/avanzan-las-obras-en-el-edificio-de-la-calle-espana-de-pinos-de-paz\/#article","isPartOf":{"@id":"https:\/\/experienciadevida.com.ar\/portalurbano\/avanzan-las-obras-en-el-edificio-de-la-calle-espana-de-pinos-de-paz\/"},"author":{"name":"admpu17wp","@id":"https:\/\/experienciadevida.com.ar\/portalurbano\/#\/schema\/person\/02dd326b1c4b056e9cc972486934a3a7"},"headline":"Avanzan las obras en el edificio de la calle Espa\u00f1a de Pinos de paz","datePublished":"2022-04-23T15:12:13+00:00","dateModified":"2022-04-23T15:16:41+00:00","mainEntityOfPage":{"@id":"https:\/\/experienciadevida.com.ar\/portalurbano\/avanzan-las-obras-en-el-edificio-de-la-calle-espana-de-pinos-de-paz\/"},"wordCount":373,"publisher":{"@id":"https:\/\/experienciadevida.com.ar\/portalurbano\/#organization"},"articleSection":["Ciudad"],"inLanguage":"es"},{"@type":"WebPage","@id":"https:\/\/experienciadevida.com.ar\/portalurbano\/avanzan-las-obras-en-el-edificio-de-la-calle-espana-de-pinos-de-paz\/","url":"https:\/\/experienciadevida.com.ar\/portalurbano\/avanzan-las-obras-en-el-edificio-de-la-calle-espana-de-pinos-de-paz\/","name":"Avanzan las obras en el edificio de la calle Espa\u00f1a Pinos de paz","isPartOf":{"@id":"https:\/\/experienciadevida.com.ar\/portalurbano\/#website"},"datePublished":"2022-04-23T15:12:13+00:00","dateModified":"2022-04-23T15:16:41+00:00","description":"Avanzan las obras en el edificio de la calle Espa\u00f1a, con la premisa de brindar una excelente prestaci\u00f3n y calidad de servicio","breadcrumb":{"@id":"https:\/\/experienciadevida.com.ar\/portalurbano\/avanzan-las-obras-en-el-edificio-de-la-calle-espana-de-pinos-de-paz\/#breadcrumb"},"inLanguage":"es","potentialAction":[{"@type":"ReadAction","target":["https:\/\/experienciadevida.com.ar\/portalurbano\/avanzan-las-obras-en-el-edificio-de-la-calle-espana-de-pinos-de-paz\/"]}]},{"@type":"BreadcrumbList","@id":"https:\/\/experienciadevida.com.ar\/portalurbano\/avanzan-las-obras-en-el-edificio-de-la-calle-espana-de-pinos-de-paz\/#breadcrumb","itemListElement":[{"@type":"ListItem","position":1,"name":"Portada","item":"https:\/\/experienciadevida.com.ar\/portalurbano\/"},{"@type":"ListItem","position":2,"name":"Avanzan las obras en el edificio de la calle Espa\u00f1a de Pinos de paz"}]},{"@type":"WebSite","@id":"https:\/\/experienciadevida.com.ar\/portalurbano\/#website","url":"https:\/\/experienciadevida.com.ar\/portalurbano\/","name":"","description":"","publisher":{"@id":"https:\/\/experienciadevida.com.ar\/portalurbano\/#organization"},"potentialAction":[{"@type":"SearchAction","target":{"@type":"EntryPoint","urlTemplate":"https:\/\/experienciadevida.com.ar\/portalurbano\/?s={search_term_string}"},"query-input":"required name=search_term_string"}],"inLanguage":"es"},{"@type":"Organization","@id":"https:\/\/experienciadevida.com.ar\/portalurbano\/#organization","name":"Portal Urbano","url":"https:\/\/experienciadevida.com.ar\/portalurbano\/","logo":{"@type":"ImageObject","inLanguage":"es","@id":"https:\/\/experienciadevida.com.ar\/portalurbano\/#\/schema\/logo\/image\/","url":"https:\/\/experienciadevida.com.ar\/portalurbano\/wp-content\/uploads\/2019\/09\/Logo-Original.png","contentUrl":"https:\/\/experienciadevida.com.ar\/portalurbano\/wp-content\/uploads\/2019\/09\/Logo-Original.png","width":2236,"height":1216,"caption":"Portal Urbano"},"image":{"@id":"https:\/\/experienciadevida.com.ar\/portalurbano\/#\/schema\/logo\/image\/"},"sameAs":["https:\/\/www.facebook.com\/Portal-Urbano-171542830093757\/","https:\/\/twitter.com\/portalurbanook","https:\/\/www.instagram.com\/_portalurbano\/","https:\/\/www.youtube.com\/channel\/UCXhagIfszH8KxFiOok79zbA?view_as=subscriber"]},{"@type":"Person","@id":"https:\/\/experienciadevida.com.ar\/portalurbano\/#\/schema\/person\/02dd326b1c4b056e9cc972486934a3a7","name":"admpu17wp","image":{"@type":"ImageObject","inLanguage":"es","@id":"https:\/\/experienciadevida.com.ar\/portalurbano\/#\/schema\/person\/image\/","url":"https:\/\/secure.gravatar.com\/avatar\/830d4c57adaae6630765e449a6908047?s=96&d=mm&r=g","contentUrl":"https:\/\/secure.gravatar.com\/avatar\/830d4c57adaae6630765e449a6908047?s=96&d=mm&r=g","caption":"admpu17wp"}}]}},"featured_image_urls":{"full":["https:\/\/experienciadevida.com.ar\/portalurbano\/wp-content\/uploads\/2022\/04\/Avanzan-las-obras-en.jpeg",1280,576,false],"thumbnail":["https:\/\/experienciadevida.com.ar\/portalurbano\/wp-content\/uploads\/2022\/04\/Avanzan-las-obras-en-150x150.jpeg",150,150,true],"medium":["https:\/\/experienciadevida.com.ar\/portalurbano\/wp-content\/uploads\/2022\/04\/Avanzan-las-obras-en-300x135.jpeg",300,135,true],"medium_large":["https:\/\/experienciadevida.com.ar\/portalurbano\/wp-content\/uploads\/2022\/04\/Avanzan-las-obras-en-768x346.jpeg",640,288,true],"large":["https:\/\/experienciadevida.com.ar\/portalurbano\/wp-content\/uploads\/2022\/04\/Avanzan-las-obras-en-1024x461.jpeg",640,288,true],"ug_big":["https:\/\/experienciadevida.com.ar\/portalurbano\/wp-content\/uploads\/2022\/04\/Avanzan-las-obras-en-768x346.jpeg",768,346,true],"1536x1536":["https:\/\/experienciadevida.com.ar\/portalurbano\/wp-content\/uploads\/2022\/04\/Avanzan-las-obras-en.jpeg",1280,576,false],"2048x2048":["https:\/\/experienciadevida.com.ar\/portalurbano\/wp-content\/uploads\/2022\/04\/Avanzan-las-obras-en.jpeg",1280,576,false],"newsever-slider-full":["https:\/\/experienciadevida.com.ar\/portalurbano\/wp-content\/uploads\/2022\/04\/Avanzan-las-obras-en.jpeg",1280,576,false],"newsever-featured":["https:\/\/experienciadevida.com.ar\/portalurbano\/wp-content\/uploads\/2022\/04\/Avanzan-las-obras-en.jpeg",1024,461,false],"newsever-medium":["https:\/\/experienciadevida.com.ar\/portalurbano\/wp-content\/uploads\/2022\/04\/Avanzan-las-obras-en.jpeg",720,324,false],"web-stories-poster-portrait":["https:\/\/experienciadevida.com.ar\/portalurbano\/wp-content\/uploads\/2022\/04\/Avanzan-las-obras-en.jpeg",640,288,false],"web-stories-publisher-logo":["https:\/\/experienciadevida.com.ar\/portalurbano\/wp-content\/uploads\/2022\/04\/Avanzan-las-obras-en.jpeg",96,43,false],"web-stories-thumbnail":["https:\/\/experienciadevida.com.ar\/portalurbano\/wp-content\/uploads\/2022\/04\/Avanzan-las-obras-en.jpeg",150,68,false]},"author_info":{"display_name":"admpu17wp","author_link":"https:\/\/experienciadevida.com.ar\/portalurbano\/author\/admpu17wp\/"},"category_info":"<a href=\"https:\/\/experienciadevida.com.ar\/portalurbano\/category\/ciudad\/\" rel=\"category tag\">Ciudad<\/a>","tag_info":"Ciudad","comment_count":"0","amp_enabled":true,"_links":{"self":[{"href":"https:\/\/experienciadevida.com.ar\/portalurbano\/wp-json\/wp\/v2\/posts\/166281"}],"collection":[{"href":"https:\/\/experienciadevida.com.ar\/portalurbano\/wp-json\/wp\/v2\/posts"}],"about":[{"href":"https:\/\/experienciadevida.com.ar\/portalurbano\/wp-json\/wp\/v2\/types\/post"}],"author":[{"embeddable":true,"href":"https:\/\/experienciadevida.com.ar\/portalurbano\/wp-json\/wp\/v2\/users\/1"}],"replies":[{"embeddable":true,"href":"https:\/\/experienciadevida.com.ar\/portalurbano\/wp-json\/wp\/v2\/comments?post=166281"}],"version-history":[{"count":1,"href":"https:\/\/experienciadevida.com.ar\/portalurbano\/wp-json\/wp\/v2\/posts\/166281\/revisions"}],"predecessor-version":[{"id":166283,"href":"https:\/\/experienciadevida.com.ar\/portalurbano\/wp-json\/wp\/v2\/posts\/166281\/revisions\/166283"}],"wp:featuredmedia":[{"embeddable":true,"href":"https:\/\/experienciadevida.com.ar\/portalurbano\/wp-json\/wp\/v2\/media\/166282"}],"wp:attachment":[{"href":"https:\/\/experienciadevida.com.ar\/portalurbano\/wp-json\/wp\/v2\/media?parent=166281"}],"wp:term":[{"taxonomy":"category","embeddable":true,"href":"https:\/\/experienciadevida.com.ar\/portalurbano\/wp-json\/wp\/v2\/categories?post=166281"},{"taxonomy":"post_tag","embeddable":true,"href":"https:\/\/experienciadevida.com.ar\/portalurbano\/wp-json\/wp\/v2\/tags?post=166281"}],"curies":[{"name":"wp","href":"https:\/\/api.w.org\/{rel}","templated":true}]}}