{"id":166277,"date":"2022-04-23T11:23:18","date_gmt":"2022-04-23T14:23:18","guid":{"rendered":"https:\/\/experienciadevida.com.ar\/portalurbano\/?p=166277"},"modified":"2022-04-23T12:08:38","modified_gmt":"2022-04-23T15:08:38","slug":"infraestructura-escolar-maite-salerno-le-pidio-coherencia-a-los-consejeros-escolares-del-frente-de-todos","status":"publish","type":"post","link":"https:\/\/experienciadevida.com.ar\/portalurbano\/infraestructura-escolar-maite-salerno-le-pidio-coherencia-a-los-consejeros-escolares-del-frente-de-todos\/","title":{"rendered":"Infraestructura Escolar: Maite Salerno le pidi\u00f3 \u201ccoherencia\u201d a los Consejeros Escolares del Frente de Todos"},"content":{"rendered":"<p>Infraestructura Escolar: <a href=\"https:\/\/www.instagram.com\/salernomaite\/?hl=es-la\">Maite Salerno<\/a> le pidi\u00f3 \u201ccoherencia\u201d a los Consejeros Escolares del Frente de Todos, la presidenta de la comisi\u00f3n de Educaci\u00f3n del Concejo Deliberante respondi\u00f3 a los dichos de los Consejeros Escolares del Frente de Todos respecto de la Escuela Secundaria N\u00b0 7 y les pidi\u00f3 que sean \u201ccoherentes en sus planteos\u201d.<\/p>\n<p>En primera instancia Salerno explic\u00f3 que \u201ccuando una obra reci\u00e9n culmina, entra en un per\u00edodo de garant\u00eda, periodo que permite detectar este tipo de errores en la construcci\u00f3n algo que sucede con las primeras lluvias\u201d y remarc\u00f3 \u201cla empresa constructora la que debe garantizar la reparaci\u00f3n\u201d.<\/p>\n<p>Salerno se mostr\u00f3 sorprendida con el planteo y dijo que \u201clos Consejeros Escolares del Frente de Todo no hicieron este reclamo cuando culmin\u00f3 la obra de la Secundaria N\u00b0 16, en el a\u00f1o 2016. La obra, por cierto, fue anunciada como gran noticia por la gesti\u00f3n de Scioli en el a\u00f1o 2015 y dejada sin terminar en menos de un 90 % por perder dichas elecciones, saliendo agua caliente cuando uno tiraba la cadena del ba\u00f1o, m\u00e1s de setenta luminarias sin colocar, entre otras falencias\u201d.<\/p>\n<p>En esa l\u00ednea explic\u00f3 que cuando esa Escuela se \u201cinaugur\u00f3 2017 aparecieron justamente estos trabajos no suficientes y autom\u00e1ticamente desde el Consejo Escolar de Olavarr\u00eda se le solicito al t\u00e9cnico, un t\u00e9cnico que no era de Juntos por el Cambio, que lleve adelante los reclamos a la empresa. Estos reclamos no se hicieron, pasaron varios meses y bajo reclamos y actas a ese inspector de la totalidad de los Consejeros. Nunca se hizo\u201d.<\/p>\n<p>Frente a esto Salerno record\u00f3 que eso llev\u00f3 a que se venciera la garant\u00eda de obra y fue \u201cel Intendente Ezequiel Galli quien tom\u00f3 la decisi\u00f3n de culminar esa obra. Para ser claros una obra que ten\u00eda garant\u00eda, por una decisi\u00f3n pol\u00edtica de un t\u00e9cnico que no pens\u00f3 en la educaci\u00f3n de calidad, se invirti\u00f3 desde el municipio para subsanar esa situaci\u00f3n\u201d.<\/p>\n<p>Salerno remat\u00f3 su respuesta a los Consejeros Escolares pidiendo \u201cmemoria\u201d los Consejeros Escolares del Frente de Todos y les dijo \u201ccuando se inaugur\u00f3 la Escuela Secundaria N\u00b0 7 llegaron autoridades provinciales y se apropiaron del acto, ahora cuando aparece una falla para los Consejeros del Frente de Todos la obra la hizo Galli\u201d.<\/p>\n","protected":false},"excerpt":{"rendered":"<p>Infraestructura Escolar: Maite Salerno le pidi\u00f3 \u201ccoherencia\u201d a los Consejeros Escolares del Frente de Todos,&#8230;<\/p>\n","protected":false},"author":1,"featured_media":166278,"comment_status":"closed","ping_status":"closed","sticky":false,"template":"","format":"standard","meta":{"content-type":""},"categories":[27,64],"tags":[],"nelio_content":{"isAutoShareEnabled":false,"autoShareEndMode":"default","automationSources":{"useContentSentences":true,"useSocialTemplates":true,"useCustomSentences":false,"customSentences":[]},"followers":[1],"suggestedReferences":[],"includedReferences":[],"efiUrl":"","efiAlt":"","highlights":[]},"yoast_head":"<!-- This site is optimized with the Yoast SEO plugin v20.7 - https:\/\/yoast.com\/wordpress\/plugins\/seo\/ -->\n<title>Infraestructura escolar: Maite Salerno pidi\u00f3 coherencia a consejeros<\/title>\n<meta name=\"description\" content=\"Infraestructura Escolar: Maite Salerno le pidi\u00f3 \u201ccoherencia\u201d a los Consejeros Escolares del Frente de Todos, pidi\u00f3 respeto y coherencia\" \/>\n<meta name=\"robots\" content=\"index, follow, max-snippet:-1, max-image-preview:large, max-video-preview:-1\" \/>\n<link rel=\"canonical\" href=\"https:\/\/experienciadevida.com.ar\/portalurbano\/infraestructura-escolar-maite-salerno-le-pidio-coherencia-a-los-consejeros-escolares-del-frente-de-todos\/\" \/>\n<meta property=\"og:locale\" content=\"es_ES\" \/>\n<meta property=\"og:type\" content=\"article\" \/>\n<meta property=\"og:title\" content=\"Infraestructura escolar: Maite Salerno pidi\u00f3 coherencia a consejeros\" \/>\n<meta property=\"og:description\" content=\"Infraestructura Escolar: Maite Salerno le pidi\u00f3 \u201ccoherencia\u201d a los Consejeros Escolares del Frente de Todos, pidi\u00f3 respeto y coherencia\" \/>\n<meta property=\"og:url\" content=\"https:\/\/experienciadevida.com.ar\/portalurbano\/infraestructura-escolar-maite-salerno-le-pidio-coherencia-a-los-consejeros-escolares-del-frente-de-todos\/\" \/>\n<meta property=\"article:publisher\" content=\"https:\/\/www.facebook.com\/Portal-Urbano-171542830093757\/\" \/>\n<meta property=\"article:published_time\" content=\"2022-04-23T14:23:18+00:00\" \/>\n<meta property=\"article:modified_time\" content=\"2022-04-23T15:08:38+00:00\" \/>\n<meta property=\"og:image\" content=\"https:\/\/experienciadevida.com.ar\/portalurbano\/wp-content\/uploads\/2022\/04\/Infraestructura-Escolar.jpg\" \/>\n\t<meta property=\"og:image:width\" content=\"1280\" \/>\n\t<meta property=\"og:image:height\" content=\"855\" \/>\n\t<meta property=\"og:image:type\" content=\"image\/jpeg\" \/>\n<meta name=\"author\" content=\"admpu17wp\" \/>\n<meta name=\"twitter:card\" content=\"summary_large_image\" \/>\n<meta name=\"twitter:creator\" content=\"@portalurbanook\" \/>\n<meta name=\"twitter:site\" content=\"@portalurbanook\" \/>\n<meta name=\"twitter:label1\" content=\"Escrito por\" \/>\n\t<meta name=\"twitter:data1\" content=\"admpu17wp\" \/>\n\t<meta name=\"twitter:label2\" content=\"Tiempo de lectura\" \/>\n\t<meta name=\"twitter:data2\" content=\"2 minutos\" \/>\n<script type=\"application\/ld+json\" class=\"yoast-schema-graph\">{\"@context\":\"https:\/\/schema.org\",\"@graph\":[{\"@type\":\"Article\",\"@id\":\"https:\/\/experienciadevida.com.ar\/portalurbano\/infraestructura-escolar-maite-salerno-le-pidio-coherencia-a-los-consejeros-escolares-del-frente-de-todos\/#article\",\"isPartOf\":{\"@id\":\"https:\/\/experienciadevida.com.ar\/portalurbano\/infraestructura-escolar-maite-salerno-le-pidio-coherencia-a-los-consejeros-escolares-del-frente-de-todos\/\"},\"author\":{\"name\":\"admpu17wp\",\"@id\":\"https:\/\/experienciadevida.com.ar\/portalurbano\/#\/schema\/person\/02dd326b1c4b056e9cc972486934a3a7\"},\"headline\":\"Infraestructura Escolar: Maite Salerno le pidi\u00f3 \u201ccoherencia\u201d a los Consejeros Escolares del Frente de Todos\",\"datePublished\":\"2022-04-23T14:23:18+00:00\",\"dateModified\":\"2022-04-23T15:08:38+00:00\",\"mainEntityOfPage\":{\"@id\":\"https:\/\/experienciadevida.com.ar\/portalurbano\/infraestructura-escolar-maite-salerno-le-pidio-coherencia-a-los-consejeros-escolares-del-frente-de-todos\/\"},\"wordCount\":405,\"publisher\":{\"@id\":\"https:\/\/experienciadevida.com.ar\/portalurbano\/#organization\"},\"articleSection\":[\"Ciudad\",\"Destacadas 2\"],\"inLanguage\":\"es\"},{\"@type\":\"WebPage\",\"@id\":\"https:\/\/experienciadevida.com.ar\/portalurbano\/infraestructura-escolar-maite-salerno-le-pidio-coherencia-a-los-consejeros-escolares-del-frente-de-todos\/\",\"url\":\"https:\/\/experienciadevida.com.ar\/portalurbano\/infraestructura-escolar-maite-salerno-le-pidio-coherencia-a-los-consejeros-escolares-del-frente-de-todos\/\",\"name\":\"Infraestructura escolar: Maite Salerno pidi\u00f3 coherencia a consejeros\",\"isPartOf\":{\"@id\":\"https:\/\/experienciadevida.com.ar\/portalurbano\/#website\"},\"datePublished\":\"2022-04-23T14:23:18+00:00\",\"dateModified\":\"2022-04-23T15:08:38+00:00\",\"description\":\"Infraestructura Escolar: Maite Salerno le pidi\u00f3 \u201ccoherencia\u201d a los Consejeros Escolares del Frente de Todos, pidi\u00f3 respeto y coherencia\",\"breadcrumb\":{\"@id\":\"https:\/\/experienciadevida.com.ar\/portalurbano\/infraestructura-escolar-maite-salerno-le-pidio-coherencia-a-los-consejeros-escolares-del-frente-de-todos\/#breadcrumb\"},\"inLanguage\":\"es\",\"potentialAction\":[{\"@type\":\"ReadAction\",\"target\":[\"https:\/\/experienciadevida.com.ar\/portalurbano\/infraestructura-escolar-maite-salerno-le-pidio-coherencia-a-los-consejeros-escolares-del-frente-de-todos\/\"]}]},{\"@type\":\"BreadcrumbList\",\"@id\":\"https:\/\/experienciadevida.com.ar\/portalurbano\/infraestructura-escolar-maite-salerno-le-pidio-coherencia-a-los-consejeros-escolares-del-frente-de-todos\/#breadcrumb\",\"itemListElement\":[{\"@type\":\"ListItem\",\"position\":1,\"name\":\"Portada\",\"item\":\"https:\/\/experienciadevida.com.ar\/portalurbano\/\"},{\"@type\":\"ListItem\",\"position\":2,\"name\":\"Infraestructura Escolar: Maite Salerno le pidi\u00f3 \u201ccoherencia\u201d a los Consejeros Escolares del Frente de Todos\"}]},{\"@type\":\"WebSite\",\"@id\":\"https:\/\/experienciadevida.com.ar\/portalurbano\/#website\",\"url\":\"https:\/\/experienciadevida.com.ar\/portalurbano\/\",\"name\":\"\",\"description\":\"\",\"publisher\":{\"@id\":\"https:\/\/experienciadevida.com.ar\/portalurbano\/#organization\"},\"potentialAction\":[{\"@type\":\"SearchAction\",\"target\":{\"@type\":\"EntryPoint\",\"urlTemplate\":\"https:\/\/experienciadevida.com.ar\/portalurbano\/?s={search_term_string}\"},\"query-input\":\"required name=search_term_string\"}],\"inLanguage\":\"es\"},{\"@type\":\"Organization\",\"@id\":\"https:\/\/experienciadevida.com.ar\/portalurbano\/#organization\",\"name\":\"Portal Urbano\",\"url\":\"https:\/\/experienciadevida.com.ar\/portalurbano\/\",\"logo\":{\"@type\":\"ImageObject\",\"inLanguage\":\"es\",\"@id\":\"https:\/\/experienciadevida.com.ar\/portalurbano\/#\/schema\/logo\/image\/\",\"url\":\"https:\/\/experienciadevida.com.ar\/portalurbano\/wp-content\/uploads\/2019\/09\/Logo-Original.png\",\"contentUrl\":\"https:\/\/experienciadevida.com.ar\/portalurbano\/wp-content\/uploads\/2019\/09\/Logo-Original.png\",\"width\":2236,\"height\":1216,\"caption\":\"Portal Urbano\"},\"image\":{\"@id\":\"https:\/\/experienciadevida.com.ar\/portalurbano\/#\/schema\/logo\/image\/\"},\"sameAs\":[\"https:\/\/www.facebook.com\/Portal-Urbano-171542830093757\/\",\"https:\/\/twitter.com\/portalurbanook\",\"https:\/\/www.instagram.com\/_portalurbano\/\",\"https:\/\/www.youtube.com\/channel\/UCXhagIfszH8KxFiOok79zbA?view_as=subscriber\"]},{\"@type\":\"Person\",\"@id\":\"https:\/\/experienciadevida.com.ar\/portalurbano\/#\/schema\/person\/02dd326b1c4b056e9cc972486934a3a7\",\"name\":\"admpu17wp\",\"image\":{\"@type\":\"ImageObject\",\"inLanguage\":\"es\",\"@id\":\"https:\/\/experienciadevida.com.ar\/portalurbano\/#\/schema\/person\/image\/\",\"url\":\"https:\/\/secure.gravatar.com\/avatar\/830d4c57adaae6630765e449a6908047?s=96&d=mm&r=g\",\"contentUrl\":\"https:\/\/secure.gravatar.com\/avatar\/830d4c57adaae6630765e449a6908047?s=96&d=mm&r=g\",\"caption\":\"admpu17wp\"}}]}<\/script>\n<!-- \/ Yoast SEO plugin. -->","yoast_head_json":{"title":"Infraestructura escolar: Maite Salerno pidi\u00f3 coherencia a consejeros","description":"Infraestructura Escolar: Maite Salerno le pidi\u00f3 \u201ccoherencia\u201d a los Consejeros Escolares del Frente de Todos, pidi\u00f3 respeto y coherencia","robots":{"index":"index","follow":"follow","max-snippet":"max-snippet:-1","max-image-preview":"max-image-preview:large","max-video-preview":"max-video-preview:-1"},"canonical":"https:\/\/experienciadevida.com.ar\/portalurbano\/infraestructura-escolar-maite-salerno-le-pidio-coherencia-a-los-consejeros-escolares-del-frente-de-todos\/","og_locale":"es_ES","og_type":"article","og_title":"Infraestructura escolar: Maite Salerno pidi\u00f3 coherencia a consejeros","og_description":"Infraestructura Escolar: Maite Salerno le pidi\u00f3 \u201ccoherencia\u201d a los Consejeros Escolares del Frente de Todos, pidi\u00f3 respeto y coherencia","og_url":"https:\/\/experienciadevida.com.ar\/portalurbano\/infraestructura-escolar-maite-salerno-le-pidio-coherencia-a-los-consejeros-escolares-del-frente-de-todos\/","article_publisher":"https:\/\/www.facebook.com\/Portal-Urbano-171542830093757\/","article_published_time":"2022-04-23T14:23:18+00:00","article_modified_time":"2022-04-23T15:08:38+00:00","og_image":[{"width":1280,"height":855,"url":"https:\/\/experienciadevida.com.ar\/portalurbano\/wp-content\/uploads\/2022\/04\/Infraestructura-Escolar.jpg","type":"image\/jpeg"}],"author":"admpu17wp","twitter_card":"summary_large_image","twitter_creator":"@portalurbanook","twitter_site":"@portalurbanook","twitter_misc":{"Escrito por":"admpu17wp","Tiempo de lectura":"2 minutos"},"schema":{"@context":"https:\/\/schema.org","@graph":[{"@type":"Article","@id":"https:\/\/experienciadevida.com.ar\/portalurbano\/infraestructura-escolar-maite-salerno-le-pidio-coherencia-a-los-consejeros-escolares-del-frente-de-todos\/#article","isPartOf":{"@id":"https:\/\/experienciadevida.com.ar\/portalurbano\/infraestructura-escolar-maite-salerno-le-pidio-coherencia-a-los-consejeros-escolares-del-frente-de-todos\/"},"author":{"name":"admpu17wp","@id":"https:\/\/experienciadevida.com.ar\/portalurbano\/#\/schema\/person\/02dd326b1c4b056e9cc972486934a3a7"},"headline":"Infraestructura Escolar: Maite Salerno le pidi\u00f3 \u201ccoherencia\u201d a los Consejeros Escolares del Frente de Todos","datePublished":"2022-04-23T14:23:18+00:00","dateModified":"2022-04-23T15:08:38+00:00","mainEntityOfPage":{"@id":"https:\/\/experienciadevida.com.ar\/portalurbano\/infraestructura-escolar-maite-salerno-le-pidio-coherencia-a-los-consejeros-escolares-del-frente-de-todos\/"},"wordCount":405,"publisher":{"@id":"https:\/\/experienciadevida.com.ar\/portalurbano\/#organization"},"articleSection":["Ciudad","Destacadas 2"],"inLanguage":"es"},{"@type":"WebPage","@id":"https:\/\/experienciadevida.com.ar\/portalurbano\/infraestructura-escolar-maite-salerno-le-pidio-coherencia-a-los-consejeros-escolares-del-frente-de-todos\/","url":"https:\/\/experienciadevida.com.ar\/portalurbano\/infraestructura-escolar-maite-salerno-le-pidio-coherencia-a-los-consejeros-escolares-del-frente-de-todos\/","name":"Infraestructura escolar: Maite Salerno pidi\u00f3 coherencia a consejeros","isPartOf":{"@id":"https:\/\/experienciadevida.com.ar\/portalurbano\/#website"},"datePublished":"2022-04-23T14:23:18+00:00","dateModified":"2022-04-23T15:08:38+00:00","description":"Infraestructura Escolar: Maite Salerno le pidi\u00f3 \u201ccoherencia\u201d a los Consejeros Escolares del Frente de Todos, pidi\u00f3 respeto y coherencia","breadcrumb":{"@id":"https:\/\/experienciadevida.com.ar\/portalurbano\/infraestructura-escolar-maite-salerno-le-pidio-coherencia-a-los-consejeros-escolares-del-frente-de-todos\/#breadcrumb"},"inLanguage":"es","potentialAction":[{"@type":"ReadAction","target":["https:\/\/experienciadevida.com.ar\/portalurbano\/infraestructura-escolar-maite-salerno-le-pidio-coherencia-a-los-consejeros-escolares-del-frente-de-todos\/"]}]},{"@type":"BreadcrumbList","@id":"https:\/\/experienciadevida.com.ar\/portalurbano\/infraestructura-escolar-maite-salerno-le-pidio-coherencia-a-los-consejeros-escolares-del-frente-de-todos\/#breadcrumb","itemListElement":[{"@type":"ListItem","position":1,"name":"Portada","item":"https:\/\/experienciadevida.com.ar\/portalurbano\/"},{"@type":"ListItem","position":2,"name":"Infraestructura Escolar: Maite Salerno le pidi\u00f3 \u201ccoherencia\u201d a los Consejeros Escolares del Frente de Todos"}]},{"@type":"WebSite","@id":"https:\/\/experienciadevida.com.ar\/portalurbano\/#website","url":"https:\/\/experienciadevida.com.ar\/portalurbano\/","name":"","description":"","publisher":{"@id":"https:\/\/experienciadevida.com.ar\/portalurbano\/#organization"},"potentialAction":[{"@type":"SearchAction","target":{"@type":"EntryPoint","urlTemplate":"https:\/\/experienciadevida.com.ar\/portalurbano\/?s={search_term_string}"},"query-input":"required name=search_term_string"}],"inLanguage":"es"},{"@type":"Organization","@id":"https:\/\/experienciadevida.com.ar\/portalurbano\/#organization","name":"Portal Urbano","url":"https:\/\/experienciadevida.com.ar\/portalurbano\/","logo":{"@type":"ImageObject","inLanguage":"es","@id":"https:\/\/experienciadevida.com.ar\/portalurbano\/#\/schema\/logo\/image\/","url":"https:\/\/experienciadevida.com.ar\/portalurbano\/wp-content\/uploads\/2019\/09\/Logo-Original.png","contentUrl":"https:\/\/experienciadevida.com.ar\/portalurbano\/wp-content\/uploads\/2019\/09\/Logo-Original.png","width":2236,"height":1216,"caption":"Portal Urbano"},"image":{"@id":"https:\/\/experienciadevida.com.ar\/portalurbano\/#\/schema\/logo\/image\/"},"sameAs":["https:\/\/www.facebook.com\/Portal-Urbano-171542830093757\/","https:\/\/twitter.com\/portalurbanook","https:\/\/www.instagram.com\/_portalurbano\/","https:\/\/www.youtube.com\/channel\/UCXhagIfszH8KxFiOok79zbA?view_as=subscriber"]},{"@type":"Person","@id":"https:\/\/experienciadevida.com.ar\/portalurbano\/#\/schema\/person\/02dd326b1c4b056e9cc972486934a3a7","name":"admpu17wp","image":{"@type":"ImageObject","inLanguage":"es","@id":"https:\/\/experienciadevida.com.ar\/portalurbano\/#\/schema\/person\/image\/","url":"https:\/\/secure.gravatar.com\/avatar\/830d4c57adaae6630765e449a6908047?s=96&d=mm&r=g","contentUrl":"https:\/\/secure.gravatar.com\/avatar\/830d4c57adaae6630765e449a6908047?s=96&d=mm&r=g","caption":"admpu17wp"}}]}},"featured_image_urls":{"full":["https:\/\/experienciadevida.com.ar\/portalurbano\/wp-content\/uploads\/2022\/04\/Infraestructura-Escolar.jpg",1280,855,false],"thumbnail":["https:\/\/experienciadevida.com.ar\/portalurbano\/wp-content\/uploads\/2022\/04\/Infraestructura-Escolar-150x150.jpg",150,150,true],"medium":["https:\/\/experienciadevida.com.ar\/portalurbano\/wp-content\/uploads\/2022\/04\/Infraestructura-Escolar-300x200.jpg",300,200,true],"medium_large":["https:\/\/experienciadevida.com.ar\/portalurbano\/wp-content\/uploads\/2022\/04\/Infraestructura-Escolar-768x513.jpg",640,428,true],"large":["https:\/\/experienciadevida.com.ar\/portalurbano\/wp-content\/uploads\/2022\/04\/Infraestructura-Escolar-1024x684.jpg",640,428,true],"ug_big":["https:\/\/experienciadevida.com.ar\/portalurbano\/wp-content\/uploads\/2022\/04\/Infraestructura-Escolar-768x513.jpg",768,513,true],"1536x1536":["https:\/\/experienciadevida.com.ar\/portalurbano\/wp-content\/uploads\/2022\/04\/Infraestructura-Escolar.jpg",1280,855,false],"2048x2048":["https:\/\/experienciadevida.com.ar\/portalurbano\/wp-content\/uploads\/2022\/04\/Infraestructura-Escolar.jpg",1280,855,false],"newsever-slider-full":["https:\/\/experienciadevida.com.ar\/portalurbano\/wp-content\/uploads\/2022\/04\/Infraestructura-Escolar.jpg",1265,845,false],"newsever-featured":["https:\/\/experienciadevida.com.ar\/portalurbano\/wp-content\/uploads\/2022\/04\/Infraestructura-Escolar.jpg",1024,684,false],"newsever-medium":["https:\/\/experienciadevida.com.ar\/portalurbano\/wp-content\/uploads\/2022\/04\/Infraestructura-Escolar.jpg",711,475,false],"web-stories-poster-portrait":["https:\/\/experienciadevida.com.ar\/portalurbano\/wp-content\/uploads\/2022\/04\/Infraestructura-Escolar.jpg",640,428,false],"web-stories-publisher-logo":["https:\/\/experienciadevida.com.ar\/portalurbano\/wp-content\/uploads\/2022\/04\/Infraestructura-Escolar.jpg",96,64,false],"web-stories-thumbnail":["https:\/\/experienciadevida.com.ar\/portalurbano\/wp-content\/uploads\/2022\/04\/Infraestructura-Escolar.jpg",150,100,false]},"author_info":{"display_name":"admpu17wp","author_link":"https:\/\/experienciadevida.com.ar\/portalurbano\/author\/admpu17wp\/"},"category_info":"<a href=\"https:\/\/experienciadevida.com.ar\/portalurbano\/category\/ciudad\/\" rel=\"category tag\">Ciudad<\/a> <a href=\"https:\/\/experienciadevida.com.ar\/portalurbano\/category\/destacadas-2\/\" rel=\"category tag\">Destacadas 2<\/a>","tag_info":"Destacadas 2","comment_count":"0","amp_enabled":true,"_links":{"self":[{"href":"https:\/\/experienciadevida.com.ar\/portalurbano\/wp-json\/wp\/v2\/posts\/166277"}],"collection":[{"href":"https:\/\/experienciadevida.com.ar\/portalurbano\/wp-json\/wp\/v2\/posts"}],"about":[{"href":"https:\/\/experienciadevida.com.ar\/portalurbano\/wp-json\/wp\/v2\/types\/post"}],"author":[{"embeddable":true,"href":"https:\/\/experienciadevida.com.ar\/portalurbano\/wp-json\/wp\/v2\/users\/1"}],"replies":[{"embeddable":true,"href":"https:\/\/experienciadevida.com.ar\/portalurbano\/wp-json\/wp\/v2\/comments?post=166277"}],"version-history":[{"count":2,"href":"https:\/\/experienciadevida.com.ar\/portalurbano\/wp-json\/wp\/v2\/posts\/166277\/revisions"}],"predecessor-version":[{"id":166280,"href":"https:\/\/experienciadevida.com.ar\/portalurbano\/wp-json\/wp\/v2\/posts\/166277\/revisions\/166280"}],"wp:featuredmedia":[{"embeddable":true,"href":"https:\/\/experienciadevida.com.ar\/portalurbano\/wp-json\/wp\/v2\/media\/166278"}],"wp:attachment":[{"href":"https:\/\/experienciadevida.com.ar\/portalurbano\/wp-json\/wp\/v2\/media?parent=166277"}],"wp:term":[{"taxonomy":"category","embeddable":true,"href":"https:\/\/experienciadevida.com.ar\/portalurbano\/wp-json\/wp\/v2\/categories?post=166277"},{"taxonomy":"post_tag","embeddable":true,"href":"https:\/\/experienciadevida.com.ar\/portalurbano\/wp-json\/wp\/v2\/tags?post=166277"}],"curies":[{"name":"wp","href":"https:\/\/api.w.org\/{rel}","templated":true}]}}