{"id":166241,"date":"2022-04-22T17:59:27","date_gmt":"2022-04-22T20:59:27","guid":{"rendered":"https:\/\/experienciadevida.com.ar\/portalurbano\/?p=166241"},"modified":"2022-04-22T18:10:51","modified_gmt":"2022-04-22T21:10:51","slug":"chesida-y-la-catedra-libre-presentes-en-el-congreso-provincial-de-salud","status":"publish","type":"post","link":"https:\/\/experienciadevida.com.ar\/portalurbano\/chesida-y-la-catedra-libre-presentes-en-el-congreso-provincial-de-salud\/","title":{"rendered":"Chesida y la C\u00e1tedra Libre presentes en el Congreso Provincial de Salud"},"content":{"rendered":"<p>Chesida y la C\u00e1tedra Libre presentes en el Congreso Provincial de Salud, el programa Chesida y la C\u00e1tedra Libre Sexualidades, G\u00e9neros y Derechos Humanos de la <a href=\"https:\/\/www.facebook.com\/facultadcienciassociales.unicen\">Facultad de Ciencias Sociales<\/a>, estuvieron presentes en el Congreso Provincial de Salud (COSAPRO) que se realiz\u00f3 el pasado mi\u00e9rcoles 20 en la ciudad de Mar del Plata.<\/p>\n<p>COSAPRO es un evento que re\u00fane a autoridades provinciales, secretar\u00edas de salud y equipos sanitarios de la Provincia de Buenos Aires, que no se realizaba desde 2015 y que tuvo en sus mesas de trabajo dos ejes transversales: la construcci\u00f3n de un sistema sanitario integrado y la agenda de la pospandemia.<\/p>\n<p>El coordinador de Chesida y la C\u00e1tedra Libre, Carlos Rodr\u00edguez, quien adem\u00e1s lo hizo en representaci\u00f3n de la Red Bonaerense de Personas Viviendo con VIH-Sida, particip\u00f3 como panelista en la mesa \u201cEl derecho de los pacientes y las comunidades. La organizaci\u00f3n y la articulaci\u00f3n estatal\u201d, junto a Leandro Cahn &#8211; Director Ejecutivo de Fundaci\u00f3n Hu\u00e9sped, Estela Carrizo &#8211; Red de Personas Viviendo con VIH de Mar del Plata, Florencia Braga Men\u00e9ndez &#8211; ALAPA Alianza Argentina de Pacientes, Ver\u00f3nica Dorador y Gabriela L\u00f3pez &#8211; Padres TEA-TGD Villa Gesell, Mar\u00eda Graciela Iglesias \u2013 Directora Ejecutiva del \u00d3rgano de Revisi\u00f3n Ley Salud Mental Defensor\u00eda General de la Naci\u00f3n, Sandra Cirone \u2013 Asociaci\u00f3n Civil Geselina Llegaremos a Tiempo, y Patricia Carreto \u2013 Consejo Consultivo Gremial (IOMA).<\/p>\n<p>Desde estos espacios se planteo la necesidad fortalecer el sistema de atenci\u00f3n primaria de la salud y la creaci\u00f3n de servicios de SSyR (Salud Sexual Reproductiva y no Reproductiva) en todo el territorio provincial, de implementaci\u00f3n de una educaci\u00f3n sexual con perspectiva de g\u00e9neros, y de capacitaci\u00f3n de los equipos de salud en perspectiva de g\u00e9nero y derechos.<\/p>\n<p>Asimismo, se resalt\u00f3 la importancia de la intervenci\u00f3n del Estado, sobre todo ante el considerable crecimiento de las Infecciones de Transmisi\u00f3n Sexual (ITS) durante la pandemia, para lo cual se propuso un trabajo transversal con organizaciones feministas y organizaciones de disidencias sexo-gen\u00e9ricas, con el fin de capacitar a promotores comunitarios en salud para la prevenci\u00f3n de estas infecciones, a trav\u00e9s de la promoci\u00f3n del diagnostico temprano y la promoci\u00f3n de derechos.<\/p>\n<p>\u201cTambi\u00e9n, se plante\u00f3 a toda la dirigencia pol\u00edtica nacional la necesidad de que se trate el proyecto de nueva ley nacional de VIH, hepatitis virales y TBC en el Congreso Nacional, que por cuarta vez ingreso a la C\u00e1mara de Diputades, dicho proyecto fue construido por m\u00e1s de 40 organizaciones a nivel federal y contempla una respuesta integral\u201d, manifest\u00f3 Rodr\u00edguez.<\/p>\n<p>La presencia de Chesida y la C\u00e1tedra Libre en este Congreso, se dio a partir de su participaci\u00f3n en la Mesa Interministerial de la Provincia de Buenos Aires; instancia en la que est\u00e1n representadas todas las a\u00e9reas de gobierno, que se conform\u00f3 a partir de la convocatoria del gobierno provincial a organizaciones vinculadas a la tem\u00e1tica de VIH-SIDA e ITS, con trabajo en territorio.<\/p>\n","protected":false},"excerpt":{"rendered":"<p>Chesida y la C\u00e1tedra Libre presentes en el Congreso Provincial de Salud, el programa Chesida&#8230;<\/p>\n","protected":false},"author":1,"featured_media":166242,"comment_status":"closed","ping_status":"closed","sticky":false,"template":"","format":"standard","meta":{"content-type":""},"categories":[31],"tags":[],"nelio_content":{"isAutoShareEnabled":false,"autoShareEndMode":"default","automationSources":{"useContentSentences":true,"useSocialTemplates":true,"useCustomSentences":false,"customSentences":[]},"followers":[1],"suggestedReferences":[],"includedReferences":[],"efiUrl":"","efiAlt":"","highlights":[]},"yoast_head":"<!-- This site is optimized with the Yoast SEO plugin v20.7 - https:\/\/yoast.com\/wordpress\/plugins\/seo\/ -->\n<title>Chesida y la c\u00e1tedra libre presentes en el congreso provincial de salud<\/title>\n<meta name=\"description\" content=\"Chesida y la C\u00e1tedra Libre presentes en el Congreso Provincial de Salud, el programa Chesida y la C\u00e1tedra Libre Sexualidades,\" \/>\n<meta name=\"robots\" content=\"index, follow, max-snippet:-1, max-image-preview:large, max-video-preview:-1\" \/>\n<link rel=\"canonical\" href=\"https:\/\/experienciadevida.com.ar\/portalurbano\/chesida-y-la-catedra-libre-presentes-en-el-congreso-provincial-de-salud\/\" \/>\n<meta property=\"og:locale\" content=\"es_ES\" \/>\n<meta property=\"og:type\" content=\"article\" \/>\n<meta property=\"og:title\" content=\"Chesida y la c\u00e1tedra libre presentes en el congreso provincial de salud\" \/>\n<meta property=\"og:description\" content=\"Chesida y la C\u00e1tedra Libre presentes en el Congreso Provincial de Salud, el programa Chesida y la C\u00e1tedra Libre Sexualidades,\" \/>\n<meta property=\"og:url\" content=\"https:\/\/experienciadevida.com.ar\/portalurbano\/chesida-y-la-catedra-libre-presentes-en-el-congreso-provincial-de-salud\/\" \/>\n<meta property=\"article:publisher\" content=\"https:\/\/www.facebook.com\/Portal-Urbano-171542830093757\/\" \/>\n<meta property=\"article:published_time\" content=\"2022-04-22T20:59:27+00:00\" \/>\n<meta property=\"article:modified_time\" content=\"2022-04-22T21:10:51+00:00\" \/>\n<meta property=\"og:image\" content=\"https:\/\/experienciadevida.com.ar\/portalurbano\/wp-content\/uploads\/2022\/04\/Chesida-y-la-Catedra.jpg\" \/>\n\t<meta property=\"og:image:width\" content=\"800\" \/>\n\t<meta property=\"og:image:height\" content=\"535\" \/>\n\t<meta property=\"og:image:type\" content=\"image\/jpeg\" \/>\n<meta name=\"author\" content=\"admpu17wp\" \/>\n<meta name=\"twitter:card\" content=\"summary_large_image\" \/>\n<meta name=\"twitter:creator\" content=\"@portalurbanook\" \/>\n<meta name=\"twitter:site\" content=\"@portalurbanook\" \/>\n<meta name=\"twitter:label1\" content=\"Escrito por\" \/>\n\t<meta name=\"twitter:data1\" content=\"admpu17wp\" \/>\n\t<meta name=\"twitter:label2\" content=\"Tiempo de lectura\" \/>\n\t<meta name=\"twitter:data2\" content=\"3 minutos\" \/>\n<script type=\"application\/ld+json\" class=\"yoast-schema-graph\">{\"@context\":\"https:\/\/schema.org\",\"@graph\":[{\"@type\":\"Article\",\"@id\":\"https:\/\/experienciadevida.com.ar\/portalurbano\/chesida-y-la-catedra-libre-presentes-en-el-congreso-provincial-de-salud\/#article\",\"isPartOf\":{\"@id\":\"https:\/\/experienciadevida.com.ar\/portalurbano\/chesida-y-la-catedra-libre-presentes-en-el-congreso-provincial-de-salud\/\"},\"author\":{\"name\":\"admpu17wp\",\"@id\":\"https:\/\/experienciadevida.com.ar\/portalurbano\/#\/schema\/person\/02dd326b1c4b056e9cc972486934a3a7\"},\"headline\":\"Chesida y la C\u00e1tedra Libre presentes en el Congreso Provincial de Salud\",\"datePublished\":\"2022-04-22T20:59:27+00:00\",\"dateModified\":\"2022-04-22T21:10:51+00:00\",\"mainEntityOfPage\":{\"@id\":\"https:\/\/experienciadevida.com.ar\/portalurbano\/chesida-y-la-catedra-libre-presentes-en-el-congreso-provincial-de-salud\/\"},\"wordCount\":533,\"publisher\":{\"@id\":\"https:\/\/experienciadevida.com.ar\/portalurbano\/#organization\"},\"articleSection\":[\"Educaci\u00f3n\"],\"inLanguage\":\"es\"},{\"@type\":\"WebPage\",\"@id\":\"https:\/\/experienciadevida.com.ar\/portalurbano\/chesida-y-la-catedra-libre-presentes-en-el-congreso-provincial-de-salud\/\",\"url\":\"https:\/\/experienciadevida.com.ar\/portalurbano\/chesida-y-la-catedra-libre-presentes-en-el-congreso-provincial-de-salud\/\",\"name\":\"Chesida y la c\u00e1tedra libre presentes en el congreso provincial de salud\",\"isPartOf\":{\"@id\":\"https:\/\/experienciadevida.com.ar\/portalurbano\/#website\"},\"datePublished\":\"2022-04-22T20:59:27+00:00\",\"dateModified\":\"2022-04-22T21:10:51+00:00\",\"description\":\"Chesida y la C\u00e1tedra Libre presentes en el Congreso Provincial de Salud, el programa Chesida y la C\u00e1tedra Libre Sexualidades,\",\"breadcrumb\":{\"@id\":\"https:\/\/experienciadevida.com.ar\/portalurbano\/chesida-y-la-catedra-libre-presentes-en-el-congreso-provincial-de-salud\/#breadcrumb\"},\"inLanguage\":\"es\",\"potentialAction\":[{\"@type\":\"ReadAction\",\"target\":[\"https:\/\/experienciadevida.com.ar\/portalurbano\/chesida-y-la-catedra-libre-presentes-en-el-congreso-provincial-de-salud\/\"]}]},{\"@type\":\"BreadcrumbList\",\"@id\":\"https:\/\/experienciadevida.com.ar\/portalurbano\/chesida-y-la-catedra-libre-presentes-en-el-congreso-provincial-de-salud\/#breadcrumb\",\"itemListElement\":[{\"@type\":\"ListItem\",\"position\":1,\"name\":\"Portada\",\"item\":\"https:\/\/experienciadevida.com.ar\/portalurbano\/\"},{\"@type\":\"ListItem\",\"position\":2,\"name\":\"Chesida y la C\u00e1tedra Libre presentes en el Congreso Provincial de Salud\"}]},{\"@type\":\"WebSite\",\"@id\":\"https:\/\/experienciadevida.com.ar\/portalurbano\/#website\",\"url\":\"https:\/\/experienciadevida.com.ar\/portalurbano\/\",\"name\":\"\",\"description\":\"\",\"publisher\":{\"@id\":\"https:\/\/experienciadevida.com.ar\/portalurbano\/#organization\"},\"potentialAction\":[{\"@type\":\"SearchAction\",\"target\":{\"@type\":\"EntryPoint\",\"urlTemplate\":\"https:\/\/experienciadevida.com.ar\/portalurbano\/?s={search_term_string}\"},\"query-input\":\"required name=search_term_string\"}],\"inLanguage\":\"es\"},{\"@type\":\"Organization\",\"@id\":\"https:\/\/experienciadevida.com.ar\/portalurbano\/#organization\",\"name\":\"Portal Urbano\",\"url\":\"https:\/\/experienciadevida.com.ar\/portalurbano\/\",\"logo\":{\"@type\":\"ImageObject\",\"inLanguage\":\"es\",\"@id\":\"https:\/\/experienciadevida.com.ar\/portalurbano\/#\/schema\/logo\/image\/\",\"url\":\"https:\/\/experienciadevida.com.ar\/portalurbano\/wp-content\/uploads\/2019\/09\/Logo-Original.png\",\"contentUrl\":\"https:\/\/experienciadevida.com.ar\/portalurbano\/wp-content\/uploads\/2019\/09\/Logo-Original.png\",\"width\":2236,\"height\":1216,\"caption\":\"Portal Urbano\"},\"image\":{\"@id\":\"https:\/\/experienciadevida.com.ar\/portalurbano\/#\/schema\/logo\/image\/\"},\"sameAs\":[\"https:\/\/www.facebook.com\/Portal-Urbano-171542830093757\/\",\"https:\/\/twitter.com\/portalurbanook\",\"https:\/\/www.instagram.com\/_portalurbano\/\",\"https:\/\/www.youtube.com\/channel\/UCXhagIfszH8KxFiOok79zbA?view_as=subscriber\"]},{\"@type\":\"Person\",\"@id\":\"https:\/\/experienciadevida.com.ar\/portalurbano\/#\/schema\/person\/02dd326b1c4b056e9cc972486934a3a7\",\"name\":\"admpu17wp\",\"image\":{\"@type\":\"ImageObject\",\"inLanguage\":\"es\",\"@id\":\"https:\/\/experienciadevida.com.ar\/portalurbano\/#\/schema\/person\/image\/\",\"url\":\"https:\/\/secure.gravatar.com\/avatar\/830d4c57adaae6630765e449a6908047?s=96&d=mm&r=g\",\"contentUrl\":\"https:\/\/secure.gravatar.com\/avatar\/830d4c57adaae6630765e449a6908047?s=96&d=mm&r=g\",\"caption\":\"admpu17wp\"}}]}<\/script>\n<!-- \/ Yoast SEO plugin. -->","yoast_head_json":{"title":"Chesida y la c\u00e1tedra libre presentes en el congreso provincial de salud","description":"Chesida y la C\u00e1tedra Libre presentes en el Congreso Provincial de Salud, el programa Chesida y la C\u00e1tedra Libre Sexualidades,","robots":{"index":"index","follow":"follow","max-snippet":"max-snippet:-1","max-image-preview":"max-image-preview:large","max-video-preview":"max-video-preview:-1"},"canonical":"https:\/\/experienciadevida.com.ar\/portalurbano\/chesida-y-la-catedra-libre-presentes-en-el-congreso-provincial-de-salud\/","og_locale":"es_ES","og_type":"article","og_title":"Chesida y la c\u00e1tedra libre presentes en el congreso provincial de salud","og_description":"Chesida y la C\u00e1tedra Libre presentes en el Congreso Provincial de Salud, el programa Chesida y la C\u00e1tedra Libre Sexualidades,","og_url":"https:\/\/experienciadevida.com.ar\/portalurbano\/chesida-y-la-catedra-libre-presentes-en-el-congreso-provincial-de-salud\/","article_publisher":"https:\/\/www.facebook.com\/Portal-Urbano-171542830093757\/","article_published_time":"2022-04-22T20:59:27+00:00","article_modified_time":"2022-04-22T21:10:51+00:00","og_image":[{"width":800,"height":535,"url":"https:\/\/experienciadevida.com.ar\/portalurbano\/wp-content\/uploads\/2022\/04\/Chesida-y-la-Catedra.jpg","type":"image\/jpeg"}],"author":"admpu17wp","twitter_card":"summary_large_image","twitter_creator":"@portalurbanook","twitter_site":"@portalurbanook","twitter_misc":{"Escrito por":"admpu17wp","Tiempo de lectura":"3 minutos"},"schema":{"@context":"https:\/\/schema.org","@graph":[{"@type":"Article","@id":"https:\/\/experienciadevida.com.ar\/portalurbano\/chesida-y-la-catedra-libre-presentes-en-el-congreso-provincial-de-salud\/#article","isPartOf":{"@id":"https:\/\/experienciadevida.com.ar\/portalurbano\/chesida-y-la-catedra-libre-presentes-en-el-congreso-provincial-de-salud\/"},"author":{"name":"admpu17wp","@id":"https:\/\/experienciadevida.com.ar\/portalurbano\/#\/schema\/person\/02dd326b1c4b056e9cc972486934a3a7"},"headline":"Chesida y la C\u00e1tedra Libre presentes en el Congreso Provincial de Salud","datePublished":"2022-04-22T20:59:27+00:00","dateModified":"2022-04-22T21:10:51+00:00","mainEntityOfPage":{"@id":"https:\/\/experienciadevida.com.ar\/portalurbano\/chesida-y-la-catedra-libre-presentes-en-el-congreso-provincial-de-salud\/"},"wordCount":533,"publisher":{"@id":"https:\/\/experienciadevida.com.ar\/portalurbano\/#organization"},"articleSection":["Educaci\u00f3n"],"inLanguage":"es"},{"@type":"WebPage","@id":"https:\/\/experienciadevida.com.ar\/portalurbano\/chesida-y-la-catedra-libre-presentes-en-el-congreso-provincial-de-salud\/","url":"https:\/\/experienciadevida.com.ar\/portalurbano\/chesida-y-la-catedra-libre-presentes-en-el-congreso-provincial-de-salud\/","name":"Chesida y la c\u00e1tedra libre presentes en el congreso provincial de salud","isPartOf":{"@id":"https:\/\/experienciadevida.com.ar\/portalurbano\/#website"},"datePublished":"2022-04-22T20:59:27+00:00","dateModified":"2022-04-22T21:10:51+00:00","description":"Chesida y la C\u00e1tedra Libre presentes en el Congreso Provincial de Salud, el programa Chesida y la C\u00e1tedra Libre Sexualidades,","breadcrumb":{"@id":"https:\/\/experienciadevida.com.ar\/portalurbano\/chesida-y-la-catedra-libre-presentes-en-el-congreso-provincial-de-salud\/#breadcrumb"},"inLanguage":"es","potentialAction":[{"@type":"ReadAction","target":["https:\/\/experienciadevida.com.ar\/portalurbano\/chesida-y-la-catedra-libre-presentes-en-el-congreso-provincial-de-salud\/"]}]},{"@type":"BreadcrumbList","@id":"https:\/\/experienciadevida.com.ar\/portalurbano\/chesida-y-la-catedra-libre-presentes-en-el-congreso-provincial-de-salud\/#breadcrumb","itemListElement":[{"@type":"ListItem","position":1,"name":"Portada","item":"https:\/\/experienciadevida.com.ar\/portalurbano\/"},{"@type":"ListItem","position":2,"name":"Chesida y la C\u00e1tedra Libre presentes en el Congreso Provincial de Salud"}]},{"@type":"WebSite","@id":"https:\/\/experienciadevida.com.ar\/portalurbano\/#website","url":"https:\/\/experienciadevida.com.ar\/portalurbano\/","name":"","description":"","publisher":{"@id":"https:\/\/experienciadevida.com.ar\/portalurbano\/#organization"},"potentialAction":[{"@type":"SearchAction","target":{"@type":"EntryPoint","urlTemplate":"https:\/\/experienciadevida.com.ar\/portalurbano\/?s={search_term_string}"},"query-input":"required name=search_term_string"}],"inLanguage":"es"},{"@type":"Organization","@id":"https:\/\/experienciadevida.com.ar\/portalurbano\/#organization","name":"Portal Urbano","url":"https:\/\/experienciadevida.com.ar\/portalurbano\/","logo":{"@type":"ImageObject","inLanguage":"es","@id":"https:\/\/experienciadevida.com.ar\/portalurbano\/#\/schema\/logo\/image\/","url":"https:\/\/experienciadevida.com.ar\/portalurbano\/wp-content\/uploads\/2019\/09\/Logo-Original.png","contentUrl":"https:\/\/experienciadevida.com.ar\/portalurbano\/wp-content\/uploads\/2019\/09\/Logo-Original.png","width":2236,"height":1216,"caption":"Portal Urbano"},"image":{"@id":"https:\/\/experienciadevida.com.ar\/portalurbano\/#\/schema\/logo\/image\/"},"sameAs":["https:\/\/www.facebook.com\/Portal-Urbano-171542830093757\/","https:\/\/twitter.com\/portalurbanook","https:\/\/www.instagram.com\/_portalurbano\/","https:\/\/www.youtube.com\/channel\/UCXhagIfszH8KxFiOok79zbA?view_as=subscriber"]},{"@type":"Person","@id":"https:\/\/experienciadevida.com.ar\/portalurbano\/#\/schema\/person\/02dd326b1c4b056e9cc972486934a3a7","name":"admpu17wp","image":{"@type":"ImageObject","inLanguage":"es","@id":"https:\/\/experienciadevida.com.ar\/portalurbano\/#\/schema\/person\/image\/","url":"https:\/\/secure.gravatar.com\/avatar\/830d4c57adaae6630765e449a6908047?s=96&d=mm&r=g","contentUrl":"https:\/\/secure.gravatar.com\/avatar\/830d4c57adaae6630765e449a6908047?s=96&d=mm&r=g","caption":"admpu17wp"}}]}},"featured_image_urls":{"full":["https:\/\/experienciadevida.com.ar\/portalurbano\/wp-content\/uploads\/2022\/04\/Chesida-y-la-Catedra.jpg",800,535,false],"thumbnail":["https:\/\/experienciadevida.com.ar\/portalurbano\/wp-content\/uploads\/2022\/04\/Chesida-y-la-Catedra-150x150.jpg",150,150,true],"medium":["https:\/\/experienciadevida.com.ar\/portalurbano\/wp-content\/uploads\/2022\/04\/Chesida-y-la-Catedra-300x201.jpg",300,201,true],"medium_large":["https:\/\/experienciadevida.com.ar\/portalurbano\/wp-content\/uploads\/2022\/04\/Chesida-y-la-Catedra-768x514.jpg",640,428,true],"large":["https:\/\/experienciadevida.com.ar\/portalurbano\/wp-content\/uploads\/2022\/04\/Chesida-y-la-Catedra.jpg",640,428,false],"ug_big":["https:\/\/experienciadevida.com.ar\/portalurbano\/wp-content\/uploads\/2022\/04\/Chesida-y-la-Catedra-768x514.jpg",768,514,true],"1536x1536":["https:\/\/experienciadevida.com.ar\/portalurbano\/wp-content\/uploads\/2022\/04\/Chesida-y-la-Catedra.jpg",800,535,false],"2048x2048":["https:\/\/experienciadevida.com.ar\/portalurbano\/wp-content\/uploads\/2022\/04\/Chesida-y-la-Catedra.jpg",800,535,false],"newsever-slider-full":["https:\/\/experienciadevida.com.ar\/portalurbano\/wp-content\/uploads\/2022\/04\/Chesida-y-la-Catedra.jpg",800,535,false],"newsever-featured":["https:\/\/experienciadevida.com.ar\/portalurbano\/wp-content\/uploads\/2022\/04\/Chesida-y-la-Catedra.jpg",800,535,false],"newsever-medium":["https:\/\/experienciadevida.com.ar\/portalurbano\/wp-content\/uploads\/2022\/04\/Chesida-y-la-Catedra.jpg",710,475,false],"web-stories-poster-portrait":["https:\/\/experienciadevida.com.ar\/portalurbano\/wp-content\/uploads\/2022\/04\/Chesida-y-la-Catedra.jpg",640,428,false],"web-stories-publisher-logo":["https:\/\/experienciadevida.com.ar\/portalurbano\/wp-content\/uploads\/2022\/04\/Chesida-y-la-Catedra.jpg",96,64,false],"web-stories-thumbnail":["https:\/\/experienciadevida.com.ar\/portalurbano\/wp-content\/uploads\/2022\/04\/Chesida-y-la-Catedra.jpg",150,100,false]},"author_info":{"display_name":"admpu17wp","author_link":"https:\/\/experienciadevida.com.ar\/portalurbano\/author\/admpu17wp\/"},"category_info":"<a href=\"https:\/\/experienciadevida.com.ar\/portalurbano\/category\/ciudad\/educacion\/\" rel=\"category tag\">Educaci\u00f3n<\/a>","tag_info":"Educaci\u00f3n","comment_count":"0","amp_enabled":true,"_links":{"self":[{"href":"https:\/\/experienciadevida.com.ar\/portalurbano\/wp-json\/wp\/v2\/posts\/166241"}],"collection":[{"href":"https:\/\/experienciadevida.com.ar\/portalurbano\/wp-json\/wp\/v2\/posts"}],"about":[{"href":"https:\/\/experienciadevida.com.ar\/portalurbano\/wp-json\/wp\/v2\/types\/post"}],"author":[{"embeddable":true,"href":"https:\/\/experienciadevida.com.ar\/portalurbano\/wp-json\/wp\/v2\/users\/1"}],"replies":[{"embeddable":true,"href":"https:\/\/experienciadevida.com.ar\/portalurbano\/wp-json\/wp\/v2\/comments?post=166241"}],"version-history":[{"count":3,"href":"https:\/\/experienciadevida.com.ar\/portalurbano\/wp-json\/wp\/v2\/posts\/166241\/revisions"}],"predecessor-version":[{"id":166245,"href":"https:\/\/experienciadevida.com.ar\/portalurbano\/wp-json\/wp\/v2\/posts\/166241\/revisions\/166245"}],"wp:featuredmedia":[{"embeddable":true,"href":"https:\/\/experienciadevida.com.ar\/portalurbano\/wp-json\/wp\/v2\/media\/166242"}],"wp:attachment":[{"href":"https:\/\/experienciadevida.com.ar\/portalurbano\/wp-json\/wp\/v2\/media?parent=166241"}],"wp:term":[{"taxonomy":"category","embeddable":true,"href":"https:\/\/experienciadevida.com.ar\/portalurbano\/wp-json\/wp\/v2\/categories?post=166241"},{"taxonomy":"post_tag","embeddable":true,"href":"https:\/\/experienciadevida.com.ar\/portalurbano\/wp-json\/wp\/v2\/tags?post=166241"}],"curies":[{"name":"wp","href":"https:\/\/api.w.org\/{rel}","templated":true}]}}