{"id":166238,"date":"2022-04-22T17:57:03","date_gmt":"2022-04-22T20:57:03","guid":{"rendered":"https:\/\/experienciadevida.com.ar\/portalurbano\/?p=166238"},"modified":"2022-04-22T17:57:46","modified_gmt":"2022-04-22T20:57:46","slug":"el-juicio-por-los-delitos-de-lesa-humanidad-en-tandil-azul-y-olavarria-en-los-medios-de-la-facultad-de-ciencias-sociales","status":"publish","type":"post","link":"https:\/\/experienciadevida.com.ar\/portalurbano\/el-juicio-por-los-delitos-de-lesa-humanidad-en-tandil-azul-y-olavarria-en-los-medios-de-la-facultad-de-ciencias-sociales\/","title":{"rendered":"El juicio por los delitos de lesa humanidad en Tandil, Azul y Olavarr\u00eda, en los medios de la Facultad de Ciencias Sociales"},"content":{"rendered":"<p>El juicio por los delitos de lesa humanidad en Tandil, Azul y Olavarr\u00eda, en los medios de la <a href=\"https:\/\/www.facebook.com\/facultadcienciassociales.unicen\">Facultad de Ciencias Sociales.<\/a><\/p>\n<p>La Universidad Nacional del Centro y la Facultad de Ciencias Sociales, a trav\u00e9s de Agencia Comunica y Radio Universidad 90.1, ponen a disposici\u00f3n las producciones elaboradas en el marco de las primeras audiencias del juicio conocido como \u201cLa Huerta\u201d. El 6 de mayo la audiencia se realizar\u00e1 en Tandil.<\/p>\n<p>Desde la Facultad de Ciencias Sociales se pone a disposici\u00f3n el uso y reproducci\u00f3n (bajo menci\u00f3n de autor\u00eda) de los diversas producciones de prensa y audiovisuales creadas a trav\u00e9s de Radio Universidad 90.1 y Agencia Comunica, en el marco del juicio por los delitos de lesa humanidad cometidos en centros clandestinos de detenci\u00f3n y exterminio de Tandil, Azul y Olavarr\u00eda durante la \u00faltima dictadura c\u00edvico militar, conocido como Juicio \u201cLa Huerta\u201d.<\/p>\n<p>Desde el inicio de las audiencias, el pasado 25 de febrero, la Universidad Nacional del Centro y la Facultad de Ciencias Sociales se aboc\u00f3 a la cobertura medi\u00e1tica del debate oral y p\u00fablico que se lleva adelante en el Tribunal Oral Federal de Mar del Plata. Trabajan de manera coordinada los medios de la Facultad de Ciencias Sociales, Abra TV, la Secretar\u00eda de Relaciones Institucionales de la Universidad Nacional del Centro y el \u00e1rea de Derechos Humanos de la UNICEN, adem\u00e1s de la Subsecretar\u00eda de Derechos Humanos bonaerense y todas las unidades acad\u00e9micas que forman parte de la Universidad Nacional del Centro.<\/p>\n<p>Los materiales se encuentran disponibles aqu\u00ed:<\/p>\n<p>Agencia Comunica<\/p>\n<p>Cr\u00f3nicas<\/p>\n<p>Radio Universidad FM 90.1<\/p>\n<p>Cr\u00f3nicas<\/p>\n<p>Informaci\u00f3n general y entrevistas<\/p>\n<p>Pr\u00f3ximas audiencias<\/p>\n<p>-Viernes 22 de abril desde las 10 en Mar del Plata, con retransmisi\u00f3n en el Aula Magna de la Universidad Nacional del Centro sede Tandil.<\/p>\n<p>-Jueves 5 de mayo, inspecci\u00f3n ocular en el Centro Clandestino de Detenci\u00f3n y Exterminio \u201cLa Huerta\u201d, Tandil.<\/p>\n<p>-Viernes 6 de mayo, audiencia con el TOC constituido en Tandil desde Aula Magna de la Universidad Nacional del Centro, Pinto 339, Tandil.<\/p>\n<p>El juicio<\/p>\n<p>El debate comenz\u00f3 el 25 de febrero en el Tribunal Oral en lo Criminal Federal de Mar del Plata, integrado por los jueces subrogantes Nicol\u00e1s Toselli, Luis Imaz y Fernando Machado Pelloni.<\/p>\n<p>Durante las audiencias est\u00e1 previsto que declaren m\u00e1s de 250 testigos, entre los cuales se encuentran m\u00e1s de 100 v\u00edctimas (de las ciudades de Tandil, Azul y Olavarr\u00eda, Tapalqu\u00e9, Las Flores, entre otras) y 26 acusados, entre ellos militares, polic\u00edas, penitenciarios y civiles.<\/p>\n<p>En el debate el Ministerio P\u00fablico Fiscal estar\u00e1 integrado por los fiscales Santiago Eyherabide y Juan Pablo Curi, y los auxiliares Mar\u00eda Eugenia Montero y Julio Darmandrail. Las querellas est\u00e1n representadas por Ariel Pelegrino, la Subsecretaria de Derechos Humanos de la Provincia de Buenos Aires y la Asamblea Permanente por los Derechos Humanos (APDH).<\/p>\n<p>El circuito represivo que pertenece a la Sub Zona 12 abarca el Ex Centro de Detenci\u00f3n, Tortura y Exterminio conocido como \u201cLa Huerta\u201d, las comisar\u00edas Primera y Segunda de Tandil, la \u201cChacra de M\u00e9ndez\u201d y el ex Instituto Superior de Educaci\u00f3n Rural (ISER) de Tandil. Adem\u00e1s, el Jard\u00edn Maternal De Paula, la ex Delegaci\u00f3n de la Polic\u00eda Federal (hoy Juzgado Federal), la Comisar\u00eda 1\u00b0, la Unidad 7 y el Regimiento de Azul.<\/p>\n","protected":false},"excerpt":{"rendered":"<p>El juicio por los delitos de lesa humanidad en Tandil, Azul y Olavarr\u00eda, en los&#8230;<\/p>\n","protected":false},"author":1,"featured_media":166239,"comment_status":"closed","ping_status":"closed","sticky":false,"template":"","format":"standard","meta":{"content-type":""},"categories":[31],"tags":[],"nelio_content":{"isAutoShareEnabled":false,"autoShareEndMode":"default","automationSources":{"useContentSentences":true,"useSocialTemplates":true,"useCustomSentences":false,"customSentences":[]},"followers":[1],"suggestedReferences":[],"includedReferences":[],"efiUrl":"","efiAlt":"","highlights":[]},"yoast_head":"<!-- This site is optimized with the Yoast SEO plugin v20.7 - https:\/\/yoast.com\/wordpress\/plugins\/seo\/ -->\n<title>El juicio por los delitos de Les humanidad en los medios de Sociles<\/title>\n<meta name=\"description\" content=\"El juicio por los delitos de lesa humanidad en Tandil, Azul y Olavarr\u00eda, en los medios de la Facultad de Ciencias Sociales.\" \/>\n<meta name=\"robots\" content=\"index, follow, max-snippet:-1, max-image-preview:large, max-video-preview:-1\" \/>\n<link rel=\"canonical\" href=\"https:\/\/experienciadevida.com.ar\/portalurbano\/el-juicio-por-los-delitos-de-lesa-humanidad-en-tandil-azul-y-olavarria-en-los-medios-de-la-facultad-de-ciencias-sociales\/\" \/>\n<meta property=\"og:locale\" content=\"es_ES\" \/>\n<meta property=\"og:type\" content=\"article\" \/>\n<meta property=\"og:title\" content=\"El juicio por los delitos de Les humanidad en los medios de Sociles\" \/>\n<meta property=\"og:description\" content=\"El juicio por los delitos de lesa humanidad en Tandil, Azul y Olavarr\u00eda, en los medios de la Facultad de Ciencias Sociales.\" \/>\n<meta property=\"og:url\" content=\"https:\/\/experienciadevida.com.ar\/portalurbano\/el-juicio-por-los-delitos-de-lesa-humanidad-en-tandil-azul-y-olavarria-en-los-medios-de-la-facultad-de-ciencias-sociales\/\" \/>\n<meta property=\"article:publisher\" content=\"https:\/\/www.facebook.com\/Portal-Urbano-171542830093757\/\" \/>\n<meta property=\"article:published_time\" content=\"2022-04-22T20:57:03+00:00\" \/>\n<meta property=\"article:modified_time\" content=\"2022-04-22T20:57:46+00:00\" \/>\n<meta property=\"og:image\" content=\"https:\/\/experienciadevida.com.ar\/portalurbano\/wp-content\/uploads\/2022\/04\/El-juicio-por-los.jpg\" \/>\n\t<meta property=\"og:image:width\" content=\"960\" \/>\n\t<meta property=\"og:image:height\" content=\"960\" \/>\n\t<meta property=\"og:image:type\" content=\"image\/jpeg\" \/>\n<meta name=\"author\" content=\"admpu17wp\" \/>\n<meta name=\"twitter:card\" content=\"summary_large_image\" \/>\n<meta name=\"twitter:creator\" content=\"@portalurbanook\" \/>\n<meta name=\"twitter:site\" content=\"@portalurbanook\" \/>\n<meta name=\"twitter:label1\" content=\"Escrito por\" \/>\n\t<meta name=\"twitter:data1\" content=\"admpu17wp\" \/>\n\t<meta name=\"twitter:label2\" content=\"Tiempo de lectura\" \/>\n\t<meta name=\"twitter:data2\" content=\"3 minutos\" \/>\n<script type=\"application\/ld+json\" class=\"yoast-schema-graph\">{\"@context\":\"https:\/\/schema.org\",\"@graph\":[{\"@type\":\"Article\",\"@id\":\"https:\/\/experienciadevida.com.ar\/portalurbano\/el-juicio-por-los-delitos-de-lesa-humanidad-en-tandil-azul-y-olavarria-en-los-medios-de-la-facultad-de-ciencias-sociales\/#article\",\"isPartOf\":{\"@id\":\"https:\/\/experienciadevida.com.ar\/portalurbano\/el-juicio-por-los-delitos-de-lesa-humanidad-en-tandil-azul-y-olavarria-en-los-medios-de-la-facultad-de-ciencias-sociales\/\"},\"author\":{\"name\":\"admpu17wp\",\"@id\":\"https:\/\/experienciadevida.com.ar\/portalurbano\/#\/schema\/person\/02dd326b1c4b056e9cc972486934a3a7\"},\"headline\":\"El juicio por los delitos de lesa humanidad en Tandil, Azul y Olavarr\u00eda, en los medios de la Facultad de Ciencias Sociales\",\"datePublished\":\"2022-04-22T20:57:03+00:00\",\"dateModified\":\"2022-04-22T20:57:46+00:00\",\"mainEntityOfPage\":{\"@id\":\"https:\/\/experienciadevida.com.ar\/portalurbano\/el-juicio-por-los-delitos-de-lesa-humanidad-en-tandil-azul-y-olavarria-en-los-medios-de-la-facultad-de-ciencias-sociales\/\"},\"wordCount\":580,\"publisher\":{\"@id\":\"https:\/\/experienciadevida.com.ar\/portalurbano\/#organization\"},\"articleSection\":[\"Educaci\u00f3n\"],\"inLanguage\":\"es\"},{\"@type\":\"WebPage\",\"@id\":\"https:\/\/experienciadevida.com.ar\/portalurbano\/el-juicio-por-los-delitos-de-lesa-humanidad-en-tandil-azul-y-olavarria-en-los-medios-de-la-facultad-de-ciencias-sociales\/\",\"url\":\"https:\/\/experienciadevida.com.ar\/portalurbano\/el-juicio-por-los-delitos-de-lesa-humanidad-en-tandil-azul-y-olavarria-en-los-medios-de-la-facultad-de-ciencias-sociales\/\",\"name\":\"El juicio por los delitos de Les humanidad en los medios de Sociles\",\"isPartOf\":{\"@id\":\"https:\/\/experienciadevida.com.ar\/portalurbano\/#website\"},\"datePublished\":\"2022-04-22T20:57:03+00:00\",\"dateModified\":\"2022-04-22T20:57:46+00:00\",\"description\":\"El juicio por los delitos de lesa humanidad en Tandil, Azul y Olavarr\u00eda, en los medios de la Facultad de Ciencias Sociales.\",\"breadcrumb\":{\"@id\":\"https:\/\/experienciadevida.com.ar\/portalurbano\/el-juicio-por-los-delitos-de-lesa-humanidad-en-tandil-azul-y-olavarria-en-los-medios-de-la-facultad-de-ciencias-sociales\/#breadcrumb\"},\"inLanguage\":\"es\",\"potentialAction\":[{\"@type\":\"ReadAction\",\"target\":[\"https:\/\/experienciadevida.com.ar\/portalurbano\/el-juicio-por-los-delitos-de-lesa-humanidad-en-tandil-azul-y-olavarria-en-los-medios-de-la-facultad-de-ciencias-sociales\/\"]}]},{\"@type\":\"BreadcrumbList\",\"@id\":\"https:\/\/experienciadevida.com.ar\/portalurbano\/el-juicio-por-los-delitos-de-lesa-humanidad-en-tandil-azul-y-olavarria-en-los-medios-de-la-facultad-de-ciencias-sociales\/#breadcrumb\",\"itemListElement\":[{\"@type\":\"ListItem\",\"position\":1,\"name\":\"Portada\",\"item\":\"https:\/\/experienciadevida.com.ar\/portalurbano\/\"},{\"@type\":\"ListItem\",\"position\":2,\"name\":\"El juicio por los delitos de lesa humanidad en Tandil, Azul y Olavarr\u00eda, en los medios de la Facultad de Ciencias Sociales\"}]},{\"@type\":\"WebSite\",\"@id\":\"https:\/\/experienciadevida.com.ar\/portalurbano\/#website\",\"url\":\"https:\/\/experienciadevida.com.ar\/portalurbano\/\",\"name\":\"\",\"description\":\"\",\"publisher\":{\"@id\":\"https:\/\/experienciadevida.com.ar\/portalurbano\/#organization\"},\"potentialAction\":[{\"@type\":\"SearchAction\",\"target\":{\"@type\":\"EntryPoint\",\"urlTemplate\":\"https:\/\/experienciadevida.com.ar\/portalurbano\/?s={search_term_string}\"},\"query-input\":\"required name=search_term_string\"}],\"inLanguage\":\"es\"},{\"@type\":\"Organization\",\"@id\":\"https:\/\/experienciadevida.com.ar\/portalurbano\/#organization\",\"name\":\"Portal Urbano\",\"url\":\"https:\/\/experienciadevida.com.ar\/portalurbano\/\",\"logo\":{\"@type\":\"ImageObject\",\"inLanguage\":\"es\",\"@id\":\"https:\/\/experienciadevida.com.ar\/portalurbano\/#\/schema\/logo\/image\/\",\"url\":\"https:\/\/experienciadevida.com.ar\/portalurbano\/wp-content\/uploads\/2019\/09\/Logo-Original.png\",\"contentUrl\":\"https:\/\/experienciadevida.com.ar\/portalurbano\/wp-content\/uploads\/2019\/09\/Logo-Original.png\",\"width\":2236,\"height\":1216,\"caption\":\"Portal Urbano\"},\"image\":{\"@id\":\"https:\/\/experienciadevida.com.ar\/portalurbano\/#\/schema\/logo\/image\/\"},\"sameAs\":[\"https:\/\/www.facebook.com\/Portal-Urbano-171542830093757\/\",\"https:\/\/twitter.com\/portalurbanook\",\"https:\/\/www.instagram.com\/_portalurbano\/\",\"https:\/\/www.youtube.com\/channel\/UCXhagIfszH8KxFiOok79zbA?view_as=subscriber\"]},{\"@type\":\"Person\",\"@id\":\"https:\/\/experienciadevida.com.ar\/portalurbano\/#\/schema\/person\/02dd326b1c4b056e9cc972486934a3a7\",\"name\":\"admpu17wp\",\"image\":{\"@type\":\"ImageObject\",\"inLanguage\":\"es\",\"@id\":\"https:\/\/experienciadevida.com.ar\/portalurbano\/#\/schema\/person\/image\/\",\"url\":\"https:\/\/secure.gravatar.com\/avatar\/830d4c57adaae6630765e449a6908047?s=96&d=mm&r=g\",\"contentUrl\":\"https:\/\/secure.gravatar.com\/avatar\/830d4c57adaae6630765e449a6908047?s=96&d=mm&r=g\",\"caption\":\"admpu17wp\"}}]}<\/script>\n<!-- \/ Yoast SEO plugin. -->","yoast_head_json":{"title":"El juicio por los delitos de Les humanidad en los medios de Sociles","description":"El juicio por los delitos de lesa humanidad en Tandil, Azul y Olavarr\u00eda, en los medios de la Facultad de Ciencias Sociales.","robots":{"index":"index","follow":"follow","max-snippet":"max-snippet:-1","max-image-preview":"max-image-preview:large","max-video-preview":"max-video-preview:-1"},"canonical":"https:\/\/experienciadevida.com.ar\/portalurbano\/el-juicio-por-los-delitos-de-lesa-humanidad-en-tandil-azul-y-olavarria-en-los-medios-de-la-facultad-de-ciencias-sociales\/","og_locale":"es_ES","og_type":"article","og_title":"El juicio por los delitos de Les humanidad en los medios de Sociles","og_description":"El juicio por los delitos de lesa humanidad en Tandil, Azul y Olavarr\u00eda, en los medios de la Facultad de Ciencias Sociales.","og_url":"https:\/\/experienciadevida.com.ar\/portalurbano\/el-juicio-por-los-delitos-de-lesa-humanidad-en-tandil-azul-y-olavarria-en-los-medios-de-la-facultad-de-ciencias-sociales\/","article_publisher":"https:\/\/www.facebook.com\/Portal-Urbano-171542830093757\/","article_published_time":"2022-04-22T20:57:03+00:00","article_modified_time":"2022-04-22T20:57:46+00:00","og_image":[{"width":960,"height":960,"url":"https:\/\/experienciadevida.com.ar\/portalurbano\/wp-content\/uploads\/2022\/04\/El-juicio-por-los.jpg","type":"image\/jpeg"}],"author":"admpu17wp","twitter_card":"summary_large_image","twitter_creator":"@portalurbanook","twitter_site":"@portalurbanook","twitter_misc":{"Escrito por":"admpu17wp","Tiempo de lectura":"3 minutos"},"schema":{"@context":"https:\/\/schema.org","@graph":[{"@type":"Article","@id":"https:\/\/experienciadevida.com.ar\/portalurbano\/el-juicio-por-los-delitos-de-lesa-humanidad-en-tandil-azul-y-olavarria-en-los-medios-de-la-facultad-de-ciencias-sociales\/#article","isPartOf":{"@id":"https:\/\/experienciadevida.com.ar\/portalurbano\/el-juicio-por-los-delitos-de-lesa-humanidad-en-tandil-azul-y-olavarria-en-los-medios-de-la-facultad-de-ciencias-sociales\/"},"author":{"name":"admpu17wp","@id":"https:\/\/experienciadevida.com.ar\/portalurbano\/#\/schema\/person\/02dd326b1c4b056e9cc972486934a3a7"},"headline":"El juicio por los delitos de lesa humanidad en Tandil, Azul y Olavarr\u00eda, en los medios de la Facultad de Ciencias Sociales","datePublished":"2022-04-22T20:57:03+00:00","dateModified":"2022-04-22T20:57:46+00:00","mainEntityOfPage":{"@id":"https:\/\/experienciadevida.com.ar\/portalurbano\/el-juicio-por-los-delitos-de-lesa-humanidad-en-tandil-azul-y-olavarria-en-los-medios-de-la-facultad-de-ciencias-sociales\/"},"wordCount":580,"publisher":{"@id":"https:\/\/experienciadevida.com.ar\/portalurbano\/#organization"},"articleSection":["Educaci\u00f3n"],"inLanguage":"es"},{"@type":"WebPage","@id":"https:\/\/experienciadevida.com.ar\/portalurbano\/el-juicio-por-los-delitos-de-lesa-humanidad-en-tandil-azul-y-olavarria-en-los-medios-de-la-facultad-de-ciencias-sociales\/","url":"https:\/\/experienciadevida.com.ar\/portalurbano\/el-juicio-por-los-delitos-de-lesa-humanidad-en-tandil-azul-y-olavarria-en-los-medios-de-la-facultad-de-ciencias-sociales\/","name":"El juicio por los delitos de Les humanidad en los medios de Sociles","isPartOf":{"@id":"https:\/\/experienciadevida.com.ar\/portalurbano\/#website"},"datePublished":"2022-04-22T20:57:03+00:00","dateModified":"2022-04-22T20:57:46+00:00","description":"El juicio por los delitos de lesa humanidad en Tandil, Azul y Olavarr\u00eda, en los medios de la Facultad de Ciencias Sociales.","breadcrumb":{"@id":"https:\/\/experienciadevida.com.ar\/portalurbano\/el-juicio-por-los-delitos-de-lesa-humanidad-en-tandil-azul-y-olavarria-en-los-medios-de-la-facultad-de-ciencias-sociales\/#breadcrumb"},"inLanguage":"es","potentialAction":[{"@type":"ReadAction","target":["https:\/\/experienciadevida.com.ar\/portalurbano\/el-juicio-por-los-delitos-de-lesa-humanidad-en-tandil-azul-y-olavarria-en-los-medios-de-la-facultad-de-ciencias-sociales\/"]}]},{"@type":"BreadcrumbList","@id":"https:\/\/experienciadevida.com.ar\/portalurbano\/el-juicio-por-los-delitos-de-lesa-humanidad-en-tandil-azul-y-olavarria-en-los-medios-de-la-facultad-de-ciencias-sociales\/#breadcrumb","itemListElement":[{"@type":"ListItem","position":1,"name":"Portada","item":"https:\/\/experienciadevida.com.ar\/portalurbano\/"},{"@type":"ListItem","position":2,"name":"El juicio por los delitos de lesa humanidad en Tandil, Azul y Olavarr\u00eda, en los medios de la Facultad de Ciencias Sociales"}]},{"@type":"WebSite","@id":"https:\/\/experienciadevida.com.ar\/portalurbano\/#website","url":"https:\/\/experienciadevida.com.ar\/portalurbano\/","name":"","description":"","publisher":{"@id":"https:\/\/experienciadevida.com.ar\/portalurbano\/#organization"},"potentialAction":[{"@type":"SearchAction","target":{"@type":"EntryPoint","urlTemplate":"https:\/\/experienciadevida.com.ar\/portalurbano\/?s={search_term_string}"},"query-input":"required name=search_term_string"}],"inLanguage":"es"},{"@type":"Organization","@id":"https:\/\/experienciadevida.com.ar\/portalurbano\/#organization","name":"Portal Urbano","url":"https:\/\/experienciadevida.com.ar\/portalurbano\/","logo":{"@type":"ImageObject","inLanguage":"es","@id":"https:\/\/experienciadevida.com.ar\/portalurbano\/#\/schema\/logo\/image\/","url":"https:\/\/experienciadevida.com.ar\/portalurbano\/wp-content\/uploads\/2019\/09\/Logo-Original.png","contentUrl":"https:\/\/experienciadevida.com.ar\/portalurbano\/wp-content\/uploads\/2019\/09\/Logo-Original.png","width":2236,"height":1216,"caption":"Portal Urbano"},"image":{"@id":"https:\/\/experienciadevida.com.ar\/portalurbano\/#\/schema\/logo\/image\/"},"sameAs":["https:\/\/www.facebook.com\/Portal-Urbano-171542830093757\/","https:\/\/twitter.com\/portalurbanook","https:\/\/www.instagram.com\/_portalurbano\/","https:\/\/www.youtube.com\/channel\/UCXhagIfszH8KxFiOok79zbA?view_as=subscriber"]},{"@type":"Person","@id":"https:\/\/experienciadevida.com.ar\/portalurbano\/#\/schema\/person\/02dd326b1c4b056e9cc972486934a3a7","name":"admpu17wp","image":{"@type":"ImageObject","inLanguage":"es","@id":"https:\/\/experienciadevida.com.ar\/portalurbano\/#\/schema\/person\/image\/","url":"https:\/\/secure.gravatar.com\/avatar\/830d4c57adaae6630765e449a6908047?s=96&d=mm&r=g","contentUrl":"https:\/\/secure.gravatar.com\/avatar\/830d4c57adaae6630765e449a6908047?s=96&d=mm&r=g","caption":"admpu17wp"}}]}},"featured_image_urls":{"full":["https:\/\/experienciadevida.com.ar\/portalurbano\/wp-content\/uploads\/2022\/04\/El-juicio-por-los.jpg",960,960,false],"thumbnail":["https:\/\/experienciadevida.com.ar\/portalurbano\/wp-content\/uploads\/2022\/04\/El-juicio-por-los-150x150.jpg",150,150,true],"medium":["https:\/\/experienciadevida.com.ar\/portalurbano\/wp-content\/uploads\/2022\/04\/El-juicio-por-los-300x300.jpg",300,300,true],"medium_large":["https:\/\/experienciadevida.com.ar\/portalurbano\/wp-content\/uploads\/2022\/04\/El-juicio-por-los-768x768.jpg",640,640,true],"large":["https:\/\/experienciadevida.com.ar\/portalurbano\/wp-content\/uploads\/2022\/04\/El-juicio-por-los.jpg",640,640,false],"ug_big":["https:\/\/experienciadevida.com.ar\/portalurbano\/wp-content\/uploads\/2022\/04\/El-juicio-por-los-768x768.jpg",768,768,true],"1536x1536":["https:\/\/experienciadevida.com.ar\/portalurbano\/wp-content\/uploads\/2022\/04\/El-juicio-por-los.jpg",960,960,false],"2048x2048":["https:\/\/experienciadevida.com.ar\/portalurbano\/wp-content\/uploads\/2022\/04\/El-juicio-por-los.jpg",960,960,false],"newsever-slider-full":["https:\/\/experienciadevida.com.ar\/portalurbano\/wp-content\/uploads\/2022\/04\/El-juicio-por-los.jpg",845,845,false],"newsever-featured":["https:\/\/experienciadevida.com.ar\/portalurbano\/wp-content\/uploads\/2022\/04\/El-juicio-por-los.jpg",960,960,false],"newsever-medium":["https:\/\/experienciadevida.com.ar\/portalurbano\/wp-content\/uploads\/2022\/04\/El-juicio-por-los.jpg",475,475,false],"web-stories-poster-portrait":["https:\/\/experienciadevida.com.ar\/portalurbano\/wp-content\/uploads\/2022\/04\/El-juicio-por-los.jpg",640,640,false],"web-stories-publisher-logo":["https:\/\/experienciadevida.com.ar\/portalurbano\/wp-content\/uploads\/2022\/04\/El-juicio-por-los.jpg",96,96,false],"web-stories-thumbnail":["https:\/\/experienciadevida.com.ar\/portalurbano\/wp-content\/uploads\/2022\/04\/El-juicio-por-los.jpg",150,150,false]},"author_info":{"display_name":"admpu17wp","author_link":"https:\/\/experienciadevida.com.ar\/portalurbano\/author\/admpu17wp\/"},"category_info":"<a href=\"https:\/\/experienciadevida.com.ar\/portalurbano\/category\/ciudad\/educacion\/\" rel=\"category tag\">Educaci\u00f3n<\/a>","tag_info":"Educaci\u00f3n","comment_count":"0","amp_enabled":true,"_links":{"self":[{"href":"https:\/\/experienciadevida.com.ar\/portalurbano\/wp-json\/wp\/v2\/posts\/166238"}],"collection":[{"href":"https:\/\/experienciadevida.com.ar\/portalurbano\/wp-json\/wp\/v2\/posts"}],"about":[{"href":"https:\/\/experienciadevida.com.ar\/portalurbano\/wp-json\/wp\/v2\/types\/post"}],"author":[{"embeddable":true,"href":"https:\/\/experienciadevida.com.ar\/portalurbano\/wp-json\/wp\/v2\/users\/1"}],"replies":[{"embeddable":true,"href":"https:\/\/experienciadevida.com.ar\/portalurbano\/wp-json\/wp\/v2\/comments?post=166238"}],"version-history":[{"count":1,"href":"https:\/\/experienciadevida.com.ar\/portalurbano\/wp-json\/wp\/v2\/posts\/166238\/revisions"}],"predecessor-version":[{"id":166240,"href":"https:\/\/experienciadevida.com.ar\/portalurbano\/wp-json\/wp\/v2\/posts\/166238\/revisions\/166240"}],"wp:featuredmedia":[{"embeddable":true,"href":"https:\/\/experienciadevida.com.ar\/portalurbano\/wp-json\/wp\/v2\/media\/166239"}],"wp:attachment":[{"href":"https:\/\/experienciadevida.com.ar\/portalurbano\/wp-json\/wp\/v2\/media?parent=166238"}],"wp:term":[{"taxonomy":"category","embeddable":true,"href":"https:\/\/experienciadevida.com.ar\/portalurbano\/wp-json\/wp\/v2\/categories?post=166238"},{"taxonomy":"post_tag","embeddable":true,"href":"https:\/\/experienciadevida.com.ar\/portalurbano\/wp-json\/wp\/v2\/tags?post=166238"}],"curies":[{"name":"wp","href":"https:\/\/api.w.org\/{rel}","templated":true}]}}