{"id":166231,"date":"2022-04-22T17:45:37","date_gmt":"2022-04-22T20:45:37","guid":{"rendered":"https:\/\/experienciadevida.com.ar\/portalurbano\/?p=166231"},"modified":"2022-04-22T17:47:21","modified_gmt":"2022-04-22T20:47:21","slug":"unicen-presento-los-puntos-de-extension-territorial-de-olavarria-y-azul","status":"publish","type":"post","link":"https:\/\/experienciadevida.com.ar\/portalurbano\/unicen-presento-los-puntos-de-extension-territorial-de-olavarria-y-azul\/","title":{"rendered":"UNICEN present\u00f3 los Puntos de Extensi\u00f3n Territorial de Olavarr\u00eda y Azul"},"content":{"rendered":"<p>UNICEN present\u00f3 los Puntos de Extensi\u00f3n Territorial de Olavarr\u00eda y Azul, autoridades e integrantes de la Facultad de Ciencias Sociales fueron parte del Encuentro Regional de Extensi\u00f3n que se realiz\u00f3 en el campus universitario de la ciudad de Azul. Durante el mismo se realiz\u00f3 el lanzamiento de los Puntos de Extensi\u00f3n Territorial (PET) que comenzar\u00e1n a funcionar en las sedes de Olavarr\u00eda y Azul, y se presentaron p\u00fablicamente los Programas Integrales de la UNICEN.<\/p>\n<p>Del encuentro participaron autoridades de la UNICEN, directores\/as de programas y proyectos, integrantes de equipos extensionistas y de organizaciones sociales. El acto inaugural estuvo encabezado por el rector, Dr. Marcelo Aba; la vicerrectora, Prof. Alicia Spinello; y el secretario de Extensi\u00f3n de la UNICEN, Mag. Daniel Herrero, junto a autoridades de las distintas unidades acad\u00e9micas de las sedes Olavarr\u00eda y Azul. Por la Facultad de Ciencias Sociales participaron la decana, Lic. Gabriela Gamberini y el Secretario de Extensi\u00f3n, Bienestar y Transferencia, Lic. Nicol\u00e1s Casado.<\/p>\n<p>Tanto Aba como Herrero destacaron el car\u00e1cter regional de esta iniciativa y su din\u00e1mica participativa en cuanto a la elaboraci\u00f3n de propuestas con la comunidad para el abordaje de distintas problem\u00e1ticas, a trav\u00e9s del trabajo conjunto con las organizaciones sociales de los diferentes barrios que conforman los PETs. Asimismo, se\u00f1alaron el impulso a la extensi\u00f3n universitaria por parte del Estado Nacional, ya que por primera vez destin\u00f3 una inversi\u00f3n de 11 millones de pesos para el desarrollo de proyectos que atienden a problem\u00e1ticas locales.<\/p>\n<p>Por otra parte, docentes investigadores\/as y extensionistas de la FACSO participaron de la jornada. Entre ellos\/as, la Dra. Anal\u00eda Umpi\u00e9rrez, directora del Programa Integral \u201cAcceso a derechos en c\u00e1rceles\u201d; el Dr. Marcelo Sarlingo, director del Programa Integral \u201cPrograma estrat\u00e9gico de cannabis medicinal\u201d; la Prof. Laura Hoffman, codirectora del Programa Integral \u201cInfancias, juventudes y derechos\u201d; y la Lic. Cecilia Arce, integrante del equipo de extensi\u00f3n y del espacio de Pr\u00e1cticas Socioeducativas.<\/p>\n<p>Los Programas Integrales de la FACSO<\/p>\n<p>Puntos Territoriales de Extensi\u00f3n<\/p>\n<p>Se trata de una metodolog\u00eda o una forma de organizar el trabajo que la universidad desarrolla en conjunto con diversos actores territoriales \u2013referentes, instituciones y organizaciones barriales\u2013 a trav\u00e9s de programas, proyectos o actividades de las que participan integrantes de todas las unidades acad\u00e9micas.<\/p>\n<p>El trabajo se desarrolla de acuerdo a la definici\u00f3n de zonas o corredores territoriales a partir de las experiencias y antecedentes de trabajo. Se trata de \u00e1reas compuestas por barrios que comparten caracter\u00edsticas sociodemogr\u00e1ficas, culturales y\/o hist\u00f3ricas, que muchas veces presentan problem\u00e1ticas y demandas comunes que se van construyendo a partir del di\u00e1logo colectivo. En dichos corredores funciona al menos un punto de extensi\u00f3n territorial constituido desde v\u00ednculos institucionales u organizacionales.<\/p>\n<p>En la sede Olavarr\u00eda, el abordaje territorial comprende un Corredor Sur que incluye los barrios de Villa Mail\u00edn, Provincias Unidas, Villa Magdalena, Villa Aurora y Evita.<\/p>\n<p>En cuanto a la articulaci\u00f3n con otros actores sociales, se trabaja con instituciones, organizaciones sociales, distintas instancias del Estado, vecinos\/as de referencia en cada barrio. Como puntos de trabajo se definen las mesas barriales o comisiones vecinales, seg\u00fan cada caso, las cuales son espacios abiertos y heterog\u00e9neos de trabajo donde se analizan integralmente las problem\u00e1ticas del lugar.<\/p>\n<p>La creaci\u00f3n de los PETs est\u00e1 relacionada con la fuerte presencia de trabajo en las distintas comunidades de influencia. Ese trabajo crece a\u00f1o a a\u00f1o y es necesario organizarlo, para evitar que se superpongan esfuerzos o se trabaje desarticuladamente con las comunidades, generando procesos invasivos y de excesiva demanda de colaboraciones reiteradas. Los PETs permiten no superponer esfuerzos, cuidar los v\u00ednculos y potenciar el trabajo.<\/p>\n<p>En cuanto a la modalidad de trabajo, la Secretar\u00eda de Extensi\u00f3n cuenta con la figura de articuladores\/as territoriales-barriales, quienes participan de dichos espacios de di\u00e1logo impulsando diagn\u00f3sticos participativos y din\u00e1micos que facilitan el abordaje integral de problem\u00e1ticas comunitarias diversas, en b\u00fasqueda de mejores y m\u00e1s equitativas condiciones de vida.<\/p>\n<p>En este sentido, durante el encuentro se realiz\u00f3 la presentaci\u00f3n de los articuladores de los PETs en Olavarr\u00eda y Azul, en la sede local quien desempe\u00f1ar\u00e1 este rol es Roberto Massaro, estudiante avanzado de la carrera de Antropolog\u00eda Social y extensionista.<\/p>\n","protected":false},"excerpt":{"rendered":"<p>UNICEN present\u00f3 los Puntos de Extensi\u00f3n Territorial de Olavarr\u00eda y Azul, autoridades e integrantes de&#8230;<\/p>\n","protected":false},"author":1,"featured_media":166233,"comment_status":"closed","ping_status":"closed","sticky":false,"template":"","format":"standard","meta":{"content-type":""},"categories":[31],"tags":[],"nelio_content":{"isAutoShareEnabled":false,"autoShareEndMode":"default","automationSources":{"useContentSentences":true,"useSocialTemplates":true,"useCustomSentences":false,"customSentences":[]},"followers":[1],"suggestedReferences":[],"includedReferences":[],"efiUrl":"","efiAlt":"","highlights":[]},"yoast_head":"<!-- This site is optimized with the Yoast SEO plugin v20.7 - https:\/\/yoast.com\/wordpress\/plugins\/seo\/ -->\n<title>UNICEN present\u00f3 los puntos de extensi\u00f3n territorial de Olavarr\u00eda y Azul<\/title>\n<meta name=\"description\" content=\"UNICEN present\u00f3 los Puntos de Extensi\u00f3n Territorial de Olavarr\u00eda y Azul, autoridades e integrantes de la Facultad de Ciencias sociales\" \/>\n<meta name=\"robots\" content=\"index, follow, max-snippet:-1, max-image-preview:large, max-video-preview:-1\" \/>\n<link rel=\"canonical\" href=\"https:\/\/experienciadevida.com.ar\/portalurbano\/unicen-presento-los-puntos-de-extension-territorial-de-olavarria-y-azul\/\" \/>\n<meta property=\"og:locale\" content=\"es_ES\" \/>\n<meta property=\"og:type\" content=\"article\" \/>\n<meta property=\"og:title\" content=\"UNICEN present\u00f3 los puntos de extensi\u00f3n territorial de Olavarr\u00eda y Azul\" \/>\n<meta property=\"og:description\" content=\"UNICEN present\u00f3 los Puntos de Extensi\u00f3n Territorial de Olavarr\u00eda y Azul, autoridades e integrantes de la Facultad de Ciencias sociales\" \/>\n<meta property=\"og:url\" content=\"https:\/\/experienciadevida.com.ar\/portalurbano\/unicen-presento-los-puntos-de-extension-territorial-de-olavarria-y-azul\/\" \/>\n<meta property=\"article:publisher\" content=\"https:\/\/www.facebook.com\/Portal-Urbano-171542830093757\/\" \/>\n<meta property=\"article:published_time\" content=\"2022-04-22T20:45:37+00:00\" \/>\n<meta property=\"article:modified_time\" content=\"2022-04-22T20:47:21+00:00\" \/>\n<meta property=\"og:image\" content=\"https:\/\/experienciadevida.com.ar\/portalurbano\/wp-content\/uploads\/2022\/04\/UNICEN-presento-los-Puntos.jpg\" \/>\n\t<meta property=\"og:image:width\" content=\"1233\" \/>\n\t<meta property=\"og:image:height\" content=\"665\" \/>\n\t<meta property=\"og:image:type\" content=\"image\/jpeg\" \/>\n<meta name=\"author\" content=\"admpu17wp\" \/>\n<meta name=\"twitter:card\" content=\"summary_large_image\" \/>\n<meta name=\"twitter:creator\" content=\"@portalurbanook\" \/>\n<meta name=\"twitter:site\" content=\"@portalurbanook\" \/>\n<meta name=\"twitter:label1\" content=\"Escrito por\" \/>\n\t<meta name=\"twitter:data1\" content=\"admpu17wp\" \/>\n\t<meta name=\"twitter:label2\" content=\"Tiempo de lectura\" \/>\n\t<meta name=\"twitter:data2\" content=\"4 minutos\" \/>\n<script type=\"application\/ld+json\" class=\"yoast-schema-graph\">{\"@context\":\"https:\/\/schema.org\",\"@graph\":[{\"@type\":\"Article\",\"@id\":\"https:\/\/experienciadevida.com.ar\/portalurbano\/unicen-presento-los-puntos-de-extension-territorial-de-olavarria-y-azul\/#article\",\"isPartOf\":{\"@id\":\"https:\/\/experienciadevida.com.ar\/portalurbano\/unicen-presento-los-puntos-de-extension-territorial-de-olavarria-y-azul\/\"},\"author\":{\"name\":\"admpu17wp\",\"@id\":\"https:\/\/experienciadevida.com.ar\/portalurbano\/#\/schema\/person\/02dd326b1c4b056e9cc972486934a3a7\"},\"headline\":\"UNICEN present\u00f3 los Puntos de Extensi\u00f3n Territorial de Olavarr\u00eda y Azul\",\"datePublished\":\"2022-04-22T20:45:37+00:00\",\"dateModified\":\"2022-04-22T20:47:21+00:00\",\"mainEntityOfPage\":{\"@id\":\"https:\/\/experienciadevida.com.ar\/portalurbano\/unicen-presento-los-puntos-de-extension-territorial-de-olavarria-y-azul\/\"},\"wordCount\":754,\"publisher\":{\"@id\":\"https:\/\/experienciadevida.com.ar\/portalurbano\/#organization\"},\"articleSection\":[\"Educaci\u00f3n\"],\"inLanguage\":\"es\"},{\"@type\":\"WebPage\",\"@id\":\"https:\/\/experienciadevida.com.ar\/portalurbano\/unicen-presento-los-puntos-de-extension-territorial-de-olavarria-y-azul\/\",\"url\":\"https:\/\/experienciadevida.com.ar\/portalurbano\/unicen-presento-los-puntos-de-extension-territorial-de-olavarria-y-azul\/\",\"name\":\"UNICEN present\u00f3 los puntos de extensi\u00f3n territorial de Olavarr\u00eda y Azul\",\"isPartOf\":{\"@id\":\"https:\/\/experienciadevida.com.ar\/portalurbano\/#website\"},\"datePublished\":\"2022-04-22T20:45:37+00:00\",\"dateModified\":\"2022-04-22T20:47:21+00:00\",\"description\":\"UNICEN present\u00f3 los Puntos de Extensi\u00f3n Territorial de Olavarr\u00eda y Azul, autoridades e integrantes de la Facultad de Ciencias sociales\",\"breadcrumb\":{\"@id\":\"https:\/\/experienciadevida.com.ar\/portalurbano\/unicen-presento-los-puntos-de-extension-territorial-de-olavarria-y-azul\/#breadcrumb\"},\"inLanguage\":\"es\",\"potentialAction\":[{\"@type\":\"ReadAction\",\"target\":[\"https:\/\/experienciadevida.com.ar\/portalurbano\/unicen-presento-los-puntos-de-extension-territorial-de-olavarria-y-azul\/\"]}]},{\"@type\":\"BreadcrumbList\",\"@id\":\"https:\/\/experienciadevida.com.ar\/portalurbano\/unicen-presento-los-puntos-de-extension-territorial-de-olavarria-y-azul\/#breadcrumb\",\"itemListElement\":[{\"@type\":\"ListItem\",\"position\":1,\"name\":\"Portada\",\"item\":\"https:\/\/experienciadevida.com.ar\/portalurbano\/\"},{\"@type\":\"ListItem\",\"position\":2,\"name\":\"UNICEN present\u00f3 los Puntos de Extensi\u00f3n Territorial de Olavarr\u00eda y Azul\"}]},{\"@type\":\"WebSite\",\"@id\":\"https:\/\/experienciadevida.com.ar\/portalurbano\/#website\",\"url\":\"https:\/\/experienciadevida.com.ar\/portalurbano\/\",\"name\":\"\",\"description\":\"\",\"publisher\":{\"@id\":\"https:\/\/experienciadevida.com.ar\/portalurbano\/#organization\"},\"potentialAction\":[{\"@type\":\"SearchAction\",\"target\":{\"@type\":\"EntryPoint\",\"urlTemplate\":\"https:\/\/experienciadevida.com.ar\/portalurbano\/?s={search_term_string}\"},\"query-input\":\"required name=search_term_string\"}],\"inLanguage\":\"es\"},{\"@type\":\"Organization\",\"@id\":\"https:\/\/experienciadevida.com.ar\/portalurbano\/#organization\",\"name\":\"Portal Urbano\",\"url\":\"https:\/\/experienciadevida.com.ar\/portalurbano\/\",\"logo\":{\"@type\":\"ImageObject\",\"inLanguage\":\"es\",\"@id\":\"https:\/\/experienciadevida.com.ar\/portalurbano\/#\/schema\/logo\/image\/\",\"url\":\"https:\/\/experienciadevida.com.ar\/portalurbano\/wp-content\/uploads\/2019\/09\/Logo-Original.png\",\"contentUrl\":\"https:\/\/experienciadevida.com.ar\/portalurbano\/wp-content\/uploads\/2019\/09\/Logo-Original.png\",\"width\":2236,\"height\":1216,\"caption\":\"Portal Urbano\"},\"image\":{\"@id\":\"https:\/\/experienciadevida.com.ar\/portalurbano\/#\/schema\/logo\/image\/\"},\"sameAs\":[\"https:\/\/www.facebook.com\/Portal-Urbano-171542830093757\/\",\"https:\/\/twitter.com\/portalurbanook\",\"https:\/\/www.instagram.com\/_portalurbano\/\",\"https:\/\/www.youtube.com\/channel\/UCXhagIfszH8KxFiOok79zbA?view_as=subscriber\"]},{\"@type\":\"Person\",\"@id\":\"https:\/\/experienciadevida.com.ar\/portalurbano\/#\/schema\/person\/02dd326b1c4b056e9cc972486934a3a7\",\"name\":\"admpu17wp\",\"image\":{\"@type\":\"ImageObject\",\"inLanguage\":\"es\",\"@id\":\"https:\/\/experienciadevida.com.ar\/portalurbano\/#\/schema\/person\/image\/\",\"url\":\"https:\/\/secure.gravatar.com\/avatar\/830d4c57adaae6630765e449a6908047?s=96&d=mm&r=g\",\"contentUrl\":\"https:\/\/secure.gravatar.com\/avatar\/830d4c57adaae6630765e449a6908047?s=96&d=mm&r=g\",\"caption\":\"admpu17wp\"}}]}<\/script>\n<!-- \/ Yoast SEO plugin. -->","yoast_head_json":{"title":"UNICEN present\u00f3 los puntos de extensi\u00f3n territorial de Olavarr\u00eda y Azul","description":"UNICEN present\u00f3 los Puntos de Extensi\u00f3n Territorial de Olavarr\u00eda y Azul, autoridades e integrantes de la Facultad de Ciencias sociales","robots":{"index":"index","follow":"follow","max-snippet":"max-snippet:-1","max-image-preview":"max-image-preview:large","max-video-preview":"max-video-preview:-1"},"canonical":"https:\/\/experienciadevida.com.ar\/portalurbano\/unicen-presento-los-puntos-de-extension-territorial-de-olavarria-y-azul\/","og_locale":"es_ES","og_type":"article","og_title":"UNICEN present\u00f3 los puntos de extensi\u00f3n territorial de Olavarr\u00eda y Azul","og_description":"UNICEN present\u00f3 los Puntos de Extensi\u00f3n Territorial de Olavarr\u00eda y Azul, autoridades e integrantes de la Facultad de Ciencias sociales","og_url":"https:\/\/experienciadevida.com.ar\/portalurbano\/unicen-presento-los-puntos-de-extension-territorial-de-olavarria-y-azul\/","article_publisher":"https:\/\/www.facebook.com\/Portal-Urbano-171542830093757\/","article_published_time":"2022-04-22T20:45:37+00:00","article_modified_time":"2022-04-22T20:47:21+00:00","og_image":[{"width":1233,"height":665,"url":"https:\/\/experienciadevida.com.ar\/portalurbano\/wp-content\/uploads\/2022\/04\/UNICEN-presento-los-Puntos.jpg","type":"image\/jpeg"}],"author":"admpu17wp","twitter_card":"summary_large_image","twitter_creator":"@portalurbanook","twitter_site":"@portalurbanook","twitter_misc":{"Escrito por":"admpu17wp","Tiempo de lectura":"4 minutos"},"schema":{"@context":"https:\/\/schema.org","@graph":[{"@type":"Article","@id":"https:\/\/experienciadevida.com.ar\/portalurbano\/unicen-presento-los-puntos-de-extension-territorial-de-olavarria-y-azul\/#article","isPartOf":{"@id":"https:\/\/experienciadevida.com.ar\/portalurbano\/unicen-presento-los-puntos-de-extension-territorial-de-olavarria-y-azul\/"},"author":{"name":"admpu17wp","@id":"https:\/\/experienciadevida.com.ar\/portalurbano\/#\/schema\/person\/02dd326b1c4b056e9cc972486934a3a7"},"headline":"UNICEN present\u00f3 los Puntos de Extensi\u00f3n Territorial de Olavarr\u00eda y Azul","datePublished":"2022-04-22T20:45:37+00:00","dateModified":"2022-04-22T20:47:21+00:00","mainEntityOfPage":{"@id":"https:\/\/experienciadevida.com.ar\/portalurbano\/unicen-presento-los-puntos-de-extension-territorial-de-olavarria-y-azul\/"},"wordCount":754,"publisher":{"@id":"https:\/\/experienciadevida.com.ar\/portalurbano\/#organization"},"articleSection":["Educaci\u00f3n"],"inLanguage":"es"},{"@type":"WebPage","@id":"https:\/\/experienciadevida.com.ar\/portalurbano\/unicen-presento-los-puntos-de-extension-territorial-de-olavarria-y-azul\/","url":"https:\/\/experienciadevida.com.ar\/portalurbano\/unicen-presento-los-puntos-de-extension-territorial-de-olavarria-y-azul\/","name":"UNICEN present\u00f3 los puntos de extensi\u00f3n territorial de Olavarr\u00eda y Azul","isPartOf":{"@id":"https:\/\/experienciadevida.com.ar\/portalurbano\/#website"},"datePublished":"2022-04-22T20:45:37+00:00","dateModified":"2022-04-22T20:47:21+00:00","description":"UNICEN present\u00f3 los Puntos de Extensi\u00f3n Territorial de Olavarr\u00eda y Azul, autoridades e integrantes de la Facultad de Ciencias sociales","breadcrumb":{"@id":"https:\/\/experienciadevida.com.ar\/portalurbano\/unicen-presento-los-puntos-de-extension-territorial-de-olavarria-y-azul\/#breadcrumb"},"inLanguage":"es","potentialAction":[{"@type":"ReadAction","target":["https:\/\/experienciadevida.com.ar\/portalurbano\/unicen-presento-los-puntos-de-extension-territorial-de-olavarria-y-azul\/"]}]},{"@type":"BreadcrumbList","@id":"https:\/\/experienciadevida.com.ar\/portalurbano\/unicen-presento-los-puntos-de-extension-territorial-de-olavarria-y-azul\/#breadcrumb","itemListElement":[{"@type":"ListItem","position":1,"name":"Portada","item":"https:\/\/experienciadevida.com.ar\/portalurbano\/"},{"@type":"ListItem","position":2,"name":"UNICEN present\u00f3 los Puntos de Extensi\u00f3n Territorial de Olavarr\u00eda y Azul"}]},{"@type":"WebSite","@id":"https:\/\/experienciadevida.com.ar\/portalurbano\/#website","url":"https:\/\/experienciadevida.com.ar\/portalurbano\/","name":"","description":"","publisher":{"@id":"https:\/\/experienciadevida.com.ar\/portalurbano\/#organization"},"potentialAction":[{"@type":"SearchAction","target":{"@type":"EntryPoint","urlTemplate":"https:\/\/experienciadevida.com.ar\/portalurbano\/?s={search_term_string}"},"query-input":"required name=search_term_string"}],"inLanguage":"es"},{"@type":"Organization","@id":"https:\/\/experienciadevida.com.ar\/portalurbano\/#organization","name":"Portal Urbano","url":"https:\/\/experienciadevida.com.ar\/portalurbano\/","logo":{"@type":"ImageObject","inLanguage":"es","@id":"https:\/\/experienciadevida.com.ar\/portalurbano\/#\/schema\/logo\/image\/","url":"https:\/\/experienciadevida.com.ar\/portalurbano\/wp-content\/uploads\/2019\/09\/Logo-Original.png","contentUrl":"https:\/\/experienciadevida.com.ar\/portalurbano\/wp-content\/uploads\/2019\/09\/Logo-Original.png","width":2236,"height":1216,"caption":"Portal Urbano"},"image":{"@id":"https:\/\/experienciadevida.com.ar\/portalurbano\/#\/schema\/logo\/image\/"},"sameAs":["https:\/\/www.facebook.com\/Portal-Urbano-171542830093757\/","https:\/\/twitter.com\/portalurbanook","https:\/\/www.instagram.com\/_portalurbano\/","https:\/\/www.youtube.com\/channel\/UCXhagIfszH8KxFiOok79zbA?view_as=subscriber"]},{"@type":"Person","@id":"https:\/\/experienciadevida.com.ar\/portalurbano\/#\/schema\/person\/02dd326b1c4b056e9cc972486934a3a7","name":"admpu17wp","image":{"@type":"ImageObject","inLanguage":"es","@id":"https:\/\/experienciadevida.com.ar\/portalurbano\/#\/schema\/person\/image\/","url":"https:\/\/secure.gravatar.com\/avatar\/830d4c57adaae6630765e449a6908047?s=96&d=mm&r=g","contentUrl":"https:\/\/secure.gravatar.com\/avatar\/830d4c57adaae6630765e449a6908047?s=96&d=mm&r=g","caption":"admpu17wp"}}]}},"featured_image_urls":{"full":["https:\/\/experienciadevida.com.ar\/portalurbano\/wp-content\/uploads\/2022\/04\/UNICEN-presento-los-Puntos.jpg",1233,665,false],"thumbnail":["https:\/\/experienciadevida.com.ar\/portalurbano\/wp-content\/uploads\/2022\/04\/UNICEN-presento-los-Puntos-150x150.jpg",150,150,true],"medium":["https:\/\/experienciadevida.com.ar\/portalurbano\/wp-content\/uploads\/2022\/04\/UNICEN-presento-los-Puntos-300x162.jpg",300,162,true],"medium_large":["https:\/\/experienciadevida.com.ar\/portalurbano\/wp-content\/uploads\/2022\/04\/UNICEN-presento-los-Puntos-768x414.jpg",640,345,true],"large":["https:\/\/experienciadevida.com.ar\/portalurbano\/wp-content\/uploads\/2022\/04\/UNICEN-presento-los-Puntos-1024x552.jpg",640,345,true],"ug_big":["https:\/\/experienciadevida.com.ar\/portalurbano\/wp-content\/uploads\/2022\/04\/UNICEN-presento-los-Puntos-768x414.jpg",768,414,true],"1536x1536":["https:\/\/experienciadevida.com.ar\/portalurbano\/wp-content\/uploads\/2022\/04\/UNICEN-presento-los-Puntos.jpg",1233,665,false],"2048x2048":["https:\/\/experienciadevida.com.ar\/portalurbano\/wp-content\/uploads\/2022\/04\/UNICEN-presento-los-Puntos.jpg",1233,665,false],"newsever-slider-full":["https:\/\/experienciadevida.com.ar\/portalurbano\/wp-content\/uploads\/2022\/04\/UNICEN-presento-los-Puntos.jpg",1233,665,false],"newsever-featured":["https:\/\/experienciadevida.com.ar\/portalurbano\/wp-content\/uploads\/2022\/04\/UNICEN-presento-los-Puntos.jpg",1024,552,false],"newsever-medium":["https:\/\/experienciadevida.com.ar\/portalurbano\/wp-content\/uploads\/2022\/04\/UNICEN-presento-los-Puntos.jpg",720,388,false],"web-stories-poster-portrait":["https:\/\/experienciadevida.com.ar\/portalurbano\/wp-content\/uploads\/2022\/04\/UNICEN-presento-los-Puntos.jpg",640,345,false],"web-stories-publisher-logo":["https:\/\/experienciadevida.com.ar\/portalurbano\/wp-content\/uploads\/2022\/04\/UNICEN-presento-los-Puntos.jpg",96,52,false],"web-stories-thumbnail":["https:\/\/experienciadevida.com.ar\/portalurbano\/wp-content\/uploads\/2022\/04\/UNICEN-presento-los-Puntos.jpg",150,81,false]},"author_info":{"display_name":"admpu17wp","author_link":"https:\/\/experienciadevida.com.ar\/portalurbano\/author\/admpu17wp\/"},"category_info":"<a href=\"https:\/\/experienciadevida.com.ar\/portalurbano\/category\/ciudad\/educacion\/\" rel=\"category tag\">Educaci\u00f3n<\/a>","tag_info":"Educaci\u00f3n","comment_count":"0","amp_enabled":true,"_links":{"self":[{"href":"https:\/\/experienciadevida.com.ar\/portalurbano\/wp-json\/wp\/v2\/posts\/166231"}],"collection":[{"href":"https:\/\/experienciadevida.com.ar\/portalurbano\/wp-json\/wp\/v2\/posts"}],"about":[{"href":"https:\/\/experienciadevida.com.ar\/portalurbano\/wp-json\/wp\/v2\/types\/post"}],"author":[{"embeddable":true,"href":"https:\/\/experienciadevida.com.ar\/portalurbano\/wp-json\/wp\/v2\/users\/1"}],"replies":[{"embeddable":true,"href":"https:\/\/experienciadevida.com.ar\/portalurbano\/wp-json\/wp\/v2\/comments?post=166231"}],"version-history":[{"count":1,"href":"https:\/\/experienciadevida.com.ar\/portalurbano\/wp-json\/wp\/v2\/posts\/166231\/revisions"}],"predecessor-version":[{"id":166234,"href":"https:\/\/experienciadevida.com.ar\/portalurbano\/wp-json\/wp\/v2\/posts\/166231\/revisions\/166234"}],"wp:featuredmedia":[{"embeddable":true,"href":"https:\/\/experienciadevida.com.ar\/portalurbano\/wp-json\/wp\/v2\/media\/166233"}],"wp:attachment":[{"href":"https:\/\/experienciadevida.com.ar\/portalurbano\/wp-json\/wp\/v2\/media?parent=166231"}],"wp:term":[{"taxonomy":"category","embeddable":true,"href":"https:\/\/experienciadevida.com.ar\/portalurbano\/wp-json\/wp\/v2\/categories?post=166231"},{"taxonomy":"post_tag","embeddable":true,"href":"https:\/\/experienciadevida.com.ar\/portalurbano\/wp-json\/wp\/v2\/tags?post=166231"}],"curies":[{"name":"wp","href":"https:\/\/api.w.org\/{rel}","templated":true}]}}