{"id":166229,"date":"2022-04-22T15:41:21","date_gmt":"2022-04-22T18:41:21","guid":{"rendered":"https:\/\/experienciadevida.com.ar\/portalurbano\/?p=166229"},"modified":"2022-04-22T15:43:21","modified_gmt":"2022-04-22T18:43:21","slug":"licencias-de-conducir-amplia-sus-canales-de-contacto","status":"publish","type":"post","link":"https:\/\/experienciadevida.com.ar\/portalurbano\/licencias-de-conducir-amplia-sus-canales-de-contacto\/","title":{"rendered":"Licencias de Conducir ampl\u00eda sus canales de contacto"},"content":{"rendered":"<p>Licencias de Conducir ampl\u00eda sus canales de contacto, el director de Licencias de Conducir de la Municipalidad, Dr. Leandro Lanceta, anunci\u00f3 que se ampl\u00edan los canales de contacto del \u00e1rea, con la finalidad de brindar una mejor atenci\u00f3n al ciudadano.<\/p>\n<p>Licencias de Conducir cuenta con nuevos perfiles, que ya se encuentran activos, en redes sociales: en Facebook como Licencias de Conducir Olavarr\u00eda, en Instagram como @licencias.olavarria y en Twitter como @Licencias_Olav.<\/p>\n<p>Adem\u00e1s cabe recordar que tambi\u00e9n se podr\u00e1n contactar a trav\u00e9s del correo electr\u00f3nico licenciasdeconductor@olavarria.gov.ar.<\/p>\n<p>De esta manera, a trav\u00e9s de los canales mencionados se podr\u00e1n efectuar distintas consultas y all\u00ed tambi\u00e9n se brindar\u00e1 informaci\u00f3n \u00fatil en relaci\u00f3n los diferentes tr\u00e1mites del \u00e1rea.<\/p>\n<p>Los horarios de atenci\u00f3n habituales, en el Sal\u00f3n Rivadavia (Rivadavia 2879), son: de lunes a viernes de 07:30 a 14:00 horas y s\u00e1bados de 08:00 a 13.00 horas (para tr\u00e1mites de renovaci\u00f3n de las licencias con vencimiento en 2022).<\/p>\n<p>Entre las novedades del \u00e1rea, a partir de este mi\u00e9rcoles 20 de abril, se sum\u00f3 un nuevo horario para las pruebas de manejo que se llevan adelante en el circuito vial de La M\u00e1xima. Los d\u00edas lunes, mi\u00e9rcoles y viernes se agreg\u00f3 el horario de las 13, que se a\u00f1ade a los turnos ya existentes de las 07:30, 08:45, 10:00 y 11:30 horas.<\/p>\n<p>Estas medidas obedecen a la gran demanda existente en relaci\u00f3n a la otorgaci\u00f3n o renovaci\u00f3n de las licencias de conducir y permiten brindar mayor cantidad de turnos, descomprimir la atenci\u00f3n y brindar un mejor servicio a la comunidad.<\/p>\n<p>Por \u00faltimo, cabe mencionar que en la p\u00e1gina web del Municipio, en el portal de Gobierno Abierto, se pueden consultar todos los requisitos, documentaci\u00f3n a presentar y pasos a seguir.<\/p>\n<p>&nbsp;<\/p>\n","protected":false},"excerpt":{"rendered":"<p>Licencias de Conducir ampl\u00eda sus canales de contacto, el director de Licencias de Conducir de&#8230;<\/p>\n","protected":false},"author":1,"featured_media":161796,"comment_status":"closed","ping_status":"closed","sticky":false,"template":"","format":"standard","meta":{"content-type":""},"categories":[27,64],"tags":[],"nelio_content":{"isAutoShareEnabled":false,"autoShareEndMode":"default","automationSources":{"useContentSentences":true,"useSocialTemplates":true,"useCustomSentences":false,"customSentences":[]},"followers":[1],"suggestedReferences":[],"includedReferences":[],"efiUrl":"","efiAlt":"","highlights":[]},"yoast_head":"<!-- This site is optimized with the Yoast SEO plugin v20.7 - https:\/\/yoast.com\/wordpress\/plugins\/seo\/ -->\n<title>Licencias de conducir ampl\u00eda sus canales de contacto<\/title>\n<meta name=\"description\" content=\"Licencias de Conducir ampl\u00eda sus canales de contacto, el director de Licencias de Conducir de la Municipalidad, Dr. Leandro Lanceta\" \/>\n<meta name=\"robots\" content=\"index, follow, max-snippet:-1, max-image-preview:large, max-video-preview:-1\" \/>\n<link rel=\"canonical\" href=\"https:\/\/experienciadevida.com.ar\/portalurbano\/licencias-de-conducir-amplia-sus-canales-de-contacto\/\" \/>\n<meta property=\"og:locale\" content=\"es_ES\" \/>\n<meta property=\"og:type\" content=\"article\" \/>\n<meta property=\"og:title\" content=\"Licencias de conducir ampl\u00eda sus canales de contacto\" \/>\n<meta property=\"og:description\" content=\"Licencias de Conducir ampl\u00eda sus canales de contacto, el director de Licencias de Conducir de la Municipalidad, Dr. Leandro Lanceta\" \/>\n<meta property=\"og:url\" content=\"https:\/\/experienciadevida.com.ar\/portalurbano\/licencias-de-conducir-amplia-sus-canales-de-contacto\/\" \/>\n<meta property=\"article:publisher\" content=\"https:\/\/www.facebook.com\/Portal-Urbano-171542830093757\/\" \/>\n<meta property=\"article:published_time\" content=\"2022-04-22T18:41:21+00:00\" \/>\n<meta property=\"article:modified_time\" content=\"2022-04-22T18:43:21+00:00\" \/>\n<meta property=\"og:image\" content=\"https:\/\/experienciadevida.com.ar\/portalurbano\/wp-content\/uploads\/2022\/02\/Licencias-de-Conducir-Charla-Sotuyo-1-1024x512-1-e1645034131727.jpeg\" \/>\n\t<meta property=\"og:image:width\" content=\"800\" \/>\n\t<meta property=\"og:image:height\" content=\"400\" \/>\n\t<meta property=\"og:image:type\" content=\"image\/jpeg\" \/>\n<meta name=\"author\" content=\"admpu17wp\" \/>\n<meta name=\"twitter:card\" content=\"summary_large_image\" \/>\n<meta name=\"twitter:creator\" content=\"@portalurbanook\" \/>\n<meta name=\"twitter:site\" content=\"@portalurbanook\" \/>\n<meta name=\"twitter:label1\" content=\"Escrito por\" \/>\n\t<meta name=\"twitter:data1\" content=\"admpu17wp\" \/>\n\t<meta name=\"twitter:label2\" content=\"Tiempo de lectura\" \/>\n\t<meta name=\"twitter:data2\" content=\"2 minutos\" \/>\n<script type=\"application\/ld+json\" class=\"yoast-schema-graph\">{\"@context\":\"https:\/\/schema.org\",\"@graph\":[{\"@type\":\"Article\",\"@id\":\"https:\/\/experienciadevida.com.ar\/portalurbano\/licencias-de-conducir-amplia-sus-canales-de-contacto\/#article\",\"isPartOf\":{\"@id\":\"https:\/\/experienciadevida.com.ar\/portalurbano\/licencias-de-conducir-amplia-sus-canales-de-contacto\/\"},\"author\":{\"name\":\"admpu17wp\",\"@id\":\"https:\/\/experienciadevida.com.ar\/portalurbano\/#\/schema\/person\/02dd326b1c4b056e9cc972486934a3a7\"},\"headline\":\"Licencias de Conducir ampl\u00eda sus canales de contacto\",\"datePublished\":\"2022-04-22T18:41:21+00:00\",\"dateModified\":\"2022-04-22T18:43:21+00:00\",\"mainEntityOfPage\":{\"@id\":\"https:\/\/experienciadevida.com.ar\/portalurbano\/licencias-de-conducir-amplia-sus-canales-de-contacto\/\"},\"wordCount\":317,\"publisher\":{\"@id\":\"https:\/\/experienciadevida.com.ar\/portalurbano\/#organization\"},\"articleSection\":[\"Ciudad\",\"Destacadas 2\"],\"inLanguage\":\"es\"},{\"@type\":\"WebPage\",\"@id\":\"https:\/\/experienciadevida.com.ar\/portalurbano\/licencias-de-conducir-amplia-sus-canales-de-contacto\/\",\"url\":\"https:\/\/experienciadevida.com.ar\/portalurbano\/licencias-de-conducir-amplia-sus-canales-de-contacto\/\",\"name\":\"Licencias de conducir ampl\u00eda sus canales de contacto\",\"isPartOf\":{\"@id\":\"https:\/\/experienciadevida.com.ar\/portalurbano\/#website\"},\"datePublished\":\"2022-04-22T18:41:21+00:00\",\"dateModified\":\"2022-04-22T18:43:21+00:00\",\"description\":\"Licencias de Conducir ampl\u00eda sus canales de contacto, el director de Licencias de Conducir de la Municipalidad, Dr. Leandro Lanceta\",\"breadcrumb\":{\"@id\":\"https:\/\/experienciadevida.com.ar\/portalurbano\/licencias-de-conducir-amplia-sus-canales-de-contacto\/#breadcrumb\"},\"inLanguage\":\"es\",\"potentialAction\":[{\"@type\":\"ReadAction\",\"target\":[\"https:\/\/experienciadevida.com.ar\/portalurbano\/licencias-de-conducir-amplia-sus-canales-de-contacto\/\"]}]},{\"@type\":\"BreadcrumbList\",\"@id\":\"https:\/\/experienciadevida.com.ar\/portalurbano\/licencias-de-conducir-amplia-sus-canales-de-contacto\/#breadcrumb\",\"itemListElement\":[{\"@type\":\"ListItem\",\"position\":1,\"name\":\"Portada\",\"item\":\"https:\/\/experienciadevida.com.ar\/portalurbano\/\"},{\"@type\":\"ListItem\",\"position\":2,\"name\":\"Licencias de Conducir ampl\u00eda sus canales de contacto\"}]},{\"@type\":\"WebSite\",\"@id\":\"https:\/\/experienciadevida.com.ar\/portalurbano\/#website\",\"url\":\"https:\/\/experienciadevida.com.ar\/portalurbano\/\",\"name\":\"\",\"description\":\"\",\"publisher\":{\"@id\":\"https:\/\/experienciadevida.com.ar\/portalurbano\/#organization\"},\"potentialAction\":[{\"@type\":\"SearchAction\",\"target\":{\"@type\":\"EntryPoint\",\"urlTemplate\":\"https:\/\/experienciadevida.com.ar\/portalurbano\/?s={search_term_string}\"},\"query-input\":\"required name=search_term_string\"}],\"inLanguage\":\"es\"},{\"@type\":\"Organization\",\"@id\":\"https:\/\/experienciadevida.com.ar\/portalurbano\/#organization\",\"name\":\"Portal Urbano\",\"url\":\"https:\/\/experienciadevida.com.ar\/portalurbano\/\",\"logo\":{\"@type\":\"ImageObject\",\"inLanguage\":\"es\",\"@id\":\"https:\/\/experienciadevida.com.ar\/portalurbano\/#\/schema\/logo\/image\/\",\"url\":\"https:\/\/experienciadevida.com.ar\/portalurbano\/wp-content\/uploads\/2019\/09\/Logo-Original.png\",\"contentUrl\":\"https:\/\/experienciadevida.com.ar\/portalurbano\/wp-content\/uploads\/2019\/09\/Logo-Original.png\",\"width\":2236,\"height\":1216,\"caption\":\"Portal Urbano\"},\"image\":{\"@id\":\"https:\/\/experienciadevida.com.ar\/portalurbano\/#\/schema\/logo\/image\/\"},\"sameAs\":[\"https:\/\/www.facebook.com\/Portal-Urbano-171542830093757\/\",\"https:\/\/twitter.com\/portalurbanook\",\"https:\/\/www.instagram.com\/_portalurbano\/\",\"https:\/\/www.youtube.com\/channel\/UCXhagIfszH8KxFiOok79zbA?view_as=subscriber\"]},{\"@type\":\"Person\",\"@id\":\"https:\/\/experienciadevida.com.ar\/portalurbano\/#\/schema\/person\/02dd326b1c4b056e9cc972486934a3a7\",\"name\":\"admpu17wp\",\"image\":{\"@type\":\"ImageObject\",\"inLanguage\":\"es\",\"@id\":\"https:\/\/experienciadevida.com.ar\/portalurbano\/#\/schema\/person\/image\/\",\"url\":\"https:\/\/secure.gravatar.com\/avatar\/830d4c57adaae6630765e449a6908047?s=96&d=mm&r=g\",\"contentUrl\":\"https:\/\/secure.gravatar.com\/avatar\/830d4c57adaae6630765e449a6908047?s=96&d=mm&r=g\",\"caption\":\"admpu17wp\"}}]}<\/script>\n<!-- \/ Yoast SEO plugin. -->","yoast_head_json":{"title":"Licencias de conducir ampl\u00eda sus canales de contacto","description":"Licencias de Conducir ampl\u00eda sus canales de contacto, el director de Licencias de Conducir de la Municipalidad, Dr. Leandro Lanceta","robots":{"index":"index","follow":"follow","max-snippet":"max-snippet:-1","max-image-preview":"max-image-preview:large","max-video-preview":"max-video-preview:-1"},"canonical":"https:\/\/experienciadevida.com.ar\/portalurbano\/licencias-de-conducir-amplia-sus-canales-de-contacto\/","og_locale":"es_ES","og_type":"article","og_title":"Licencias de conducir ampl\u00eda sus canales de contacto","og_description":"Licencias de Conducir ampl\u00eda sus canales de contacto, el director de Licencias de Conducir de la Municipalidad, Dr. Leandro Lanceta","og_url":"https:\/\/experienciadevida.com.ar\/portalurbano\/licencias-de-conducir-amplia-sus-canales-de-contacto\/","article_publisher":"https:\/\/www.facebook.com\/Portal-Urbano-171542830093757\/","article_published_time":"2022-04-22T18:41:21+00:00","article_modified_time":"2022-04-22T18:43:21+00:00","og_image":[{"width":800,"height":400,"url":"https:\/\/experienciadevida.com.ar\/portalurbano\/wp-content\/uploads\/2022\/02\/Licencias-de-Conducir-Charla-Sotuyo-1-1024x512-1-e1645034131727.jpeg","type":"image\/jpeg"}],"author":"admpu17wp","twitter_card":"summary_large_image","twitter_creator":"@portalurbanook","twitter_site":"@portalurbanook","twitter_misc":{"Escrito por":"admpu17wp","Tiempo de lectura":"2 minutos"},"schema":{"@context":"https:\/\/schema.org","@graph":[{"@type":"Article","@id":"https:\/\/experienciadevida.com.ar\/portalurbano\/licencias-de-conducir-amplia-sus-canales-de-contacto\/#article","isPartOf":{"@id":"https:\/\/experienciadevida.com.ar\/portalurbano\/licencias-de-conducir-amplia-sus-canales-de-contacto\/"},"author":{"name":"admpu17wp","@id":"https:\/\/experienciadevida.com.ar\/portalurbano\/#\/schema\/person\/02dd326b1c4b056e9cc972486934a3a7"},"headline":"Licencias de Conducir ampl\u00eda sus canales de contacto","datePublished":"2022-04-22T18:41:21+00:00","dateModified":"2022-04-22T18:43:21+00:00","mainEntityOfPage":{"@id":"https:\/\/experienciadevida.com.ar\/portalurbano\/licencias-de-conducir-amplia-sus-canales-de-contacto\/"},"wordCount":317,"publisher":{"@id":"https:\/\/experienciadevida.com.ar\/portalurbano\/#organization"},"articleSection":["Ciudad","Destacadas 2"],"inLanguage":"es"},{"@type":"WebPage","@id":"https:\/\/experienciadevida.com.ar\/portalurbano\/licencias-de-conducir-amplia-sus-canales-de-contacto\/","url":"https:\/\/experienciadevida.com.ar\/portalurbano\/licencias-de-conducir-amplia-sus-canales-de-contacto\/","name":"Licencias de conducir ampl\u00eda sus canales de contacto","isPartOf":{"@id":"https:\/\/experienciadevida.com.ar\/portalurbano\/#website"},"datePublished":"2022-04-22T18:41:21+00:00","dateModified":"2022-04-22T18:43:21+00:00","description":"Licencias de Conducir ampl\u00eda sus canales de contacto, el director de Licencias de Conducir de la Municipalidad, Dr. Leandro Lanceta","breadcrumb":{"@id":"https:\/\/experienciadevida.com.ar\/portalurbano\/licencias-de-conducir-amplia-sus-canales-de-contacto\/#breadcrumb"},"inLanguage":"es","potentialAction":[{"@type":"ReadAction","target":["https:\/\/experienciadevida.com.ar\/portalurbano\/licencias-de-conducir-amplia-sus-canales-de-contacto\/"]}]},{"@type":"BreadcrumbList","@id":"https:\/\/experienciadevida.com.ar\/portalurbano\/licencias-de-conducir-amplia-sus-canales-de-contacto\/#breadcrumb","itemListElement":[{"@type":"ListItem","position":1,"name":"Portada","item":"https:\/\/experienciadevida.com.ar\/portalurbano\/"},{"@type":"ListItem","position":2,"name":"Licencias de Conducir ampl\u00eda sus canales de contacto"}]},{"@type":"WebSite","@id":"https:\/\/experienciadevida.com.ar\/portalurbano\/#website","url":"https:\/\/experienciadevida.com.ar\/portalurbano\/","name":"","description":"","publisher":{"@id":"https:\/\/experienciadevida.com.ar\/portalurbano\/#organization"},"potentialAction":[{"@type":"SearchAction","target":{"@type":"EntryPoint","urlTemplate":"https:\/\/experienciadevida.com.ar\/portalurbano\/?s={search_term_string}"},"query-input":"required name=search_term_string"}],"inLanguage":"es"},{"@type":"Organization","@id":"https:\/\/experienciadevida.com.ar\/portalurbano\/#organization","name":"Portal Urbano","url":"https:\/\/experienciadevida.com.ar\/portalurbano\/","logo":{"@type":"ImageObject","inLanguage":"es","@id":"https:\/\/experienciadevida.com.ar\/portalurbano\/#\/schema\/logo\/image\/","url":"https:\/\/experienciadevida.com.ar\/portalurbano\/wp-content\/uploads\/2019\/09\/Logo-Original.png","contentUrl":"https:\/\/experienciadevida.com.ar\/portalurbano\/wp-content\/uploads\/2019\/09\/Logo-Original.png","width":2236,"height":1216,"caption":"Portal Urbano"},"image":{"@id":"https:\/\/experienciadevida.com.ar\/portalurbano\/#\/schema\/logo\/image\/"},"sameAs":["https:\/\/www.facebook.com\/Portal-Urbano-171542830093757\/","https:\/\/twitter.com\/portalurbanook","https:\/\/www.instagram.com\/_portalurbano\/","https:\/\/www.youtube.com\/channel\/UCXhagIfszH8KxFiOok79zbA?view_as=subscriber"]},{"@type":"Person","@id":"https:\/\/experienciadevida.com.ar\/portalurbano\/#\/schema\/person\/02dd326b1c4b056e9cc972486934a3a7","name":"admpu17wp","image":{"@type":"ImageObject","inLanguage":"es","@id":"https:\/\/experienciadevida.com.ar\/portalurbano\/#\/schema\/person\/image\/","url":"https:\/\/secure.gravatar.com\/avatar\/830d4c57adaae6630765e449a6908047?s=96&d=mm&r=g","contentUrl":"https:\/\/secure.gravatar.com\/avatar\/830d4c57adaae6630765e449a6908047?s=96&d=mm&r=g","caption":"admpu17wp"}}]}},"featured_image_urls":{"full":["https:\/\/experienciadevida.com.ar\/portalurbano\/wp-content\/uploads\/2022\/02\/Licencias-de-Conducir-Charla-Sotuyo-1-1024x512-1-e1645034131727.jpeg",800,400,false],"thumbnail":["https:\/\/experienciadevida.com.ar\/portalurbano\/wp-content\/uploads\/2022\/02\/Licencias-de-Conducir-Charla-Sotuyo-1-1024x512-1-150x150.jpeg",150,150,true],"medium":["https:\/\/experienciadevida.com.ar\/portalurbano\/wp-content\/uploads\/2022\/02\/Licencias-de-Conducir-Charla-Sotuyo-1-1024x512-1-300x150.jpeg",300,150,true],"medium_large":["https:\/\/experienciadevida.com.ar\/portalurbano\/wp-content\/uploads\/2022\/02\/Licencias-de-Conducir-Charla-Sotuyo-1-1024x512-1-768x384.jpeg",640,320,true],"large":["https:\/\/experienciadevida.com.ar\/portalurbano\/wp-content\/uploads\/2022\/02\/Licencias-de-Conducir-Charla-Sotuyo-1-1024x512-1-e1645034131727.jpeg",640,320,false],"ug_big":["https:\/\/experienciadevida.com.ar\/portalurbano\/wp-content\/uploads\/2022\/02\/Licencias-de-Conducir-Charla-Sotuyo-1-1024x512-1-768x384.jpeg",768,384,true],"1536x1536":["https:\/\/experienciadevida.com.ar\/portalurbano\/wp-content\/uploads\/2022\/02\/Licencias-de-Conducir-Charla-Sotuyo-1-1024x512-1-e1645034131727.jpeg",800,400,false],"2048x2048":["https:\/\/experienciadevida.com.ar\/portalurbano\/wp-content\/uploads\/2022\/02\/Licencias-de-Conducir-Charla-Sotuyo-1-1024x512-1-e1645034131727.jpeg",800,400,false],"newsever-slider-full":["https:\/\/experienciadevida.com.ar\/portalurbano\/wp-content\/uploads\/2022\/02\/Licencias-de-Conducir-Charla-Sotuyo-1-1024x512-1-e1645034131727.jpeg",800,400,false],"newsever-featured":["https:\/\/experienciadevida.com.ar\/portalurbano\/wp-content\/uploads\/2022\/02\/Licencias-de-Conducir-Charla-Sotuyo-1-1024x512-1-e1645034131727.jpeg",800,400,false],"newsever-medium":["https:\/\/experienciadevida.com.ar\/portalurbano\/wp-content\/uploads\/2022\/02\/Licencias-de-Conducir-Charla-Sotuyo-1-1024x512-1-e1645034131727.jpeg",720,360,false],"web-stories-poster-portrait":["https:\/\/experienciadevida.com.ar\/portalurbano\/wp-content\/uploads\/2022\/02\/Licencias-de-Conducir-Charla-Sotuyo-1-1024x512-1-e1645034131727.jpeg",640,320,false],"web-stories-publisher-logo":["https:\/\/experienciadevida.com.ar\/portalurbano\/wp-content\/uploads\/2022\/02\/Licencias-de-Conducir-Charla-Sotuyo-1-1024x512-1-e1645034131727.jpeg",96,48,false],"web-stories-thumbnail":["https:\/\/experienciadevida.com.ar\/portalurbano\/wp-content\/uploads\/2022\/02\/Licencias-de-Conducir-Charla-Sotuyo-1-1024x512-1-e1645034131727.jpeg",150,75,false]},"author_info":{"display_name":"admpu17wp","author_link":"https:\/\/experienciadevida.com.ar\/portalurbano\/author\/admpu17wp\/"},"category_info":"<a href=\"https:\/\/experienciadevida.com.ar\/portalurbano\/category\/ciudad\/\" rel=\"category tag\">Ciudad<\/a> <a href=\"https:\/\/experienciadevida.com.ar\/portalurbano\/category\/destacadas-2\/\" rel=\"category tag\">Destacadas 2<\/a>","tag_info":"Destacadas 2","comment_count":"0","amp_enabled":true,"_links":{"self":[{"href":"https:\/\/experienciadevida.com.ar\/portalurbano\/wp-json\/wp\/v2\/posts\/166229"}],"collection":[{"href":"https:\/\/experienciadevida.com.ar\/portalurbano\/wp-json\/wp\/v2\/posts"}],"about":[{"href":"https:\/\/experienciadevida.com.ar\/portalurbano\/wp-json\/wp\/v2\/types\/post"}],"author":[{"embeddable":true,"href":"https:\/\/experienciadevida.com.ar\/portalurbano\/wp-json\/wp\/v2\/users\/1"}],"replies":[{"embeddable":true,"href":"https:\/\/experienciadevida.com.ar\/portalurbano\/wp-json\/wp\/v2\/comments?post=166229"}],"version-history":[{"count":1,"href":"https:\/\/experienciadevida.com.ar\/portalurbano\/wp-json\/wp\/v2\/posts\/166229\/revisions"}],"predecessor-version":[{"id":166230,"href":"https:\/\/experienciadevida.com.ar\/portalurbano\/wp-json\/wp\/v2\/posts\/166229\/revisions\/166230"}],"wp:featuredmedia":[{"embeddable":true,"href":"https:\/\/experienciadevida.com.ar\/portalurbano\/wp-json\/wp\/v2\/media\/161796"}],"wp:attachment":[{"href":"https:\/\/experienciadevida.com.ar\/portalurbano\/wp-json\/wp\/v2\/media?parent=166229"}],"wp:term":[{"taxonomy":"category","embeddable":true,"href":"https:\/\/experienciadevida.com.ar\/portalurbano\/wp-json\/wp\/v2\/categories?post=166229"},{"taxonomy":"post_tag","embeddable":true,"href":"https:\/\/experienciadevida.com.ar\/portalurbano\/wp-json\/wp\/v2\/tags?post=166229"}],"curies":[{"name":"wp","href":"https:\/\/api.w.org\/{rel}","templated":true}]}}