{"id":166210,"date":"2022-04-22T14:24:56","date_gmt":"2022-04-22T17:24:56","guid":{"rendered":"https:\/\/experienciadevida.com.ar\/portalurbano\/?p=166210"},"modified":"2022-04-22T14:28:18","modified_gmt":"2022-04-22T17:28:18","slug":"firmaron-los-adjudicatarios-de-las-viviendas-industrializadas-tuvi","status":"publish","type":"post","link":"https:\/\/experienciadevida.com.ar\/portalurbano\/firmaron-los-adjudicatarios-de-las-viviendas-industrializadas-tuvi\/","title":{"rendered":"Firmaron los adjudicatarios de las viviendas industrializadas TUVI"},"content":{"rendered":"<p>Firmaron los adjudicatarios de las viviendas industrializadas TUVI, este viernes por la ma\u00f1ana, con sede en el Sal\u00f3n Blanco del Palacio San Mart\u00edn, se llev\u00f3 a cabo la firma de los convenios correspondiente a las viviendas industrializadas del Programa Tu.Vi, que se emplazan en el barrio Pickelado.<\/p>\n<p><a href=\"https:\/\/experienciadevida.com.ar\/portalurbano\/firmaron-los-adjudicatarios-de-las-viviendas-industrializadas-tuvi\/firmaron-2\/\" rel=\"attachment wp-att-166214\"><img decoding=\"async\" class=\"alignnone size-large wp-image-166214\" src=\"https:\/\/experienciadevida.com.ar\/portalurbano\/wp-content\/uploads\/2022\/04\/Firmaron-1024x682.jpg\" alt=\"Firmaron\" width=\"900\" height=\"599\" srcset=\"https:\/\/experienciadevida.com.ar\/portalurbano\/wp-content\/uploads\/2022\/04\/Firmaron-1024x682.jpg 1024w, https:\/\/experienciadevida.com.ar\/portalurbano\/wp-content\/uploads\/2022\/04\/Firmaron-300x200.jpg 300w, https:\/\/experienciadevida.com.ar\/portalurbano\/wp-content\/uploads\/2022\/04\/Firmaron-768x512.jpg 768w, https:\/\/experienciadevida.com.ar\/portalurbano\/wp-content\/uploads\/2022\/04\/Firmaron.jpg 1280w\" sizes=\"(max-width: 900px) 100vw, 900px\" \/><\/a><\/p>\n<p>El acto administrativo fue encabezado por el secretario de Mantenimiento y Obras P\u00fablicas Julio <a href=\"https:\/\/www.instagram.com\/julitoferraro\/?hl=es-la\">Ferraro<\/a>, el subsecretario de Legal y T\u00e9cnica Marcelo Fabbi, la coordinadora del Programa Tu.Vi Daniela De Martino y cont\u00f3 con la presencia de las familias adjudicadas.<\/p>\n<p>Cabe informar que aquellos que no pudieron presenciar el acto, deber\u00e1n presentarse a partir del pr\u00f3ximo lunes 25 de abril, en Mesa de Entradas de la Secretar\u00eda de Mantenimiento y Obras P\u00fablicas de la Municipalidad (primer piso del Palacio San Mart\u00edn) para tomar la firma del adjudicatario.<\/p>\n<p><a href=\"https:\/\/experienciadevida.com.ar\/portalurbano\/firmaron-los-adjudicatarios-de-las-viviendas-industrializadas-tuvi\/los-7\/\" rel=\"attachment wp-att-166215\"><img decoding=\"async\" class=\"alignnone size-large wp-image-166215\" src=\"https:\/\/experienciadevida.com.ar\/portalurbano\/wp-content\/uploads\/2022\/04\/los-1-1024x682.jpg\" alt=\"los \" width=\"900\" height=\"599\" srcset=\"https:\/\/experienciadevida.com.ar\/portalurbano\/wp-content\/uploads\/2022\/04\/los-1-1024x682.jpg 1024w, https:\/\/experienciadevida.com.ar\/portalurbano\/wp-content\/uploads\/2022\/04\/los-1-300x200.jpg 300w, https:\/\/experienciadevida.com.ar\/portalurbano\/wp-content\/uploads\/2022\/04\/los-1-768x512.jpg 768w, https:\/\/experienciadevida.com.ar\/portalurbano\/wp-content\/uploads\/2022\/04\/los-1.jpg 1280w\" sizes=\"(max-width: 900px) 100vw, 900px\" \/><\/a><\/p>\n<p>El Programa Municipal Tu.Vi contempla la construcci\u00f3n de 20 casas de forma tradicional y 20 de manera industrializada en barrio Pickelado. Todas ellas tendr\u00e1n 45 metros cuadrados, con todas sus instalaciones, revestimientos, solados, cielorrasos, artefactos y accesorios necesarios para un buen funcionamiento.<\/p>\n<p><a href=\"https:\/\/experienciadevida.com.ar\/portalurbano\/firmaron-los-adjudicatarios-de-las-viviendas-industrializadas-tuvi\/adjudicatarios-2\/\" rel=\"attachment wp-att-166216\"><img decoding=\"async\" class=\"alignnone size-large wp-image-166216\" src=\"https:\/\/experienciadevida.com.ar\/portalurbano\/wp-content\/uploads\/2022\/04\/adjudicatarios-1024x682.jpg\" alt=\"adjudicatarios\" width=\"900\" height=\"599\" srcset=\"https:\/\/experienciadevida.com.ar\/portalurbano\/wp-content\/uploads\/2022\/04\/adjudicatarios-1024x682.jpg 1024w, https:\/\/experienciadevida.com.ar\/portalurbano\/wp-content\/uploads\/2022\/04\/adjudicatarios-300x200.jpg 300w, https:\/\/experienciadevida.com.ar\/portalurbano\/wp-content\/uploads\/2022\/04\/adjudicatarios-768x512.jpg 768w, https:\/\/experienciadevida.com.ar\/portalurbano\/wp-content\/uploads\/2022\/04\/adjudicatarios.jpg 1280w\" sizes=\"(max-width: 900px) 100vw, 900px\" \/><\/a><\/p>\n","protected":false},"excerpt":{"rendered":"<p>Firmaron los adjudicatarios de las viviendas industrializadas TUVI, este viernes por la ma\u00f1ana, con sede&#8230;<\/p>\n","protected":false},"author":1,"featured_media":166211,"comment_status":"closed","ping_status":"closed","sticky":false,"template":"","format":"standard","meta":{"content-type":""},"categories":[27,64],"tags":[],"nelio_content":{"isAutoShareEnabled":false,"autoShareEndMode":"default","automationSources":{"useContentSentences":true,"useSocialTemplates":true,"useCustomSentences":false,"customSentences":[]},"followers":[1],"suggestedReferences":[],"includedReferences":[],"efiUrl":"","efiAlt":"","highlights":[]},"yoast_head":"<!-- This site is optimized with the Yoast SEO plugin v20.7 - https:\/\/yoast.com\/wordpress\/plugins\/seo\/ -->\n<title>Firmaron los adjudicatarios de las viviendas industrializadas TUVI<\/title>\n<meta name=\"description\" content=\"Firmaron los adjudicatarios de las viviendas industrializadas TUVI, este viernes por la ma\u00f1ana, con sede en el Sal\u00f3n Blanco\" \/>\n<meta name=\"robots\" content=\"index, follow, max-snippet:-1, max-image-preview:large, max-video-preview:-1\" \/>\n<link rel=\"canonical\" href=\"https:\/\/experienciadevida.com.ar\/portalurbano\/firmaron-los-adjudicatarios-de-las-viviendas-industrializadas-tuvi\/\" \/>\n<meta property=\"og:locale\" content=\"es_ES\" \/>\n<meta property=\"og:type\" content=\"article\" \/>\n<meta property=\"og:title\" content=\"Firmaron los adjudicatarios de las viviendas industrializadas TUVI\" \/>\n<meta property=\"og:description\" content=\"Firmaron los adjudicatarios de las viviendas industrializadas TUVI, este viernes por la ma\u00f1ana, con sede en el Sal\u00f3n Blanco\" \/>\n<meta property=\"og:url\" content=\"https:\/\/experienciadevida.com.ar\/portalurbano\/firmaron-los-adjudicatarios-de-las-viviendas-industrializadas-tuvi\/\" \/>\n<meta property=\"article:publisher\" content=\"https:\/\/www.facebook.com\/Portal-Urbano-171542830093757\/\" \/>\n<meta property=\"article:published_time\" content=\"2022-04-22T17:24:56+00:00\" \/>\n<meta property=\"article:modified_time\" content=\"2022-04-22T17:28:18+00:00\" \/>\n<meta property=\"og:image\" content=\"https:\/\/experienciadevida.com.ar\/portalurbano\/wp-content\/uploads\/2022\/04\/Firmaron-los-adjudicatarios-de.jpg\" \/>\n\t<meta property=\"og:image:width\" content=\"1280\" \/>\n\t<meta property=\"og:image:height\" content=\"853\" \/>\n\t<meta property=\"og:image:type\" content=\"image\/jpeg\" \/>\n<meta name=\"author\" content=\"admpu17wp\" \/>\n<meta name=\"twitter:card\" content=\"summary_large_image\" \/>\n<meta name=\"twitter:creator\" content=\"@portalurbanook\" \/>\n<meta name=\"twitter:site\" content=\"@portalurbanook\" \/>\n<meta name=\"twitter:label1\" content=\"Escrito por\" \/>\n\t<meta name=\"twitter:data1\" content=\"admpu17wp\" \/>\n\t<meta name=\"twitter:label2\" content=\"Tiempo de lectura\" \/>\n\t<meta name=\"twitter:data2\" content=\"2 minutos\" \/>\n<script type=\"application\/ld+json\" class=\"yoast-schema-graph\">{\"@context\":\"https:\/\/schema.org\",\"@graph\":[{\"@type\":\"Article\",\"@id\":\"https:\/\/experienciadevida.com.ar\/portalurbano\/firmaron-los-adjudicatarios-de-las-viviendas-industrializadas-tuvi\/#article\",\"isPartOf\":{\"@id\":\"https:\/\/experienciadevida.com.ar\/portalurbano\/firmaron-los-adjudicatarios-de-las-viviendas-industrializadas-tuvi\/\"},\"author\":{\"name\":\"admpu17wp\",\"@id\":\"https:\/\/experienciadevida.com.ar\/portalurbano\/#\/schema\/person\/02dd326b1c4b056e9cc972486934a3a7\"},\"headline\":\"Firmaron los adjudicatarios de las viviendas industrializadas TUVI\",\"datePublished\":\"2022-04-22T17:24:56+00:00\",\"dateModified\":\"2022-04-22T17:28:18+00:00\",\"mainEntityOfPage\":{\"@id\":\"https:\/\/experienciadevida.com.ar\/portalurbano\/firmaron-los-adjudicatarios-de-las-viviendas-industrializadas-tuvi\/\"},\"wordCount\":195,\"publisher\":{\"@id\":\"https:\/\/experienciadevida.com.ar\/portalurbano\/#organization\"},\"articleSection\":[\"Ciudad\",\"Destacadas 2\"],\"inLanguage\":\"es\"},{\"@type\":\"WebPage\",\"@id\":\"https:\/\/experienciadevida.com.ar\/portalurbano\/firmaron-los-adjudicatarios-de-las-viviendas-industrializadas-tuvi\/\",\"url\":\"https:\/\/experienciadevida.com.ar\/portalurbano\/firmaron-los-adjudicatarios-de-las-viviendas-industrializadas-tuvi\/\",\"name\":\"Firmaron los adjudicatarios de las viviendas industrializadas TUVI\",\"isPartOf\":{\"@id\":\"https:\/\/experienciadevida.com.ar\/portalurbano\/#website\"},\"datePublished\":\"2022-04-22T17:24:56+00:00\",\"dateModified\":\"2022-04-22T17:28:18+00:00\",\"description\":\"Firmaron los adjudicatarios de las viviendas industrializadas TUVI, este viernes por la ma\u00f1ana, con sede en el Sal\u00f3n Blanco\",\"breadcrumb\":{\"@id\":\"https:\/\/experienciadevida.com.ar\/portalurbano\/firmaron-los-adjudicatarios-de-las-viviendas-industrializadas-tuvi\/#breadcrumb\"},\"inLanguage\":\"es\",\"potentialAction\":[{\"@type\":\"ReadAction\",\"target\":[\"https:\/\/experienciadevida.com.ar\/portalurbano\/firmaron-los-adjudicatarios-de-las-viviendas-industrializadas-tuvi\/\"]}]},{\"@type\":\"BreadcrumbList\",\"@id\":\"https:\/\/experienciadevida.com.ar\/portalurbano\/firmaron-los-adjudicatarios-de-las-viviendas-industrializadas-tuvi\/#breadcrumb\",\"itemListElement\":[{\"@type\":\"ListItem\",\"position\":1,\"name\":\"Portada\",\"item\":\"https:\/\/experienciadevida.com.ar\/portalurbano\/\"},{\"@type\":\"ListItem\",\"position\":2,\"name\":\"Firmaron los adjudicatarios de las viviendas industrializadas TUVI\"}]},{\"@type\":\"WebSite\",\"@id\":\"https:\/\/experienciadevida.com.ar\/portalurbano\/#website\",\"url\":\"https:\/\/experienciadevida.com.ar\/portalurbano\/\",\"name\":\"\",\"description\":\"\",\"publisher\":{\"@id\":\"https:\/\/experienciadevida.com.ar\/portalurbano\/#organization\"},\"potentialAction\":[{\"@type\":\"SearchAction\",\"target\":{\"@type\":\"EntryPoint\",\"urlTemplate\":\"https:\/\/experienciadevida.com.ar\/portalurbano\/?s={search_term_string}\"},\"query-input\":\"required name=search_term_string\"}],\"inLanguage\":\"es\"},{\"@type\":\"Organization\",\"@id\":\"https:\/\/experienciadevida.com.ar\/portalurbano\/#organization\",\"name\":\"Portal Urbano\",\"url\":\"https:\/\/experienciadevida.com.ar\/portalurbano\/\",\"logo\":{\"@type\":\"ImageObject\",\"inLanguage\":\"es\",\"@id\":\"https:\/\/experienciadevida.com.ar\/portalurbano\/#\/schema\/logo\/image\/\",\"url\":\"https:\/\/experienciadevida.com.ar\/portalurbano\/wp-content\/uploads\/2019\/09\/Logo-Original.png\",\"contentUrl\":\"https:\/\/experienciadevida.com.ar\/portalurbano\/wp-content\/uploads\/2019\/09\/Logo-Original.png\",\"width\":2236,\"height\":1216,\"caption\":\"Portal Urbano\"},\"image\":{\"@id\":\"https:\/\/experienciadevida.com.ar\/portalurbano\/#\/schema\/logo\/image\/\"},\"sameAs\":[\"https:\/\/www.facebook.com\/Portal-Urbano-171542830093757\/\",\"https:\/\/twitter.com\/portalurbanook\",\"https:\/\/www.instagram.com\/_portalurbano\/\",\"https:\/\/www.youtube.com\/channel\/UCXhagIfszH8KxFiOok79zbA?view_as=subscriber\"]},{\"@type\":\"Person\",\"@id\":\"https:\/\/experienciadevida.com.ar\/portalurbano\/#\/schema\/person\/02dd326b1c4b056e9cc972486934a3a7\",\"name\":\"admpu17wp\",\"image\":{\"@type\":\"ImageObject\",\"inLanguage\":\"es\",\"@id\":\"https:\/\/experienciadevida.com.ar\/portalurbano\/#\/schema\/person\/image\/\",\"url\":\"https:\/\/secure.gravatar.com\/avatar\/830d4c57adaae6630765e449a6908047?s=96&d=mm&r=g\",\"contentUrl\":\"https:\/\/secure.gravatar.com\/avatar\/830d4c57adaae6630765e449a6908047?s=96&d=mm&r=g\",\"caption\":\"admpu17wp\"}}]}<\/script>\n<!-- \/ Yoast SEO plugin. -->","yoast_head_json":{"title":"Firmaron los adjudicatarios de las viviendas industrializadas TUVI","description":"Firmaron los adjudicatarios de las viviendas industrializadas TUVI, este viernes por la ma\u00f1ana, con sede en el Sal\u00f3n Blanco","robots":{"index":"index","follow":"follow","max-snippet":"max-snippet:-1","max-image-preview":"max-image-preview:large","max-video-preview":"max-video-preview:-1"},"canonical":"https:\/\/experienciadevida.com.ar\/portalurbano\/firmaron-los-adjudicatarios-de-las-viviendas-industrializadas-tuvi\/","og_locale":"es_ES","og_type":"article","og_title":"Firmaron los adjudicatarios de las viviendas industrializadas TUVI","og_description":"Firmaron los adjudicatarios de las viviendas industrializadas TUVI, este viernes por la ma\u00f1ana, con sede en el Sal\u00f3n Blanco","og_url":"https:\/\/experienciadevida.com.ar\/portalurbano\/firmaron-los-adjudicatarios-de-las-viviendas-industrializadas-tuvi\/","article_publisher":"https:\/\/www.facebook.com\/Portal-Urbano-171542830093757\/","article_published_time":"2022-04-22T17:24:56+00:00","article_modified_time":"2022-04-22T17:28:18+00:00","og_image":[{"width":1280,"height":853,"url":"https:\/\/experienciadevida.com.ar\/portalurbano\/wp-content\/uploads\/2022\/04\/Firmaron-los-adjudicatarios-de.jpg","type":"image\/jpeg"}],"author":"admpu17wp","twitter_card":"summary_large_image","twitter_creator":"@portalurbanook","twitter_site":"@portalurbanook","twitter_misc":{"Escrito por":"admpu17wp","Tiempo de lectura":"2 minutos"},"schema":{"@context":"https:\/\/schema.org","@graph":[{"@type":"Article","@id":"https:\/\/experienciadevida.com.ar\/portalurbano\/firmaron-los-adjudicatarios-de-las-viviendas-industrializadas-tuvi\/#article","isPartOf":{"@id":"https:\/\/experienciadevida.com.ar\/portalurbano\/firmaron-los-adjudicatarios-de-las-viviendas-industrializadas-tuvi\/"},"author":{"name":"admpu17wp","@id":"https:\/\/experienciadevida.com.ar\/portalurbano\/#\/schema\/person\/02dd326b1c4b056e9cc972486934a3a7"},"headline":"Firmaron los adjudicatarios de las viviendas industrializadas TUVI","datePublished":"2022-04-22T17:24:56+00:00","dateModified":"2022-04-22T17:28:18+00:00","mainEntityOfPage":{"@id":"https:\/\/experienciadevida.com.ar\/portalurbano\/firmaron-los-adjudicatarios-de-las-viviendas-industrializadas-tuvi\/"},"wordCount":195,"publisher":{"@id":"https:\/\/experienciadevida.com.ar\/portalurbano\/#organization"},"articleSection":["Ciudad","Destacadas 2"],"inLanguage":"es"},{"@type":"WebPage","@id":"https:\/\/experienciadevida.com.ar\/portalurbano\/firmaron-los-adjudicatarios-de-las-viviendas-industrializadas-tuvi\/","url":"https:\/\/experienciadevida.com.ar\/portalurbano\/firmaron-los-adjudicatarios-de-las-viviendas-industrializadas-tuvi\/","name":"Firmaron los adjudicatarios de las viviendas industrializadas TUVI","isPartOf":{"@id":"https:\/\/experienciadevida.com.ar\/portalurbano\/#website"},"datePublished":"2022-04-22T17:24:56+00:00","dateModified":"2022-04-22T17:28:18+00:00","description":"Firmaron los adjudicatarios de las viviendas industrializadas TUVI, este viernes por la ma\u00f1ana, con sede en el Sal\u00f3n Blanco","breadcrumb":{"@id":"https:\/\/experienciadevida.com.ar\/portalurbano\/firmaron-los-adjudicatarios-de-las-viviendas-industrializadas-tuvi\/#breadcrumb"},"inLanguage":"es","potentialAction":[{"@type":"ReadAction","target":["https:\/\/experienciadevida.com.ar\/portalurbano\/firmaron-los-adjudicatarios-de-las-viviendas-industrializadas-tuvi\/"]}]},{"@type":"BreadcrumbList","@id":"https:\/\/experienciadevida.com.ar\/portalurbano\/firmaron-los-adjudicatarios-de-las-viviendas-industrializadas-tuvi\/#breadcrumb","itemListElement":[{"@type":"ListItem","position":1,"name":"Portada","item":"https:\/\/experienciadevida.com.ar\/portalurbano\/"},{"@type":"ListItem","position":2,"name":"Firmaron los adjudicatarios de las viviendas industrializadas TUVI"}]},{"@type":"WebSite","@id":"https:\/\/experienciadevida.com.ar\/portalurbano\/#website","url":"https:\/\/experienciadevida.com.ar\/portalurbano\/","name":"","description":"","publisher":{"@id":"https:\/\/experienciadevida.com.ar\/portalurbano\/#organization"},"potentialAction":[{"@type":"SearchAction","target":{"@type":"EntryPoint","urlTemplate":"https:\/\/experienciadevida.com.ar\/portalurbano\/?s={search_term_string}"},"query-input":"required name=search_term_string"}],"inLanguage":"es"},{"@type":"Organization","@id":"https:\/\/experienciadevida.com.ar\/portalurbano\/#organization","name":"Portal Urbano","url":"https:\/\/experienciadevida.com.ar\/portalurbano\/","logo":{"@type":"ImageObject","inLanguage":"es","@id":"https:\/\/experienciadevida.com.ar\/portalurbano\/#\/schema\/logo\/image\/","url":"https:\/\/experienciadevida.com.ar\/portalurbano\/wp-content\/uploads\/2019\/09\/Logo-Original.png","contentUrl":"https:\/\/experienciadevida.com.ar\/portalurbano\/wp-content\/uploads\/2019\/09\/Logo-Original.png","width":2236,"height":1216,"caption":"Portal Urbano"},"image":{"@id":"https:\/\/experienciadevida.com.ar\/portalurbano\/#\/schema\/logo\/image\/"},"sameAs":["https:\/\/www.facebook.com\/Portal-Urbano-171542830093757\/","https:\/\/twitter.com\/portalurbanook","https:\/\/www.instagram.com\/_portalurbano\/","https:\/\/www.youtube.com\/channel\/UCXhagIfszH8KxFiOok79zbA?view_as=subscriber"]},{"@type":"Person","@id":"https:\/\/experienciadevida.com.ar\/portalurbano\/#\/schema\/person\/02dd326b1c4b056e9cc972486934a3a7","name":"admpu17wp","image":{"@type":"ImageObject","inLanguage":"es","@id":"https:\/\/experienciadevida.com.ar\/portalurbano\/#\/schema\/person\/image\/","url":"https:\/\/secure.gravatar.com\/avatar\/830d4c57adaae6630765e449a6908047?s=96&d=mm&r=g","contentUrl":"https:\/\/secure.gravatar.com\/avatar\/830d4c57adaae6630765e449a6908047?s=96&d=mm&r=g","caption":"admpu17wp"}}]}},"featured_image_urls":{"full":["https:\/\/experienciadevida.com.ar\/portalurbano\/wp-content\/uploads\/2022\/04\/Firmaron-los-adjudicatarios-de.jpg",1280,853,false],"thumbnail":["https:\/\/experienciadevida.com.ar\/portalurbano\/wp-content\/uploads\/2022\/04\/Firmaron-los-adjudicatarios-de-150x150.jpg",150,150,true],"medium":["https:\/\/experienciadevida.com.ar\/portalurbano\/wp-content\/uploads\/2022\/04\/Firmaron-los-adjudicatarios-de-300x200.jpg",300,200,true],"medium_large":["https:\/\/experienciadevida.com.ar\/portalurbano\/wp-content\/uploads\/2022\/04\/Firmaron-los-adjudicatarios-de-768x512.jpg",640,427,true],"large":["https:\/\/experienciadevida.com.ar\/portalurbano\/wp-content\/uploads\/2022\/04\/Firmaron-los-adjudicatarios-de-1024x682.jpg",640,426,true],"ug_big":["https:\/\/experienciadevida.com.ar\/portalurbano\/wp-content\/uploads\/2022\/04\/Firmaron-los-adjudicatarios-de-768x512.jpg",768,512,true],"1536x1536":["https:\/\/experienciadevida.com.ar\/portalurbano\/wp-content\/uploads\/2022\/04\/Firmaron-los-adjudicatarios-de.jpg",1280,853,false],"2048x2048":["https:\/\/experienciadevida.com.ar\/portalurbano\/wp-content\/uploads\/2022\/04\/Firmaron-los-adjudicatarios-de.jpg",1280,853,false],"newsever-slider-full":["https:\/\/experienciadevida.com.ar\/portalurbano\/wp-content\/uploads\/2022\/04\/Firmaron-los-adjudicatarios-de.jpg",1268,845,false],"newsever-featured":["https:\/\/experienciadevida.com.ar\/portalurbano\/wp-content\/uploads\/2022\/04\/Firmaron-los-adjudicatarios-de.jpg",1024,682,false],"newsever-medium":["https:\/\/experienciadevida.com.ar\/portalurbano\/wp-content\/uploads\/2022\/04\/Firmaron-los-adjudicatarios-de.jpg",713,475,false],"web-stories-poster-portrait":["https:\/\/experienciadevida.com.ar\/portalurbano\/wp-content\/uploads\/2022\/04\/Firmaron-los-adjudicatarios-de.jpg",640,427,false],"web-stories-publisher-logo":["https:\/\/experienciadevida.com.ar\/portalurbano\/wp-content\/uploads\/2022\/04\/Firmaron-los-adjudicatarios-de.jpg",96,64,false],"web-stories-thumbnail":["https:\/\/experienciadevida.com.ar\/portalurbano\/wp-content\/uploads\/2022\/04\/Firmaron-los-adjudicatarios-de.jpg",150,100,false]},"author_info":{"display_name":"admpu17wp","author_link":"https:\/\/experienciadevida.com.ar\/portalurbano\/author\/admpu17wp\/"},"category_info":"<a href=\"https:\/\/experienciadevida.com.ar\/portalurbano\/category\/ciudad\/\" rel=\"category tag\">Ciudad<\/a> <a href=\"https:\/\/experienciadevida.com.ar\/portalurbano\/category\/destacadas-2\/\" rel=\"category tag\">Destacadas 2<\/a>","tag_info":"Destacadas 2","comment_count":"0","amp_enabled":true,"_links":{"self":[{"href":"https:\/\/experienciadevida.com.ar\/portalurbano\/wp-json\/wp\/v2\/posts\/166210"}],"collection":[{"href":"https:\/\/experienciadevida.com.ar\/portalurbano\/wp-json\/wp\/v2\/posts"}],"about":[{"href":"https:\/\/experienciadevida.com.ar\/portalurbano\/wp-json\/wp\/v2\/types\/post"}],"author":[{"embeddable":true,"href":"https:\/\/experienciadevida.com.ar\/portalurbano\/wp-json\/wp\/v2\/users\/1"}],"replies":[{"embeddable":true,"href":"https:\/\/experienciadevida.com.ar\/portalurbano\/wp-json\/wp\/v2\/comments?post=166210"}],"version-history":[{"count":3,"href":"https:\/\/experienciadevida.com.ar\/portalurbano\/wp-json\/wp\/v2\/posts\/166210\/revisions"}],"predecessor-version":[{"id":166213,"href":"https:\/\/experienciadevida.com.ar\/portalurbano\/wp-json\/wp\/v2\/posts\/166210\/revisions\/166213"}],"wp:featuredmedia":[{"embeddable":true,"href":"https:\/\/experienciadevida.com.ar\/portalurbano\/wp-json\/wp\/v2\/media\/166211"}],"wp:attachment":[{"href":"https:\/\/experienciadevida.com.ar\/portalurbano\/wp-json\/wp\/v2\/media?parent=166210"}],"wp:term":[{"taxonomy":"category","embeddable":true,"href":"https:\/\/experienciadevida.com.ar\/portalurbano\/wp-json\/wp\/v2\/categories?post=166210"},{"taxonomy":"post_tag","embeddable":true,"href":"https:\/\/experienciadevida.com.ar\/portalurbano\/wp-json\/wp\/v2\/tags?post=166210"}],"curies":[{"name":"wp","href":"https:\/\/api.w.org\/{rel}","templated":true}]}}