{"id":166192,"date":"2022-04-22T10:54:31","date_gmt":"2022-04-22T13:54:31","guid":{"rendered":"https:\/\/experienciadevida.com.ar\/portalurbano\/?p=166192"},"modified":"2022-04-22T10:56:35","modified_gmt":"2022-04-22T13:56:35","slug":"el-compost-separado-por-los-vecinos-termino-de-girar","status":"publish","type":"post","link":"https:\/\/experienciadevida.com.ar\/portalurbano\/el-compost-separado-por-los-vecinos-termino-de-girar\/","title":{"rendered":"El compost separado por los vecinos termin\u00f3 de GIRAR"},"content":{"rendered":"<p>El compost separado por los vecinos termin\u00f3 de GIRAR, integrantes del equipo del programa Gesti\u00f3n Integral de Residuos Olavarr\u00eda (GIRO) comenzaron a entregar, a partir de esta semana, la primera tanda de compost a los hogares de los barrios Los Robles y Municipales.<\/p>\n<p>A un a\u00f1o del comienzo de la prueba piloto en este sector, se hace entrega de la primera tanda de compost, obtenida a partir de la separaci\u00f3n de residuos compostables que realizaron los vecinos y que fueron recolectados cada semana por los camiones de GIRO, para ser trasladados hacia la planta de compostaje.<\/p>\n<p>El compostaje es un proceso de transformaci\u00f3n natural en el que los residuos org\u00e1nicos, basados en plantas y no procesados, se convierten en abono rico en nutrientes. Para que este procedimiento suceda, el equipo de GIRO controla en detalle las condiciones y los par\u00e1metros (humedad, temperatura y aireaci\u00f3n) que permiten la transformaci\u00f3n en un producto estable.<\/p>\n<p>En el marco de la finalizaci\u00f3n del proceso de maduraci\u00f3n y con motivo del Mes del Compostaje, que se celebra entre el 22 de marzo y el 22 de abril (D\u00eda de la Tierra), desde GIRO se realiza la entrega puerta a puerta de la primera bolsa con medio kilo de compost.<\/p>\n<p>Esta actividad, adem\u00e1s de ser un agradecimiento hacia todos los vecinos por su compromiso en el apartado de sus residuos, simboliza la circularidad del sistema de gesti\u00f3n que propone <a href=\"https:\/\/www.facebook.com\/giro.olavarria\">GIRO<\/a>.<\/p>\n<p>Bajo las bases del paradigma de la econom\u00eda circular, que consiste en reusar o reciclar los materiales para volver a crear otro producto, GIRO desarrolla su programa de reciclaje para la ciudad. Sin dudas, Olavarr\u00eda est\u00e1 pasando de un modelo de econom\u00eda lineal que consiste en extraer, producir y desechar bienes, hacia un modelo de econom\u00eda circular. Es en este punto donde los vecinos de los 2300 hogares que participaron de la prueba piloto, han sido protagonistas en el crecimiento y expasi\u00f3n del proyecto.<\/p>\n<p>El Municipio, a trav\u00e9s de la Secretar\u00eda de Desarrollo Econ\u00f3mico, felicita y agradece a los vecinos e invita a la comunidad a participar de la separaci\u00f3n de residuos y del compostaje casero. En las redes sociales y la p\u00e1gina web de GIRO, se encuentra disponible la informaci\u00f3n y los consejos para elaborar y utilizar compost en casa.<\/p>\n<p>Para m\u00e1s informacion sobre el Programa, pueden comunicarse con la Direccion de Desarrollo Sustentable de la Secretar\u00eda de Desarrollo Economico al 412600. Redes sociales: giro.olavarria \/ desarrollosustentableolavarria. Correo: gestionambiental@olavarria.gov.ar<\/p>\n<p><a href=\"https:\/\/experienciadevida.com.ar\/portalurbano\/el-compost-separado-por-los-vecinos-termino-de-girar\/el-compost\/\" rel=\"attachment wp-att-166196\"><img decoding=\"async\" class=\"alignnone size-large wp-image-166196\" src=\"https:\/\/experienciadevida.com.ar\/portalurbano\/wp-content\/uploads\/2022\/04\/El-compost-1024x1024.jpg\" alt=\"El compost \" width=\"900\" height=\"900\" srcset=\"https:\/\/experienciadevida.com.ar\/portalurbano\/wp-content\/uploads\/2022\/04\/El-compost-1024x1024.jpg 1024w, https:\/\/experienciadevida.com.ar\/portalurbano\/wp-content\/uploads\/2022\/04\/El-compost-300x300.jpg 300w, https:\/\/experienciadevida.com.ar\/portalurbano\/wp-content\/uploads\/2022\/04\/El-compost-150x150.jpg 150w, https:\/\/experienciadevida.com.ar\/portalurbano\/wp-content\/uploads\/2022\/04\/El-compost-768x768.jpg 768w, https:\/\/experienciadevida.com.ar\/portalurbano\/wp-content\/uploads\/2022\/04\/El-compost.jpg 1181w\" sizes=\"(max-width: 900px) 100vw, 900px\" \/><\/a><\/p>\n","protected":false},"excerpt":{"rendered":"<p>El compost separado por los vecinos termin\u00f3 de GIRAR, integrantes del equipo del programa Gesti\u00f3n&#8230;<\/p>\n","protected":false},"author":1,"featured_media":166193,"comment_status":"closed","ping_status":"closed","sticky":false,"template":"","format":"standard","meta":{"content-type":""},"categories":[27,64],"tags":[],"nelio_content":{"isAutoShareEnabled":false,"autoShareEndMode":"default","automationSources":{"useContentSentences":true,"useSocialTemplates":true,"useCustomSentences":false,"customSentences":[]},"followers":[1],"suggestedReferences":[],"includedReferences":[],"efiUrl":"","efiAlt":"","highlights":[]},"yoast_head":"<!-- This site is optimized with the Yoast SEO plugin v20.7 - https:\/\/yoast.com\/wordpress\/plugins\/seo\/ -->\n<title>El compost separado por los vecinos termin\u00f3 de GIRAR<\/title>\n<meta name=\"description\" content=\"El compost separado por los vecinos termin\u00f3 de GIRAR, integrantes del equipo del programa Gesti\u00f3n Integral de Residuos Olavarr\u00eda\" \/>\n<meta name=\"robots\" content=\"index, follow, max-snippet:-1, max-image-preview:large, max-video-preview:-1\" \/>\n<link rel=\"canonical\" href=\"https:\/\/experienciadevida.com.ar\/portalurbano\/el-compost-separado-por-los-vecinos-termino-de-girar\/\" \/>\n<meta property=\"og:locale\" content=\"es_ES\" \/>\n<meta property=\"og:type\" content=\"article\" \/>\n<meta property=\"og:title\" content=\"El compost separado por los vecinos termin\u00f3 de GIRAR\" \/>\n<meta property=\"og:description\" content=\"El compost separado por los vecinos termin\u00f3 de GIRAR, integrantes del equipo del programa Gesti\u00f3n Integral de Residuos Olavarr\u00eda\" \/>\n<meta property=\"og:url\" content=\"https:\/\/experienciadevida.com.ar\/portalurbano\/el-compost-separado-por-los-vecinos-termino-de-girar\/\" \/>\n<meta property=\"article:publisher\" content=\"https:\/\/www.facebook.com\/Portal-Urbano-171542830093757\/\" \/>\n<meta property=\"article:published_time\" content=\"2022-04-22T13:54:31+00:00\" \/>\n<meta property=\"article:modified_time\" content=\"2022-04-22T13:56:35+00:00\" \/>\n<meta property=\"og:image\" content=\"https:\/\/experienciadevida.com.ar\/portalurbano\/wp-content\/uploads\/2022\/04\/El-compost-separado-por.jpg\" \/>\n\t<meta property=\"og:image:width\" content=\"1181\" \/>\n\t<meta property=\"og:image:height\" content=\"1181\" \/>\n\t<meta property=\"og:image:type\" content=\"image\/jpeg\" \/>\n<meta name=\"author\" content=\"admpu17wp\" \/>\n<meta name=\"twitter:card\" content=\"summary_large_image\" \/>\n<meta name=\"twitter:creator\" content=\"@portalurbanook\" \/>\n<meta name=\"twitter:site\" content=\"@portalurbanook\" \/>\n<meta name=\"twitter:label1\" content=\"Escrito por\" \/>\n\t<meta name=\"twitter:data1\" content=\"admpu17wp\" \/>\n\t<meta name=\"twitter:label2\" content=\"Tiempo de lectura\" \/>\n\t<meta name=\"twitter:data2\" content=\"3 minutos\" \/>\n<script type=\"application\/ld+json\" class=\"yoast-schema-graph\">{\"@context\":\"https:\/\/schema.org\",\"@graph\":[{\"@type\":\"Article\",\"@id\":\"https:\/\/experienciadevida.com.ar\/portalurbano\/el-compost-separado-por-los-vecinos-termino-de-girar\/#article\",\"isPartOf\":{\"@id\":\"https:\/\/experienciadevida.com.ar\/portalurbano\/el-compost-separado-por-los-vecinos-termino-de-girar\/\"},\"author\":{\"name\":\"admpu17wp\",\"@id\":\"https:\/\/experienciadevida.com.ar\/portalurbano\/#\/schema\/person\/02dd326b1c4b056e9cc972486934a3a7\"},\"headline\":\"El compost separado por los vecinos termin\u00f3 de GIRAR\",\"datePublished\":\"2022-04-22T13:54:31+00:00\",\"dateModified\":\"2022-04-22T13:56:35+00:00\",\"mainEntityOfPage\":{\"@id\":\"https:\/\/experienciadevida.com.ar\/portalurbano\/el-compost-separado-por-los-vecinos-termino-de-girar\/\"},\"wordCount\":439,\"publisher\":{\"@id\":\"https:\/\/experienciadevida.com.ar\/portalurbano\/#organization\"},\"articleSection\":[\"Ciudad\",\"Destacadas 2\"],\"inLanguage\":\"es\"},{\"@type\":\"WebPage\",\"@id\":\"https:\/\/experienciadevida.com.ar\/portalurbano\/el-compost-separado-por-los-vecinos-termino-de-girar\/\",\"url\":\"https:\/\/experienciadevida.com.ar\/portalurbano\/el-compost-separado-por-los-vecinos-termino-de-girar\/\",\"name\":\"El compost separado por los vecinos termin\u00f3 de GIRAR\",\"isPartOf\":{\"@id\":\"https:\/\/experienciadevida.com.ar\/portalurbano\/#website\"},\"datePublished\":\"2022-04-22T13:54:31+00:00\",\"dateModified\":\"2022-04-22T13:56:35+00:00\",\"description\":\"El compost separado por los vecinos termin\u00f3 de GIRAR, integrantes del equipo del programa Gesti\u00f3n Integral de Residuos Olavarr\u00eda\",\"breadcrumb\":{\"@id\":\"https:\/\/experienciadevida.com.ar\/portalurbano\/el-compost-separado-por-los-vecinos-termino-de-girar\/#breadcrumb\"},\"inLanguage\":\"es\",\"potentialAction\":[{\"@type\":\"ReadAction\",\"target\":[\"https:\/\/experienciadevida.com.ar\/portalurbano\/el-compost-separado-por-los-vecinos-termino-de-girar\/\"]}]},{\"@type\":\"BreadcrumbList\",\"@id\":\"https:\/\/experienciadevida.com.ar\/portalurbano\/el-compost-separado-por-los-vecinos-termino-de-girar\/#breadcrumb\",\"itemListElement\":[{\"@type\":\"ListItem\",\"position\":1,\"name\":\"Portada\",\"item\":\"https:\/\/experienciadevida.com.ar\/portalurbano\/\"},{\"@type\":\"ListItem\",\"position\":2,\"name\":\"El compost separado por los vecinos termin\u00f3 de GIRAR\"}]},{\"@type\":\"WebSite\",\"@id\":\"https:\/\/experienciadevida.com.ar\/portalurbano\/#website\",\"url\":\"https:\/\/experienciadevida.com.ar\/portalurbano\/\",\"name\":\"\",\"description\":\"\",\"publisher\":{\"@id\":\"https:\/\/experienciadevida.com.ar\/portalurbano\/#organization\"},\"potentialAction\":[{\"@type\":\"SearchAction\",\"target\":{\"@type\":\"EntryPoint\",\"urlTemplate\":\"https:\/\/experienciadevida.com.ar\/portalurbano\/?s={search_term_string}\"},\"query-input\":\"required name=search_term_string\"}],\"inLanguage\":\"es\"},{\"@type\":\"Organization\",\"@id\":\"https:\/\/experienciadevida.com.ar\/portalurbano\/#organization\",\"name\":\"Portal Urbano\",\"url\":\"https:\/\/experienciadevida.com.ar\/portalurbano\/\",\"logo\":{\"@type\":\"ImageObject\",\"inLanguage\":\"es\",\"@id\":\"https:\/\/experienciadevida.com.ar\/portalurbano\/#\/schema\/logo\/image\/\",\"url\":\"https:\/\/experienciadevida.com.ar\/portalurbano\/wp-content\/uploads\/2019\/09\/Logo-Original.png\",\"contentUrl\":\"https:\/\/experienciadevida.com.ar\/portalurbano\/wp-content\/uploads\/2019\/09\/Logo-Original.png\",\"width\":2236,\"height\":1216,\"caption\":\"Portal Urbano\"},\"image\":{\"@id\":\"https:\/\/experienciadevida.com.ar\/portalurbano\/#\/schema\/logo\/image\/\"},\"sameAs\":[\"https:\/\/www.facebook.com\/Portal-Urbano-171542830093757\/\",\"https:\/\/twitter.com\/portalurbanook\",\"https:\/\/www.instagram.com\/_portalurbano\/\",\"https:\/\/www.youtube.com\/channel\/UCXhagIfszH8KxFiOok79zbA?view_as=subscriber\"]},{\"@type\":\"Person\",\"@id\":\"https:\/\/experienciadevida.com.ar\/portalurbano\/#\/schema\/person\/02dd326b1c4b056e9cc972486934a3a7\",\"name\":\"admpu17wp\",\"image\":{\"@type\":\"ImageObject\",\"inLanguage\":\"es\",\"@id\":\"https:\/\/experienciadevida.com.ar\/portalurbano\/#\/schema\/person\/image\/\",\"url\":\"https:\/\/secure.gravatar.com\/avatar\/830d4c57adaae6630765e449a6908047?s=96&d=mm&r=g\",\"contentUrl\":\"https:\/\/secure.gravatar.com\/avatar\/830d4c57adaae6630765e449a6908047?s=96&d=mm&r=g\",\"caption\":\"admpu17wp\"}}]}<\/script>\n<!-- \/ Yoast SEO plugin. -->","yoast_head_json":{"title":"El compost separado por los vecinos termin\u00f3 de GIRAR","description":"El compost separado por los vecinos termin\u00f3 de GIRAR, integrantes del equipo del programa Gesti\u00f3n Integral de Residuos Olavarr\u00eda","robots":{"index":"index","follow":"follow","max-snippet":"max-snippet:-1","max-image-preview":"max-image-preview:large","max-video-preview":"max-video-preview:-1"},"canonical":"https:\/\/experienciadevida.com.ar\/portalurbano\/el-compost-separado-por-los-vecinos-termino-de-girar\/","og_locale":"es_ES","og_type":"article","og_title":"El compost separado por los vecinos termin\u00f3 de GIRAR","og_description":"El compost separado por los vecinos termin\u00f3 de GIRAR, integrantes del equipo del programa Gesti\u00f3n Integral de Residuos Olavarr\u00eda","og_url":"https:\/\/experienciadevida.com.ar\/portalurbano\/el-compost-separado-por-los-vecinos-termino-de-girar\/","article_publisher":"https:\/\/www.facebook.com\/Portal-Urbano-171542830093757\/","article_published_time":"2022-04-22T13:54:31+00:00","article_modified_time":"2022-04-22T13:56:35+00:00","og_image":[{"width":1181,"height":1181,"url":"https:\/\/experienciadevida.com.ar\/portalurbano\/wp-content\/uploads\/2022\/04\/El-compost-separado-por.jpg","type":"image\/jpeg"}],"author":"admpu17wp","twitter_card":"summary_large_image","twitter_creator":"@portalurbanook","twitter_site":"@portalurbanook","twitter_misc":{"Escrito por":"admpu17wp","Tiempo de lectura":"3 minutos"},"schema":{"@context":"https:\/\/schema.org","@graph":[{"@type":"Article","@id":"https:\/\/experienciadevida.com.ar\/portalurbano\/el-compost-separado-por-los-vecinos-termino-de-girar\/#article","isPartOf":{"@id":"https:\/\/experienciadevida.com.ar\/portalurbano\/el-compost-separado-por-los-vecinos-termino-de-girar\/"},"author":{"name":"admpu17wp","@id":"https:\/\/experienciadevida.com.ar\/portalurbano\/#\/schema\/person\/02dd326b1c4b056e9cc972486934a3a7"},"headline":"El compost separado por los vecinos termin\u00f3 de GIRAR","datePublished":"2022-04-22T13:54:31+00:00","dateModified":"2022-04-22T13:56:35+00:00","mainEntityOfPage":{"@id":"https:\/\/experienciadevida.com.ar\/portalurbano\/el-compost-separado-por-los-vecinos-termino-de-girar\/"},"wordCount":439,"publisher":{"@id":"https:\/\/experienciadevida.com.ar\/portalurbano\/#organization"},"articleSection":["Ciudad","Destacadas 2"],"inLanguage":"es"},{"@type":"WebPage","@id":"https:\/\/experienciadevida.com.ar\/portalurbano\/el-compost-separado-por-los-vecinos-termino-de-girar\/","url":"https:\/\/experienciadevida.com.ar\/portalurbano\/el-compost-separado-por-los-vecinos-termino-de-girar\/","name":"El compost separado por los vecinos termin\u00f3 de GIRAR","isPartOf":{"@id":"https:\/\/experienciadevida.com.ar\/portalurbano\/#website"},"datePublished":"2022-04-22T13:54:31+00:00","dateModified":"2022-04-22T13:56:35+00:00","description":"El compost separado por los vecinos termin\u00f3 de GIRAR, integrantes del equipo del programa Gesti\u00f3n Integral de Residuos Olavarr\u00eda","breadcrumb":{"@id":"https:\/\/experienciadevida.com.ar\/portalurbano\/el-compost-separado-por-los-vecinos-termino-de-girar\/#breadcrumb"},"inLanguage":"es","potentialAction":[{"@type":"ReadAction","target":["https:\/\/experienciadevida.com.ar\/portalurbano\/el-compost-separado-por-los-vecinos-termino-de-girar\/"]}]},{"@type":"BreadcrumbList","@id":"https:\/\/experienciadevida.com.ar\/portalurbano\/el-compost-separado-por-los-vecinos-termino-de-girar\/#breadcrumb","itemListElement":[{"@type":"ListItem","position":1,"name":"Portada","item":"https:\/\/experienciadevida.com.ar\/portalurbano\/"},{"@type":"ListItem","position":2,"name":"El compost separado por los vecinos termin\u00f3 de GIRAR"}]},{"@type":"WebSite","@id":"https:\/\/experienciadevida.com.ar\/portalurbano\/#website","url":"https:\/\/experienciadevida.com.ar\/portalurbano\/","name":"","description":"","publisher":{"@id":"https:\/\/experienciadevida.com.ar\/portalurbano\/#organization"},"potentialAction":[{"@type":"SearchAction","target":{"@type":"EntryPoint","urlTemplate":"https:\/\/experienciadevida.com.ar\/portalurbano\/?s={search_term_string}"},"query-input":"required name=search_term_string"}],"inLanguage":"es"},{"@type":"Organization","@id":"https:\/\/experienciadevida.com.ar\/portalurbano\/#organization","name":"Portal Urbano","url":"https:\/\/experienciadevida.com.ar\/portalurbano\/","logo":{"@type":"ImageObject","inLanguage":"es","@id":"https:\/\/experienciadevida.com.ar\/portalurbano\/#\/schema\/logo\/image\/","url":"https:\/\/experienciadevida.com.ar\/portalurbano\/wp-content\/uploads\/2019\/09\/Logo-Original.png","contentUrl":"https:\/\/experienciadevida.com.ar\/portalurbano\/wp-content\/uploads\/2019\/09\/Logo-Original.png","width":2236,"height":1216,"caption":"Portal Urbano"},"image":{"@id":"https:\/\/experienciadevida.com.ar\/portalurbano\/#\/schema\/logo\/image\/"},"sameAs":["https:\/\/www.facebook.com\/Portal-Urbano-171542830093757\/","https:\/\/twitter.com\/portalurbanook","https:\/\/www.instagram.com\/_portalurbano\/","https:\/\/www.youtube.com\/channel\/UCXhagIfszH8KxFiOok79zbA?view_as=subscriber"]},{"@type":"Person","@id":"https:\/\/experienciadevida.com.ar\/portalurbano\/#\/schema\/person\/02dd326b1c4b056e9cc972486934a3a7","name":"admpu17wp","image":{"@type":"ImageObject","inLanguage":"es","@id":"https:\/\/experienciadevida.com.ar\/portalurbano\/#\/schema\/person\/image\/","url":"https:\/\/secure.gravatar.com\/avatar\/830d4c57adaae6630765e449a6908047?s=96&d=mm&r=g","contentUrl":"https:\/\/secure.gravatar.com\/avatar\/830d4c57adaae6630765e449a6908047?s=96&d=mm&r=g","caption":"admpu17wp"}}]}},"featured_image_urls":{"full":["https:\/\/experienciadevida.com.ar\/portalurbano\/wp-content\/uploads\/2022\/04\/El-compost-separado-por.jpg",1181,1181,false],"thumbnail":["https:\/\/experienciadevida.com.ar\/portalurbano\/wp-content\/uploads\/2022\/04\/El-compost-separado-por-150x150.jpg",150,150,true],"medium":["https:\/\/experienciadevida.com.ar\/portalurbano\/wp-content\/uploads\/2022\/04\/El-compost-separado-por-300x300.jpg",300,300,true],"medium_large":["https:\/\/experienciadevida.com.ar\/portalurbano\/wp-content\/uploads\/2022\/04\/El-compost-separado-por-768x768.jpg",640,640,true],"large":["https:\/\/experienciadevida.com.ar\/portalurbano\/wp-content\/uploads\/2022\/04\/El-compost-separado-por-1024x1024.jpg",640,640,true],"ug_big":["https:\/\/experienciadevida.com.ar\/portalurbano\/wp-content\/uploads\/2022\/04\/El-compost-separado-por-768x768.jpg",768,768,true],"1536x1536":["https:\/\/experienciadevida.com.ar\/portalurbano\/wp-content\/uploads\/2022\/04\/El-compost-separado-por.jpg",1181,1181,false],"2048x2048":["https:\/\/experienciadevida.com.ar\/portalurbano\/wp-content\/uploads\/2022\/04\/El-compost-separado-por.jpg",1181,1181,false],"newsever-slider-full":["https:\/\/experienciadevida.com.ar\/portalurbano\/wp-content\/uploads\/2022\/04\/El-compost-separado-por.jpg",845,845,false],"newsever-featured":["https:\/\/experienciadevida.com.ar\/portalurbano\/wp-content\/uploads\/2022\/04\/El-compost-separado-por.jpg",1024,1024,false],"newsever-medium":["https:\/\/experienciadevida.com.ar\/portalurbano\/wp-content\/uploads\/2022\/04\/El-compost-separado-por.jpg",475,475,false],"web-stories-poster-portrait":["https:\/\/experienciadevida.com.ar\/portalurbano\/wp-content\/uploads\/2022\/04\/El-compost-separado-por.jpg",640,640,false],"web-stories-publisher-logo":["https:\/\/experienciadevida.com.ar\/portalurbano\/wp-content\/uploads\/2022\/04\/El-compost-separado-por.jpg",96,96,false],"web-stories-thumbnail":["https:\/\/experienciadevida.com.ar\/portalurbano\/wp-content\/uploads\/2022\/04\/El-compost-separado-por.jpg",150,150,false]},"author_info":{"display_name":"admpu17wp","author_link":"https:\/\/experienciadevida.com.ar\/portalurbano\/author\/admpu17wp\/"},"category_info":"<a href=\"https:\/\/experienciadevida.com.ar\/portalurbano\/category\/ciudad\/\" rel=\"category tag\">Ciudad<\/a> <a href=\"https:\/\/experienciadevida.com.ar\/portalurbano\/category\/destacadas-2\/\" rel=\"category tag\">Destacadas 2<\/a>","tag_info":"Destacadas 2","comment_count":"0","amp_enabled":true,"_links":{"self":[{"href":"https:\/\/experienciadevida.com.ar\/portalurbano\/wp-json\/wp\/v2\/posts\/166192"}],"collection":[{"href":"https:\/\/experienciadevida.com.ar\/portalurbano\/wp-json\/wp\/v2\/posts"}],"about":[{"href":"https:\/\/experienciadevida.com.ar\/portalurbano\/wp-json\/wp\/v2\/types\/post"}],"author":[{"embeddable":true,"href":"https:\/\/experienciadevida.com.ar\/portalurbano\/wp-json\/wp\/v2\/users\/1"}],"replies":[{"embeddable":true,"href":"https:\/\/experienciadevida.com.ar\/portalurbano\/wp-json\/wp\/v2\/comments?post=166192"}],"version-history":[{"count":3,"href":"https:\/\/experienciadevida.com.ar\/portalurbano\/wp-json\/wp\/v2\/posts\/166192\/revisions"}],"predecessor-version":[{"id":166197,"href":"https:\/\/experienciadevida.com.ar\/portalurbano\/wp-json\/wp\/v2\/posts\/166192\/revisions\/166197"}],"wp:featuredmedia":[{"embeddable":true,"href":"https:\/\/experienciadevida.com.ar\/portalurbano\/wp-json\/wp\/v2\/media\/166193"}],"wp:attachment":[{"href":"https:\/\/experienciadevida.com.ar\/portalurbano\/wp-json\/wp\/v2\/media?parent=166192"}],"wp:term":[{"taxonomy":"category","embeddable":true,"href":"https:\/\/experienciadevida.com.ar\/portalurbano\/wp-json\/wp\/v2\/categories?post=166192"},{"taxonomy":"post_tag","embeddable":true,"href":"https:\/\/experienciadevida.com.ar\/portalurbano\/wp-json\/wp\/v2\/tags?post=166192"}],"curies":[{"name":"wp","href":"https:\/\/api.w.org\/{rel}","templated":true}]}}