{"id":166126,"date":"2022-04-21T14:11:22","date_gmt":"2022-04-21T17:11:22","guid":{"rendered":"https:\/\/experienciadevida.com.ar\/portalurbano\/?p=166126"},"modified":"2022-04-21T14:12:12","modified_gmt":"2022-04-21T17:12:12","slug":"encuentro-de-coopelectric-y-vecinos-de-loma-negra","status":"publish","type":"post","link":"https:\/\/experienciadevida.com.ar\/portalurbano\/encuentro-de-coopelectric-y-vecinos-de-loma-negra\/","title":{"rendered":"Encuentro de Coopelectric y vecinos de Loma Negra"},"content":{"rendered":"<p>Encuentro de Coopelectric y vecinos de Loma Negra, integrantes del Consejo de Administraci\u00f3n y personal de Coopelectric mantuvieron un encuentro con los vecinos de Loma Negra. El mismo tuvo lugar en la sede de la Delegaci\u00f3n Municipal de la localidad y cont\u00f3 con la participaci\u00f3n del presidente del Consejo de Administraci\u00f3n Cruz Arouxet, la Delegada Municipal <a href=\"https:\/\/www.facebook.com\/mariavaleria.milia\">Valeria Mil\u00eda<\/a>, el presidente del Cuerpo de Delegados de Coopelectric Ignacio Pagano, los delegados Pablo Cejas y Walter Bahl, el gerente de Coordinaci\u00f3n Ejecutiva Cr. Oscar L\u00f3pez, el gerente de<br \/>\nDistribuci\u00f3n del Servicio El\u00e9ctrico Claudio N\u00e1poli y vecinos de la localidad.<\/p>\n<p>La Delegada Municipal Valeria Mil\u00eda fue la encargada de abrir el encuentro y manifest\u00f3 la importancia de \u201caceitar el mecanismo de reuniones para que haya un ida y vuelta, que se pueda triangular entre la Delegaci\u00f3n, la empresa y<br \/>\nlos vecinos. Es un buen mecanismo de trabajo\u201d.<\/p>\n<p>En tanto Cruz Arouxet, expres\u00f3 \u201cnos interesa fortalecer el v\u00ednculo con la comunidad, que los vecinos sepan que la Cooperativa tiene las puertas abiertas para este tipo de reuniones, para dialogar y recibir inquietudes particulares o generales\u201d.<\/p>\n<p>El gerente de Distribuci\u00f3n del Servicio El\u00e9ctrico Claudio N\u00e1poli se refiri\u00f3 a las caracter\u00edsticas del sistema el\u00e9ctrico que alimenta a Loma Negra y respondi\u00f3 las inquietudes de los vecinos sobre las interrupciones del Servicio.<\/p>\n<p>Encuentro de Coopelectric y vecinos de Loma Negra, por otro lado, se abord\u00f3 el Alumbrado P\u00fablico cuya operaci\u00f3n y mantenimiento se encuentra a cargo de Coopelectric. Ante las consultas vinculadas a la expansi\u00f3n del sistema se explic\u00f3 que la misma es planificada y financiada por el Municipio. No obstante, se brind\u00f3 informaci\u00f3n sobre la posibilidad de que los vecinos asuman el costo de forma colectiva para la instalaci\u00f3n de nuevas luminarias, previo estudio de factibilidad y realizaci\u00f3n del tr\u00e1mite pertinente en la sede administrativa de Coopelectric.<\/p>\n<p>Los representantes de Coopelectric subrayaron la importancia de que los asociados efect\u00faen los reclamos a trav\u00e9s de las v\u00edas de comunicaci\u00f3n habilitadas para posibilitar su trazabilidad mediante el n\u00famero de reclamo otorgado. En tal sentido, se sugiri\u00f3 a los presentes agendar el contacto \u201cReclamos Coopelectric\u201d con el n\u00famero 2284-230707 y promover su difusi\u00f3n.<\/p>\n<p>Asimismo, el Ing. N\u00e1poli hizo menci\u00f3n a la poda de los \u00e1rboles en la localidad. \u201cPara nosotros es fundamental que los vecinos poden las plantas que se encuentran dentro de sus propiedades, para no afectar la normal prestaci\u00f3n del suministro\u201d.<\/p>\n<p>En el marco de la reuni\u00f3n, se destac\u00f3 que luego del encuentro realizado con la Delegada Municipal y algunos vecinos en el mes de febrero, se concret\u00f3 la obra de iluminaci\u00f3n del Monumento \u201cMalvinas, H\u00e9roes y Veteranos de la guerra\u201d, propuesta que hab\u00eda acercado Jos\u00e9 Mar\u00eda Trinch\u00edn. Ello fue posible mediante el trabajo articulado de la Cooperativa, el Municipio y la Agrupaci\u00f3n Veteranos de Guerra \u201c2 de Abril\u201d.<\/p>\n<p>Consultado tras finalizar la reuni\u00f3n, el presidente del Consejo de Administraci\u00f3n Cruz Arouxet sostuvo \u201cse trat\u00f3 de un encuentro enriquecedor, que nos permiti\u00f3 conocer las inquietudes de los vecinos de Loma Negra. Desde la Cooperativa haremos lo posible por dar respuesta a sus demandas\u201d y a continuaci\u00f3n a\u00f1adi\u00f3 \u201cnos interesa poner en valor el di\u00e1logo, la comunicaci\u00f3n directa con el asociado y el trabajo conjunto para mejorar la calidad de<br \/>\nservicio que perciben los vecinos\u201d.<\/p>\n<p><a href=\"https:\/\/experienciadevida.com.ar\/portalurbano\/encuentro-de-coopelectric-y-vecinos-de-loma-negra\/encuentro\/\" rel=\"attachment wp-att-166128\"><img decoding=\"async\" class=\"alignnone size-large wp-image-166128\" src=\"https:\/\/experienciadevida.com.ar\/portalurbano\/wp-content\/uploads\/2022\/04\/Encuentro-1024x230.jpeg\" alt=\"Encuentro \" width=\"900\" height=\"202\" srcset=\"https:\/\/experienciadevida.com.ar\/portalurbano\/wp-content\/uploads\/2022\/04\/Encuentro-1024x230.jpeg 1024w, https:\/\/experienciadevida.com.ar\/portalurbano\/wp-content\/uploads\/2022\/04\/Encuentro-300x67.jpeg 300w, https:\/\/experienciadevida.com.ar\/portalurbano\/wp-content\/uploads\/2022\/04\/Encuentro-768x172.jpeg 768w, https:\/\/experienciadevida.com.ar\/portalurbano\/wp-content\/uploads\/2022\/04\/Encuentro-1536x345.jpeg 1536w, https:\/\/experienciadevida.com.ar\/portalurbano\/wp-content\/uploads\/2022\/04\/Encuentro.jpeg 1600w\" sizes=\"(max-width: 900px) 100vw, 900px\" \/><\/a><\/p>\n","protected":false},"excerpt":{"rendered":"<p>Encuentro de Coopelectric y vecinos de Loma Negra, integrantes del Consejo de Administraci\u00f3n y personal&#8230;<\/p>\n","protected":false},"author":1,"featured_media":166127,"comment_status":"closed","ping_status":"closed","sticky":false,"template":"","format":"standard","meta":{"content-type":""},"categories":[27],"tags":[],"nelio_content":{"isAutoShareEnabled":false,"autoShareEndMode":"default","automationSources":{"useContentSentences":true,"useSocialTemplates":true,"useCustomSentences":false,"customSentences":[]},"followers":[1],"suggestedReferences":[],"includedReferences":[],"efiUrl":"","efiAlt":"","highlights":[]},"yoast_head":"<!-- This site is optimized with the Yoast SEO plugin v20.7 - https:\/\/yoast.com\/wordpress\/plugins\/seo\/ -->\n<title>Encuentro de Coopelectric y vecinos de Loma Negra<\/title>\n<meta name=\"description\" content=\"Encuentro de Coopelectric y vecinos de Loma Negra, tuvo lugar en la sede de la Delegaci\u00f3n Municipal de la localidad\" \/>\n<meta name=\"robots\" content=\"index, follow, max-snippet:-1, max-image-preview:large, max-video-preview:-1\" \/>\n<link rel=\"canonical\" href=\"https:\/\/experienciadevida.com.ar\/portalurbano\/encuentro-de-coopelectric-y-vecinos-de-loma-negra\/\" \/>\n<meta property=\"og:locale\" content=\"es_ES\" \/>\n<meta property=\"og:type\" content=\"article\" \/>\n<meta property=\"og:title\" content=\"Encuentro de Coopelectric y vecinos de Loma Negra\" \/>\n<meta property=\"og:description\" content=\"Encuentro de Coopelectric y vecinos de Loma Negra, tuvo lugar en la sede de la Delegaci\u00f3n Municipal de la localidad\" \/>\n<meta property=\"og:url\" content=\"https:\/\/experienciadevida.com.ar\/portalurbano\/encuentro-de-coopelectric-y-vecinos-de-loma-negra\/\" \/>\n<meta property=\"article:publisher\" content=\"https:\/\/www.facebook.com\/Portal-Urbano-171542830093757\/\" \/>\n<meta property=\"article:published_time\" content=\"2022-04-21T17:11:22+00:00\" \/>\n<meta property=\"article:modified_time\" content=\"2022-04-21T17:12:12+00:00\" \/>\n<meta property=\"og:image\" content=\"https:\/\/experienciadevida.com.ar\/portalurbano\/wp-content\/uploads\/2022\/04\/Encuentro-de-Coopelectric-y-1.jpeg\" \/>\n\t<meta property=\"og:image:width\" content=\"1600\" \/>\n\t<meta property=\"og:image:height\" content=\"900\" \/>\n\t<meta property=\"og:image:type\" content=\"image\/jpeg\" \/>\n<meta name=\"author\" content=\"admpu17wp\" \/>\n<meta name=\"twitter:card\" content=\"summary_large_image\" \/>\n<meta name=\"twitter:creator\" content=\"@portalurbanook\" \/>\n<meta name=\"twitter:site\" content=\"@portalurbanook\" \/>\n<meta name=\"twitter:label1\" content=\"Escrito por\" \/>\n\t<meta name=\"twitter:data1\" content=\"admpu17wp\" \/>\n\t<meta name=\"twitter:label2\" content=\"Tiempo de lectura\" \/>\n\t<meta name=\"twitter:data2\" content=\"3 minutos\" \/>\n<script type=\"application\/ld+json\" class=\"yoast-schema-graph\">{\"@context\":\"https:\/\/schema.org\",\"@graph\":[{\"@type\":\"Article\",\"@id\":\"https:\/\/experienciadevida.com.ar\/portalurbano\/encuentro-de-coopelectric-y-vecinos-de-loma-negra\/#article\",\"isPartOf\":{\"@id\":\"https:\/\/experienciadevida.com.ar\/portalurbano\/encuentro-de-coopelectric-y-vecinos-de-loma-negra\/\"},\"author\":{\"name\":\"admpu17wp\",\"@id\":\"https:\/\/experienciadevida.com.ar\/portalurbano\/#\/schema\/person\/02dd326b1c4b056e9cc972486934a3a7\"},\"headline\":\"Encuentro de Coopelectric y vecinos de Loma Negra\",\"datePublished\":\"2022-04-21T17:11:22+00:00\",\"dateModified\":\"2022-04-21T17:12:12+00:00\",\"mainEntityOfPage\":{\"@id\":\"https:\/\/experienciadevida.com.ar\/portalurbano\/encuentro-de-coopelectric-y-vecinos-de-loma-negra\/\"},\"wordCount\":592,\"publisher\":{\"@id\":\"https:\/\/experienciadevida.com.ar\/portalurbano\/#organization\"},\"articleSection\":[\"Ciudad\"],\"inLanguage\":\"es\"},{\"@type\":\"WebPage\",\"@id\":\"https:\/\/experienciadevida.com.ar\/portalurbano\/encuentro-de-coopelectric-y-vecinos-de-loma-negra\/\",\"url\":\"https:\/\/experienciadevida.com.ar\/portalurbano\/encuentro-de-coopelectric-y-vecinos-de-loma-negra\/\",\"name\":\"Encuentro de Coopelectric y vecinos de Loma Negra\",\"isPartOf\":{\"@id\":\"https:\/\/experienciadevida.com.ar\/portalurbano\/#website\"},\"datePublished\":\"2022-04-21T17:11:22+00:00\",\"dateModified\":\"2022-04-21T17:12:12+00:00\",\"description\":\"Encuentro de Coopelectric y vecinos de Loma Negra, tuvo lugar en la sede de la Delegaci\u00f3n Municipal de la localidad\",\"breadcrumb\":{\"@id\":\"https:\/\/experienciadevida.com.ar\/portalurbano\/encuentro-de-coopelectric-y-vecinos-de-loma-negra\/#breadcrumb\"},\"inLanguage\":\"es\",\"potentialAction\":[{\"@type\":\"ReadAction\",\"target\":[\"https:\/\/experienciadevida.com.ar\/portalurbano\/encuentro-de-coopelectric-y-vecinos-de-loma-negra\/\"]}]},{\"@type\":\"BreadcrumbList\",\"@id\":\"https:\/\/experienciadevida.com.ar\/portalurbano\/encuentro-de-coopelectric-y-vecinos-de-loma-negra\/#breadcrumb\",\"itemListElement\":[{\"@type\":\"ListItem\",\"position\":1,\"name\":\"Portada\",\"item\":\"https:\/\/experienciadevida.com.ar\/portalurbano\/\"},{\"@type\":\"ListItem\",\"position\":2,\"name\":\"Encuentro de Coopelectric y vecinos de Loma Negra\"}]},{\"@type\":\"WebSite\",\"@id\":\"https:\/\/experienciadevida.com.ar\/portalurbano\/#website\",\"url\":\"https:\/\/experienciadevida.com.ar\/portalurbano\/\",\"name\":\"\",\"description\":\"\",\"publisher\":{\"@id\":\"https:\/\/experienciadevida.com.ar\/portalurbano\/#organization\"},\"potentialAction\":[{\"@type\":\"SearchAction\",\"target\":{\"@type\":\"EntryPoint\",\"urlTemplate\":\"https:\/\/experienciadevida.com.ar\/portalurbano\/?s={search_term_string}\"},\"query-input\":\"required name=search_term_string\"}],\"inLanguage\":\"es\"},{\"@type\":\"Organization\",\"@id\":\"https:\/\/experienciadevida.com.ar\/portalurbano\/#organization\",\"name\":\"Portal Urbano\",\"url\":\"https:\/\/experienciadevida.com.ar\/portalurbano\/\",\"logo\":{\"@type\":\"ImageObject\",\"inLanguage\":\"es\",\"@id\":\"https:\/\/experienciadevida.com.ar\/portalurbano\/#\/schema\/logo\/image\/\",\"url\":\"https:\/\/experienciadevida.com.ar\/portalurbano\/wp-content\/uploads\/2019\/09\/Logo-Original.png\",\"contentUrl\":\"https:\/\/experienciadevida.com.ar\/portalurbano\/wp-content\/uploads\/2019\/09\/Logo-Original.png\",\"width\":2236,\"height\":1216,\"caption\":\"Portal Urbano\"},\"image\":{\"@id\":\"https:\/\/experienciadevida.com.ar\/portalurbano\/#\/schema\/logo\/image\/\"},\"sameAs\":[\"https:\/\/www.facebook.com\/Portal-Urbano-171542830093757\/\",\"https:\/\/twitter.com\/portalurbanook\",\"https:\/\/www.instagram.com\/_portalurbano\/\",\"https:\/\/www.youtube.com\/channel\/UCXhagIfszH8KxFiOok79zbA?view_as=subscriber\"]},{\"@type\":\"Person\",\"@id\":\"https:\/\/experienciadevida.com.ar\/portalurbano\/#\/schema\/person\/02dd326b1c4b056e9cc972486934a3a7\",\"name\":\"admpu17wp\",\"image\":{\"@type\":\"ImageObject\",\"inLanguage\":\"es\",\"@id\":\"https:\/\/experienciadevida.com.ar\/portalurbano\/#\/schema\/person\/image\/\",\"url\":\"https:\/\/secure.gravatar.com\/avatar\/830d4c57adaae6630765e449a6908047?s=96&d=mm&r=g\",\"contentUrl\":\"https:\/\/secure.gravatar.com\/avatar\/830d4c57adaae6630765e449a6908047?s=96&d=mm&r=g\",\"caption\":\"admpu17wp\"}}]}<\/script>\n<!-- \/ Yoast SEO plugin. -->","yoast_head_json":{"title":"Encuentro de Coopelectric y vecinos de Loma Negra","description":"Encuentro de Coopelectric y vecinos de Loma Negra, tuvo lugar en la sede de la Delegaci\u00f3n Municipal de la localidad","robots":{"index":"index","follow":"follow","max-snippet":"max-snippet:-1","max-image-preview":"max-image-preview:large","max-video-preview":"max-video-preview:-1"},"canonical":"https:\/\/experienciadevida.com.ar\/portalurbano\/encuentro-de-coopelectric-y-vecinos-de-loma-negra\/","og_locale":"es_ES","og_type":"article","og_title":"Encuentro de Coopelectric y vecinos de Loma Negra","og_description":"Encuentro de Coopelectric y vecinos de Loma Negra, tuvo lugar en la sede de la Delegaci\u00f3n Municipal de la localidad","og_url":"https:\/\/experienciadevida.com.ar\/portalurbano\/encuentro-de-coopelectric-y-vecinos-de-loma-negra\/","article_publisher":"https:\/\/www.facebook.com\/Portal-Urbano-171542830093757\/","article_published_time":"2022-04-21T17:11:22+00:00","article_modified_time":"2022-04-21T17:12:12+00:00","og_image":[{"width":1600,"height":900,"url":"https:\/\/experienciadevida.com.ar\/portalurbano\/wp-content\/uploads\/2022\/04\/Encuentro-de-Coopelectric-y-1.jpeg","type":"image\/jpeg"}],"author":"admpu17wp","twitter_card":"summary_large_image","twitter_creator":"@portalurbanook","twitter_site":"@portalurbanook","twitter_misc":{"Escrito por":"admpu17wp","Tiempo de lectura":"3 minutos"},"schema":{"@context":"https:\/\/schema.org","@graph":[{"@type":"Article","@id":"https:\/\/experienciadevida.com.ar\/portalurbano\/encuentro-de-coopelectric-y-vecinos-de-loma-negra\/#article","isPartOf":{"@id":"https:\/\/experienciadevida.com.ar\/portalurbano\/encuentro-de-coopelectric-y-vecinos-de-loma-negra\/"},"author":{"name":"admpu17wp","@id":"https:\/\/experienciadevida.com.ar\/portalurbano\/#\/schema\/person\/02dd326b1c4b056e9cc972486934a3a7"},"headline":"Encuentro de Coopelectric y vecinos de Loma Negra","datePublished":"2022-04-21T17:11:22+00:00","dateModified":"2022-04-21T17:12:12+00:00","mainEntityOfPage":{"@id":"https:\/\/experienciadevida.com.ar\/portalurbano\/encuentro-de-coopelectric-y-vecinos-de-loma-negra\/"},"wordCount":592,"publisher":{"@id":"https:\/\/experienciadevida.com.ar\/portalurbano\/#organization"},"articleSection":["Ciudad"],"inLanguage":"es"},{"@type":"WebPage","@id":"https:\/\/experienciadevida.com.ar\/portalurbano\/encuentro-de-coopelectric-y-vecinos-de-loma-negra\/","url":"https:\/\/experienciadevida.com.ar\/portalurbano\/encuentro-de-coopelectric-y-vecinos-de-loma-negra\/","name":"Encuentro de Coopelectric y vecinos de Loma Negra","isPartOf":{"@id":"https:\/\/experienciadevida.com.ar\/portalurbano\/#website"},"datePublished":"2022-04-21T17:11:22+00:00","dateModified":"2022-04-21T17:12:12+00:00","description":"Encuentro de Coopelectric y vecinos de Loma Negra, tuvo lugar en la sede de la Delegaci\u00f3n Municipal de la localidad","breadcrumb":{"@id":"https:\/\/experienciadevida.com.ar\/portalurbano\/encuentro-de-coopelectric-y-vecinos-de-loma-negra\/#breadcrumb"},"inLanguage":"es","potentialAction":[{"@type":"ReadAction","target":["https:\/\/experienciadevida.com.ar\/portalurbano\/encuentro-de-coopelectric-y-vecinos-de-loma-negra\/"]}]},{"@type":"BreadcrumbList","@id":"https:\/\/experienciadevida.com.ar\/portalurbano\/encuentro-de-coopelectric-y-vecinos-de-loma-negra\/#breadcrumb","itemListElement":[{"@type":"ListItem","position":1,"name":"Portada","item":"https:\/\/experienciadevida.com.ar\/portalurbano\/"},{"@type":"ListItem","position":2,"name":"Encuentro de Coopelectric y vecinos de Loma Negra"}]},{"@type":"WebSite","@id":"https:\/\/experienciadevida.com.ar\/portalurbano\/#website","url":"https:\/\/experienciadevida.com.ar\/portalurbano\/","name":"","description":"","publisher":{"@id":"https:\/\/experienciadevida.com.ar\/portalurbano\/#organization"},"potentialAction":[{"@type":"SearchAction","target":{"@type":"EntryPoint","urlTemplate":"https:\/\/experienciadevida.com.ar\/portalurbano\/?s={search_term_string}"},"query-input":"required name=search_term_string"}],"inLanguage":"es"},{"@type":"Organization","@id":"https:\/\/experienciadevida.com.ar\/portalurbano\/#organization","name":"Portal Urbano","url":"https:\/\/experienciadevida.com.ar\/portalurbano\/","logo":{"@type":"ImageObject","inLanguage":"es","@id":"https:\/\/experienciadevida.com.ar\/portalurbano\/#\/schema\/logo\/image\/","url":"https:\/\/experienciadevida.com.ar\/portalurbano\/wp-content\/uploads\/2019\/09\/Logo-Original.png","contentUrl":"https:\/\/experienciadevida.com.ar\/portalurbano\/wp-content\/uploads\/2019\/09\/Logo-Original.png","width":2236,"height":1216,"caption":"Portal Urbano"},"image":{"@id":"https:\/\/experienciadevida.com.ar\/portalurbano\/#\/schema\/logo\/image\/"},"sameAs":["https:\/\/www.facebook.com\/Portal-Urbano-171542830093757\/","https:\/\/twitter.com\/portalurbanook","https:\/\/www.instagram.com\/_portalurbano\/","https:\/\/www.youtube.com\/channel\/UCXhagIfszH8KxFiOok79zbA?view_as=subscriber"]},{"@type":"Person","@id":"https:\/\/experienciadevida.com.ar\/portalurbano\/#\/schema\/person\/02dd326b1c4b056e9cc972486934a3a7","name":"admpu17wp","image":{"@type":"ImageObject","inLanguage":"es","@id":"https:\/\/experienciadevida.com.ar\/portalurbano\/#\/schema\/person\/image\/","url":"https:\/\/secure.gravatar.com\/avatar\/830d4c57adaae6630765e449a6908047?s=96&d=mm&r=g","contentUrl":"https:\/\/secure.gravatar.com\/avatar\/830d4c57adaae6630765e449a6908047?s=96&d=mm&r=g","caption":"admpu17wp"}}]}},"featured_image_urls":{"full":["https:\/\/experienciadevida.com.ar\/portalurbano\/wp-content\/uploads\/2022\/04\/Encuentro-de-Coopelectric-y-1.jpeg",1600,900,false],"thumbnail":["https:\/\/experienciadevida.com.ar\/portalurbano\/wp-content\/uploads\/2022\/04\/Encuentro-de-Coopelectric-y-1-150x150.jpeg",150,150,true],"medium":["https:\/\/experienciadevida.com.ar\/portalurbano\/wp-content\/uploads\/2022\/04\/Encuentro-de-Coopelectric-y-1-300x169.jpeg",300,169,true],"medium_large":["https:\/\/experienciadevida.com.ar\/portalurbano\/wp-content\/uploads\/2022\/04\/Encuentro-de-Coopelectric-y-1-768x432.jpeg",640,360,true],"large":["https:\/\/experienciadevida.com.ar\/portalurbano\/wp-content\/uploads\/2022\/04\/Encuentro-de-Coopelectric-y-1-1024x576.jpeg",640,360,true],"ug_big":["https:\/\/experienciadevida.com.ar\/portalurbano\/wp-content\/uploads\/2022\/04\/Encuentro-de-Coopelectric-y-1-768x432.jpeg",768,432,true],"1536x1536":["https:\/\/experienciadevida.com.ar\/portalurbano\/wp-content\/uploads\/2022\/04\/Encuentro-de-Coopelectric-y-1-1536x864.jpeg",1536,864,true],"2048x2048":["https:\/\/experienciadevida.com.ar\/portalurbano\/wp-content\/uploads\/2022\/04\/Encuentro-de-Coopelectric-y-1.jpeg",1600,900,false],"newsever-slider-full":["https:\/\/experienciadevida.com.ar\/portalurbano\/wp-content\/uploads\/2022\/04\/Encuentro-de-Coopelectric-y-1.jpeg",1280,720,false],"newsever-featured":["https:\/\/experienciadevida.com.ar\/portalurbano\/wp-content\/uploads\/2022\/04\/Encuentro-de-Coopelectric-y-1.jpeg",1024,576,false],"newsever-medium":["https:\/\/experienciadevida.com.ar\/portalurbano\/wp-content\/uploads\/2022\/04\/Encuentro-de-Coopelectric-y-1.jpeg",720,405,false],"web-stories-poster-portrait":["https:\/\/experienciadevida.com.ar\/portalurbano\/wp-content\/uploads\/2022\/04\/Encuentro-de-Coopelectric-y-1.jpeg",640,360,false],"web-stories-publisher-logo":["https:\/\/experienciadevida.com.ar\/portalurbano\/wp-content\/uploads\/2022\/04\/Encuentro-de-Coopelectric-y-1.jpeg",96,54,false],"web-stories-thumbnail":["https:\/\/experienciadevida.com.ar\/portalurbano\/wp-content\/uploads\/2022\/04\/Encuentro-de-Coopelectric-y-1.jpeg",150,84,false]},"author_info":{"display_name":"admpu17wp","author_link":"https:\/\/experienciadevida.com.ar\/portalurbano\/author\/admpu17wp\/"},"category_info":"<a href=\"https:\/\/experienciadevida.com.ar\/portalurbano\/category\/ciudad\/\" rel=\"category tag\">Ciudad<\/a>","tag_info":"Ciudad","comment_count":"0","amp_enabled":true,"_links":{"self":[{"href":"https:\/\/experienciadevida.com.ar\/portalurbano\/wp-json\/wp\/v2\/posts\/166126"}],"collection":[{"href":"https:\/\/experienciadevida.com.ar\/portalurbano\/wp-json\/wp\/v2\/posts"}],"about":[{"href":"https:\/\/experienciadevida.com.ar\/portalurbano\/wp-json\/wp\/v2\/types\/post"}],"author":[{"embeddable":true,"href":"https:\/\/experienciadevida.com.ar\/portalurbano\/wp-json\/wp\/v2\/users\/1"}],"replies":[{"embeddable":true,"href":"https:\/\/experienciadevida.com.ar\/portalurbano\/wp-json\/wp\/v2\/comments?post=166126"}],"version-history":[{"count":3,"href":"https:\/\/experienciadevida.com.ar\/portalurbano\/wp-json\/wp\/v2\/posts\/166126\/revisions"}],"predecessor-version":[{"id":166131,"href":"https:\/\/experienciadevida.com.ar\/portalurbano\/wp-json\/wp\/v2\/posts\/166126\/revisions\/166131"}],"wp:featuredmedia":[{"embeddable":true,"href":"https:\/\/experienciadevida.com.ar\/portalurbano\/wp-json\/wp\/v2\/media\/166127"}],"wp:attachment":[{"href":"https:\/\/experienciadevida.com.ar\/portalurbano\/wp-json\/wp\/v2\/media?parent=166126"}],"wp:term":[{"taxonomy":"category","embeddable":true,"href":"https:\/\/experienciadevida.com.ar\/portalurbano\/wp-json\/wp\/v2\/categories?post=166126"},{"taxonomy":"post_tag","embeddable":true,"href":"https:\/\/experienciadevida.com.ar\/portalurbano\/wp-json\/wp\/v2\/tags?post=166126"}],"curies":[{"name":"wp","href":"https:\/\/api.w.org\/{rel}","templated":true}]}}