{"id":166123,"date":"2022-04-21T14:06:17","date_gmt":"2022-04-21T17:06:17","guid":{"rendered":"https:\/\/experienciadevida.com.ar\/portalurbano\/?p=166123"},"modified":"2022-04-21T14:06:42","modified_gmt":"2022-04-21T17:06:42","slug":"encuentros-de-capacitacion-cesped-en-campos-deportivos","status":"publish","type":"post","link":"https:\/\/experienciadevida.com.ar\/portalurbano\/encuentros-de-capacitacion-cesped-en-campos-deportivos\/","title":{"rendered":"Encuentros de capacitaci\u00f3n: C\u00e9sped en campos deportivos"},"content":{"rendered":"<p>Encuentros de capacitaci\u00f3n: C\u00e9sped en campos deportivos, organizado por la facultad de Agronom\u00eda UNICEN, durante el mes de mayo se pondr\u00e1 en marcha un ciclo de capacitaci\u00f3n sobre \u201cC\u00e9sped en campos deportivos\u201d,<br \/>\na cargo de docentes y graduados de esta Casa y T\u00e9cnicos Universitarios en Jardiner\u00eda.<\/p>\n<p>Estos encuentros son abiertos a todo p\u00fablico, y se llevar\u00e1n a cabo de forma presencial en el Sal\u00f3n Auditorio de la Facultad y a su vez, ser\u00e1 transmitido por Zoom, para aquellos interesados que no puedan concurrir personalmente.<\/p>\n<p><strong>Programa de encuentros:<\/strong><\/p>\n<p>Martes 10, 18hs: \u201cEspecies, suelos, fertilizaci\u00f3n\u201d, a cargo de la\u00a0 Tec. Univ. en Jardiner\u00eda Gabriela Vertiz\u00a0 (Graduada, Universidad de Mor\u00f3n)<\/p>\n<p>Martes 17, 18 hs: \u201cControl y reconocimiento de plagas en c\u00e9sped de campos deportivos: Malezas, insectos y enfermedades\u201d, a cargo de la Ing. Agr. Guillermina Meil\u00e1n (Graduada, FAA- UNICEN)<\/p>\n<p>Martes 24, 18 hs: \u201cSistemas de riego para c\u00e9sped en campos deportivos\u201d, a cargo del Ing.Agr. Carlos Bongiorno y del Ing. Agr Maximiliano Cogliatti (Docentes, FAA-UNICEN).<\/p>\n<p>Martes 31, 18 hs: \u201cImplantaci\u00f3n, resiembra, labores culturales\u201d, a cargo de la Tec. Univ. en Jardiner\u00eda Gabriela Vertiz (Graduada, Universidad de Mor\u00f3n)<\/p>\n<p>Inscripci\u00f3n e informes: extension@azul.faa.unicen.edu.ar<\/p>\n","protected":false},"excerpt":{"rendered":"<p>Encuentros de capacitaci\u00f3n: C\u00e9sped en campos deportivos, organizado por la facultad de Agronom\u00eda UNICEN, durante&#8230;<\/p>\n","protected":false},"author":1,"featured_media":166124,"comment_status":"closed","ping_status":"closed","sticky":false,"template":"","format":"standard","meta":{"content-type":""},"categories":[31],"tags":[],"nelio_content":{"isAutoShareEnabled":false,"autoShareEndMode":"default","automationSources":{"useContentSentences":true,"useSocialTemplates":true,"useCustomSentences":false,"customSentences":[]},"followers":[1],"suggestedReferences":[],"includedReferences":[],"efiUrl":"","efiAlt":"","highlights":[]},"yoast_head":"<!-- This site is optimized with the Yoast SEO plugin v20.7 - https:\/\/yoast.com\/wordpress\/plugins\/seo\/ -->\n<title>Encuentros de capacitaci\u00f3n: C\u00e9sped en campos deportivos<\/title>\n<meta name=\"description\" content=\"Encuentros de capacitaci\u00f3n: C\u00e9sped en campos deportivos, organizado por la facultad de Agronom\u00eda UNICEN, durante el mes de mayo\" \/>\n<meta name=\"robots\" content=\"index, follow, max-snippet:-1, max-image-preview:large, max-video-preview:-1\" \/>\n<link rel=\"canonical\" href=\"https:\/\/experienciadevida.com.ar\/portalurbano\/encuentros-de-capacitacion-cesped-en-campos-deportivos\/\" \/>\n<meta property=\"og:locale\" content=\"es_ES\" \/>\n<meta property=\"og:type\" content=\"article\" \/>\n<meta property=\"og:title\" content=\"Encuentros de capacitaci\u00f3n: C\u00e9sped en campos deportivos\" \/>\n<meta property=\"og:description\" content=\"Encuentros de capacitaci\u00f3n: C\u00e9sped en campos deportivos, organizado por la facultad de Agronom\u00eda UNICEN, durante el mes de mayo\" \/>\n<meta property=\"og:url\" content=\"https:\/\/experienciadevida.com.ar\/portalurbano\/encuentros-de-capacitacion-cesped-en-campos-deportivos\/\" \/>\n<meta property=\"article:publisher\" content=\"https:\/\/www.facebook.com\/Portal-Urbano-171542830093757\/\" \/>\n<meta property=\"article:published_time\" content=\"2022-04-21T17:06:17+00:00\" \/>\n<meta property=\"article:modified_time\" content=\"2022-04-21T17:06:42+00:00\" \/>\n<meta property=\"og:image\" content=\"https:\/\/experienciadevida.com.ar\/portalurbano\/wp-content\/uploads\/2022\/04\/Encuentros-de-capacitacion.jpeg\" \/>\n\t<meta property=\"og:image:width\" content=\"988\" \/>\n\t<meta property=\"og:image:height\" content=\"1280\" \/>\n\t<meta property=\"og:image:type\" content=\"image\/jpeg\" \/>\n<meta name=\"author\" content=\"admpu17wp\" \/>\n<meta name=\"twitter:card\" content=\"summary_large_image\" \/>\n<meta name=\"twitter:creator\" content=\"@portalurbanook\" \/>\n<meta name=\"twitter:site\" content=\"@portalurbanook\" \/>\n<meta name=\"twitter:label1\" content=\"Escrito por\" \/>\n\t<meta name=\"twitter:data1\" content=\"admpu17wp\" \/>\n\t<meta name=\"twitter:label2\" content=\"Tiempo de lectura\" \/>\n\t<meta name=\"twitter:data2\" content=\"1 minuto\" \/>\n<script type=\"application\/ld+json\" class=\"yoast-schema-graph\">{\"@context\":\"https:\/\/schema.org\",\"@graph\":[{\"@type\":\"Article\",\"@id\":\"https:\/\/experienciadevida.com.ar\/portalurbano\/encuentros-de-capacitacion-cesped-en-campos-deportivos\/#article\",\"isPartOf\":{\"@id\":\"https:\/\/experienciadevida.com.ar\/portalurbano\/encuentros-de-capacitacion-cesped-en-campos-deportivos\/\"},\"author\":{\"name\":\"admpu17wp\",\"@id\":\"https:\/\/experienciadevida.com.ar\/portalurbano\/#\/schema\/person\/02dd326b1c4b056e9cc972486934a3a7\"},\"headline\":\"Encuentros de capacitaci\u00f3n: C\u00e9sped en campos deportivos\",\"datePublished\":\"2022-04-21T17:06:17+00:00\",\"dateModified\":\"2022-04-21T17:06:42+00:00\",\"mainEntityOfPage\":{\"@id\":\"https:\/\/experienciadevida.com.ar\/portalurbano\/encuentros-de-capacitacion-cesped-en-campos-deportivos\/\"},\"wordCount\":216,\"publisher\":{\"@id\":\"https:\/\/experienciadevida.com.ar\/portalurbano\/#organization\"},\"articleSection\":[\"Educaci\u00f3n\"],\"inLanguage\":\"es\"},{\"@type\":\"WebPage\",\"@id\":\"https:\/\/experienciadevida.com.ar\/portalurbano\/encuentros-de-capacitacion-cesped-en-campos-deportivos\/\",\"url\":\"https:\/\/experienciadevida.com.ar\/portalurbano\/encuentros-de-capacitacion-cesped-en-campos-deportivos\/\",\"name\":\"Encuentros de capacitaci\u00f3n: C\u00e9sped en campos deportivos\",\"isPartOf\":{\"@id\":\"https:\/\/experienciadevida.com.ar\/portalurbano\/#website\"},\"datePublished\":\"2022-04-21T17:06:17+00:00\",\"dateModified\":\"2022-04-21T17:06:42+00:00\",\"description\":\"Encuentros de capacitaci\u00f3n: C\u00e9sped en campos deportivos, organizado por la facultad de Agronom\u00eda UNICEN, durante el mes de mayo\",\"breadcrumb\":{\"@id\":\"https:\/\/experienciadevida.com.ar\/portalurbano\/encuentros-de-capacitacion-cesped-en-campos-deportivos\/#breadcrumb\"},\"inLanguage\":\"es\",\"potentialAction\":[{\"@type\":\"ReadAction\",\"target\":[\"https:\/\/experienciadevida.com.ar\/portalurbano\/encuentros-de-capacitacion-cesped-en-campos-deportivos\/\"]}]},{\"@type\":\"BreadcrumbList\",\"@id\":\"https:\/\/experienciadevida.com.ar\/portalurbano\/encuentros-de-capacitacion-cesped-en-campos-deportivos\/#breadcrumb\",\"itemListElement\":[{\"@type\":\"ListItem\",\"position\":1,\"name\":\"Portada\",\"item\":\"https:\/\/experienciadevida.com.ar\/portalurbano\/\"},{\"@type\":\"ListItem\",\"position\":2,\"name\":\"Encuentros de capacitaci\u00f3n: C\u00e9sped en campos deportivos\"}]},{\"@type\":\"WebSite\",\"@id\":\"https:\/\/experienciadevida.com.ar\/portalurbano\/#website\",\"url\":\"https:\/\/experienciadevida.com.ar\/portalurbano\/\",\"name\":\"\",\"description\":\"\",\"publisher\":{\"@id\":\"https:\/\/experienciadevida.com.ar\/portalurbano\/#organization\"},\"potentialAction\":[{\"@type\":\"SearchAction\",\"target\":{\"@type\":\"EntryPoint\",\"urlTemplate\":\"https:\/\/experienciadevida.com.ar\/portalurbano\/?s={search_term_string}\"},\"query-input\":\"required name=search_term_string\"}],\"inLanguage\":\"es\"},{\"@type\":\"Organization\",\"@id\":\"https:\/\/experienciadevida.com.ar\/portalurbano\/#organization\",\"name\":\"Portal Urbano\",\"url\":\"https:\/\/experienciadevida.com.ar\/portalurbano\/\",\"logo\":{\"@type\":\"ImageObject\",\"inLanguage\":\"es\",\"@id\":\"https:\/\/experienciadevida.com.ar\/portalurbano\/#\/schema\/logo\/image\/\",\"url\":\"https:\/\/experienciadevida.com.ar\/portalurbano\/wp-content\/uploads\/2019\/09\/Logo-Original.png\",\"contentUrl\":\"https:\/\/experienciadevida.com.ar\/portalurbano\/wp-content\/uploads\/2019\/09\/Logo-Original.png\",\"width\":2236,\"height\":1216,\"caption\":\"Portal Urbano\"},\"image\":{\"@id\":\"https:\/\/experienciadevida.com.ar\/portalurbano\/#\/schema\/logo\/image\/\"},\"sameAs\":[\"https:\/\/www.facebook.com\/Portal-Urbano-171542830093757\/\",\"https:\/\/twitter.com\/portalurbanook\",\"https:\/\/www.instagram.com\/_portalurbano\/\",\"https:\/\/www.youtube.com\/channel\/UCXhagIfszH8KxFiOok79zbA?view_as=subscriber\"]},{\"@type\":\"Person\",\"@id\":\"https:\/\/experienciadevida.com.ar\/portalurbano\/#\/schema\/person\/02dd326b1c4b056e9cc972486934a3a7\",\"name\":\"admpu17wp\",\"image\":{\"@type\":\"ImageObject\",\"inLanguage\":\"es\",\"@id\":\"https:\/\/experienciadevida.com.ar\/portalurbano\/#\/schema\/person\/image\/\",\"url\":\"https:\/\/secure.gravatar.com\/avatar\/830d4c57adaae6630765e449a6908047?s=96&d=mm&r=g\",\"contentUrl\":\"https:\/\/secure.gravatar.com\/avatar\/830d4c57adaae6630765e449a6908047?s=96&d=mm&r=g\",\"caption\":\"admpu17wp\"}}]}<\/script>\n<!-- \/ Yoast SEO plugin. -->","yoast_head_json":{"title":"Encuentros de capacitaci\u00f3n: C\u00e9sped en campos deportivos","description":"Encuentros de capacitaci\u00f3n: C\u00e9sped en campos deportivos, organizado por la facultad de Agronom\u00eda UNICEN, durante el mes de mayo","robots":{"index":"index","follow":"follow","max-snippet":"max-snippet:-1","max-image-preview":"max-image-preview:large","max-video-preview":"max-video-preview:-1"},"canonical":"https:\/\/experienciadevida.com.ar\/portalurbano\/encuentros-de-capacitacion-cesped-en-campos-deportivos\/","og_locale":"es_ES","og_type":"article","og_title":"Encuentros de capacitaci\u00f3n: C\u00e9sped en campos deportivos","og_description":"Encuentros de capacitaci\u00f3n: C\u00e9sped en campos deportivos, organizado por la facultad de Agronom\u00eda UNICEN, durante el mes de mayo","og_url":"https:\/\/experienciadevida.com.ar\/portalurbano\/encuentros-de-capacitacion-cesped-en-campos-deportivos\/","article_publisher":"https:\/\/www.facebook.com\/Portal-Urbano-171542830093757\/","article_published_time":"2022-04-21T17:06:17+00:00","article_modified_time":"2022-04-21T17:06:42+00:00","og_image":[{"width":988,"height":1280,"url":"https:\/\/experienciadevida.com.ar\/portalurbano\/wp-content\/uploads\/2022\/04\/Encuentros-de-capacitacion.jpeg","type":"image\/jpeg"}],"author":"admpu17wp","twitter_card":"summary_large_image","twitter_creator":"@portalurbanook","twitter_site":"@portalurbanook","twitter_misc":{"Escrito por":"admpu17wp","Tiempo de lectura":"1 minuto"},"schema":{"@context":"https:\/\/schema.org","@graph":[{"@type":"Article","@id":"https:\/\/experienciadevida.com.ar\/portalurbano\/encuentros-de-capacitacion-cesped-en-campos-deportivos\/#article","isPartOf":{"@id":"https:\/\/experienciadevida.com.ar\/portalurbano\/encuentros-de-capacitacion-cesped-en-campos-deportivos\/"},"author":{"name":"admpu17wp","@id":"https:\/\/experienciadevida.com.ar\/portalurbano\/#\/schema\/person\/02dd326b1c4b056e9cc972486934a3a7"},"headline":"Encuentros de capacitaci\u00f3n: C\u00e9sped en campos deportivos","datePublished":"2022-04-21T17:06:17+00:00","dateModified":"2022-04-21T17:06:42+00:00","mainEntityOfPage":{"@id":"https:\/\/experienciadevida.com.ar\/portalurbano\/encuentros-de-capacitacion-cesped-en-campos-deportivos\/"},"wordCount":216,"publisher":{"@id":"https:\/\/experienciadevida.com.ar\/portalurbano\/#organization"},"articleSection":["Educaci\u00f3n"],"inLanguage":"es"},{"@type":"WebPage","@id":"https:\/\/experienciadevida.com.ar\/portalurbano\/encuentros-de-capacitacion-cesped-en-campos-deportivos\/","url":"https:\/\/experienciadevida.com.ar\/portalurbano\/encuentros-de-capacitacion-cesped-en-campos-deportivos\/","name":"Encuentros de capacitaci\u00f3n: C\u00e9sped en campos deportivos","isPartOf":{"@id":"https:\/\/experienciadevida.com.ar\/portalurbano\/#website"},"datePublished":"2022-04-21T17:06:17+00:00","dateModified":"2022-04-21T17:06:42+00:00","description":"Encuentros de capacitaci\u00f3n: C\u00e9sped en campos deportivos, organizado por la facultad de Agronom\u00eda UNICEN, durante el mes de mayo","breadcrumb":{"@id":"https:\/\/experienciadevida.com.ar\/portalurbano\/encuentros-de-capacitacion-cesped-en-campos-deportivos\/#breadcrumb"},"inLanguage":"es","potentialAction":[{"@type":"ReadAction","target":["https:\/\/experienciadevida.com.ar\/portalurbano\/encuentros-de-capacitacion-cesped-en-campos-deportivos\/"]}]},{"@type":"BreadcrumbList","@id":"https:\/\/experienciadevida.com.ar\/portalurbano\/encuentros-de-capacitacion-cesped-en-campos-deportivos\/#breadcrumb","itemListElement":[{"@type":"ListItem","position":1,"name":"Portada","item":"https:\/\/experienciadevida.com.ar\/portalurbano\/"},{"@type":"ListItem","position":2,"name":"Encuentros de capacitaci\u00f3n: C\u00e9sped en campos deportivos"}]},{"@type":"WebSite","@id":"https:\/\/experienciadevida.com.ar\/portalurbano\/#website","url":"https:\/\/experienciadevida.com.ar\/portalurbano\/","name":"","description":"","publisher":{"@id":"https:\/\/experienciadevida.com.ar\/portalurbano\/#organization"},"potentialAction":[{"@type":"SearchAction","target":{"@type":"EntryPoint","urlTemplate":"https:\/\/experienciadevida.com.ar\/portalurbano\/?s={search_term_string}"},"query-input":"required name=search_term_string"}],"inLanguage":"es"},{"@type":"Organization","@id":"https:\/\/experienciadevida.com.ar\/portalurbano\/#organization","name":"Portal Urbano","url":"https:\/\/experienciadevida.com.ar\/portalurbano\/","logo":{"@type":"ImageObject","inLanguage":"es","@id":"https:\/\/experienciadevida.com.ar\/portalurbano\/#\/schema\/logo\/image\/","url":"https:\/\/experienciadevida.com.ar\/portalurbano\/wp-content\/uploads\/2019\/09\/Logo-Original.png","contentUrl":"https:\/\/experienciadevida.com.ar\/portalurbano\/wp-content\/uploads\/2019\/09\/Logo-Original.png","width":2236,"height":1216,"caption":"Portal Urbano"},"image":{"@id":"https:\/\/experienciadevida.com.ar\/portalurbano\/#\/schema\/logo\/image\/"},"sameAs":["https:\/\/www.facebook.com\/Portal-Urbano-171542830093757\/","https:\/\/twitter.com\/portalurbanook","https:\/\/www.instagram.com\/_portalurbano\/","https:\/\/www.youtube.com\/channel\/UCXhagIfszH8KxFiOok79zbA?view_as=subscriber"]},{"@type":"Person","@id":"https:\/\/experienciadevida.com.ar\/portalurbano\/#\/schema\/person\/02dd326b1c4b056e9cc972486934a3a7","name":"admpu17wp","image":{"@type":"ImageObject","inLanguage":"es","@id":"https:\/\/experienciadevida.com.ar\/portalurbano\/#\/schema\/person\/image\/","url":"https:\/\/secure.gravatar.com\/avatar\/830d4c57adaae6630765e449a6908047?s=96&d=mm&r=g","contentUrl":"https:\/\/secure.gravatar.com\/avatar\/830d4c57adaae6630765e449a6908047?s=96&d=mm&r=g","caption":"admpu17wp"}}]}},"featured_image_urls":{"full":["https:\/\/experienciadevida.com.ar\/portalurbano\/wp-content\/uploads\/2022\/04\/Encuentros-de-capacitacion.jpeg",988,1280,false],"thumbnail":["https:\/\/experienciadevida.com.ar\/portalurbano\/wp-content\/uploads\/2022\/04\/Encuentros-de-capacitacion-150x150.jpeg",150,150,true],"medium":["https:\/\/experienciadevida.com.ar\/portalurbano\/wp-content\/uploads\/2022\/04\/Encuentros-de-capacitacion-232x300.jpeg",232,300,true],"medium_large":["https:\/\/experienciadevida.com.ar\/portalurbano\/wp-content\/uploads\/2022\/04\/Encuentros-de-capacitacion-768x995.jpeg",640,829,true],"large":["https:\/\/experienciadevida.com.ar\/portalurbano\/wp-content\/uploads\/2022\/04\/Encuentros-de-capacitacion-790x1024.jpeg",640,830,true],"ug_big":["https:\/\/experienciadevida.com.ar\/portalurbano\/wp-content\/uploads\/2022\/04\/Encuentros-de-capacitacion-593x768.jpeg",593,768,true],"1536x1536":["https:\/\/experienciadevida.com.ar\/portalurbano\/wp-content\/uploads\/2022\/04\/Encuentros-de-capacitacion.jpeg",988,1280,false],"2048x2048":["https:\/\/experienciadevida.com.ar\/portalurbano\/wp-content\/uploads\/2022\/04\/Encuentros-de-capacitacion.jpeg",988,1280,false],"newsever-slider-full":["https:\/\/experienciadevida.com.ar\/portalurbano\/wp-content\/uploads\/2022\/04\/Encuentros-de-capacitacion.jpeg",652,845,false],"newsever-featured":["https:\/\/experienciadevida.com.ar\/portalurbano\/wp-content\/uploads\/2022\/04\/Encuentros-de-capacitacion.jpeg",988,1280,false],"newsever-medium":["https:\/\/experienciadevida.com.ar\/portalurbano\/wp-content\/uploads\/2022\/04\/Encuentros-de-capacitacion.jpeg",367,475,false],"web-stories-poster-portrait":["https:\/\/experienciadevida.com.ar\/portalurbano\/wp-content\/uploads\/2022\/04\/Encuentros-de-capacitacion.jpeg",640,829,false],"web-stories-publisher-logo":["https:\/\/experienciadevida.com.ar\/portalurbano\/wp-content\/uploads\/2022\/04\/Encuentros-de-capacitacion.jpeg",74,96,false],"web-stories-thumbnail":["https:\/\/experienciadevida.com.ar\/portalurbano\/wp-content\/uploads\/2022\/04\/Encuentros-de-capacitacion.jpeg",150,194,false]},"author_info":{"display_name":"admpu17wp","author_link":"https:\/\/experienciadevida.com.ar\/portalurbano\/author\/admpu17wp\/"},"category_info":"<a href=\"https:\/\/experienciadevida.com.ar\/portalurbano\/category\/ciudad\/educacion\/\" rel=\"category tag\">Educaci\u00f3n<\/a>","tag_info":"Educaci\u00f3n","comment_count":"0","amp_enabled":true,"_links":{"self":[{"href":"https:\/\/experienciadevida.com.ar\/portalurbano\/wp-json\/wp\/v2\/posts\/166123"}],"collection":[{"href":"https:\/\/experienciadevida.com.ar\/portalurbano\/wp-json\/wp\/v2\/posts"}],"about":[{"href":"https:\/\/experienciadevida.com.ar\/portalurbano\/wp-json\/wp\/v2\/types\/post"}],"author":[{"embeddable":true,"href":"https:\/\/experienciadevida.com.ar\/portalurbano\/wp-json\/wp\/v2\/users\/1"}],"replies":[{"embeddable":true,"href":"https:\/\/experienciadevida.com.ar\/portalurbano\/wp-json\/wp\/v2\/comments?post=166123"}],"version-history":[{"count":1,"href":"https:\/\/experienciadevida.com.ar\/portalurbano\/wp-json\/wp\/v2\/posts\/166123\/revisions"}],"predecessor-version":[{"id":166125,"href":"https:\/\/experienciadevida.com.ar\/portalurbano\/wp-json\/wp\/v2\/posts\/166123\/revisions\/166125"}],"wp:featuredmedia":[{"embeddable":true,"href":"https:\/\/experienciadevida.com.ar\/portalurbano\/wp-json\/wp\/v2\/media\/166124"}],"wp:attachment":[{"href":"https:\/\/experienciadevida.com.ar\/portalurbano\/wp-json\/wp\/v2\/media?parent=166123"}],"wp:term":[{"taxonomy":"category","embeddable":true,"href":"https:\/\/experienciadevida.com.ar\/portalurbano\/wp-json\/wp\/v2\/categories?post=166123"},{"taxonomy":"post_tag","embeddable":true,"href":"https:\/\/experienciadevida.com.ar\/portalurbano\/wp-json\/wp\/v2\/tags?post=166123"}],"curies":[{"name":"wp","href":"https:\/\/api.w.org\/{rel}","templated":true}]}}