{"id":166119,"date":"2022-04-21T13:56:01","date_gmt":"2022-04-21T16:56:01","guid":{"rendered":"https:\/\/experienciadevida.com.ar\/portalurbano\/?p=166119"},"modified":"2022-04-21T14:03:17","modified_gmt":"2022-04-21T17:03:17","slug":"loma-negra-presento-un-reporte-de-sostenibilidad-demuestra-nuestra-responsabilidad-con-la-sociedad","status":"publish","type":"post","link":"https:\/\/experienciadevida.com.ar\/portalurbano\/loma-negra-presento-un-reporte-de-sostenibilidad-demuestra-nuestra-responsabilidad-con-la-sociedad\/","title":{"rendered":"Loma Negra present\u00f3 un reporte de Sostenibilidad: &#8220;Demuestra nuestra responsabilidad con la sociedad&#8221;"},"content":{"rendered":"<p>Loma Negra present\u00f3 un reporte de Sostenibilidad: &#8220;Demuestra nuestra responsabilidad con la sociedad&#8221;, fue en la ma\u00f1ana de este jueves, el CEO de la empresa Sergio Faifman\u00a0 brind\u00f3 los detalles.<\/p>\n<p>&#8220;En Fundaci\u00f3n Loma Negra trabajamos desde hace 15 a\u00f1os para impulsar el crecimiento sostenible de las comunidades en las que estamos presentes. Desde Loma Negra, este a\u00f1o lanzamos nuestro Reporte de Sostenibilidad 2021, que demuestra nuestra responsabilidad con la sociedad considerando el triple impacto en forma integral (econ\u00f3mico, social y ambiental). En este contexto es que presentamos nuestro Informe de Gesti\u00f3n 2021, que refleja todo el trabajo realizado, los resultados y experiencias compartidas con los p\u00fablicos de las comunidades donde operamos&#8221;.<\/p>\n<p>Por otra parte, &#8220;Buscamos aumentar considerablemente el n\u00famero de j\u00f3venes que tienen las capacidades necesarias, en particular, t\u00e9cnicas y profesionales para acceder al mundo del trabajo. Para lograrlo, generamos alianzas con instituciones locales para acompa\u00f1ar a los adolescentes en el traspaso a la vida adulta y mejorar los espacios y oferta educativa&#8221;.<\/p>\n<p>En cuanto al programa ra\u00edces mencionaron &#8220;Promovemos el desarrollo de econom\u00edas locales a trav\u00e9s del apoyo a emprendimientos como estrategia de ocupaci\u00f3n juvenil y adulta y fortalecemos el ecosistema emprendedor brindando capacitaciones y microcr\u00e9ditos&#8221;.<\/p>\n<p>&#8220;Somos conscientes del potencial transformador del voluntariado y el impacto que pueden generar nuestros colaboradores en sus localidades. Es por eso que impulsamos las actividades de voluntariado y el fortalecimiento del capital social como una forma de construir ciudadan\u00eda&#8221;.<\/p>\n<p>Para finalizar &#8220;Buscamos construir enfoques innovadores involucrando la capacidad de inversi\u00f3n de grandes empresas para dar soluciones habitacionales para la base de la pir\u00e1mide. Para ello, construimos alianzas y potenciamos fondos de microcr\u00e9ditos para la mejora de la vivienda&#8221;.<\/p>\n<p>Foto: el cronista<\/p>\n","protected":false},"excerpt":{"rendered":"<p>Loma Negra present\u00f3 un reporte de Sostenibilidad: &#8220;Demuestra nuestra responsabilidad con la sociedad&#8221;, fue en&#8230;<\/p>\n","protected":false},"author":1,"featured_media":166120,"comment_status":"closed","ping_status":"closed","sticky":false,"template":"","format":"standard","meta":{"content-type":""},"categories":[27,64],"tags":[],"nelio_content":{"isAutoShareEnabled":false,"autoShareEndMode":"default","automationSources":{"useContentSentences":true,"useSocialTemplates":true,"useCustomSentences":false,"customSentences":[]},"followers":[1],"suggestedReferences":[],"includedReferences":[],"efiUrl":"","efiAlt":"","highlights":[]},"yoast_head":"<!-- This site is optimized with the Yoast SEO plugin v20.7 - https:\/\/yoast.com\/wordpress\/plugins\/seo\/ -->\n<title>Loma Negra present\u00f3 un reporte de sostenibilidad<\/title>\n<meta name=\"description\" content=\"Loma Negra present\u00f3 un reporte de Sostenibilidad: &quot;Demuestra nuestra responsabilidad con la sociedad&quot;, fue en la ma\u00f1ana de este jueves\" \/>\n<meta name=\"robots\" content=\"index, follow, max-snippet:-1, max-image-preview:large, max-video-preview:-1\" \/>\n<link rel=\"canonical\" href=\"https:\/\/experienciadevida.com.ar\/portalurbano\/loma-negra-presento-un-reporte-de-sostenibilidad-demuestra-nuestra-responsabilidad-con-la-sociedad\/\" \/>\n<meta property=\"og:locale\" content=\"es_ES\" \/>\n<meta property=\"og:type\" content=\"article\" \/>\n<meta property=\"og:title\" content=\"Loma Negra present\u00f3 un reporte de sostenibilidad\" \/>\n<meta property=\"og:description\" content=\"Loma Negra present\u00f3 un reporte de Sostenibilidad: &quot;Demuestra nuestra responsabilidad con la sociedad&quot;, fue en la ma\u00f1ana de este jueves\" \/>\n<meta property=\"og:url\" content=\"https:\/\/experienciadevida.com.ar\/portalurbano\/loma-negra-presento-un-reporte-de-sostenibilidad-demuestra-nuestra-responsabilidad-con-la-sociedad\/\" \/>\n<meta property=\"article:publisher\" content=\"https:\/\/www.facebook.com\/Portal-Urbano-171542830093757\/\" \/>\n<meta property=\"article:published_time\" content=\"2022-04-21T16:56:01+00:00\" \/>\n<meta property=\"article:modified_time\" content=\"2022-04-21T17:03:17+00:00\" \/>\n<meta property=\"og:image\" content=\"https:\/\/experienciadevida.com.ar\/portalurbano\/wp-content\/uploads\/2022\/04\/Loma-Negra-presento-un.jpg\" \/>\n\t<meta property=\"og:image:width\" content=\"950\" \/>\n\t<meta property=\"og:image:height\" content=\"534\" \/>\n\t<meta property=\"og:image:type\" content=\"image\/jpeg\" \/>\n<meta name=\"author\" content=\"admpu17wp\" \/>\n<meta name=\"twitter:card\" content=\"summary_large_image\" \/>\n<meta name=\"twitter:creator\" content=\"@portalurbanook\" \/>\n<meta name=\"twitter:site\" content=\"@portalurbanook\" \/>\n<meta name=\"twitter:label1\" content=\"Escrito por\" \/>\n\t<meta name=\"twitter:data1\" content=\"admpu17wp\" \/>\n\t<meta name=\"twitter:label2\" content=\"Tiempo de lectura\" \/>\n\t<meta name=\"twitter:data2\" content=\"2 minutos\" \/>\n<script type=\"application\/ld+json\" class=\"yoast-schema-graph\">{\"@context\":\"https:\/\/schema.org\",\"@graph\":[{\"@type\":\"Article\",\"@id\":\"https:\/\/experienciadevida.com.ar\/portalurbano\/loma-negra-presento-un-reporte-de-sostenibilidad-demuestra-nuestra-responsabilidad-con-la-sociedad\/#article\",\"isPartOf\":{\"@id\":\"https:\/\/experienciadevida.com.ar\/portalurbano\/loma-negra-presento-un-reporte-de-sostenibilidad-demuestra-nuestra-responsabilidad-con-la-sociedad\/\"},\"author\":{\"name\":\"admpu17wp\",\"@id\":\"https:\/\/experienciadevida.com.ar\/portalurbano\/#\/schema\/person\/02dd326b1c4b056e9cc972486934a3a7\"},\"headline\":\"Loma Negra present\u00f3 un reporte de Sostenibilidad: &#8220;Demuestra nuestra responsabilidad con la sociedad&#8221;\",\"datePublished\":\"2022-04-21T16:56:01+00:00\",\"dateModified\":\"2022-04-21T17:03:17+00:00\",\"mainEntityOfPage\":{\"@id\":\"https:\/\/experienciadevida.com.ar\/portalurbano\/loma-negra-presento-un-reporte-de-sostenibilidad-demuestra-nuestra-responsabilidad-con-la-sociedad\/\"},\"wordCount\":308,\"publisher\":{\"@id\":\"https:\/\/experienciadevida.com.ar\/portalurbano\/#organization\"},\"articleSection\":[\"Ciudad\",\"Destacadas 2\"],\"inLanguage\":\"es\"},{\"@type\":\"WebPage\",\"@id\":\"https:\/\/experienciadevida.com.ar\/portalurbano\/loma-negra-presento-un-reporte-de-sostenibilidad-demuestra-nuestra-responsabilidad-con-la-sociedad\/\",\"url\":\"https:\/\/experienciadevida.com.ar\/portalurbano\/loma-negra-presento-un-reporte-de-sostenibilidad-demuestra-nuestra-responsabilidad-con-la-sociedad\/\",\"name\":\"Loma Negra present\u00f3 un reporte de sostenibilidad\",\"isPartOf\":{\"@id\":\"https:\/\/experienciadevida.com.ar\/portalurbano\/#website\"},\"datePublished\":\"2022-04-21T16:56:01+00:00\",\"dateModified\":\"2022-04-21T17:03:17+00:00\",\"description\":\"Loma Negra present\u00f3 un reporte de Sostenibilidad: \\\"Demuestra nuestra responsabilidad con la sociedad\\\", fue en la ma\u00f1ana de este jueves\",\"breadcrumb\":{\"@id\":\"https:\/\/experienciadevida.com.ar\/portalurbano\/loma-negra-presento-un-reporte-de-sostenibilidad-demuestra-nuestra-responsabilidad-con-la-sociedad\/#breadcrumb\"},\"inLanguage\":\"es\",\"potentialAction\":[{\"@type\":\"ReadAction\",\"target\":[\"https:\/\/experienciadevida.com.ar\/portalurbano\/loma-negra-presento-un-reporte-de-sostenibilidad-demuestra-nuestra-responsabilidad-con-la-sociedad\/\"]}]},{\"@type\":\"BreadcrumbList\",\"@id\":\"https:\/\/experienciadevida.com.ar\/portalurbano\/loma-negra-presento-un-reporte-de-sostenibilidad-demuestra-nuestra-responsabilidad-con-la-sociedad\/#breadcrumb\",\"itemListElement\":[{\"@type\":\"ListItem\",\"position\":1,\"name\":\"Portada\",\"item\":\"https:\/\/experienciadevida.com.ar\/portalurbano\/\"},{\"@type\":\"ListItem\",\"position\":2,\"name\":\"Loma Negra present\u00f3 un reporte de Sostenibilidad: \u00abDemuestra nuestra responsabilidad con la sociedad\u00bb\"}]},{\"@type\":\"WebSite\",\"@id\":\"https:\/\/experienciadevida.com.ar\/portalurbano\/#website\",\"url\":\"https:\/\/experienciadevida.com.ar\/portalurbano\/\",\"name\":\"\",\"description\":\"\",\"publisher\":{\"@id\":\"https:\/\/experienciadevida.com.ar\/portalurbano\/#organization\"},\"potentialAction\":[{\"@type\":\"SearchAction\",\"target\":{\"@type\":\"EntryPoint\",\"urlTemplate\":\"https:\/\/experienciadevida.com.ar\/portalurbano\/?s={search_term_string}\"},\"query-input\":\"required name=search_term_string\"}],\"inLanguage\":\"es\"},{\"@type\":\"Organization\",\"@id\":\"https:\/\/experienciadevida.com.ar\/portalurbano\/#organization\",\"name\":\"Portal Urbano\",\"url\":\"https:\/\/experienciadevida.com.ar\/portalurbano\/\",\"logo\":{\"@type\":\"ImageObject\",\"inLanguage\":\"es\",\"@id\":\"https:\/\/experienciadevida.com.ar\/portalurbano\/#\/schema\/logo\/image\/\",\"url\":\"https:\/\/experienciadevida.com.ar\/portalurbano\/wp-content\/uploads\/2019\/09\/Logo-Original.png\",\"contentUrl\":\"https:\/\/experienciadevida.com.ar\/portalurbano\/wp-content\/uploads\/2019\/09\/Logo-Original.png\",\"width\":2236,\"height\":1216,\"caption\":\"Portal Urbano\"},\"image\":{\"@id\":\"https:\/\/experienciadevida.com.ar\/portalurbano\/#\/schema\/logo\/image\/\"},\"sameAs\":[\"https:\/\/www.facebook.com\/Portal-Urbano-171542830093757\/\",\"https:\/\/twitter.com\/portalurbanook\",\"https:\/\/www.instagram.com\/_portalurbano\/\",\"https:\/\/www.youtube.com\/channel\/UCXhagIfszH8KxFiOok79zbA?view_as=subscriber\"]},{\"@type\":\"Person\",\"@id\":\"https:\/\/experienciadevida.com.ar\/portalurbano\/#\/schema\/person\/02dd326b1c4b056e9cc972486934a3a7\",\"name\":\"admpu17wp\",\"image\":{\"@type\":\"ImageObject\",\"inLanguage\":\"es\",\"@id\":\"https:\/\/experienciadevida.com.ar\/portalurbano\/#\/schema\/person\/image\/\",\"url\":\"https:\/\/secure.gravatar.com\/avatar\/830d4c57adaae6630765e449a6908047?s=96&d=mm&r=g\",\"contentUrl\":\"https:\/\/secure.gravatar.com\/avatar\/830d4c57adaae6630765e449a6908047?s=96&d=mm&r=g\",\"caption\":\"admpu17wp\"}}]}<\/script>\n<!-- \/ Yoast SEO plugin. -->","yoast_head_json":{"title":"Loma Negra present\u00f3 un reporte de sostenibilidad","description":"Loma Negra present\u00f3 un reporte de Sostenibilidad: \"Demuestra nuestra responsabilidad con la sociedad\", fue en la ma\u00f1ana de este jueves","robots":{"index":"index","follow":"follow","max-snippet":"max-snippet:-1","max-image-preview":"max-image-preview:large","max-video-preview":"max-video-preview:-1"},"canonical":"https:\/\/experienciadevida.com.ar\/portalurbano\/loma-negra-presento-un-reporte-de-sostenibilidad-demuestra-nuestra-responsabilidad-con-la-sociedad\/","og_locale":"es_ES","og_type":"article","og_title":"Loma Negra present\u00f3 un reporte de sostenibilidad","og_description":"Loma Negra present\u00f3 un reporte de Sostenibilidad: \"Demuestra nuestra responsabilidad con la sociedad\", fue en la ma\u00f1ana de este jueves","og_url":"https:\/\/experienciadevida.com.ar\/portalurbano\/loma-negra-presento-un-reporte-de-sostenibilidad-demuestra-nuestra-responsabilidad-con-la-sociedad\/","article_publisher":"https:\/\/www.facebook.com\/Portal-Urbano-171542830093757\/","article_published_time":"2022-04-21T16:56:01+00:00","article_modified_time":"2022-04-21T17:03:17+00:00","og_image":[{"width":950,"height":534,"url":"https:\/\/experienciadevida.com.ar\/portalurbano\/wp-content\/uploads\/2022\/04\/Loma-Negra-presento-un.jpg","type":"image\/jpeg"}],"author":"admpu17wp","twitter_card":"summary_large_image","twitter_creator":"@portalurbanook","twitter_site":"@portalurbanook","twitter_misc":{"Escrito por":"admpu17wp","Tiempo de lectura":"2 minutos"},"schema":{"@context":"https:\/\/schema.org","@graph":[{"@type":"Article","@id":"https:\/\/experienciadevida.com.ar\/portalurbano\/loma-negra-presento-un-reporte-de-sostenibilidad-demuestra-nuestra-responsabilidad-con-la-sociedad\/#article","isPartOf":{"@id":"https:\/\/experienciadevida.com.ar\/portalurbano\/loma-negra-presento-un-reporte-de-sostenibilidad-demuestra-nuestra-responsabilidad-con-la-sociedad\/"},"author":{"name":"admpu17wp","@id":"https:\/\/experienciadevida.com.ar\/portalurbano\/#\/schema\/person\/02dd326b1c4b056e9cc972486934a3a7"},"headline":"Loma Negra present\u00f3 un reporte de Sostenibilidad: &#8220;Demuestra nuestra responsabilidad con la sociedad&#8221;","datePublished":"2022-04-21T16:56:01+00:00","dateModified":"2022-04-21T17:03:17+00:00","mainEntityOfPage":{"@id":"https:\/\/experienciadevida.com.ar\/portalurbano\/loma-negra-presento-un-reporte-de-sostenibilidad-demuestra-nuestra-responsabilidad-con-la-sociedad\/"},"wordCount":308,"publisher":{"@id":"https:\/\/experienciadevida.com.ar\/portalurbano\/#organization"},"articleSection":["Ciudad","Destacadas 2"],"inLanguage":"es"},{"@type":"WebPage","@id":"https:\/\/experienciadevida.com.ar\/portalurbano\/loma-negra-presento-un-reporte-de-sostenibilidad-demuestra-nuestra-responsabilidad-con-la-sociedad\/","url":"https:\/\/experienciadevida.com.ar\/portalurbano\/loma-negra-presento-un-reporte-de-sostenibilidad-demuestra-nuestra-responsabilidad-con-la-sociedad\/","name":"Loma Negra present\u00f3 un reporte de sostenibilidad","isPartOf":{"@id":"https:\/\/experienciadevida.com.ar\/portalurbano\/#website"},"datePublished":"2022-04-21T16:56:01+00:00","dateModified":"2022-04-21T17:03:17+00:00","description":"Loma Negra present\u00f3 un reporte de Sostenibilidad: \"Demuestra nuestra responsabilidad con la sociedad\", fue en la ma\u00f1ana de este jueves","breadcrumb":{"@id":"https:\/\/experienciadevida.com.ar\/portalurbano\/loma-negra-presento-un-reporte-de-sostenibilidad-demuestra-nuestra-responsabilidad-con-la-sociedad\/#breadcrumb"},"inLanguage":"es","potentialAction":[{"@type":"ReadAction","target":["https:\/\/experienciadevida.com.ar\/portalurbano\/loma-negra-presento-un-reporte-de-sostenibilidad-demuestra-nuestra-responsabilidad-con-la-sociedad\/"]}]},{"@type":"BreadcrumbList","@id":"https:\/\/experienciadevida.com.ar\/portalurbano\/loma-negra-presento-un-reporte-de-sostenibilidad-demuestra-nuestra-responsabilidad-con-la-sociedad\/#breadcrumb","itemListElement":[{"@type":"ListItem","position":1,"name":"Portada","item":"https:\/\/experienciadevida.com.ar\/portalurbano\/"},{"@type":"ListItem","position":2,"name":"Loma Negra present\u00f3 un reporte de Sostenibilidad: \u00abDemuestra nuestra responsabilidad con la sociedad\u00bb"}]},{"@type":"WebSite","@id":"https:\/\/experienciadevida.com.ar\/portalurbano\/#website","url":"https:\/\/experienciadevida.com.ar\/portalurbano\/","name":"","description":"","publisher":{"@id":"https:\/\/experienciadevida.com.ar\/portalurbano\/#organization"},"potentialAction":[{"@type":"SearchAction","target":{"@type":"EntryPoint","urlTemplate":"https:\/\/experienciadevida.com.ar\/portalurbano\/?s={search_term_string}"},"query-input":"required name=search_term_string"}],"inLanguage":"es"},{"@type":"Organization","@id":"https:\/\/experienciadevida.com.ar\/portalurbano\/#organization","name":"Portal Urbano","url":"https:\/\/experienciadevida.com.ar\/portalurbano\/","logo":{"@type":"ImageObject","inLanguage":"es","@id":"https:\/\/experienciadevida.com.ar\/portalurbano\/#\/schema\/logo\/image\/","url":"https:\/\/experienciadevida.com.ar\/portalurbano\/wp-content\/uploads\/2019\/09\/Logo-Original.png","contentUrl":"https:\/\/experienciadevida.com.ar\/portalurbano\/wp-content\/uploads\/2019\/09\/Logo-Original.png","width":2236,"height":1216,"caption":"Portal Urbano"},"image":{"@id":"https:\/\/experienciadevida.com.ar\/portalurbano\/#\/schema\/logo\/image\/"},"sameAs":["https:\/\/www.facebook.com\/Portal-Urbano-171542830093757\/","https:\/\/twitter.com\/portalurbanook","https:\/\/www.instagram.com\/_portalurbano\/","https:\/\/www.youtube.com\/channel\/UCXhagIfszH8KxFiOok79zbA?view_as=subscriber"]},{"@type":"Person","@id":"https:\/\/experienciadevida.com.ar\/portalurbano\/#\/schema\/person\/02dd326b1c4b056e9cc972486934a3a7","name":"admpu17wp","image":{"@type":"ImageObject","inLanguage":"es","@id":"https:\/\/experienciadevida.com.ar\/portalurbano\/#\/schema\/person\/image\/","url":"https:\/\/secure.gravatar.com\/avatar\/830d4c57adaae6630765e449a6908047?s=96&d=mm&r=g","contentUrl":"https:\/\/secure.gravatar.com\/avatar\/830d4c57adaae6630765e449a6908047?s=96&d=mm&r=g","caption":"admpu17wp"}}]}},"featured_image_urls":{"full":["https:\/\/experienciadevida.com.ar\/portalurbano\/wp-content\/uploads\/2022\/04\/Loma-Negra-presento-un.jpg",950,534,false],"thumbnail":["https:\/\/experienciadevida.com.ar\/portalurbano\/wp-content\/uploads\/2022\/04\/Loma-Negra-presento-un-150x150.jpg",150,150,true],"medium":["https:\/\/experienciadevida.com.ar\/portalurbano\/wp-content\/uploads\/2022\/04\/Loma-Negra-presento-un-300x169.jpg",300,169,true],"medium_large":["https:\/\/experienciadevida.com.ar\/portalurbano\/wp-content\/uploads\/2022\/04\/Loma-Negra-presento-un-768x432.jpg",640,360,true],"large":["https:\/\/experienciadevida.com.ar\/portalurbano\/wp-content\/uploads\/2022\/04\/Loma-Negra-presento-un.jpg",640,360,false],"ug_big":["https:\/\/experienciadevida.com.ar\/portalurbano\/wp-content\/uploads\/2022\/04\/Loma-Negra-presento-un-768x432.jpg",768,432,true],"1536x1536":["https:\/\/experienciadevida.com.ar\/portalurbano\/wp-content\/uploads\/2022\/04\/Loma-Negra-presento-un.jpg",950,534,false],"2048x2048":["https:\/\/experienciadevida.com.ar\/portalurbano\/wp-content\/uploads\/2022\/04\/Loma-Negra-presento-un.jpg",950,534,false],"newsever-slider-full":["https:\/\/experienciadevida.com.ar\/portalurbano\/wp-content\/uploads\/2022\/04\/Loma-Negra-presento-un.jpg",950,534,false],"newsever-featured":["https:\/\/experienciadevida.com.ar\/portalurbano\/wp-content\/uploads\/2022\/04\/Loma-Negra-presento-un.jpg",950,534,false],"newsever-medium":["https:\/\/experienciadevida.com.ar\/portalurbano\/wp-content\/uploads\/2022\/04\/Loma-Negra-presento-un.jpg",720,405,false],"web-stories-poster-portrait":["https:\/\/experienciadevida.com.ar\/portalurbano\/wp-content\/uploads\/2022\/04\/Loma-Negra-presento-un.jpg",640,360,false],"web-stories-publisher-logo":["https:\/\/experienciadevida.com.ar\/portalurbano\/wp-content\/uploads\/2022\/04\/Loma-Negra-presento-un.jpg",96,54,false],"web-stories-thumbnail":["https:\/\/experienciadevida.com.ar\/portalurbano\/wp-content\/uploads\/2022\/04\/Loma-Negra-presento-un.jpg",150,84,false]},"author_info":{"display_name":"admpu17wp","author_link":"https:\/\/experienciadevida.com.ar\/portalurbano\/author\/admpu17wp\/"},"category_info":"<a href=\"https:\/\/experienciadevida.com.ar\/portalurbano\/category\/ciudad\/\" rel=\"category tag\">Ciudad<\/a> <a href=\"https:\/\/experienciadevida.com.ar\/portalurbano\/category\/destacadas-2\/\" rel=\"category tag\">Destacadas 2<\/a>","tag_info":"Destacadas 2","comment_count":"0","amp_enabled":true,"_links":{"self":[{"href":"https:\/\/experienciadevida.com.ar\/portalurbano\/wp-json\/wp\/v2\/posts\/166119"}],"collection":[{"href":"https:\/\/experienciadevida.com.ar\/portalurbano\/wp-json\/wp\/v2\/posts"}],"about":[{"href":"https:\/\/experienciadevida.com.ar\/portalurbano\/wp-json\/wp\/v2\/types\/post"}],"author":[{"embeddable":true,"href":"https:\/\/experienciadevida.com.ar\/portalurbano\/wp-json\/wp\/v2\/users\/1"}],"replies":[{"embeddable":true,"href":"https:\/\/experienciadevida.com.ar\/portalurbano\/wp-json\/wp\/v2\/comments?post=166119"}],"version-history":[{"count":2,"href":"https:\/\/experienciadevida.com.ar\/portalurbano\/wp-json\/wp\/v2\/posts\/166119\/revisions"}],"predecessor-version":[{"id":166122,"href":"https:\/\/experienciadevida.com.ar\/portalurbano\/wp-json\/wp\/v2\/posts\/166119\/revisions\/166122"}],"wp:featuredmedia":[{"embeddable":true,"href":"https:\/\/experienciadevida.com.ar\/portalurbano\/wp-json\/wp\/v2\/media\/166120"}],"wp:attachment":[{"href":"https:\/\/experienciadevida.com.ar\/portalurbano\/wp-json\/wp\/v2\/media?parent=166119"}],"wp:term":[{"taxonomy":"category","embeddable":true,"href":"https:\/\/experienciadevida.com.ar\/portalurbano\/wp-json\/wp\/v2\/categories?post=166119"},{"taxonomy":"post_tag","embeddable":true,"href":"https:\/\/experienciadevida.com.ar\/portalurbano\/wp-json\/wp\/v2\/tags?post=166119"}],"curies":[{"name":"wp","href":"https:\/\/api.w.org\/{rel}","templated":true}]}}