{"id":166115,"date":"2022-04-21T13:46:35","date_gmt":"2022-04-21T16:46:35","guid":{"rendered":"https:\/\/experienciadevida.com.ar\/portalurbano\/?p=166115"},"modified":"2022-04-21T13:48:57","modified_gmt":"2022-04-21T16:48:57","slug":"en-el-primer-trimestre-del-2022-monitoreo-remitio-a-la-justicia-mas-de-300-cds-con-imagenes","status":"publish","type":"post","link":"https:\/\/experienciadevida.com.ar\/portalurbano\/en-el-primer-trimestre-del-2022-monitoreo-remitio-a-la-justicia-mas-de-300-cds-con-imagenes\/","title":{"rendered":"En el primer trimestre del 2022 Monitoreo remiti\u00f3 a la Justicia m\u00e1s de 300 CD\u00b4s con im\u00e1genes"},"content":{"rendered":"<p>En el primer trimestre del 2022 Monitoreo remiti\u00f3 a la Justicia m\u00e1s de 300 CD\u00b4s con im\u00e1genes, as\u00ed lo informaron desde la Subsecretar\u00eda de Seguridad, a trav\u00e9s de la direcci\u00f3n del Centro de Monitoreo <a href=\"https:\/\/www.facebook.com\/municipiodeolavarria\">Municipal<\/a>, se detall\u00f3 que durante el primer trimestre del a\u00f1o se pusieron a disposici\u00f3n de la Justicia m\u00e1s de 300 CDs con registros de las c\u00e1maras dispuestas en distintos puntos del partido de Olavarr\u00eda. Esa situaci\u00f3n representa un incremento del 148% con respecto al id\u00e9ntico per\u00edodo del a\u00f1o 2021.<\/p>\n<p>En cifras concretas, en los tres primeros meses del a\u00f1o se remitieron al Poder Judicial 136 discos compactos, mientras que en el primer trimestre del 2022 el n\u00famero fue de 338, siendo marzo con 124 el mes con mayor respuesta. Todo se lleva a cabo en el marco de un convenio de colaboraci\u00f3n firmado con el Ministerio P\u00fablico Fiscal de la Provincia de Buenos Aires.<\/p>\n<p>A la par, se agreg\u00f3 que ese incremento representa adem\u00e1s una respuesta positiva superior al 50% con respecto a la cantidad de requerimientos realizados desde la Justicia (640). Durante el 2021 el Centro de Monitoreo Municipal respondi\u00f3 con 902 CD\u2019s a m\u00e1s de 1800 oficios judiciales.<\/p>\n<p>El Centro de Monitoreo Municipal cuenta actualmente con m\u00e1s de 270 c\u00e1maras de vigilancia activas, dispuestas en sitios estrat\u00e9gicos del casco urbano de Olavarr\u00eda. A la par, se cuenta tambi\u00e9n con dispositivos de seguridad en Sierra Chica y se est\u00e1n confeccionando los pliegos licitatorios para extender el servicio a Sierras Bayas.<\/p>\n","protected":false},"excerpt":{"rendered":"<p>En el primer trimestre del 2022 Monitoreo remiti\u00f3 a la Justicia m\u00e1s de 300 CD\u00b4s&#8230;<\/p>\n","protected":false},"author":1,"featured_media":166116,"comment_status":"closed","ping_status":"closed","sticky":false,"template":"","format":"standard","meta":{"content-type":""},"categories":[27,51],"tags":[],"nelio_content":{"isAutoShareEnabled":false,"autoShareEndMode":"default","automationSources":{"useContentSentences":true,"useSocialTemplates":true,"useCustomSentences":false,"customSentences":[]},"followers":[1],"suggestedReferences":[],"includedReferences":[],"efiUrl":"","efiAlt":"","highlights":[]},"yoast_head":"<!-- This site is optimized with the Yoast SEO plugin v20.7 - https:\/\/yoast.com\/wordpress\/plugins\/seo\/ -->\n<title>En el primer trimestre del 2022 monitoreo remiti\u00f3 m\u00e1s de 300 CD<\/title>\n<meta name=\"description\" content=\"En el primer trimestre del 2022 Monitoreo remiti\u00f3 a la Justicia m\u00e1s de 300 CD\u00b4s con im\u00e1genes, as\u00ed lo informaron desde seguridad\" \/>\n<meta name=\"robots\" content=\"index, follow, max-snippet:-1, max-image-preview:large, max-video-preview:-1\" \/>\n<link rel=\"canonical\" href=\"https:\/\/experienciadevida.com.ar\/portalurbano\/en-el-primer-trimestre-del-2022-monitoreo-remitio-a-la-justicia-mas-de-300-cds-con-imagenes\/\" \/>\n<meta property=\"og:locale\" content=\"es_ES\" \/>\n<meta property=\"og:type\" content=\"article\" \/>\n<meta property=\"og:title\" content=\"En el primer trimestre del 2022 monitoreo remiti\u00f3 m\u00e1s de 300 CD\" \/>\n<meta property=\"og:description\" content=\"En el primer trimestre del 2022 Monitoreo remiti\u00f3 a la Justicia m\u00e1s de 300 CD\u00b4s con im\u00e1genes, as\u00ed lo informaron desde seguridad\" \/>\n<meta property=\"og:url\" content=\"https:\/\/experienciadevida.com.ar\/portalurbano\/en-el-primer-trimestre-del-2022-monitoreo-remitio-a-la-justicia-mas-de-300-cds-con-imagenes\/\" \/>\n<meta property=\"article:publisher\" content=\"https:\/\/www.facebook.com\/Portal-Urbano-171542830093757\/\" \/>\n<meta property=\"article:published_time\" content=\"2022-04-21T16:46:35+00:00\" \/>\n<meta property=\"article:modified_time\" content=\"2022-04-21T16:48:57+00:00\" \/>\n<meta property=\"og:image\" content=\"https:\/\/experienciadevida.com.ar\/portalurbano\/wp-content\/uploads\/2022\/04\/En-el-primer-trimestre.jpg\" \/>\n\t<meta property=\"og:image:width\" content=\"1024\" \/>\n\t<meta property=\"og:image:height\" content=\"683\" \/>\n\t<meta property=\"og:image:type\" content=\"image\/jpeg\" \/>\n<meta name=\"author\" content=\"admpu17wp\" \/>\n<meta name=\"twitter:card\" content=\"summary_large_image\" \/>\n<meta name=\"twitter:creator\" content=\"@portalurbanook\" \/>\n<meta name=\"twitter:site\" content=\"@portalurbanook\" \/>\n<meta name=\"twitter:label1\" content=\"Escrito por\" \/>\n\t<meta name=\"twitter:data1\" content=\"admpu17wp\" \/>\n\t<meta name=\"twitter:label2\" content=\"Tiempo de lectura\" \/>\n\t<meta name=\"twitter:data2\" content=\"2 minutos\" \/>\n<script type=\"application\/ld+json\" class=\"yoast-schema-graph\">{\"@context\":\"https:\/\/schema.org\",\"@graph\":[{\"@type\":\"Article\",\"@id\":\"https:\/\/experienciadevida.com.ar\/portalurbano\/en-el-primer-trimestre-del-2022-monitoreo-remitio-a-la-justicia-mas-de-300-cds-con-imagenes\/#article\",\"isPartOf\":{\"@id\":\"https:\/\/experienciadevida.com.ar\/portalurbano\/en-el-primer-trimestre-del-2022-monitoreo-remitio-a-la-justicia-mas-de-300-cds-con-imagenes\/\"},\"author\":{\"name\":\"admpu17wp\",\"@id\":\"https:\/\/experienciadevida.com.ar\/portalurbano\/#\/schema\/person\/02dd326b1c4b056e9cc972486934a3a7\"},\"headline\":\"En el primer trimestre del 2022 Monitoreo remiti\u00f3 a la Justicia m\u00e1s de 300 CD\u00b4s con im\u00e1genes\",\"datePublished\":\"2022-04-21T16:46:35+00:00\",\"dateModified\":\"2022-04-21T16:48:57+00:00\",\"mainEntityOfPage\":{\"@id\":\"https:\/\/experienciadevida.com.ar\/portalurbano\/en-el-primer-trimestre-del-2022-monitoreo-remitio-a-la-justicia-mas-de-300-cds-con-imagenes\/\"},\"wordCount\":276,\"publisher\":{\"@id\":\"https:\/\/experienciadevida.com.ar\/portalurbano\/#organization\"},\"articleSection\":[\"Ciudad\",\"Destacadas\"],\"inLanguage\":\"es\"},{\"@type\":\"WebPage\",\"@id\":\"https:\/\/experienciadevida.com.ar\/portalurbano\/en-el-primer-trimestre-del-2022-monitoreo-remitio-a-la-justicia-mas-de-300-cds-con-imagenes\/\",\"url\":\"https:\/\/experienciadevida.com.ar\/portalurbano\/en-el-primer-trimestre-del-2022-monitoreo-remitio-a-la-justicia-mas-de-300-cds-con-imagenes\/\",\"name\":\"En el primer trimestre del 2022 monitoreo remiti\u00f3 m\u00e1s de 300 CD\",\"isPartOf\":{\"@id\":\"https:\/\/experienciadevida.com.ar\/portalurbano\/#website\"},\"datePublished\":\"2022-04-21T16:46:35+00:00\",\"dateModified\":\"2022-04-21T16:48:57+00:00\",\"description\":\"En el primer trimestre del 2022 Monitoreo remiti\u00f3 a la Justicia m\u00e1s de 300 CD\u00b4s con im\u00e1genes, as\u00ed lo informaron desde seguridad\",\"breadcrumb\":{\"@id\":\"https:\/\/experienciadevida.com.ar\/portalurbano\/en-el-primer-trimestre-del-2022-monitoreo-remitio-a-la-justicia-mas-de-300-cds-con-imagenes\/#breadcrumb\"},\"inLanguage\":\"es\",\"potentialAction\":[{\"@type\":\"ReadAction\",\"target\":[\"https:\/\/experienciadevida.com.ar\/portalurbano\/en-el-primer-trimestre-del-2022-monitoreo-remitio-a-la-justicia-mas-de-300-cds-con-imagenes\/\"]}]},{\"@type\":\"BreadcrumbList\",\"@id\":\"https:\/\/experienciadevida.com.ar\/portalurbano\/en-el-primer-trimestre-del-2022-monitoreo-remitio-a-la-justicia-mas-de-300-cds-con-imagenes\/#breadcrumb\",\"itemListElement\":[{\"@type\":\"ListItem\",\"position\":1,\"name\":\"Portada\",\"item\":\"https:\/\/experienciadevida.com.ar\/portalurbano\/\"},{\"@type\":\"ListItem\",\"position\":2,\"name\":\"En el primer trimestre del 2022 Monitoreo remiti\u00f3 a la Justicia m\u00e1s de 300 CD\u00b4s con im\u00e1genes\"}]},{\"@type\":\"WebSite\",\"@id\":\"https:\/\/experienciadevida.com.ar\/portalurbano\/#website\",\"url\":\"https:\/\/experienciadevida.com.ar\/portalurbano\/\",\"name\":\"\",\"description\":\"\",\"publisher\":{\"@id\":\"https:\/\/experienciadevida.com.ar\/portalurbano\/#organization\"},\"potentialAction\":[{\"@type\":\"SearchAction\",\"target\":{\"@type\":\"EntryPoint\",\"urlTemplate\":\"https:\/\/experienciadevida.com.ar\/portalurbano\/?s={search_term_string}\"},\"query-input\":\"required name=search_term_string\"}],\"inLanguage\":\"es\"},{\"@type\":\"Organization\",\"@id\":\"https:\/\/experienciadevida.com.ar\/portalurbano\/#organization\",\"name\":\"Portal Urbano\",\"url\":\"https:\/\/experienciadevida.com.ar\/portalurbano\/\",\"logo\":{\"@type\":\"ImageObject\",\"inLanguage\":\"es\",\"@id\":\"https:\/\/experienciadevida.com.ar\/portalurbano\/#\/schema\/logo\/image\/\",\"url\":\"https:\/\/experienciadevida.com.ar\/portalurbano\/wp-content\/uploads\/2019\/09\/Logo-Original.png\",\"contentUrl\":\"https:\/\/experienciadevida.com.ar\/portalurbano\/wp-content\/uploads\/2019\/09\/Logo-Original.png\",\"width\":2236,\"height\":1216,\"caption\":\"Portal Urbano\"},\"image\":{\"@id\":\"https:\/\/experienciadevida.com.ar\/portalurbano\/#\/schema\/logo\/image\/\"},\"sameAs\":[\"https:\/\/www.facebook.com\/Portal-Urbano-171542830093757\/\",\"https:\/\/twitter.com\/portalurbanook\",\"https:\/\/www.instagram.com\/_portalurbano\/\",\"https:\/\/www.youtube.com\/channel\/UCXhagIfszH8KxFiOok79zbA?view_as=subscriber\"]},{\"@type\":\"Person\",\"@id\":\"https:\/\/experienciadevida.com.ar\/portalurbano\/#\/schema\/person\/02dd326b1c4b056e9cc972486934a3a7\",\"name\":\"admpu17wp\",\"image\":{\"@type\":\"ImageObject\",\"inLanguage\":\"es\",\"@id\":\"https:\/\/experienciadevida.com.ar\/portalurbano\/#\/schema\/person\/image\/\",\"url\":\"https:\/\/secure.gravatar.com\/avatar\/830d4c57adaae6630765e449a6908047?s=96&d=mm&r=g\",\"contentUrl\":\"https:\/\/secure.gravatar.com\/avatar\/830d4c57adaae6630765e449a6908047?s=96&d=mm&r=g\",\"caption\":\"admpu17wp\"}}]}<\/script>\n<!-- \/ Yoast SEO plugin. -->","yoast_head_json":{"title":"En el primer trimestre del 2022 monitoreo remiti\u00f3 m\u00e1s de 300 CD","description":"En el primer trimestre del 2022 Monitoreo remiti\u00f3 a la Justicia m\u00e1s de 300 CD\u00b4s con im\u00e1genes, as\u00ed lo informaron desde seguridad","robots":{"index":"index","follow":"follow","max-snippet":"max-snippet:-1","max-image-preview":"max-image-preview:large","max-video-preview":"max-video-preview:-1"},"canonical":"https:\/\/experienciadevida.com.ar\/portalurbano\/en-el-primer-trimestre-del-2022-monitoreo-remitio-a-la-justicia-mas-de-300-cds-con-imagenes\/","og_locale":"es_ES","og_type":"article","og_title":"En el primer trimestre del 2022 monitoreo remiti\u00f3 m\u00e1s de 300 CD","og_description":"En el primer trimestre del 2022 Monitoreo remiti\u00f3 a la Justicia m\u00e1s de 300 CD\u00b4s con im\u00e1genes, as\u00ed lo informaron desde seguridad","og_url":"https:\/\/experienciadevida.com.ar\/portalurbano\/en-el-primer-trimestre-del-2022-monitoreo-remitio-a-la-justicia-mas-de-300-cds-con-imagenes\/","article_publisher":"https:\/\/www.facebook.com\/Portal-Urbano-171542830093757\/","article_published_time":"2022-04-21T16:46:35+00:00","article_modified_time":"2022-04-21T16:48:57+00:00","og_image":[{"width":1024,"height":683,"url":"https:\/\/experienciadevida.com.ar\/portalurbano\/wp-content\/uploads\/2022\/04\/En-el-primer-trimestre.jpg","type":"image\/jpeg"}],"author":"admpu17wp","twitter_card":"summary_large_image","twitter_creator":"@portalurbanook","twitter_site":"@portalurbanook","twitter_misc":{"Escrito por":"admpu17wp","Tiempo de lectura":"2 minutos"},"schema":{"@context":"https:\/\/schema.org","@graph":[{"@type":"Article","@id":"https:\/\/experienciadevida.com.ar\/portalurbano\/en-el-primer-trimestre-del-2022-monitoreo-remitio-a-la-justicia-mas-de-300-cds-con-imagenes\/#article","isPartOf":{"@id":"https:\/\/experienciadevida.com.ar\/portalurbano\/en-el-primer-trimestre-del-2022-monitoreo-remitio-a-la-justicia-mas-de-300-cds-con-imagenes\/"},"author":{"name":"admpu17wp","@id":"https:\/\/experienciadevida.com.ar\/portalurbano\/#\/schema\/person\/02dd326b1c4b056e9cc972486934a3a7"},"headline":"En el primer trimestre del 2022 Monitoreo remiti\u00f3 a la Justicia m\u00e1s de 300 CD\u00b4s con im\u00e1genes","datePublished":"2022-04-21T16:46:35+00:00","dateModified":"2022-04-21T16:48:57+00:00","mainEntityOfPage":{"@id":"https:\/\/experienciadevida.com.ar\/portalurbano\/en-el-primer-trimestre-del-2022-monitoreo-remitio-a-la-justicia-mas-de-300-cds-con-imagenes\/"},"wordCount":276,"publisher":{"@id":"https:\/\/experienciadevida.com.ar\/portalurbano\/#organization"},"articleSection":["Ciudad","Destacadas"],"inLanguage":"es"},{"@type":"WebPage","@id":"https:\/\/experienciadevida.com.ar\/portalurbano\/en-el-primer-trimestre-del-2022-monitoreo-remitio-a-la-justicia-mas-de-300-cds-con-imagenes\/","url":"https:\/\/experienciadevida.com.ar\/portalurbano\/en-el-primer-trimestre-del-2022-monitoreo-remitio-a-la-justicia-mas-de-300-cds-con-imagenes\/","name":"En el primer trimestre del 2022 monitoreo remiti\u00f3 m\u00e1s de 300 CD","isPartOf":{"@id":"https:\/\/experienciadevida.com.ar\/portalurbano\/#website"},"datePublished":"2022-04-21T16:46:35+00:00","dateModified":"2022-04-21T16:48:57+00:00","description":"En el primer trimestre del 2022 Monitoreo remiti\u00f3 a la Justicia m\u00e1s de 300 CD\u00b4s con im\u00e1genes, as\u00ed lo informaron desde seguridad","breadcrumb":{"@id":"https:\/\/experienciadevida.com.ar\/portalurbano\/en-el-primer-trimestre-del-2022-monitoreo-remitio-a-la-justicia-mas-de-300-cds-con-imagenes\/#breadcrumb"},"inLanguage":"es","potentialAction":[{"@type":"ReadAction","target":["https:\/\/experienciadevida.com.ar\/portalurbano\/en-el-primer-trimestre-del-2022-monitoreo-remitio-a-la-justicia-mas-de-300-cds-con-imagenes\/"]}]},{"@type":"BreadcrumbList","@id":"https:\/\/experienciadevida.com.ar\/portalurbano\/en-el-primer-trimestre-del-2022-monitoreo-remitio-a-la-justicia-mas-de-300-cds-con-imagenes\/#breadcrumb","itemListElement":[{"@type":"ListItem","position":1,"name":"Portada","item":"https:\/\/experienciadevida.com.ar\/portalurbano\/"},{"@type":"ListItem","position":2,"name":"En el primer trimestre del 2022 Monitoreo remiti\u00f3 a la Justicia m\u00e1s de 300 CD\u00b4s con im\u00e1genes"}]},{"@type":"WebSite","@id":"https:\/\/experienciadevida.com.ar\/portalurbano\/#website","url":"https:\/\/experienciadevida.com.ar\/portalurbano\/","name":"","description":"","publisher":{"@id":"https:\/\/experienciadevida.com.ar\/portalurbano\/#organization"},"potentialAction":[{"@type":"SearchAction","target":{"@type":"EntryPoint","urlTemplate":"https:\/\/experienciadevida.com.ar\/portalurbano\/?s={search_term_string}"},"query-input":"required name=search_term_string"}],"inLanguage":"es"},{"@type":"Organization","@id":"https:\/\/experienciadevida.com.ar\/portalurbano\/#organization","name":"Portal Urbano","url":"https:\/\/experienciadevida.com.ar\/portalurbano\/","logo":{"@type":"ImageObject","inLanguage":"es","@id":"https:\/\/experienciadevida.com.ar\/portalurbano\/#\/schema\/logo\/image\/","url":"https:\/\/experienciadevida.com.ar\/portalurbano\/wp-content\/uploads\/2019\/09\/Logo-Original.png","contentUrl":"https:\/\/experienciadevida.com.ar\/portalurbano\/wp-content\/uploads\/2019\/09\/Logo-Original.png","width":2236,"height":1216,"caption":"Portal Urbano"},"image":{"@id":"https:\/\/experienciadevida.com.ar\/portalurbano\/#\/schema\/logo\/image\/"},"sameAs":["https:\/\/www.facebook.com\/Portal-Urbano-171542830093757\/","https:\/\/twitter.com\/portalurbanook","https:\/\/www.instagram.com\/_portalurbano\/","https:\/\/www.youtube.com\/channel\/UCXhagIfszH8KxFiOok79zbA?view_as=subscriber"]},{"@type":"Person","@id":"https:\/\/experienciadevida.com.ar\/portalurbano\/#\/schema\/person\/02dd326b1c4b056e9cc972486934a3a7","name":"admpu17wp","image":{"@type":"ImageObject","inLanguage":"es","@id":"https:\/\/experienciadevida.com.ar\/portalurbano\/#\/schema\/person\/image\/","url":"https:\/\/secure.gravatar.com\/avatar\/830d4c57adaae6630765e449a6908047?s=96&d=mm&r=g","contentUrl":"https:\/\/secure.gravatar.com\/avatar\/830d4c57adaae6630765e449a6908047?s=96&d=mm&r=g","caption":"admpu17wp"}}]}},"featured_image_urls":{"full":["https:\/\/experienciadevida.com.ar\/portalurbano\/wp-content\/uploads\/2022\/04\/En-el-primer-trimestre.jpg",1024,683,false],"thumbnail":["https:\/\/experienciadevida.com.ar\/portalurbano\/wp-content\/uploads\/2022\/04\/En-el-primer-trimestre-150x150.jpg",150,150,true],"medium":["https:\/\/experienciadevida.com.ar\/portalurbano\/wp-content\/uploads\/2022\/04\/En-el-primer-trimestre-300x200.jpg",300,200,true],"medium_large":["https:\/\/experienciadevida.com.ar\/portalurbano\/wp-content\/uploads\/2022\/04\/En-el-primer-trimestre-768x512.jpg",640,427,true],"large":["https:\/\/experienciadevida.com.ar\/portalurbano\/wp-content\/uploads\/2022\/04\/En-el-primer-trimestre.jpg",640,427,false],"ug_big":["https:\/\/experienciadevida.com.ar\/portalurbano\/wp-content\/uploads\/2022\/04\/En-el-primer-trimestre-768x512.jpg",768,512,true],"1536x1536":["https:\/\/experienciadevida.com.ar\/portalurbano\/wp-content\/uploads\/2022\/04\/En-el-primer-trimestre.jpg",1024,683,false],"2048x2048":["https:\/\/experienciadevida.com.ar\/portalurbano\/wp-content\/uploads\/2022\/04\/En-el-primer-trimestre.jpg",1024,683,false],"newsever-slider-full":["https:\/\/experienciadevida.com.ar\/portalurbano\/wp-content\/uploads\/2022\/04\/En-el-primer-trimestre.jpg",1024,683,false],"newsever-featured":["https:\/\/experienciadevida.com.ar\/portalurbano\/wp-content\/uploads\/2022\/04\/En-el-primer-trimestre.jpg",1024,683,false],"newsever-medium":["https:\/\/experienciadevida.com.ar\/portalurbano\/wp-content\/uploads\/2022\/04\/En-el-primer-trimestre.jpg",712,475,false],"web-stories-poster-portrait":["https:\/\/experienciadevida.com.ar\/portalurbano\/wp-content\/uploads\/2022\/04\/En-el-primer-trimestre.jpg",640,427,false],"web-stories-publisher-logo":["https:\/\/experienciadevida.com.ar\/portalurbano\/wp-content\/uploads\/2022\/04\/En-el-primer-trimestre.jpg",96,64,false],"web-stories-thumbnail":["https:\/\/experienciadevida.com.ar\/portalurbano\/wp-content\/uploads\/2022\/04\/En-el-primer-trimestre.jpg",150,100,false]},"author_info":{"display_name":"admpu17wp","author_link":"https:\/\/experienciadevida.com.ar\/portalurbano\/author\/admpu17wp\/"},"category_info":"<a href=\"https:\/\/experienciadevida.com.ar\/portalurbano\/category\/ciudad\/\" rel=\"category tag\">Ciudad<\/a> <a href=\"https:\/\/experienciadevida.com.ar\/portalurbano\/category\/destacadas\/\" rel=\"category tag\">Destacadas<\/a>","tag_info":"Destacadas","comment_count":"0","amp_enabled":true,"_links":{"self":[{"href":"https:\/\/experienciadevida.com.ar\/portalurbano\/wp-json\/wp\/v2\/posts\/166115"}],"collection":[{"href":"https:\/\/experienciadevida.com.ar\/portalurbano\/wp-json\/wp\/v2\/posts"}],"about":[{"href":"https:\/\/experienciadevida.com.ar\/portalurbano\/wp-json\/wp\/v2\/types\/post"}],"author":[{"embeddable":true,"href":"https:\/\/experienciadevida.com.ar\/portalurbano\/wp-json\/wp\/v2\/users\/1"}],"replies":[{"embeddable":true,"href":"https:\/\/experienciadevida.com.ar\/portalurbano\/wp-json\/wp\/v2\/comments?post=166115"}],"version-history":[{"count":2,"href":"https:\/\/experienciadevida.com.ar\/portalurbano\/wp-json\/wp\/v2\/posts\/166115\/revisions"}],"predecessor-version":[{"id":166118,"href":"https:\/\/experienciadevida.com.ar\/portalurbano\/wp-json\/wp\/v2\/posts\/166115\/revisions\/166118"}],"wp:featuredmedia":[{"embeddable":true,"href":"https:\/\/experienciadevida.com.ar\/portalurbano\/wp-json\/wp\/v2\/media\/166116"}],"wp:attachment":[{"href":"https:\/\/experienciadevida.com.ar\/portalurbano\/wp-json\/wp\/v2\/media?parent=166115"}],"wp:term":[{"taxonomy":"category","embeddable":true,"href":"https:\/\/experienciadevida.com.ar\/portalurbano\/wp-json\/wp\/v2\/categories?post=166115"},{"taxonomy":"post_tag","embeddable":true,"href":"https:\/\/experienciadevida.com.ar\/portalurbano\/wp-json\/wp\/v2\/tags?post=166115"}],"curies":[{"name":"wp","href":"https:\/\/api.w.org\/{rel}","templated":true}]}}