{"id":166102,"date":"2022-04-21T10:16:14","date_gmt":"2022-04-21T13:16:14","guid":{"rendered":"https:\/\/experienciadevida.com.ar\/portalurbano\/?p=166102"},"modified":"2022-04-21T10:16:43","modified_gmt":"2022-04-21T13:16:43","slug":"celebraron-la-pascua-de-resurreccion-en-la-capilla-nuestra-senora-del-carmen-de-la-unidad-n2","status":"publish","type":"post","link":"https:\/\/experienciadevida.com.ar\/portalurbano\/celebraron-la-pascua-de-resurreccion-en-la-capilla-nuestra-senora-del-carmen-de-la-unidad-n2\/","title":{"rendered":"Celebraron la Pascua de Resurrecci\u00f3n en la capilla Nuestra Se\u00f1ora del Carmen de la Unidad N\u00b02"},"content":{"rendered":"<p>Celebraron la Pascua de Resurrecci\u00f3n en la capilla Nuestra Se\u00f1ora del Carmen de la Unidad N\u00b02, la semana pasada, los internos e internas alojados en la Unidad Penal N\u00b0 2 de Sierra Chica celebraron las Pascua de Resurrecci\u00f3n, el capell\u00e1n bendijo los ramos de olivo y continu\u00f3 con la confesi\u00f3n de los creyentes, realiz\u00f3 el lavado de pies con el acompa\u00f1amiento de los cantos solemnes de los Orantes de San Jos\u00e9, llevaron adelante el V\u00eda Crucis y la Santa Misa.<\/p>\n<p><a href=\"https:\/\/experienciadevida.com.ar\/portalurbano\/celebraron-la-pascua-de-resurreccion-en-la-capilla-nuestra-senora-del-carmen-de-la-unidad-n2\/celebraron\/\" rel=\"attachment wp-att-166104\"><img decoding=\"async\" class=\"alignnone size-full wp-image-166104\" src=\"https:\/\/experienciadevida.com.ar\/portalurbano\/wp-content\/uploads\/2022\/04\/celebraron.jpg\" alt=\"celebraron \" width=\"765\" height=\"510\" srcset=\"https:\/\/experienciadevida.com.ar\/portalurbano\/wp-content\/uploads\/2022\/04\/celebraron.jpg 765w, https:\/\/experienciadevida.com.ar\/portalurbano\/wp-content\/uploads\/2022\/04\/celebraron-300x200.jpg 300w\" sizes=\"(max-width: 765px) 100vw, 765px\" \/><\/a><\/p>\n<p>El jueves por la tarde recordaron la \u00faltima cena en la capilla Nuestra Se\u00f1ora del Carmen que se encuentra en el sector intramuro del penal de la cual participaron alrededor de 50 privados de la libertad creyentes cat\u00f3licos.<\/p>\n<p>El capell\u00e1n de la Unidad N\u00ba2, Jos\u00e9 Mar\u00eda Quattrocchio atendi\u00f3 las confesiones de los internos y reparti\u00f3 ramos de olivo bendecidos. Los internos oyeron los cantos solemnes en estilo mon\u00e1stico de los \u201cOrantes de San Jos\u00e9\u201d quienes fueron los int\u00e9rpretes bajo el lema \u201cLo nuestro es orar\u201d.<\/p>\n<p>Este grupo de oraci\u00f3n est\u00e1 integrado por 22 internos y fue creado en septiembre de 1997. Para la ceremonia visten sotana blanca y llevan sobre el pecho una cruz de madera tallada por ellos mismos.<\/p>\n<p>El s\u00e1bado Santo durante el V\u00eda Crucis \u201cparticiparon 50 internos que representaron a 4 pabellones. La misa es la victoria de Jes\u00fas sobre el mal, nos genera la esperanza de un nuevo comienzo. Querer volver a escribir la historia pero de la mano de Jes\u00fas\u201d, ampli\u00f3 Quattrocchio. Los internos que participaron de la celebraci\u00f3n llevaron a sus celdas y entregaron a sus visitas el ramo bendecido.<\/p>\n<p>Celebraron la Pascua de Resurrecci\u00f3n en la capilla Nuestra Se\u00f1ora del Carmen de la Unidad N\u00b02, en la misa de Pascua se enfatiz\u00f3 en la esperanza, la fuerza de la resurrecci\u00f3n para transformar el coraz\u00f3n de las personas y liberarlas de todo aquello que las esclaviza como el pecado, el mal y el error. El sacerdote coment\u00f3 que \u201ccada interno participante recibi\u00f3 una Cruz y el panificado que conocemos como Rosca de Pascua\u201d.<\/p>\n<p>Fuente y Fotos: Servicio Penitenciario Bonaerense<\/p>\n","protected":false},"excerpt":{"rendered":"<p>Celebraron la Pascua de Resurrecci\u00f3n en la capilla Nuestra Se\u00f1ora del Carmen de la Unidad&#8230;<\/p>\n","protected":false},"author":1,"featured_media":166103,"comment_status":"closed","ping_status":"closed","sticky":false,"template":"","format":"standard","meta":{"content-type":""},"categories":[27],"tags":[],"nelio_content":{"isAutoShareEnabled":false,"autoShareEndMode":"default","automationSources":{"useContentSentences":true,"useSocialTemplates":true,"useCustomSentences":false,"customSentences":[]},"followers":[1],"suggestedReferences":[],"includedReferences":[],"efiUrl":"","efiAlt":"","highlights":[]},"yoast_head":"<!-- This site is optimized with the Yoast SEO plugin v20.7 - https:\/\/yoast.com\/wordpress\/plugins\/seo\/ -->\n<title>Celebraron la pascua de resurrecci\u00f3n en la capilla se\u00f1ora del Carmen<\/title>\n<meta name=\"description\" content=\"Celebraron la Pascua de Resurrecci\u00f3n en la capilla Nuestra Se\u00f1ora del Carmen de la Unidad N\u00b02, la semana pasada, los internos\" \/>\n<meta name=\"robots\" content=\"index, follow, max-snippet:-1, max-image-preview:large, max-video-preview:-1\" \/>\n<link rel=\"canonical\" href=\"https:\/\/experienciadevida.com.ar\/portalurbano\/celebraron-la-pascua-de-resurreccion-en-la-capilla-nuestra-senora-del-carmen-de-la-unidad-n2\/\" \/>\n<meta property=\"og:locale\" content=\"es_ES\" \/>\n<meta property=\"og:type\" content=\"article\" \/>\n<meta property=\"og:title\" content=\"Celebraron la pascua de resurrecci\u00f3n en la capilla se\u00f1ora del Carmen\" \/>\n<meta property=\"og:description\" content=\"Celebraron la Pascua de Resurrecci\u00f3n en la capilla Nuestra Se\u00f1ora del Carmen de la Unidad N\u00b02, la semana pasada, los internos\" \/>\n<meta property=\"og:url\" content=\"https:\/\/experienciadevida.com.ar\/portalurbano\/celebraron-la-pascua-de-resurreccion-en-la-capilla-nuestra-senora-del-carmen-de-la-unidad-n2\/\" \/>\n<meta property=\"article:publisher\" content=\"https:\/\/www.facebook.com\/Portal-Urbano-171542830093757\/\" \/>\n<meta property=\"article:published_time\" content=\"2022-04-21T13:16:14+00:00\" \/>\n<meta property=\"article:modified_time\" content=\"2022-04-21T13:16:43+00:00\" \/>\n<meta property=\"og:image\" content=\"https:\/\/experienciadevida.com.ar\/portalurbano\/wp-content\/uploads\/2022\/04\/Celebraron-la-Pascua-de.jpg\" \/>\n\t<meta property=\"og:image:width\" content=\"765\" \/>\n\t<meta property=\"og:image:height\" content=\"510\" \/>\n\t<meta property=\"og:image:type\" content=\"image\/jpeg\" \/>\n<meta name=\"author\" content=\"admpu17wp\" \/>\n<meta name=\"twitter:card\" content=\"summary_large_image\" \/>\n<meta name=\"twitter:creator\" content=\"@portalurbanook\" \/>\n<meta name=\"twitter:site\" content=\"@portalurbanook\" \/>\n<meta name=\"twitter:label1\" content=\"Escrito por\" \/>\n\t<meta name=\"twitter:data1\" content=\"admpu17wp\" \/>\n\t<meta name=\"twitter:label2\" content=\"Tiempo de lectura\" \/>\n\t<meta name=\"twitter:data2\" content=\"2 minutos\" \/>\n<script type=\"application\/ld+json\" class=\"yoast-schema-graph\">{\"@context\":\"https:\/\/schema.org\",\"@graph\":[{\"@type\":\"Article\",\"@id\":\"https:\/\/experienciadevida.com.ar\/portalurbano\/celebraron-la-pascua-de-resurreccion-en-la-capilla-nuestra-senora-del-carmen-de-la-unidad-n2\/#article\",\"isPartOf\":{\"@id\":\"https:\/\/experienciadevida.com.ar\/portalurbano\/celebraron-la-pascua-de-resurreccion-en-la-capilla-nuestra-senora-del-carmen-de-la-unidad-n2\/\"},\"author\":{\"name\":\"admpu17wp\",\"@id\":\"https:\/\/experienciadevida.com.ar\/portalurbano\/#\/schema\/person\/02dd326b1c4b056e9cc972486934a3a7\"},\"headline\":\"Celebraron la Pascua de Resurrecci\u00f3n en la capilla Nuestra Se\u00f1ora del Carmen de la Unidad N\u00b02\",\"datePublished\":\"2022-04-21T13:16:14+00:00\",\"dateModified\":\"2022-04-21T13:16:43+00:00\",\"mainEntityOfPage\":{\"@id\":\"https:\/\/experienciadevida.com.ar\/portalurbano\/celebraron-la-pascua-de-resurreccion-en-la-capilla-nuestra-senora-del-carmen-de-la-unidad-n2\/\"},\"wordCount\":380,\"publisher\":{\"@id\":\"https:\/\/experienciadevida.com.ar\/portalurbano\/#organization\"},\"articleSection\":[\"Ciudad\"],\"inLanguage\":\"es\"},{\"@type\":\"WebPage\",\"@id\":\"https:\/\/experienciadevida.com.ar\/portalurbano\/celebraron-la-pascua-de-resurreccion-en-la-capilla-nuestra-senora-del-carmen-de-la-unidad-n2\/\",\"url\":\"https:\/\/experienciadevida.com.ar\/portalurbano\/celebraron-la-pascua-de-resurreccion-en-la-capilla-nuestra-senora-del-carmen-de-la-unidad-n2\/\",\"name\":\"Celebraron la pascua de resurrecci\u00f3n en la capilla se\u00f1ora del Carmen\",\"isPartOf\":{\"@id\":\"https:\/\/experienciadevida.com.ar\/portalurbano\/#website\"},\"datePublished\":\"2022-04-21T13:16:14+00:00\",\"dateModified\":\"2022-04-21T13:16:43+00:00\",\"description\":\"Celebraron la Pascua de Resurrecci\u00f3n en la capilla Nuestra Se\u00f1ora del Carmen de la Unidad N\u00b02, la semana pasada, los internos\",\"breadcrumb\":{\"@id\":\"https:\/\/experienciadevida.com.ar\/portalurbano\/celebraron-la-pascua-de-resurreccion-en-la-capilla-nuestra-senora-del-carmen-de-la-unidad-n2\/#breadcrumb\"},\"inLanguage\":\"es\",\"potentialAction\":[{\"@type\":\"ReadAction\",\"target\":[\"https:\/\/experienciadevida.com.ar\/portalurbano\/celebraron-la-pascua-de-resurreccion-en-la-capilla-nuestra-senora-del-carmen-de-la-unidad-n2\/\"]}]},{\"@type\":\"BreadcrumbList\",\"@id\":\"https:\/\/experienciadevida.com.ar\/portalurbano\/celebraron-la-pascua-de-resurreccion-en-la-capilla-nuestra-senora-del-carmen-de-la-unidad-n2\/#breadcrumb\",\"itemListElement\":[{\"@type\":\"ListItem\",\"position\":1,\"name\":\"Portada\",\"item\":\"https:\/\/experienciadevida.com.ar\/portalurbano\/\"},{\"@type\":\"ListItem\",\"position\":2,\"name\":\"Celebraron la Pascua de Resurrecci\u00f3n en la capilla Nuestra Se\u00f1ora del Carmen de la Unidad N\u00b02\"}]},{\"@type\":\"WebSite\",\"@id\":\"https:\/\/experienciadevida.com.ar\/portalurbano\/#website\",\"url\":\"https:\/\/experienciadevida.com.ar\/portalurbano\/\",\"name\":\"\",\"description\":\"\",\"publisher\":{\"@id\":\"https:\/\/experienciadevida.com.ar\/portalurbano\/#organization\"},\"potentialAction\":[{\"@type\":\"SearchAction\",\"target\":{\"@type\":\"EntryPoint\",\"urlTemplate\":\"https:\/\/experienciadevida.com.ar\/portalurbano\/?s={search_term_string}\"},\"query-input\":\"required name=search_term_string\"}],\"inLanguage\":\"es\"},{\"@type\":\"Organization\",\"@id\":\"https:\/\/experienciadevida.com.ar\/portalurbano\/#organization\",\"name\":\"Portal Urbano\",\"url\":\"https:\/\/experienciadevida.com.ar\/portalurbano\/\",\"logo\":{\"@type\":\"ImageObject\",\"inLanguage\":\"es\",\"@id\":\"https:\/\/experienciadevida.com.ar\/portalurbano\/#\/schema\/logo\/image\/\",\"url\":\"https:\/\/experienciadevida.com.ar\/portalurbano\/wp-content\/uploads\/2019\/09\/Logo-Original.png\",\"contentUrl\":\"https:\/\/experienciadevida.com.ar\/portalurbano\/wp-content\/uploads\/2019\/09\/Logo-Original.png\",\"width\":2236,\"height\":1216,\"caption\":\"Portal Urbano\"},\"image\":{\"@id\":\"https:\/\/experienciadevida.com.ar\/portalurbano\/#\/schema\/logo\/image\/\"},\"sameAs\":[\"https:\/\/www.facebook.com\/Portal-Urbano-171542830093757\/\",\"https:\/\/twitter.com\/portalurbanook\",\"https:\/\/www.instagram.com\/_portalurbano\/\",\"https:\/\/www.youtube.com\/channel\/UCXhagIfszH8KxFiOok79zbA?view_as=subscriber\"]},{\"@type\":\"Person\",\"@id\":\"https:\/\/experienciadevida.com.ar\/portalurbano\/#\/schema\/person\/02dd326b1c4b056e9cc972486934a3a7\",\"name\":\"admpu17wp\",\"image\":{\"@type\":\"ImageObject\",\"inLanguage\":\"es\",\"@id\":\"https:\/\/experienciadevida.com.ar\/portalurbano\/#\/schema\/person\/image\/\",\"url\":\"https:\/\/secure.gravatar.com\/avatar\/830d4c57adaae6630765e449a6908047?s=96&d=mm&r=g\",\"contentUrl\":\"https:\/\/secure.gravatar.com\/avatar\/830d4c57adaae6630765e449a6908047?s=96&d=mm&r=g\",\"caption\":\"admpu17wp\"}}]}<\/script>\n<!-- \/ Yoast SEO plugin. -->","yoast_head_json":{"title":"Celebraron la pascua de resurrecci\u00f3n en la capilla se\u00f1ora del Carmen","description":"Celebraron la Pascua de Resurrecci\u00f3n en la capilla Nuestra Se\u00f1ora del Carmen de la Unidad N\u00b02, la semana pasada, los internos","robots":{"index":"index","follow":"follow","max-snippet":"max-snippet:-1","max-image-preview":"max-image-preview:large","max-video-preview":"max-video-preview:-1"},"canonical":"https:\/\/experienciadevida.com.ar\/portalurbano\/celebraron-la-pascua-de-resurreccion-en-la-capilla-nuestra-senora-del-carmen-de-la-unidad-n2\/","og_locale":"es_ES","og_type":"article","og_title":"Celebraron la pascua de resurrecci\u00f3n en la capilla se\u00f1ora del Carmen","og_description":"Celebraron la Pascua de Resurrecci\u00f3n en la capilla Nuestra Se\u00f1ora del Carmen de la Unidad N\u00b02, la semana pasada, los internos","og_url":"https:\/\/experienciadevida.com.ar\/portalurbano\/celebraron-la-pascua-de-resurreccion-en-la-capilla-nuestra-senora-del-carmen-de-la-unidad-n2\/","article_publisher":"https:\/\/www.facebook.com\/Portal-Urbano-171542830093757\/","article_published_time":"2022-04-21T13:16:14+00:00","article_modified_time":"2022-04-21T13:16:43+00:00","og_image":[{"width":765,"height":510,"url":"https:\/\/experienciadevida.com.ar\/portalurbano\/wp-content\/uploads\/2022\/04\/Celebraron-la-Pascua-de.jpg","type":"image\/jpeg"}],"author":"admpu17wp","twitter_card":"summary_large_image","twitter_creator":"@portalurbanook","twitter_site":"@portalurbanook","twitter_misc":{"Escrito por":"admpu17wp","Tiempo de lectura":"2 minutos"},"schema":{"@context":"https:\/\/schema.org","@graph":[{"@type":"Article","@id":"https:\/\/experienciadevida.com.ar\/portalurbano\/celebraron-la-pascua-de-resurreccion-en-la-capilla-nuestra-senora-del-carmen-de-la-unidad-n2\/#article","isPartOf":{"@id":"https:\/\/experienciadevida.com.ar\/portalurbano\/celebraron-la-pascua-de-resurreccion-en-la-capilla-nuestra-senora-del-carmen-de-la-unidad-n2\/"},"author":{"name":"admpu17wp","@id":"https:\/\/experienciadevida.com.ar\/portalurbano\/#\/schema\/person\/02dd326b1c4b056e9cc972486934a3a7"},"headline":"Celebraron la Pascua de Resurrecci\u00f3n en la capilla Nuestra Se\u00f1ora del Carmen de la Unidad N\u00b02","datePublished":"2022-04-21T13:16:14+00:00","dateModified":"2022-04-21T13:16:43+00:00","mainEntityOfPage":{"@id":"https:\/\/experienciadevida.com.ar\/portalurbano\/celebraron-la-pascua-de-resurreccion-en-la-capilla-nuestra-senora-del-carmen-de-la-unidad-n2\/"},"wordCount":380,"publisher":{"@id":"https:\/\/experienciadevida.com.ar\/portalurbano\/#organization"},"articleSection":["Ciudad"],"inLanguage":"es"},{"@type":"WebPage","@id":"https:\/\/experienciadevida.com.ar\/portalurbano\/celebraron-la-pascua-de-resurreccion-en-la-capilla-nuestra-senora-del-carmen-de-la-unidad-n2\/","url":"https:\/\/experienciadevida.com.ar\/portalurbano\/celebraron-la-pascua-de-resurreccion-en-la-capilla-nuestra-senora-del-carmen-de-la-unidad-n2\/","name":"Celebraron la pascua de resurrecci\u00f3n en la capilla se\u00f1ora del Carmen","isPartOf":{"@id":"https:\/\/experienciadevida.com.ar\/portalurbano\/#website"},"datePublished":"2022-04-21T13:16:14+00:00","dateModified":"2022-04-21T13:16:43+00:00","description":"Celebraron la Pascua de Resurrecci\u00f3n en la capilla Nuestra Se\u00f1ora del Carmen de la Unidad N\u00b02, la semana pasada, los internos","breadcrumb":{"@id":"https:\/\/experienciadevida.com.ar\/portalurbano\/celebraron-la-pascua-de-resurreccion-en-la-capilla-nuestra-senora-del-carmen-de-la-unidad-n2\/#breadcrumb"},"inLanguage":"es","potentialAction":[{"@type":"ReadAction","target":["https:\/\/experienciadevida.com.ar\/portalurbano\/celebraron-la-pascua-de-resurreccion-en-la-capilla-nuestra-senora-del-carmen-de-la-unidad-n2\/"]}]},{"@type":"BreadcrumbList","@id":"https:\/\/experienciadevida.com.ar\/portalurbano\/celebraron-la-pascua-de-resurreccion-en-la-capilla-nuestra-senora-del-carmen-de-la-unidad-n2\/#breadcrumb","itemListElement":[{"@type":"ListItem","position":1,"name":"Portada","item":"https:\/\/experienciadevida.com.ar\/portalurbano\/"},{"@type":"ListItem","position":2,"name":"Celebraron la Pascua de Resurrecci\u00f3n en la capilla Nuestra Se\u00f1ora del Carmen de la Unidad N\u00b02"}]},{"@type":"WebSite","@id":"https:\/\/experienciadevida.com.ar\/portalurbano\/#website","url":"https:\/\/experienciadevida.com.ar\/portalurbano\/","name":"","description":"","publisher":{"@id":"https:\/\/experienciadevida.com.ar\/portalurbano\/#organization"},"potentialAction":[{"@type":"SearchAction","target":{"@type":"EntryPoint","urlTemplate":"https:\/\/experienciadevida.com.ar\/portalurbano\/?s={search_term_string}"},"query-input":"required name=search_term_string"}],"inLanguage":"es"},{"@type":"Organization","@id":"https:\/\/experienciadevida.com.ar\/portalurbano\/#organization","name":"Portal Urbano","url":"https:\/\/experienciadevida.com.ar\/portalurbano\/","logo":{"@type":"ImageObject","inLanguage":"es","@id":"https:\/\/experienciadevida.com.ar\/portalurbano\/#\/schema\/logo\/image\/","url":"https:\/\/experienciadevida.com.ar\/portalurbano\/wp-content\/uploads\/2019\/09\/Logo-Original.png","contentUrl":"https:\/\/experienciadevida.com.ar\/portalurbano\/wp-content\/uploads\/2019\/09\/Logo-Original.png","width":2236,"height":1216,"caption":"Portal Urbano"},"image":{"@id":"https:\/\/experienciadevida.com.ar\/portalurbano\/#\/schema\/logo\/image\/"},"sameAs":["https:\/\/www.facebook.com\/Portal-Urbano-171542830093757\/","https:\/\/twitter.com\/portalurbanook","https:\/\/www.instagram.com\/_portalurbano\/","https:\/\/www.youtube.com\/channel\/UCXhagIfszH8KxFiOok79zbA?view_as=subscriber"]},{"@type":"Person","@id":"https:\/\/experienciadevida.com.ar\/portalurbano\/#\/schema\/person\/02dd326b1c4b056e9cc972486934a3a7","name":"admpu17wp","image":{"@type":"ImageObject","inLanguage":"es","@id":"https:\/\/experienciadevida.com.ar\/portalurbano\/#\/schema\/person\/image\/","url":"https:\/\/secure.gravatar.com\/avatar\/830d4c57adaae6630765e449a6908047?s=96&d=mm&r=g","contentUrl":"https:\/\/secure.gravatar.com\/avatar\/830d4c57adaae6630765e449a6908047?s=96&d=mm&r=g","caption":"admpu17wp"}}]}},"featured_image_urls":{"full":["https:\/\/experienciadevida.com.ar\/portalurbano\/wp-content\/uploads\/2022\/04\/Celebraron-la-Pascua-de.jpg",765,510,false],"thumbnail":["https:\/\/experienciadevida.com.ar\/portalurbano\/wp-content\/uploads\/2022\/04\/Celebraron-la-Pascua-de-150x150.jpg",150,150,true],"medium":["https:\/\/experienciadevida.com.ar\/portalurbano\/wp-content\/uploads\/2022\/04\/Celebraron-la-Pascua-de-300x200.jpg",300,200,true],"medium_large":["https:\/\/experienciadevida.com.ar\/portalurbano\/wp-content\/uploads\/2022\/04\/Celebraron-la-Pascua-de.jpg",640,427,false],"large":["https:\/\/experienciadevida.com.ar\/portalurbano\/wp-content\/uploads\/2022\/04\/Celebraron-la-Pascua-de.jpg",640,427,false],"ug_big":["https:\/\/experienciadevida.com.ar\/portalurbano\/wp-content\/uploads\/2022\/04\/Celebraron-la-Pascua-de.jpg",765,510,false],"1536x1536":["https:\/\/experienciadevida.com.ar\/portalurbano\/wp-content\/uploads\/2022\/04\/Celebraron-la-Pascua-de.jpg",765,510,false],"2048x2048":["https:\/\/experienciadevida.com.ar\/portalurbano\/wp-content\/uploads\/2022\/04\/Celebraron-la-Pascua-de.jpg",765,510,false],"newsever-slider-full":["https:\/\/experienciadevida.com.ar\/portalurbano\/wp-content\/uploads\/2022\/04\/Celebraron-la-Pascua-de.jpg",765,510,false],"newsever-featured":["https:\/\/experienciadevida.com.ar\/portalurbano\/wp-content\/uploads\/2022\/04\/Celebraron-la-Pascua-de.jpg",765,510,false],"newsever-medium":["https:\/\/experienciadevida.com.ar\/portalurbano\/wp-content\/uploads\/2022\/04\/Celebraron-la-Pascua-de.jpg",713,475,false],"web-stories-poster-portrait":["https:\/\/experienciadevida.com.ar\/portalurbano\/wp-content\/uploads\/2022\/04\/Celebraron-la-Pascua-de.jpg",640,427,false],"web-stories-publisher-logo":["https:\/\/experienciadevida.com.ar\/portalurbano\/wp-content\/uploads\/2022\/04\/Celebraron-la-Pascua-de.jpg",96,64,false],"web-stories-thumbnail":["https:\/\/experienciadevida.com.ar\/portalurbano\/wp-content\/uploads\/2022\/04\/Celebraron-la-Pascua-de.jpg",150,100,false]},"author_info":{"display_name":"admpu17wp","author_link":"https:\/\/experienciadevida.com.ar\/portalurbano\/author\/admpu17wp\/"},"category_info":"<a href=\"https:\/\/experienciadevida.com.ar\/portalurbano\/category\/ciudad\/\" rel=\"category tag\">Ciudad<\/a>","tag_info":"Ciudad","comment_count":"0","amp_enabled":true,"_links":{"self":[{"href":"https:\/\/experienciadevida.com.ar\/portalurbano\/wp-json\/wp\/v2\/posts\/166102"}],"collection":[{"href":"https:\/\/experienciadevida.com.ar\/portalurbano\/wp-json\/wp\/v2\/posts"}],"about":[{"href":"https:\/\/experienciadevida.com.ar\/portalurbano\/wp-json\/wp\/v2\/types\/post"}],"author":[{"embeddable":true,"href":"https:\/\/experienciadevida.com.ar\/portalurbano\/wp-json\/wp\/v2\/users\/1"}],"replies":[{"embeddable":true,"href":"https:\/\/experienciadevida.com.ar\/portalurbano\/wp-json\/wp\/v2\/comments?post=166102"}],"version-history":[{"count":2,"href":"https:\/\/experienciadevida.com.ar\/portalurbano\/wp-json\/wp\/v2\/posts\/166102\/revisions"}],"predecessor-version":[{"id":166106,"href":"https:\/\/experienciadevida.com.ar\/portalurbano\/wp-json\/wp\/v2\/posts\/166102\/revisions\/166106"}],"wp:featuredmedia":[{"embeddable":true,"href":"https:\/\/experienciadevida.com.ar\/portalurbano\/wp-json\/wp\/v2\/media\/166103"}],"wp:attachment":[{"href":"https:\/\/experienciadevida.com.ar\/portalurbano\/wp-json\/wp\/v2\/media?parent=166102"}],"wp:term":[{"taxonomy":"category","embeddable":true,"href":"https:\/\/experienciadevida.com.ar\/portalurbano\/wp-json\/wp\/v2\/categories?post=166102"},{"taxonomy":"post_tag","embeddable":true,"href":"https:\/\/experienciadevida.com.ar\/portalurbano\/wp-json\/wp\/v2\/tags?post=166102"}],"curies":[{"name":"wp","href":"https:\/\/api.w.org\/{rel}","templated":true}]}}