{"id":166090,"date":"2022-04-21T10:03:10","date_gmt":"2022-04-21T13:03:10","guid":{"rendered":"https:\/\/experienciadevida.com.ar\/portalurbano\/?p=166090"},"modified":"2022-04-21T10:05:55","modified_gmt":"2022-04-21T13:05:55","slug":"la-salida-de-este-pais-se-debe-basar-en-la-educacion","status":"publish","type":"post","link":"https:\/\/experienciadevida.com.ar\/portalurbano\/la-salida-de-este-pais-se-debe-basar-en-la-educacion\/","title":{"rendered":"\u00abLa salida de este pa\u00eds se debe basar en la educaci\u00f3n\u00bb"},"content":{"rendered":"<p>\u00abLa salida de este pa\u00eds se debe basar en la educaci\u00f3n\u00bb, as\u00ed lo dijo el <a href=\"https:\/\/www.facebook.com\/galliezequiel\">Intendente <\/a>en el d\u00eda de ayer en el Instituto Tecnol\u00f3gico de Olavarr\u00eda, Iteco, fue sede de un acto protocolar en el que se materializ\u00f3, con la entrega de equipamiento, el apoyo institucional por parte de la Fundaci\u00f3n Loma Negra para enriquecer la formaci\u00f3n de futuros profesionales que cursan all\u00ed su formaci\u00f3n.<\/p>\n<p><a href=\"https:\/\/experienciadevida.com.ar\/portalurbano\/la-salida-de-este-pais-se-debe-basar-en-la-educacion\/la-13\/\" rel=\"attachment wp-att-166093\"><img decoding=\"async\" class=\"alignnone size-large wp-image-166093\" src=\"https:\/\/experienciadevida.com.ar\/portalurbano\/wp-content\/uploads\/2022\/04\/La-3-1024x684.jpg\" alt=\"La \" width=\"900\" height=\"601\" srcset=\"https:\/\/experienciadevida.com.ar\/portalurbano\/wp-content\/uploads\/2022\/04\/La-3-1024x684.jpg 1024w, https:\/\/experienciadevida.com.ar\/portalurbano\/wp-content\/uploads\/2022\/04\/La-3-300x201.jpg 300w, https:\/\/experienciadevida.com.ar\/portalurbano\/wp-content\/uploads\/2022\/04\/La-3-768x513.jpg 768w, https:\/\/experienciadevida.com.ar\/portalurbano\/wp-content\/uploads\/2022\/04\/La-3-1536x1027.jpg 1536w, https:\/\/experienciadevida.com.ar\/portalurbano\/wp-content\/uploads\/2022\/04\/La-3-2048x1369.jpg 2048w\" sizes=\"(max-width: 900px) 100vw, 900px\" \/><\/a><\/p>\n<p>El evento cont\u00f3 con la presencia del intendente municipal Ezequiel Galli, el CEO de Loma Negra Sergio Faifman, el Secretario de Desarrollo Econ\u00f3mico Julio Valetutto, autoridades del ITECO, representantes de Coopelectric, de la Uni\u00f3n Industrial, de la empresa Cerro Negro, directivos de Loma Negra, funcionarios municipales y alumnos.<\/p>\n<p>El equipamiento otorgado consisti\u00f3 en un Tablero Did\u00e1ctico para Automatizaci\u00f3n equipado con PLC S71200 y una Mini cinta transportadora con Sensores Electr\u00f3nicos.<\/p>\n<p>En el inicio del acto, Sergio Faifman dijo: \u00abhace m\u00e1s de 15 a\u00f1os que trabajamos en el ITECO y nos llena de orgullo estar ac\u00e1. Quiero felicitarlos por el trabajo que est\u00e1n haciendo\u00bb.<\/p>\n<p>Por su parte, Ezequiel Galli agradeci\u00f3 la presencia del propio Faifman y expres\u00f3: \u00abac\u00e1 los verdaderos protagonistas son los alumnos. Siempre cito a Sarmiento que dec\u00eda que todos los problemas son de educaci\u00f3n la salida de este pa\u00eds se debe basar en la educaci\u00f3n\u00bb.<\/p>\n<p>Adem\u00e1s, el jefe comunal indic\u00f3 que \u00aben este lugar hay 220 alumnos que son 220 historias que quieren progresar y tener lo m\u00e1s digno que tiene una persona: el trabajo\u00bb.<\/p>\n<p>ITECO<\/p>\n<p>La Fundaci\u00f3n Instituto Tecnol\u00f3gico Olavarr\u00eda, se encuentra integrada por la Municipalidad de Olavarr\u00eda, Loma Negra CIASA, Cementos Avellaneda S.A, Asociaci\u00f3n Propietarios del PIO, Cerro Negro S.A.,UNICEN, Coopeletric, Grupo Gremet, y la C\u00e1mara de la Piedra. Se form\u00f3 con el prop\u00f3sito de crear un Instituto Tecnol\u00f3gico capaz de dise\u00f1ar una oferta curricular de acuerdo con el medio productivo donde se encuentra, teniendo en cuenta que la educaci\u00f3n tecnol\u00f3gica superior debe preparar sujetos capaces de adaptarse y desenvolverse eficientemente en un mercado laboral flexible y cambiante, para lo cual es necesario que desarrollen competencias que le permitan insertarse en este contexto din\u00e1mico.<\/p>\n<p>El Instituto Tecnol\u00f3gico de Olavarr\u00eda comenz\u00f3 su actividad educativa en el a\u00f1o 2003 y en la actualidad se pueden cursar las tecnicaturas superiores en Mantenimiento Industrial, en Miner\u00eda, en Automatizaci\u00f3n y Control, y en Administraci\u00f3n General. Cada una de las mencionadas carreras tiene una duraci\u00f3n de 3 a\u00f1os, siendo requisito necesario para ingresar poseer t\u00edtulo secundario.<\/p>\n<p>En este Ciclo Lectivo 2022 la matr\u00edcula de ingresantes a primer a\u00f1o ha aumentado respecto a a\u00f1os anteriores, alcanzando al n\u00famero de 105 alumnos distribuidos en las cuatro tecnicaturas que junto a los alumnos que cursan segundo y tercer a\u00f1o da como resultado una Matr\u00edcula Total de 220 alumnos.<\/p>\n<p><a href=\"https:\/\/experienciadevida.com.ar\/portalurbano\/la-salida-de-este-pais-se-debe-basar-en-la-educacion\/salida\/\" rel=\"attachment wp-att-166094\"><img decoding=\"async\" class=\"alignnone size-large wp-image-166094\" src=\"https:\/\/experienciadevida.com.ar\/portalurbano\/wp-content\/uploads\/2022\/04\/salida-1024x684.jpg\" alt=\"salida \" width=\"900\" height=\"601\" srcset=\"https:\/\/experienciadevida.com.ar\/portalurbano\/wp-content\/uploads\/2022\/04\/salida-1024x684.jpg 1024w, https:\/\/experienciadevida.com.ar\/portalurbano\/wp-content\/uploads\/2022\/04\/salida-300x201.jpg 300w, https:\/\/experienciadevida.com.ar\/portalurbano\/wp-content\/uploads\/2022\/04\/salida-768x513.jpg 768w, https:\/\/experienciadevida.com.ar\/portalurbano\/wp-content\/uploads\/2022\/04\/salida-1536x1027.jpg 1536w, https:\/\/experienciadevida.com.ar\/portalurbano\/wp-content\/uploads\/2022\/04\/salida-2048x1369.jpg 2048w\" sizes=\"(max-width: 900px) 100vw, 900px\" \/><\/a><\/p>\n","protected":false},"excerpt":{"rendered":"<p>\u00abLa salida de este pa\u00eds se debe basar en la educaci\u00f3n\u00bb, as\u00ed lo dijo el&#8230;<\/p>\n","protected":false},"author":1,"featured_media":166091,"comment_status":"closed","ping_status":"closed","sticky":false,"template":"","format":"standard","meta":{"content-type":""},"categories":[64,31],"tags":[],"nelio_content":{"isAutoShareEnabled":false,"autoShareEndMode":"default","automationSources":{"useContentSentences":true,"useSocialTemplates":true,"useCustomSentences":false,"customSentences":[]},"followers":[1],"suggestedReferences":[],"includedReferences":[],"efiUrl":"","efiAlt":"","highlights":[]},"yoast_head":"<!-- This site is optimized with the Yoast SEO plugin v20.7 - https:\/\/yoast.com\/wordpress\/plugins\/seo\/ -->\n<title>&quot;La salida de este pa\u00eds se debe basar en la educaci\u00f3n&quot;<\/title>\n<meta name=\"description\" content=\"\u00abLa salida de este pa\u00eds se debe basar en la educaci\u00f3n\u00bb, as\u00ed lo dijo el Intendente en el d\u00eda de ayer en el Instituto Tecnol\u00f3gico de Olavarr\u00eda\" \/>\n<meta name=\"robots\" content=\"index, follow, max-snippet:-1, max-image-preview:large, max-video-preview:-1\" \/>\n<link rel=\"canonical\" href=\"https:\/\/experienciadevida.com.ar\/portalurbano\/la-salida-de-este-pais-se-debe-basar-en-la-educacion\/\" \/>\n<meta property=\"og:locale\" content=\"es_ES\" \/>\n<meta property=\"og:type\" content=\"article\" \/>\n<meta property=\"og:title\" content=\"&quot;La salida de este pa\u00eds se debe basar en la educaci\u00f3n&quot;\" \/>\n<meta property=\"og:description\" content=\"\u00abLa salida de este pa\u00eds se debe basar en la educaci\u00f3n\u00bb, as\u00ed lo dijo el Intendente en el d\u00eda de ayer en el Instituto Tecnol\u00f3gico de Olavarr\u00eda\" \/>\n<meta property=\"og:url\" content=\"https:\/\/experienciadevida.com.ar\/portalurbano\/la-salida-de-este-pais-se-debe-basar-en-la-educacion\/\" \/>\n<meta property=\"article:publisher\" content=\"https:\/\/www.facebook.com\/Portal-Urbano-171542830093757\/\" \/>\n<meta property=\"article:published_time\" content=\"2022-04-21T13:03:10+00:00\" \/>\n<meta property=\"article:modified_time\" content=\"2022-04-21T13:05:55+00:00\" \/>\n<meta property=\"og:image\" content=\"https:\/\/experienciadevida.com.ar\/portalurbano\/wp-content\/uploads\/2022\/04\/La-salida-de-este.jpg\" \/>\n\t<meta property=\"og:image:width\" content=\"2560\" \/>\n\t<meta property=\"og:image:height\" content=\"1711\" \/>\n\t<meta property=\"og:image:type\" content=\"image\/jpeg\" \/>\n<meta name=\"author\" content=\"admpu17wp\" \/>\n<meta name=\"twitter:card\" content=\"summary_large_image\" \/>\n<meta name=\"twitter:creator\" content=\"@portalurbanook\" \/>\n<meta name=\"twitter:site\" content=\"@portalurbanook\" \/>\n<meta name=\"twitter:label1\" content=\"Escrito por\" \/>\n\t<meta name=\"twitter:data1\" content=\"admpu17wp\" \/>\n\t<meta name=\"twitter:label2\" content=\"Tiempo de lectura\" \/>\n\t<meta name=\"twitter:data2\" content=\"3 minutos\" \/>\n<script type=\"application\/ld+json\" class=\"yoast-schema-graph\">{\"@context\":\"https:\/\/schema.org\",\"@graph\":[{\"@type\":\"Article\",\"@id\":\"https:\/\/experienciadevida.com.ar\/portalurbano\/la-salida-de-este-pais-se-debe-basar-en-la-educacion\/#article\",\"isPartOf\":{\"@id\":\"https:\/\/experienciadevida.com.ar\/portalurbano\/la-salida-de-este-pais-se-debe-basar-en-la-educacion\/\"},\"author\":{\"name\":\"admpu17wp\",\"@id\":\"https:\/\/experienciadevida.com.ar\/portalurbano\/#\/schema\/person\/02dd326b1c4b056e9cc972486934a3a7\"},\"headline\":\"\u00abLa salida de este pa\u00eds se debe basar en la educaci\u00f3n\u00bb\",\"datePublished\":\"2022-04-21T13:03:10+00:00\",\"dateModified\":\"2022-04-21T13:05:55+00:00\",\"mainEntityOfPage\":{\"@id\":\"https:\/\/experienciadevida.com.ar\/portalurbano\/la-salida-de-este-pais-se-debe-basar-en-la-educacion\/\"},\"wordCount\":506,\"publisher\":{\"@id\":\"https:\/\/experienciadevida.com.ar\/portalurbano\/#organization\"},\"articleSection\":[\"Destacadas 2\",\"Educaci\u00f3n\"],\"inLanguage\":\"es\"},{\"@type\":\"WebPage\",\"@id\":\"https:\/\/experienciadevida.com.ar\/portalurbano\/la-salida-de-este-pais-se-debe-basar-en-la-educacion\/\",\"url\":\"https:\/\/experienciadevida.com.ar\/portalurbano\/la-salida-de-este-pais-se-debe-basar-en-la-educacion\/\",\"name\":\"\\\"La salida de este pa\u00eds se debe basar en la educaci\u00f3n\\\"\",\"isPartOf\":{\"@id\":\"https:\/\/experienciadevida.com.ar\/portalurbano\/#website\"},\"datePublished\":\"2022-04-21T13:03:10+00:00\",\"dateModified\":\"2022-04-21T13:05:55+00:00\",\"description\":\"\u00abLa salida de este pa\u00eds se debe basar en la educaci\u00f3n\u00bb, as\u00ed lo dijo el Intendente en el d\u00eda de ayer en el Instituto Tecnol\u00f3gico de Olavarr\u00eda\",\"breadcrumb\":{\"@id\":\"https:\/\/experienciadevida.com.ar\/portalurbano\/la-salida-de-este-pais-se-debe-basar-en-la-educacion\/#breadcrumb\"},\"inLanguage\":\"es\",\"potentialAction\":[{\"@type\":\"ReadAction\",\"target\":[\"https:\/\/experienciadevida.com.ar\/portalurbano\/la-salida-de-este-pais-se-debe-basar-en-la-educacion\/\"]}]},{\"@type\":\"BreadcrumbList\",\"@id\":\"https:\/\/experienciadevida.com.ar\/portalurbano\/la-salida-de-este-pais-se-debe-basar-en-la-educacion\/#breadcrumb\",\"itemListElement\":[{\"@type\":\"ListItem\",\"position\":1,\"name\":\"Portada\",\"item\":\"https:\/\/experienciadevida.com.ar\/portalurbano\/\"},{\"@type\":\"ListItem\",\"position\":2,\"name\":\"\u00abLa salida de este pa\u00eds se debe basar en la educaci\u00f3n\u00bb\"}]},{\"@type\":\"WebSite\",\"@id\":\"https:\/\/experienciadevida.com.ar\/portalurbano\/#website\",\"url\":\"https:\/\/experienciadevida.com.ar\/portalurbano\/\",\"name\":\"\",\"description\":\"\",\"publisher\":{\"@id\":\"https:\/\/experienciadevida.com.ar\/portalurbano\/#organization\"},\"potentialAction\":[{\"@type\":\"SearchAction\",\"target\":{\"@type\":\"EntryPoint\",\"urlTemplate\":\"https:\/\/experienciadevida.com.ar\/portalurbano\/?s={search_term_string}\"},\"query-input\":\"required name=search_term_string\"}],\"inLanguage\":\"es\"},{\"@type\":\"Organization\",\"@id\":\"https:\/\/experienciadevida.com.ar\/portalurbano\/#organization\",\"name\":\"Portal Urbano\",\"url\":\"https:\/\/experienciadevida.com.ar\/portalurbano\/\",\"logo\":{\"@type\":\"ImageObject\",\"inLanguage\":\"es\",\"@id\":\"https:\/\/experienciadevida.com.ar\/portalurbano\/#\/schema\/logo\/image\/\",\"url\":\"https:\/\/experienciadevida.com.ar\/portalurbano\/wp-content\/uploads\/2019\/09\/Logo-Original.png\",\"contentUrl\":\"https:\/\/experienciadevida.com.ar\/portalurbano\/wp-content\/uploads\/2019\/09\/Logo-Original.png\",\"width\":2236,\"height\":1216,\"caption\":\"Portal Urbano\"},\"image\":{\"@id\":\"https:\/\/experienciadevida.com.ar\/portalurbano\/#\/schema\/logo\/image\/\"},\"sameAs\":[\"https:\/\/www.facebook.com\/Portal-Urbano-171542830093757\/\",\"https:\/\/twitter.com\/portalurbanook\",\"https:\/\/www.instagram.com\/_portalurbano\/\",\"https:\/\/www.youtube.com\/channel\/UCXhagIfszH8KxFiOok79zbA?view_as=subscriber\"]},{\"@type\":\"Person\",\"@id\":\"https:\/\/experienciadevida.com.ar\/portalurbano\/#\/schema\/person\/02dd326b1c4b056e9cc972486934a3a7\",\"name\":\"admpu17wp\",\"image\":{\"@type\":\"ImageObject\",\"inLanguage\":\"es\",\"@id\":\"https:\/\/experienciadevida.com.ar\/portalurbano\/#\/schema\/person\/image\/\",\"url\":\"https:\/\/secure.gravatar.com\/avatar\/830d4c57adaae6630765e449a6908047?s=96&d=mm&r=g\",\"contentUrl\":\"https:\/\/secure.gravatar.com\/avatar\/830d4c57adaae6630765e449a6908047?s=96&d=mm&r=g\",\"caption\":\"admpu17wp\"}}]}<\/script>\n<!-- \/ Yoast SEO plugin. -->","yoast_head_json":{"title":"\"La salida de este pa\u00eds se debe basar en la educaci\u00f3n\"","description":"\u00abLa salida de este pa\u00eds se debe basar en la educaci\u00f3n\u00bb, as\u00ed lo dijo el Intendente en el d\u00eda de ayer en el Instituto Tecnol\u00f3gico de Olavarr\u00eda","robots":{"index":"index","follow":"follow","max-snippet":"max-snippet:-1","max-image-preview":"max-image-preview:large","max-video-preview":"max-video-preview:-1"},"canonical":"https:\/\/experienciadevida.com.ar\/portalurbano\/la-salida-de-este-pais-se-debe-basar-en-la-educacion\/","og_locale":"es_ES","og_type":"article","og_title":"\"La salida de este pa\u00eds se debe basar en la educaci\u00f3n\"","og_description":"\u00abLa salida de este pa\u00eds se debe basar en la educaci\u00f3n\u00bb, as\u00ed lo dijo el Intendente en el d\u00eda de ayer en el Instituto Tecnol\u00f3gico de Olavarr\u00eda","og_url":"https:\/\/experienciadevida.com.ar\/portalurbano\/la-salida-de-este-pais-se-debe-basar-en-la-educacion\/","article_publisher":"https:\/\/www.facebook.com\/Portal-Urbano-171542830093757\/","article_published_time":"2022-04-21T13:03:10+00:00","article_modified_time":"2022-04-21T13:05:55+00:00","og_image":[{"width":2560,"height":1711,"url":"https:\/\/experienciadevida.com.ar\/portalurbano\/wp-content\/uploads\/2022\/04\/La-salida-de-este.jpg","type":"image\/jpeg"}],"author":"admpu17wp","twitter_card":"summary_large_image","twitter_creator":"@portalurbanook","twitter_site":"@portalurbanook","twitter_misc":{"Escrito por":"admpu17wp","Tiempo de lectura":"3 minutos"},"schema":{"@context":"https:\/\/schema.org","@graph":[{"@type":"Article","@id":"https:\/\/experienciadevida.com.ar\/portalurbano\/la-salida-de-este-pais-se-debe-basar-en-la-educacion\/#article","isPartOf":{"@id":"https:\/\/experienciadevida.com.ar\/portalurbano\/la-salida-de-este-pais-se-debe-basar-en-la-educacion\/"},"author":{"name":"admpu17wp","@id":"https:\/\/experienciadevida.com.ar\/portalurbano\/#\/schema\/person\/02dd326b1c4b056e9cc972486934a3a7"},"headline":"\u00abLa salida de este pa\u00eds se debe basar en la educaci\u00f3n\u00bb","datePublished":"2022-04-21T13:03:10+00:00","dateModified":"2022-04-21T13:05:55+00:00","mainEntityOfPage":{"@id":"https:\/\/experienciadevida.com.ar\/portalurbano\/la-salida-de-este-pais-se-debe-basar-en-la-educacion\/"},"wordCount":506,"publisher":{"@id":"https:\/\/experienciadevida.com.ar\/portalurbano\/#organization"},"articleSection":["Destacadas 2","Educaci\u00f3n"],"inLanguage":"es"},{"@type":"WebPage","@id":"https:\/\/experienciadevida.com.ar\/portalurbano\/la-salida-de-este-pais-se-debe-basar-en-la-educacion\/","url":"https:\/\/experienciadevida.com.ar\/portalurbano\/la-salida-de-este-pais-se-debe-basar-en-la-educacion\/","name":"\"La salida de este pa\u00eds se debe basar en la educaci\u00f3n\"","isPartOf":{"@id":"https:\/\/experienciadevida.com.ar\/portalurbano\/#website"},"datePublished":"2022-04-21T13:03:10+00:00","dateModified":"2022-04-21T13:05:55+00:00","description":"\u00abLa salida de este pa\u00eds se debe basar en la educaci\u00f3n\u00bb, as\u00ed lo dijo el Intendente en el d\u00eda de ayer en el Instituto Tecnol\u00f3gico de Olavarr\u00eda","breadcrumb":{"@id":"https:\/\/experienciadevida.com.ar\/portalurbano\/la-salida-de-este-pais-se-debe-basar-en-la-educacion\/#breadcrumb"},"inLanguage":"es","potentialAction":[{"@type":"ReadAction","target":["https:\/\/experienciadevida.com.ar\/portalurbano\/la-salida-de-este-pais-se-debe-basar-en-la-educacion\/"]}]},{"@type":"BreadcrumbList","@id":"https:\/\/experienciadevida.com.ar\/portalurbano\/la-salida-de-este-pais-se-debe-basar-en-la-educacion\/#breadcrumb","itemListElement":[{"@type":"ListItem","position":1,"name":"Portada","item":"https:\/\/experienciadevida.com.ar\/portalurbano\/"},{"@type":"ListItem","position":2,"name":"\u00abLa salida de este pa\u00eds se debe basar en la educaci\u00f3n\u00bb"}]},{"@type":"WebSite","@id":"https:\/\/experienciadevida.com.ar\/portalurbano\/#website","url":"https:\/\/experienciadevida.com.ar\/portalurbano\/","name":"","description":"","publisher":{"@id":"https:\/\/experienciadevida.com.ar\/portalurbano\/#organization"},"potentialAction":[{"@type":"SearchAction","target":{"@type":"EntryPoint","urlTemplate":"https:\/\/experienciadevida.com.ar\/portalurbano\/?s={search_term_string}"},"query-input":"required name=search_term_string"}],"inLanguage":"es"},{"@type":"Organization","@id":"https:\/\/experienciadevida.com.ar\/portalurbano\/#organization","name":"Portal Urbano","url":"https:\/\/experienciadevida.com.ar\/portalurbano\/","logo":{"@type":"ImageObject","inLanguage":"es","@id":"https:\/\/experienciadevida.com.ar\/portalurbano\/#\/schema\/logo\/image\/","url":"https:\/\/experienciadevida.com.ar\/portalurbano\/wp-content\/uploads\/2019\/09\/Logo-Original.png","contentUrl":"https:\/\/experienciadevida.com.ar\/portalurbano\/wp-content\/uploads\/2019\/09\/Logo-Original.png","width":2236,"height":1216,"caption":"Portal Urbano"},"image":{"@id":"https:\/\/experienciadevida.com.ar\/portalurbano\/#\/schema\/logo\/image\/"},"sameAs":["https:\/\/www.facebook.com\/Portal-Urbano-171542830093757\/","https:\/\/twitter.com\/portalurbanook","https:\/\/www.instagram.com\/_portalurbano\/","https:\/\/www.youtube.com\/channel\/UCXhagIfszH8KxFiOok79zbA?view_as=subscriber"]},{"@type":"Person","@id":"https:\/\/experienciadevida.com.ar\/portalurbano\/#\/schema\/person\/02dd326b1c4b056e9cc972486934a3a7","name":"admpu17wp","image":{"@type":"ImageObject","inLanguage":"es","@id":"https:\/\/experienciadevida.com.ar\/portalurbano\/#\/schema\/person\/image\/","url":"https:\/\/secure.gravatar.com\/avatar\/830d4c57adaae6630765e449a6908047?s=96&d=mm&r=g","contentUrl":"https:\/\/secure.gravatar.com\/avatar\/830d4c57adaae6630765e449a6908047?s=96&d=mm&r=g","caption":"admpu17wp"}}]}},"featured_image_urls":{"full":["https:\/\/experienciadevida.com.ar\/portalurbano\/wp-content\/uploads\/2022\/04\/La-salida-de-este.jpg",2560,1711,false],"thumbnail":["https:\/\/experienciadevida.com.ar\/portalurbano\/wp-content\/uploads\/2022\/04\/La-salida-de-este-150x150.jpg",150,150,true],"medium":["https:\/\/experienciadevida.com.ar\/portalurbano\/wp-content\/uploads\/2022\/04\/La-salida-de-este-300x201.jpg",300,201,true],"medium_large":["https:\/\/experienciadevida.com.ar\/portalurbano\/wp-content\/uploads\/2022\/04\/La-salida-de-este-768x513.jpg",640,428,true],"large":["https:\/\/experienciadevida.com.ar\/portalurbano\/wp-content\/uploads\/2022\/04\/La-salida-de-este-1024x684.jpg",640,428,true],"ug_big":["https:\/\/experienciadevida.com.ar\/portalurbano\/wp-content\/uploads\/2022\/04\/La-salida-de-este-768x513.jpg",768,513,true],"1536x1536":["https:\/\/experienciadevida.com.ar\/portalurbano\/wp-content\/uploads\/2022\/04\/La-salida-de-este-1536x1027.jpg",1536,1027,true],"2048x2048":["https:\/\/experienciadevida.com.ar\/portalurbano\/wp-content\/uploads\/2022\/04\/La-salida-de-este-2048x1369.jpg",2048,1369,true],"newsever-slider-full":["https:\/\/experienciadevida.com.ar\/portalurbano\/wp-content\/uploads\/2022\/04\/La-salida-de-este.jpg",1264,845,false],"newsever-featured":["https:\/\/experienciadevida.com.ar\/portalurbano\/wp-content\/uploads\/2022\/04\/La-salida-de-este.jpg",1024,684,false],"newsever-medium":["https:\/\/experienciadevida.com.ar\/portalurbano\/wp-content\/uploads\/2022\/04\/La-salida-de-este.jpg",711,475,false],"web-stories-poster-portrait":["https:\/\/experienciadevida.com.ar\/portalurbano\/wp-content\/uploads\/2022\/04\/La-salida-de-este.jpg",640,428,false],"web-stories-publisher-logo":["https:\/\/experienciadevida.com.ar\/portalurbano\/wp-content\/uploads\/2022\/04\/La-salida-de-este.jpg",96,64,false],"web-stories-thumbnail":["https:\/\/experienciadevida.com.ar\/portalurbano\/wp-content\/uploads\/2022\/04\/La-salida-de-este.jpg",150,100,false]},"author_info":{"display_name":"admpu17wp","author_link":"https:\/\/experienciadevida.com.ar\/portalurbano\/author\/admpu17wp\/"},"category_info":"<a href=\"https:\/\/experienciadevida.com.ar\/portalurbano\/category\/destacadas-2\/\" rel=\"category tag\">Destacadas 2<\/a> <a href=\"https:\/\/experienciadevida.com.ar\/portalurbano\/category\/ciudad\/educacion\/\" rel=\"category tag\">Educaci\u00f3n<\/a>","tag_info":"Educaci\u00f3n","comment_count":"0","amp_enabled":true,"_links":{"self":[{"href":"https:\/\/experienciadevida.com.ar\/portalurbano\/wp-json\/wp\/v2\/posts\/166090"}],"collection":[{"href":"https:\/\/experienciadevida.com.ar\/portalurbano\/wp-json\/wp\/v2\/posts"}],"about":[{"href":"https:\/\/experienciadevida.com.ar\/portalurbano\/wp-json\/wp\/v2\/types\/post"}],"author":[{"embeddable":true,"href":"https:\/\/experienciadevida.com.ar\/portalurbano\/wp-json\/wp\/v2\/users\/1"}],"replies":[{"embeddable":true,"href":"https:\/\/experienciadevida.com.ar\/portalurbano\/wp-json\/wp\/v2\/comments?post=166090"}],"version-history":[{"count":3,"href":"https:\/\/experienciadevida.com.ar\/portalurbano\/wp-json\/wp\/v2\/posts\/166090\/revisions"}],"predecessor-version":[{"id":166096,"href":"https:\/\/experienciadevida.com.ar\/portalurbano\/wp-json\/wp\/v2\/posts\/166090\/revisions\/166096"}],"wp:featuredmedia":[{"embeddable":true,"href":"https:\/\/experienciadevida.com.ar\/portalurbano\/wp-json\/wp\/v2\/media\/166091"}],"wp:attachment":[{"href":"https:\/\/experienciadevida.com.ar\/portalurbano\/wp-json\/wp\/v2\/media?parent=166090"}],"wp:term":[{"taxonomy":"category","embeddable":true,"href":"https:\/\/experienciadevida.com.ar\/portalurbano\/wp-json\/wp\/v2\/categories?post=166090"},{"taxonomy":"post_tag","embeddable":true,"href":"https:\/\/experienciadevida.com.ar\/portalurbano\/wp-json\/wp\/v2\/tags?post=166090"}],"curies":[{"name":"wp","href":"https:\/\/api.w.org\/{rel}","templated":true}]}}