{"id":166061,"date":"2022-04-20T18:27:10","date_gmt":"2022-04-20T21:27:10","guid":{"rendered":"https:\/\/experienciadevida.com.ar\/portalurbano\/?p=166061"},"modified":"2022-04-20T18:27:34","modified_gmt":"2022-04-20T21:27:34","slug":"este-viernes-se-proyectara-el-drama-frances-continuar-en-la-alianza-francesa","status":"publish","type":"post","link":"https:\/\/experienciadevida.com.ar\/portalurbano\/este-viernes-se-proyectara-el-drama-frances-continuar-en-la-alianza-francesa\/","title":{"rendered":"Este viernes se proyectar\u00e1 el Drama Franc\u00e9s &#8220;continuar&#8221; en la Alianza Francesa"},"content":{"rendered":"<p>Este viernes se proyectar\u00e1 el Drama Franc\u00e9s &#8220;continuar&#8221; en la<a href=\"https:\/\/www.facebook.com\/alianzafrancesa.olavarria\"> Alianza Francesa<\/a>, ser\u00e1 a las 20:30hs en la sede ubicada en la calle Dorrego 3161.<\/p>\n<p>Basada en la novela de Laurent Mauvignier &#8220;Continuer&#8221; 2016.<br \/>\nBono contribuci\u00f3n: 250 pesos.<\/p>\n<p>INFO:<br \/>\nT\u00edtulo original: Continuer<br \/>\nA\u00f1o: 2018<br \/>\nDuraci\u00f3n: 84 min.<br \/>\nPa\u00eds: B\u00e9lgica- Francia<br \/>\nDirecci\u00f3n: Joachim Lafosse<br \/>\nGui\u00f3n: Joachim Lafosse, Thomas van Zuylen. Novela: Laurent Mauvignier<br \/>\nFotograf\u00eda: Jean-Fran\u00e7ois Hensgens<br \/>\nReparto: Virginie Efira, Kacey Mottet Klein, Diego Mart\u00edn, Damira Ripert<br \/>\nG\u00e9nero: Drama<\/p>\n<p>Sinopsis:<\/p>\n<p>Sybille ha convencido a su hijo adulto, Samuel, de ir con ella de viaje con la esperanza de redefinir su relaci\u00f3n. Pero los retos les esperan, tanto los procedentes de sus personalidades como los del duro paisaje.<\/p>\n","protected":false},"excerpt":{"rendered":"<p>Este viernes se proyectar\u00e1 el Drama Franc\u00e9s &#8220;continuar&#8221; en la Alianza Francesa, ser\u00e1 a las&#8230;<\/p>\n","protected":false},"author":1,"featured_media":166063,"comment_status":"closed","ping_status":"closed","sticky":false,"template":"","format":"standard","meta":{"content-type":""},"categories":[27],"tags":[],"nelio_content":{"isAutoShareEnabled":false,"autoShareEndMode":"default","automationSources":{"useContentSentences":true,"useSocialTemplates":true,"useCustomSentences":false,"customSentences":[]},"followers":[1],"suggestedReferences":[],"includedReferences":[],"efiUrl":"","efiAlt":"","highlights":[]},"yoast_head":"<!-- This site is optimized with the Yoast SEO plugin v20.7 - https:\/\/yoast.com\/wordpress\/plugins\/seo\/ -->\n<title>Este viernes se proyectar\u00e1 el Drama Franc\u00e9s &quot;continuar&quot; en la Alianza<\/title>\n<meta name=\"description\" content=\"Este viernes se proyectar\u00e1 el Drama Franc\u00e9s &quot;continuar&quot; en la Alianza Francesa, ser\u00e1 a las 20:30hs en la sede ubicada en la calle Dorrego\" \/>\n<meta name=\"robots\" content=\"index, follow, max-snippet:-1, max-image-preview:large, max-video-preview:-1\" \/>\n<link rel=\"canonical\" href=\"https:\/\/experienciadevida.com.ar\/portalurbano\/este-viernes-se-proyectara-el-drama-frances-continuar-en-la-alianza-francesa\/\" \/>\n<meta property=\"og:locale\" content=\"es_ES\" \/>\n<meta property=\"og:type\" content=\"article\" \/>\n<meta property=\"og:title\" content=\"Este viernes se proyectar\u00e1 el Drama Franc\u00e9s &quot;continuar&quot; en la Alianza\" \/>\n<meta property=\"og:description\" content=\"Este viernes se proyectar\u00e1 el Drama Franc\u00e9s &quot;continuar&quot; en la Alianza Francesa, ser\u00e1 a las 20:30hs en la sede ubicada en la calle Dorrego\" \/>\n<meta property=\"og:url\" content=\"https:\/\/experienciadevida.com.ar\/portalurbano\/este-viernes-se-proyectara-el-drama-frances-continuar-en-la-alianza-francesa\/\" \/>\n<meta property=\"article:publisher\" content=\"https:\/\/www.facebook.com\/Portal-Urbano-171542830093757\/\" \/>\n<meta property=\"article:published_time\" content=\"2022-04-20T21:27:10+00:00\" \/>\n<meta property=\"article:modified_time\" content=\"2022-04-20T21:27:34+00:00\" \/>\n<meta property=\"og:image\" content=\"https:\/\/experienciadevida.com.ar\/portalurbano\/wp-content\/uploads\/2022\/04\/Este-viernes-se-proyectara.png\" \/>\n\t<meta property=\"og:image:width\" content=\"1080\" \/>\n\t<meta property=\"og:image:height\" content=\"1080\" \/>\n\t<meta property=\"og:image:type\" content=\"image\/png\" \/>\n<meta name=\"author\" content=\"admpu17wp\" \/>\n<meta name=\"twitter:card\" content=\"summary_large_image\" \/>\n<meta name=\"twitter:creator\" content=\"@portalurbanook\" \/>\n<meta name=\"twitter:site\" content=\"@portalurbanook\" \/>\n<meta name=\"twitter:label1\" content=\"Escrito por\" \/>\n\t<meta name=\"twitter:data1\" content=\"admpu17wp\" \/>\n\t<meta name=\"twitter:label2\" content=\"Tiempo de lectura\" \/>\n\t<meta name=\"twitter:data2\" content=\"1 minuto\" \/>\n<script type=\"application\/ld+json\" class=\"yoast-schema-graph\">{\"@context\":\"https:\/\/schema.org\",\"@graph\":[{\"@type\":\"Article\",\"@id\":\"https:\/\/experienciadevida.com.ar\/portalurbano\/este-viernes-se-proyectara-el-drama-frances-continuar-en-la-alianza-francesa\/#article\",\"isPartOf\":{\"@id\":\"https:\/\/experienciadevida.com.ar\/portalurbano\/este-viernes-se-proyectara-el-drama-frances-continuar-en-la-alianza-francesa\/\"},\"author\":{\"name\":\"admpu17wp\",\"@id\":\"https:\/\/experienciadevida.com.ar\/portalurbano\/#\/schema\/person\/02dd326b1c4b056e9cc972486934a3a7\"},\"headline\":\"Este viernes se proyectar\u00e1 el Drama Franc\u00e9s &#8220;continuar&#8221; en la Alianza Francesa\",\"datePublished\":\"2022-04-20T21:27:10+00:00\",\"dateModified\":\"2022-04-20T21:27:34+00:00\",\"mainEntityOfPage\":{\"@id\":\"https:\/\/experienciadevida.com.ar\/portalurbano\/este-viernes-se-proyectara-el-drama-frances-continuar-en-la-alianza-francesa\/\"},\"wordCount\":137,\"publisher\":{\"@id\":\"https:\/\/experienciadevida.com.ar\/portalurbano\/#organization\"},\"articleSection\":[\"Ciudad\"],\"inLanguage\":\"es\"},{\"@type\":\"WebPage\",\"@id\":\"https:\/\/experienciadevida.com.ar\/portalurbano\/este-viernes-se-proyectara-el-drama-frances-continuar-en-la-alianza-francesa\/\",\"url\":\"https:\/\/experienciadevida.com.ar\/portalurbano\/este-viernes-se-proyectara-el-drama-frances-continuar-en-la-alianza-francesa\/\",\"name\":\"Este viernes se proyectar\u00e1 el Drama Franc\u00e9s \\\"continuar\\\" en la Alianza\",\"isPartOf\":{\"@id\":\"https:\/\/experienciadevida.com.ar\/portalurbano\/#website\"},\"datePublished\":\"2022-04-20T21:27:10+00:00\",\"dateModified\":\"2022-04-20T21:27:34+00:00\",\"description\":\"Este viernes se proyectar\u00e1 el Drama Franc\u00e9s \\\"continuar\\\" en la Alianza Francesa, ser\u00e1 a las 20:30hs en la sede ubicada en la calle Dorrego\",\"breadcrumb\":{\"@id\":\"https:\/\/experienciadevida.com.ar\/portalurbano\/este-viernes-se-proyectara-el-drama-frances-continuar-en-la-alianza-francesa\/#breadcrumb\"},\"inLanguage\":\"es\",\"potentialAction\":[{\"@type\":\"ReadAction\",\"target\":[\"https:\/\/experienciadevida.com.ar\/portalurbano\/este-viernes-se-proyectara-el-drama-frances-continuar-en-la-alianza-francesa\/\"]}]},{\"@type\":\"BreadcrumbList\",\"@id\":\"https:\/\/experienciadevida.com.ar\/portalurbano\/este-viernes-se-proyectara-el-drama-frances-continuar-en-la-alianza-francesa\/#breadcrumb\",\"itemListElement\":[{\"@type\":\"ListItem\",\"position\":1,\"name\":\"Portada\",\"item\":\"https:\/\/experienciadevida.com.ar\/portalurbano\/\"},{\"@type\":\"ListItem\",\"position\":2,\"name\":\"Este viernes se proyectar\u00e1 el Drama Franc\u00e9s \u00abcontinuar\u00bb en la Alianza Francesa\"}]},{\"@type\":\"WebSite\",\"@id\":\"https:\/\/experienciadevida.com.ar\/portalurbano\/#website\",\"url\":\"https:\/\/experienciadevida.com.ar\/portalurbano\/\",\"name\":\"\",\"description\":\"\",\"publisher\":{\"@id\":\"https:\/\/experienciadevida.com.ar\/portalurbano\/#organization\"},\"potentialAction\":[{\"@type\":\"SearchAction\",\"target\":{\"@type\":\"EntryPoint\",\"urlTemplate\":\"https:\/\/experienciadevida.com.ar\/portalurbano\/?s={search_term_string}\"},\"query-input\":\"required name=search_term_string\"}],\"inLanguage\":\"es\"},{\"@type\":\"Organization\",\"@id\":\"https:\/\/experienciadevida.com.ar\/portalurbano\/#organization\",\"name\":\"Portal Urbano\",\"url\":\"https:\/\/experienciadevida.com.ar\/portalurbano\/\",\"logo\":{\"@type\":\"ImageObject\",\"inLanguage\":\"es\",\"@id\":\"https:\/\/experienciadevida.com.ar\/portalurbano\/#\/schema\/logo\/image\/\",\"url\":\"https:\/\/experienciadevida.com.ar\/portalurbano\/wp-content\/uploads\/2019\/09\/Logo-Original.png\",\"contentUrl\":\"https:\/\/experienciadevida.com.ar\/portalurbano\/wp-content\/uploads\/2019\/09\/Logo-Original.png\",\"width\":2236,\"height\":1216,\"caption\":\"Portal Urbano\"},\"image\":{\"@id\":\"https:\/\/experienciadevida.com.ar\/portalurbano\/#\/schema\/logo\/image\/\"},\"sameAs\":[\"https:\/\/www.facebook.com\/Portal-Urbano-171542830093757\/\",\"https:\/\/twitter.com\/portalurbanook\",\"https:\/\/www.instagram.com\/_portalurbano\/\",\"https:\/\/www.youtube.com\/channel\/UCXhagIfszH8KxFiOok79zbA?view_as=subscriber\"]},{\"@type\":\"Person\",\"@id\":\"https:\/\/experienciadevida.com.ar\/portalurbano\/#\/schema\/person\/02dd326b1c4b056e9cc972486934a3a7\",\"name\":\"admpu17wp\",\"image\":{\"@type\":\"ImageObject\",\"inLanguage\":\"es\",\"@id\":\"https:\/\/experienciadevida.com.ar\/portalurbano\/#\/schema\/person\/image\/\",\"url\":\"https:\/\/secure.gravatar.com\/avatar\/830d4c57adaae6630765e449a6908047?s=96&d=mm&r=g\",\"contentUrl\":\"https:\/\/secure.gravatar.com\/avatar\/830d4c57adaae6630765e449a6908047?s=96&d=mm&r=g\",\"caption\":\"admpu17wp\"}}]}<\/script>\n<!-- \/ Yoast SEO plugin. -->","yoast_head_json":{"title":"Este viernes se proyectar\u00e1 el Drama Franc\u00e9s \"continuar\" en la Alianza","description":"Este viernes se proyectar\u00e1 el Drama Franc\u00e9s \"continuar\" en la Alianza Francesa, ser\u00e1 a las 20:30hs en la sede ubicada en la calle Dorrego","robots":{"index":"index","follow":"follow","max-snippet":"max-snippet:-1","max-image-preview":"max-image-preview:large","max-video-preview":"max-video-preview:-1"},"canonical":"https:\/\/experienciadevida.com.ar\/portalurbano\/este-viernes-se-proyectara-el-drama-frances-continuar-en-la-alianza-francesa\/","og_locale":"es_ES","og_type":"article","og_title":"Este viernes se proyectar\u00e1 el Drama Franc\u00e9s \"continuar\" en la Alianza","og_description":"Este viernes se proyectar\u00e1 el Drama Franc\u00e9s \"continuar\" en la Alianza Francesa, ser\u00e1 a las 20:30hs en la sede ubicada en la calle Dorrego","og_url":"https:\/\/experienciadevida.com.ar\/portalurbano\/este-viernes-se-proyectara-el-drama-frances-continuar-en-la-alianza-francesa\/","article_publisher":"https:\/\/www.facebook.com\/Portal-Urbano-171542830093757\/","article_published_time":"2022-04-20T21:27:10+00:00","article_modified_time":"2022-04-20T21:27:34+00:00","og_image":[{"width":1080,"height":1080,"url":"https:\/\/experienciadevida.com.ar\/portalurbano\/wp-content\/uploads\/2022\/04\/Este-viernes-se-proyectara.png","type":"image\/png"}],"author":"admpu17wp","twitter_card":"summary_large_image","twitter_creator":"@portalurbanook","twitter_site":"@portalurbanook","twitter_misc":{"Escrito por":"admpu17wp","Tiempo de lectura":"1 minuto"},"schema":{"@context":"https:\/\/schema.org","@graph":[{"@type":"Article","@id":"https:\/\/experienciadevida.com.ar\/portalurbano\/este-viernes-se-proyectara-el-drama-frances-continuar-en-la-alianza-francesa\/#article","isPartOf":{"@id":"https:\/\/experienciadevida.com.ar\/portalurbano\/este-viernes-se-proyectara-el-drama-frances-continuar-en-la-alianza-francesa\/"},"author":{"name":"admpu17wp","@id":"https:\/\/experienciadevida.com.ar\/portalurbano\/#\/schema\/person\/02dd326b1c4b056e9cc972486934a3a7"},"headline":"Este viernes se proyectar\u00e1 el Drama Franc\u00e9s &#8220;continuar&#8221; en la Alianza Francesa","datePublished":"2022-04-20T21:27:10+00:00","dateModified":"2022-04-20T21:27:34+00:00","mainEntityOfPage":{"@id":"https:\/\/experienciadevida.com.ar\/portalurbano\/este-viernes-se-proyectara-el-drama-frances-continuar-en-la-alianza-francesa\/"},"wordCount":137,"publisher":{"@id":"https:\/\/experienciadevida.com.ar\/portalurbano\/#organization"},"articleSection":["Ciudad"],"inLanguage":"es"},{"@type":"WebPage","@id":"https:\/\/experienciadevida.com.ar\/portalurbano\/este-viernes-se-proyectara-el-drama-frances-continuar-en-la-alianza-francesa\/","url":"https:\/\/experienciadevida.com.ar\/portalurbano\/este-viernes-se-proyectara-el-drama-frances-continuar-en-la-alianza-francesa\/","name":"Este viernes se proyectar\u00e1 el Drama Franc\u00e9s \"continuar\" en la Alianza","isPartOf":{"@id":"https:\/\/experienciadevida.com.ar\/portalurbano\/#website"},"datePublished":"2022-04-20T21:27:10+00:00","dateModified":"2022-04-20T21:27:34+00:00","description":"Este viernes se proyectar\u00e1 el Drama Franc\u00e9s \"continuar\" en la Alianza Francesa, ser\u00e1 a las 20:30hs en la sede ubicada en la calle Dorrego","breadcrumb":{"@id":"https:\/\/experienciadevida.com.ar\/portalurbano\/este-viernes-se-proyectara-el-drama-frances-continuar-en-la-alianza-francesa\/#breadcrumb"},"inLanguage":"es","potentialAction":[{"@type":"ReadAction","target":["https:\/\/experienciadevida.com.ar\/portalurbano\/este-viernes-se-proyectara-el-drama-frances-continuar-en-la-alianza-francesa\/"]}]},{"@type":"BreadcrumbList","@id":"https:\/\/experienciadevida.com.ar\/portalurbano\/este-viernes-se-proyectara-el-drama-frances-continuar-en-la-alianza-francesa\/#breadcrumb","itemListElement":[{"@type":"ListItem","position":1,"name":"Portada","item":"https:\/\/experienciadevida.com.ar\/portalurbano\/"},{"@type":"ListItem","position":2,"name":"Este viernes se proyectar\u00e1 el Drama Franc\u00e9s \u00abcontinuar\u00bb en la Alianza Francesa"}]},{"@type":"WebSite","@id":"https:\/\/experienciadevida.com.ar\/portalurbano\/#website","url":"https:\/\/experienciadevida.com.ar\/portalurbano\/","name":"","description":"","publisher":{"@id":"https:\/\/experienciadevida.com.ar\/portalurbano\/#organization"},"potentialAction":[{"@type":"SearchAction","target":{"@type":"EntryPoint","urlTemplate":"https:\/\/experienciadevida.com.ar\/portalurbano\/?s={search_term_string}"},"query-input":"required name=search_term_string"}],"inLanguage":"es"},{"@type":"Organization","@id":"https:\/\/experienciadevida.com.ar\/portalurbano\/#organization","name":"Portal Urbano","url":"https:\/\/experienciadevida.com.ar\/portalurbano\/","logo":{"@type":"ImageObject","inLanguage":"es","@id":"https:\/\/experienciadevida.com.ar\/portalurbano\/#\/schema\/logo\/image\/","url":"https:\/\/experienciadevida.com.ar\/portalurbano\/wp-content\/uploads\/2019\/09\/Logo-Original.png","contentUrl":"https:\/\/experienciadevida.com.ar\/portalurbano\/wp-content\/uploads\/2019\/09\/Logo-Original.png","width":2236,"height":1216,"caption":"Portal Urbano"},"image":{"@id":"https:\/\/experienciadevida.com.ar\/portalurbano\/#\/schema\/logo\/image\/"},"sameAs":["https:\/\/www.facebook.com\/Portal-Urbano-171542830093757\/","https:\/\/twitter.com\/portalurbanook","https:\/\/www.instagram.com\/_portalurbano\/","https:\/\/www.youtube.com\/channel\/UCXhagIfszH8KxFiOok79zbA?view_as=subscriber"]},{"@type":"Person","@id":"https:\/\/experienciadevida.com.ar\/portalurbano\/#\/schema\/person\/02dd326b1c4b056e9cc972486934a3a7","name":"admpu17wp","image":{"@type":"ImageObject","inLanguage":"es","@id":"https:\/\/experienciadevida.com.ar\/portalurbano\/#\/schema\/person\/image\/","url":"https:\/\/secure.gravatar.com\/avatar\/830d4c57adaae6630765e449a6908047?s=96&d=mm&r=g","contentUrl":"https:\/\/secure.gravatar.com\/avatar\/830d4c57adaae6630765e449a6908047?s=96&d=mm&r=g","caption":"admpu17wp"}}]}},"featured_image_urls":{"full":["https:\/\/experienciadevida.com.ar\/portalurbano\/wp-content\/uploads\/2022\/04\/Este-viernes-se-proyectara.png",1080,1080,false],"thumbnail":["https:\/\/experienciadevida.com.ar\/portalurbano\/wp-content\/uploads\/2022\/04\/Este-viernes-se-proyectara-150x150.png",150,150,true],"medium":["https:\/\/experienciadevida.com.ar\/portalurbano\/wp-content\/uploads\/2022\/04\/Este-viernes-se-proyectara-300x300.png",300,300,true],"medium_large":["https:\/\/experienciadevida.com.ar\/portalurbano\/wp-content\/uploads\/2022\/04\/Este-viernes-se-proyectara-768x768.png",640,640,true],"large":["https:\/\/experienciadevida.com.ar\/portalurbano\/wp-content\/uploads\/2022\/04\/Este-viernes-se-proyectara-1024x1024.png",640,640,true],"ug_big":["https:\/\/experienciadevida.com.ar\/portalurbano\/wp-content\/uploads\/2022\/04\/Este-viernes-se-proyectara-768x768.png",768,768,true],"1536x1536":["https:\/\/experienciadevida.com.ar\/portalurbano\/wp-content\/uploads\/2022\/04\/Este-viernes-se-proyectara.png",1080,1080,false],"2048x2048":["https:\/\/experienciadevida.com.ar\/portalurbano\/wp-content\/uploads\/2022\/04\/Este-viernes-se-proyectara.png",1080,1080,false],"newsever-slider-full":["https:\/\/experienciadevida.com.ar\/portalurbano\/wp-content\/uploads\/2022\/04\/Este-viernes-se-proyectara.png",845,845,false],"newsever-featured":["https:\/\/experienciadevida.com.ar\/portalurbano\/wp-content\/uploads\/2022\/04\/Este-viernes-se-proyectara.png",1024,1024,false],"newsever-medium":["https:\/\/experienciadevida.com.ar\/portalurbano\/wp-content\/uploads\/2022\/04\/Este-viernes-se-proyectara.png",475,475,false],"web-stories-poster-portrait":["https:\/\/experienciadevida.com.ar\/portalurbano\/wp-content\/uploads\/2022\/04\/Este-viernes-se-proyectara.png",640,640,false],"web-stories-publisher-logo":["https:\/\/experienciadevida.com.ar\/portalurbano\/wp-content\/uploads\/2022\/04\/Este-viernes-se-proyectara.png",96,96,false],"web-stories-thumbnail":["https:\/\/experienciadevida.com.ar\/portalurbano\/wp-content\/uploads\/2022\/04\/Este-viernes-se-proyectara.png",150,150,false]},"author_info":{"display_name":"admpu17wp","author_link":"https:\/\/experienciadevida.com.ar\/portalurbano\/author\/admpu17wp\/"},"category_info":"<a href=\"https:\/\/experienciadevida.com.ar\/portalurbano\/category\/ciudad\/\" rel=\"category tag\">Ciudad<\/a>","tag_info":"Ciudad","comment_count":"0","amp_enabled":true,"_links":{"self":[{"href":"https:\/\/experienciadevida.com.ar\/portalurbano\/wp-json\/wp\/v2\/posts\/166061"}],"collection":[{"href":"https:\/\/experienciadevida.com.ar\/portalurbano\/wp-json\/wp\/v2\/posts"}],"about":[{"href":"https:\/\/experienciadevida.com.ar\/portalurbano\/wp-json\/wp\/v2\/types\/post"}],"author":[{"embeddable":true,"href":"https:\/\/experienciadevida.com.ar\/portalurbano\/wp-json\/wp\/v2\/users\/1"}],"replies":[{"embeddable":true,"href":"https:\/\/experienciadevida.com.ar\/portalurbano\/wp-json\/wp\/v2\/comments?post=166061"}],"version-history":[{"count":1,"href":"https:\/\/experienciadevida.com.ar\/portalurbano\/wp-json\/wp\/v2\/posts\/166061\/revisions"}],"predecessor-version":[{"id":166064,"href":"https:\/\/experienciadevida.com.ar\/portalurbano\/wp-json\/wp\/v2\/posts\/166061\/revisions\/166064"}],"wp:featuredmedia":[{"embeddable":true,"href":"https:\/\/experienciadevida.com.ar\/portalurbano\/wp-json\/wp\/v2\/media\/166063"}],"wp:attachment":[{"href":"https:\/\/experienciadevida.com.ar\/portalurbano\/wp-json\/wp\/v2\/media?parent=166061"}],"wp:term":[{"taxonomy":"category","embeddable":true,"href":"https:\/\/experienciadevida.com.ar\/portalurbano\/wp-json\/wp\/v2\/categories?post=166061"},{"taxonomy":"post_tag","embeddable":true,"href":"https:\/\/experienciadevida.com.ar\/portalurbano\/wp-json\/wp\/v2\/tags?post=166061"}],"curies":[{"name":"wp","href":"https:\/\/api.w.org\/{rel}","templated":true}]}}