{"id":166053,"date":"2022-04-20T18:18:52","date_gmt":"2022-04-20T21:18:52","guid":{"rendered":"https:\/\/experienciadevida.com.ar\/portalurbano\/?p=166053"},"modified":"2022-04-20T18:19:19","modified_gmt":"2022-04-20T21:19:19","slug":"arboles-de-la-gente-para-la-gente-nuevos-ejemplares-en-el-complejo","status":"publish","type":"post","link":"https:\/\/experienciadevida.com.ar\/portalurbano\/arboles-de-la-gente-para-la-gente-nuevos-ejemplares-en-el-complejo\/","title":{"rendered":"\u00c1rboles, \u201cde la gente para la gente\u201d, nuevos ejemplares en el Complejo"},"content":{"rendered":"<p>\u00c1rboles, \u201cde la gente para la gente\u201d, nuevos ejemplares en el Complejo, desde la Coronape\u00f1a.<\/p>\n<p>Con el inicio de la pandemia algunas personas se la rebuscaron para desplegar iniciativas en busca de bienestar, propio y ajeno. Este es el caso del nodocente de la <a href=\"https:\/\/www.facebook.com\/FIO.UNICEN\">FIO<\/a> Mart\u00edn Graff y su pareja Cecilia Fern\u00e1ndez, que un 3 de abril, guitarra en mano, tocaron en vivo por Facebook para amistades de la red social. La Coronape\u00f1a virtual creci\u00f3 tanto que en ocho meses de construir una comunidad alrededor del folclore y la solidaridad, la iniciativa llev\u00f3 a hacer una colecta de \u00e1rboles para el Complejo Universitario.<\/p>\n<p>En principio, el p\u00fablico era regional, con olavarrienses y lapridenses (Mart\u00edn y Cecilia son de Laprida) en primera fila. Pero luego, el boca en boca, el circuito folcl\u00f3rico y compartir en redes ampli\u00f3 la geograf\u00eda. Hoy los escuchan de distintos puntos del pa\u00eds, y tambi\u00e9n de Estados Unidos, Espa\u00f1a, Colombia, Per\u00fa, Chile. \u201cDesde Colombia nos sigui\u00f3 unos meses un m\u00e9dico que se sum\u00f3 a las transmisiones, nos hablaba de c\u00f3mo cuidarnos en pandemia\u201d, record\u00f3 Graff, y cont\u00f3 que en agosto casi sale \u201cal aire\u201d un pe\u00f1ero de C\u00f3rdoba, integrante del equipo del sat\u00e9lite SAOCOM que se lanz\u00f3 a mitad de a\u00f1o.<\/p>\n<p>Recibir y dar<\/p>\n<p>El lema de la Coronape\u00f1a virtual es \u201cde la gente para la gente\u201d, porque con la m\u00fasica como excusa se tejieron redes humanas. As\u00ed se promovieron colectas de alimentos, frazadas, juguetes, pelo para pelucas oncol\u00f3gicas, y a su vez, el p\u00fablico donaba algunas cosas para sortear. \u201cEn aislamiento la gente ofreci\u00f3 su trabajo para el resto de los pe\u00f1eros. Hubo mucho compromiso de la gente para la gente, de ah\u00ed surge el lema\u201d\u201d, se\u00f1al\u00f3 Mart\u00edn. Hubo donaciones como gallinas, rollos de pasto, vuelos bautismo y gorros de lana, entre otros. Todo a voluntad.<\/p>\n<p>Finalmente, fue el turno de aportar al bienestar ambiental. La idea surgi\u00f3 cuando los incendios de 11 provincias argentinas ocuparon parte de la agenda medi\u00e1tica por unos d\u00edas. El objetivo era poder poblar de ejemplares un espacio verde que sea p\u00fablico, por lo que se consult\u00f3 con Secretar\u00eda General de la FIO para ver la posibilidad de que el destino sea el Complejo Universitario, dado que como trabajador de Mantenimiento, Graff puede estar cerca para cuidarlos hasta que se acostumbren al suelo.<\/p>\n<p>En la primera campa\u00f1a compraron seis \u00e1rboles: un fresno, tres aguaribay y dos aspen que ya se plantaron en instalaciones de la UNICEN. Los aportes llegaron desde Lobos, Santa Fe y hasta de Mendoza. Al continuar abierta la donaci\u00f3n creci\u00f3 y se sumaron cinco ceibos, un roble, un aguaribay y un aromo, que llegaron de un vivero de Ju\u00e1rez. Adem\u00e1s hay 32 robles que a\u00fan son peque\u00f1os, y Mart\u00edn enraiz\u00f3 otros cuatro sauces. Al menos doce se pueden plantar el a\u00f1o que viene, el resto deber\u00e1 crecer un poco m\u00e1s.<\/p>\n<p>\u201cEsto es colaborativo. Mi idea es que sea un trabajo en conjunto, que de a 3 o 4 coronape\u00f1eros hagamos los pozos, plantarlos, todo en la medida que se pueda por el tema del contexto sanitario\u201d, adelant\u00f3 el nodocente. \u201cLa FIO ya ha hecho campa\u00f1as de \u00e1rboles, nosotros nos sumamos a esa voluntad\u201d, sostuvo.<\/p>\n<p>Como un balance de los ocho meses de una comunidad solidaria que crece y crece, Mart\u00edn destac\u00f3 la cantidad de personas que les han escrito palabras de agradecimiento por la compa\u00f1\u00eda, el apoyo, con recuerdos de infancias en el campo que el folclore ayud\u00f3 a revivir. \u201cLas personas son parte de cada una de las iniciativas, y eso es muy emocionante\u201d, concluy\u00f3 Graff, que con su m\u00fasica en cuarentena lleg\u00f3 a grabar un disco y la FM 88.3 emite su interpretaci\u00f3n en vivo, cada s\u00e1bado de 8 a 10 horas.<\/p>\n","protected":false},"excerpt":{"rendered":"<p>\u00c1rboles, \u201cde la gente para la gente\u201d, nuevos ejemplares en el Complejo, desde la Coronape\u00f1a&#8230;.<\/p>\n","protected":false},"author":1,"featured_media":166054,"comment_status":"closed","ping_status":"closed","sticky":false,"template":"","format":"standard","meta":{"content-type":""},"categories":[27],"tags":[],"nelio_content":{"isAutoShareEnabled":false,"autoShareEndMode":"default","automationSources":{"useContentSentences":true,"useSocialTemplates":true,"useCustomSentences":false,"customSentences":[]},"followers":[1],"suggestedReferences":[],"includedReferences":[],"efiUrl":"","efiAlt":"","highlights":[]},"yoast_head":"<!-- This site is optimized with the Yoast SEO plugin v20.7 - https:\/\/yoast.com\/wordpress\/plugins\/seo\/ -->\n<title>\u00c1rboles, &quot;de la gente para la gente&quot;, nuevos ejemplares en el Complejo<\/title>\n<meta name=\"description\" content=\"\u00c1rboles, \u201cde la gente para la gente\u201d, nuevos ejemplares en el Complejo, desde la Coronape\u00f1a, con el inicio de la pandemia se inici\u00f3\" \/>\n<meta name=\"robots\" content=\"index, follow, max-snippet:-1, max-image-preview:large, max-video-preview:-1\" \/>\n<link rel=\"canonical\" href=\"https:\/\/experienciadevida.com.ar\/portalurbano\/arboles-de-la-gente-para-la-gente-nuevos-ejemplares-en-el-complejo\/\" \/>\n<meta property=\"og:locale\" content=\"es_ES\" \/>\n<meta property=\"og:type\" content=\"article\" \/>\n<meta property=\"og:title\" content=\"\u00c1rboles, &quot;de la gente para la gente&quot;, nuevos ejemplares en el Complejo\" \/>\n<meta property=\"og:description\" content=\"\u00c1rboles, \u201cde la gente para la gente\u201d, nuevos ejemplares en el Complejo, desde la Coronape\u00f1a, con el inicio de la pandemia se inici\u00f3\" \/>\n<meta property=\"og:url\" content=\"https:\/\/experienciadevida.com.ar\/portalurbano\/arboles-de-la-gente-para-la-gente-nuevos-ejemplares-en-el-complejo\/\" \/>\n<meta property=\"article:publisher\" content=\"https:\/\/www.facebook.com\/Portal-Urbano-171542830093757\/\" \/>\n<meta property=\"article:published_time\" content=\"2022-04-20T21:18:52+00:00\" \/>\n<meta property=\"article:modified_time\" content=\"2022-04-20T21:19:19+00:00\" \/>\n<meta property=\"og:image\" content=\"https:\/\/experienciadevida.com.ar\/portalurbano\/wp-content\/uploads\/2022\/04\/Arboles.jpg\" \/>\n\t<meta property=\"og:image:width\" content=\"1000\" \/>\n\t<meta property=\"og:image:height\" content=\"559\" \/>\n\t<meta property=\"og:image:type\" content=\"image\/jpeg\" \/>\n<meta name=\"author\" content=\"admpu17wp\" \/>\n<meta name=\"twitter:card\" content=\"summary_large_image\" \/>\n<meta name=\"twitter:creator\" content=\"@portalurbanook\" \/>\n<meta name=\"twitter:site\" content=\"@portalurbanook\" \/>\n<meta name=\"twitter:label1\" content=\"Escrito por\" \/>\n\t<meta name=\"twitter:data1\" content=\"admpu17wp\" \/>\n\t<meta name=\"twitter:label2\" content=\"Tiempo de lectura\" \/>\n\t<meta name=\"twitter:data2\" content=\"3 minutos\" \/>\n<script type=\"application\/ld+json\" class=\"yoast-schema-graph\">{\"@context\":\"https:\/\/schema.org\",\"@graph\":[{\"@type\":\"Article\",\"@id\":\"https:\/\/experienciadevida.com.ar\/portalurbano\/arboles-de-la-gente-para-la-gente-nuevos-ejemplares-en-el-complejo\/#article\",\"isPartOf\":{\"@id\":\"https:\/\/experienciadevida.com.ar\/portalurbano\/arboles-de-la-gente-para-la-gente-nuevos-ejemplares-en-el-complejo\/\"},\"author\":{\"name\":\"admpu17wp\",\"@id\":\"https:\/\/experienciadevida.com.ar\/portalurbano\/#\/schema\/person\/02dd326b1c4b056e9cc972486934a3a7\"},\"headline\":\"\u00c1rboles, \u201cde la gente para la gente\u201d, nuevos ejemplares en el Complejo\",\"datePublished\":\"2022-04-20T21:18:52+00:00\",\"dateModified\":\"2022-04-20T21:19:19+00:00\",\"mainEntityOfPage\":{\"@id\":\"https:\/\/experienciadevida.com.ar\/portalurbano\/arboles-de-la-gente-para-la-gente-nuevos-ejemplares-en-el-complejo\/\"},\"wordCount\":664,\"publisher\":{\"@id\":\"https:\/\/experienciadevida.com.ar\/portalurbano\/#organization\"},\"articleSection\":[\"Ciudad\"],\"inLanguage\":\"es\"},{\"@type\":\"WebPage\",\"@id\":\"https:\/\/experienciadevida.com.ar\/portalurbano\/arboles-de-la-gente-para-la-gente-nuevos-ejemplares-en-el-complejo\/\",\"url\":\"https:\/\/experienciadevida.com.ar\/portalurbano\/arboles-de-la-gente-para-la-gente-nuevos-ejemplares-en-el-complejo\/\",\"name\":\"\u00c1rboles, \\\"de la gente para la gente\\\", nuevos ejemplares en el Complejo\",\"isPartOf\":{\"@id\":\"https:\/\/experienciadevida.com.ar\/portalurbano\/#website\"},\"datePublished\":\"2022-04-20T21:18:52+00:00\",\"dateModified\":\"2022-04-20T21:19:19+00:00\",\"description\":\"\u00c1rboles, \u201cde la gente para la gente\u201d, nuevos ejemplares en el Complejo, desde la Coronape\u00f1a, con el inicio de la pandemia se inici\u00f3\",\"breadcrumb\":{\"@id\":\"https:\/\/experienciadevida.com.ar\/portalurbano\/arboles-de-la-gente-para-la-gente-nuevos-ejemplares-en-el-complejo\/#breadcrumb\"},\"inLanguage\":\"es\",\"potentialAction\":[{\"@type\":\"ReadAction\",\"target\":[\"https:\/\/experienciadevida.com.ar\/portalurbano\/arboles-de-la-gente-para-la-gente-nuevos-ejemplares-en-el-complejo\/\"]}]},{\"@type\":\"BreadcrumbList\",\"@id\":\"https:\/\/experienciadevida.com.ar\/portalurbano\/arboles-de-la-gente-para-la-gente-nuevos-ejemplares-en-el-complejo\/#breadcrumb\",\"itemListElement\":[{\"@type\":\"ListItem\",\"position\":1,\"name\":\"Portada\",\"item\":\"https:\/\/experienciadevida.com.ar\/portalurbano\/\"},{\"@type\":\"ListItem\",\"position\":2,\"name\":\"\u00c1rboles, \u201cde la gente para la gente\u201d, nuevos ejemplares en el Complejo\"}]},{\"@type\":\"WebSite\",\"@id\":\"https:\/\/experienciadevida.com.ar\/portalurbano\/#website\",\"url\":\"https:\/\/experienciadevida.com.ar\/portalurbano\/\",\"name\":\"\",\"description\":\"\",\"publisher\":{\"@id\":\"https:\/\/experienciadevida.com.ar\/portalurbano\/#organization\"},\"potentialAction\":[{\"@type\":\"SearchAction\",\"target\":{\"@type\":\"EntryPoint\",\"urlTemplate\":\"https:\/\/experienciadevida.com.ar\/portalurbano\/?s={search_term_string}\"},\"query-input\":\"required name=search_term_string\"}],\"inLanguage\":\"es\"},{\"@type\":\"Organization\",\"@id\":\"https:\/\/experienciadevida.com.ar\/portalurbano\/#organization\",\"name\":\"Portal Urbano\",\"url\":\"https:\/\/experienciadevida.com.ar\/portalurbano\/\",\"logo\":{\"@type\":\"ImageObject\",\"inLanguage\":\"es\",\"@id\":\"https:\/\/experienciadevida.com.ar\/portalurbano\/#\/schema\/logo\/image\/\",\"url\":\"https:\/\/experienciadevida.com.ar\/portalurbano\/wp-content\/uploads\/2019\/09\/Logo-Original.png\",\"contentUrl\":\"https:\/\/experienciadevida.com.ar\/portalurbano\/wp-content\/uploads\/2019\/09\/Logo-Original.png\",\"width\":2236,\"height\":1216,\"caption\":\"Portal Urbano\"},\"image\":{\"@id\":\"https:\/\/experienciadevida.com.ar\/portalurbano\/#\/schema\/logo\/image\/\"},\"sameAs\":[\"https:\/\/www.facebook.com\/Portal-Urbano-171542830093757\/\",\"https:\/\/twitter.com\/portalurbanook\",\"https:\/\/www.instagram.com\/_portalurbano\/\",\"https:\/\/www.youtube.com\/channel\/UCXhagIfszH8KxFiOok79zbA?view_as=subscriber\"]},{\"@type\":\"Person\",\"@id\":\"https:\/\/experienciadevida.com.ar\/portalurbano\/#\/schema\/person\/02dd326b1c4b056e9cc972486934a3a7\",\"name\":\"admpu17wp\",\"image\":{\"@type\":\"ImageObject\",\"inLanguage\":\"es\",\"@id\":\"https:\/\/experienciadevida.com.ar\/portalurbano\/#\/schema\/person\/image\/\",\"url\":\"https:\/\/secure.gravatar.com\/avatar\/830d4c57adaae6630765e449a6908047?s=96&d=mm&r=g\",\"contentUrl\":\"https:\/\/secure.gravatar.com\/avatar\/830d4c57adaae6630765e449a6908047?s=96&d=mm&r=g\",\"caption\":\"admpu17wp\"}}]}<\/script>\n<!-- \/ Yoast SEO plugin. -->","yoast_head_json":{"title":"\u00c1rboles, \"de la gente para la gente\", nuevos ejemplares en el Complejo","description":"\u00c1rboles, \u201cde la gente para la gente\u201d, nuevos ejemplares en el Complejo, desde la Coronape\u00f1a, con el inicio de la pandemia se inici\u00f3","robots":{"index":"index","follow":"follow","max-snippet":"max-snippet:-1","max-image-preview":"max-image-preview:large","max-video-preview":"max-video-preview:-1"},"canonical":"https:\/\/experienciadevida.com.ar\/portalurbano\/arboles-de-la-gente-para-la-gente-nuevos-ejemplares-en-el-complejo\/","og_locale":"es_ES","og_type":"article","og_title":"\u00c1rboles, \"de la gente para la gente\", nuevos ejemplares en el Complejo","og_description":"\u00c1rboles, \u201cde la gente para la gente\u201d, nuevos ejemplares en el Complejo, desde la Coronape\u00f1a, con el inicio de la pandemia se inici\u00f3","og_url":"https:\/\/experienciadevida.com.ar\/portalurbano\/arboles-de-la-gente-para-la-gente-nuevos-ejemplares-en-el-complejo\/","article_publisher":"https:\/\/www.facebook.com\/Portal-Urbano-171542830093757\/","article_published_time":"2022-04-20T21:18:52+00:00","article_modified_time":"2022-04-20T21:19:19+00:00","og_image":[{"width":1000,"height":559,"url":"https:\/\/experienciadevida.com.ar\/portalurbano\/wp-content\/uploads\/2022\/04\/Arboles.jpg","type":"image\/jpeg"}],"author":"admpu17wp","twitter_card":"summary_large_image","twitter_creator":"@portalurbanook","twitter_site":"@portalurbanook","twitter_misc":{"Escrito por":"admpu17wp","Tiempo de lectura":"3 minutos"},"schema":{"@context":"https:\/\/schema.org","@graph":[{"@type":"Article","@id":"https:\/\/experienciadevida.com.ar\/portalurbano\/arboles-de-la-gente-para-la-gente-nuevos-ejemplares-en-el-complejo\/#article","isPartOf":{"@id":"https:\/\/experienciadevida.com.ar\/portalurbano\/arboles-de-la-gente-para-la-gente-nuevos-ejemplares-en-el-complejo\/"},"author":{"name":"admpu17wp","@id":"https:\/\/experienciadevida.com.ar\/portalurbano\/#\/schema\/person\/02dd326b1c4b056e9cc972486934a3a7"},"headline":"\u00c1rboles, \u201cde la gente para la gente\u201d, nuevos ejemplares en el Complejo","datePublished":"2022-04-20T21:18:52+00:00","dateModified":"2022-04-20T21:19:19+00:00","mainEntityOfPage":{"@id":"https:\/\/experienciadevida.com.ar\/portalurbano\/arboles-de-la-gente-para-la-gente-nuevos-ejemplares-en-el-complejo\/"},"wordCount":664,"publisher":{"@id":"https:\/\/experienciadevida.com.ar\/portalurbano\/#organization"},"articleSection":["Ciudad"],"inLanguage":"es"},{"@type":"WebPage","@id":"https:\/\/experienciadevida.com.ar\/portalurbano\/arboles-de-la-gente-para-la-gente-nuevos-ejemplares-en-el-complejo\/","url":"https:\/\/experienciadevida.com.ar\/portalurbano\/arboles-de-la-gente-para-la-gente-nuevos-ejemplares-en-el-complejo\/","name":"\u00c1rboles, \"de la gente para la gente\", nuevos ejemplares en el Complejo","isPartOf":{"@id":"https:\/\/experienciadevida.com.ar\/portalurbano\/#website"},"datePublished":"2022-04-20T21:18:52+00:00","dateModified":"2022-04-20T21:19:19+00:00","description":"\u00c1rboles, \u201cde la gente para la gente\u201d, nuevos ejemplares en el Complejo, desde la Coronape\u00f1a, con el inicio de la pandemia se inici\u00f3","breadcrumb":{"@id":"https:\/\/experienciadevida.com.ar\/portalurbano\/arboles-de-la-gente-para-la-gente-nuevos-ejemplares-en-el-complejo\/#breadcrumb"},"inLanguage":"es","potentialAction":[{"@type":"ReadAction","target":["https:\/\/experienciadevida.com.ar\/portalurbano\/arboles-de-la-gente-para-la-gente-nuevos-ejemplares-en-el-complejo\/"]}]},{"@type":"BreadcrumbList","@id":"https:\/\/experienciadevida.com.ar\/portalurbano\/arboles-de-la-gente-para-la-gente-nuevos-ejemplares-en-el-complejo\/#breadcrumb","itemListElement":[{"@type":"ListItem","position":1,"name":"Portada","item":"https:\/\/experienciadevida.com.ar\/portalurbano\/"},{"@type":"ListItem","position":2,"name":"\u00c1rboles, \u201cde la gente para la gente\u201d, nuevos ejemplares en el Complejo"}]},{"@type":"WebSite","@id":"https:\/\/experienciadevida.com.ar\/portalurbano\/#website","url":"https:\/\/experienciadevida.com.ar\/portalurbano\/","name":"","description":"","publisher":{"@id":"https:\/\/experienciadevida.com.ar\/portalurbano\/#organization"},"potentialAction":[{"@type":"SearchAction","target":{"@type":"EntryPoint","urlTemplate":"https:\/\/experienciadevida.com.ar\/portalurbano\/?s={search_term_string}"},"query-input":"required name=search_term_string"}],"inLanguage":"es"},{"@type":"Organization","@id":"https:\/\/experienciadevida.com.ar\/portalurbano\/#organization","name":"Portal Urbano","url":"https:\/\/experienciadevida.com.ar\/portalurbano\/","logo":{"@type":"ImageObject","inLanguage":"es","@id":"https:\/\/experienciadevida.com.ar\/portalurbano\/#\/schema\/logo\/image\/","url":"https:\/\/experienciadevida.com.ar\/portalurbano\/wp-content\/uploads\/2019\/09\/Logo-Original.png","contentUrl":"https:\/\/experienciadevida.com.ar\/portalurbano\/wp-content\/uploads\/2019\/09\/Logo-Original.png","width":2236,"height":1216,"caption":"Portal Urbano"},"image":{"@id":"https:\/\/experienciadevida.com.ar\/portalurbano\/#\/schema\/logo\/image\/"},"sameAs":["https:\/\/www.facebook.com\/Portal-Urbano-171542830093757\/","https:\/\/twitter.com\/portalurbanook","https:\/\/www.instagram.com\/_portalurbano\/","https:\/\/www.youtube.com\/channel\/UCXhagIfszH8KxFiOok79zbA?view_as=subscriber"]},{"@type":"Person","@id":"https:\/\/experienciadevida.com.ar\/portalurbano\/#\/schema\/person\/02dd326b1c4b056e9cc972486934a3a7","name":"admpu17wp","image":{"@type":"ImageObject","inLanguage":"es","@id":"https:\/\/experienciadevida.com.ar\/portalurbano\/#\/schema\/person\/image\/","url":"https:\/\/secure.gravatar.com\/avatar\/830d4c57adaae6630765e449a6908047?s=96&d=mm&r=g","contentUrl":"https:\/\/secure.gravatar.com\/avatar\/830d4c57adaae6630765e449a6908047?s=96&d=mm&r=g","caption":"admpu17wp"}}]}},"featured_image_urls":{"full":["https:\/\/experienciadevida.com.ar\/portalurbano\/wp-content\/uploads\/2022\/04\/Arboles.jpg",1000,559,false],"thumbnail":["https:\/\/experienciadevida.com.ar\/portalurbano\/wp-content\/uploads\/2022\/04\/Arboles-150x150.jpg",150,150,true],"medium":["https:\/\/experienciadevida.com.ar\/portalurbano\/wp-content\/uploads\/2022\/04\/Arboles-300x168.jpg",300,168,true],"medium_large":["https:\/\/experienciadevida.com.ar\/portalurbano\/wp-content\/uploads\/2022\/04\/Arboles-768x429.jpg",640,358,true],"large":["https:\/\/experienciadevida.com.ar\/portalurbano\/wp-content\/uploads\/2022\/04\/Arboles.jpg",640,358,false],"ug_big":["https:\/\/experienciadevida.com.ar\/portalurbano\/wp-content\/uploads\/2022\/04\/Arboles-768x429.jpg",768,429,true],"1536x1536":["https:\/\/experienciadevida.com.ar\/portalurbano\/wp-content\/uploads\/2022\/04\/Arboles.jpg",1000,559,false],"2048x2048":["https:\/\/experienciadevida.com.ar\/portalurbano\/wp-content\/uploads\/2022\/04\/Arboles.jpg",1000,559,false],"newsever-slider-full":["https:\/\/experienciadevida.com.ar\/portalurbano\/wp-content\/uploads\/2022\/04\/Arboles.jpg",1000,559,false],"newsever-featured":["https:\/\/experienciadevida.com.ar\/portalurbano\/wp-content\/uploads\/2022\/04\/Arboles.jpg",1000,559,false],"newsever-medium":["https:\/\/experienciadevida.com.ar\/portalurbano\/wp-content\/uploads\/2022\/04\/Arboles.jpg",720,402,false],"web-stories-poster-portrait":["https:\/\/experienciadevida.com.ar\/portalurbano\/wp-content\/uploads\/2022\/04\/Arboles.jpg",640,358,false],"web-stories-publisher-logo":["https:\/\/experienciadevida.com.ar\/portalurbano\/wp-content\/uploads\/2022\/04\/Arboles.jpg",96,54,false],"web-stories-thumbnail":["https:\/\/experienciadevida.com.ar\/portalurbano\/wp-content\/uploads\/2022\/04\/Arboles.jpg",150,84,false]},"author_info":{"display_name":"admpu17wp","author_link":"https:\/\/experienciadevida.com.ar\/portalurbano\/author\/admpu17wp\/"},"category_info":"<a href=\"https:\/\/experienciadevida.com.ar\/portalurbano\/category\/ciudad\/\" rel=\"category tag\">Ciudad<\/a>","tag_info":"Ciudad","comment_count":"0","amp_enabled":true,"_links":{"self":[{"href":"https:\/\/experienciadevida.com.ar\/portalurbano\/wp-json\/wp\/v2\/posts\/166053"}],"collection":[{"href":"https:\/\/experienciadevida.com.ar\/portalurbano\/wp-json\/wp\/v2\/posts"}],"about":[{"href":"https:\/\/experienciadevida.com.ar\/portalurbano\/wp-json\/wp\/v2\/types\/post"}],"author":[{"embeddable":true,"href":"https:\/\/experienciadevida.com.ar\/portalurbano\/wp-json\/wp\/v2\/users\/1"}],"replies":[{"embeddable":true,"href":"https:\/\/experienciadevida.com.ar\/portalurbano\/wp-json\/wp\/v2\/comments?post=166053"}],"version-history":[{"count":1,"href":"https:\/\/experienciadevida.com.ar\/portalurbano\/wp-json\/wp\/v2\/posts\/166053\/revisions"}],"predecessor-version":[{"id":166055,"href":"https:\/\/experienciadevida.com.ar\/portalurbano\/wp-json\/wp\/v2\/posts\/166053\/revisions\/166055"}],"wp:featuredmedia":[{"embeddable":true,"href":"https:\/\/experienciadevida.com.ar\/portalurbano\/wp-json\/wp\/v2\/media\/166054"}],"wp:attachment":[{"href":"https:\/\/experienciadevida.com.ar\/portalurbano\/wp-json\/wp\/v2\/media?parent=166053"}],"wp:term":[{"taxonomy":"category","embeddable":true,"href":"https:\/\/experienciadevida.com.ar\/portalurbano\/wp-json\/wp\/v2\/categories?post=166053"},{"taxonomy":"post_tag","embeddable":true,"href":"https:\/\/experienciadevida.com.ar\/portalurbano\/wp-json\/wp\/v2\/tags?post=166053"}],"curies":[{"name":"wp","href":"https:\/\/api.w.org\/{rel}","templated":true}]}}