{"id":166051,"date":"2022-04-20T18:15:08","date_gmt":"2022-04-20T21:15:08","guid":{"rendered":"https:\/\/experienciadevida.com.ar\/portalurbano\/?p=166051"},"modified":"2022-04-20T18:15:33","modified_gmt":"2022-04-20T21:15:33","slug":"charla-taller-sobre-dinamicas-de-genero-en-espacios-educativos","status":"publish","type":"post","link":"https:\/\/experienciadevida.com.ar\/portalurbano\/charla-taller-sobre-dinamicas-de-genero-en-espacios-educativos\/","title":{"rendered":"Charla taller sobre \u201cDin\u00e1micas de g\u00e9nero en espacios educativos\u201d"},"content":{"rendered":"<p>Charla taller sobre \u201cDin\u00e1micas de g\u00e9nero en espacios educativos\u201d, el pr\u00f3ximo martes 26 de abril, a las 13, el Auditorio de la FIO alojar\u00e1 una charla sobre la perspectiva de g\u00e9nero en el contexto de la educaci\u00f3n.<\/p>\n<p>Se trata de una convocatoria lanzada por el espacio MI-<a href=\"https:\/\/www.facebook.com\/FIO.UNICEN\">FIO<\/a> (Mujeres en ingenier\u00eda \u2013 Facultad de Ingenier\u00eda Olavarr\u00eda).<\/p>\n<p>La propuesta, que agrega la modalidad de taller para propiciar la participaci\u00f3n de quienes asistan, estar\u00e1 a cargo de la Dra. Gisela Giamberardino, directora del Programa G\u00e9nero de la UNICEN.<\/p>\n<p>Est\u00e1 dirigida a estudiantes de las Facultades de Ingenier\u00eda, Ciencias Sociales y Ciencias de la Salud, as\u00ed como de \u00faltimo a\u00f1o de ENAPE.<\/p>\n<p>El evento es gratuito y no requiere inscripci\u00f3n.<\/p>\n<p>La Dra. Gisela Giamberardino es tambi\u00e9n Coordinadora del Grupo Interdisciplinario de Estudios en Ciencia, Sociedad y Cultura de UNICEN. Acredita una vasta experiencia en temas relacionados al ordenamiento sexo-gen\u00e9rico en instituciones p\u00fablicas. Ha dirigido proyectos de extensi\u00f3n universitaria, tendientes a revertir las desigualdades (de clase-g\u00e9nero) presentes en el territorio. Activista en espacios por los derechos de las disidencias<br \/>\nsexuales, ha asesorado colectivos LGTTTB y coordinado trabajo en c\u00e1rceles con poblaci\u00f3n de mujeres transexuales.<\/p>\n","protected":false},"excerpt":{"rendered":"<p>Charla taller sobre \u201cDin\u00e1micas de g\u00e9nero en espacios educativos\u201d, el pr\u00f3ximo martes 26 de abril,&#8230;<\/p>\n","protected":false},"author":1,"featured_media":74352,"comment_status":"closed","ping_status":"closed","sticky":false,"template":"","format":"standard","meta":{"content-type":""},"categories":[31],"tags":[],"nelio_content":{"isAutoShareEnabled":false,"autoShareEndMode":"default","automationSources":{"useContentSentences":true,"useSocialTemplates":true,"useCustomSentences":false,"customSentences":[]},"followers":[1],"suggestedReferences":[],"includedReferences":[],"efiUrl":"","efiAlt":"","highlights":[]},"yoast_head":"<!-- This site is optimized with the Yoast SEO plugin v20.7 - https:\/\/yoast.com\/wordpress\/plugins\/seo\/ -->\n<title>Charla taller sobre &quot;Din\u00e1micas de g\u00e9nero en espacios educativos&quot;<\/title>\n<meta name=\"description\" content=\"Charla taller sobre \u201cDin\u00e1micas de g\u00e9nero en espacios educativos\u201d, el pr\u00f3ximo martes 26 de abril, a las 13, el Auditorio de la FIO\" \/>\n<meta name=\"robots\" content=\"index, follow, max-snippet:-1, max-image-preview:large, max-video-preview:-1\" \/>\n<link rel=\"canonical\" href=\"https:\/\/experienciadevida.com.ar\/portalurbano\/charla-taller-sobre-dinamicas-de-genero-en-espacios-educativos\/\" \/>\n<meta property=\"og:locale\" content=\"es_ES\" \/>\n<meta property=\"og:type\" content=\"article\" \/>\n<meta property=\"og:title\" content=\"Charla taller sobre &quot;Din\u00e1micas de g\u00e9nero en espacios educativos&quot;\" \/>\n<meta property=\"og:description\" content=\"Charla taller sobre \u201cDin\u00e1micas de g\u00e9nero en espacios educativos\u201d, el pr\u00f3ximo martes 26 de abril, a las 13, el Auditorio de la FIO\" \/>\n<meta property=\"og:url\" content=\"https:\/\/experienciadevida.com.ar\/portalurbano\/charla-taller-sobre-dinamicas-de-genero-en-espacios-educativos\/\" \/>\n<meta property=\"article:publisher\" content=\"https:\/\/www.facebook.com\/Portal-Urbano-171542830093757\/\" \/>\n<meta property=\"article:published_time\" content=\"2022-04-20T21:15:08+00:00\" \/>\n<meta property=\"article:modified_time\" content=\"2022-04-20T21:15:33+00:00\" \/>\n<meta property=\"og:image\" content=\"https:\/\/experienciadevida.com.ar\/portalurbano\/wp-content\/uploads\/2019\/06\/FIO-3.jpg\" \/>\n\t<meta property=\"og:image:width\" content=\"700\" \/>\n\t<meta property=\"og:image:height\" content=\"425\" \/>\n\t<meta property=\"og:image:type\" content=\"image\/jpeg\" \/>\n<meta name=\"author\" content=\"admpu17wp\" \/>\n<meta name=\"twitter:card\" content=\"summary_large_image\" \/>\n<meta name=\"twitter:creator\" content=\"@portalurbanook\" \/>\n<meta name=\"twitter:site\" content=\"@portalurbanook\" \/>\n<meta name=\"twitter:label1\" content=\"Escrito por\" \/>\n\t<meta name=\"twitter:data1\" content=\"admpu17wp\" \/>\n\t<meta name=\"twitter:label2\" content=\"Tiempo de lectura\" \/>\n\t<meta name=\"twitter:data2\" content=\"1 minuto\" \/>\n<script type=\"application\/ld+json\" class=\"yoast-schema-graph\">{\"@context\":\"https:\/\/schema.org\",\"@graph\":[{\"@type\":\"Article\",\"@id\":\"https:\/\/experienciadevida.com.ar\/portalurbano\/charla-taller-sobre-dinamicas-de-genero-en-espacios-educativos\/#article\",\"isPartOf\":{\"@id\":\"https:\/\/experienciadevida.com.ar\/portalurbano\/charla-taller-sobre-dinamicas-de-genero-en-espacios-educativos\/\"},\"author\":{\"name\":\"admpu17wp\",\"@id\":\"https:\/\/experienciadevida.com.ar\/portalurbano\/#\/schema\/person\/02dd326b1c4b056e9cc972486934a3a7\"},\"headline\":\"Charla taller sobre \u201cDin\u00e1micas de g\u00e9nero en espacios educativos\u201d\",\"datePublished\":\"2022-04-20T21:15:08+00:00\",\"dateModified\":\"2022-04-20T21:15:33+00:00\",\"mainEntityOfPage\":{\"@id\":\"https:\/\/experienciadevida.com.ar\/portalurbano\/charla-taller-sobre-dinamicas-de-genero-en-espacios-educativos\/\"},\"wordCount\":217,\"publisher\":{\"@id\":\"https:\/\/experienciadevida.com.ar\/portalurbano\/#organization\"},\"articleSection\":[\"Educaci\u00f3n\"],\"inLanguage\":\"es\"},{\"@type\":\"WebPage\",\"@id\":\"https:\/\/experienciadevida.com.ar\/portalurbano\/charla-taller-sobre-dinamicas-de-genero-en-espacios-educativos\/\",\"url\":\"https:\/\/experienciadevida.com.ar\/portalurbano\/charla-taller-sobre-dinamicas-de-genero-en-espacios-educativos\/\",\"name\":\"Charla taller sobre \\\"Din\u00e1micas de g\u00e9nero en espacios educativos\\\"\",\"isPartOf\":{\"@id\":\"https:\/\/experienciadevida.com.ar\/portalurbano\/#website\"},\"datePublished\":\"2022-04-20T21:15:08+00:00\",\"dateModified\":\"2022-04-20T21:15:33+00:00\",\"description\":\"Charla taller sobre \u201cDin\u00e1micas de g\u00e9nero en espacios educativos\u201d, el pr\u00f3ximo martes 26 de abril, a las 13, el Auditorio de la FIO\",\"breadcrumb\":{\"@id\":\"https:\/\/experienciadevida.com.ar\/portalurbano\/charla-taller-sobre-dinamicas-de-genero-en-espacios-educativos\/#breadcrumb\"},\"inLanguage\":\"es\",\"potentialAction\":[{\"@type\":\"ReadAction\",\"target\":[\"https:\/\/experienciadevida.com.ar\/portalurbano\/charla-taller-sobre-dinamicas-de-genero-en-espacios-educativos\/\"]}]},{\"@type\":\"BreadcrumbList\",\"@id\":\"https:\/\/experienciadevida.com.ar\/portalurbano\/charla-taller-sobre-dinamicas-de-genero-en-espacios-educativos\/#breadcrumb\",\"itemListElement\":[{\"@type\":\"ListItem\",\"position\":1,\"name\":\"Portada\",\"item\":\"https:\/\/experienciadevida.com.ar\/portalurbano\/\"},{\"@type\":\"ListItem\",\"position\":2,\"name\":\"Charla taller sobre \u201cDin\u00e1micas de g\u00e9nero en espacios educativos\u201d\"}]},{\"@type\":\"WebSite\",\"@id\":\"https:\/\/experienciadevida.com.ar\/portalurbano\/#website\",\"url\":\"https:\/\/experienciadevida.com.ar\/portalurbano\/\",\"name\":\"\",\"description\":\"\",\"publisher\":{\"@id\":\"https:\/\/experienciadevida.com.ar\/portalurbano\/#organization\"},\"potentialAction\":[{\"@type\":\"SearchAction\",\"target\":{\"@type\":\"EntryPoint\",\"urlTemplate\":\"https:\/\/experienciadevida.com.ar\/portalurbano\/?s={search_term_string}\"},\"query-input\":\"required name=search_term_string\"}],\"inLanguage\":\"es\"},{\"@type\":\"Organization\",\"@id\":\"https:\/\/experienciadevida.com.ar\/portalurbano\/#organization\",\"name\":\"Portal Urbano\",\"url\":\"https:\/\/experienciadevida.com.ar\/portalurbano\/\",\"logo\":{\"@type\":\"ImageObject\",\"inLanguage\":\"es\",\"@id\":\"https:\/\/experienciadevida.com.ar\/portalurbano\/#\/schema\/logo\/image\/\",\"url\":\"https:\/\/experienciadevida.com.ar\/portalurbano\/wp-content\/uploads\/2019\/09\/Logo-Original.png\",\"contentUrl\":\"https:\/\/experienciadevida.com.ar\/portalurbano\/wp-content\/uploads\/2019\/09\/Logo-Original.png\",\"width\":2236,\"height\":1216,\"caption\":\"Portal Urbano\"},\"image\":{\"@id\":\"https:\/\/experienciadevida.com.ar\/portalurbano\/#\/schema\/logo\/image\/\"},\"sameAs\":[\"https:\/\/www.facebook.com\/Portal-Urbano-171542830093757\/\",\"https:\/\/twitter.com\/portalurbanook\",\"https:\/\/www.instagram.com\/_portalurbano\/\",\"https:\/\/www.youtube.com\/channel\/UCXhagIfszH8KxFiOok79zbA?view_as=subscriber\"]},{\"@type\":\"Person\",\"@id\":\"https:\/\/experienciadevida.com.ar\/portalurbano\/#\/schema\/person\/02dd326b1c4b056e9cc972486934a3a7\",\"name\":\"admpu17wp\",\"image\":{\"@type\":\"ImageObject\",\"inLanguage\":\"es\",\"@id\":\"https:\/\/experienciadevida.com.ar\/portalurbano\/#\/schema\/person\/image\/\",\"url\":\"https:\/\/secure.gravatar.com\/avatar\/830d4c57adaae6630765e449a6908047?s=96&d=mm&r=g\",\"contentUrl\":\"https:\/\/secure.gravatar.com\/avatar\/830d4c57adaae6630765e449a6908047?s=96&d=mm&r=g\",\"caption\":\"admpu17wp\"}}]}<\/script>\n<!-- \/ Yoast SEO plugin. -->","yoast_head_json":{"title":"Charla taller sobre \"Din\u00e1micas de g\u00e9nero en espacios educativos\"","description":"Charla taller sobre \u201cDin\u00e1micas de g\u00e9nero en espacios educativos\u201d, el pr\u00f3ximo martes 26 de abril, a las 13, el Auditorio de la FIO","robots":{"index":"index","follow":"follow","max-snippet":"max-snippet:-1","max-image-preview":"max-image-preview:large","max-video-preview":"max-video-preview:-1"},"canonical":"https:\/\/experienciadevida.com.ar\/portalurbano\/charla-taller-sobre-dinamicas-de-genero-en-espacios-educativos\/","og_locale":"es_ES","og_type":"article","og_title":"Charla taller sobre \"Din\u00e1micas de g\u00e9nero en espacios educativos\"","og_description":"Charla taller sobre \u201cDin\u00e1micas de g\u00e9nero en espacios educativos\u201d, el pr\u00f3ximo martes 26 de abril, a las 13, el Auditorio de la FIO","og_url":"https:\/\/experienciadevida.com.ar\/portalurbano\/charla-taller-sobre-dinamicas-de-genero-en-espacios-educativos\/","article_publisher":"https:\/\/www.facebook.com\/Portal-Urbano-171542830093757\/","article_published_time":"2022-04-20T21:15:08+00:00","article_modified_time":"2022-04-20T21:15:33+00:00","og_image":[{"width":700,"height":425,"url":"https:\/\/experienciadevida.com.ar\/portalurbano\/wp-content\/uploads\/2019\/06\/FIO-3.jpg","type":"image\/jpeg"}],"author":"admpu17wp","twitter_card":"summary_large_image","twitter_creator":"@portalurbanook","twitter_site":"@portalurbanook","twitter_misc":{"Escrito por":"admpu17wp","Tiempo de lectura":"1 minuto"},"schema":{"@context":"https:\/\/schema.org","@graph":[{"@type":"Article","@id":"https:\/\/experienciadevida.com.ar\/portalurbano\/charla-taller-sobre-dinamicas-de-genero-en-espacios-educativos\/#article","isPartOf":{"@id":"https:\/\/experienciadevida.com.ar\/portalurbano\/charla-taller-sobre-dinamicas-de-genero-en-espacios-educativos\/"},"author":{"name":"admpu17wp","@id":"https:\/\/experienciadevida.com.ar\/portalurbano\/#\/schema\/person\/02dd326b1c4b056e9cc972486934a3a7"},"headline":"Charla taller sobre \u201cDin\u00e1micas de g\u00e9nero en espacios educativos\u201d","datePublished":"2022-04-20T21:15:08+00:00","dateModified":"2022-04-20T21:15:33+00:00","mainEntityOfPage":{"@id":"https:\/\/experienciadevida.com.ar\/portalurbano\/charla-taller-sobre-dinamicas-de-genero-en-espacios-educativos\/"},"wordCount":217,"publisher":{"@id":"https:\/\/experienciadevida.com.ar\/portalurbano\/#organization"},"articleSection":["Educaci\u00f3n"],"inLanguage":"es"},{"@type":"WebPage","@id":"https:\/\/experienciadevida.com.ar\/portalurbano\/charla-taller-sobre-dinamicas-de-genero-en-espacios-educativos\/","url":"https:\/\/experienciadevida.com.ar\/portalurbano\/charla-taller-sobre-dinamicas-de-genero-en-espacios-educativos\/","name":"Charla taller sobre \"Din\u00e1micas de g\u00e9nero en espacios educativos\"","isPartOf":{"@id":"https:\/\/experienciadevida.com.ar\/portalurbano\/#website"},"datePublished":"2022-04-20T21:15:08+00:00","dateModified":"2022-04-20T21:15:33+00:00","description":"Charla taller sobre \u201cDin\u00e1micas de g\u00e9nero en espacios educativos\u201d, el pr\u00f3ximo martes 26 de abril, a las 13, el Auditorio de la FIO","breadcrumb":{"@id":"https:\/\/experienciadevida.com.ar\/portalurbano\/charla-taller-sobre-dinamicas-de-genero-en-espacios-educativos\/#breadcrumb"},"inLanguage":"es","potentialAction":[{"@type":"ReadAction","target":["https:\/\/experienciadevida.com.ar\/portalurbano\/charla-taller-sobre-dinamicas-de-genero-en-espacios-educativos\/"]}]},{"@type":"BreadcrumbList","@id":"https:\/\/experienciadevida.com.ar\/portalurbano\/charla-taller-sobre-dinamicas-de-genero-en-espacios-educativos\/#breadcrumb","itemListElement":[{"@type":"ListItem","position":1,"name":"Portada","item":"https:\/\/experienciadevida.com.ar\/portalurbano\/"},{"@type":"ListItem","position":2,"name":"Charla taller sobre \u201cDin\u00e1micas de g\u00e9nero en espacios educativos\u201d"}]},{"@type":"WebSite","@id":"https:\/\/experienciadevida.com.ar\/portalurbano\/#website","url":"https:\/\/experienciadevida.com.ar\/portalurbano\/","name":"","description":"","publisher":{"@id":"https:\/\/experienciadevida.com.ar\/portalurbano\/#organization"},"potentialAction":[{"@type":"SearchAction","target":{"@type":"EntryPoint","urlTemplate":"https:\/\/experienciadevida.com.ar\/portalurbano\/?s={search_term_string}"},"query-input":"required name=search_term_string"}],"inLanguage":"es"},{"@type":"Organization","@id":"https:\/\/experienciadevida.com.ar\/portalurbano\/#organization","name":"Portal Urbano","url":"https:\/\/experienciadevida.com.ar\/portalurbano\/","logo":{"@type":"ImageObject","inLanguage":"es","@id":"https:\/\/experienciadevida.com.ar\/portalurbano\/#\/schema\/logo\/image\/","url":"https:\/\/experienciadevida.com.ar\/portalurbano\/wp-content\/uploads\/2019\/09\/Logo-Original.png","contentUrl":"https:\/\/experienciadevida.com.ar\/portalurbano\/wp-content\/uploads\/2019\/09\/Logo-Original.png","width":2236,"height":1216,"caption":"Portal Urbano"},"image":{"@id":"https:\/\/experienciadevida.com.ar\/portalurbano\/#\/schema\/logo\/image\/"},"sameAs":["https:\/\/www.facebook.com\/Portal-Urbano-171542830093757\/","https:\/\/twitter.com\/portalurbanook","https:\/\/www.instagram.com\/_portalurbano\/","https:\/\/www.youtube.com\/channel\/UCXhagIfszH8KxFiOok79zbA?view_as=subscriber"]},{"@type":"Person","@id":"https:\/\/experienciadevida.com.ar\/portalurbano\/#\/schema\/person\/02dd326b1c4b056e9cc972486934a3a7","name":"admpu17wp","image":{"@type":"ImageObject","inLanguage":"es","@id":"https:\/\/experienciadevida.com.ar\/portalurbano\/#\/schema\/person\/image\/","url":"https:\/\/secure.gravatar.com\/avatar\/830d4c57adaae6630765e449a6908047?s=96&d=mm&r=g","contentUrl":"https:\/\/secure.gravatar.com\/avatar\/830d4c57adaae6630765e449a6908047?s=96&d=mm&r=g","caption":"admpu17wp"}}]}},"featured_image_urls":{"full":["https:\/\/experienciadevida.com.ar\/portalurbano\/wp-content\/uploads\/2019\/06\/FIO-3.jpg",700,425,false],"thumbnail":["https:\/\/experienciadevida.com.ar\/portalurbano\/wp-content\/uploads\/2019\/06\/FIO-3-150x150.jpg",150,150,true],"medium":["https:\/\/experienciadevida.com.ar\/portalurbano\/wp-content\/uploads\/2019\/06\/FIO-3-300x182.jpg",300,182,true],"medium_large":["https:\/\/experienciadevida.com.ar\/portalurbano\/wp-content\/uploads\/2019\/06\/FIO-3.jpg",640,389,false],"large":["https:\/\/experienciadevida.com.ar\/portalurbano\/wp-content\/uploads\/2019\/06\/FIO-3.jpg",640,389,false],"ug_big":["https:\/\/experienciadevida.com.ar\/portalurbano\/wp-content\/uploads\/2019\/06\/FIO-3.jpg",700,425,false],"1536x1536":["https:\/\/experienciadevida.com.ar\/portalurbano\/wp-content\/uploads\/2019\/06\/FIO-3.jpg",700,425,false],"2048x2048":["https:\/\/experienciadevida.com.ar\/portalurbano\/wp-content\/uploads\/2019\/06\/FIO-3.jpg",700,425,false],"newsever-slider-full":["https:\/\/experienciadevida.com.ar\/portalurbano\/wp-content\/uploads\/2019\/06\/FIO-3.jpg",700,425,false],"newsever-featured":["https:\/\/experienciadevida.com.ar\/portalurbano\/wp-content\/uploads\/2019\/06\/FIO-3.jpg",700,425,false],"newsever-medium":["https:\/\/experienciadevida.com.ar\/portalurbano\/wp-content\/uploads\/2019\/06\/FIO-3.jpg",700,425,false],"web-stories-poster-portrait":["https:\/\/experienciadevida.com.ar\/portalurbano\/wp-content\/uploads\/2019\/06\/FIO-3.jpg",640,389,false],"web-stories-publisher-logo":["https:\/\/experienciadevida.com.ar\/portalurbano\/wp-content\/uploads\/2019\/06\/FIO-3.jpg",96,58,false],"web-stories-thumbnail":["https:\/\/experienciadevida.com.ar\/portalurbano\/wp-content\/uploads\/2019\/06\/FIO-3.jpg",150,91,false]},"author_info":{"display_name":"admpu17wp","author_link":"https:\/\/experienciadevida.com.ar\/portalurbano\/author\/admpu17wp\/"},"category_info":"<a href=\"https:\/\/experienciadevida.com.ar\/portalurbano\/category\/ciudad\/educacion\/\" rel=\"category tag\">Educaci\u00f3n<\/a>","tag_info":"Educaci\u00f3n","comment_count":"0","amp_enabled":true,"_links":{"self":[{"href":"https:\/\/experienciadevida.com.ar\/portalurbano\/wp-json\/wp\/v2\/posts\/166051"}],"collection":[{"href":"https:\/\/experienciadevida.com.ar\/portalurbano\/wp-json\/wp\/v2\/posts"}],"about":[{"href":"https:\/\/experienciadevida.com.ar\/portalurbano\/wp-json\/wp\/v2\/types\/post"}],"author":[{"embeddable":true,"href":"https:\/\/experienciadevida.com.ar\/portalurbano\/wp-json\/wp\/v2\/users\/1"}],"replies":[{"embeddable":true,"href":"https:\/\/experienciadevida.com.ar\/portalurbano\/wp-json\/wp\/v2\/comments?post=166051"}],"version-history":[{"count":1,"href":"https:\/\/experienciadevida.com.ar\/portalurbano\/wp-json\/wp\/v2\/posts\/166051\/revisions"}],"predecessor-version":[{"id":166052,"href":"https:\/\/experienciadevida.com.ar\/portalurbano\/wp-json\/wp\/v2\/posts\/166051\/revisions\/166052"}],"wp:featuredmedia":[{"embeddable":true,"href":"https:\/\/experienciadevida.com.ar\/portalurbano\/wp-json\/wp\/v2\/media\/74352"}],"wp:attachment":[{"href":"https:\/\/experienciadevida.com.ar\/portalurbano\/wp-json\/wp\/v2\/media?parent=166051"}],"wp:term":[{"taxonomy":"category","embeddable":true,"href":"https:\/\/experienciadevida.com.ar\/portalurbano\/wp-json\/wp\/v2\/categories?post=166051"},{"taxonomy":"post_tag","embeddable":true,"href":"https:\/\/experienciadevida.com.ar\/portalurbano\/wp-json\/wp\/v2\/tags?post=166051"}],"curies":[{"name":"wp","href":"https:\/\/api.w.org\/{rel}","templated":true}]}}