{"id":166044,"date":"2022-04-20T18:10:28","date_gmt":"2022-04-20T21:10:28","guid":{"rendered":"https:\/\/experienciadevida.com.ar\/portalurbano\/?p=166044"},"modified":"2022-04-20T18:10:57","modified_gmt":"2022-04-20T21:10:57","slug":"tiempos-de-presencialidad-plena-estudiantes-que-vuelven-y-quieren-quedarse-en-la-fio","status":"publish","type":"post","link":"https:\/\/experienciadevida.com.ar\/portalurbano\/tiempos-de-presencialidad-plena-estudiantes-que-vuelven-y-quieren-quedarse-en-la-fio\/","title":{"rendered":"Tiempos de presencialidad plena: estudiantes que vuelven y quieren quedarse en la FIO"},"content":{"rendered":"<p>Tiempos de presencialidad plena: estudiantes que vuelven y quieren quedarse en la FIO, hay ganas de estar, de reencontrarse y de permanecer. Eso se respira en las aulas y en todo el campus universitario. Florencia Bellomo, psicopedagoga del equipo de Orientaci\u00f3n de la <a href=\"https:\/\/www.facebook.com\/FIO.UNICEN\">Facultad de Ingenier\u00eda<\/a>, lo analiza en t\u00e9rminos de la pandemia y el despu\u00e9s. Habla de una reconceptualizaci\u00f3n de la variable tiempo y explica de qu\u00e9 modo el Covid se convirti\u00f3 en oportunidad.<\/p>\n<p>\u201cLo que m\u00e1s aparece es el disfrute, el intercambio, la consulta. Los alumnos se quieren quedar en la facu y eso est\u00e1 muy bueno\u201d, se\u00f1ala la licenciada Florencia Bellomo, feliz de estrenar la presencialidad plena en cada rinc\u00f3n de la Facultad de Ingenier\u00eda. Esos \u201ccuadraditos\u201d casi siempre \u201cmuteados\u201d, que rara vez le pon\u00edan rostro al Zoom, hoy son estudiantes que se van apropiando sin dificultades de esa vida universitaria que la pandemia paus\u00f3 por dos a\u00f1os.<\/p>\n<p>Mientras apila apuntes del curso de orientaci\u00f3n que dicta a quienes este a\u00f1o egresan del secundario, la psicopedagoga habla con optimismo de j\u00f3venes que ya est\u00e1n en la Universidad y vuelven a las aulas, laboratorios y talleres de la FIO o estrenan su desembarco acad\u00e9mico. Integra el equipo de Orientaci\u00f3n de la Facultad de Ingenier\u00eda y asume que una de las cuestiones clave de esta nueva etapa pospand\u00e9mica est\u00e1 asociada a la \u201creconceptualizaci\u00f3n de la variable tiempo\u201d.<\/p>\n<p><a href=\"https:\/\/experienciadevida.com.ar\/portalurbano\/tiempos-de-presencialidad-plena-estudiantes-que-vuelven-y-quieren-quedarse-en-la-fio\/tiempos\/\" rel=\"attachment wp-att-166046\"><img decoding=\"async\" class=\"alignnone size-full wp-image-166046\" src=\"https:\/\/experienciadevida.com.ar\/portalurbano\/wp-content\/uploads\/2022\/04\/Tiempos.jpg\" alt=\"Tiempos\" width=\"1000\" height=\"524\" srcset=\"https:\/\/experienciadevida.com.ar\/portalurbano\/wp-content\/uploads\/2022\/04\/Tiempos.jpg 1000w, https:\/\/experienciadevida.com.ar\/portalurbano\/wp-content\/uploads\/2022\/04\/Tiempos-300x157.jpg 300w, https:\/\/experienciadevida.com.ar\/portalurbano\/wp-content\/uploads\/2022\/04\/Tiempos-768x402.jpg 768w\" sizes=\"(max-width: 1000px) 100vw, 1000px\" \/><\/a><\/p>\n<p>Tiempos de presencialidad plena: estudiantes que vuelven y quieren quedarse en la FIO, en el regreso a las clases presenciales han confluido varios factores que reconfiguran la vida estudiantil, donde es necesario barajar y dar de nuevo. Adem\u00e1s de organizarse o, mejor dicho, re-organizarse. \u201cHubo que ajustar un mont\u00f3n de cosas desde la predisposici\u00f3n para la tarea; el recorrido de la distancia al ir a cursar; fue predisponerse desde el cuerpo no solo la mente pero era lo m\u00e1s deseado\u201d, describe la profesional.<\/p>\n<p>De la prepandemia a la pospandemia. En esa transici\u00f3n, \u201cson muy pocos los que no pueden adaptarse a esta nueva modalidad, que es la vieja modalidad. Algunos manifiestan cansancio o fatiga hasta entrar en ritmo pero en la mayor\u00eda de los casos, y sobre todo para los que tuvieron la presencialidad en alg\u00fan momento, esto era lo m\u00e1s deseado\u201d, analiza la Lic. Bellomo.<\/p>\n<p>Hab\u00eda una base previa:<\/p>\n<p>Ir a la universidad durante el #QuedateEnCasa no fue sencillo pero demostr\u00f3 que una mayor\u00eda de estudiantes y docentes estuvieron decididos a dar batalla. \u201cLa virtualidad plena fue un gran desaf\u00edo y un reaprendizaje para todos, estudiantes y docentes. Aparecieron nuevas estrategias pedag\u00f3gicas, la revisi\u00f3n de contenidos y estrategias de evaluaci\u00f3n\u2026 Fueron muchas cosas y apareci\u00f3 una revisi\u00f3n de la pr\u00e1ctica docente que fue sumamente importante\u201d, dice la psicopedagoga, centrando la mirada en la mitad del vaso lleno.<\/p>\n<p><a href=\"https:\/\/experienciadevida.com.ar\/portalurbano\/tiempos-de-presencialidad-plena-estudiantes-que-vuelven-y-quieren-quedarse-en-la-fio\/de-20\/\" rel=\"attachment wp-att-166047\"><img decoding=\"async\" class=\"alignnone size-full wp-image-166047\" src=\"https:\/\/experienciadevida.com.ar\/portalurbano\/wp-content\/uploads\/2022\/04\/de-2.jpg\" alt=\"de \" width=\"1000\" height=\"605\" srcset=\"https:\/\/experienciadevida.com.ar\/portalurbano\/wp-content\/uploads\/2022\/04\/de-2.jpg 1000w, https:\/\/experienciadevida.com.ar\/portalurbano\/wp-content\/uploads\/2022\/04\/de-2-300x182.jpg 300w, https:\/\/experienciadevida.com.ar\/portalurbano\/wp-content\/uploads\/2022\/04\/de-2-768x465.jpg 768w\" sizes=\"(max-width: 1000px) 100vw, 1000px\" \/><\/a><\/p>\n<p>La Facultad de Ingenier\u00eda aplic\u00f3 su propia receta para hacer frente a semejante crisis sanitaria, social y educativa. \u201cLos nuevos aprendizajes y el uso de tecnolog\u00eda como instrumento pedag\u00f3gico me pareci\u00f3 un aprendizaje maravilloso\u201d, observa la referente del OVO.<\/p>\n<p>La alfabetizaci\u00f3n online era el \u00fanico camino y hab\u00eda que domesticarse a la fuerza. \u201cTuvimos que aggionarnos pero la facultad ven\u00eda trabaj\u00e1ndolo previamente con aulas virtuales, con Moodle y otras iniciativas de la virtualidad que est\u00e1 bueno resaltar. No era algo que hab\u00eda que pensarlo desde cero. La FIO estuvo a la altura de las circunstancias, al igual que sus docentes\u201d, asegura Bellomo.<\/p>\n<p>Ahora que el cara a cara volvi\u00f3 a ser un hecho cotidiano dentro del campus universitario \u201cestar\u00eda bueno pensar la virtualidad como una alternativa m\u00e1s o complementaria de la presencialidad. No tiene que desaparecer. Nos cost\u00f3 tanto meternos de lleno\u201d en el mundo de las pantallas que \u201cdesestimarla desde todo lugar me parece que no ser\u00eda tan bueno\u201d, apunta la psicopedagoga.<\/p>\n<p>Lo que se perdi\u00f3<\/p>\n<p>Aprender y ense\u00f1ar en medio de una cuarentena superpoblada de hisopados e incertidumbres resulto abrumador. El Zoom fue un aliado estrat\u00e9gico, impensable en tiempos de pre-Covid pero aun as\u00ed fue muy enredado sostener cada cursada. \u201cMuchos estudiantes se desorganizaron un mont\u00f3n y ah\u00ed la posibilidad del intercambio telef\u00f3nico mantuvo los v\u00ednculos\u201d, explica la licenciada Bellomo haciendo retrospectiva.<\/p>\n<p>Eso oblig\u00f3 a pensar en nuevas estrategias aunque \u201cmuch\u00edsimas cosas igual se iban perdiendo de esa vida universitaria, algo que nos preocupaba much\u00edsimo como equipo. Los estudiantes que empezaron la facultad en virtualidad y dejaron no conocieron los encuentros, bailes, actividades deportivas o culturales. Se los perdieron\u201d, lamenta. El abordaje de la FIO es interdisciplinario y junto a la psicopedagoga trabajan las licenciadas Mar\u00eda In\u00e9s Berrino (trabajadora social) e Ignacia Capitanich (psic\u00f3loga).<\/p>\n<p>Hubo estudiantes que quedaron en el camino durante la pandemia y que \u201cnunca vivieron ni transitaron la vida universitaria. Eso es un saldo negativo. Quiz\u00e1s esas personas puedan volver a la FIO para vivenciar la facultad presencial, es un desaf\u00edo pendiente\u201d, plantea la profesional.<\/p>\n<p><a href=\"https:\/\/experienciadevida.com.ar\/portalurbano\/tiempos-de-presencialidad-plena-estudiantes-que-vuelven-y-quieren-quedarse-en-la-fio\/presencialidad-2\/\" rel=\"attachment wp-att-166048\"><img decoding=\"async\" class=\"alignnone size-full wp-image-166048\" src=\"https:\/\/experienciadevida.com.ar\/portalurbano\/wp-content\/uploads\/2022\/04\/presencialidad.jpg\" alt=\"presencialidad \" width=\"1000\" height=\"456\" srcset=\"https:\/\/experienciadevida.com.ar\/portalurbano\/wp-content\/uploads\/2022\/04\/presencialidad.jpg 1000w, https:\/\/experienciadevida.com.ar\/portalurbano\/wp-content\/uploads\/2022\/04\/presencialidad-300x137.jpg 300w, https:\/\/experienciadevida.com.ar\/portalurbano\/wp-content\/uploads\/2022\/04\/presencialidad-768x350.jpg 768w\" sizes=\"(max-width: 1000px) 100vw, 1000px\" \/><\/a><\/p>\n<p>Tiempos de presencialidad plena, pero al mismo<\/p>\n<p>tiempo se activaron otros dispositivos para compensar los obst\u00e1culos que antepon\u00eda el coronavirus. \u201cHicimos mateadas virtuales, talleres y buscamos otras alternativas. Tuvimos muchas cosas favorables como los nuevos aprendizajes del uso de tecnolog\u00eda que permiti\u00f3 acotar distancias, encontrarnos desde cualquier lugar, de cualquier forma\u201d, valora.<\/p>\n<p>Oportunidad y pertenencia<\/p>\n<p>Las aulas h\u00edbridas son experiencia y al mismo tiempo una oportunidad para \u201cpoder pensar que hay muchas alternativas y no hay una \u00fanica manera de aprender. Hay estrategias nuevas, de flexibilidad, que nos suman como aprendizaje y como personas\u201d, asegura Florencia Bellomo.<\/p>\n<p>La posibilidad de revisar las pr\u00e1cticas docentes fue continua y el hecho de desplegar todo un abanico de estrategias termin\u00f3 siendo productivo. \u201cEstuvo bueno y desde ah\u00ed hay muchas preguntas que nos podemos hacer a partir de una nueva manera de ense\u00f1ar. Fue incre\u00edble el intercambio entre docentes y estudiantes y en los encuentros que hicimos como parte del equipo hubo intercambios muy ricos\u201d, destaca la integrante de OVO.<\/p>\n<p>Eso s\u00ed, quedan en la balanza negativa quienes no pudieron adaptarse y abandonaron la facultad. \u201cNo solo hubo cuestiones econ\u00f3micas sino un mont\u00f3n de cuestiones como el uso de Internet, el acceso a una compu, la conexi\u00f3n mediante celulares. Ha sido un desaf\u00edo enorme y hubo estudiantes que no pudieron ajustarse a esa nueva modalidad y no volvieron a la facultad\u201d, expone la Lic. Bellomo.<\/p>\n<p>Lleva siete a\u00f1os en la FIO y hoy siente estar frente a un escenario que deja atr\u00e1s la pandemia pero que ya no ser\u00e1 lo que era antes de que el Covid-19 diera vuelta el Planeta. \u201cHay que pensar en otras alternativas que vayan conviviendo. Tenemos que ir trabajando en las cursadas y en otras ofertas pero tambi\u00e9n volver a los bailes, al encuentro, a las hamburgueseadas, que hacen al sentido pertenencia y en la virtualidad era muy dif\u00edcil de lograr\u201d, reflexiona la psicopedagoga que cada d\u00eda abraza con m\u00e1s fuerza la presencialidad plena.<\/p>\n","protected":false},"excerpt":{"rendered":"<p>Tiempos de presencialidad plena: estudiantes que vuelven y quieren quedarse en la FIO, hay ganas&#8230;<\/p>\n","protected":false},"author":1,"featured_media":166045,"comment_status":"closed","ping_status":"closed","sticky":false,"template":"","format":"standard","meta":{"content-type":""},"categories":[31],"tags":[],"nelio_content":{"isAutoShareEnabled":false,"autoShareEndMode":"default","automationSources":{"useContentSentences":true,"useSocialTemplates":true,"useCustomSentences":false,"customSentences":[]},"followers":[1],"suggestedReferences":[],"includedReferences":[],"efiUrl":"","efiAlt":"","highlights":[]},"yoast_head":"<!-- This site is optimized with the Yoast SEO plugin v20.7 - https:\/\/yoast.com\/wordpress\/plugins\/seo\/ -->\n<title>Tiempos de presencialidad plena: Estudiantes que vuelven y se quedan<\/title>\n<meta name=\"description\" content=\"Tiempos de presencialidad plena: estudiantes que vuelven y quieren quedarse en la FIO, hay ganas de estar, de reencontrarse y permanecer\" \/>\n<meta name=\"robots\" content=\"index, follow, max-snippet:-1, max-image-preview:large, max-video-preview:-1\" \/>\n<link rel=\"canonical\" href=\"https:\/\/experienciadevida.com.ar\/portalurbano\/tiempos-de-presencialidad-plena-estudiantes-que-vuelven-y-quieren-quedarse-en-la-fio\/\" \/>\n<meta property=\"og:locale\" content=\"es_ES\" \/>\n<meta property=\"og:type\" content=\"article\" \/>\n<meta property=\"og:title\" content=\"Tiempos de presencialidad plena: Estudiantes que vuelven y se quedan\" \/>\n<meta property=\"og:description\" content=\"Tiempos de presencialidad plena: estudiantes que vuelven y quieren quedarse en la FIO, hay ganas de estar, de reencontrarse y permanecer\" \/>\n<meta property=\"og:url\" content=\"https:\/\/experienciadevida.com.ar\/portalurbano\/tiempos-de-presencialidad-plena-estudiantes-que-vuelven-y-quieren-quedarse-en-la-fio\/\" \/>\n<meta property=\"article:publisher\" content=\"https:\/\/www.facebook.com\/Portal-Urbano-171542830093757\/\" \/>\n<meta property=\"article:published_time\" content=\"2022-04-20T21:10:28+00:00\" \/>\n<meta property=\"article:modified_time\" content=\"2022-04-20T21:10:57+00:00\" \/>\n<meta property=\"og:image\" content=\"https:\/\/experienciadevida.com.ar\/portalurbano\/wp-content\/uploads\/2022\/04\/Tiempos-de-presencialidad-plena.jpg\" \/>\n\t<meta property=\"og:image:width\" content=\"1000\" \/>\n\t<meta property=\"og:image:height\" content=\"514\" \/>\n\t<meta property=\"og:image:type\" content=\"image\/jpeg\" \/>\n<meta name=\"author\" content=\"admpu17wp\" \/>\n<meta name=\"twitter:card\" content=\"summary_large_image\" \/>\n<meta name=\"twitter:creator\" content=\"@portalurbanook\" \/>\n<meta name=\"twitter:site\" content=\"@portalurbanook\" \/>\n<meta name=\"twitter:label1\" content=\"Escrito por\" \/>\n\t<meta name=\"twitter:data1\" content=\"admpu17wp\" \/>\n\t<meta name=\"twitter:label2\" content=\"Tiempo de lectura\" \/>\n\t<meta name=\"twitter:data2\" content=\"6 minutos\" \/>\n<script type=\"application\/ld+json\" class=\"yoast-schema-graph\">{\"@context\":\"https:\/\/schema.org\",\"@graph\":[{\"@type\":\"Article\",\"@id\":\"https:\/\/experienciadevida.com.ar\/portalurbano\/tiempos-de-presencialidad-plena-estudiantes-que-vuelven-y-quieren-quedarse-en-la-fio\/#article\",\"isPartOf\":{\"@id\":\"https:\/\/experienciadevida.com.ar\/portalurbano\/tiempos-de-presencialidad-plena-estudiantes-que-vuelven-y-quieren-quedarse-en-la-fio\/\"},\"author\":{\"name\":\"admpu17wp\",\"@id\":\"https:\/\/experienciadevida.com.ar\/portalurbano\/#\/schema\/person\/02dd326b1c4b056e9cc972486934a3a7\"},\"headline\":\"Tiempos de presencialidad plena: estudiantes que vuelven y quieren quedarse en la FIO\",\"datePublished\":\"2022-04-20T21:10:28+00:00\",\"dateModified\":\"2022-04-20T21:10:57+00:00\",\"mainEntityOfPage\":{\"@id\":\"https:\/\/experienciadevida.com.ar\/portalurbano\/tiempos-de-presencialidad-plena-estudiantes-que-vuelven-y-quieren-quedarse-en-la-fio\/\"},\"wordCount\":1210,\"publisher\":{\"@id\":\"https:\/\/experienciadevida.com.ar\/portalurbano\/#organization\"},\"articleSection\":[\"Educaci\u00f3n\"],\"inLanguage\":\"es\"},{\"@type\":\"WebPage\",\"@id\":\"https:\/\/experienciadevida.com.ar\/portalurbano\/tiempos-de-presencialidad-plena-estudiantes-que-vuelven-y-quieren-quedarse-en-la-fio\/\",\"url\":\"https:\/\/experienciadevida.com.ar\/portalurbano\/tiempos-de-presencialidad-plena-estudiantes-que-vuelven-y-quieren-quedarse-en-la-fio\/\",\"name\":\"Tiempos de presencialidad plena: Estudiantes que vuelven y se quedan\",\"isPartOf\":{\"@id\":\"https:\/\/experienciadevida.com.ar\/portalurbano\/#website\"},\"datePublished\":\"2022-04-20T21:10:28+00:00\",\"dateModified\":\"2022-04-20T21:10:57+00:00\",\"description\":\"Tiempos de presencialidad plena: estudiantes que vuelven y quieren quedarse en la FIO, hay ganas de estar, de reencontrarse y permanecer\",\"breadcrumb\":{\"@id\":\"https:\/\/experienciadevida.com.ar\/portalurbano\/tiempos-de-presencialidad-plena-estudiantes-que-vuelven-y-quieren-quedarse-en-la-fio\/#breadcrumb\"},\"inLanguage\":\"es\",\"potentialAction\":[{\"@type\":\"ReadAction\",\"target\":[\"https:\/\/experienciadevida.com.ar\/portalurbano\/tiempos-de-presencialidad-plena-estudiantes-que-vuelven-y-quieren-quedarse-en-la-fio\/\"]}]},{\"@type\":\"BreadcrumbList\",\"@id\":\"https:\/\/experienciadevida.com.ar\/portalurbano\/tiempos-de-presencialidad-plena-estudiantes-que-vuelven-y-quieren-quedarse-en-la-fio\/#breadcrumb\",\"itemListElement\":[{\"@type\":\"ListItem\",\"position\":1,\"name\":\"Portada\",\"item\":\"https:\/\/experienciadevida.com.ar\/portalurbano\/\"},{\"@type\":\"ListItem\",\"position\":2,\"name\":\"Tiempos de presencialidad plena: estudiantes que vuelven y quieren quedarse en la FIO\"}]},{\"@type\":\"WebSite\",\"@id\":\"https:\/\/experienciadevida.com.ar\/portalurbano\/#website\",\"url\":\"https:\/\/experienciadevida.com.ar\/portalurbano\/\",\"name\":\"\",\"description\":\"\",\"publisher\":{\"@id\":\"https:\/\/experienciadevida.com.ar\/portalurbano\/#organization\"},\"potentialAction\":[{\"@type\":\"SearchAction\",\"target\":{\"@type\":\"EntryPoint\",\"urlTemplate\":\"https:\/\/experienciadevida.com.ar\/portalurbano\/?s={search_term_string}\"},\"query-input\":\"required name=search_term_string\"}],\"inLanguage\":\"es\"},{\"@type\":\"Organization\",\"@id\":\"https:\/\/experienciadevida.com.ar\/portalurbano\/#organization\",\"name\":\"Portal Urbano\",\"url\":\"https:\/\/experienciadevida.com.ar\/portalurbano\/\",\"logo\":{\"@type\":\"ImageObject\",\"inLanguage\":\"es\",\"@id\":\"https:\/\/experienciadevida.com.ar\/portalurbano\/#\/schema\/logo\/image\/\",\"url\":\"https:\/\/experienciadevida.com.ar\/portalurbano\/wp-content\/uploads\/2019\/09\/Logo-Original.png\",\"contentUrl\":\"https:\/\/experienciadevida.com.ar\/portalurbano\/wp-content\/uploads\/2019\/09\/Logo-Original.png\",\"width\":2236,\"height\":1216,\"caption\":\"Portal Urbano\"},\"image\":{\"@id\":\"https:\/\/experienciadevida.com.ar\/portalurbano\/#\/schema\/logo\/image\/\"},\"sameAs\":[\"https:\/\/www.facebook.com\/Portal-Urbano-171542830093757\/\",\"https:\/\/twitter.com\/portalurbanook\",\"https:\/\/www.instagram.com\/_portalurbano\/\",\"https:\/\/www.youtube.com\/channel\/UCXhagIfszH8KxFiOok79zbA?view_as=subscriber\"]},{\"@type\":\"Person\",\"@id\":\"https:\/\/experienciadevida.com.ar\/portalurbano\/#\/schema\/person\/02dd326b1c4b056e9cc972486934a3a7\",\"name\":\"admpu17wp\",\"image\":{\"@type\":\"ImageObject\",\"inLanguage\":\"es\",\"@id\":\"https:\/\/experienciadevida.com.ar\/portalurbano\/#\/schema\/person\/image\/\",\"url\":\"https:\/\/secure.gravatar.com\/avatar\/830d4c57adaae6630765e449a6908047?s=96&d=mm&r=g\",\"contentUrl\":\"https:\/\/secure.gravatar.com\/avatar\/830d4c57adaae6630765e449a6908047?s=96&d=mm&r=g\",\"caption\":\"admpu17wp\"}}]}<\/script>\n<!-- \/ Yoast SEO plugin. -->","yoast_head_json":{"title":"Tiempos de presencialidad plena: Estudiantes que vuelven y se quedan","description":"Tiempos de presencialidad plena: estudiantes que vuelven y quieren quedarse en la FIO, hay ganas de estar, de reencontrarse y permanecer","robots":{"index":"index","follow":"follow","max-snippet":"max-snippet:-1","max-image-preview":"max-image-preview:large","max-video-preview":"max-video-preview:-1"},"canonical":"https:\/\/experienciadevida.com.ar\/portalurbano\/tiempos-de-presencialidad-plena-estudiantes-que-vuelven-y-quieren-quedarse-en-la-fio\/","og_locale":"es_ES","og_type":"article","og_title":"Tiempos de presencialidad plena: Estudiantes que vuelven y se quedan","og_description":"Tiempos de presencialidad plena: estudiantes que vuelven y quieren quedarse en la FIO, hay ganas de estar, de reencontrarse y permanecer","og_url":"https:\/\/experienciadevida.com.ar\/portalurbano\/tiempos-de-presencialidad-plena-estudiantes-que-vuelven-y-quieren-quedarse-en-la-fio\/","article_publisher":"https:\/\/www.facebook.com\/Portal-Urbano-171542830093757\/","article_published_time":"2022-04-20T21:10:28+00:00","article_modified_time":"2022-04-20T21:10:57+00:00","og_image":[{"width":1000,"height":514,"url":"https:\/\/experienciadevida.com.ar\/portalurbano\/wp-content\/uploads\/2022\/04\/Tiempos-de-presencialidad-plena.jpg","type":"image\/jpeg"}],"author":"admpu17wp","twitter_card":"summary_large_image","twitter_creator":"@portalurbanook","twitter_site":"@portalurbanook","twitter_misc":{"Escrito por":"admpu17wp","Tiempo de lectura":"6 minutos"},"schema":{"@context":"https:\/\/schema.org","@graph":[{"@type":"Article","@id":"https:\/\/experienciadevida.com.ar\/portalurbano\/tiempos-de-presencialidad-plena-estudiantes-que-vuelven-y-quieren-quedarse-en-la-fio\/#article","isPartOf":{"@id":"https:\/\/experienciadevida.com.ar\/portalurbano\/tiempos-de-presencialidad-plena-estudiantes-que-vuelven-y-quieren-quedarse-en-la-fio\/"},"author":{"name":"admpu17wp","@id":"https:\/\/experienciadevida.com.ar\/portalurbano\/#\/schema\/person\/02dd326b1c4b056e9cc972486934a3a7"},"headline":"Tiempos de presencialidad plena: estudiantes que vuelven y quieren quedarse en la FIO","datePublished":"2022-04-20T21:10:28+00:00","dateModified":"2022-04-20T21:10:57+00:00","mainEntityOfPage":{"@id":"https:\/\/experienciadevida.com.ar\/portalurbano\/tiempos-de-presencialidad-plena-estudiantes-que-vuelven-y-quieren-quedarse-en-la-fio\/"},"wordCount":1210,"publisher":{"@id":"https:\/\/experienciadevida.com.ar\/portalurbano\/#organization"},"articleSection":["Educaci\u00f3n"],"inLanguage":"es"},{"@type":"WebPage","@id":"https:\/\/experienciadevida.com.ar\/portalurbano\/tiempos-de-presencialidad-plena-estudiantes-que-vuelven-y-quieren-quedarse-en-la-fio\/","url":"https:\/\/experienciadevida.com.ar\/portalurbano\/tiempos-de-presencialidad-plena-estudiantes-que-vuelven-y-quieren-quedarse-en-la-fio\/","name":"Tiempos de presencialidad plena: Estudiantes que vuelven y se quedan","isPartOf":{"@id":"https:\/\/experienciadevida.com.ar\/portalurbano\/#website"},"datePublished":"2022-04-20T21:10:28+00:00","dateModified":"2022-04-20T21:10:57+00:00","description":"Tiempos de presencialidad plena: estudiantes que vuelven y quieren quedarse en la FIO, hay ganas de estar, de reencontrarse y permanecer","breadcrumb":{"@id":"https:\/\/experienciadevida.com.ar\/portalurbano\/tiempos-de-presencialidad-plena-estudiantes-que-vuelven-y-quieren-quedarse-en-la-fio\/#breadcrumb"},"inLanguage":"es","potentialAction":[{"@type":"ReadAction","target":["https:\/\/experienciadevida.com.ar\/portalurbano\/tiempos-de-presencialidad-plena-estudiantes-que-vuelven-y-quieren-quedarse-en-la-fio\/"]}]},{"@type":"BreadcrumbList","@id":"https:\/\/experienciadevida.com.ar\/portalurbano\/tiempos-de-presencialidad-plena-estudiantes-que-vuelven-y-quieren-quedarse-en-la-fio\/#breadcrumb","itemListElement":[{"@type":"ListItem","position":1,"name":"Portada","item":"https:\/\/experienciadevida.com.ar\/portalurbano\/"},{"@type":"ListItem","position":2,"name":"Tiempos de presencialidad plena: estudiantes que vuelven y quieren quedarse en la FIO"}]},{"@type":"WebSite","@id":"https:\/\/experienciadevida.com.ar\/portalurbano\/#website","url":"https:\/\/experienciadevida.com.ar\/portalurbano\/","name":"","description":"","publisher":{"@id":"https:\/\/experienciadevida.com.ar\/portalurbano\/#organization"},"potentialAction":[{"@type":"SearchAction","target":{"@type":"EntryPoint","urlTemplate":"https:\/\/experienciadevida.com.ar\/portalurbano\/?s={search_term_string}"},"query-input":"required name=search_term_string"}],"inLanguage":"es"},{"@type":"Organization","@id":"https:\/\/experienciadevida.com.ar\/portalurbano\/#organization","name":"Portal Urbano","url":"https:\/\/experienciadevida.com.ar\/portalurbano\/","logo":{"@type":"ImageObject","inLanguage":"es","@id":"https:\/\/experienciadevida.com.ar\/portalurbano\/#\/schema\/logo\/image\/","url":"https:\/\/experienciadevida.com.ar\/portalurbano\/wp-content\/uploads\/2019\/09\/Logo-Original.png","contentUrl":"https:\/\/experienciadevida.com.ar\/portalurbano\/wp-content\/uploads\/2019\/09\/Logo-Original.png","width":2236,"height":1216,"caption":"Portal Urbano"},"image":{"@id":"https:\/\/experienciadevida.com.ar\/portalurbano\/#\/schema\/logo\/image\/"},"sameAs":["https:\/\/www.facebook.com\/Portal-Urbano-171542830093757\/","https:\/\/twitter.com\/portalurbanook","https:\/\/www.instagram.com\/_portalurbano\/","https:\/\/www.youtube.com\/channel\/UCXhagIfszH8KxFiOok79zbA?view_as=subscriber"]},{"@type":"Person","@id":"https:\/\/experienciadevida.com.ar\/portalurbano\/#\/schema\/person\/02dd326b1c4b056e9cc972486934a3a7","name":"admpu17wp","image":{"@type":"ImageObject","inLanguage":"es","@id":"https:\/\/experienciadevida.com.ar\/portalurbano\/#\/schema\/person\/image\/","url":"https:\/\/secure.gravatar.com\/avatar\/830d4c57adaae6630765e449a6908047?s=96&d=mm&r=g","contentUrl":"https:\/\/secure.gravatar.com\/avatar\/830d4c57adaae6630765e449a6908047?s=96&d=mm&r=g","caption":"admpu17wp"}}]}},"featured_image_urls":{"full":["https:\/\/experienciadevida.com.ar\/portalurbano\/wp-content\/uploads\/2022\/04\/Tiempos-de-presencialidad-plena.jpg",1000,514,false],"thumbnail":["https:\/\/experienciadevida.com.ar\/portalurbano\/wp-content\/uploads\/2022\/04\/Tiempos-de-presencialidad-plena-150x150.jpg",150,150,true],"medium":["https:\/\/experienciadevida.com.ar\/portalurbano\/wp-content\/uploads\/2022\/04\/Tiempos-de-presencialidad-plena-300x154.jpg",300,154,true],"medium_large":["https:\/\/experienciadevida.com.ar\/portalurbano\/wp-content\/uploads\/2022\/04\/Tiempos-de-presencialidad-plena-768x395.jpg",640,329,true],"large":["https:\/\/experienciadevida.com.ar\/portalurbano\/wp-content\/uploads\/2022\/04\/Tiempos-de-presencialidad-plena.jpg",640,329,false],"ug_big":["https:\/\/experienciadevida.com.ar\/portalurbano\/wp-content\/uploads\/2022\/04\/Tiempos-de-presencialidad-plena-768x395.jpg",768,395,true],"1536x1536":["https:\/\/experienciadevida.com.ar\/portalurbano\/wp-content\/uploads\/2022\/04\/Tiempos-de-presencialidad-plena.jpg",1000,514,false],"2048x2048":["https:\/\/experienciadevida.com.ar\/portalurbano\/wp-content\/uploads\/2022\/04\/Tiempos-de-presencialidad-plena.jpg",1000,514,false],"newsever-slider-full":["https:\/\/experienciadevida.com.ar\/portalurbano\/wp-content\/uploads\/2022\/04\/Tiempos-de-presencialidad-plena.jpg",1000,514,false],"newsever-featured":["https:\/\/experienciadevida.com.ar\/portalurbano\/wp-content\/uploads\/2022\/04\/Tiempos-de-presencialidad-plena.jpg",1000,514,false],"newsever-medium":["https:\/\/experienciadevida.com.ar\/portalurbano\/wp-content\/uploads\/2022\/04\/Tiempos-de-presencialidad-plena.jpg",720,370,false],"web-stories-poster-portrait":["https:\/\/experienciadevida.com.ar\/portalurbano\/wp-content\/uploads\/2022\/04\/Tiempos-de-presencialidad-plena.jpg",640,329,false],"web-stories-publisher-logo":["https:\/\/experienciadevida.com.ar\/portalurbano\/wp-content\/uploads\/2022\/04\/Tiempos-de-presencialidad-plena.jpg",96,49,false],"web-stories-thumbnail":["https:\/\/experienciadevida.com.ar\/portalurbano\/wp-content\/uploads\/2022\/04\/Tiempos-de-presencialidad-plena.jpg",150,77,false]},"author_info":{"display_name":"admpu17wp","author_link":"https:\/\/experienciadevida.com.ar\/portalurbano\/author\/admpu17wp\/"},"category_info":"<a href=\"https:\/\/experienciadevida.com.ar\/portalurbano\/category\/ciudad\/educacion\/\" rel=\"category tag\">Educaci\u00f3n<\/a>","tag_info":"Educaci\u00f3n","comment_count":"0","amp_enabled":true,"_links":{"self":[{"href":"https:\/\/experienciadevida.com.ar\/portalurbano\/wp-json\/wp\/v2\/posts\/166044"}],"collection":[{"href":"https:\/\/experienciadevida.com.ar\/portalurbano\/wp-json\/wp\/v2\/posts"}],"about":[{"href":"https:\/\/experienciadevida.com.ar\/portalurbano\/wp-json\/wp\/v2\/types\/post"}],"author":[{"embeddable":true,"href":"https:\/\/experienciadevida.com.ar\/portalurbano\/wp-json\/wp\/v2\/users\/1"}],"replies":[{"embeddable":true,"href":"https:\/\/experienciadevida.com.ar\/portalurbano\/wp-json\/wp\/v2\/comments?post=166044"}],"version-history":[{"count":2,"href":"https:\/\/experienciadevida.com.ar\/portalurbano\/wp-json\/wp\/v2\/posts\/166044\/revisions"}],"predecessor-version":[{"id":166050,"href":"https:\/\/experienciadevida.com.ar\/portalurbano\/wp-json\/wp\/v2\/posts\/166044\/revisions\/166050"}],"wp:featuredmedia":[{"embeddable":true,"href":"https:\/\/experienciadevida.com.ar\/portalurbano\/wp-json\/wp\/v2\/media\/166045"}],"wp:attachment":[{"href":"https:\/\/experienciadevida.com.ar\/portalurbano\/wp-json\/wp\/v2\/media?parent=166044"}],"wp:term":[{"taxonomy":"category","embeddable":true,"href":"https:\/\/experienciadevida.com.ar\/portalurbano\/wp-json\/wp\/v2\/categories?post=166044"},{"taxonomy":"post_tag","embeddable":true,"href":"https:\/\/experienciadevida.com.ar\/portalurbano\/wp-json\/wp\/v2\/tags?post=166044"}],"curies":[{"name":"wp","href":"https:\/\/api.w.org\/{rel}","templated":true}]}}