{"id":166038,"date":"2022-04-20T17:33:09","date_gmt":"2022-04-20T20:33:09","guid":{"rendered":"https:\/\/experienciadevida.com.ar\/portalurbano\/?p=166038"},"modified":"2022-04-20T17:33:37","modified_gmt":"2022-04-20T20:33:37","slug":"septimo-aniversario-del-centro-universitario-rodolfo-walsh","status":"publish","type":"post","link":"https:\/\/experienciadevida.com.ar\/portalurbano\/septimo-aniversario-del-centro-universitario-rodolfo-walsh\/","title":{"rendered":"S\u00e9ptimo aniversario del Centro Universitario Rodolfo Walsh"},"content":{"rendered":"<p>S\u00e9ptimo aniversario del Centro Universitario Rodolfo Walsh, d\u00edas pasados se celebr\u00f3 el s\u00e9ptimo aniversario del Centro Universitario Rodolfo Walsh, con sede en la Unidad Penal N\u00b0 2 de Sierra Chica. El Programa Universidad en la C\u00e1rcel, dependiente de la Secretar\u00eda de Extensi\u00f3n de la UNICEN, organiz\u00f3 un acto destacando como eje del encuentro que \u201cla actividad m\u00e1s importante que un ser humano puede lograr es aprender para entender, porque entender es ser libre&#8221;.<\/p>\n<p><a href=\"https:\/\/experienciadevida.com.ar\/portalurbano\/septimo-aniversario-del-centro-universitario-rodolfo-walsh\/septimo-2\/\" rel=\"attachment wp-att-166040\"><img decoding=\"async\" class=\"alignnone size-large wp-image-166040\" src=\"https:\/\/experienciadevida.com.ar\/portalurbano\/wp-content\/uploads\/2022\/04\/Septimo-1024x576.jpg\" alt=\"S\u00e9ptimo \" width=\"900\" height=\"506\" srcset=\"https:\/\/experienciadevida.com.ar\/portalurbano\/wp-content\/uploads\/2022\/04\/Septimo-1024x576.jpg 1024w, https:\/\/experienciadevida.com.ar\/portalurbano\/wp-content\/uploads\/2022\/04\/Septimo-300x169.jpg 300w, https:\/\/experienciadevida.com.ar\/portalurbano\/wp-content\/uploads\/2022\/04\/Septimo-768x432.jpg 768w, https:\/\/experienciadevida.com.ar\/portalurbano\/wp-content\/uploads\/2022\/04\/Septimo-1536x864.jpg 1536w, https:\/\/experienciadevida.com.ar\/portalurbano\/wp-content\/uploads\/2022\/04\/Septimo.jpg 1600w\" sizes=\"(max-width: 900px) 100vw, 900px\" \/><\/a><\/p>\n<p>Estuvieron presentes junto a los estudiantes universitarios privados de la libertad y los profesores del Programa, la coordinadora del Programa Universidad en la c\u00e1rcel, Mg. Anal\u00eda Umpi\u00e9rrez, el coordinador del Programa de la Facultad de Sociales, Prof. Luis Scipioni, el delegado del INADI en Olavarr\u00eda, Norberto Almeida y el Vicedecano de la Facultad de Derecho, Esteban Hess. En representaci\u00f3n del Servicio Penitenciario el Coordinador General de Educaci\u00f3n, Cultura y Deportes del Complejo Centro Zona Sur, Prof. Alejandro Luj\u00e1n, el subjefe de Tratamiento Carlos Nagel, y el Coordinador de Educaci\u00f3n de la dependencia, Pablo T\u00e9llez.<\/p>\n<p>El vicedecano de la Facultad de Derecho se mostr\u00f3 sorprendido por el espacio de la Universidad en la Unidad N\u00b02 y destac\u00f3 que \u201cun grupo que ha logrado avanzar en la trayectoria acad\u00e9mica, lo cual nos da la esperanza de llegar a tener el primer graduado en contexto de encierro. La tragedia de la Pandemia ha dejado como positivo la posibilidad de romper el muro y poder estar dentro de las unidades con las Facultades por medio de la virtualidad. Este a\u00f1o se vuelve a la presencialidad plena pero con excepciones en educaci\u00f3n en contexto de encierro y enfermedades graves, que contin\u00faan siendo mayoritariamente virtuales\u201d.<\/p>\n<p>S\u00e9ptimo aniversario del Centro Universitario Rodolfo Walsh, los estudiantes que concurren a este espacio pueden optar entre la Licenciatura en Comunicaci\u00f3n Social, Profesorado de Comunicaci\u00f3n Social, Licenciatura en Antropolog\u00eda Social y Profesorado de Antropolog\u00eda, de la Facultad de Ciencias Sociales y la carrera de Abogac\u00eda de la Facultad de Derecho, adem\u00e1s de los diferentes talleres art\u00edsticos y de formaci\u00f3n laboral que se despliegan en el centro cultural itinerante \u00abEl Musguito\u00bb dependiente de la secretar\u00eda de Extensi\u00f3n.<\/p>\n<p>Jorge es uno de los 85 estudiantes que concurren al aula universitaria, estudia Comunicaci\u00f3n Social y destac\u00f3, en nombre de sus compa\u00f1eros que \u201clos que ya est\u00e1n hace un tiempo han logrado muchas cosas, por eso agradecemos a<br \/>\nlos que comenzaron a trabajar para lograr este lugar. Es muy bueno que sea un espacio integrador, de conocimiento y aprendizaje\u201d.<\/p>\n<p>En tanto, Anal\u00eda Umpierrez habl\u00f3 de sus vivencias al trabajar en estos contextos destacando que &#8220;trabajar en la c\u00e1rcel es una experiencia que se va construyendo d\u00eda a d\u00eda, es un desaf\u00edo. Las eventualidades con las que uno se enfrenta diariamente y poder resolverlas entre todos, hacen que hoy tengamos este grupo de personas. A\u00fan falta mucho camino por recorrer, necesitamos m\u00e1s espacio, computadoras, recursos, m\u00e1s presencia de docentes, por eso los aliento a todos y a todas a sostenerse, s\u00e9 que es un desaf\u00edo y asumi\u00e9ndolo claramente apostamos a la educaci\u00f3n&#8221; finaliz\u00f3.<\/p>\n<p>S\u00e9ptimo aniversario del Centro Universitario Rodolfo Walsh, el encuentro continu\u00f3 con un espect\u00e1culo de m\u00fasica nacional y un \u00e1gape que compartieron los presentes quienes reafirmaron el compromiso de concretar m\u00e1s proyectos que pongan en valor el espacio del Aula Universitaria.<\/p>\n<p>Vida universitaria en la Unidad 38:<\/p>\n<p>Por otra parte, durante el mes de marzo se realiz\u00f3 el Curso de Introducci\u00f3n a la Vida Universitaria (CIVU) en el marco del Programa de Educaci\u00f3n en Contextos de Encierro en la Unidad Penitenciaria N\u00ba 38 de Sierra Chica. En<br \/>\n\u00e9l los futuros ingresantes se aproximaron al reconocimiento del modo en que se lleva adelante la vida universitaria, adem\u00e1s de los recursos para acercarse a la lectura y escritura acad\u00e9mica.<\/p>\n<p><a href=\"https:\/\/experienciadevida.com.ar\/portalurbano\/septimo-aniversario-del-centro-universitario-rodolfo-walsh\/aniversario\/\" rel=\"attachment wp-att-166041\"><img decoding=\"async\" class=\"alignnone size-large wp-image-166041\" src=\"https:\/\/experienciadevida.com.ar\/portalurbano\/wp-content\/uploads\/2022\/04\/aniversario-1024x320.jpg\" alt=\"aniversario \" width=\"900\" height=\"281\" srcset=\"https:\/\/experienciadevida.com.ar\/portalurbano\/wp-content\/uploads\/2022\/04\/aniversario-1024x320.jpg 1024w, https:\/\/experienciadevida.com.ar\/portalurbano\/wp-content\/uploads\/2022\/04\/aniversario-300x94.jpg 300w, https:\/\/experienciadevida.com.ar\/portalurbano\/wp-content\/uploads\/2022\/04\/aniversario-768x240.jpg 768w, https:\/\/experienciadevida.com.ar\/portalurbano\/wp-content\/uploads\/2022\/04\/aniversario-1536x480.jpg 1536w, https:\/\/experienciadevida.com.ar\/portalurbano\/wp-content\/uploads\/2022\/04\/aniversario-2048x640.jpg 2048w\" sizes=\"(max-width: 900px) 100vw, 900px\" \/><\/a><\/p>\n<p>Son 13 los nuevos alumnos ingresantes a las carreras de la Facultad de Ciencias Sociales y 3 alumnos a la Facultad de Derecho que se suman a la matr\u00edcula de 21 alumnos que actualmente est\u00e1n asistiendo al Centro Universitario Manuel Belgrano con sede en este establecimiento carcelario. Este mes comenzaron las actividades regulares de dictado de clases y tutor\u00edas, tanto para los reci\u00e9n ingresados como para los estudiantes con diferentes trayectorias.<\/p>\n<p>Fuente y Fotos: Servicio penitenciario bonaerense<\/p>\n","protected":false},"excerpt":{"rendered":"<p>S\u00e9ptimo aniversario del Centro Universitario Rodolfo Walsh, d\u00edas pasados se celebr\u00f3 el s\u00e9ptimo aniversario del&#8230;<\/p>\n","protected":false},"author":1,"featured_media":166039,"comment_status":"closed","ping_status":"closed","sticky":false,"template":"","format":"standard","meta":{"content-type":""},"categories":[27],"tags":[],"nelio_content":{"isAutoShareEnabled":false,"autoShareEndMode":"default","automationSources":{"useContentSentences":true,"useSocialTemplates":true,"useCustomSentences":false,"customSentences":[]},"followers":[1],"suggestedReferences":[],"includedReferences":[],"efiUrl":"","efiAlt":"","highlights":[]},"yoast_head":"<!-- This site is optimized with the Yoast SEO plugin v20.7 - https:\/\/yoast.com\/wordpress\/plugins\/seo\/ -->\n<title>S\u00e9ptimo aniversario del Centro Universitario Rodolfo Walsh<\/title>\n<meta name=\"description\" content=\"S\u00e9ptimo aniversario del Centro Universitario Rodolfo Walsh, d\u00edas pasados se celebr\u00f3 el s\u00e9ptimo aniversario del Centro Universitario\" \/>\n<meta name=\"robots\" content=\"index, follow, max-snippet:-1, max-image-preview:large, max-video-preview:-1\" \/>\n<link rel=\"canonical\" href=\"https:\/\/experienciadevida.com.ar\/portalurbano\/septimo-aniversario-del-centro-universitario-rodolfo-walsh\/\" \/>\n<meta property=\"og:locale\" content=\"es_ES\" \/>\n<meta property=\"og:type\" content=\"article\" \/>\n<meta property=\"og:title\" content=\"S\u00e9ptimo aniversario del Centro Universitario Rodolfo Walsh\" \/>\n<meta property=\"og:description\" content=\"S\u00e9ptimo aniversario del Centro Universitario Rodolfo Walsh, d\u00edas pasados se celebr\u00f3 el s\u00e9ptimo aniversario del Centro Universitario\" \/>\n<meta property=\"og:url\" content=\"https:\/\/experienciadevida.com.ar\/portalurbano\/septimo-aniversario-del-centro-universitario-rodolfo-walsh\/\" \/>\n<meta property=\"article:publisher\" content=\"https:\/\/www.facebook.com\/Portal-Urbano-171542830093757\/\" \/>\n<meta property=\"article:published_time\" content=\"2022-04-20T20:33:09+00:00\" \/>\n<meta property=\"article:modified_time\" content=\"2022-04-20T20:33:37+00:00\" \/>\n<meta property=\"og:image\" content=\"https:\/\/experienciadevida.com.ar\/portalurbano\/wp-content\/uploads\/2022\/04\/Septimo-aniversario-del-Centro.jpg\" \/>\n\t<meta property=\"og:image:width\" content=\"765\" \/>\n\t<meta property=\"og:image:height\" content=\"612\" \/>\n\t<meta property=\"og:image:type\" content=\"image\/jpeg\" \/>\n<meta name=\"author\" content=\"admpu17wp\" \/>\n<meta name=\"twitter:card\" content=\"summary_large_image\" \/>\n<meta name=\"twitter:creator\" content=\"@portalurbanook\" \/>\n<meta name=\"twitter:site\" content=\"@portalurbanook\" \/>\n<meta name=\"twitter:label1\" content=\"Escrito por\" \/>\n\t<meta name=\"twitter:data1\" content=\"admpu17wp\" \/>\n\t<meta name=\"twitter:label2\" content=\"Tiempo de lectura\" \/>\n\t<meta name=\"twitter:data2\" content=\"4 minutos\" \/>\n<script type=\"application\/ld+json\" class=\"yoast-schema-graph\">{\"@context\":\"https:\/\/schema.org\",\"@graph\":[{\"@type\":\"Article\",\"@id\":\"https:\/\/experienciadevida.com.ar\/portalurbano\/septimo-aniversario-del-centro-universitario-rodolfo-walsh\/#article\",\"isPartOf\":{\"@id\":\"https:\/\/experienciadevida.com.ar\/portalurbano\/septimo-aniversario-del-centro-universitario-rodolfo-walsh\/\"},\"author\":{\"name\":\"admpu17wp\",\"@id\":\"https:\/\/experienciadevida.com.ar\/portalurbano\/#\/schema\/person\/02dd326b1c4b056e9cc972486934a3a7\"},\"headline\":\"S\u00e9ptimo aniversario del Centro Universitario Rodolfo Walsh\",\"datePublished\":\"2022-04-20T20:33:09+00:00\",\"dateModified\":\"2022-04-20T20:33:37+00:00\",\"mainEntityOfPage\":{\"@id\":\"https:\/\/experienciadevida.com.ar\/portalurbano\/septimo-aniversario-del-centro-universitario-rodolfo-walsh\/\"},\"wordCount\":751,\"publisher\":{\"@id\":\"https:\/\/experienciadevida.com.ar\/portalurbano\/#organization\"},\"articleSection\":[\"Ciudad\"],\"inLanguage\":\"es\"},{\"@type\":\"WebPage\",\"@id\":\"https:\/\/experienciadevida.com.ar\/portalurbano\/septimo-aniversario-del-centro-universitario-rodolfo-walsh\/\",\"url\":\"https:\/\/experienciadevida.com.ar\/portalurbano\/septimo-aniversario-del-centro-universitario-rodolfo-walsh\/\",\"name\":\"S\u00e9ptimo aniversario del Centro Universitario Rodolfo Walsh\",\"isPartOf\":{\"@id\":\"https:\/\/experienciadevida.com.ar\/portalurbano\/#website\"},\"datePublished\":\"2022-04-20T20:33:09+00:00\",\"dateModified\":\"2022-04-20T20:33:37+00:00\",\"description\":\"S\u00e9ptimo aniversario del Centro Universitario Rodolfo Walsh, d\u00edas pasados se celebr\u00f3 el s\u00e9ptimo aniversario del Centro Universitario\",\"breadcrumb\":{\"@id\":\"https:\/\/experienciadevida.com.ar\/portalurbano\/septimo-aniversario-del-centro-universitario-rodolfo-walsh\/#breadcrumb\"},\"inLanguage\":\"es\",\"potentialAction\":[{\"@type\":\"ReadAction\",\"target\":[\"https:\/\/experienciadevida.com.ar\/portalurbano\/septimo-aniversario-del-centro-universitario-rodolfo-walsh\/\"]}]},{\"@type\":\"BreadcrumbList\",\"@id\":\"https:\/\/experienciadevida.com.ar\/portalurbano\/septimo-aniversario-del-centro-universitario-rodolfo-walsh\/#breadcrumb\",\"itemListElement\":[{\"@type\":\"ListItem\",\"position\":1,\"name\":\"Portada\",\"item\":\"https:\/\/experienciadevida.com.ar\/portalurbano\/\"},{\"@type\":\"ListItem\",\"position\":2,\"name\":\"S\u00e9ptimo aniversario del Centro Universitario Rodolfo Walsh\"}]},{\"@type\":\"WebSite\",\"@id\":\"https:\/\/experienciadevida.com.ar\/portalurbano\/#website\",\"url\":\"https:\/\/experienciadevida.com.ar\/portalurbano\/\",\"name\":\"\",\"description\":\"\",\"publisher\":{\"@id\":\"https:\/\/experienciadevida.com.ar\/portalurbano\/#organization\"},\"potentialAction\":[{\"@type\":\"SearchAction\",\"target\":{\"@type\":\"EntryPoint\",\"urlTemplate\":\"https:\/\/experienciadevida.com.ar\/portalurbano\/?s={search_term_string}\"},\"query-input\":\"required name=search_term_string\"}],\"inLanguage\":\"es\"},{\"@type\":\"Organization\",\"@id\":\"https:\/\/experienciadevida.com.ar\/portalurbano\/#organization\",\"name\":\"Portal Urbano\",\"url\":\"https:\/\/experienciadevida.com.ar\/portalurbano\/\",\"logo\":{\"@type\":\"ImageObject\",\"inLanguage\":\"es\",\"@id\":\"https:\/\/experienciadevida.com.ar\/portalurbano\/#\/schema\/logo\/image\/\",\"url\":\"https:\/\/experienciadevida.com.ar\/portalurbano\/wp-content\/uploads\/2019\/09\/Logo-Original.png\",\"contentUrl\":\"https:\/\/experienciadevida.com.ar\/portalurbano\/wp-content\/uploads\/2019\/09\/Logo-Original.png\",\"width\":2236,\"height\":1216,\"caption\":\"Portal Urbano\"},\"image\":{\"@id\":\"https:\/\/experienciadevida.com.ar\/portalurbano\/#\/schema\/logo\/image\/\"},\"sameAs\":[\"https:\/\/www.facebook.com\/Portal-Urbano-171542830093757\/\",\"https:\/\/twitter.com\/portalurbanook\",\"https:\/\/www.instagram.com\/_portalurbano\/\",\"https:\/\/www.youtube.com\/channel\/UCXhagIfszH8KxFiOok79zbA?view_as=subscriber\"]},{\"@type\":\"Person\",\"@id\":\"https:\/\/experienciadevida.com.ar\/portalurbano\/#\/schema\/person\/02dd326b1c4b056e9cc972486934a3a7\",\"name\":\"admpu17wp\",\"image\":{\"@type\":\"ImageObject\",\"inLanguage\":\"es\",\"@id\":\"https:\/\/experienciadevida.com.ar\/portalurbano\/#\/schema\/person\/image\/\",\"url\":\"https:\/\/secure.gravatar.com\/avatar\/830d4c57adaae6630765e449a6908047?s=96&d=mm&r=g\",\"contentUrl\":\"https:\/\/secure.gravatar.com\/avatar\/830d4c57adaae6630765e449a6908047?s=96&d=mm&r=g\",\"caption\":\"admpu17wp\"}}]}<\/script>\n<!-- \/ Yoast SEO plugin. -->","yoast_head_json":{"title":"S\u00e9ptimo aniversario del Centro Universitario Rodolfo Walsh","description":"S\u00e9ptimo aniversario del Centro Universitario Rodolfo Walsh, d\u00edas pasados se celebr\u00f3 el s\u00e9ptimo aniversario del Centro Universitario","robots":{"index":"index","follow":"follow","max-snippet":"max-snippet:-1","max-image-preview":"max-image-preview:large","max-video-preview":"max-video-preview:-1"},"canonical":"https:\/\/experienciadevida.com.ar\/portalurbano\/septimo-aniversario-del-centro-universitario-rodolfo-walsh\/","og_locale":"es_ES","og_type":"article","og_title":"S\u00e9ptimo aniversario del Centro Universitario Rodolfo Walsh","og_description":"S\u00e9ptimo aniversario del Centro Universitario Rodolfo Walsh, d\u00edas pasados se celebr\u00f3 el s\u00e9ptimo aniversario del Centro Universitario","og_url":"https:\/\/experienciadevida.com.ar\/portalurbano\/septimo-aniversario-del-centro-universitario-rodolfo-walsh\/","article_publisher":"https:\/\/www.facebook.com\/Portal-Urbano-171542830093757\/","article_published_time":"2022-04-20T20:33:09+00:00","article_modified_time":"2022-04-20T20:33:37+00:00","og_image":[{"width":765,"height":612,"url":"https:\/\/experienciadevida.com.ar\/portalurbano\/wp-content\/uploads\/2022\/04\/Septimo-aniversario-del-Centro.jpg","type":"image\/jpeg"}],"author":"admpu17wp","twitter_card":"summary_large_image","twitter_creator":"@portalurbanook","twitter_site":"@portalurbanook","twitter_misc":{"Escrito por":"admpu17wp","Tiempo de lectura":"4 minutos"},"schema":{"@context":"https:\/\/schema.org","@graph":[{"@type":"Article","@id":"https:\/\/experienciadevida.com.ar\/portalurbano\/septimo-aniversario-del-centro-universitario-rodolfo-walsh\/#article","isPartOf":{"@id":"https:\/\/experienciadevida.com.ar\/portalurbano\/septimo-aniversario-del-centro-universitario-rodolfo-walsh\/"},"author":{"name":"admpu17wp","@id":"https:\/\/experienciadevida.com.ar\/portalurbano\/#\/schema\/person\/02dd326b1c4b056e9cc972486934a3a7"},"headline":"S\u00e9ptimo aniversario del Centro Universitario Rodolfo Walsh","datePublished":"2022-04-20T20:33:09+00:00","dateModified":"2022-04-20T20:33:37+00:00","mainEntityOfPage":{"@id":"https:\/\/experienciadevida.com.ar\/portalurbano\/septimo-aniversario-del-centro-universitario-rodolfo-walsh\/"},"wordCount":751,"publisher":{"@id":"https:\/\/experienciadevida.com.ar\/portalurbano\/#organization"},"articleSection":["Ciudad"],"inLanguage":"es"},{"@type":"WebPage","@id":"https:\/\/experienciadevida.com.ar\/portalurbano\/septimo-aniversario-del-centro-universitario-rodolfo-walsh\/","url":"https:\/\/experienciadevida.com.ar\/portalurbano\/septimo-aniversario-del-centro-universitario-rodolfo-walsh\/","name":"S\u00e9ptimo aniversario del Centro Universitario Rodolfo Walsh","isPartOf":{"@id":"https:\/\/experienciadevida.com.ar\/portalurbano\/#website"},"datePublished":"2022-04-20T20:33:09+00:00","dateModified":"2022-04-20T20:33:37+00:00","description":"S\u00e9ptimo aniversario del Centro Universitario Rodolfo Walsh, d\u00edas pasados se celebr\u00f3 el s\u00e9ptimo aniversario del Centro Universitario","breadcrumb":{"@id":"https:\/\/experienciadevida.com.ar\/portalurbano\/septimo-aniversario-del-centro-universitario-rodolfo-walsh\/#breadcrumb"},"inLanguage":"es","potentialAction":[{"@type":"ReadAction","target":["https:\/\/experienciadevida.com.ar\/portalurbano\/septimo-aniversario-del-centro-universitario-rodolfo-walsh\/"]}]},{"@type":"BreadcrumbList","@id":"https:\/\/experienciadevida.com.ar\/portalurbano\/septimo-aniversario-del-centro-universitario-rodolfo-walsh\/#breadcrumb","itemListElement":[{"@type":"ListItem","position":1,"name":"Portada","item":"https:\/\/experienciadevida.com.ar\/portalurbano\/"},{"@type":"ListItem","position":2,"name":"S\u00e9ptimo aniversario del Centro Universitario Rodolfo Walsh"}]},{"@type":"WebSite","@id":"https:\/\/experienciadevida.com.ar\/portalurbano\/#website","url":"https:\/\/experienciadevida.com.ar\/portalurbano\/","name":"","description":"","publisher":{"@id":"https:\/\/experienciadevida.com.ar\/portalurbano\/#organization"},"potentialAction":[{"@type":"SearchAction","target":{"@type":"EntryPoint","urlTemplate":"https:\/\/experienciadevida.com.ar\/portalurbano\/?s={search_term_string}"},"query-input":"required name=search_term_string"}],"inLanguage":"es"},{"@type":"Organization","@id":"https:\/\/experienciadevida.com.ar\/portalurbano\/#organization","name":"Portal Urbano","url":"https:\/\/experienciadevida.com.ar\/portalurbano\/","logo":{"@type":"ImageObject","inLanguage":"es","@id":"https:\/\/experienciadevida.com.ar\/portalurbano\/#\/schema\/logo\/image\/","url":"https:\/\/experienciadevida.com.ar\/portalurbano\/wp-content\/uploads\/2019\/09\/Logo-Original.png","contentUrl":"https:\/\/experienciadevida.com.ar\/portalurbano\/wp-content\/uploads\/2019\/09\/Logo-Original.png","width":2236,"height":1216,"caption":"Portal Urbano"},"image":{"@id":"https:\/\/experienciadevida.com.ar\/portalurbano\/#\/schema\/logo\/image\/"},"sameAs":["https:\/\/www.facebook.com\/Portal-Urbano-171542830093757\/","https:\/\/twitter.com\/portalurbanook","https:\/\/www.instagram.com\/_portalurbano\/","https:\/\/www.youtube.com\/channel\/UCXhagIfszH8KxFiOok79zbA?view_as=subscriber"]},{"@type":"Person","@id":"https:\/\/experienciadevida.com.ar\/portalurbano\/#\/schema\/person\/02dd326b1c4b056e9cc972486934a3a7","name":"admpu17wp","image":{"@type":"ImageObject","inLanguage":"es","@id":"https:\/\/experienciadevida.com.ar\/portalurbano\/#\/schema\/person\/image\/","url":"https:\/\/secure.gravatar.com\/avatar\/830d4c57adaae6630765e449a6908047?s=96&d=mm&r=g","contentUrl":"https:\/\/secure.gravatar.com\/avatar\/830d4c57adaae6630765e449a6908047?s=96&d=mm&r=g","caption":"admpu17wp"}}]}},"featured_image_urls":{"full":["https:\/\/experienciadevida.com.ar\/portalurbano\/wp-content\/uploads\/2022\/04\/Septimo-aniversario-del-Centro.jpg",765,612,false],"thumbnail":["https:\/\/experienciadevida.com.ar\/portalurbano\/wp-content\/uploads\/2022\/04\/Septimo-aniversario-del-Centro-150x150.jpg",150,150,true],"medium":["https:\/\/experienciadevida.com.ar\/portalurbano\/wp-content\/uploads\/2022\/04\/Septimo-aniversario-del-Centro-300x240.jpg",300,240,true],"medium_large":["https:\/\/experienciadevida.com.ar\/portalurbano\/wp-content\/uploads\/2022\/04\/Septimo-aniversario-del-Centro.jpg",640,512,false],"large":["https:\/\/experienciadevida.com.ar\/portalurbano\/wp-content\/uploads\/2022\/04\/Septimo-aniversario-del-Centro.jpg",640,512,false],"ug_big":["https:\/\/experienciadevida.com.ar\/portalurbano\/wp-content\/uploads\/2022\/04\/Septimo-aniversario-del-Centro.jpg",765,612,false],"1536x1536":["https:\/\/experienciadevida.com.ar\/portalurbano\/wp-content\/uploads\/2022\/04\/Septimo-aniversario-del-Centro.jpg",765,612,false],"2048x2048":["https:\/\/experienciadevida.com.ar\/portalurbano\/wp-content\/uploads\/2022\/04\/Septimo-aniversario-del-Centro.jpg",765,612,false],"newsever-slider-full":["https:\/\/experienciadevida.com.ar\/portalurbano\/wp-content\/uploads\/2022\/04\/Septimo-aniversario-del-Centro.jpg",765,612,false],"newsever-featured":["https:\/\/experienciadevida.com.ar\/portalurbano\/wp-content\/uploads\/2022\/04\/Septimo-aniversario-del-Centro.jpg",765,612,false],"newsever-medium":["https:\/\/experienciadevida.com.ar\/portalurbano\/wp-content\/uploads\/2022\/04\/Septimo-aniversario-del-Centro.jpg",594,475,false],"web-stories-poster-portrait":["https:\/\/experienciadevida.com.ar\/portalurbano\/wp-content\/uploads\/2022\/04\/Septimo-aniversario-del-Centro.jpg",640,512,false],"web-stories-publisher-logo":["https:\/\/experienciadevida.com.ar\/portalurbano\/wp-content\/uploads\/2022\/04\/Septimo-aniversario-del-Centro.jpg",96,77,false],"web-stories-thumbnail":["https:\/\/experienciadevida.com.ar\/portalurbano\/wp-content\/uploads\/2022\/04\/Septimo-aniversario-del-Centro.jpg",150,120,false]},"author_info":{"display_name":"admpu17wp","author_link":"https:\/\/experienciadevida.com.ar\/portalurbano\/author\/admpu17wp\/"},"category_info":"<a href=\"https:\/\/experienciadevida.com.ar\/portalurbano\/category\/ciudad\/\" rel=\"category tag\">Ciudad<\/a>","tag_info":"Ciudad","comment_count":"0","amp_enabled":true,"_links":{"self":[{"href":"https:\/\/experienciadevida.com.ar\/portalurbano\/wp-json\/wp\/v2\/posts\/166038"}],"collection":[{"href":"https:\/\/experienciadevida.com.ar\/portalurbano\/wp-json\/wp\/v2\/posts"}],"about":[{"href":"https:\/\/experienciadevida.com.ar\/portalurbano\/wp-json\/wp\/v2\/types\/post"}],"author":[{"embeddable":true,"href":"https:\/\/experienciadevida.com.ar\/portalurbano\/wp-json\/wp\/v2\/users\/1"}],"replies":[{"embeddable":true,"href":"https:\/\/experienciadevida.com.ar\/portalurbano\/wp-json\/wp\/v2\/comments?post=166038"}],"version-history":[{"count":2,"href":"https:\/\/experienciadevida.com.ar\/portalurbano\/wp-json\/wp\/v2\/posts\/166038\/revisions"}],"predecessor-version":[{"id":166043,"href":"https:\/\/experienciadevida.com.ar\/portalurbano\/wp-json\/wp\/v2\/posts\/166038\/revisions\/166043"}],"wp:featuredmedia":[{"embeddable":true,"href":"https:\/\/experienciadevida.com.ar\/portalurbano\/wp-json\/wp\/v2\/media\/166039"}],"wp:attachment":[{"href":"https:\/\/experienciadevida.com.ar\/portalurbano\/wp-json\/wp\/v2\/media?parent=166038"}],"wp:term":[{"taxonomy":"category","embeddable":true,"href":"https:\/\/experienciadevida.com.ar\/portalurbano\/wp-json\/wp\/v2\/categories?post=166038"},{"taxonomy":"post_tag","embeddable":true,"href":"https:\/\/experienciadevida.com.ar\/portalurbano\/wp-json\/wp\/v2\/tags?post=166038"}],"curies":[{"name":"wp","href":"https:\/\/api.w.org\/{rel}","templated":true}]}}