{"id":166032,"date":"2022-04-20T16:49:50","date_gmt":"2022-04-20T19:49:50","guid":{"rendered":"https:\/\/experienciadevida.com.ar\/portalurbano\/?p=166032"},"modified":"2022-04-20T16:51:56","modified_gmt":"2022-04-20T19:51:56","slug":"llega-el-museo-itinerante-de-fotografia-al-paseo-jesus-mendia","status":"publish","type":"post","link":"https:\/\/experienciadevida.com.ar\/portalurbano\/llega-el-museo-itinerante-de-fotografia-al-paseo-jesus-mendia\/","title":{"rendered":"Llega el Museo Itinerante de Fotograf\u00eda al Paseo Jes\u00fas Mend\u00eda"},"content":{"rendered":"<p>Llega el Museo Itinerante de Fotograf\u00eda al Paseo Jes\u00fas Mend\u00eda, FOLA (Fototeca Latinoamericana) y la Fundaci\u00f3n Luz y Alfonso Castillo, presentan el primer museo de fotograf\u00eda itinerante de Argentina; el cual llegar\u00e1 a nuestra ciudad el pr\u00f3ximo martes 3 de mayo.<\/p>\n<p>Un trailer cultural, de acceso totalmente libre y gratuito, que durante todo el a\u00f1o recorrer\u00e1 m\u00e1s de 7000 Km. de nuestro pa\u00eds, para dar a conocer una muestra de fotograf\u00eda argentina que contempla autores de diferentes generaciones y estilos.<\/p>\n<p>El objetivo central del proyecto es \u201cacercar el arte a la gente\u201d. Bajo esta premisa llegar\u00e1 a Olavarr\u00eda del 3 al 8 de mayo. El tr\u00e1iler se emplazar\u00e1 en el <a href=\"https:\/\/www.facebook.com\/municipiodeolavarria\">Paseo Jes\u00fas Mend\u00eda<\/a>.<\/p>\n<p>La apertura oficial ser\u00e1 el martes 3 a las 11 horas. Se convoca a todas las instituciones educativas y p\u00fablico en general a recorrerla y disfrutar de las obras de grandes artistas nacionales.<\/p>\n<p>Los artistas que exponen son: Abd Rodrigo, Adandia Marcos, Aguirre Jorge, Bellusci Valeria, Blanco Florencia, Cabado Pablo, Chaskielberg Alejandro, Coppola Horacio, Costantino Nicola, D\u00b4Amico Alicia, de Zuvir\u00eda Facundo, Facio Sara, Fraire Cristina, Gil Eduardo, Goldenstein Alberto, Grossman Eduardo, Heinrich Annemarie, Iasparra Ignacio, Kuropatwa Alejandro, Lestido Adriana, L\u00f3pez Marcos, Marin Matilde, Minelli Gian Paolo, Muchiut Daniel, Ortiz Mugica Diego, Pastorino Esteban, P\u00e9rez Aznar Ataulfo, Pintor Oscar, Porter Liliana, RES, Ressia Romina, Rivas Humberto, Sacco Graciela, Srodek Hart Guillermo, Srur Alfredo, Stern Grete, SUB Cooperativa, Szankay Lena, Travnik Juan, Weber Mart\u00edn, Zimmermann Marcos, Zout Helen.<\/p>\n<p>&nbsp;<\/p>\n","protected":false},"excerpt":{"rendered":"<p>Llega el Museo Itinerante de Fotograf\u00eda al Paseo Jes\u00fas Mend\u00eda, FOLA (Fototeca Latinoamericana) y la&#8230;<\/p>\n","protected":false},"author":1,"featured_media":166033,"comment_status":"closed","ping_status":"closed","sticky":false,"template":"","format":"standard","meta":{"content-type":""},"categories":[27,51],"tags":[],"nelio_content":{"isAutoShareEnabled":false,"autoShareEndMode":"default","automationSources":{"useContentSentences":true,"useSocialTemplates":true,"useCustomSentences":false,"customSentences":[]},"followers":[1],"suggestedReferences":[],"includedReferences":[],"efiUrl":"","efiAlt":"","highlights":[]},"yoast_head":"<!-- This site is optimized with the Yoast SEO plugin v20.7 - https:\/\/yoast.com\/wordpress\/plugins\/seo\/ -->\n<title>Llega el Museo itinerante de Fotograf\u00eda al Paseo Jes\u00fas Mend\u00eda<\/title>\n<meta name=\"description\" content=\"Llega el Museo Itinerante de Fotograf\u00eda al Paseo Jes\u00fas Mend\u00eda, FOLA (Fototeca Latinoamericana) y la Fundaci\u00f3n Luz y Alfonso\" \/>\n<meta name=\"robots\" content=\"index, follow, max-snippet:-1, max-image-preview:large, max-video-preview:-1\" \/>\n<link rel=\"canonical\" href=\"https:\/\/experienciadevida.com.ar\/portalurbano\/llega-el-museo-itinerante-de-fotografia-al-paseo-jesus-mendia\/\" \/>\n<meta property=\"og:locale\" content=\"es_ES\" \/>\n<meta property=\"og:type\" content=\"article\" \/>\n<meta property=\"og:title\" content=\"Llega el Museo itinerante de Fotograf\u00eda al Paseo Jes\u00fas Mend\u00eda\" \/>\n<meta property=\"og:description\" content=\"Llega el Museo Itinerante de Fotograf\u00eda al Paseo Jes\u00fas Mend\u00eda, FOLA (Fototeca Latinoamericana) y la Fundaci\u00f3n Luz y Alfonso\" \/>\n<meta property=\"og:url\" content=\"https:\/\/experienciadevida.com.ar\/portalurbano\/llega-el-museo-itinerante-de-fotografia-al-paseo-jesus-mendia\/\" \/>\n<meta property=\"article:publisher\" content=\"https:\/\/www.facebook.com\/Portal-Urbano-171542830093757\/\" \/>\n<meta property=\"article:published_time\" content=\"2022-04-20T19:49:50+00:00\" \/>\n<meta property=\"article:modified_time\" content=\"2022-04-20T19:51:56+00:00\" \/>\n<meta property=\"og:image\" content=\"https:\/\/experienciadevida.com.ar\/portalurbano\/wp-content\/uploads\/2022\/04\/Llega-el-Museo-Itinerante.jpg\" \/>\n\t<meta property=\"og:image:width\" content=\"1024\" \/>\n\t<meta property=\"og:image:height\" content=\"682\" \/>\n\t<meta property=\"og:image:type\" content=\"image\/jpeg\" \/>\n<meta name=\"author\" content=\"admpu17wp\" \/>\n<meta name=\"twitter:card\" content=\"summary_large_image\" \/>\n<meta name=\"twitter:creator\" content=\"@portalurbanook\" \/>\n<meta name=\"twitter:site\" content=\"@portalurbanook\" \/>\n<meta name=\"twitter:label1\" content=\"Escrito por\" \/>\n\t<meta name=\"twitter:data1\" content=\"admpu17wp\" \/>\n\t<meta name=\"twitter:label2\" content=\"Tiempo de lectura\" \/>\n\t<meta name=\"twitter:data2\" content=\"2 minutos\" \/>\n<script type=\"application\/ld+json\" class=\"yoast-schema-graph\">{\"@context\":\"https:\/\/schema.org\",\"@graph\":[{\"@type\":\"Article\",\"@id\":\"https:\/\/experienciadevida.com.ar\/portalurbano\/llega-el-museo-itinerante-de-fotografia-al-paseo-jesus-mendia\/#article\",\"isPartOf\":{\"@id\":\"https:\/\/experienciadevida.com.ar\/portalurbano\/llega-el-museo-itinerante-de-fotografia-al-paseo-jesus-mendia\/\"},\"author\":{\"name\":\"admpu17wp\",\"@id\":\"https:\/\/experienciadevida.com.ar\/portalurbano\/#\/schema\/person\/02dd326b1c4b056e9cc972486934a3a7\"},\"headline\":\"Llega el Museo Itinerante de Fotograf\u00eda al Paseo Jes\u00fas Mend\u00eda\",\"datePublished\":\"2022-04-20T19:49:50+00:00\",\"dateModified\":\"2022-04-20T19:51:56+00:00\",\"mainEntityOfPage\":{\"@id\":\"https:\/\/experienciadevida.com.ar\/portalurbano\/llega-el-museo-itinerante-de-fotografia-al-paseo-jesus-mendia\/\"},\"wordCount\":267,\"publisher\":{\"@id\":\"https:\/\/experienciadevida.com.ar\/portalurbano\/#organization\"},\"articleSection\":[\"Ciudad\",\"Destacadas\"],\"inLanguage\":\"es\"},{\"@type\":\"WebPage\",\"@id\":\"https:\/\/experienciadevida.com.ar\/portalurbano\/llega-el-museo-itinerante-de-fotografia-al-paseo-jesus-mendia\/\",\"url\":\"https:\/\/experienciadevida.com.ar\/portalurbano\/llega-el-museo-itinerante-de-fotografia-al-paseo-jesus-mendia\/\",\"name\":\"Llega el Museo itinerante de Fotograf\u00eda al Paseo Jes\u00fas Mend\u00eda\",\"isPartOf\":{\"@id\":\"https:\/\/experienciadevida.com.ar\/portalurbano\/#website\"},\"datePublished\":\"2022-04-20T19:49:50+00:00\",\"dateModified\":\"2022-04-20T19:51:56+00:00\",\"description\":\"Llega el Museo Itinerante de Fotograf\u00eda al Paseo Jes\u00fas Mend\u00eda, FOLA (Fototeca Latinoamericana) y la Fundaci\u00f3n Luz y Alfonso\",\"breadcrumb\":{\"@id\":\"https:\/\/experienciadevida.com.ar\/portalurbano\/llega-el-museo-itinerante-de-fotografia-al-paseo-jesus-mendia\/#breadcrumb\"},\"inLanguage\":\"es\",\"potentialAction\":[{\"@type\":\"ReadAction\",\"target\":[\"https:\/\/experienciadevida.com.ar\/portalurbano\/llega-el-museo-itinerante-de-fotografia-al-paseo-jesus-mendia\/\"]}]},{\"@type\":\"BreadcrumbList\",\"@id\":\"https:\/\/experienciadevida.com.ar\/portalurbano\/llega-el-museo-itinerante-de-fotografia-al-paseo-jesus-mendia\/#breadcrumb\",\"itemListElement\":[{\"@type\":\"ListItem\",\"position\":1,\"name\":\"Portada\",\"item\":\"https:\/\/experienciadevida.com.ar\/portalurbano\/\"},{\"@type\":\"ListItem\",\"position\":2,\"name\":\"Llega el Museo Itinerante de Fotograf\u00eda al Paseo Jes\u00fas Mend\u00eda\"}]},{\"@type\":\"WebSite\",\"@id\":\"https:\/\/experienciadevida.com.ar\/portalurbano\/#website\",\"url\":\"https:\/\/experienciadevida.com.ar\/portalurbano\/\",\"name\":\"\",\"description\":\"\",\"publisher\":{\"@id\":\"https:\/\/experienciadevida.com.ar\/portalurbano\/#organization\"},\"potentialAction\":[{\"@type\":\"SearchAction\",\"target\":{\"@type\":\"EntryPoint\",\"urlTemplate\":\"https:\/\/experienciadevida.com.ar\/portalurbano\/?s={search_term_string}\"},\"query-input\":\"required name=search_term_string\"}],\"inLanguage\":\"es\"},{\"@type\":\"Organization\",\"@id\":\"https:\/\/experienciadevida.com.ar\/portalurbano\/#organization\",\"name\":\"Portal Urbano\",\"url\":\"https:\/\/experienciadevida.com.ar\/portalurbano\/\",\"logo\":{\"@type\":\"ImageObject\",\"inLanguage\":\"es\",\"@id\":\"https:\/\/experienciadevida.com.ar\/portalurbano\/#\/schema\/logo\/image\/\",\"url\":\"https:\/\/experienciadevida.com.ar\/portalurbano\/wp-content\/uploads\/2019\/09\/Logo-Original.png\",\"contentUrl\":\"https:\/\/experienciadevida.com.ar\/portalurbano\/wp-content\/uploads\/2019\/09\/Logo-Original.png\",\"width\":2236,\"height\":1216,\"caption\":\"Portal Urbano\"},\"image\":{\"@id\":\"https:\/\/experienciadevida.com.ar\/portalurbano\/#\/schema\/logo\/image\/\"},\"sameAs\":[\"https:\/\/www.facebook.com\/Portal-Urbano-171542830093757\/\",\"https:\/\/twitter.com\/portalurbanook\",\"https:\/\/www.instagram.com\/_portalurbano\/\",\"https:\/\/www.youtube.com\/channel\/UCXhagIfszH8KxFiOok79zbA?view_as=subscriber\"]},{\"@type\":\"Person\",\"@id\":\"https:\/\/experienciadevida.com.ar\/portalurbano\/#\/schema\/person\/02dd326b1c4b056e9cc972486934a3a7\",\"name\":\"admpu17wp\",\"image\":{\"@type\":\"ImageObject\",\"inLanguage\":\"es\",\"@id\":\"https:\/\/experienciadevida.com.ar\/portalurbano\/#\/schema\/person\/image\/\",\"url\":\"https:\/\/secure.gravatar.com\/avatar\/830d4c57adaae6630765e449a6908047?s=96&d=mm&r=g\",\"contentUrl\":\"https:\/\/secure.gravatar.com\/avatar\/830d4c57adaae6630765e449a6908047?s=96&d=mm&r=g\",\"caption\":\"admpu17wp\"}}]}<\/script>\n<!-- \/ Yoast SEO plugin. -->","yoast_head_json":{"title":"Llega el Museo itinerante de Fotograf\u00eda al Paseo Jes\u00fas Mend\u00eda","description":"Llega el Museo Itinerante de Fotograf\u00eda al Paseo Jes\u00fas Mend\u00eda, FOLA (Fototeca Latinoamericana) y la Fundaci\u00f3n Luz y Alfonso","robots":{"index":"index","follow":"follow","max-snippet":"max-snippet:-1","max-image-preview":"max-image-preview:large","max-video-preview":"max-video-preview:-1"},"canonical":"https:\/\/experienciadevida.com.ar\/portalurbano\/llega-el-museo-itinerante-de-fotografia-al-paseo-jesus-mendia\/","og_locale":"es_ES","og_type":"article","og_title":"Llega el Museo itinerante de Fotograf\u00eda al Paseo Jes\u00fas Mend\u00eda","og_description":"Llega el Museo Itinerante de Fotograf\u00eda al Paseo Jes\u00fas Mend\u00eda, FOLA (Fototeca Latinoamericana) y la Fundaci\u00f3n Luz y Alfonso","og_url":"https:\/\/experienciadevida.com.ar\/portalurbano\/llega-el-museo-itinerante-de-fotografia-al-paseo-jesus-mendia\/","article_publisher":"https:\/\/www.facebook.com\/Portal-Urbano-171542830093757\/","article_published_time":"2022-04-20T19:49:50+00:00","article_modified_time":"2022-04-20T19:51:56+00:00","og_image":[{"width":1024,"height":682,"url":"https:\/\/experienciadevida.com.ar\/portalurbano\/wp-content\/uploads\/2022\/04\/Llega-el-Museo-Itinerante.jpg","type":"image\/jpeg"}],"author":"admpu17wp","twitter_card":"summary_large_image","twitter_creator":"@portalurbanook","twitter_site":"@portalurbanook","twitter_misc":{"Escrito por":"admpu17wp","Tiempo de lectura":"2 minutos"},"schema":{"@context":"https:\/\/schema.org","@graph":[{"@type":"Article","@id":"https:\/\/experienciadevida.com.ar\/portalurbano\/llega-el-museo-itinerante-de-fotografia-al-paseo-jesus-mendia\/#article","isPartOf":{"@id":"https:\/\/experienciadevida.com.ar\/portalurbano\/llega-el-museo-itinerante-de-fotografia-al-paseo-jesus-mendia\/"},"author":{"name":"admpu17wp","@id":"https:\/\/experienciadevida.com.ar\/portalurbano\/#\/schema\/person\/02dd326b1c4b056e9cc972486934a3a7"},"headline":"Llega el Museo Itinerante de Fotograf\u00eda al Paseo Jes\u00fas Mend\u00eda","datePublished":"2022-04-20T19:49:50+00:00","dateModified":"2022-04-20T19:51:56+00:00","mainEntityOfPage":{"@id":"https:\/\/experienciadevida.com.ar\/portalurbano\/llega-el-museo-itinerante-de-fotografia-al-paseo-jesus-mendia\/"},"wordCount":267,"publisher":{"@id":"https:\/\/experienciadevida.com.ar\/portalurbano\/#organization"},"articleSection":["Ciudad","Destacadas"],"inLanguage":"es"},{"@type":"WebPage","@id":"https:\/\/experienciadevida.com.ar\/portalurbano\/llega-el-museo-itinerante-de-fotografia-al-paseo-jesus-mendia\/","url":"https:\/\/experienciadevida.com.ar\/portalurbano\/llega-el-museo-itinerante-de-fotografia-al-paseo-jesus-mendia\/","name":"Llega el Museo itinerante de Fotograf\u00eda al Paseo Jes\u00fas Mend\u00eda","isPartOf":{"@id":"https:\/\/experienciadevida.com.ar\/portalurbano\/#website"},"datePublished":"2022-04-20T19:49:50+00:00","dateModified":"2022-04-20T19:51:56+00:00","description":"Llega el Museo Itinerante de Fotograf\u00eda al Paseo Jes\u00fas Mend\u00eda, FOLA (Fototeca Latinoamericana) y la Fundaci\u00f3n Luz y Alfonso","breadcrumb":{"@id":"https:\/\/experienciadevida.com.ar\/portalurbano\/llega-el-museo-itinerante-de-fotografia-al-paseo-jesus-mendia\/#breadcrumb"},"inLanguage":"es","potentialAction":[{"@type":"ReadAction","target":["https:\/\/experienciadevida.com.ar\/portalurbano\/llega-el-museo-itinerante-de-fotografia-al-paseo-jesus-mendia\/"]}]},{"@type":"BreadcrumbList","@id":"https:\/\/experienciadevida.com.ar\/portalurbano\/llega-el-museo-itinerante-de-fotografia-al-paseo-jesus-mendia\/#breadcrumb","itemListElement":[{"@type":"ListItem","position":1,"name":"Portada","item":"https:\/\/experienciadevida.com.ar\/portalurbano\/"},{"@type":"ListItem","position":2,"name":"Llega el Museo Itinerante de Fotograf\u00eda al Paseo Jes\u00fas Mend\u00eda"}]},{"@type":"WebSite","@id":"https:\/\/experienciadevida.com.ar\/portalurbano\/#website","url":"https:\/\/experienciadevida.com.ar\/portalurbano\/","name":"","description":"","publisher":{"@id":"https:\/\/experienciadevida.com.ar\/portalurbano\/#organization"},"potentialAction":[{"@type":"SearchAction","target":{"@type":"EntryPoint","urlTemplate":"https:\/\/experienciadevida.com.ar\/portalurbano\/?s={search_term_string}"},"query-input":"required name=search_term_string"}],"inLanguage":"es"},{"@type":"Organization","@id":"https:\/\/experienciadevida.com.ar\/portalurbano\/#organization","name":"Portal Urbano","url":"https:\/\/experienciadevida.com.ar\/portalurbano\/","logo":{"@type":"ImageObject","inLanguage":"es","@id":"https:\/\/experienciadevida.com.ar\/portalurbano\/#\/schema\/logo\/image\/","url":"https:\/\/experienciadevida.com.ar\/portalurbano\/wp-content\/uploads\/2019\/09\/Logo-Original.png","contentUrl":"https:\/\/experienciadevida.com.ar\/portalurbano\/wp-content\/uploads\/2019\/09\/Logo-Original.png","width":2236,"height":1216,"caption":"Portal Urbano"},"image":{"@id":"https:\/\/experienciadevida.com.ar\/portalurbano\/#\/schema\/logo\/image\/"},"sameAs":["https:\/\/www.facebook.com\/Portal-Urbano-171542830093757\/","https:\/\/twitter.com\/portalurbanook","https:\/\/www.instagram.com\/_portalurbano\/","https:\/\/www.youtube.com\/channel\/UCXhagIfszH8KxFiOok79zbA?view_as=subscriber"]},{"@type":"Person","@id":"https:\/\/experienciadevida.com.ar\/portalurbano\/#\/schema\/person\/02dd326b1c4b056e9cc972486934a3a7","name":"admpu17wp","image":{"@type":"ImageObject","inLanguage":"es","@id":"https:\/\/experienciadevida.com.ar\/portalurbano\/#\/schema\/person\/image\/","url":"https:\/\/secure.gravatar.com\/avatar\/830d4c57adaae6630765e449a6908047?s=96&d=mm&r=g","contentUrl":"https:\/\/secure.gravatar.com\/avatar\/830d4c57adaae6630765e449a6908047?s=96&d=mm&r=g","caption":"admpu17wp"}}]}},"featured_image_urls":{"full":["https:\/\/experienciadevida.com.ar\/portalurbano\/wp-content\/uploads\/2022\/04\/Llega-el-Museo-Itinerante.jpg",1024,682,false],"thumbnail":["https:\/\/experienciadevida.com.ar\/portalurbano\/wp-content\/uploads\/2022\/04\/Llega-el-Museo-Itinerante-150x150.jpg",150,150,true],"medium":["https:\/\/experienciadevida.com.ar\/portalurbano\/wp-content\/uploads\/2022\/04\/Llega-el-Museo-Itinerante-300x200.jpg",300,200,true],"medium_large":["https:\/\/experienciadevida.com.ar\/portalurbano\/wp-content\/uploads\/2022\/04\/Llega-el-Museo-Itinerante-768x512.jpg",640,427,true],"large":["https:\/\/experienciadevida.com.ar\/portalurbano\/wp-content\/uploads\/2022\/04\/Llega-el-Museo-Itinerante.jpg",640,426,false],"ug_big":["https:\/\/experienciadevida.com.ar\/portalurbano\/wp-content\/uploads\/2022\/04\/Llega-el-Museo-Itinerante-768x512.jpg",768,512,true],"1536x1536":["https:\/\/experienciadevida.com.ar\/portalurbano\/wp-content\/uploads\/2022\/04\/Llega-el-Museo-Itinerante.jpg",1024,682,false],"2048x2048":["https:\/\/experienciadevida.com.ar\/portalurbano\/wp-content\/uploads\/2022\/04\/Llega-el-Museo-Itinerante.jpg",1024,682,false],"newsever-slider-full":["https:\/\/experienciadevida.com.ar\/portalurbano\/wp-content\/uploads\/2022\/04\/Llega-el-Museo-Itinerante.jpg",1024,682,false],"newsever-featured":["https:\/\/experienciadevida.com.ar\/portalurbano\/wp-content\/uploads\/2022\/04\/Llega-el-Museo-Itinerante.jpg",1024,682,false],"newsever-medium":["https:\/\/experienciadevida.com.ar\/portalurbano\/wp-content\/uploads\/2022\/04\/Llega-el-Museo-Itinerante.jpg",713,475,false],"web-stories-poster-portrait":["https:\/\/experienciadevida.com.ar\/portalurbano\/wp-content\/uploads\/2022\/04\/Llega-el-Museo-Itinerante.jpg",640,426,false],"web-stories-publisher-logo":["https:\/\/experienciadevida.com.ar\/portalurbano\/wp-content\/uploads\/2022\/04\/Llega-el-Museo-Itinerante.jpg",96,64,false],"web-stories-thumbnail":["https:\/\/experienciadevida.com.ar\/portalurbano\/wp-content\/uploads\/2022\/04\/Llega-el-Museo-Itinerante.jpg",150,100,false]},"author_info":{"display_name":"admpu17wp","author_link":"https:\/\/experienciadevida.com.ar\/portalurbano\/author\/admpu17wp\/"},"category_info":"<a href=\"https:\/\/experienciadevida.com.ar\/portalurbano\/category\/ciudad\/\" rel=\"category tag\">Ciudad<\/a> <a href=\"https:\/\/experienciadevida.com.ar\/portalurbano\/category\/destacadas\/\" rel=\"category tag\">Destacadas<\/a>","tag_info":"Destacadas","comment_count":"0","amp_enabled":true,"_links":{"self":[{"href":"https:\/\/experienciadevida.com.ar\/portalurbano\/wp-json\/wp\/v2\/posts\/166032"}],"collection":[{"href":"https:\/\/experienciadevida.com.ar\/portalurbano\/wp-json\/wp\/v2\/posts"}],"about":[{"href":"https:\/\/experienciadevida.com.ar\/portalurbano\/wp-json\/wp\/v2\/types\/post"}],"author":[{"embeddable":true,"href":"https:\/\/experienciadevida.com.ar\/portalurbano\/wp-json\/wp\/v2\/users\/1"}],"replies":[{"embeddable":true,"href":"https:\/\/experienciadevida.com.ar\/portalurbano\/wp-json\/wp\/v2\/comments?post=166032"}],"version-history":[{"count":2,"href":"https:\/\/experienciadevida.com.ar\/portalurbano\/wp-json\/wp\/v2\/posts\/166032\/revisions"}],"predecessor-version":[{"id":166035,"href":"https:\/\/experienciadevida.com.ar\/portalurbano\/wp-json\/wp\/v2\/posts\/166032\/revisions\/166035"}],"wp:featuredmedia":[{"embeddable":true,"href":"https:\/\/experienciadevida.com.ar\/portalurbano\/wp-json\/wp\/v2\/media\/166033"}],"wp:attachment":[{"href":"https:\/\/experienciadevida.com.ar\/portalurbano\/wp-json\/wp\/v2\/media?parent=166032"}],"wp:term":[{"taxonomy":"category","embeddable":true,"href":"https:\/\/experienciadevida.com.ar\/portalurbano\/wp-json\/wp\/v2\/categories?post=166032"},{"taxonomy":"post_tag","embeddable":true,"href":"https:\/\/experienciadevida.com.ar\/portalurbano\/wp-json\/wp\/v2\/tags?post=166032"}],"curies":[{"name":"wp","href":"https:\/\/api.w.org\/{rel}","templated":true}]}}