{"id":166021,"date":"2022-04-20T13:08:13","date_gmt":"2022-04-20T16:08:13","guid":{"rendered":"https:\/\/experienciadevida.com.ar\/portalurbano\/?p=166021"},"modified":"2022-04-20T13:16:30","modified_gmt":"2022-04-20T16:16:30","slug":"comenzo-la-obra-de-reemplazo-de-veredas-en-la-escuela-ex-normal","status":"publish","type":"post","link":"https:\/\/experienciadevida.com.ar\/portalurbano\/comenzo-la-obra-de-reemplazo-de-veredas-en-la-escuela-ex-normal\/","title":{"rendered":"Comenz\u00f3 la obra de reemplazo de veredas en la Escuela Ex Normal"},"content":{"rendered":"<p>Comenz\u00f3 la obra de reemplazo de veredas en la Escuela Ex Normal, el intendente Ezequiel <a href=\"https:\/\/www.facebook.com\/galliezequiel\">Galli<\/a> visit\u00f3 la obra de reemplazo de veredas en la sede de la Ex Escuela Normal, donde actualmente funciona la EEP N\u00ba 81 y la EES N\u00ba 10.<\/p>\n<p>Durante la recorrida, el Intendente estuvo acompa\u00f1ado por el secretario de Mantenimiento y Obras P\u00fablicas Julio Ferraro.<\/p>\n<p>Cabe recordar que en el mes de febrero se llevaron a cabo las licitaciones privadas para la ejecuci\u00f3n de la obra en el establecimiento educativo, ubicado sobre las calles San Mart\u00edn, Lamadrid, Espa\u00f1a y Belgrano.<\/p>\n<p>Se realizaron dos licitaciones, una para el reemplazo de veredas sobre calle San Mart\u00edn ($4.451.475 pesos), y otra para continuar con los trabajos sobre calle Belgrano ($3.797.553 pesos), que fueron adjudicadas a la empresa Visan Ingenier\u00eda, por un monto total superior a los 8 millones de pesos.<\/p>\n<p>La obra se inici\u00f3 sobre calle San Mart\u00edn con los trabajos preliminares de retiro de solados, incluso los contrapisos, hasta llegar al terreno natural, con especial cuidado con los tendidos de las instalaciones, y de movimiento de suelos y nivelaci\u00f3n.<\/p>\n<p>Cabe aclarar que, debido a que el establecimiento cuenta con \u00e1rboles a\u00f1osos, y sus ra\u00edces afectan la infraestructura, como tambi\u00e9n acota los espacios de circulaciones peatonales, se llevaron adelante tareas de poda y extracci\u00f3n.<\/p>\n<p>Las especies extra\u00eddas ser\u00e1n trasplantadas en el parque, seg\u00fan indicaci\u00f3n de la inspecci\u00f3n de obra. El trabajo de la empresa adjudicataria incluye la conservaci\u00f3n de los \u00e1rboles trasplantados. Asimismo, se prev\u00e9 la plantaci\u00f3n de nuevas especies arb\u00f3reas.<\/p>\n<p>Los nuevos solados se materializan mediante contrapiso armado con malla con<\/p>\n<p>terminaci\u00f3n antideslizante peinada, el espesor es de 12cm. Se prev\u00e9 la realizaci\u00f3n de juntas de dilataci\u00f3n conformando pa\u00f1os de no m\u00e1s de 12 m2. Los bordes lisos son de 10cm de espesor. Se conforman canteros de dimensiones 2,00 x 1,20m, con provisi\u00f3n y colocaci\u00f3n de piedra partida tipo dolomita.<\/p>\n<p>&nbsp;<\/p>\n<p><a href=\"https:\/\/experienciadevida.com.ar\/portalurbano\/comenzo-la-obra-de-reemplazo-de-veredas-en-la-escuela-ex-normal\/comenzo-7\/\" rel=\"attachment wp-att-166024\"><img decoding=\"async\" class=\"alignnone size-large wp-image-166024\" src=\"https:\/\/experienciadevida.com.ar\/portalurbano\/wp-content\/uploads\/2022\/04\/Comenzo-1-1024x684.jpg\" alt=\"Comenz\u00f3 \" width=\"900\" height=\"601\" srcset=\"https:\/\/experienciadevida.com.ar\/portalurbano\/wp-content\/uploads\/2022\/04\/Comenzo-1-1024x684.jpg 1024w, https:\/\/experienciadevida.com.ar\/portalurbano\/wp-content\/uploads\/2022\/04\/Comenzo-1-300x201.jpg 300w, https:\/\/experienciadevida.com.ar\/portalurbano\/wp-content\/uploads\/2022\/04\/Comenzo-1-768x513.jpg 768w, https:\/\/experienciadevida.com.ar\/portalurbano\/wp-content\/uploads\/2022\/04\/Comenzo-1-1536x1027.jpg 1536w, https:\/\/experienciadevida.com.ar\/portalurbano\/wp-content\/uploads\/2022\/04\/Comenzo-1-2048x1369.jpg 2048w\" sizes=\"(max-width: 900px) 100vw, 900px\" \/><\/a><\/p>\n","protected":false},"excerpt":{"rendered":"<p>Comenz\u00f3 la obra de reemplazo de veredas en la Escuela Ex Normal, el intendente Ezequiel&#8230;<\/p>\n","protected":false},"author":1,"featured_media":166022,"comment_status":"closed","ping_status":"closed","sticky":false,"template":"","format":"standard","meta":{"content-type":""},"categories":[27,51],"tags":[],"nelio_content":{"isAutoShareEnabled":false,"autoShareEndMode":"default","automationSources":{"useContentSentences":true,"useSocialTemplates":true,"useCustomSentences":false,"customSentences":[]},"followers":[1],"suggestedReferences":[],"includedReferences":[],"efiUrl":"","efiAlt":"","highlights":[]},"yoast_head":"<!-- This site is optimized with the Yoast SEO plugin v20.7 - https:\/\/yoast.com\/wordpress\/plugins\/seo\/ -->\n<title>Comenz\u00f3 la obra de reemplazo de veredas en la escuela ex normal<\/title>\n<meta name=\"description\" content=\"Comenz\u00f3 la obra de reemplazo de veredas en la Escuela Ex Normal, el intendente Ezequiel Galli visit\u00f3 la obra de reemplazo\" \/>\n<meta name=\"robots\" content=\"index, follow, max-snippet:-1, max-image-preview:large, max-video-preview:-1\" \/>\n<link rel=\"canonical\" href=\"https:\/\/experienciadevida.com.ar\/portalurbano\/comenzo-la-obra-de-reemplazo-de-veredas-en-la-escuela-ex-normal\/\" \/>\n<meta property=\"og:locale\" content=\"es_ES\" \/>\n<meta property=\"og:type\" content=\"article\" \/>\n<meta property=\"og:title\" content=\"Comenz\u00f3 la obra de reemplazo de veredas en la escuela ex normal\" \/>\n<meta property=\"og:description\" content=\"Comenz\u00f3 la obra de reemplazo de veredas en la Escuela Ex Normal, el intendente Ezequiel Galli visit\u00f3 la obra de reemplazo\" \/>\n<meta property=\"og:url\" content=\"https:\/\/experienciadevida.com.ar\/portalurbano\/comenzo-la-obra-de-reemplazo-de-veredas-en-la-escuela-ex-normal\/\" \/>\n<meta property=\"article:publisher\" content=\"https:\/\/www.facebook.com\/Portal-Urbano-171542830093757\/\" \/>\n<meta property=\"article:published_time\" content=\"2022-04-20T16:08:13+00:00\" \/>\n<meta property=\"article:modified_time\" content=\"2022-04-20T16:16:30+00:00\" \/>\n<meta property=\"og:image\" content=\"https:\/\/experienciadevida.com.ar\/portalurbano\/wp-content\/uploads\/2022\/04\/Comenzo-la-obra-de.jpg\" \/>\n\t<meta property=\"og:image:width\" content=\"2560\" \/>\n\t<meta property=\"og:image:height\" content=\"1711\" \/>\n\t<meta property=\"og:image:type\" content=\"image\/jpeg\" \/>\n<meta name=\"author\" content=\"admpu17wp\" \/>\n<meta name=\"twitter:card\" content=\"summary_large_image\" \/>\n<meta name=\"twitter:creator\" content=\"@portalurbanook\" \/>\n<meta name=\"twitter:site\" content=\"@portalurbanook\" \/>\n<meta name=\"twitter:label1\" content=\"Escrito por\" \/>\n\t<meta name=\"twitter:data1\" content=\"admpu17wp\" \/>\n\t<meta name=\"twitter:label2\" content=\"Tiempo de lectura\" \/>\n\t<meta name=\"twitter:data2\" content=\"2 minutos\" \/>\n<script type=\"application\/ld+json\" class=\"yoast-schema-graph\">{\"@context\":\"https:\/\/schema.org\",\"@graph\":[{\"@type\":\"Article\",\"@id\":\"https:\/\/experienciadevida.com.ar\/portalurbano\/comenzo-la-obra-de-reemplazo-de-veredas-en-la-escuela-ex-normal\/#article\",\"isPartOf\":{\"@id\":\"https:\/\/experienciadevida.com.ar\/portalurbano\/comenzo-la-obra-de-reemplazo-de-veredas-en-la-escuela-ex-normal\/\"},\"author\":{\"name\":\"admpu17wp\",\"@id\":\"https:\/\/experienciadevida.com.ar\/portalurbano\/#\/schema\/person\/02dd326b1c4b056e9cc972486934a3a7\"},\"headline\":\"Comenz\u00f3 la obra de reemplazo de veredas en la Escuela Ex Normal\",\"datePublished\":\"2022-04-20T16:08:13+00:00\",\"dateModified\":\"2022-04-20T16:16:30+00:00\",\"mainEntityOfPage\":{\"@id\":\"https:\/\/experienciadevida.com.ar\/portalurbano\/comenzo-la-obra-de-reemplazo-de-veredas-en-la-escuela-ex-normal\/\"},\"wordCount\":347,\"publisher\":{\"@id\":\"https:\/\/experienciadevida.com.ar\/portalurbano\/#organization\"},\"articleSection\":[\"Ciudad\",\"Destacadas\"],\"inLanguage\":\"es\"},{\"@type\":\"WebPage\",\"@id\":\"https:\/\/experienciadevida.com.ar\/portalurbano\/comenzo-la-obra-de-reemplazo-de-veredas-en-la-escuela-ex-normal\/\",\"url\":\"https:\/\/experienciadevida.com.ar\/portalurbano\/comenzo-la-obra-de-reemplazo-de-veredas-en-la-escuela-ex-normal\/\",\"name\":\"Comenz\u00f3 la obra de reemplazo de veredas en la escuela ex normal\",\"isPartOf\":{\"@id\":\"https:\/\/experienciadevida.com.ar\/portalurbano\/#website\"},\"datePublished\":\"2022-04-20T16:08:13+00:00\",\"dateModified\":\"2022-04-20T16:16:30+00:00\",\"description\":\"Comenz\u00f3 la obra de reemplazo de veredas en la Escuela Ex Normal, el intendente Ezequiel Galli visit\u00f3 la obra de reemplazo\",\"breadcrumb\":{\"@id\":\"https:\/\/experienciadevida.com.ar\/portalurbano\/comenzo-la-obra-de-reemplazo-de-veredas-en-la-escuela-ex-normal\/#breadcrumb\"},\"inLanguage\":\"es\",\"potentialAction\":[{\"@type\":\"ReadAction\",\"target\":[\"https:\/\/experienciadevida.com.ar\/portalurbano\/comenzo-la-obra-de-reemplazo-de-veredas-en-la-escuela-ex-normal\/\"]}]},{\"@type\":\"BreadcrumbList\",\"@id\":\"https:\/\/experienciadevida.com.ar\/portalurbano\/comenzo-la-obra-de-reemplazo-de-veredas-en-la-escuela-ex-normal\/#breadcrumb\",\"itemListElement\":[{\"@type\":\"ListItem\",\"position\":1,\"name\":\"Portada\",\"item\":\"https:\/\/experienciadevida.com.ar\/portalurbano\/\"},{\"@type\":\"ListItem\",\"position\":2,\"name\":\"Comenz\u00f3 la obra de reemplazo de veredas en la Escuela Ex Normal\"}]},{\"@type\":\"WebSite\",\"@id\":\"https:\/\/experienciadevida.com.ar\/portalurbano\/#website\",\"url\":\"https:\/\/experienciadevida.com.ar\/portalurbano\/\",\"name\":\"\",\"description\":\"\",\"publisher\":{\"@id\":\"https:\/\/experienciadevida.com.ar\/portalurbano\/#organization\"},\"potentialAction\":[{\"@type\":\"SearchAction\",\"target\":{\"@type\":\"EntryPoint\",\"urlTemplate\":\"https:\/\/experienciadevida.com.ar\/portalurbano\/?s={search_term_string}\"},\"query-input\":\"required name=search_term_string\"}],\"inLanguage\":\"es\"},{\"@type\":\"Organization\",\"@id\":\"https:\/\/experienciadevida.com.ar\/portalurbano\/#organization\",\"name\":\"Portal Urbano\",\"url\":\"https:\/\/experienciadevida.com.ar\/portalurbano\/\",\"logo\":{\"@type\":\"ImageObject\",\"inLanguage\":\"es\",\"@id\":\"https:\/\/experienciadevida.com.ar\/portalurbano\/#\/schema\/logo\/image\/\",\"url\":\"https:\/\/experienciadevida.com.ar\/portalurbano\/wp-content\/uploads\/2019\/09\/Logo-Original.png\",\"contentUrl\":\"https:\/\/experienciadevida.com.ar\/portalurbano\/wp-content\/uploads\/2019\/09\/Logo-Original.png\",\"width\":2236,\"height\":1216,\"caption\":\"Portal Urbano\"},\"image\":{\"@id\":\"https:\/\/experienciadevida.com.ar\/portalurbano\/#\/schema\/logo\/image\/\"},\"sameAs\":[\"https:\/\/www.facebook.com\/Portal-Urbano-171542830093757\/\",\"https:\/\/twitter.com\/portalurbanook\",\"https:\/\/www.instagram.com\/_portalurbano\/\",\"https:\/\/www.youtube.com\/channel\/UCXhagIfszH8KxFiOok79zbA?view_as=subscriber\"]},{\"@type\":\"Person\",\"@id\":\"https:\/\/experienciadevida.com.ar\/portalurbano\/#\/schema\/person\/02dd326b1c4b056e9cc972486934a3a7\",\"name\":\"admpu17wp\",\"image\":{\"@type\":\"ImageObject\",\"inLanguage\":\"es\",\"@id\":\"https:\/\/experienciadevida.com.ar\/portalurbano\/#\/schema\/person\/image\/\",\"url\":\"https:\/\/secure.gravatar.com\/avatar\/830d4c57adaae6630765e449a6908047?s=96&d=mm&r=g\",\"contentUrl\":\"https:\/\/secure.gravatar.com\/avatar\/830d4c57adaae6630765e449a6908047?s=96&d=mm&r=g\",\"caption\":\"admpu17wp\"}}]}<\/script>\n<!-- \/ Yoast SEO plugin. -->","yoast_head_json":{"title":"Comenz\u00f3 la obra de reemplazo de veredas en la escuela ex normal","description":"Comenz\u00f3 la obra de reemplazo de veredas en la Escuela Ex Normal, el intendente Ezequiel Galli visit\u00f3 la obra de reemplazo","robots":{"index":"index","follow":"follow","max-snippet":"max-snippet:-1","max-image-preview":"max-image-preview:large","max-video-preview":"max-video-preview:-1"},"canonical":"https:\/\/experienciadevida.com.ar\/portalurbano\/comenzo-la-obra-de-reemplazo-de-veredas-en-la-escuela-ex-normal\/","og_locale":"es_ES","og_type":"article","og_title":"Comenz\u00f3 la obra de reemplazo de veredas en la escuela ex normal","og_description":"Comenz\u00f3 la obra de reemplazo de veredas en la Escuela Ex Normal, el intendente Ezequiel Galli visit\u00f3 la obra de reemplazo","og_url":"https:\/\/experienciadevida.com.ar\/portalurbano\/comenzo-la-obra-de-reemplazo-de-veredas-en-la-escuela-ex-normal\/","article_publisher":"https:\/\/www.facebook.com\/Portal-Urbano-171542830093757\/","article_published_time":"2022-04-20T16:08:13+00:00","article_modified_time":"2022-04-20T16:16:30+00:00","og_image":[{"width":2560,"height":1711,"url":"https:\/\/experienciadevida.com.ar\/portalurbano\/wp-content\/uploads\/2022\/04\/Comenzo-la-obra-de.jpg","type":"image\/jpeg"}],"author":"admpu17wp","twitter_card":"summary_large_image","twitter_creator":"@portalurbanook","twitter_site":"@portalurbanook","twitter_misc":{"Escrito por":"admpu17wp","Tiempo de lectura":"2 minutos"},"schema":{"@context":"https:\/\/schema.org","@graph":[{"@type":"Article","@id":"https:\/\/experienciadevida.com.ar\/portalurbano\/comenzo-la-obra-de-reemplazo-de-veredas-en-la-escuela-ex-normal\/#article","isPartOf":{"@id":"https:\/\/experienciadevida.com.ar\/portalurbano\/comenzo-la-obra-de-reemplazo-de-veredas-en-la-escuela-ex-normal\/"},"author":{"name":"admpu17wp","@id":"https:\/\/experienciadevida.com.ar\/portalurbano\/#\/schema\/person\/02dd326b1c4b056e9cc972486934a3a7"},"headline":"Comenz\u00f3 la obra de reemplazo de veredas en la Escuela Ex Normal","datePublished":"2022-04-20T16:08:13+00:00","dateModified":"2022-04-20T16:16:30+00:00","mainEntityOfPage":{"@id":"https:\/\/experienciadevida.com.ar\/portalurbano\/comenzo-la-obra-de-reemplazo-de-veredas-en-la-escuela-ex-normal\/"},"wordCount":347,"publisher":{"@id":"https:\/\/experienciadevida.com.ar\/portalurbano\/#organization"},"articleSection":["Ciudad","Destacadas"],"inLanguage":"es"},{"@type":"WebPage","@id":"https:\/\/experienciadevida.com.ar\/portalurbano\/comenzo-la-obra-de-reemplazo-de-veredas-en-la-escuela-ex-normal\/","url":"https:\/\/experienciadevida.com.ar\/portalurbano\/comenzo-la-obra-de-reemplazo-de-veredas-en-la-escuela-ex-normal\/","name":"Comenz\u00f3 la obra de reemplazo de veredas en la escuela ex normal","isPartOf":{"@id":"https:\/\/experienciadevida.com.ar\/portalurbano\/#website"},"datePublished":"2022-04-20T16:08:13+00:00","dateModified":"2022-04-20T16:16:30+00:00","description":"Comenz\u00f3 la obra de reemplazo de veredas en la Escuela Ex Normal, el intendente Ezequiel Galli visit\u00f3 la obra de reemplazo","breadcrumb":{"@id":"https:\/\/experienciadevida.com.ar\/portalurbano\/comenzo-la-obra-de-reemplazo-de-veredas-en-la-escuela-ex-normal\/#breadcrumb"},"inLanguage":"es","potentialAction":[{"@type":"ReadAction","target":["https:\/\/experienciadevida.com.ar\/portalurbano\/comenzo-la-obra-de-reemplazo-de-veredas-en-la-escuela-ex-normal\/"]}]},{"@type":"BreadcrumbList","@id":"https:\/\/experienciadevida.com.ar\/portalurbano\/comenzo-la-obra-de-reemplazo-de-veredas-en-la-escuela-ex-normal\/#breadcrumb","itemListElement":[{"@type":"ListItem","position":1,"name":"Portada","item":"https:\/\/experienciadevida.com.ar\/portalurbano\/"},{"@type":"ListItem","position":2,"name":"Comenz\u00f3 la obra de reemplazo de veredas en la Escuela Ex Normal"}]},{"@type":"WebSite","@id":"https:\/\/experienciadevida.com.ar\/portalurbano\/#website","url":"https:\/\/experienciadevida.com.ar\/portalurbano\/","name":"","description":"","publisher":{"@id":"https:\/\/experienciadevida.com.ar\/portalurbano\/#organization"},"potentialAction":[{"@type":"SearchAction","target":{"@type":"EntryPoint","urlTemplate":"https:\/\/experienciadevida.com.ar\/portalurbano\/?s={search_term_string}"},"query-input":"required name=search_term_string"}],"inLanguage":"es"},{"@type":"Organization","@id":"https:\/\/experienciadevida.com.ar\/portalurbano\/#organization","name":"Portal Urbano","url":"https:\/\/experienciadevida.com.ar\/portalurbano\/","logo":{"@type":"ImageObject","inLanguage":"es","@id":"https:\/\/experienciadevida.com.ar\/portalurbano\/#\/schema\/logo\/image\/","url":"https:\/\/experienciadevida.com.ar\/portalurbano\/wp-content\/uploads\/2019\/09\/Logo-Original.png","contentUrl":"https:\/\/experienciadevida.com.ar\/portalurbano\/wp-content\/uploads\/2019\/09\/Logo-Original.png","width":2236,"height":1216,"caption":"Portal Urbano"},"image":{"@id":"https:\/\/experienciadevida.com.ar\/portalurbano\/#\/schema\/logo\/image\/"},"sameAs":["https:\/\/www.facebook.com\/Portal-Urbano-171542830093757\/","https:\/\/twitter.com\/portalurbanook","https:\/\/www.instagram.com\/_portalurbano\/","https:\/\/www.youtube.com\/channel\/UCXhagIfszH8KxFiOok79zbA?view_as=subscriber"]},{"@type":"Person","@id":"https:\/\/experienciadevida.com.ar\/portalurbano\/#\/schema\/person\/02dd326b1c4b056e9cc972486934a3a7","name":"admpu17wp","image":{"@type":"ImageObject","inLanguage":"es","@id":"https:\/\/experienciadevida.com.ar\/portalurbano\/#\/schema\/person\/image\/","url":"https:\/\/secure.gravatar.com\/avatar\/830d4c57adaae6630765e449a6908047?s=96&d=mm&r=g","contentUrl":"https:\/\/secure.gravatar.com\/avatar\/830d4c57adaae6630765e449a6908047?s=96&d=mm&r=g","caption":"admpu17wp"}}]}},"featured_image_urls":{"full":["https:\/\/experienciadevida.com.ar\/portalurbano\/wp-content\/uploads\/2022\/04\/Comenzo-la-obra-de.jpg",2560,1711,false],"thumbnail":["https:\/\/experienciadevida.com.ar\/portalurbano\/wp-content\/uploads\/2022\/04\/Comenzo-la-obra-de-150x150.jpg",150,150,true],"medium":["https:\/\/experienciadevida.com.ar\/portalurbano\/wp-content\/uploads\/2022\/04\/Comenzo-la-obra-de-300x201.jpg",300,201,true],"medium_large":["https:\/\/experienciadevida.com.ar\/portalurbano\/wp-content\/uploads\/2022\/04\/Comenzo-la-obra-de-768x513.jpg",640,428,true],"large":["https:\/\/experienciadevida.com.ar\/portalurbano\/wp-content\/uploads\/2022\/04\/Comenzo-la-obra-de-1024x684.jpg",640,428,true],"ug_big":["https:\/\/experienciadevida.com.ar\/portalurbano\/wp-content\/uploads\/2022\/04\/Comenzo-la-obra-de-768x513.jpg",768,513,true],"1536x1536":["https:\/\/experienciadevida.com.ar\/portalurbano\/wp-content\/uploads\/2022\/04\/Comenzo-la-obra-de-1536x1027.jpg",1536,1027,true],"2048x2048":["https:\/\/experienciadevida.com.ar\/portalurbano\/wp-content\/uploads\/2022\/04\/Comenzo-la-obra-de-2048x1369.jpg",2048,1369,true],"newsever-slider-full":["https:\/\/experienciadevida.com.ar\/portalurbano\/wp-content\/uploads\/2022\/04\/Comenzo-la-obra-de.jpg",1264,845,false],"newsever-featured":["https:\/\/experienciadevida.com.ar\/portalurbano\/wp-content\/uploads\/2022\/04\/Comenzo-la-obra-de.jpg",1024,684,false],"newsever-medium":["https:\/\/experienciadevida.com.ar\/portalurbano\/wp-content\/uploads\/2022\/04\/Comenzo-la-obra-de.jpg",711,475,false],"web-stories-poster-portrait":["https:\/\/experienciadevida.com.ar\/portalurbano\/wp-content\/uploads\/2022\/04\/Comenzo-la-obra-de.jpg",640,428,false],"web-stories-publisher-logo":["https:\/\/experienciadevida.com.ar\/portalurbano\/wp-content\/uploads\/2022\/04\/Comenzo-la-obra-de.jpg",96,64,false],"web-stories-thumbnail":["https:\/\/experienciadevida.com.ar\/portalurbano\/wp-content\/uploads\/2022\/04\/Comenzo-la-obra-de.jpg",150,100,false]},"author_info":{"display_name":"admpu17wp","author_link":"https:\/\/experienciadevida.com.ar\/portalurbano\/author\/admpu17wp\/"},"category_info":"<a href=\"https:\/\/experienciadevida.com.ar\/portalurbano\/category\/ciudad\/\" rel=\"category tag\">Ciudad<\/a> <a href=\"https:\/\/experienciadevida.com.ar\/portalurbano\/category\/destacadas\/\" rel=\"category tag\">Destacadas<\/a>","tag_info":"Destacadas","comment_count":"0","amp_enabled":true,"_links":{"self":[{"href":"https:\/\/experienciadevida.com.ar\/portalurbano\/wp-json\/wp\/v2\/posts\/166021"}],"collection":[{"href":"https:\/\/experienciadevida.com.ar\/portalurbano\/wp-json\/wp\/v2\/posts"}],"about":[{"href":"https:\/\/experienciadevida.com.ar\/portalurbano\/wp-json\/wp\/v2\/types\/post"}],"author":[{"embeddable":true,"href":"https:\/\/experienciadevida.com.ar\/portalurbano\/wp-json\/wp\/v2\/users\/1"}],"replies":[{"embeddable":true,"href":"https:\/\/experienciadevida.com.ar\/portalurbano\/wp-json\/wp\/v2\/comments?post=166021"}],"version-history":[{"count":3,"href":"https:\/\/experienciadevida.com.ar\/portalurbano\/wp-json\/wp\/v2\/posts\/166021\/revisions"}],"predecessor-version":[{"id":166026,"href":"https:\/\/experienciadevida.com.ar\/portalurbano\/wp-json\/wp\/v2\/posts\/166021\/revisions\/166026"}],"wp:featuredmedia":[{"embeddable":true,"href":"https:\/\/experienciadevida.com.ar\/portalurbano\/wp-json\/wp\/v2\/media\/166022"}],"wp:attachment":[{"href":"https:\/\/experienciadevida.com.ar\/portalurbano\/wp-json\/wp\/v2\/media?parent=166021"}],"wp:term":[{"taxonomy":"category","embeddable":true,"href":"https:\/\/experienciadevida.com.ar\/portalurbano\/wp-json\/wp\/v2\/categories?post=166021"},{"taxonomy":"post_tag","embeddable":true,"href":"https:\/\/experienciadevida.com.ar\/portalurbano\/wp-json\/wp\/v2\/tags?post=166021"}],"curies":[{"name":"wp","href":"https:\/\/api.w.org\/{rel}","templated":true}]}}