{"id":166018,"date":"2022-04-20T12:47:29","date_gmt":"2022-04-20T15:47:29","guid":{"rendered":"https:\/\/experienciadevida.com.ar\/portalurbano\/?p=166018"},"modified":"2022-04-20T12:59:01","modified_gmt":"2022-04-20T15:59:01","slug":"licencias-de-conducir-a-partir-de-este-miercoles-se-amplia-el-horario-para-las-pruebas-de-manejo","status":"publish","type":"post","link":"https:\/\/experienciadevida.com.ar\/portalurbano\/licencias-de-conducir-a-partir-de-este-miercoles-se-amplia-el-horario-para-las-pruebas-de-manejo\/","title":{"rendered":"Licencias de Conducir: a partir de este mi\u00e9rcoles se ampl\u00eda el horario para las pruebas de manejo"},"content":{"rendered":"<p>Licencias de Conducir: a partir de este mi\u00e9rcoles se ampl\u00eda el horario para las pruebas de manejo, la Direcci\u00f3n de Licencias de Conducir recuerda que se ampl\u00eda el horario para la realizaci\u00f3n de la prueba te\u00f3rico-pr\u00e1ctica, que se desarrolla para obtener o renovar la licencia.<\/p>\n<p>A partir de este mi\u00e9rcoles 20 de abril, los d\u00edas lunes, mi\u00e9rcoles y viernes se agrega un turno m\u00e1s, a las 13 horas, que se suma a los turnos ya existentes de las 7.30, 8.45, 10 y 11.30 horas.<\/p>\n<p>Esta medida obedece a la gran demanda existente en relaci\u00f3n a la otorgaci\u00f3n o renovaci\u00f3n de las licencias de conducir y permitir\u00e1 brindar mayor cantidad de turnos, descomprimir la atenci\u00f3n y brindar un mejor servicio a la comunidad.<\/p>\n<p>\u201cEstos turnos nos permitir\u00e1n que veinte personas m\u00e1s por d\u00eda puedan realizar el examen te\u00f3rico-pr\u00e1ctico. Lo podemos llevar a cabo por la excelente predisposici\u00f3n de los empleados del predio que funciona en La M\u00e1xima y su encargado Mart\u00edn Rocha\u201d, destac\u00f3 Leandro Lanceta, director de Licencias de Conducir.<\/p>\n<p>Adem\u00e1s el funcionario municipal destac\u00f3 que se viene trabajando en distintos aspectos en pos de agilizar la gesti\u00f3n. En este sentido, los d\u00edas s\u00e1bados, de 8 a 13 horas, en el Sal\u00f3n Rivadavia, se ampli\u00f3 la atenci\u00f3n para realizar el tr\u00e1mite de renovaci\u00f3n de las licencias con vencimiento en 2022. Adem\u00e1s los d\u00edas jueves, de manera peri\u00f3dica, se brinda una charla te\u00f3rica, para quienes crean necesario el apoyo te\u00f3rico al momento de renovar u obtener la licencia por primera vez.<\/p>\n","protected":false},"excerpt":{"rendered":"<p>Licencias de Conducir: a partir de este mi\u00e9rcoles se ampl\u00eda el horario para las pruebas&#8230;<\/p>\n","protected":false},"author":1,"featured_media":133496,"comment_status":"closed","ping_status":"closed","sticky":false,"template":"","format":"standard","meta":{"content-type":""},"categories":[27,64],"tags":[],"nelio_content":{"isAutoShareEnabled":false,"autoShareEndMode":"default","automationSources":{"useContentSentences":true,"useSocialTemplates":true,"useCustomSentences":false,"customSentences":[]},"followers":[1],"suggestedReferences":[],"includedReferences":[],"efiUrl":"","efiAlt":"","highlights":[]},"yoast_head":"<!-- This site is optimized with the Yoast SEO plugin v20.7 - https:\/\/yoast.com\/wordpress\/plugins\/seo\/ -->\n<title>Licencias de conducir a partir de este mi\u00e9rcoles se ampl\u00eda el horario<\/title>\n<meta name=\"description\" content=\"Licencias de Conducir: a partir de este mi\u00e9rcoles se ampl\u00eda el horario para las pruebas de manejo, se ampl\u00eda el horario para la realizaci\u00f3n\" \/>\n<meta name=\"robots\" content=\"index, follow, max-snippet:-1, max-image-preview:large, max-video-preview:-1\" \/>\n<link rel=\"canonical\" href=\"https:\/\/experienciadevida.com.ar\/portalurbano\/licencias-de-conducir-a-partir-de-este-miercoles-se-amplia-el-horario-para-las-pruebas-de-manejo\/\" \/>\n<meta property=\"og:locale\" content=\"es_ES\" \/>\n<meta property=\"og:type\" content=\"article\" \/>\n<meta property=\"og:title\" content=\"Licencias de conducir a partir de este mi\u00e9rcoles se ampl\u00eda el horario\" \/>\n<meta property=\"og:description\" content=\"Licencias de Conducir: a partir de este mi\u00e9rcoles se ampl\u00eda el horario para las pruebas de manejo, se ampl\u00eda el horario para la realizaci\u00f3n\" \/>\n<meta property=\"og:url\" content=\"https:\/\/experienciadevida.com.ar\/portalurbano\/licencias-de-conducir-a-partir-de-este-miercoles-se-amplia-el-horario-para-las-pruebas-de-manejo\/\" \/>\n<meta property=\"article:publisher\" content=\"https:\/\/www.facebook.com\/Portal-Urbano-171542830093757\/\" \/>\n<meta property=\"article:published_time\" content=\"2022-04-20T15:47:29+00:00\" \/>\n<meta property=\"article:modified_time\" content=\"2022-04-20T15:59:01+00:00\" \/>\n<meta property=\"og:image\" content=\"https:\/\/experienciadevida.com.ar\/portalurbano\/wp-content\/uploads\/2021\/01\/Licencias-de-conducir.jpeg\" \/>\n\t<meta property=\"og:image:width\" content=\"1024\" \/>\n\t<meta property=\"og:image:height\" content=\"682\" \/>\n\t<meta property=\"og:image:type\" content=\"image\/jpeg\" \/>\n<meta name=\"author\" content=\"admpu17wp\" \/>\n<meta name=\"twitter:card\" content=\"summary_large_image\" \/>\n<meta name=\"twitter:creator\" content=\"@portalurbanook\" \/>\n<meta name=\"twitter:site\" content=\"@portalurbanook\" \/>\n<meta name=\"twitter:label1\" content=\"Escrito por\" \/>\n\t<meta name=\"twitter:data1\" content=\"admpu17wp\" \/>\n\t<meta name=\"twitter:label2\" content=\"Tiempo de lectura\" \/>\n\t<meta name=\"twitter:data2\" content=\"2 minutos\" \/>\n<script type=\"application\/ld+json\" class=\"yoast-schema-graph\">{\"@context\":\"https:\/\/schema.org\",\"@graph\":[{\"@type\":\"Article\",\"@id\":\"https:\/\/experienciadevida.com.ar\/portalurbano\/licencias-de-conducir-a-partir-de-este-miercoles-se-amplia-el-horario-para-las-pruebas-de-manejo\/#article\",\"isPartOf\":{\"@id\":\"https:\/\/experienciadevida.com.ar\/portalurbano\/licencias-de-conducir-a-partir-de-este-miercoles-se-amplia-el-horario-para-las-pruebas-de-manejo\/\"},\"author\":{\"name\":\"admpu17wp\",\"@id\":\"https:\/\/experienciadevida.com.ar\/portalurbano\/#\/schema\/person\/02dd326b1c4b056e9cc972486934a3a7\"},\"headline\":\"Licencias de Conducir: a partir de este mi\u00e9rcoles se ampl\u00eda el horario para las pruebas de manejo\",\"datePublished\":\"2022-04-20T15:47:29+00:00\",\"dateModified\":\"2022-04-20T15:59:01+00:00\",\"mainEntityOfPage\":{\"@id\":\"https:\/\/experienciadevida.com.ar\/portalurbano\/licencias-de-conducir-a-partir-de-este-miercoles-se-amplia-el-horario-para-las-pruebas-de-manejo\/\"},\"wordCount\":295,\"publisher\":{\"@id\":\"https:\/\/experienciadevida.com.ar\/portalurbano\/#organization\"},\"articleSection\":[\"Ciudad\",\"Destacadas 2\"],\"inLanguage\":\"es\"},{\"@type\":\"WebPage\",\"@id\":\"https:\/\/experienciadevida.com.ar\/portalurbano\/licencias-de-conducir-a-partir-de-este-miercoles-se-amplia-el-horario-para-las-pruebas-de-manejo\/\",\"url\":\"https:\/\/experienciadevida.com.ar\/portalurbano\/licencias-de-conducir-a-partir-de-este-miercoles-se-amplia-el-horario-para-las-pruebas-de-manejo\/\",\"name\":\"Licencias de conducir a partir de este mi\u00e9rcoles se ampl\u00eda el horario\",\"isPartOf\":{\"@id\":\"https:\/\/experienciadevida.com.ar\/portalurbano\/#website\"},\"datePublished\":\"2022-04-20T15:47:29+00:00\",\"dateModified\":\"2022-04-20T15:59:01+00:00\",\"description\":\"Licencias de Conducir: a partir de este mi\u00e9rcoles se ampl\u00eda el horario para las pruebas de manejo, se ampl\u00eda el horario para la realizaci\u00f3n\",\"breadcrumb\":{\"@id\":\"https:\/\/experienciadevida.com.ar\/portalurbano\/licencias-de-conducir-a-partir-de-este-miercoles-se-amplia-el-horario-para-las-pruebas-de-manejo\/#breadcrumb\"},\"inLanguage\":\"es\",\"potentialAction\":[{\"@type\":\"ReadAction\",\"target\":[\"https:\/\/experienciadevida.com.ar\/portalurbano\/licencias-de-conducir-a-partir-de-este-miercoles-se-amplia-el-horario-para-las-pruebas-de-manejo\/\"]}]},{\"@type\":\"BreadcrumbList\",\"@id\":\"https:\/\/experienciadevida.com.ar\/portalurbano\/licencias-de-conducir-a-partir-de-este-miercoles-se-amplia-el-horario-para-las-pruebas-de-manejo\/#breadcrumb\",\"itemListElement\":[{\"@type\":\"ListItem\",\"position\":1,\"name\":\"Portada\",\"item\":\"https:\/\/experienciadevida.com.ar\/portalurbano\/\"},{\"@type\":\"ListItem\",\"position\":2,\"name\":\"Licencias de Conducir: a partir de este mi\u00e9rcoles se ampl\u00eda el horario para las pruebas de manejo\"}]},{\"@type\":\"WebSite\",\"@id\":\"https:\/\/experienciadevida.com.ar\/portalurbano\/#website\",\"url\":\"https:\/\/experienciadevida.com.ar\/portalurbano\/\",\"name\":\"\",\"description\":\"\",\"publisher\":{\"@id\":\"https:\/\/experienciadevida.com.ar\/portalurbano\/#organization\"},\"potentialAction\":[{\"@type\":\"SearchAction\",\"target\":{\"@type\":\"EntryPoint\",\"urlTemplate\":\"https:\/\/experienciadevida.com.ar\/portalurbano\/?s={search_term_string}\"},\"query-input\":\"required name=search_term_string\"}],\"inLanguage\":\"es\"},{\"@type\":\"Organization\",\"@id\":\"https:\/\/experienciadevida.com.ar\/portalurbano\/#organization\",\"name\":\"Portal Urbano\",\"url\":\"https:\/\/experienciadevida.com.ar\/portalurbano\/\",\"logo\":{\"@type\":\"ImageObject\",\"inLanguage\":\"es\",\"@id\":\"https:\/\/experienciadevida.com.ar\/portalurbano\/#\/schema\/logo\/image\/\",\"url\":\"https:\/\/experienciadevida.com.ar\/portalurbano\/wp-content\/uploads\/2019\/09\/Logo-Original.png\",\"contentUrl\":\"https:\/\/experienciadevida.com.ar\/portalurbano\/wp-content\/uploads\/2019\/09\/Logo-Original.png\",\"width\":2236,\"height\":1216,\"caption\":\"Portal Urbano\"},\"image\":{\"@id\":\"https:\/\/experienciadevida.com.ar\/portalurbano\/#\/schema\/logo\/image\/\"},\"sameAs\":[\"https:\/\/www.facebook.com\/Portal-Urbano-171542830093757\/\",\"https:\/\/twitter.com\/portalurbanook\",\"https:\/\/www.instagram.com\/_portalurbano\/\",\"https:\/\/www.youtube.com\/channel\/UCXhagIfszH8KxFiOok79zbA?view_as=subscriber\"]},{\"@type\":\"Person\",\"@id\":\"https:\/\/experienciadevida.com.ar\/portalurbano\/#\/schema\/person\/02dd326b1c4b056e9cc972486934a3a7\",\"name\":\"admpu17wp\",\"image\":{\"@type\":\"ImageObject\",\"inLanguage\":\"es\",\"@id\":\"https:\/\/experienciadevida.com.ar\/portalurbano\/#\/schema\/person\/image\/\",\"url\":\"https:\/\/secure.gravatar.com\/avatar\/830d4c57adaae6630765e449a6908047?s=96&d=mm&r=g\",\"contentUrl\":\"https:\/\/secure.gravatar.com\/avatar\/830d4c57adaae6630765e449a6908047?s=96&d=mm&r=g\",\"caption\":\"admpu17wp\"}}]}<\/script>\n<!-- \/ Yoast SEO plugin. -->","yoast_head_json":{"title":"Licencias de conducir a partir de este mi\u00e9rcoles se ampl\u00eda el horario","description":"Licencias de Conducir: a partir de este mi\u00e9rcoles se ampl\u00eda el horario para las pruebas de manejo, se ampl\u00eda el horario para la realizaci\u00f3n","robots":{"index":"index","follow":"follow","max-snippet":"max-snippet:-1","max-image-preview":"max-image-preview:large","max-video-preview":"max-video-preview:-1"},"canonical":"https:\/\/experienciadevida.com.ar\/portalurbano\/licencias-de-conducir-a-partir-de-este-miercoles-se-amplia-el-horario-para-las-pruebas-de-manejo\/","og_locale":"es_ES","og_type":"article","og_title":"Licencias de conducir a partir de este mi\u00e9rcoles se ampl\u00eda el horario","og_description":"Licencias de Conducir: a partir de este mi\u00e9rcoles se ampl\u00eda el horario para las pruebas de manejo, se ampl\u00eda el horario para la realizaci\u00f3n","og_url":"https:\/\/experienciadevida.com.ar\/portalurbano\/licencias-de-conducir-a-partir-de-este-miercoles-se-amplia-el-horario-para-las-pruebas-de-manejo\/","article_publisher":"https:\/\/www.facebook.com\/Portal-Urbano-171542830093757\/","article_published_time":"2022-04-20T15:47:29+00:00","article_modified_time":"2022-04-20T15:59:01+00:00","og_image":[{"width":1024,"height":682,"url":"https:\/\/experienciadevida.com.ar\/portalurbano\/wp-content\/uploads\/2021\/01\/Licencias-de-conducir.jpeg","type":"image\/jpeg"}],"author":"admpu17wp","twitter_card":"summary_large_image","twitter_creator":"@portalurbanook","twitter_site":"@portalurbanook","twitter_misc":{"Escrito por":"admpu17wp","Tiempo de lectura":"2 minutos"},"schema":{"@context":"https:\/\/schema.org","@graph":[{"@type":"Article","@id":"https:\/\/experienciadevida.com.ar\/portalurbano\/licencias-de-conducir-a-partir-de-este-miercoles-se-amplia-el-horario-para-las-pruebas-de-manejo\/#article","isPartOf":{"@id":"https:\/\/experienciadevida.com.ar\/portalurbano\/licencias-de-conducir-a-partir-de-este-miercoles-se-amplia-el-horario-para-las-pruebas-de-manejo\/"},"author":{"name":"admpu17wp","@id":"https:\/\/experienciadevida.com.ar\/portalurbano\/#\/schema\/person\/02dd326b1c4b056e9cc972486934a3a7"},"headline":"Licencias de Conducir: a partir de este mi\u00e9rcoles se ampl\u00eda el horario para las pruebas de manejo","datePublished":"2022-04-20T15:47:29+00:00","dateModified":"2022-04-20T15:59:01+00:00","mainEntityOfPage":{"@id":"https:\/\/experienciadevida.com.ar\/portalurbano\/licencias-de-conducir-a-partir-de-este-miercoles-se-amplia-el-horario-para-las-pruebas-de-manejo\/"},"wordCount":295,"publisher":{"@id":"https:\/\/experienciadevida.com.ar\/portalurbano\/#organization"},"articleSection":["Ciudad","Destacadas 2"],"inLanguage":"es"},{"@type":"WebPage","@id":"https:\/\/experienciadevida.com.ar\/portalurbano\/licencias-de-conducir-a-partir-de-este-miercoles-se-amplia-el-horario-para-las-pruebas-de-manejo\/","url":"https:\/\/experienciadevida.com.ar\/portalurbano\/licencias-de-conducir-a-partir-de-este-miercoles-se-amplia-el-horario-para-las-pruebas-de-manejo\/","name":"Licencias de conducir a partir de este mi\u00e9rcoles se ampl\u00eda el horario","isPartOf":{"@id":"https:\/\/experienciadevida.com.ar\/portalurbano\/#website"},"datePublished":"2022-04-20T15:47:29+00:00","dateModified":"2022-04-20T15:59:01+00:00","description":"Licencias de Conducir: a partir de este mi\u00e9rcoles se ampl\u00eda el horario para las pruebas de manejo, se ampl\u00eda el horario para la realizaci\u00f3n","breadcrumb":{"@id":"https:\/\/experienciadevida.com.ar\/portalurbano\/licencias-de-conducir-a-partir-de-este-miercoles-se-amplia-el-horario-para-las-pruebas-de-manejo\/#breadcrumb"},"inLanguage":"es","potentialAction":[{"@type":"ReadAction","target":["https:\/\/experienciadevida.com.ar\/portalurbano\/licencias-de-conducir-a-partir-de-este-miercoles-se-amplia-el-horario-para-las-pruebas-de-manejo\/"]}]},{"@type":"BreadcrumbList","@id":"https:\/\/experienciadevida.com.ar\/portalurbano\/licencias-de-conducir-a-partir-de-este-miercoles-se-amplia-el-horario-para-las-pruebas-de-manejo\/#breadcrumb","itemListElement":[{"@type":"ListItem","position":1,"name":"Portada","item":"https:\/\/experienciadevida.com.ar\/portalurbano\/"},{"@type":"ListItem","position":2,"name":"Licencias de Conducir: a partir de este mi\u00e9rcoles se ampl\u00eda el horario para las pruebas de manejo"}]},{"@type":"WebSite","@id":"https:\/\/experienciadevida.com.ar\/portalurbano\/#website","url":"https:\/\/experienciadevida.com.ar\/portalurbano\/","name":"","description":"","publisher":{"@id":"https:\/\/experienciadevida.com.ar\/portalurbano\/#organization"},"potentialAction":[{"@type":"SearchAction","target":{"@type":"EntryPoint","urlTemplate":"https:\/\/experienciadevida.com.ar\/portalurbano\/?s={search_term_string}"},"query-input":"required name=search_term_string"}],"inLanguage":"es"},{"@type":"Organization","@id":"https:\/\/experienciadevida.com.ar\/portalurbano\/#organization","name":"Portal Urbano","url":"https:\/\/experienciadevida.com.ar\/portalurbano\/","logo":{"@type":"ImageObject","inLanguage":"es","@id":"https:\/\/experienciadevida.com.ar\/portalurbano\/#\/schema\/logo\/image\/","url":"https:\/\/experienciadevida.com.ar\/portalurbano\/wp-content\/uploads\/2019\/09\/Logo-Original.png","contentUrl":"https:\/\/experienciadevida.com.ar\/portalurbano\/wp-content\/uploads\/2019\/09\/Logo-Original.png","width":2236,"height":1216,"caption":"Portal Urbano"},"image":{"@id":"https:\/\/experienciadevida.com.ar\/portalurbano\/#\/schema\/logo\/image\/"},"sameAs":["https:\/\/www.facebook.com\/Portal-Urbano-171542830093757\/","https:\/\/twitter.com\/portalurbanook","https:\/\/www.instagram.com\/_portalurbano\/","https:\/\/www.youtube.com\/channel\/UCXhagIfszH8KxFiOok79zbA?view_as=subscriber"]},{"@type":"Person","@id":"https:\/\/experienciadevida.com.ar\/portalurbano\/#\/schema\/person\/02dd326b1c4b056e9cc972486934a3a7","name":"admpu17wp","image":{"@type":"ImageObject","inLanguage":"es","@id":"https:\/\/experienciadevida.com.ar\/portalurbano\/#\/schema\/person\/image\/","url":"https:\/\/secure.gravatar.com\/avatar\/830d4c57adaae6630765e449a6908047?s=96&d=mm&r=g","contentUrl":"https:\/\/secure.gravatar.com\/avatar\/830d4c57adaae6630765e449a6908047?s=96&d=mm&r=g","caption":"admpu17wp"}}]}},"featured_image_urls":{"full":["https:\/\/experienciadevida.com.ar\/portalurbano\/wp-content\/uploads\/2021\/01\/Licencias-de-conducir.jpeg",1024,682,false],"thumbnail":["https:\/\/experienciadevida.com.ar\/portalurbano\/wp-content\/uploads\/2021\/01\/Licencias-de-conducir-150x150.jpeg",150,150,true],"medium":["https:\/\/experienciadevida.com.ar\/portalurbano\/wp-content\/uploads\/2021\/01\/Licencias-de-conducir-300x200.jpeg",300,200,true],"medium_large":["https:\/\/experienciadevida.com.ar\/portalurbano\/wp-content\/uploads\/2021\/01\/Licencias-de-conducir-768x512.jpeg",640,427,true],"large":["https:\/\/experienciadevida.com.ar\/portalurbano\/wp-content\/uploads\/2021\/01\/Licencias-de-conducir.jpeg",640,426,false],"ug_big":["https:\/\/experienciadevida.com.ar\/portalurbano\/wp-content\/uploads\/2021\/01\/Licencias-de-conducir-768x512.jpeg",768,512,true],"1536x1536":["https:\/\/experienciadevida.com.ar\/portalurbano\/wp-content\/uploads\/2021\/01\/Licencias-de-conducir.jpeg",1024,682,false],"2048x2048":["https:\/\/experienciadevida.com.ar\/portalurbano\/wp-content\/uploads\/2021\/01\/Licencias-de-conducir.jpeg",1024,682,false],"newsever-slider-full":["https:\/\/experienciadevida.com.ar\/portalurbano\/wp-content\/uploads\/2021\/01\/Licencias-de-conducir.jpeg",1024,682,false],"newsever-featured":["https:\/\/experienciadevida.com.ar\/portalurbano\/wp-content\/uploads\/2021\/01\/Licencias-de-conducir.jpeg",1024,682,false],"newsever-medium":["https:\/\/experienciadevida.com.ar\/portalurbano\/wp-content\/uploads\/2021\/01\/Licencias-de-conducir.jpeg",713,475,false],"web-stories-poster-portrait":["https:\/\/experienciadevida.com.ar\/portalurbano\/wp-content\/uploads\/2021\/01\/Licencias-de-conducir.jpeg",640,426,false],"web-stories-publisher-logo":["https:\/\/experienciadevida.com.ar\/portalurbano\/wp-content\/uploads\/2021\/01\/Licencias-de-conducir.jpeg",96,64,false],"web-stories-thumbnail":["https:\/\/experienciadevida.com.ar\/portalurbano\/wp-content\/uploads\/2021\/01\/Licencias-de-conducir.jpeg",150,100,false]},"author_info":{"display_name":"admpu17wp","author_link":"https:\/\/experienciadevida.com.ar\/portalurbano\/author\/admpu17wp\/"},"category_info":"<a href=\"https:\/\/experienciadevida.com.ar\/portalurbano\/category\/ciudad\/\" rel=\"category tag\">Ciudad<\/a> <a href=\"https:\/\/experienciadevida.com.ar\/portalurbano\/category\/destacadas-2\/\" rel=\"category tag\">Destacadas 2<\/a>","tag_info":"Destacadas 2","comment_count":"0","amp_enabled":true,"_links":{"self":[{"href":"https:\/\/experienciadevida.com.ar\/portalurbano\/wp-json\/wp\/v2\/posts\/166018"}],"collection":[{"href":"https:\/\/experienciadevida.com.ar\/portalurbano\/wp-json\/wp\/v2\/posts"}],"about":[{"href":"https:\/\/experienciadevida.com.ar\/portalurbano\/wp-json\/wp\/v2\/types\/post"}],"author":[{"embeddable":true,"href":"https:\/\/experienciadevida.com.ar\/portalurbano\/wp-json\/wp\/v2\/users\/1"}],"replies":[{"embeddable":true,"href":"https:\/\/experienciadevida.com.ar\/portalurbano\/wp-json\/wp\/v2\/comments?post=166018"}],"version-history":[{"count":2,"href":"https:\/\/experienciadevida.com.ar\/portalurbano\/wp-json\/wp\/v2\/posts\/166018\/revisions"}],"predecessor-version":[{"id":166020,"href":"https:\/\/experienciadevida.com.ar\/portalurbano\/wp-json\/wp\/v2\/posts\/166018\/revisions\/166020"}],"wp:featuredmedia":[{"embeddable":true,"href":"https:\/\/experienciadevida.com.ar\/portalurbano\/wp-json\/wp\/v2\/media\/133496"}],"wp:attachment":[{"href":"https:\/\/experienciadevida.com.ar\/portalurbano\/wp-json\/wp\/v2\/media?parent=166018"}],"wp:term":[{"taxonomy":"category","embeddable":true,"href":"https:\/\/experienciadevida.com.ar\/portalurbano\/wp-json\/wp\/v2\/categories?post=166018"},{"taxonomy":"post_tag","embeddable":true,"href":"https:\/\/experienciadevida.com.ar\/portalurbano\/wp-json\/wp\/v2\/tags?post=166018"}],"curies":[{"name":"wp","href":"https:\/\/api.w.org\/{rel}","templated":true}]}}