{"id":165994,"date":"2022-04-20T09:41:24","date_gmt":"2022-04-20T12:41:24","guid":{"rendered":"https:\/\/experienciadevida.com.ar\/portalurbano\/?p=165994"},"modified":"2022-04-20T09:45:10","modified_gmt":"2022-04-20T12:45:10","slug":"se-realizara-un-nuevo-acto-de-firma-de-escrituras-sociales-2","status":"publish","type":"post","link":"https:\/\/experienciadevida.com.ar\/portalurbano\/se-realizara-un-nuevo-acto-de-firma-de-escrituras-sociales-2\/","title":{"rendered":"Se realizar\u00e1 un nuevo acto de firma de escrituras sociales"},"content":{"rendered":"<p>Se realizar\u00e1 un nuevo acto de firma de escrituras sociales, la <a href=\"https:\/\/www.facebook.com\/municipiodeolavarria\">Municipalidad<\/a> de Olavarr\u00eda, Escriban\u00eda General de Gobierno e Instituto de la Vivienda de la Provincia de Buenos Aires, contin\u00faan trabajando para que m\u00e1s familias olavarrienses tengan el t\u00edtulo de propiedad de su hogar.<\/p>\n<p>En esta oportunidad se firmar\u00e1n 209 escrituras, de las cuales 125 corresponden a la Ley 10.830 (escrituraci\u00f3n social gratuita a cargo de Escriban\u00eda General de Gobierno), 83 por el Instituto de la Vivienda y 1 a la Ley 24.320 (prescripci\u00f3n adquisitiva administrativa a favor del Municipio).<\/p>\n<p>El acto se realizar\u00e1 este viernes 22 de abril, a las 11 horas, en la Sociedad de Fomento Mariano Moreno (Av. Sarmiento N\u00ba 3093). Contar\u00e1 con la presencia de funcionarios provinciales y autoridades municipales.<\/p>\n<p>Citaci\u00f3n<\/p>\n<p>Desde la Direcci\u00f3n de Casa de Tierras y Regularizaci\u00f3n Dominial, dependiente de la Subsecretar\u00eda de Legal y T\u00e9cnica de la Municipalidad de Olavarr\u00eda, se informa que las personas que se citan a continuaci\u00f3n deber\u00e1n concurrir a las 10:30 horas para su acreditaci\u00f3n,<\/p>\n<p>Deber\u00e1n presentar documento de identidad y fotocopia, constancias de CUIL\/CUIT, en caso de divorcio copia del acta de matrimonio con anotaci\u00f3n marginal o sentencia de divorcio, y en caso de presentarse en car\u00e1cter de apoderado\/a deber\u00e1 presentar el poder original.<\/p>\n<p>Julio Cayetano Achinelli y Mat\u00edas Leonardo Achinelli; Alicia Jorgelina Aguirre y Gabriela Gisele Ondicol, Oscar Onofre Ondicol; Cecilia Ivon Alvarado y Lucas Rub\u00e9n Rubio; Claudio Alberto Andreu y Mar\u00eda de los \u00c1ngeles Cataldi; Raquel Ranne Angulo y Johanna Elizabeth Taborda; Patricia Elena Ardiles e Hilda; Mariela Arouxet; Alejandro Jos\u00e9 Asensio; Asociaci\u00f3n de Bomberos Voluntarios de Olavarr\u00eda; Olga Ausfet y Sandra Cecilia Giorgi; Dora Edith B\u00e1ez y Julio C\u00e9sar Campos y Nilda Susana Rey; Franco Balistreri y Karina Viviana Urrutia; Barbara Noem\u00ed Balquinta y Marcos Ezequiel Labosca; Natalia Ail\u00e9n Barrera y Gabriel Alfredo Resentera; Carina Esther Barrios y Gast\u00f3n Andr\u00e9s Casale; Carlos Delmiro Baygorria y Stella Maris Baygorria, Paola Lorena Belo; Marta Patricia Bianchi, Raquel Guadalupe N\u00fa\u00f1ez, Jos\u00e9 Luis Saborido; Cristian Alejandro Bienesqui; Hugo Alberto Billordo y Sandra Fabiana Villarruel; Daniel Iv\u00e1n Blaszuk; Carlos \u00c1ngel Boileau; Juan Ignacio Bosso; Karina Elisabet Bravo y Santiago Ariel Eivers; Gilda Beatriz Brienzo, Mar\u00eda Hebe Brienzo y Teresa Tohane; Andrea Marina Bustos y Juan Carlos Goncalvez; Luis C\u00e9sar Cabrera y Jos\u00e9 Marcelo Quilaqueo Leiva; Norma Deolinda Campos, Yanina Graciela Mu\u00f1oz y Mauro Oscar Sim\u00f3n; Marcelo Andr\u00e9s Cantero, Marisol Elisabet Lazarte y Mar\u00eda Mercedes Pistasoli; Lidia Esther Ca\u00f1ete y Rosana Marisa Toranza; Marianela Judit Cardiello y Guillermo Agust\u00edn Fal; Mar\u00eda Adela Casamayor y V\u00edctor Omar Casamayor; Adriana Ver\u00f3nica Casas; Silvina Elisa Castex; Mar\u00eda Jos\u00e9 Cavalieri; Silvio Alberto Cejas; Mar\u00eda Cristina Ciancio; Ana Ruth Ciappina; Alfredo Eduardo Cisneros y Elsa Dora- P\u00e1ez; Azucena Violeta Cortes; Susana Irma Crocioni, Rosana Lorena Santilli y Miguel \u00c1ngel V\u00e1squez; Ignacio De Lorenzi y Anabella Andrea Gonz\u00e1lez; Elisabet Viviana Di Bono y Marcos Fabi\u00e1n D\u00edaz; Anal\u00eda Susana Dilascio y Gabriel Alberto Noms; Andrea Laura Dom\u00ednguez; Jos\u00e9 Mar\u00eda Donato, Ovidio Alberto L\u00f3pez y Mirta Laura Zapata, Elvira Fernanda Duarte; Alicia Josefa Elizari; Mar\u00eda Celeste Errobidart y Jos\u00e9 Luis M\u00fcller; Marta Elisabet Escobar; Silvana Valeria Espeche y Marcelo Javier Pugliese; Valeria Elizabeth Etchechuri; Gladys Noem\u00ed Ferreyra; Roxana Vanesa Flis y Carlos An\u00edbal Mart\u00ednez; Luz Mariana Galv\u00e1n y Franco Nicol\u00e1s Galv\u00e1n; Jonatan Omar Garriga, Osvaldo Luis Montero y Marta Raquel Pardo; Melisa Garro; Marcelo Enrique Ghidina y Ver\u00f3nica Mabel Mandagar\u00e1n; Alberto An\u00edbal G\u00f3mez, Olga Adelina Lucero, Marta Noem\u00ed- Lukich y Andr\u00e9s Juli\u00e1n Poblete; Jos\u00e9 Luis G\u00f3mez y Alan Nicol\u00e1s Huallpa; Graciela Viviana Gonz\u00e1lez y Miguel \u00c1ngel Paoltroni; Norma Odelsia Gonz\u00e1lez; Marcela Miriam Guardia Rocha; Alicia Carmen Hermosilla, Daniela Leonor Rubino y Daniel Vicente Vitale, Carlos Gast\u00f3n Herrera, Anabela Bel\u00e9n Pereyra y Griselda In\u00e9s Venturini; Heriberto Daniel Jansen, Noelia Daiana Jansen y Mar\u00eda Del Carmen Moser; Franco Sebasti\u00e1n Jara y Am\u00edlcar Osmar Parras; Aurelia Juana Keringer, Juan Oscar L\u00f3pez y Olga Esther Picart; Eleonora Elisabet Labat; Viviana Idolia Lazarte; Mar\u00eda Celeste Lescano y Marcos Alejandro Rehbani; Germ\u00e1n Ignacio L\u00f3pez y Horacio Rub\u00e9n Mart\u00edn; Sebasti\u00e1n Andr\u00e9s Magallanes; Romina Andrea Mart\u00ednez; Sandra Ester M\u00e9ndez; Juan Bautista Menjoulou; Luciano Nicol\u00e1s Menna, Marianela Paola Mundotegui y Carina Soledad Piras; Monica Liliana Minteguia; Mauro C\u00e9sar Montero y Paola Lorena Zariatti; Marina Griselda Musarra; Elsa Mabel Urban, Juan Vicente Urban y Marta Raquel Urban; Mariela Erminda Navarro; Carlos Ariel Olivera, Juan Marcelo Sanz, Norma Elena Sanz y Silvia Raquel Sanz; Silvana Karina Oroquieta; Lucrecia Pad\u00edn; Estefania Anabella Papeix y Franco Alejandro Violante; Sista Marcelina Parada; Julio C\u00e9sar Peralta y Vanesa Soledad Saavedra; Natalia Soledad Peralta; Marina Ximena P\u00e9rez Medina; Mauricio Dar\u00edo Pinedo, Lorena Beatriz Rivas y Ver\u00f3nica Ivana Wagner; C\u00e9sar Alberto Pintos y Marcela Gabriela Siris; Daniel Fabi\u00e1n Rabita y Doris Gabriela Villanueva; Rub\u00e9n Omar Recofsky y Amelia Lina Sosa; M\u00f3nica Griselda Resch; Romina Vanesa Rey y \u00c1ngel Reinaldo Steimbach; Mar\u00eda Argentina Rodr\u00edguez; Stella Maris Salina; Norma Griselda San Juli\u00e1n; Marta Susana Sanabria y Francisco Martin Vavr\u00edn; Alejandro Sangrador y Mar\u00eda In\u00e9s Sangrador; Mar\u00eda Alejandra Schamberger; Mar\u00eda Luj\u00e1n Tancredi; Mar\u00eda In\u00e9s Urdangarin; H\u00e9ctor Oscar Valetutto; Andrea Lucia Vega; Claudia Yanina Ver\u00f3n y Vanesa Alejandra Vidal.<\/p>\n<p>Consultas<\/p>\n<p>Por consultas, los interesados podr\u00e1n dirigirse personalmente a la Direcci\u00f3n de Casa de Tierras y Regulaci\u00f3n Dominal (Rivadavia N\u00b0 2861) o bien comunicarse telef\u00f3nicamente al 440442 internos 1750-1903, de 7 a 13 horas, y por mail a tramites.escrituras@olavarria.gov.ar<\/p>\n","protected":false},"excerpt":{"rendered":"<p>Se realizar\u00e1 un nuevo acto de firma de escrituras sociales, la Municipalidad de Olavarr\u00eda, Escriban\u00eda&#8230;<\/p>\n","protected":false},"author":1,"featured_media":165995,"comment_status":"closed","ping_status":"closed","sticky":false,"template":"","format":"standard","meta":{"content-type":""},"categories":[27,51],"tags":[],"nelio_content":{"isAutoShareEnabled":false,"autoShareEndMode":"default","automationSources":{"useContentSentences":true,"useSocialTemplates":true,"useCustomSentences":false,"customSentences":[]},"followers":[1],"suggestedReferences":[],"includedReferences":[],"efiUrl":"","efiAlt":"","highlights":[]},"yoast_head":"<!-- This site is optimized with the Yoast SEO plugin v20.7 - https:\/\/yoast.com\/wordpress\/plugins\/seo\/ -->\n<title>Se realizar\u00e1 un nuevo acto de firma de escrituras sociales<\/title>\n<meta name=\"description\" content=\"Se realizar\u00e1 un nuevo acto de firma de escrituras sociales, contin\u00faan trabajando para que m\u00e1s familias olavarrienses tengan el t\u00edtulo\" \/>\n<meta name=\"robots\" content=\"index, follow, max-snippet:-1, max-image-preview:large, max-video-preview:-1\" \/>\n<link rel=\"canonical\" href=\"https:\/\/experienciadevida.com.ar\/portalurbano\/se-realizara-un-nuevo-acto-de-firma-de-escrituras-sociales-2\/\" \/>\n<meta property=\"og:locale\" content=\"es_ES\" \/>\n<meta property=\"og:type\" content=\"article\" \/>\n<meta property=\"og:title\" content=\"Se realizar\u00e1 un nuevo acto de firma de escrituras sociales\" \/>\n<meta property=\"og:description\" content=\"Se realizar\u00e1 un nuevo acto de firma de escrituras sociales, contin\u00faan trabajando para que m\u00e1s familias olavarrienses tengan el t\u00edtulo\" \/>\n<meta property=\"og:url\" content=\"https:\/\/experienciadevida.com.ar\/portalurbano\/se-realizara-un-nuevo-acto-de-firma-de-escrituras-sociales-2\/\" \/>\n<meta property=\"article:publisher\" content=\"https:\/\/www.facebook.com\/Portal-Urbano-171542830093757\/\" \/>\n<meta property=\"article:published_time\" content=\"2022-04-20T12:41:24+00:00\" \/>\n<meta property=\"article:modified_time\" content=\"2022-04-20T12:45:10+00:00\" \/>\n<meta property=\"og:image\" content=\"https:\/\/experienciadevida.com.ar\/portalurbano\/wp-content\/uploads\/2022\/04\/Se-realizara-un-nuevo.jpg\" \/>\n\t<meta property=\"og:image:width\" content=\"1024\" \/>\n\t<meta property=\"og:image:height\" content=\"682\" \/>\n\t<meta property=\"og:image:type\" content=\"image\/jpeg\" \/>\n<meta name=\"author\" content=\"admpu17wp\" \/>\n<meta name=\"twitter:card\" content=\"summary_large_image\" \/>\n<meta name=\"twitter:creator\" content=\"@portalurbanook\" \/>\n<meta name=\"twitter:site\" content=\"@portalurbanook\" \/>\n<meta name=\"twitter:label1\" content=\"Escrito por\" \/>\n\t<meta name=\"twitter:data1\" content=\"admpu17wp\" \/>\n\t<meta name=\"twitter:label2\" content=\"Tiempo de lectura\" \/>\n\t<meta name=\"twitter:data2\" content=\"4 minutos\" \/>\n<script type=\"application\/ld+json\" class=\"yoast-schema-graph\">{\"@context\":\"https:\/\/schema.org\",\"@graph\":[{\"@type\":\"Article\",\"@id\":\"https:\/\/experienciadevida.com.ar\/portalurbano\/se-realizara-un-nuevo-acto-de-firma-de-escrituras-sociales-2\/#article\",\"isPartOf\":{\"@id\":\"https:\/\/experienciadevida.com.ar\/portalurbano\/se-realizara-un-nuevo-acto-de-firma-de-escrituras-sociales-2\/\"},\"author\":{\"name\":\"admpu17wp\",\"@id\":\"https:\/\/experienciadevida.com.ar\/portalurbano\/#\/schema\/person\/02dd326b1c4b056e9cc972486934a3a7\"},\"headline\":\"Se realizar\u00e1 un nuevo acto de firma de escrituras sociales\",\"datePublished\":\"2022-04-20T12:41:24+00:00\",\"dateModified\":\"2022-04-20T12:45:10+00:00\",\"mainEntityOfPage\":{\"@id\":\"https:\/\/experienciadevida.com.ar\/portalurbano\/se-realizara-un-nuevo-acto-de-firma-de-escrituras-sociales-2\/\"},\"wordCount\":988,\"publisher\":{\"@id\":\"https:\/\/experienciadevida.com.ar\/portalurbano\/#organization\"},\"articleSection\":[\"Ciudad\",\"Destacadas\"],\"inLanguage\":\"es\"},{\"@type\":\"WebPage\",\"@id\":\"https:\/\/experienciadevida.com.ar\/portalurbano\/se-realizara-un-nuevo-acto-de-firma-de-escrituras-sociales-2\/\",\"url\":\"https:\/\/experienciadevida.com.ar\/portalurbano\/se-realizara-un-nuevo-acto-de-firma-de-escrituras-sociales-2\/\",\"name\":\"Se realizar\u00e1 un nuevo acto de firma de escrituras sociales\",\"isPartOf\":{\"@id\":\"https:\/\/experienciadevida.com.ar\/portalurbano\/#website\"},\"datePublished\":\"2022-04-20T12:41:24+00:00\",\"dateModified\":\"2022-04-20T12:45:10+00:00\",\"description\":\"Se realizar\u00e1 un nuevo acto de firma de escrituras sociales, contin\u00faan trabajando para que m\u00e1s familias olavarrienses tengan el t\u00edtulo\",\"breadcrumb\":{\"@id\":\"https:\/\/experienciadevida.com.ar\/portalurbano\/se-realizara-un-nuevo-acto-de-firma-de-escrituras-sociales-2\/#breadcrumb\"},\"inLanguage\":\"es\",\"potentialAction\":[{\"@type\":\"ReadAction\",\"target\":[\"https:\/\/experienciadevida.com.ar\/portalurbano\/se-realizara-un-nuevo-acto-de-firma-de-escrituras-sociales-2\/\"]}]},{\"@type\":\"BreadcrumbList\",\"@id\":\"https:\/\/experienciadevida.com.ar\/portalurbano\/se-realizara-un-nuevo-acto-de-firma-de-escrituras-sociales-2\/#breadcrumb\",\"itemListElement\":[{\"@type\":\"ListItem\",\"position\":1,\"name\":\"Portada\",\"item\":\"https:\/\/experienciadevida.com.ar\/portalurbano\/\"},{\"@type\":\"ListItem\",\"position\":2,\"name\":\"Se realizar\u00e1 un nuevo acto de firma de escrituras sociales\"}]},{\"@type\":\"WebSite\",\"@id\":\"https:\/\/experienciadevida.com.ar\/portalurbano\/#website\",\"url\":\"https:\/\/experienciadevida.com.ar\/portalurbano\/\",\"name\":\"\",\"description\":\"\",\"publisher\":{\"@id\":\"https:\/\/experienciadevida.com.ar\/portalurbano\/#organization\"},\"potentialAction\":[{\"@type\":\"SearchAction\",\"target\":{\"@type\":\"EntryPoint\",\"urlTemplate\":\"https:\/\/experienciadevida.com.ar\/portalurbano\/?s={search_term_string}\"},\"query-input\":\"required name=search_term_string\"}],\"inLanguage\":\"es\"},{\"@type\":\"Organization\",\"@id\":\"https:\/\/experienciadevida.com.ar\/portalurbano\/#organization\",\"name\":\"Portal Urbano\",\"url\":\"https:\/\/experienciadevida.com.ar\/portalurbano\/\",\"logo\":{\"@type\":\"ImageObject\",\"inLanguage\":\"es\",\"@id\":\"https:\/\/experienciadevida.com.ar\/portalurbano\/#\/schema\/logo\/image\/\",\"url\":\"https:\/\/experienciadevida.com.ar\/portalurbano\/wp-content\/uploads\/2019\/09\/Logo-Original.png\",\"contentUrl\":\"https:\/\/experienciadevida.com.ar\/portalurbano\/wp-content\/uploads\/2019\/09\/Logo-Original.png\",\"width\":2236,\"height\":1216,\"caption\":\"Portal Urbano\"},\"image\":{\"@id\":\"https:\/\/experienciadevida.com.ar\/portalurbano\/#\/schema\/logo\/image\/\"},\"sameAs\":[\"https:\/\/www.facebook.com\/Portal-Urbano-171542830093757\/\",\"https:\/\/twitter.com\/portalurbanook\",\"https:\/\/www.instagram.com\/_portalurbano\/\",\"https:\/\/www.youtube.com\/channel\/UCXhagIfszH8KxFiOok79zbA?view_as=subscriber\"]},{\"@type\":\"Person\",\"@id\":\"https:\/\/experienciadevida.com.ar\/portalurbano\/#\/schema\/person\/02dd326b1c4b056e9cc972486934a3a7\",\"name\":\"admpu17wp\",\"image\":{\"@type\":\"ImageObject\",\"inLanguage\":\"es\",\"@id\":\"https:\/\/experienciadevida.com.ar\/portalurbano\/#\/schema\/person\/image\/\",\"url\":\"https:\/\/secure.gravatar.com\/avatar\/830d4c57adaae6630765e449a6908047?s=96&d=mm&r=g\",\"contentUrl\":\"https:\/\/secure.gravatar.com\/avatar\/830d4c57adaae6630765e449a6908047?s=96&d=mm&r=g\",\"caption\":\"admpu17wp\"}}]}<\/script>\n<!-- \/ Yoast SEO plugin. -->","yoast_head_json":{"title":"Se realizar\u00e1 un nuevo acto de firma de escrituras sociales","description":"Se realizar\u00e1 un nuevo acto de firma de escrituras sociales, contin\u00faan trabajando para que m\u00e1s familias olavarrienses tengan el t\u00edtulo","robots":{"index":"index","follow":"follow","max-snippet":"max-snippet:-1","max-image-preview":"max-image-preview:large","max-video-preview":"max-video-preview:-1"},"canonical":"https:\/\/experienciadevida.com.ar\/portalurbano\/se-realizara-un-nuevo-acto-de-firma-de-escrituras-sociales-2\/","og_locale":"es_ES","og_type":"article","og_title":"Se realizar\u00e1 un nuevo acto de firma de escrituras sociales","og_description":"Se realizar\u00e1 un nuevo acto de firma de escrituras sociales, contin\u00faan trabajando para que m\u00e1s familias olavarrienses tengan el t\u00edtulo","og_url":"https:\/\/experienciadevida.com.ar\/portalurbano\/se-realizara-un-nuevo-acto-de-firma-de-escrituras-sociales-2\/","article_publisher":"https:\/\/www.facebook.com\/Portal-Urbano-171542830093757\/","article_published_time":"2022-04-20T12:41:24+00:00","article_modified_time":"2022-04-20T12:45:10+00:00","og_image":[{"width":1024,"height":682,"url":"https:\/\/experienciadevida.com.ar\/portalurbano\/wp-content\/uploads\/2022\/04\/Se-realizara-un-nuevo.jpg","type":"image\/jpeg"}],"author":"admpu17wp","twitter_card":"summary_large_image","twitter_creator":"@portalurbanook","twitter_site":"@portalurbanook","twitter_misc":{"Escrito por":"admpu17wp","Tiempo de lectura":"4 minutos"},"schema":{"@context":"https:\/\/schema.org","@graph":[{"@type":"Article","@id":"https:\/\/experienciadevida.com.ar\/portalurbano\/se-realizara-un-nuevo-acto-de-firma-de-escrituras-sociales-2\/#article","isPartOf":{"@id":"https:\/\/experienciadevida.com.ar\/portalurbano\/se-realizara-un-nuevo-acto-de-firma-de-escrituras-sociales-2\/"},"author":{"name":"admpu17wp","@id":"https:\/\/experienciadevida.com.ar\/portalurbano\/#\/schema\/person\/02dd326b1c4b056e9cc972486934a3a7"},"headline":"Se realizar\u00e1 un nuevo acto de firma de escrituras sociales","datePublished":"2022-04-20T12:41:24+00:00","dateModified":"2022-04-20T12:45:10+00:00","mainEntityOfPage":{"@id":"https:\/\/experienciadevida.com.ar\/portalurbano\/se-realizara-un-nuevo-acto-de-firma-de-escrituras-sociales-2\/"},"wordCount":988,"publisher":{"@id":"https:\/\/experienciadevida.com.ar\/portalurbano\/#organization"},"articleSection":["Ciudad","Destacadas"],"inLanguage":"es"},{"@type":"WebPage","@id":"https:\/\/experienciadevida.com.ar\/portalurbano\/se-realizara-un-nuevo-acto-de-firma-de-escrituras-sociales-2\/","url":"https:\/\/experienciadevida.com.ar\/portalurbano\/se-realizara-un-nuevo-acto-de-firma-de-escrituras-sociales-2\/","name":"Se realizar\u00e1 un nuevo acto de firma de escrituras sociales","isPartOf":{"@id":"https:\/\/experienciadevida.com.ar\/portalurbano\/#website"},"datePublished":"2022-04-20T12:41:24+00:00","dateModified":"2022-04-20T12:45:10+00:00","description":"Se realizar\u00e1 un nuevo acto de firma de escrituras sociales, contin\u00faan trabajando para que m\u00e1s familias olavarrienses tengan el t\u00edtulo","breadcrumb":{"@id":"https:\/\/experienciadevida.com.ar\/portalurbano\/se-realizara-un-nuevo-acto-de-firma-de-escrituras-sociales-2\/#breadcrumb"},"inLanguage":"es","potentialAction":[{"@type":"ReadAction","target":["https:\/\/experienciadevida.com.ar\/portalurbano\/se-realizara-un-nuevo-acto-de-firma-de-escrituras-sociales-2\/"]}]},{"@type":"BreadcrumbList","@id":"https:\/\/experienciadevida.com.ar\/portalurbano\/se-realizara-un-nuevo-acto-de-firma-de-escrituras-sociales-2\/#breadcrumb","itemListElement":[{"@type":"ListItem","position":1,"name":"Portada","item":"https:\/\/experienciadevida.com.ar\/portalurbano\/"},{"@type":"ListItem","position":2,"name":"Se realizar\u00e1 un nuevo acto de firma de escrituras sociales"}]},{"@type":"WebSite","@id":"https:\/\/experienciadevida.com.ar\/portalurbano\/#website","url":"https:\/\/experienciadevida.com.ar\/portalurbano\/","name":"","description":"","publisher":{"@id":"https:\/\/experienciadevida.com.ar\/portalurbano\/#organization"},"potentialAction":[{"@type":"SearchAction","target":{"@type":"EntryPoint","urlTemplate":"https:\/\/experienciadevida.com.ar\/portalurbano\/?s={search_term_string}"},"query-input":"required name=search_term_string"}],"inLanguage":"es"},{"@type":"Organization","@id":"https:\/\/experienciadevida.com.ar\/portalurbano\/#organization","name":"Portal Urbano","url":"https:\/\/experienciadevida.com.ar\/portalurbano\/","logo":{"@type":"ImageObject","inLanguage":"es","@id":"https:\/\/experienciadevida.com.ar\/portalurbano\/#\/schema\/logo\/image\/","url":"https:\/\/experienciadevida.com.ar\/portalurbano\/wp-content\/uploads\/2019\/09\/Logo-Original.png","contentUrl":"https:\/\/experienciadevida.com.ar\/portalurbano\/wp-content\/uploads\/2019\/09\/Logo-Original.png","width":2236,"height":1216,"caption":"Portal Urbano"},"image":{"@id":"https:\/\/experienciadevida.com.ar\/portalurbano\/#\/schema\/logo\/image\/"},"sameAs":["https:\/\/www.facebook.com\/Portal-Urbano-171542830093757\/","https:\/\/twitter.com\/portalurbanook","https:\/\/www.instagram.com\/_portalurbano\/","https:\/\/www.youtube.com\/channel\/UCXhagIfszH8KxFiOok79zbA?view_as=subscriber"]},{"@type":"Person","@id":"https:\/\/experienciadevida.com.ar\/portalurbano\/#\/schema\/person\/02dd326b1c4b056e9cc972486934a3a7","name":"admpu17wp","image":{"@type":"ImageObject","inLanguage":"es","@id":"https:\/\/experienciadevida.com.ar\/portalurbano\/#\/schema\/person\/image\/","url":"https:\/\/secure.gravatar.com\/avatar\/830d4c57adaae6630765e449a6908047?s=96&d=mm&r=g","contentUrl":"https:\/\/secure.gravatar.com\/avatar\/830d4c57adaae6630765e449a6908047?s=96&d=mm&r=g","caption":"admpu17wp"}}]}},"featured_image_urls":{"full":["https:\/\/experienciadevida.com.ar\/portalurbano\/wp-content\/uploads\/2022\/04\/Se-realizara-un-nuevo.jpg",1024,682,false],"thumbnail":["https:\/\/experienciadevida.com.ar\/portalurbano\/wp-content\/uploads\/2022\/04\/Se-realizara-un-nuevo-150x150.jpg",150,150,true],"medium":["https:\/\/experienciadevida.com.ar\/portalurbano\/wp-content\/uploads\/2022\/04\/Se-realizara-un-nuevo-300x200.jpg",300,200,true],"medium_large":["https:\/\/experienciadevida.com.ar\/portalurbano\/wp-content\/uploads\/2022\/04\/Se-realizara-un-nuevo-768x512.jpg",640,427,true],"large":["https:\/\/experienciadevida.com.ar\/portalurbano\/wp-content\/uploads\/2022\/04\/Se-realizara-un-nuevo.jpg",640,426,false],"ug_big":["https:\/\/experienciadevida.com.ar\/portalurbano\/wp-content\/uploads\/2022\/04\/Se-realizara-un-nuevo-768x512.jpg",768,512,true],"1536x1536":["https:\/\/experienciadevida.com.ar\/portalurbano\/wp-content\/uploads\/2022\/04\/Se-realizara-un-nuevo.jpg",1024,682,false],"2048x2048":["https:\/\/experienciadevida.com.ar\/portalurbano\/wp-content\/uploads\/2022\/04\/Se-realizara-un-nuevo.jpg",1024,682,false],"newsever-slider-full":["https:\/\/experienciadevida.com.ar\/portalurbano\/wp-content\/uploads\/2022\/04\/Se-realizara-un-nuevo.jpg",1024,682,false],"newsever-featured":["https:\/\/experienciadevida.com.ar\/portalurbano\/wp-content\/uploads\/2022\/04\/Se-realizara-un-nuevo.jpg",1024,682,false],"newsever-medium":["https:\/\/experienciadevida.com.ar\/portalurbano\/wp-content\/uploads\/2022\/04\/Se-realizara-un-nuevo.jpg",713,475,false],"web-stories-poster-portrait":["https:\/\/experienciadevida.com.ar\/portalurbano\/wp-content\/uploads\/2022\/04\/Se-realizara-un-nuevo.jpg",640,426,false],"web-stories-publisher-logo":["https:\/\/experienciadevida.com.ar\/portalurbano\/wp-content\/uploads\/2022\/04\/Se-realizara-un-nuevo.jpg",96,64,false],"web-stories-thumbnail":["https:\/\/experienciadevida.com.ar\/portalurbano\/wp-content\/uploads\/2022\/04\/Se-realizara-un-nuevo.jpg",150,100,false]},"author_info":{"display_name":"admpu17wp","author_link":"https:\/\/experienciadevida.com.ar\/portalurbano\/author\/admpu17wp\/"},"category_info":"<a href=\"https:\/\/experienciadevida.com.ar\/portalurbano\/category\/ciudad\/\" rel=\"category tag\">Ciudad<\/a> <a href=\"https:\/\/experienciadevida.com.ar\/portalurbano\/category\/destacadas\/\" rel=\"category tag\">Destacadas<\/a>","tag_info":"Destacadas","comment_count":"0","amp_enabled":true,"_links":{"self":[{"href":"https:\/\/experienciadevida.com.ar\/portalurbano\/wp-json\/wp\/v2\/posts\/165994"}],"collection":[{"href":"https:\/\/experienciadevida.com.ar\/portalurbano\/wp-json\/wp\/v2\/posts"}],"about":[{"href":"https:\/\/experienciadevida.com.ar\/portalurbano\/wp-json\/wp\/v2\/types\/post"}],"author":[{"embeddable":true,"href":"https:\/\/experienciadevida.com.ar\/portalurbano\/wp-json\/wp\/v2\/users\/1"}],"replies":[{"embeddable":true,"href":"https:\/\/experienciadevida.com.ar\/portalurbano\/wp-json\/wp\/v2\/comments?post=165994"}],"version-history":[{"count":2,"href":"https:\/\/experienciadevida.com.ar\/portalurbano\/wp-json\/wp\/v2\/posts\/165994\/revisions"}],"predecessor-version":[{"id":165997,"href":"https:\/\/experienciadevida.com.ar\/portalurbano\/wp-json\/wp\/v2\/posts\/165994\/revisions\/165997"}],"wp:featuredmedia":[{"embeddable":true,"href":"https:\/\/experienciadevida.com.ar\/portalurbano\/wp-json\/wp\/v2\/media\/165995"}],"wp:attachment":[{"href":"https:\/\/experienciadevida.com.ar\/portalurbano\/wp-json\/wp\/v2\/media?parent=165994"}],"wp:term":[{"taxonomy":"category","embeddable":true,"href":"https:\/\/experienciadevida.com.ar\/portalurbano\/wp-json\/wp\/v2\/categories?post=165994"},{"taxonomy":"post_tag","embeddable":true,"href":"https:\/\/experienciadevida.com.ar\/portalurbano\/wp-json\/wp\/v2\/tags?post=165994"}],"curies":[{"name":"wp","href":"https:\/\/api.w.org\/{rel}","templated":true}]}}