{"id":165991,"date":"2022-04-19T19:26:51","date_gmt":"2022-04-19T22:26:51","guid":{"rendered":"https:\/\/experienciadevida.com.ar\/portalurbano\/?p=165991"},"modified":"2022-04-19T19:27:15","modified_gmt":"2022-04-19T22:27:15","slug":"asi-sera-la-frecuencia-en-el-nuevo-servicio-de-transporte-interurbano","status":"publish","type":"post","link":"https:\/\/experienciadevida.com.ar\/portalurbano\/asi-sera-la-frecuencia-en-el-nuevo-servicio-de-transporte-interurbano\/","title":{"rendered":"As\u00ed ser\u00e1 la frecuencia en el nuevo servicio de transporte interurbano"},"content":{"rendered":"<p>As\u00ed ser\u00e1 la frecuencia en el nuevo servicio de transporte interurbano, desde la Secretar\u00eda de Gobierno del Municipio de Olavarr\u00eda se record\u00f3 que este domingo 1\u00b0 de mayo se iniciar\u00e1 el nuevo servicio de transporte interurbano de pasajeros, que estar\u00e1 a cargo de la empresa \u201cLas Sierras SRL\u201d.<\/p>\n<p>En ese marco se detall\u00f3 cu\u00e1l ser\u00e1 la frecuencia horaria en los servicios a las distintas localidades del Partido. \u201cLos recorridos y las frecuencias son las que fueron requeridas en el pliego de bases y condiciones. Son los mismos que giraban antes del inicio de la pandemia\u201d, expres\u00f3 el secretario de gobierno Hilario Galli.<\/p>\n<p>A la par, el funcionario municipal agreg\u00f3 que \u201cm\u00e1s all\u00e1 de esta grilla horaria est\u00e1 contemplado refuerzos en los horarios pico de la ma\u00f1ana, mediod\u00eda y tarde\u201d.<\/p>\n<p>&nbsp;<\/p>\n<p>L\u00ednea 509 (Olavarr\u00eda \u2013 Loma Negra)<\/p>\n<p>&nbsp;<\/p>\n<p>Lunes a viernes<\/p>\n<p>Desde Olavarr\u00eda<\/p>\n<p>06:05<\/p>\n<p>06:55<\/p>\n<p>07:45<\/p>\n<p>09:15<\/p>\n<p>10:00<\/p>\n<p>11:00<\/p>\n<p>12:15<\/p>\n<p>13:15<\/p>\n<p>14:00<\/p>\n<p>15:00<\/p>\n<p>16:00<\/p>\n<p>17:00<\/p>\n<p>18:00<\/p>\n<p>19:00<\/p>\n<p>20:00<\/p>\n<p>21:00<\/p>\n<p>22:30<\/p>\n<p>&nbsp;<\/p>\n<p>Desde Villa Mi Serran\u00eda<\/p>\n<p>&nbsp;<\/p>\n<p>06:45<\/p>\n<p>07:45<\/p>\n<p>13:05<\/p>\n<p>19:50<\/p>\n<p>&nbsp;<\/p>\n<p>Desde Loma Negra<\/p>\n<p>&nbsp;<\/p>\n<p>06:50<\/p>\n<p>07:55<\/p>\n<p>08:30<\/p>\n<p>10:00<\/p>\n<p>11:00<\/p>\n<p>12:00<\/p>\n<p>13:15<\/p>\n<p>14:00<\/p>\n<p>15:00<\/p>\n<p>16:00<\/p>\n<p>17:00<\/p>\n<p>18:00<\/p>\n<p>19:00<\/p>\n<p>20:00<\/p>\n<p>20:45<\/p>\n<p>21:45<\/p>\n<p>23:15<\/p>\n<p>&nbsp;<\/p>\n<p>S\u00e1bados<\/p>\n<p>&nbsp;<\/p>\n<p>Desde Olavarr\u00eda<\/p>\n<p>&nbsp;<\/p>\n<p>06:05<\/p>\n<p>06:55<\/p>\n<p>07:45<\/p>\n<p>09:15<\/p>\n<p>10:00<\/p>\n<p>11:00<\/p>\n<p>12:15<\/p>\n<p>13:15<\/p>\n<p>14:00<\/p>\n<p>15:00<\/p>\n<p>16:00<\/p>\n<p>17:00<\/p>\n<p>18:00<\/p>\n<p>19:00<\/p>\n<p>20:00<\/p>\n<p>21:00<\/p>\n<p>22:30<\/p>\n<p>&nbsp;<\/p>\n<p>Desde Villa Mi Serran\u00eda<\/p>\n<p>&nbsp;<\/p>\n<p>06:45<\/p>\n<p>07:45<\/p>\n<p>13:05<\/p>\n<p>19:50<\/p>\n<p>&nbsp;<\/p>\n<p>Desde Loma Negra<\/p>\n<p>&nbsp;<\/p>\n<p>06:50<\/p>\n<p>07:55<\/p>\n<p>08:30<\/p>\n<p>10:00<\/p>\n<p>11:00<\/p>\n<p>12:00<\/p>\n<p>13:15<\/p>\n<p>14:00<\/p>\n<p>15:00<\/p>\n<p>16:00<\/p>\n<p>17:00<\/p>\n<p>18:00<\/p>\n<p>19:00<\/p>\n<p>20:00<\/p>\n<p>20:45<\/p>\n<p>21:45<\/p>\n<p>23:15<\/p>\n<p>&nbsp;<\/p>\n<p>Domingos y feriados<\/p>\n<p>&nbsp;<\/p>\n<p>Desde Olavarr\u00eda<\/p>\n<p>&nbsp;<\/p>\n<p>07:00<\/p>\n<p>09:10<\/p>\n<p>11:00<\/p>\n<p>12:45<\/p>\n<p>14:45<\/p>\n<p>16:15<\/p>\n<p>17:45<\/p>\n<p>19:30<\/p>\n<p>21:00<\/p>\n<p>22:30<\/p>\n<p>&nbsp;<\/p>\n<p>Desde Villa Mi Serran\u00eda<\/p>\n<p>&nbsp;<\/p>\n<p>13:45<\/p>\n<p>&nbsp;<\/p>\n<p>Desde Loma Negra<\/p>\n<p>&nbsp;<\/p>\n<p>08:00<\/p>\n<p>10:00<\/p>\n<p>12:00<\/p>\n<p>14:00<\/p>\n<p>15:30<\/p>\n<p>17:00<\/p>\n<p>18:45<\/p>\n<p>20:15<\/p>\n<p>21:45<\/p>\n<p>23:15<\/p>\n<p>&nbsp;<\/p>\n<p>L\u00ednea 510 (Olavarr\u00eda \u2013 Sierras Bayas)<\/p>\n<p>&nbsp;<\/p>\n<p>Desde Olavarr\u00eda<\/p>\n<p>&nbsp;<\/p>\n<p>Lunes a viernes<\/p>\n<p>&nbsp;<\/p>\n<p>06:00<\/p>\n<p>07:00<\/p>\n<p>08:05<\/p>\n<p>09:15<\/p>\n<p>10:00<\/p>\n<p>11:05<\/p>\n<p>12:00<\/p>\n<p>13:00<\/p>\n<p>14:00<\/p>\n<p>15:00<\/p>\n<p>15:55<\/p>\n<p>17:00<\/p>\n<p>18:00<\/p>\n<p>19:00<\/p>\n<p>20:15<\/p>\n<p>21:10<\/p>\n<p>22:40<\/p>\n<p>&nbsp;<\/p>\n<p>Desde Colonia San Miguel<\/p>\n<p>&nbsp;<\/p>\n<p>06:50<\/p>\n<p>09:00<\/p>\n<p>11:00<\/p>\n<p>13:00<\/p>\n<p>16:55<\/p>\n<p>19:00<\/p>\n<p>21:15<\/p>\n<p>23:40<\/p>\n<p>&nbsp;<\/p>\n<p>Desde Sierras Bayas<\/p>\n<p>&nbsp;<\/p>\n<p>07:15<\/p>\n<p>08:00<\/p>\n<p>09:15<\/p>\n<p>10:15<\/p>\n<p>11:15<\/p>\n<p>12:05<\/p>\n<p>13:15<\/p>\n<p>14:00<\/p>\n<p>15:00<\/p>\n<p>16:00<\/p>\n<p>17:10<\/p>\n<p>18:00<\/p>\n<p>19:15<\/p>\n<p>20:00<\/p>\n<p>21:30<\/p>\n<p>22:00<\/p>\n<p>23:50<\/p>\n<p>&nbsp;<\/p>\n<p>S\u00e1bados<\/p>\n<p>&nbsp;<\/p>\n<p>Desde Olavarr\u00eda<\/p>\n<p>&nbsp;<\/p>\n<p>06:00<\/p>\n<p>07:00<\/p>\n<p>08:05<\/p>\n<p>09:15<\/p>\n<p>10:00<\/p>\n<p>11:05<\/p>\n<p>12:00<\/p>\n<p>13:00<\/p>\n<p>14:00<\/p>\n<p>15:00<\/p>\n<p>15:55<\/p>\n<p>17:00<\/p>\n<p>18:00<\/p>\n<p>19:00<\/p>\n<p>20:15<\/p>\n<p>21:10<\/p>\n<p>22:40<\/p>\n<p>&nbsp;<\/p>\n<p>Desde Colonia San Miguel<\/p>\n<p>&nbsp;<\/p>\n<p>06:50<\/p>\n<p>09:00<\/p>\n<p>11:00<\/p>\n<p>13:00<\/p>\n<p>16:55<\/p>\n<p>19:00<\/p>\n<p>21:15<\/p>\n<p>23:40<\/p>\n<p>&nbsp;<\/p>\n<p>Desde Sierras Bayas<\/p>\n<p>&nbsp;<\/p>\n<p>07:15<\/p>\n<p>08:00<\/p>\n<p>09:15<\/p>\n<p>10:15<\/p>\n<p>11:15<\/p>\n<p>12:05<\/p>\n<p>13:15<\/p>\n<p>14:00<\/p>\n<p>15:00<\/p>\n<p>16:00<\/p>\n<p>17:10<\/p>\n<p>18:00<\/p>\n<p>19:15<\/p>\n<p>20:00<\/p>\n<p>21:30<\/p>\n<p>22:00<\/p>\n<p>23:50<\/p>\n<p>&nbsp;<\/p>\n<p>Domingos y feriados<\/p>\n<p>&nbsp;<\/p>\n<p>Desde Olavarr\u00eda<\/p>\n<p>&nbsp;<\/p>\n<p>07:00<\/p>\n<p>09:00<\/p>\n<p>11:00<\/p>\n<p>12:45<\/p>\n<p>14:45<\/p>\n<p>16:15<\/p>\n<p>18:15<\/p>\n<p>20:15<\/p>\n<p>22:30<\/p>\n<p>&nbsp;<\/p>\n<p>Desde Colonia San Miguel<\/p>\n<p>&nbsp;<\/p>\n<p>07:45<\/p>\n<p>13:45<\/p>\n<p>21:20<\/p>\n<p>&nbsp;<\/p>\n<p>Desde Sierras Bayas<\/p>\n<p>&nbsp;<\/p>\n<p>08:00<\/p>\n<p>10:00<\/p>\n<p>12:00<\/p>\n<p>14:00<\/p>\n<p>15:30<\/p>\n<p>17:15<\/p>\n<p>19:15<\/p>\n<p>21:30<\/p>\n<p>23:30<\/p>\n<p>&nbsp;<\/p>\n<p>L\u00ednea 514 (Olavarr\u00eda \u2013 Hinojo \u2013 Sierra Chica)<\/p>\n<p>&nbsp;<\/p>\n<p>Lunes a viernes<\/p>\n<p>&nbsp;<\/p>\n<p>Desde Olavarr\u00eda<\/p>\n<p>&nbsp;<\/p>\n<p>05:15<\/p>\n<p>06:00<\/p>\n<p>07:00<\/p>\n<p>08:00<\/p>\n<p>09:00<\/p>\n<p>10:00<\/p>\n<p>11:00<\/p>\n<p>12:00<\/p>\n<p>13:00<\/p>\n<p>14:00<\/p>\n<p>15:00<\/p>\n<p>16:00<\/p>\n<p>17:00<\/p>\n<p>18:00<\/p>\n<p>19:00<\/p>\n<p>20:00<\/p>\n<p>21:00<\/p>\n<p>22:45<\/p>\n<p>&nbsp;<\/p>\n<p>Desde Hinojo<\/p>\n<p>&nbsp;<\/p>\n<p>06:00<\/p>\n<p>07:00<\/p>\n<p>08:00<\/p>\n<p>09:00<\/p>\n<p>10:00<\/p>\n<p>11:00<\/p>\n<p>12:00<\/p>\n<p>13:00<\/p>\n<p>14:00<\/p>\n<p>15:00<\/p>\n<p>16:00<\/p>\n<p>17:00<\/p>\n<p>18:00<\/p>\n<p>19:00<\/p>\n<p>20:00<\/p>\n<p>21:00<\/p>\n<p>22:00<\/p>\n<p>23:30<\/p>\n<p>&nbsp;<\/p>\n<p>S\u00e1bados<\/p>\n<p>&nbsp;<\/p>\n<p>Desde Olavarr\u00eda<\/p>\n<p>&nbsp;<\/p>\n<p>05:15<\/p>\n<p>06:00<\/p>\n<p>07:00<\/p>\n<p>08:00<\/p>\n<p>09:00<\/p>\n<p>10:00<\/p>\n<p>11:00<\/p>\n<p>12:00<\/p>\n<p>13:00<\/p>\n<p>14:00<\/p>\n<p>15:00<\/p>\n<p>16:00<\/p>\n<p>17:00<\/p>\n<p>18:00<\/p>\n<p>19:00<\/p>\n<p>20:00<\/p>\n<p>21:00<\/p>\n<p>22:45<\/p>\n<p>&nbsp;<\/p>\n<p>Desde Hinojo<\/p>\n<p>&nbsp;<\/p>\n<p>06:00<\/p>\n<p>07:00<\/p>\n<p>08:00<\/p>\n<p>09:00<\/p>\n<p>10:00<\/p>\n<p>11:00<\/p>\n<p>12:00<\/p>\n<p>13:00<\/p>\n<p>14:00<\/p>\n<p>15:00<\/p>\n<p>16:00<\/p>\n<p>17:00<\/p>\n<p>18:00<\/p>\n<p>19:00<\/p>\n<p>20:00<\/p>\n<p>21:00<\/p>\n<p>22:00<\/p>\n<p>23:30<\/p>\n<p>&nbsp;<\/p>\n<p>Domingos y feriados<\/p>\n<p>&nbsp;<\/p>\n<p>Desde Olavarr\u00eda<\/p>\n<p>&nbsp;<\/p>\n<p>05:15<\/p>\n<p>06:00<\/p>\n<p>07:00<\/p>\n<p>08:00<\/p>\n<p>09:00<\/p>\n<p>10:00<\/p>\n<p>11:00<\/p>\n<p>12:00<\/p>\n<p>13:00<\/p>\n<p>14:00<\/p>\n<p>15:00<\/p>\n<p>16:00<\/p>\n<p>17:00<\/p>\n<p>18:00<\/p>\n<p>19:00<\/p>\n<p>20:00<\/p>\n<p>21:00<\/p>\n<p>22:45<\/p>\n<p>&nbsp;<\/p>\n<p>Desde Hinojo<\/p>\n<p>&nbsp;<\/p>\n<p>06:00<\/p>\n<p>07:00<\/p>\n<p>08:00<\/p>\n<p>09:00<\/p>\n<p>10:00<\/p>\n<p>11:00<\/p>\n<p>12:00<\/p>\n<p>13:00<\/p>\n<p>14:00<\/p>\n<p>15:00<\/p>\n<p>16:00<\/p>\n<p>17:00<\/p>\n<p>18:00<\/p>\n<p>19:00<\/p>\n<p>20:00<\/p>\n<p>21:00<\/p>\n<p>22:00<\/p>\n<p>23:30<\/p>\n","protected":false},"excerpt":{"rendered":"<p>As\u00ed ser\u00e1 la frecuencia en el nuevo servicio de transporte interurbano, desde la Secretar\u00eda de&#8230;<\/p>\n","protected":false},"author":1,"featured_media":165992,"comment_status":"closed","ping_status":"closed","sticky":false,"template":"","format":"standard","meta":{"content-type":""},"categories":[27,51],"tags":[],"nelio_content":{"isAutoShareEnabled":false,"autoShareEndMode":"default","automationSources":{"useContentSentences":true,"useSocialTemplates":true,"useCustomSentences":false,"customSentences":[]},"followers":[1],"suggestedReferences":[],"includedReferences":[],"efiUrl":"","efiAlt":"","highlights":[]},"yoast_head":"<!-- This site is optimized with the Yoast SEO plugin v20.7 - https:\/\/yoast.com\/wordpress\/plugins\/seo\/ -->\n<title>As\u00ed ser\u00e1 la frecuencia en el nuevo servicio de transporte interurbano -<\/title>\n<meta name=\"robots\" content=\"index, follow, max-snippet:-1, max-image-preview:large, max-video-preview:-1\" \/>\n<link rel=\"canonical\" href=\"https:\/\/experienciadevida.com.ar\/portalurbano\/asi-sera-la-frecuencia-en-el-nuevo-servicio-de-transporte-interurbano\/\" \/>\n<meta property=\"og:locale\" content=\"es_ES\" \/>\n<meta property=\"og:type\" content=\"article\" \/>\n<meta property=\"og:title\" content=\"As\u00ed ser\u00e1 la frecuencia en el nuevo servicio de transporte interurbano -\" \/>\n<meta property=\"og:description\" content=\"As\u00ed ser\u00e1 la frecuencia en el nuevo servicio de transporte interurbano, desde la Secretar\u00eda de...\" \/>\n<meta property=\"og:url\" content=\"https:\/\/experienciadevida.com.ar\/portalurbano\/asi-sera-la-frecuencia-en-el-nuevo-servicio-de-transporte-interurbano\/\" \/>\n<meta property=\"article:publisher\" content=\"https:\/\/www.facebook.com\/Portal-Urbano-171542830093757\/\" \/>\n<meta property=\"article:published_time\" content=\"2022-04-19T22:26:51+00:00\" \/>\n<meta property=\"article:modified_time\" content=\"2022-04-19T22:27:15+00:00\" \/>\n<meta property=\"og:image\" content=\"https:\/\/experienciadevida.com.ar\/portalurbano\/wp-content\/uploads\/2022\/04\/Asi-sera-la-frecuencia.jpg\" \/>\n\t<meta property=\"og:image:width\" content=\"1024\" \/>\n\t<meta property=\"og:image:height\" content=\"682\" \/>\n\t<meta property=\"og:image:type\" content=\"image\/jpeg\" \/>\n<meta name=\"author\" content=\"admpu17wp\" \/>\n<meta name=\"twitter:card\" content=\"summary_large_image\" \/>\n<meta name=\"twitter:creator\" content=\"@portalurbanook\" \/>\n<meta name=\"twitter:site\" content=\"@portalurbanook\" \/>\n<meta name=\"twitter:label1\" content=\"Escrito por\" \/>\n\t<meta name=\"twitter:data1\" content=\"admpu17wp\" \/>\n\t<meta name=\"twitter:label2\" content=\"Tiempo de lectura\" \/>\n\t<meta name=\"twitter:data2\" content=\"2 minutos\" \/>\n<script type=\"application\/ld+json\" class=\"yoast-schema-graph\">{\"@context\":\"https:\/\/schema.org\",\"@graph\":[{\"@type\":\"Article\",\"@id\":\"https:\/\/experienciadevida.com.ar\/portalurbano\/asi-sera-la-frecuencia-en-el-nuevo-servicio-de-transporte-interurbano\/#article\",\"isPartOf\":{\"@id\":\"https:\/\/experienciadevida.com.ar\/portalurbano\/asi-sera-la-frecuencia-en-el-nuevo-servicio-de-transporte-interurbano\/\"},\"author\":{\"name\":\"admpu17wp\",\"@id\":\"https:\/\/experienciadevida.com.ar\/portalurbano\/#\/schema\/person\/02dd326b1c4b056e9cc972486934a3a7\"},\"headline\":\"As\u00ed ser\u00e1 la frecuencia en el nuevo servicio de transporte interurbano\",\"datePublished\":\"2022-04-19T22:26:51+00:00\",\"dateModified\":\"2022-04-19T22:27:15+00:00\",\"mainEntityOfPage\":{\"@id\":\"https:\/\/experienciadevida.com.ar\/portalurbano\/asi-sera-la-frecuencia-en-el-nuevo-servicio-de-transporte-interurbano\/\"},\"wordCount\":324,\"publisher\":{\"@id\":\"https:\/\/experienciadevida.com.ar\/portalurbano\/#organization\"},\"articleSection\":[\"Ciudad\",\"Destacadas\"],\"inLanguage\":\"es\"},{\"@type\":\"WebPage\",\"@id\":\"https:\/\/experienciadevida.com.ar\/portalurbano\/asi-sera-la-frecuencia-en-el-nuevo-servicio-de-transporte-interurbano\/\",\"url\":\"https:\/\/experienciadevida.com.ar\/portalurbano\/asi-sera-la-frecuencia-en-el-nuevo-servicio-de-transporte-interurbano\/\",\"name\":\"As\u00ed ser\u00e1 la frecuencia en el nuevo servicio de transporte interurbano -\",\"isPartOf\":{\"@id\":\"https:\/\/experienciadevida.com.ar\/portalurbano\/#website\"},\"datePublished\":\"2022-04-19T22:26:51+00:00\",\"dateModified\":\"2022-04-19T22:27:15+00:00\",\"breadcrumb\":{\"@id\":\"https:\/\/experienciadevida.com.ar\/portalurbano\/asi-sera-la-frecuencia-en-el-nuevo-servicio-de-transporte-interurbano\/#breadcrumb\"},\"inLanguage\":\"es\",\"potentialAction\":[{\"@type\":\"ReadAction\",\"target\":[\"https:\/\/experienciadevida.com.ar\/portalurbano\/asi-sera-la-frecuencia-en-el-nuevo-servicio-de-transporte-interurbano\/\"]}]},{\"@type\":\"BreadcrumbList\",\"@id\":\"https:\/\/experienciadevida.com.ar\/portalurbano\/asi-sera-la-frecuencia-en-el-nuevo-servicio-de-transporte-interurbano\/#breadcrumb\",\"itemListElement\":[{\"@type\":\"ListItem\",\"position\":1,\"name\":\"Portada\",\"item\":\"https:\/\/experienciadevida.com.ar\/portalurbano\/\"},{\"@type\":\"ListItem\",\"position\":2,\"name\":\"As\u00ed ser\u00e1 la frecuencia en el nuevo servicio de transporte interurbano\"}]},{\"@type\":\"WebSite\",\"@id\":\"https:\/\/experienciadevida.com.ar\/portalurbano\/#website\",\"url\":\"https:\/\/experienciadevida.com.ar\/portalurbano\/\",\"name\":\"\",\"description\":\"\",\"publisher\":{\"@id\":\"https:\/\/experienciadevida.com.ar\/portalurbano\/#organization\"},\"potentialAction\":[{\"@type\":\"SearchAction\",\"target\":{\"@type\":\"EntryPoint\",\"urlTemplate\":\"https:\/\/experienciadevida.com.ar\/portalurbano\/?s={search_term_string}\"},\"query-input\":\"required name=search_term_string\"}],\"inLanguage\":\"es\"},{\"@type\":\"Organization\",\"@id\":\"https:\/\/experienciadevida.com.ar\/portalurbano\/#organization\",\"name\":\"Portal Urbano\",\"url\":\"https:\/\/experienciadevida.com.ar\/portalurbano\/\",\"logo\":{\"@type\":\"ImageObject\",\"inLanguage\":\"es\",\"@id\":\"https:\/\/experienciadevida.com.ar\/portalurbano\/#\/schema\/logo\/image\/\",\"url\":\"https:\/\/experienciadevida.com.ar\/portalurbano\/wp-content\/uploads\/2019\/09\/Logo-Original.png\",\"contentUrl\":\"https:\/\/experienciadevida.com.ar\/portalurbano\/wp-content\/uploads\/2019\/09\/Logo-Original.png\",\"width\":2236,\"height\":1216,\"caption\":\"Portal Urbano\"},\"image\":{\"@id\":\"https:\/\/experienciadevida.com.ar\/portalurbano\/#\/schema\/logo\/image\/\"},\"sameAs\":[\"https:\/\/www.facebook.com\/Portal-Urbano-171542830093757\/\",\"https:\/\/twitter.com\/portalurbanook\",\"https:\/\/www.instagram.com\/_portalurbano\/\",\"https:\/\/www.youtube.com\/channel\/UCXhagIfszH8KxFiOok79zbA?view_as=subscriber\"]},{\"@type\":\"Person\",\"@id\":\"https:\/\/experienciadevida.com.ar\/portalurbano\/#\/schema\/person\/02dd326b1c4b056e9cc972486934a3a7\",\"name\":\"admpu17wp\",\"image\":{\"@type\":\"ImageObject\",\"inLanguage\":\"es\",\"@id\":\"https:\/\/experienciadevida.com.ar\/portalurbano\/#\/schema\/person\/image\/\",\"url\":\"https:\/\/secure.gravatar.com\/avatar\/830d4c57adaae6630765e449a6908047?s=96&d=mm&r=g\",\"contentUrl\":\"https:\/\/secure.gravatar.com\/avatar\/830d4c57adaae6630765e449a6908047?s=96&d=mm&r=g\",\"caption\":\"admpu17wp\"}}]}<\/script>\n<!-- \/ Yoast SEO plugin. -->","yoast_head_json":{"title":"As\u00ed ser\u00e1 la frecuencia en el nuevo servicio de transporte interurbano -","robots":{"index":"index","follow":"follow","max-snippet":"max-snippet:-1","max-image-preview":"max-image-preview:large","max-video-preview":"max-video-preview:-1"},"canonical":"https:\/\/experienciadevida.com.ar\/portalurbano\/asi-sera-la-frecuencia-en-el-nuevo-servicio-de-transporte-interurbano\/","og_locale":"es_ES","og_type":"article","og_title":"As\u00ed ser\u00e1 la frecuencia en el nuevo servicio de transporte interurbano -","og_description":"As\u00ed ser\u00e1 la frecuencia en el nuevo servicio de transporte interurbano, desde la Secretar\u00eda de...","og_url":"https:\/\/experienciadevida.com.ar\/portalurbano\/asi-sera-la-frecuencia-en-el-nuevo-servicio-de-transporte-interurbano\/","article_publisher":"https:\/\/www.facebook.com\/Portal-Urbano-171542830093757\/","article_published_time":"2022-04-19T22:26:51+00:00","article_modified_time":"2022-04-19T22:27:15+00:00","og_image":[{"width":1024,"height":682,"url":"https:\/\/experienciadevida.com.ar\/portalurbano\/wp-content\/uploads\/2022\/04\/Asi-sera-la-frecuencia.jpg","type":"image\/jpeg"}],"author":"admpu17wp","twitter_card":"summary_large_image","twitter_creator":"@portalurbanook","twitter_site":"@portalurbanook","twitter_misc":{"Escrito por":"admpu17wp","Tiempo de lectura":"2 minutos"},"schema":{"@context":"https:\/\/schema.org","@graph":[{"@type":"Article","@id":"https:\/\/experienciadevida.com.ar\/portalurbano\/asi-sera-la-frecuencia-en-el-nuevo-servicio-de-transporte-interurbano\/#article","isPartOf":{"@id":"https:\/\/experienciadevida.com.ar\/portalurbano\/asi-sera-la-frecuencia-en-el-nuevo-servicio-de-transporte-interurbano\/"},"author":{"name":"admpu17wp","@id":"https:\/\/experienciadevida.com.ar\/portalurbano\/#\/schema\/person\/02dd326b1c4b056e9cc972486934a3a7"},"headline":"As\u00ed ser\u00e1 la frecuencia en el nuevo servicio de transporte interurbano","datePublished":"2022-04-19T22:26:51+00:00","dateModified":"2022-04-19T22:27:15+00:00","mainEntityOfPage":{"@id":"https:\/\/experienciadevida.com.ar\/portalurbano\/asi-sera-la-frecuencia-en-el-nuevo-servicio-de-transporte-interurbano\/"},"wordCount":324,"publisher":{"@id":"https:\/\/experienciadevida.com.ar\/portalurbano\/#organization"},"articleSection":["Ciudad","Destacadas"],"inLanguage":"es"},{"@type":"WebPage","@id":"https:\/\/experienciadevida.com.ar\/portalurbano\/asi-sera-la-frecuencia-en-el-nuevo-servicio-de-transporte-interurbano\/","url":"https:\/\/experienciadevida.com.ar\/portalurbano\/asi-sera-la-frecuencia-en-el-nuevo-servicio-de-transporte-interurbano\/","name":"As\u00ed ser\u00e1 la frecuencia en el nuevo servicio de transporte interurbano -","isPartOf":{"@id":"https:\/\/experienciadevida.com.ar\/portalurbano\/#website"},"datePublished":"2022-04-19T22:26:51+00:00","dateModified":"2022-04-19T22:27:15+00:00","breadcrumb":{"@id":"https:\/\/experienciadevida.com.ar\/portalurbano\/asi-sera-la-frecuencia-en-el-nuevo-servicio-de-transporte-interurbano\/#breadcrumb"},"inLanguage":"es","potentialAction":[{"@type":"ReadAction","target":["https:\/\/experienciadevida.com.ar\/portalurbano\/asi-sera-la-frecuencia-en-el-nuevo-servicio-de-transporte-interurbano\/"]}]},{"@type":"BreadcrumbList","@id":"https:\/\/experienciadevida.com.ar\/portalurbano\/asi-sera-la-frecuencia-en-el-nuevo-servicio-de-transporte-interurbano\/#breadcrumb","itemListElement":[{"@type":"ListItem","position":1,"name":"Portada","item":"https:\/\/experienciadevida.com.ar\/portalurbano\/"},{"@type":"ListItem","position":2,"name":"As\u00ed ser\u00e1 la frecuencia en el nuevo servicio de transporte interurbano"}]},{"@type":"WebSite","@id":"https:\/\/experienciadevida.com.ar\/portalurbano\/#website","url":"https:\/\/experienciadevida.com.ar\/portalurbano\/","name":"","description":"","publisher":{"@id":"https:\/\/experienciadevida.com.ar\/portalurbano\/#organization"},"potentialAction":[{"@type":"SearchAction","target":{"@type":"EntryPoint","urlTemplate":"https:\/\/experienciadevida.com.ar\/portalurbano\/?s={search_term_string}"},"query-input":"required name=search_term_string"}],"inLanguage":"es"},{"@type":"Organization","@id":"https:\/\/experienciadevida.com.ar\/portalurbano\/#organization","name":"Portal Urbano","url":"https:\/\/experienciadevida.com.ar\/portalurbano\/","logo":{"@type":"ImageObject","inLanguage":"es","@id":"https:\/\/experienciadevida.com.ar\/portalurbano\/#\/schema\/logo\/image\/","url":"https:\/\/experienciadevida.com.ar\/portalurbano\/wp-content\/uploads\/2019\/09\/Logo-Original.png","contentUrl":"https:\/\/experienciadevida.com.ar\/portalurbano\/wp-content\/uploads\/2019\/09\/Logo-Original.png","width":2236,"height":1216,"caption":"Portal Urbano"},"image":{"@id":"https:\/\/experienciadevida.com.ar\/portalurbano\/#\/schema\/logo\/image\/"},"sameAs":["https:\/\/www.facebook.com\/Portal-Urbano-171542830093757\/","https:\/\/twitter.com\/portalurbanook","https:\/\/www.instagram.com\/_portalurbano\/","https:\/\/www.youtube.com\/channel\/UCXhagIfszH8KxFiOok79zbA?view_as=subscriber"]},{"@type":"Person","@id":"https:\/\/experienciadevida.com.ar\/portalurbano\/#\/schema\/person\/02dd326b1c4b056e9cc972486934a3a7","name":"admpu17wp","image":{"@type":"ImageObject","inLanguage":"es","@id":"https:\/\/experienciadevida.com.ar\/portalurbano\/#\/schema\/person\/image\/","url":"https:\/\/secure.gravatar.com\/avatar\/830d4c57adaae6630765e449a6908047?s=96&d=mm&r=g","contentUrl":"https:\/\/secure.gravatar.com\/avatar\/830d4c57adaae6630765e449a6908047?s=96&d=mm&r=g","caption":"admpu17wp"}}]}},"featured_image_urls":{"full":["https:\/\/experienciadevida.com.ar\/portalurbano\/wp-content\/uploads\/2022\/04\/Asi-sera-la-frecuencia.jpg",1024,682,false],"thumbnail":["https:\/\/experienciadevida.com.ar\/portalurbano\/wp-content\/uploads\/2022\/04\/Asi-sera-la-frecuencia-150x150.jpg",150,150,true],"medium":["https:\/\/experienciadevida.com.ar\/portalurbano\/wp-content\/uploads\/2022\/04\/Asi-sera-la-frecuencia-300x200.jpg",300,200,true],"medium_large":["https:\/\/experienciadevida.com.ar\/portalurbano\/wp-content\/uploads\/2022\/04\/Asi-sera-la-frecuencia-768x512.jpg",640,427,true],"large":["https:\/\/experienciadevida.com.ar\/portalurbano\/wp-content\/uploads\/2022\/04\/Asi-sera-la-frecuencia.jpg",640,426,false],"ug_big":["https:\/\/experienciadevida.com.ar\/portalurbano\/wp-content\/uploads\/2022\/04\/Asi-sera-la-frecuencia-768x512.jpg",768,512,true],"1536x1536":["https:\/\/experienciadevida.com.ar\/portalurbano\/wp-content\/uploads\/2022\/04\/Asi-sera-la-frecuencia.jpg",1024,682,false],"2048x2048":["https:\/\/experienciadevida.com.ar\/portalurbano\/wp-content\/uploads\/2022\/04\/Asi-sera-la-frecuencia.jpg",1024,682,false],"newsever-slider-full":["https:\/\/experienciadevida.com.ar\/portalurbano\/wp-content\/uploads\/2022\/04\/Asi-sera-la-frecuencia.jpg",1024,682,false],"newsever-featured":["https:\/\/experienciadevida.com.ar\/portalurbano\/wp-content\/uploads\/2022\/04\/Asi-sera-la-frecuencia.jpg",1024,682,false],"newsever-medium":["https:\/\/experienciadevida.com.ar\/portalurbano\/wp-content\/uploads\/2022\/04\/Asi-sera-la-frecuencia.jpg",713,475,false],"web-stories-poster-portrait":["https:\/\/experienciadevida.com.ar\/portalurbano\/wp-content\/uploads\/2022\/04\/Asi-sera-la-frecuencia.jpg",640,426,false],"web-stories-publisher-logo":["https:\/\/experienciadevida.com.ar\/portalurbano\/wp-content\/uploads\/2022\/04\/Asi-sera-la-frecuencia.jpg",96,64,false],"web-stories-thumbnail":["https:\/\/experienciadevida.com.ar\/portalurbano\/wp-content\/uploads\/2022\/04\/Asi-sera-la-frecuencia.jpg",150,100,false]},"author_info":{"display_name":"admpu17wp","author_link":"https:\/\/experienciadevida.com.ar\/portalurbano\/author\/admpu17wp\/"},"category_info":"<a href=\"https:\/\/experienciadevida.com.ar\/portalurbano\/category\/ciudad\/\" rel=\"category tag\">Ciudad<\/a> <a href=\"https:\/\/experienciadevida.com.ar\/portalurbano\/category\/destacadas\/\" rel=\"category tag\">Destacadas<\/a>","tag_info":"Destacadas","comment_count":"0","amp_enabled":true,"_links":{"self":[{"href":"https:\/\/experienciadevida.com.ar\/portalurbano\/wp-json\/wp\/v2\/posts\/165991"}],"collection":[{"href":"https:\/\/experienciadevida.com.ar\/portalurbano\/wp-json\/wp\/v2\/posts"}],"about":[{"href":"https:\/\/experienciadevida.com.ar\/portalurbano\/wp-json\/wp\/v2\/types\/post"}],"author":[{"embeddable":true,"href":"https:\/\/experienciadevida.com.ar\/portalurbano\/wp-json\/wp\/v2\/users\/1"}],"replies":[{"embeddable":true,"href":"https:\/\/experienciadevida.com.ar\/portalurbano\/wp-json\/wp\/v2\/comments?post=165991"}],"version-history":[{"count":1,"href":"https:\/\/experienciadevida.com.ar\/portalurbano\/wp-json\/wp\/v2\/posts\/165991\/revisions"}],"predecessor-version":[{"id":165993,"href":"https:\/\/experienciadevida.com.ar\/portalurbano\/wp-json\/wp\/v2\/posts\/165991\/revisions\/165993"}],"wp:featuredmedia":[{"embeddable":true,"href":"https:\/\/experienciadevida.com.ar\/portalurbano\/wp-json\/wp\/v2\/media\/165992"}],"wp:attachment":[{"href":"https:\/\/experienciadevida.com.ar\/portalurbano\/wp-json\/wp\/v2\/media?parent=165991"}],"wp:term":[{"taxonomy":"category","embeddable":true,"href":"https:\/\/experienciadevida.com.ar\/portalurbano\/wp-json\/wp\/v2\/categories?post=165991"},{"taxonomy":"post_tag","embeddable":true,"href":"https:\/\/experienciadevida.com.ar\/portalurbano\/wp-json\/wp\/v2\/tags?post=165991"}],"curies":[{"name":"wp","href":"https:\/\/api.w.org\/{rel}","templated":true}]}}