{"id":165937,"date":"2022-04-18T22:13:01","date_gmt":"2022-04-19T01:13:01","guid":{"rendered":"https:\/\/experienciadevida.com.ar\/portalurbano\/?p=165937"},"modified":"2022-04-18T22:14:48","modified_gmt":"2022-04-19T01:14:48","slug":"lucas-moyano-tras-el-allanamiento-en-un-boliche-se-secuestraron-bebidas-que-estaban-abiertas","status":"publish","type":"post","link":"https:\/\/experienciadevida.com.ar\/portalurbano\/lucas-moyano-tras-el-allanamiento-en-un-boliche-se-secuestraron-bebidas-que-estaban-abiertas\/","title":{"rendered":"Lucas Moyano tras el allanamiento en un boliche: &#8220;Se secuestraron bebidas que estaban abiertas&#8221;"},"content":{"rendered":"<p>Lucas Moyano tras el allanamiento en un boliche: &#8220;Se secuestraron bebidas que estaban abiertas&#8221;, as\u00ed lo dijo en declaraciones con los medios de comunicaci\u00f3n tras el allanamiento en un bar de Pueblo Nuevo, luego de que se viralizara la intoxicaci\u00f3n de una joven en el lugar.<\/p>\n<p>El Fiscal, a cargo de la causa que por el momento est\u00e1 caratulada como &#8220;averiguaci\u00f3n de presunto il\u00edcito&#8221;, dijo que se pod\u00eda dar poca informaci\u00f3n &#8220;estamos en una incipiente investigaci\u00f3n, hemos logrado relevar algunos testimonios con la cual la prueba reunida solicitamos al Juez la correspondiente orden de allanamiento para buscar medidas de prueba existentes en el lugar y en este sentido es el operativo que se realiza. Hemos relevado testimonios, no puedo dar mayores datos&#8221;.<\/p>\n<p>&#8220;Necesitamos que la gente colabore con la justicia, se pueden hacer denuncias an\u00f3nimas, hay un 0800 drogas no, hay vecinos en alerta, est\u00e1n las mismas dependencias policiales con sus n\u00fameros de tel\u00e9fono, nosotros tenemos un mail, la aplicaci\u00f3n del Ministerio de seguridad y no es necesario que sea una denuncia con nombre y apellido, sino que pueden hacerla de forma an\u00f3nima, en caso de que tengan temor por su integridad, la puerta de la fiscal\u00eda 19 de Olavarr\u00eda tambi\u00e9n est\u00e1 abierta para recibir la denuncia, Olavarr\u00eda es grande son muchos sectores por eso necesitamos la colaboraci\u00f3n del vecino que cuando ve una situaci\u00f3n anormal colaboren,\u00a0 \u00a0y aporten los datos necesarios. Hemos tenido colaboraci\u00f3n de los propietarios del lugar incluso est\u00e1 el abogado de la firma, en la cual hemos secuestrado circuitos cerrados de vigilancia como as\u00ed tambi\u00e9n bebidas alcoh\u00f3licas de botellas que se encontraban abiertas para su an\u00e1lisis para seguir con el curso de la investigaci\u00f3n&#8221;.<\/p>\n<p>Por otro lado mencion\u00f3\u00a0 &#8220;ya fueron \u00a0solicitadas las correspondientes historias cl\u00ednicas de las personas que se han hecho presentes&#8221;.<\/p>\n<p>&#8220;La situaci\u00f3n que se viralice determinada situaci\u00f3n permite en nuestro caso que actuamos de oficio tratar de identificar a la persona real que est\u00e1 atr\u00e1s de ese perfil para que aporte su testimonio a la justicia por eso invito si hay alguna otra persona que sufri\u00f3 alg\u00fan tipo de situaci\u00f3n similar que nos aporte la informaci\u00f3n para seguir la investigaci\u00f3n, que por el momento se averigua como &#8220;averiguaci\u00f3n de il\u00edcito&#8221; pero puede ser infracci\u00f3n o un delito contra la salud&#8221;.<\/p>\n","protected":false},"excerpt":{"rendered":"<p>Lucas Moyano tras el allanamiento en un boliche: &#8220;Se secuestraron bebidas que estaban abiertas&#8221;, as\u00ed&#8230;<\/p>\n","protected":false},"author":1,"featured_media":165938,"comment_status":"closed","ping_status":"closed","sticky":false,"template":"","format":"standard","meta":{"content-type":""},"categories":[27,64],"tags":[],"nelio_content":{"isAutoShareEnabled":false,"autoShareEndMode":"default","automationSources":{"useContentSentences":true,"useSocialTemplates":true,"useCustomSentences":false,"customSentences":[]},"followers":[1],"suggestedReferences":[],"includedReferences":[],"efiUrl":"","efiAlt":"","highlights":[]},"yoast_head":"<!-- This site is optimized with the Yoast SEO plugin v20.7 - https:\/\/yoast.com\/wordpress\/plugins\/seo\/ -->\n<title>Lucas Moyano tras el allanamiento en un boliche: &quot;Secuestraron bebidas&quot;<\/title>\n<meta name=\"description\" content=\"Lucas Moyano tras el allanamiento en un boliche: &quot;Se secuestraron bebidas que estaban abiertas&quot;, as\u00ed lo dijo en declaraciones\" \/>\n<meta name=\"robots\" content=\"index, follow, max-snippet:-1, max-image-preview:large, max-video-preview:-1\" \/>\n<link rel=\"canonical\" href=\"https:\/\/experienciadevida.com.ar\/portalurbano\/lucas-moyano-tras-el-allanamiento-en-un-boliche-se-secuestraron-bebidas-que-estaban-abiertas\/\" \/>\n<meta property=\"og:locale\" content=\"es_ES\" \/>\n<meta property=\"og:type\" content=\"article\" \/>\n<meta property=\"og:title\" content=\"Lucas Moyano tras el allanamiento en un boliche: &quot;Secuestraron bebidas&quot;\" \/>\n<meta property=\"og:description\" content=\"Lucas Moyano tras el allanamiento en un boliche: &quot;Se secuestraron bebidas que estaban abiertas&quot;, as\u00ed lo dijo en declaraciones\" \/>\n<meta property=\"og:url\" content=\"https:\/\/experienciadevida.com.ar\/portalurbano\/lucas-moyano-tras-el-allanamiento-en-un-boliche-se-secuestraron-bebidas-que-estaban-abiertas\/\" \/>\n<meta property=\"article:publisher\" content=\"https:\/\/www.facebook.com\/Portal-Urbano-171542830093757\/\" \/>\n<meta property=\"article:published_time\" content=\"2022-04-19T01:13:01+00:00\" \/>\n<meta property=\"article:modified_time\" content=\"2022-04-19T01:14:48+00:00\" \/>\n<meta property=\"og:image\" content=\"https:\/\/experienciadevida.com.ar\/portalurbano\/wp-content\/uploads\/2022\/04\/Lucas-Moyano-tras-el.jpg\" \/>\n\t<meta property=\"og:image:width\" content=\"1600\" \/>\n\t<meta property=\"og:image:height\" content=\"1200\" \/>\n\t<meta property=\"og:image:type\" content=\"image\/jpeg\" \/>\n<meta name=\"author\" content=\"admpu17wp\" \/>\n<meta name=\"twitter:card\" content=\"summary_large_image\" \/>\n<meta name=\"twitter:creator\" content=\"@portalurbanook\" \/>\n<meta name=\"twitter:site\" content=\"@portalurbanook\" \/>\n<meta name=\"twitter:label1\" content=\"Escrito por\" \/>\n\t<meta name=\"twitter:data1\" content=\"admpu17wp\" \/>\n\t<meta name=\"twitter:label2\" content=\"Tiempo de lectura\" \/>\n\t<meta name=\"twitter:data2\" content=\"2 minutos\" \/>\n<script type=\"application\/ld+json\" class=\"yoast-schema-graph\">{\"@context\":\"https:\/\/schema.org\",\"@graph\":[{\"@type\":\"Article\",\"@id\":\"https:\/\/experienciadevida.com.ar\/portalurbano\/lucas-moyano-tras-el-allanamiento-en-un-boliche-se-secuestraron-bebidas-que-estaban-abiertas\/#article\",\"isPartOf\":{\"@id\":\"https:\/\/experienciadevida.com.ar\/portalurbano\/lucas-moyano-tras-el-allanamiento-en-un-boliche-se-secuestraron-bebidas-que-estaban-abiertas\/\"},\"author\":{\"name\":\"admpu17wp\",\"@id\":\"https:\/\/experienciadevida.com.ar\/portalurbano\/#\/schema\/person\/02dd326b1c4b056e9cc972486934a3a7\"},\"headline\":\"Lucas Moyano tras el allanamiento en un boliche: &#8220;Se secuestraron bebidas que estaban abiertas&#8221;\",\"datePublished\":\"2022-04-19T01:13:01+00:00\",\"dateModified\":\"2022-04-19T01:14:48+00:00\",\"mainEntityOfPage\":{\"@id\":\"https:\/\/experienciadevida.com.ar\/portalurbano\/lucas-moyano-tras-el-allanamiento-en-un-boliche-se-secuestraron-bebidas-que-estaban-abiertas\/\"},\"wordCount\":424,\"publisher\":{\"@id\":\"https:\/\/experienciadevida.com.ar\/portalurbano\/#organization\"},\"articleSection\":[\"Ciudad\",\"Destacadas 2\"],\"inLanguage\":\"es\"},{\"@type\":\"WebPage\",\"@id\":\"https:\/\/experienciadevida.com.ar\/portalurbano\/lucas-moyano-tras-el-allanamiento-en-un-boliche-se-secuestraron-bebidas-que-estaban-abiertas\/\",\"url\":\"https:\/\/experienciadevida.com.ar\/portalurbano\/lucas-moyano-tras-el-allanamiento-en-un-boliche-se-secuestraron-bebidas-que-estaban-abiertas\/\",\"name\":\"Lucas Moyano tras el allanamiento en un boliche: \\\"Secuestraron bebidas\\\"\",\"isPartOf\":{\"@id\":\"https:\/\/experienciadevida.com.ar\/portalurbano\/#website\"},\"datePublished\":\"2022-04-19T01:13:01+00:00\",\"dateModified\":\"2022-04-19T01:14:48+00:00\",\"description\":\"Lucas Moyano tras el allanamiento en un boliche: \\\"Se secuestraron bebidas que estaban abiertas\\\", as\u00ed lo dijo en declaraciones\",\"breadcrumb\":{\"@id\":\"https:\/\/experienciadevida.com.ar\/portalurbano\/lucas-moyano-tras-el-allanamiento-en-un-boliche-se-secuestraron-bebidas-que-estaban-abiertas\/#breadcrumb\"},\"inLanguage\":\"es\",\"potentialAction\":[{\"@type\":\"ReadAction\",\"target\":[\"https:\/\/experienciadevida.com.ar\/portalurbano\/lucas-moyano-tras-el-allanamiento-en-un-boliche-se-secuestraron-bebidas-que-estaban-abiertas\/\"]}]},{\"@type\":\"BreadcrumbList\",\"@id\":\"https:\/\/experienciadevida.com.ar\/portalurbano\/lucas-moyano-tras-el-allanamiento-en-un-boliche-se-secuestraron-bebidas-que-estaban-abiertas\/#breadcrumb\",\"itemListElement\":[{\"@type\":\"ListItem\",\"position\":1,\"name\":\"Portada\",\"item\":\"https:\/\/experienciadevida.com.ar\/portalurbano\/\"},{\"@type\":\"ListItem\",\"position\":2,\"name\":\"Lucas Moyano tras el allanamiento en un boliche: \u00abSe secuestraron bebidas que estaban abiertas\u00bb\"}]},{\"@type\":\"WebSite\",\"@id\":\"https:\/\/experienciadevida.com.ar\/portalurbano\/#website\",\"url\":\"https:\/\/experienciadevida.com.ar\/portalurbano\/\",\"name\":\"\",\"description\":\"\",\"publisher\":{\"@id\":\"https:\/\/experienciadevida.com.ar\/portalurbano\/#organization\"},\"potentialAction\":[{\"@type\":\"SearchAction\",\"target\":{\"@type\":\"EntryPoint\",\"urlTemplate\":\"https:\/\/experienciadevida.com.ar\/portalurbano\/?s={search_term_string}\"},\"query-input\":\"required name=search_term_string\"}],\"inLanguage\":\"es\"},{\"@type\":\"Organization\",\"@id\":\"https:\/\/experienciadevida.com.ar\/portalurbano\/#organization\",\"name\":\"Portal Urbano\",\"url\":\"https:\/\/experienciadevida.com.ar\/portalurbano\/\",\"logo\":{\"@type\":\"ImageObject\",\"inLanguage\":\"es\",\"@id\":\"https:\/\/experienciadevida.com.ar\/portalurbano\/#\/schema\/logo\/image\/\",\"url\":\"https:\/\/experienciadevida.com.ar\/portalurbano\/wp-content\/uploads\/2019\/09\/Logo-Original.png\",\"contentUrl\":\"https:\/\/experienciadevida.com.ar\/portalurbano\/wp-content\/uploads\/2019\/09\/Logo-Original.png\",\"width\":2236,\"height\":1216,\"caption\":\"Portal Urbano\"},\"image\":{\"@id\":\"https:\/\/experienciadevida.com.ar\/portalurbano\/#\/schema\/logo\/image\/\"},\"sameAs\":[\"https:\/\/www.facebook.com\/Portal-Urbano-171542830093757\/\",\"https:\/\/twitter.com\/portalurbanook\",\"https:\/\/www.instagram.com\/_portalurbano\/\",\"https:\/\/www.youtube.com\/channel\/UCXhagIfszH8KxFiOok79zbA?view_as=subscriber\"]},{\"@type\":\"Person\",\"@id\":\"https:\/\/experienciadevida.com.ar\/portalurbano\/#\/schema\/person\/02dd326b1c4b056e9cc972486934a3a7\",\"name\":\"admpu17wp\",\"image\":{\"@type\":\"ImageObject\",\"inLanguage\":\"es\",\"@id\":\"https:\/\/experienciadevida.com.ar\/portalurbano\/#\/schema\/person\/image\/\",\"url\":\"https:\/\/secure.gravatar.com\/avatar\/830d4c57adaae6630765e449a6908047?s=96&d=mm&r=g\",\"contentUrl\":\"https:\/\/secure.gravatar.com\/avatar\/830d4c57adaae6630765e449a6908047?s=96&d=mm&r=g\",\"caption\":\"admpu17wp\"}}]}<\/script>\n<!-- \/ Yoast SEO plugin. -->","yoast_head_json":{"title":"Lucas Moyano tras el allanamiento en un boliche: \"Secuestraron bebidas\"","description":"Lucas Moyano tras el allanamiento en un boliche: \"Se secuestraron bebidas que estaban abiertas\", as\u00ed lo dijo en declaraciones","robots":{"index":"index","follow":"follow","max-snippet":"max-snippet:-1","max-image-preview":"max-image-preview:large","max-video-preview":"max-video-preview:-1"},"canonical":"https:\/\/experienciadevida.com.ar\/portalurbano\/lucas-moyano-tras-el-allanamiento-en-un-boliche-se-secuestraron-bebidas-que-estaban-abiertas\/","og_locale":"es_ES","og_type":"article","og_title":"Lucas Moyano tras el allanamiento en un boliche: \"Secuestraron bebidas\"","og_description":"Lucas Moyano tras el allanamiento en un boliche: \"Se secuestraron bebidas que estaban abiertas\", as\u00ed lo dijo en declaraciones","og_url":"https:\/\/experienciadevida.com.ar\/portalurbano\/lucas-moyano-tras-el-allanamiento-en-un-boliche-se-secuestraron-bebidas-que-estaban-abiertas\/","article_publisher":"https:\/\/www.facebook.com\/Portal-Urbano-171542830093757\/","article_published_time":"2022-04-19T01:13:01+00:00","article_modified_time":"2022-04-19T01:14:48+00:00","og_image":[{"width":1600,"height":1200,"url":"https:\/\/experienciadevida.com.ar\/portalurbano\/wp-content\/uploads\/2022\/04\/Lucas-Moyano-tras-el.jpg","type":"image\/jpeg"}],"author":"admpu17wp","twitter_card":"summary_large_image","twitter_creator":"@portalurbanook","twitter_site":"@portalurbanook","twitter_misc":{"Escrito por":"admpu17wp","Tiempo de lectura":"2 minutos"},"schema":{"@context":"https:\/\/schema.org","@graph":[{"@type":"Article","@id":"https:\/\/experienciadevida.com.ar\/portalurbano\/lucas-moyano-tras-el-allanamiento-en-un-boliche-se-secuestraron-bebidas-que-estaban-abiertas\/#article","isPartOf":{"@id":"https:\/\/experienciadevida.com.ar\/portalurbano\/lucas-moyano-tras-el-allanamiento-en-un-boliche-se-secuestraron-bebidas-que-estaban-abiertas\/"},"author":{"name":"admpu17wp","@id":"https:\/\/experienciadevida.com.ar\/portalurbano\/#\/schema\/person\/02dd326b1c4b056e9cc972486934a3a7"},"headline":"Lucas Moyano tras el allanamiento en un boliche: &#8220;Se secuestraron bebidas que estaban abiertas&#8221;","datePublished":"2022-04-19T01:13:01+00:00","dateModified":"2022-04-19T01:14:48+00:00","mainEntityOfPage":{"@id":"https:\/\/experienciadevida.com.ar\/portalurbano\/lucas-moyano-tras-el-allanamiento-en-un-boliche-se-secuestraron-bebidas-que-estaban-abiertas\/"},"wordCount":424,"publisher":{"@id":"https:\/\/experienciadevida.com.ar\/portalurbano\/#organization"},"articleSection":["Ciudad","Destacadas 2"],"inLanguage":"es"},{"@type":"WebPage","@id":"https:\/\/experienciadevida.com.ar\/portalurbano\/lucas-moyano-tras-el-allanamiento-en-un-boliche-se-secuestraron-bebidas-que-estaban-abiertas\/","url":"https:\/\/experienciadevida.com.ar\/portalurbano\/lucas-moyano-tras-el-allanamiento-en-un-boliche-se-secuestraron-bebidas-que-estaban-abiertas\/","name":"Lucas Moyano tras el allanamiento en un boliche: \"Secuestraron bebidas\"","isPartOf":{"@id":"https:\/\/experienciadevida.com.ar\/portalurbano\/#website"},"datePublished":"2022-04-19T01:13:01+00:00","dateModified":"2022-04-19T01:14:48+00:00","description":"Lucas Moyano tras el allanamiento en un boliche: \"Se secuestraron bebidas que estaban abiertas\", as\u00ed lo dijo en declaraciones","breadcrumb":{"@id":"https:\/\/experienciadevida.com.ar\/portalurbano\/lucas-moyano-tras-el-allanamiento-en-un-boliche-se-secuestraron-bebidas-que-estaban-abiertas\/#breadcrumb"},"inLanguage":"es","potentialAction":[{"@type":"ReadAction","target":["https:\/\/experienciadevida.com.ar\/portalurbano\/lucas-moyano-tras-el-allanamiento-en-un-boliche-se-secuestraron-bebidas-que-estaban-abiertas\/"]}]},{"@type":"BreadcrumbList","@id":"https:\/\/experienciadevida.com.ar\/portalurbano\/lucas-moyano-tras-el-allanamiento-en-un-boliche-se-secuestraron-bebidas-que-estaban-abiertas\/#breadcrumb","itemListElement":[{"@type":"ListItem","position":1,"name":"Portada","item":"https:\/\/experienciadevida.com.ar\/portalurbano\/"},{"@type":"ListItem","position":2,"name":"Lucas Moyano tras el allanamiento en un boliche: \u00abSe secuestraron bebidas que estaban abiertas\u00bb"}]},{"@type":"WebSite","@id":"https:\/\/experienciadevida.com.ar\/portalurbano\/#website","url":"https:\/\/experienciadevida.com.ar\/portalurbano\/","name":"","description":"","publisher":{"@id":"https:\/\/experienciadevida.com.ar\/portalurbano\/#organization"},"potentialAction":[{"@type":"SearchAction","target":{"@type":"EntryPoint","urlTemplate":"https:\/\/experienciadevida.com.ar\/portalurbano\/?s={search_term_string}"},"query-input":"required name=search_term_string"}],"inLanguage":"es"},{"@type":"Organization","@id":"https:\/\/experienciadevida.com.ar\/portalurbano\/#organization","name":"Portal Urbano","url":"https:\/\/experienciadevida.com.ar\/portalurbano\/","logo":{"@type":"ImageObject","inLanguage":"es","@id":"https:\/\/experienciadevida.com.ar\/portalurbano\/#\/schema\/logo\/image\/","url":"https:\/\/experienciadevida.com.ar\/portalurbano\/wp-content\/uploads\/2019\/09\/Logo-Original.png","contentUrl":"https:\/\/experienciadevida.com.ar\/portalurbano\/wp-content\/uploads\/2019\/09\/Logo-Original.png","width":2236,"height":1216,"caption":"Portal Urbano"},"image":{"@id":"https:\/\/experienciadevida.com.ar\/portalurbano\/#\/schema\/logo\/image\/"},"sameAs":["https:\/\/www.facebook.com\/Portal-Urbano-171542830093757\/","https:\/\/twitter.com\/portalurbanook","https:\/\/www.instagram.com\/_portalurbano\/","https:\/\/www.youtube.com\/channel\/UCXhagIfszH8KxFiOok79zbA?view_as=subscriber"]},{"@type":"Person","@id":"https:\/\/experienciadevida.com.ar\/portalurbano\/#\/schema\/person\/02dd326b1c4b056e9cc972486934a3a7","name":"admpu17wp","image":{"@type":"ImageObject","inLanguage":"es","@id":"https:\/\/experienciadevida.com.ar\/portalurbano\/#\/schema\/person\/image\/","url":"https:\/\/secure.gravatar.com\/avatar\/830d4c57adaae6630765e449a6908047?s=96&d=mm&r=g","contentUrl":"https:\/\/secure.gravatar.com\/avatar\/830d4c57adaae6630765e449a6908047?s=96&d=mm&r=g","caption":"admpu17wp"}}]}},"featured_image_urls":{"full":["https:\/\/experienciadevida.com.ar\/portalurbano\/wp-content\/uploads\/2022\/04\/Lucas-Moyano-tras-el.jpg",1600,1200,false],"thumbnail":["https:\/\/experienciadevida.com.ar\/portalurbano\/wp-content\/uploads\/2022\/04\/Lucas-Moyano-tras-el-150x150.jpg",150,150,true],"medium":["https:\/\/experienciadevida.com.ar\/portalurbano\/wp-content\/uploads\/2022\/04\/Lucas-Moyano-tras-el-300x225.jpg",300,225,true],"medium_large":["https:\/\/experienciadevida.com.ar\/portalurbano\/wp-content\/uploads\/2022\/04\/Lucas-Moyano-tras-el-768x576.jpg",640,480,true],"large":["https:\/\/experienciadevida.com.ar\/portalurbano\/wp-content\/uploads\/2022\/04\/Lucas-Moyano-tras-el-1024x768.jpg",640,480,true],"ug_big":["https:\/\/experienciadevida.com.ar\/portalurbano\/wp-content\/uploads\/2022\/04\/Lucas-Moyano-tras-el-768x576.jpg",768,576,true],"1536x1536":["https:\/\/experienciadevida.com.ar\/portalurbano\/wp-content\/uploads\/2022\/04\/Lucas-Moyano-tras-el-1536x1152.jpg",1536,1152,true],"2048x2048":["https:\/\/experienciadevida.com.ar\/portalurbano\/wp-content\/uploads\/2022\/04\/Lucas-Moyano-tras-el.jpg",1600,1200,false],"newsever-slider-full":["https:\/\/experienciadevida.com.ar\/portalurbano\/wp-content\/uploads\/2022\/04\/Lucas-Moyano-tras-el.jpg",1127,845,false],"newsever-featured":["https:\/\/experienciadevida.com.ar\/portalurbano\/wp-content\/uploads\/2022\/04\/Lucas-Moyano-tras-el.jpg",1024,768,false],"newsever-medium":["https:\/\/experienciadevida.com.ar\/portalurbano\/wp-content\/uploads\/2022\/04\/Lucas-Moyano-tras-el.jpg",633,475,false],"web-stories-poster-portrait":["https:\/\/experienciadevida.com.ar\/portalurbano\/wp-content\/uploads\/2022\/04\/Lucas-Moyano-tras-el.jpg",640,480,false],"web-stories-publisher-logo":["https:\/\/experienciadevida.com.ar\/portalurbano\/wp-content\/uploads\/2022\/04\/Lucas-Moyano-tras-el.jpg",96,72,false],"web-stories-thumbnail":["https:\/\/experienciadevida.com.ar\/portalurbano\/wp-content\/uploads\/2022\/04\/Lucas-Moyano-tras-el.jpg",150,113,false]},"author_info":{"display_name":"admpu17wp","author_link":"https:\/\/experienciadevida.com.ar\/portalurbano\/author\/admpu17wp\/"},"category_info":"<a href=\"https:\/\/experienciadevida.com.ar\/portalurbano\/category\/ciudad\/\" rel=\"category tag\">Ciudad<\/a> <a href=\"https:\/\/experienciadevida.com.ar\/portalurbano\/category\/destacadas-2\/\" rel=\"category tag\">Destacadas 2<\/a>","tag_info":"Destacadas 2","comment_count":"0","amp_enabled":true,"_links":{"self":[{"href":"https:\/\/experienciadevida.com.ar\/portalurbano\/wp-json\/wp\/v2\/posts\/165937"}],"collection":[{"href":"https:\/\/experienciadevida.com.ar\/portalurbano\/wp-json\/wp\/v2\/posts"}],"about":[{"href":"https:\/\/experienciadevida.com.ar\/portalurbano\/wp-json\/wp\/v2\/types\/post"}],"author":[{"embeddable":true,"href":"https:\/\/experienciadevida.com.ar\/portalurbano\/wp-json\/wp\/v2\/users\/1"}],"replies":[{"embeddable":true,"href":"https:\/\/experienciadevida.com.ar\/portalurbano\/wp-json\/wp\/v2\/comments?post=165937"}],"version-history":[{"count":2,"href":"https:\/\/experienciadevida.com.ar\/portalurbano\/wp-json\/wp\/v2\/posts\/165937\/revisions"}],"predecessor-version":[{"id":165940,"href":"https:\/\/experienciadevida.com.ar\/portalurbano\/wp-json\/wp\/v2\/posts\/165937\/revisions\/165940"}],"wp:featuredmedia":[{"embeddable":true,"href":"https:\/\/experienciadevida.com.ar\/portalurbano\/wp-json\/wp\/v2\/media\/165938"}],"wp:attachment":[{"href":"https:\/\/experienciadevida.com.ar\/portalurbano\/wp-json\/wp\/v2\/media?parent=165937"}],"wp:term":[{"taxonomy":"category","embeddable":true,"href":"https:\/\/experienciadevida.com.ar\/portalurbano\/wp-json\/wp\/v2\/categories?post=165937"},{"taxonomy":"post_tag","embeddable":true,"href":"https:\/\/experienciadevida.com.ar\/portalurbano\/wp-json\/wp\/v2\/tags?post=165937"}],"curies":[{"name":"wp","href":"https:\/\/api.w.org\/{rel}","templated":true}]}}