{"id":165906,"date":"2022-04-18T16:23:17","date_gmt":"2022-04-18T19:23:17","guid":{"rendered":"https:\/\/experienciadevida.com.ar\/portalurbano\/?p=165906"},"modified":"2022-04-18T17:54:07","modified_gmt":"2022-04-18T20:54:07","slug":"la-provincia-envio-para-la-sede-administrativa-del-consejo-escolar-3-nuevas-computadoras","status":"publish","type":"post","link":"https:\/\/experienciadevida.com.ar\/portalurbano\/la-provincia-envio-para-la-sede-administrativa-del-consejo-escolar-3-nuevas-computadoras\/","title":{"rendered":"La Provincia envi\u00f3 para la sede administrativa del Consejo Escolar  3 nuevas computadoras"},"content":{"rendered":"<p>La Provincia envi\u00f3 para la sede administrativa del Consejo Escolar 3 nuevas computadoras, el d\u00eda mi\u00e9rcoles llegaron a nuestra ciudad tres computadoras que se utilizar\u00e1n en el Consejo Escolar para garantizar una mejor atenci\u00f3n en pos de dinamizar los servicios y tr\u00e1mites permanentes que constituyen la labor de trabajadores y consejeros.<\/p>\n<p>Al respecto Alberto Sileoni, Director en Direcci\u00f3n General de Cultura y Educaci\u00f3n PBA destac\u00f3: \u201cLos Consejos Escolares en la provincia est\u00e1n presentes en los 135 distritos porque son \u00f3rganos de nuestra Constituci\u00f3n. Tienen una importancia estrat\u00e9gica en el gobierno de la educaci\u00f3n. Ayer les entregamos computadoras para realizar el enorme trabajo que tienen todos los d\u00edas\u201d.<\/p>\n<p>La entrega de computadoras a los Consejos Escolares, se da en el marco de las acciones destinadas a continuar mejorando las capacidades administrativas de estos organismos educativos. Cabe destacar que la distribuci\u00f3n se realiz\u00f3 teniendo en cuenta las dimensiones de cada Consejo.<\/p>\n<p>Las herramientas tecnol\u00f3gicas contribuir\u00e1n a mejorar la labor diaria de estos organismos, en el marco de una propuesta integral de mejora de las capacidades de los Consejos Escolares, que incluye tambi\u00e9n una serie de capacitaciones que la cartera educativa lleva adelante durante este a\u00f1o.<\/p>\n<p><a href=\"https:\/\/experienciadevida.com.ar\/portalurbano\/la-provincia-envio-para-la-sede-administrativa-del-consejo-escolar-3-nuevas-computadoras\/la-provincia-3\/\" rel=\"attachment wp-att-165909\"><img decoding=\"async\" class=\"alignnone size-full wp-image-165909\" src=\"https:\/\/experienciadevida.com.ar\/portalurbano\/wp-content\/uploads\/2022\/04\/La-Provincia.jpg\" alt=\"La Provincia\" width=\"960\" height=\"669\" srcset=\"https:\/\/experienciadevida.com.ar\/portalurbano\/wp-content\/uploads\/2022\/04\/La-Provincia.jpg 960w, https:\/\/experienciadevida.com.ar\/portalurbano\/wp-content\/uploads\/2022\/04\/La-Provincia-300x209.jpg 300w, https:\/\/experienciadevida.com.ar\/portalurbano\/wp-content\/uploads\/2022\/04\/La-Provincia-768x535.jpg 768w\" sizes=\"(max-width: 960px) 100vw, 960px\" \/><\/a><\/p>\n","protected":false},"excerpt":{"rendered":"<p>La Provincia envi\u00f3 para la sede administrativa del Consejo Escolar 3 nuevas computadoras, el d\u00eda&#8230;<\/p>\n","protected":false},"author":1,"featured_media":165907,"comment_status":"closed","ping_status":"closed","sticky":false,"template":"","format":"standard","meta":{"content-type":""},"categories":[27,51],"tags":[],"nelio_content":{"isAutoShareEnabled":false,"autoShareEndMode":"default","automationSources":{"useContentSentences":true,"useSocialTemplates":true,"useCustomSentences":false,"customSentences":[]},"followers":[1],"suggestedReferences":[],"includedReferences":[],"efiUrl":"","efiAlt":"","highlights":[]},"yoast_head":"<!-- This site is optimized with the Yoast SEO plugin v20.7 - https:\/\/yoast.com\/wordpress\/plugins\/seo\/ -->\n<title>La Provincia envi\u00f3 para la sede administrativa 3 computadoras<\/title>\n<meta name=\"description\" content=\"La Provincia envi\u00f3 para la sede administrativa del Consejo Escolar 3 nuevas computadoras, fue el d\u00eda mi\u00e9rcoles que llegaron\" \/>\n<meta name=\"robots\" content=\"index, follow, max-snippet:-1, max-image-preview:large, max-video-preview:-1\" \/>\n<link rel=\"canonical\" href=\"https:\/\/experienciadevida.com.ar\/portalurbano\/la-provincia-envio-para-la-sede-administrativa-del-consejo-escolar-3-nuevas-computadoras\/\" \/>\n<meta property=\"og:locale\" content=\"es_ES\" \/>\n<meta property=\"og:type\" content=\"article\" \/>\n<meta property=\"og:title\" content=\"La Provincia envi\u00f3 para la sede administrativa 3 computadoras\" \/>\n<meta property=\"og:description\" content=\"La Provincia envi\u00f3 para la sede administrativa del Consejo Escolar 3 nuevas computadoras, fue el d\u00eda mi\u00e9rcoles que llegaron\" \/>\n<meta property=\"og:url\" content=\"https:\/\/experienciadevida.com.ar\/portalurbano\/la-provincia-envio-para-la-sede-administrativa-del-consejo-escolar-3-nuevas-computadoras\/\" \/>\n<meta property=\"article:publisher\" content=\"https:\/\/www.facebook.com\/Portal-Urbano-171542830093757\/\" \/>\n<meta property=\"article:published_time\" content=\"2022-04-18T19:23:17+00:00\" \/>\n<meta property=\"article:modified_time\" content=\"2022-04-18T20:54:07+00:00\" \/>\n<meta property=\"og:image\" content=\"https:\/\/experienciadevida.com.ar\/portalurbano\/wp-content\/uploads\/2022\/04\/La-Provincia-envio-para.jpg\" \/>\n\t<meta property=\"og:image:width\" content=\"960\" \/>\n\t<meta property=\"og:image:height\" content=\"601\" \/>\n\t<meta property=\"og:image:type\" content=\"image\/jpeg\" \/>\n<meta name=\"author\" content=\"admpu17wp\" \/>\n<meta name=\"twitter:card\" content=\"summary_large_image\" \/>\n<meta name=\"twitter:creator\" content=\"@portalurbanook\" \/>\n<meta name=\"twitter:site\" content=\"@portalurbanook\" \/>\n<meta name=\"twitter:label1\" content=\"Escrito por\" \/>\n\t<meta name=\"twitter:data1\" content=\"admpu17wp\" \/>\n\t<meta name=\"twitter:label2\" content=\"Tiempo de lectura\" \/>\n\t<meta name=\"twitter:data2\" content=\"2 minutos\" \/>\n<script type=\"application\/ld+json\" class=\"yoast-schema-graph\">{\"@context\":\"https:\/\/schema.org\",\"@graph\":[{\"@type\":\"Article\",\"@id\":\"https:\/\/experienciadevida.com.ar\/portalurbano\/la-provincia-envio-para-la-sede-administrativa-del-consejo-escolar-3-nuevas-computadoras\/#article\",\"isPartOf\":{\"@id\":\"https:\/\/experienciadevida.com.ar\/portalurbano\/la-provincia-envio-para-la-sede-administrativa-del-consejo-escolar-3-nuevas-computadoras\/\"},\"author\":{\"name\":\"admpu17wp\",\"@id\":\"https:\/\/experienciadevida.com.ar\/portalurbano\/#\/schema\/person\/02dd326b1c4b056e9cc972486934a3a7\"},\"headline\":\"La Provincia envi\u00f3 para la sede administrativa del Consejo Escolar 3 nuevas computadoras\",\"datePublished\":\"2022-04-18T19:23:17+00:00\",\"dateModified\":\"2022-04-18T20:54:07+00:00\",\"mainEntityOfPage\":{\"@id\":\"https:\/\/experienciadevida.com.ar\/portalurbano\/la-provincia-envio-para-la-sede-administrativa-del-consejo-escolar-3-nuevas-computadoras\/\"},\"wordCount\":220,\"publisher\":{\"@id\":\"https:\/\/experienciadevida.com.ar\/portalurbano\/#organization\"},\"articleSection\":[\"Ciudad\",\"Destacadas\"],\"inLanguage\":\"es\"},{\"@type\":\"WebPage\",\"@id\":\"https:\/\/experienciadevida.com.ar\/portalurbano\/la-provincia-envio-para-la-sede-administrativa-del-consejo-escolar-3-nuevas-computadoras\/\",\"url\":\"https:\/\/experienciadevida.com.ar\/portalurbano\/la-provincia-envio-para-la-sede-administrativa-del-consejo-escolar-3-nuevas-computadoras\/\",\"name\":\"La Provincia envi\u00f3 para la sede administrativa 3 computadoras\",\"isPartOf\":{\"@id\":\"https:\/\/experienciadevida.com.ar\/portalurbano\/#website\"},\"datePublished\":\"2022-04-18T19:23:17+00:00\",\"dateModified\":\"2022-04-18T20:54:07+00:00\",\"description\":\"La Provincia envi\u00f3 para la sede administrativa del Consejo Escolar 3 nuevas computadoras, fue el d\u00eda mi\u00e9rcoles que llegaron\",\"breadcrumb\":{\"@id\":\"https:\/\/experienciadevida.com.ar\/portalurbano\/la-provincia-envio-para-la-sede-administrativa-del-consejo-escolar-3-nuevas-computadoras\/#breadcrumb\"},\"inLanguage\":\"es\",\"potentialAction\":[{\"@type\":\"ReadAction\",\"target\":[\"https:\/\/experienciadevida.com.ar\/portalurbano\/la-provincia-envio-para-la-sede-administrativa-del-consejo-escolar-3-nuevas-computadoras\/\"]}]},{\"@type\":\"BreadcrumbList\",\"@id\":\"https:\/\/experienciadevida.com.ar\/portalurbano\/la-provincia-envio-para-la-sede-administrativa-del-consejo-escolar-3-nuevas-computadoras\/#breadcrumb\",\"itemListElement\":[{\"@type\":\"ListItem\",\"position\":1,\"name\":\"Portada\",\"item\":\"https:\/\/experienciadevida.com.ar\/portalurbano\/\"},{\"@type\":\"ListItem\",\"position\":2,\"name\":\"La Provincia envi\u00f3 para la sede administrativa del Consejo Escolar 3 nuevas computadoras\"}]},{\"@type\":\"WebSite\",\"@id\":\"https:\/\/experienciadevida.com.ar\/portalurbano\/#website\",\"url\":\"https:\/\/experienciadevida.com.ar\/portalurbano\/\",\"name\":\"\",\"description\":\"\",\"publisher\":{\"@id\":\"https:\/\/experienciadevida.com.ar\/portalurbano\/#organization\"},\"potentialAction\":[{\"@type\":\"SearchAction\",\"target\":{\"@type\":\"EntryPoint\",\"urlTemplate\":\"https:\/\/experienciadevida.com.ar\/portalurbano\/?s={search_term_string}\"},\"query-input\":\"required name=search_term_string\"}],\"inLanguage\":\"es\"},{\"@type\":\"Organization\",\"@id\":\"https:\/\/experienciadevida.com.ar\/portalurbano\/#organization\",\"name\":\"Portal Urbano\",\"url\":\"https:\/\/experienciadevida.com.ar\/portalurbano\/\",\"logo\":{\"@type\":\"ImageObject\",\"inLanguage\":\"es\",\"@id\":\"https:\/\/experienciadevida.com.ar\/portalurbano\/#\/schema\/logo\/image\/\",\"url\":\"https:\/\/experienciadevida.com.ar\/portalurbano\/wp-content\/uploads\/2019\/09\/Logo-Original.png\",\"contentUrl\":\"https:\/\/experienciadevida.com.ar\/portalurbano\/wp-content\/uploads\/2019\/09\/Logo-Original.png\",\"width\":2236,\"height\":1216,\"caption\":\"Portal Urbano\"},\"image\":{\"@id\":\"https:\/\/experienciadevida.com.ar\/portalurbano\/#\/schema\/logo\/image\/\"},\"sameAs\":[\"https:\/\/www.facebook.com\/Portal-Urbano-171542830093757\/\",\"https:\/\/twitter.com\/portalurbanook\",\"https:\/\/www.instagram.com\/_portalurbano\/\",\"https:\/\/www.youtube.com\/channel\/UCXhagIfszH8KxFiOok79zbA?view_as=subscriber\"]},{\"@type\":\"Person\",\"@id\":\"https:\/\/experienciadevida.com.ar\/portalurbano\/#\/schema\/person\/02dd326b1c4b056e9cc972486934a3a7\",\"name\":\"admpu17wp\",\"image\":{\"@type\":\"ImageObject\",\"inLanguage\":\"es\",\"@id\":\"https:\/\/experienciadevida.com.ar\/portalurbano\/#\/schema\/person\/image\/\",\"url\":\"https:\/\/secure.gravatar.com\/avatar\/830d4c57adaae6630765e449a6908047?s=96&d=mm&r=g\",\"contentUrl\":\"https:\/\/secure.gravatar.com\/avatar\/830d4c57adaae6630765e449a6908047?s=96&d=mm&r=g\",\"caption\":\"admpu17wp\"}}]}<\/script>\n<!-- \/ Yoast SEO plugin. -->","yoast_head_json":{"title":"La Provincia envi\u00f3 para la sede administrativa 3 computadoras","description":"La Provincia envi\u00f3 para la sede administrativa del Consejo Escolar 3 nuevas computadoras, fue el d\u00eda mi\u00e9rcoles que llegaron","robots":{"index":"index","follow":"follow","max-snippet":"max-snippet:-1","max-image-preview":"max-image-preview:large","max-video-preview":"max-video-preview:-1"},"canonical":"https:\/\/experienciadevida.com.ar\/portalurbano\/la-provincia-envio-para-la-sede-administrativa-del-consejo-escolar-3-nuevas-computadoras\/","og_locale":"es_ES","og_type":"article","og_title":"La Provincia envi\u00f3 para la sede administrativa 3 computadoras","og_description":"La Provincia envi\u00f3 para la sede administrativa del Consejo Escolar 3 nuevas computadoras, fue el d\u00eda mi\u00e9rcoles que llegaron","og_url":"https:\/\/experienciadevida.com.ar\/portalurbano\/la-provincia-envio-para-la-sede-administrativa-del-consejo-escolar-3-nuevas-computadoras\/","article_publisher":"https:\/\/www.facebook.com\/Portal-Urbano-171542830093757\/","article_published_time":"2022-04-18T19:23:17+00:00","article_modified_time":"2022-04-18T20:54:07+00:00","og_image":[{"width":960,"height":601,"url":"https:\/\/experienciadevida.com.ar\/portalurbano\/wp-content\/uploads\/2022\/04\/La-Provincia-envio-para.jpg","type":"image\/jpeg"}],"author":"admpu17wp","twitter_card":"summary_large_image","twitter_creator":"@portalurbanook","twitter_site":"@portalurbanook","twitter_misc":{"Escrito por":"admpu17wp","Tiempo de lectura":"2 minutos"},"schema":{"@context":"https:\/\/schema.org","@graph":[{"@type":"Article","@id":"https:\/\/experienciadevida.com.ar\/portalurbano\/la-provincia-envio-para-la-sede-administrativa-del-consejo-escolar-3-nuevas-computadoras\/#article","isPartOf":{"@id":"https:\/\/experienciadevida.com.ar\/portalurbano\/la-provincia-envio-para-la-sede-administrativa-del-consejo-escolar-3-nuevas-computadoras\/"},"author":{"name":"admpu17wp","@id":"https:\/\/experienciadevida.com.ar\/portalurbano\/#\/schema\/person\/02dd326b1c4b056e9cc972486934a3a7"},"headline":"La Provincia envi\u00f3 para la sede administrativa del Consejo Escolar 3 nuevas computadoras","datePublished":"2022-04-18T19:23:17+00:00","dateModified":"2022-04-18T20:54:07+00:00","mainEntityOfPage":{"@id":"https:\/\/experienciadevida.com.ar\/portalurbano\/la-provincia-envio-para-la-sede-administrativa-del-consejo-escolar-3-nuevas-computadoras\/"},"wordCount":220,"publisher":{"@id":"https:\/\/experienciadevida.com.ar\/portalurbano\/#organization"},"articleSection":["Ciudad","Destacadas"],"inLanguage":"es"},{"@type":"WebPage","@id":"https:\/\/experienciadevida.com.ar\/portalurbano\/la-provincia-envio-para-la-sede-administrativa-del-consejo-escolar-3-nuevas-computadoras\/","url":"https:\/\/experienciadevida.com.ar\/portalurbano\/la-provincia-envio-para-la-sede-administrativa-del-consejo-escolar-3-nuevas-computadoras\/","name":"La Provincia envi\u00f3 para la sede administrativa 3 computadoras","isPartOf":{"@id":"https:\/\/experienciadevida.com.ar\/portalurbano\/#website"},"datePublished":"2022-04-18T19:23:17+00:00","dateModified":"2022-04-18T20:54:07+00:00","description":"La Provincia envi\u00f3 para la sede administrativa del Consejo Escolar 3 nuevas computadoras, fue el d\u00eda mi\u00e9rcoles que llegaron","breadcrumb":{"@id":"https:\/\/experienciadevida.com.ar\/portalurbano\/la-provincia-envio-para-la-sede-administrativa-del-consejo-escolar-3-nuevas-computadoras\/#breadcrumb"},"inLanguage":"es","potentialAction":[{"@type":"ReadAction","target":["https:\/\/experienciadevida.com.ar\/portalurbano\/la-provincia-envio-para-la-sede-administrativa-del-consejo-escolar-3-nuevas-computadoras\/"]}]},{"@type":"BreadcrumbList","@id":"https:\/\/experienciadevida.com.ar\/portalurbano\/la-provincia-envio-para-la-sede-administrativa-del-consejo-escolar-3-nuevas-computadoras\/#breadcrumb","itemListElement":[{"@type":"ListItem","position":1,"name":"Portada","item":"https:\/\/experienciadevida.com.ar\/portalurbano\/"},{"@type":"ListItem","position":2,"name":"La Provincia envi\u00f3 para la sede administrativa del Consejo Escolar 3 nuevas computadoras"}]},{"@type":"WebSite","@id":"https:\/\/experienciadevida.com.ar\/portalurbano\/#website","url":"https:\/\/experienciadevida.com.ar\/portalurbano\/","name":"","description":"","publisher":{"@id":"https:\/\/experienciadevida.com.ar\/portalurbano\/#organization"},"potentialAction":[{"@type":"SearchAction","target":{"@type":"EntryPoint","urlTemplate":"https:\/\/experienciadevida.com.ar\/portalurbano\/?s={search_term_string}"},"query-input":"required name=search_term_string"}],"inLanguage":"es"},{"@type":"Organization","@id":"https:\/\/experienciadevida.com.ar\/portalurbano\/#organization","name":"Portal Urbano","url":"https:\/\/experienciadevida.com.ar\/portalurbano\/","logo":{"@type":"ImageObject","inLanguage":"es","@id":"https:\/\/experienciadevida.com.ar\/portalurbano\/#\/schema\/logo\/image\/","url":"https:\/\/experienciadevida.com.ar\/portalurbano\/wp-content\/uploads\/2019\/09\/Logo-Original.png","contentUrl":"https:\/\/experienciadevida.com.ar\/portalurbano\/wp-content\/uploads\/2019\/09\/Logo-Original.png","width":2236,"height":1216,"caption":"Portal Urbano"},"image":{"@id":"https:\/\/experienciadevida.com.ar\/portalurbano\/#\/schema\/logo\/image\/"},"sameAs":["https:\/\/www.facebook.com\/Portal-Urbano-171542830093757\/","https:\/\/twitter.com\/portalurbanook","https:\/\/www.instagram.com\/_portalurbano\/","https:\/\/www.youtube.com\/channel\/UCXhagIfszH8KxFiOok79zbA?view_as=subscriber"]},{"@type":"Person","@id":"https:\/\/experienciadevida.com.ar\/portalurbano\/#\/schema\/person\/02dd326b1c4b056e9cc972486934a3a7","name":"admpu17wp","image":{"@type":"ImageObject","inLanguage":"es","@id":"https:\/\/experienciadevida.com.ar\/portalurbano\/#\/schema\/person\/image\/","url":"https:\/\/secure.gravatar.com\/avatar\/830d4c57adaae6630765e449a6908047?s=96&d=mm&r=g","contentUrl":"https:\/\/secure.gravatar.com\/avatar\/830d4c57adaae6630765e449a6908047?s=96&d=mm&r=g","caption":"admpu17wp"}}]}},"featured_image_urls":{"full":["https:\/\/experienciadevida.com.ar\/portalurbano\/wp-content\/uploads\/2022\/04\/La-Provincia-envio-para.jpg",960,601,false],"thumbnail":["https:\/\/experienciadevida.com.ar\/portalurbano\/wp-content\/uploads\/2022\/04\/La-Provincia-envio-para-150x150.jpg",150,150,true],"medium":["https:\/\/experienciadevida.com.ar\/portalurbano\/wp-content\/uploads\/2022\/04\/La-Provincia-envio-para-300x188.jpg",300,188,true],"medium_large":["https:\/\/experienciadevida.com.ar\/portalurbano\/wp-content\/uploads\/2022\/04\/La-Provincia-envio-para-768x481.jpg",640,401,true],"large":["https:\/\/experienciadevida.com.ar\/portalurbano\/wp-content\/uploads\/2022\/04\/La-Provincia-envio-para.jpg",640,401,false],"ug_big":["https:\/\/experienciadevida.com.ar\/portalurbano\/wp-content\/uploads\/2022\/04\/La-Provincia-envio-para-768x481.jpg",768,481,true],"1536x1536":["https:\/\/experienciadevida.com.ar\/portalurbano\/wp-content\/uploads\/2022\/04\/La-Provincia-envio-para.jpg",960,601,false],"2048x2048":["https:\/\/experienciadevida.com.ar\/portalurbano\/wp-content\/uploads\/2022\/04\/La-Provincia-envio-para.jpg",960,601,false],"newsever-slider-full":["https:\/\/experienciadevida.com.ar\/portalurbano\/wp-content\/uploads\/2022\/04\/La-Provincia-envio-para.jpg",960,601,false],"newsever-featured":["https:\/\/experienciadevida.com.ar\/portalurbano\/wp-content\/uploads\/2022\/04\/La-Provincia-envio-para.jpg",960,601,false],"newsever-medium":["https:\/\/experienciadevida.com.ar\/portalurbano\/wp-content\/uploads\/2022\/04\/La-Provincia-envio-para.jpg",720,451,false],"web-stories-poster-portrait":["https:\/\/experienciadevida.com.ar\/portalurbano\/wp-content\/uploads\/2022\/04\/La-Provincia-envio-para.jpg",640,401,false],"web-stories-publisher-logo":["https:\/\/experienciadevida.com.ar\/portalurbano\/wp-content\/uploads\/2022\/04\/La-Provincia-envio-para.jpg",96,60,false],"web-stories-thumbnail":["https:\/\/experienciadevida.com.ar\/portalurbano\/wp-content\/uploads\/2022\/04\/La-Provincia-envio-para.jpg",150,94,false]},"author_info":{"display_name":"admpu17wp","author_link":"https:\/\/experienciadevida.com.ar\/portalurbano\/author\/admpu17wp\/"},"category_info":"<a href=\"https:\/\/experienciadevida.com.ar\/portalurbano\/category\/ciudad\/\" rel=\"category tag\">Ciudad<\/a> <a href=\"https:\/\/experienciadevida.com.ar\/portalurbano\/category\/destacadas\/\" rel=\"category tag\">Destacadas<\/a>","tag_info":"Destacadas","comment_count":"0","amp_enabled":true,"_links":{"self":[{"href":"https:\/\/experienciadevida.com.ar\/portalurbano\/wp-json\/wp\/v2\/posts\/165906"}],"collection":[{"href":"https:\/\/experienciadevida.com.ar\/portalurbano\/wp-json\/wp\/v2\/posts"}],"about":[{"href":"https:\/\/experienciadevida.com.ar\/portalurbano\/wp-json\/wp\/v2\/types\/post"}],"author":[{"embeddable":true,"href":"https:\/\/experienciadevida.com.ar\/portalurbano\/wp-json\/wp\/v2\/users\/1"}],"replies":[{"embeddable":true,"href":"https:\/\/experienciadevida.com.ar\/portalurbano\/wp-json\/wp\/v2\/comments?post=165906"}],"version-history":[{"count":3,"href":"https:\/\/experienciadevida.com.ar\/portalurbano\/wp-json\/wp\/v2\/posts\/165906\/revisions"}],"predecessor-version":[{"id":165912,"href":"https:\/\/experienciadevida.com.ar\/portalurbano\/wp-json\/wp\/v2\/posts\/165906\/revisions\/165912"}],"wp:featuredmedia":[{"embeddable":true,"href":"https:\/\/experienciadevida.com.ar\/portalurbano\/wp-json\/wp\/v2\/media\/165907"}],"wp:attachment":[{"href":"https:\/\/experienciadevida.com.ar\/portalurbano\/wp-json\/wp\/v2\/media?parent=165906"}],"wp:term":[{"taxonomy":"category","embeddable":true,"href":"https:\/\/experienciadevida.com.ar\/portalurbano\/wp-json\/wp\/v2\/categories?post=165906"},{"taxonomy":"post_tag","embeddable":true,"href":"https:\/\/experienciadevida.com.ar\/portalurbano\/wp-json\/wp\/v2\/tags?post=165906"}],"curies":[{"name":"wp","href":"https:\/\/api.w.org\/{rel}","templated":true}]}}