{"id":165882,"date":"2022-04-18T12:11:17","date_gmt":"2022-04-18T15:11:17","guid":{"rendered":"https:\/\/experienciadevida.com.ar\/portalurbano\/?p=165882"},"modified":"2022-04-18T12:14:56","modified_gmt":"2022-04-18T15:14:56","slug":"landivar-sobre-el-programa-giro-una-vez-mas-estamos-ante-la-falta-de-control-y-de-cumplimiento-de-contratos-que-tienen-que-ver-con-servicios-publicos","status":"publish","type":"post","link":"https:\/\/experienciadevida.com.ar\/portalurbano\/landivar-sobre-el-programa-giro-una-vez-mas-estamos-ante-la-falta-de-control-y-de-cumplimiento-de-contratos-que-tienen-que-ver-con-servicios-publicos\/","title":{"rendered":"Landivar sobre el Programa GIRO: \u201cUna vez m\u00e1s estamos ante la falta de control y de cumplimiento de contratos que tienen que ver con servicios p\u00fablicos\u201d"},"content":{"rendered":"<p><a href=\"https:\/\/www.instagram.com\/landivar_mercedes\/?hl=es-la\">Landivar<\/a> sobre el Programa GIRO: \u201cUna vez m\u00e1s estamos ante la falta de control y de cumplimiento de contratos que tienen que ver con servicios p\u00fablicos\u201d.<\/p>\n<p><a href=\"https:\/\/experienciadevida.com.ar\/portalurbano\/landivar-sobre-el-programa-giro-una-vez-mas-estamos-ante-la-falta-de-control-y-de-cumplimiento-de-contratos-que-tienen-que-ver-con-servicios-publicos\/landivar-7\/\" rel=\"attachment wp-att-165885\"><img decoding=\"async\" class=\"alignnone size-full wp-image-165885\" src=\"https:\/\/experienciadevida.com.ar\/portalurbano\/wp-content\/uploads\/2022\/04\/Landivar.jpg\" alt=\"Landivar \" width=\"960\" height=\"505\" srcset=\"https:\/\/experienciadevida.com.ar\/portalurbano\/wp-content\/uploads\/2022\/04\/Landivar.jpg 960w, https:\/\/experienciadevida.com.ar\/portalurbano\/wp-content\/uploads\/2022\/04\/Landivar-300x158.jpg 300w, https:\/\/experienciadevida.com.ar\/portalurbano\/wp-content\/uploads\/2022\/04\/Landivar-768x404.jpg 768w\" sizes=\"(max-width: 960px) 100vw, 960px\" \/><\/a><\/p>\n<p>As\u00ed lo expres\u00f3 la edil al tiempo que explic\u00f3 el porqu\u00e9 del proyecto presentado \u201ctambi\u00e9n nos corresponde a nosotros controlar, observar y ver si realmente se est\u00e1 cumpliendo con el compromiso que asume nuestro gobierno municipal\u201d.<\/p>\n<p>Mercedes Landivar hizo un extenso recorrido durante la \u00faltima sesi\u00f3n sobre los diferentes proyectos presentados por el interbloque acerca del Programa de clasificaci\u00f3n de residuos llevado a cabo por el Municipio, previo a eso enfatiz\u00f3: \u201cEs la segunda vez que me toca escuchar a un concejal del bloque de Juntos decirnos que mejor para controlar ganemos elecciones ejecutivas, \u00bfQu\u00e9 nos est\u00e1n queriendo decir? \u00bfQu\u00e9 cerremos el Concejo Deliberante o simplemente quieren que tratemos proyectos de benepl\u00e1citos o declaraciones de inter\u00e9s legislativo? Esas expresiones tienen que ver con el nerviosismo propio de las cosas que est\u00e1n saliendo a la luz gracias al control que tratamos de hacer y de dar a conocer. Me parece que eso los pone un poco nerviosos y quieren que el Concejo funcione poco y nada\u201d.<\/p>\n<p>Luego de esa introducci\u00f3n destac\u00f3: \u201cDesde el a\u00f1o 2020, cuando se inform\u00f3 el contrato que se iba a firmar con McKinsey le pusimos voz a lo que pens\u00e1bamos que iba a suceder y que hoy finalmente est\u00e1 sucediendo. Hay que recordar que se firmaba un convenio con una fundaci\u00f3n que depend\u00eda de una consultora acusada de varios il\u00edcitos de corrupci\u00f3n, sobre todo con el gobierno de C.A.B.A y que no entend\u00edamos porque se hac\u00eda con esa empresa cuando nosotros contamos en la ciudad con una cooperativa que hace ese trabajo\u201d.<\/p>\n<p><a href=\"https:\/\/experienciadevida.com.ar\/portalurbano\/landivar-sobre-el-programa-giro-una-vez-mas-estamos-ante-la-falta-de-control-y-de-cumplimiento-de-contratos-que-tienen-que-ver-con-servicios-publicos\/sobre\/\" rel=\"attachment wp-att-165886\"><img decoding=\"async\" class=\"alignnone size-full wp-image-165886\" src=\"https:\/\/experienciadevida.com.ar\/portalurbano\/wp-content\/uploads\/2022\/04\/sobre.jpg\" alt=\"sobre \" width=\"960\" height=\"562\" srcset=\"https:\/\/experienciadevida.com.ar\/portalurbano\/wp-content\/uploads\/2022\/04\/sobre.jpg 960w, https:\/\/experienciadevida.com.ar\/portalurbano\/wp-content\/uploads\/2022\/04\/sobre-300x176.jpg 300w, https:\/\/experienciadevida.com.ar\/portalurbano\/wp-content\/uploads\/2022\/04\/sobre-768x450.jpg 768w\" sizes=\"(max-width: 960px) 100vw, 960px\" \/><\/a><\/p>\n<p>\u201cEn el convenio por tres a\u00f1os se menciona que en el primer a\u00f1o hab\u00eda que demostrar con \u00e9xito el negocio sostenible , incluida la campa\u00f1a de cambio de comportamiento del servicio de recolecci\u00f3n, el segundo a\u00f1o ten\u00edan como objetivo transferir la responsabilidad del programa a l\u00edderes locales y el tercer a\u00f1o se iba a garantizar la sostenibilidad continua del programa, el programa est\u00e1 en crisis dicho por los propios funcionarios en las reuniones con los vecinos y nada de todo esto est\u00e1 sucediendo\u201d, argument\u00f3 la concejala.<\/p>\n<p>Acerca de la creaci\u00f3n de puestos de trabajo la edil describi\u00f3: \u201cDijimos que ante la necesidad de trabajo hab\u00eda que pensar en el reciclaje no a trav\u00e9s de un convenio con una multinacional sino con nuestras cooperativas, que hab\u00eda que permitirles a los trabajadores del partido de Olavarr\u00eda contar con un apoyo t\u00e9cnico, un financiamiento y generar herramientas para un acompa\u00f1amiento\u201d.<\/p>\n<p>En la misma l\u00ednea sobre la planta de reciclaje sostuvo: \u201cEn el d\u00eda de ayer estuvimos visitando la planta y estaba cerrada, el tiempo completo por lo visto no existe, no trabajan todos los d\u00edas, hay solo 4 empleados. Otra vez volvemos a lo mismo, falta de control y planificaci\u00f3n. Esto no es una pol\u00edtica p\u00fablica, esto es una medida tomada para el afuera, para mostrar que se est\u00e1 haciendo algo en materia de ambiente pero no es una pol\u00edtica p\u00fablica, de hecho no hubo un trabajo previo hecho con los vecinos, no hubo un trabajo serio\u201d.<\/p>\n<p>Asimismo destac\u00f3: El 50% de los vecinos no est\u00e1n separado correctamente la basura, seguramente le van a echar la culpa a ellos. No hay v\u00ednculo con las instituciones intermedias. Si uno ve y recorre la planta, no es un lugar que est\u00e9 funcionando 100% y que cumple el objetivo que este convenio dec\u00eda. La planta de compostaje es un cuadrado que tiene 3 mont\u00edculos que adem\u00e1s est\u00e1n contaminados con pl\u00e1stico y por basura que est\u00e1 en las inmediaciones de la planta. Nuevamente estamos ante decisiones que se toman para la tribuna, para los medios de comunicaci\u00f3n, para mostrarle a nuestra comunidad que est\u00e1n queriendo implementar una pol\u00edtica p\u00fablica cuando no lo es.<\/p>\n<p><a href=\"https:\/\/experienciadevida.com.ar\/portalurbano\/landivar-sobre-el-programa-giro-una-vez-mas-estamos-ante-la-falta-de-control-y-de-cumplimiento-de-contratos-que-tienen-que-ver-con-servicios-publicos\/el-13\/\" rel=\"attachment wp-att-165888\"><img decoding=\"async\" class=\"alignnone size-large wp-image-165888\" src=\"https:\/\/experienciadevida.com.ar\/portalurbano\/wp-content\/uploads\/2022\/04\/el-3-1024x637.jpg\" alt=\"el \" width=\"900\" height=\"560\" srcset=\"https:\/\/experienciadevida.com.ar\/portalurbano\/wp-content\/uploads\/2022\/04\/el-3-1024x637.jpg 1024w, https:\/\/experienciadevida.com.ar\/portalurbano\/wp-content\/uploads\/2022\/04\/el-3-300x187.jpg 300w, https:\/\/experienciadevida.com.ar\/portalurbano\/wp-content\/uploads\/2022\/04\/el-3-768x478.jpg 768w, https:\/\/experienciadevida.com.ar\/portalurbano\/wp-content\/uploads\/2022\/04\/el-3-1536x956.jpg 1536w, https:\/\/experienciadevida.com.ar\/portalurbano\/wp-content\/uploads\/2022\/04\/el-3.jpg 1600w\" sizes=\"(max-width: 900px) 100vw, 900px\" \/><\/a><\/p>\n<p>\u201cEstas cr\u00edticas que manifestamos en el 2020, 2021 y ahora, se traducen en lo que est\u00e1 pasando en el barrio y en el reclamo genuino de los vecinos que nos manifiestan que no est\u00e1n en contra de separar residuos pero s\u00ed que las medidas se tomen con un trabajo previo \u201c, concluy\u00f3 Landivar.<\/p>\n<p>&nbsp;<\/p>\n","protected":false},"excerpt":{"rendered":"<p>Landivar sobre el Programa GIRO: \u201cUna vez m\u00e1s estamos ante la falta de control y&#8230;<\/p>\n","protected":false},"author":1,"featured_media":165883,"comment_status":"closed","ping_status":"closed","sticky":false,"template":"","format":"standard","meta":{"content-type":""},"categories":[27,51],"tags":[],"nelio_content":{"isAutoShareEnabled":false,"autoShareEndMode":"default","automationSources":{"useContentSentences":true,"useSocialTemplates":true,"useCustomSentences":false,"customSentences":[]},"followers":[1],"suggestedReferences":[],"includedReferences":["https:\/\/www.instagram.com\/landivar_mercedes\/?hl=es-la"],"efiUrl":"","efiAlt":"","highlights":[]},"yoast_head":"<!-- This site is optimized with the Yoast SEO plugin v20.7 - https:\/\/yoast.com\/wordpress\/plugins\/seo\/ -->\n<title>Landivar sobre el programa GIRO: &quot;Estamos ante la falta de control&quot;<\/title>\n<meta name=\"description\" content=\"Landivar sobre el Programa GIRO: \u201cUna vez m\u00e1s estamos ante la falta de control y de cumplimiento de contratos que tienen\" \/>\n<meta name=\"robots\" content=\"index, follow, max-snippet:-1, max-image-preview:large, max-video-preview:-1\" \/>\n<link rel=\"canonical\" href=\"https:\/\/experienciadevida.com.ar\/portalurbano\/landivar-sobre-el-programa-giro-una-vez-mas-estamos-ante-la-falta-de-control-y-de-cumplimiento-de-contratos-que-tienen-que-ver-con-servicios-publicos\/\" \/>\n<meta property=\"og:locale\" content=\"es_ES\" \/>\n<meta property=\"og:type\" content=\"article\" \/>\n<meta property=\"og:title\" content=\"Landivar sobre el programa GIRO: &quot;Estamos ante la falta de control&quot;\" \/>\n<meta property=\"og:description\" content=\"Landivar sobre el Programa GIRO: \u201cUna vez m\u00e1s estamos ante la falta de control y de cumplimiento de contratos que tienen\" \/>\n<meta property=\"og:url\" content=\"https:\/\/experienciadevida.com.ar\/portalurbano\/landivar-sobre-el-programa-giro-una-vez-mas-estamos-ante-la-falta-de-control-y-de-cumplimiento-de-contratos-que-tienen-que-ver-con-servicios-publicos\/\" \/>\n<meta property=\"article:publisher\" content=\"https:\/\/www.facebook.com\/Portal-Urbano-171542830093757\/\" \/>\n<meta property=\"article:published_time\" content=\"2022-04-18T15:11:17+00:00\" \/>\n<meta property=\"article:modified_time\" content=\"2022-04-18T15:14:56+00:00\" \/>\n<meta property=\"og:image\" content=\"https:\/\/experienciadevida.com.ar\/portalurbano\/wp-content\/uploads\/2022\/04\/Landivar-sobre-el-Programa.jpg\" \/>\n\t<meta property=\"og:image:width\" content=\"960\" \/>\n\t<meta property=\"og:image:height\" content=\"500\" \/>\n\t<meta property=\"og:image:type\" content=\"image\/jpeg\" \/>\n<meta name=\"author\" content=\"admpu17wp\" \/>\n<meta name=\"twitter:card\" content=\"summary_large_image\" \/>\n<meta name=\"twitter:creator\" content=\"@portalurbanook\" \/>\n<meta name=\"twitter:site\" content=\"@portalurbanook\" \/>\n<meta name=\"twitter:label1\" content=\"Escrito por\" \/>\n\t<meta name=\"twitter:data1\" content=\"admpu17wp\" \/>\n\t<meta name=\"twitter:label2\" content=\"Tiempo de lectura\" \/>\n\t<meta name=\"twitter:data2\" content=\"4 minutos\" \/>\n<script type=\"application\/ld+json\" class=\"yoast-schema-graph\">{\"@context\":\"https:\/\/schema.org\",\"@graph\":[{\"@type\":\"Article\",\"@id\":\"https:\/\/experienciadevida.com.ar\/portalurbano\/landivar-sobre-el-programa-giro-una-vez-mas-estamos-ante-la-falta-de-control-y-de-cumplimiento-de-contratos-que-tienen-que-ver-con-servicios-publicos\/#article\",\"isPartOf\":{\"@id\":\"https:\/\/experienciadevida.com.ar\/portalurbano\/landivar-sobre-el-programa-giro-una-vez-mas-estamos-ante-la-falta-de-control-y-de-cumplimiento-de-contratos-que-tienen-que-ver-con-servicios-publicos\/\"},\"author\":{\"name\":\"admpu17wp\",\"@id\":\"https:\/\/experienciadevida.com.ar\/portalurbano\/#\/schema\/person\/02dd326b1c4b056e9cc972486934a3a7\"},\"headline\":\"Landivar sobre el Programa GIRO: \u201cUna vez m\u00e1s estamos ante la falta de control y de cumplimiento de contratos que tienen que ver con servicios p\u00fablicos\u201d\",\"datePublished\":\"2022-04-18T15:11:17+00:00\",\"dateModified\":\"2022-04-18T15:14:56+00:00\",\"mainEntityOfPage\":{\"@id\":\"https:\/\/experienciadevida.com.ar\/portalurbano\/landivar-sobre-el-programa-giro-una-vez-mas-estamos-ante-la-falta-de-control-y-de-cumplimiento-de-contratos-que-tienen-que-ver-con-servicios-publicos\/\"},\"wordCount\":768,\"publisher\":{\"@id\":\"https:\/\/experienciadevida.com.ar\/portalurbano\/#organization\"},\"articleSection\":[\"Ciudad\",\"Destacadas\"],\"inLanguage\":\"es\"},{\"@type\":\"WebPage\",\"@id\":\"https:\/\/experienciadevida.com.ar\/portalurbano\/landivar-sobre-el-programa-giro-una-vez-mas-estamos-ante-la-falta-de-control-y-de-cumplimiento-de-contratos-que-tienen-que-ver-con-servicios-publicos\/\",\"url\":\"https:\/\/experienciadevida.com.ar\/portalurbano\/landivar-sobre-el-programa-giro-una-vez-mas-estamos-ante-la-falta-de-control-y-de-cumplimiento-de-contratos-que-tienen-que-ver-con-servicios-publicos\/\",\"name\":\"Landivar sobre el programa GIRO: \\\"Estamos ante la falta de control\\\"\",\"isPartOf\":{\"@id\":\"https:\/\/experienciadevida.com.ar\/portalurbano\/#website\"},\"datePublished\":\"2022-04-18T15:11:17+00:00\",\"dateModified\":\"2022-04-18T15:14:56+00:00\",\"description\":\"Landivar sobre el Programa GIRO: \u201cUna vez m\u00e1s estamos ante la falta de control y de cumplimiento de contratos que tienen\",\"breadcrumb\":{\"@id\":\"https:\/\/experienciadevida.com.ar\/portalurbano\/landivar-sobre-el-programa-giro-una-vez-mas-estamos-ante-la-falta-de-control-y-de-cumplimiento-de-contratos-que-tienen-que-ver-con-servicios-publicos\/#breadcrumb\"},\"inLanguage\":\"es\",\"potentialAction\":[{\"@type\":\"ReadAction\",\"target\":[\"https:\/\/experienciadevida.com.ar\/portalurbano\/landivar-sobre-el-programa-giro-una-vez-mas-estamos-ante-la-falta-de-control-y-de-cumplimiento-de-contratos-que-tienen-que-ver-con-servicios-publicos\/\"]}]},{\"@type\":\"BreadcrumbList\",\"@id\":\"https:\/\/experienciadevida.com.ar\/portalurbano\/landivar-sobre-el-programa-giro-una-vez-mas-estamos-ante-la-falta-de-control-y-de-cumplimiento-de-contratos-que-tienen-que-ver-con-servicios-publicos\/#breadcrumb\",\"itemListElement\":[{\"@type\":\"ListItem\",\"position\":1,\"name\":\"Portada\",\"item\":\"https:\/\/experienciadevida.com.ar\/portalurbano\/\"},{\"@type\":\"ListItem\",\"position\":2,\"name\":\"Landivar sobre el Programa GIRO: \u201cUna vez m\u00e1s estamos ante la falta de control y de cumplimiento de contratos que tienen que ver con servicios p\u00fablicos\u201d\"}]},{\"@type\":\"WebSite\",\"@id\":\"https:\/\/experienciadevida.com.ar\/portalurbano\/#website\",\"url\":\"https:\/\/experienciadevida.com.ar\/portalurbano\/\",\"name\":\"\",\"description\":\"\",\"publisher\":{\"@id\":\"https:\/\/experienciadevida.com.ar\/portalurbano\/#organization\"},\"potentialAction\":[{\"@type\":\"SearchAction\",\"target\":{\"@type\":\"EntryPoint\",\"urlTemplate\":\"https:\/\/experienciadevida.com.ar\/portalurbano\/?s={search_term_string}\"},\"query-input\":\"required name=search_term_string\"}],\"inLanguage\":\"es\"},{\"@type\":\"Organization\",\"@id\":\"https:\/\/experienciadevida.com.ar\/portalurbano\/#organization\",\"name\":\"Portal Urbano\",\"url\":\"https:\/\/experienciadevida.com.ar\/portalurbano\/\",\"logo\":{\"@type\":\"ImageObject\",\"inLanguage\":\"es\",\"@id\":\"https:\/\/experienciadevida.com.ar\/portalurbano\/#\/schema\/logo\/image\/\",\"url\":\"https:\/\/experienciadevida.com.ar\/portalurbano\/wp-content\/uploads\/2019\/09\/Logo-Original.png\",\"contentUrl\":\"https:\/\/experienciadevida.com.ar\/portalurbano\/wp-content\/uploads\/2019\/09\/Logo-Original.png\",\"width\":2236,\"height\":1216,\"caption\":\"Portal Urbano\"},\"image\":{\"@id\":\"https:\/\/experienciadevida.com.ar\/portalurbano\/#\/schema\/logo\/image\/\"},\"sameAs\":[\"https:\/\/www.facebook.com\/Portal-Urbano-171542830093757\/\",\"https:\/\/twitter.com\/portalurbanook\",\"https:\/\/www.instagram.com\/_portalurbano\/\",\"https:\/\/www.youtube.com\/channel\/UCXhagIfszH8KxFiOok79zbA?view_as=subscriber\"]},{\"@type\":\"Person\",\"@id\":\"https:\/\/experienciadevida.com.ar\/portalurbano\/#\/schema\/person\/02dd326b1c4b056e9cc972486934a3a7\",\"name\":\"admpu17wp\",\"image\":{\"@type\":\"ImageObject\",\"inLanguage\":\"es\",\"@id\":\"https:\/\/experienciadevida.com.ar\/portalurbano\/#\/schema\/person\/image\/\",\"url\":\"https:\/\/secure.gravatar.com\/avatar\/830d4c57adaae6630765e449a6908047?s=96&d=mm&r=g\",\"contentUrl\":\"https:\/\/secure.gravatar.com\/avatar\/830d4c57adaae6630765e449a6908047?s=96&d=mm&r=g\",\"caption\":\"admpu17wp\"}}]}<\/script>\n<!-- \/ Yoast SEO plugin. -->","yoast_head_json":{"title":"Landivar sobre el programa GIRO: \"Estamos ante la falta de control\"","description":"Landivar sobre el Programa GIRO: \u201cUna vez m\u00e1s estamos ante la falta de control y de cumplimiento de contratos que tienen","robots":{"index":"index","follow":"follow","max-snippet":"max-snippet:-1","max-image-preview":"max-image-preview:large","max-video-preview":"max-video-preview:-1"},"canonical":"https:\/\/experienciadevida.com.ar\/portalurbano\/landivar-sobre-el-programa-giro-una-vez-mas-estamos-ante-la-falta-de-control-y-de-cumplimiento-de-contratos-que-tienen-que-ver-con-servicios-publicos\/","og_locale":"es_ES","og_type":"article","og_title":"Landivar sobre el programa GIRO: \"Estamos ante la falta de control\"","og_description":"Landivar sobre el Programa GIRO: \u201cUna vez m\u00e1s estamos ante la falta de control y de cumplimiento de contratos que tienen","og_url":"https:\/\/experienciadevida.com.ar\/portalurbano\/landivar-sobre-el-programa-giro-una-vez-mas-estamos-ante-la-falta-de-control-y-de-cumplimiento-de-contratos-que-tienen-que-ver-con-servicios-publicos\/","article_publisher":"https:\/\/www.facebook.com\/Portal-Urbano-171542830093757\/","article_published_time":"2022-04-18T15:11:17+00:00","article_modified_time":"2022-04-18T15:14:56+00:00","og_image":[{"width":960,"height":500,"url":"https:\/\/experienciadevida.com.ar\/portalurbano\/wp-content\/uploads\/2022\/04\/Landivar-sobre-el-Programa.jpg","type":"image\/jpeg"}],"author":"admpu17wp","twitter_card":"summary_large_image","twitter_creator":"@portalurbanook","twitter_site":"@portalurbanook","twitter_misc":{"Escrito por":"admpu17wp","Tiempo de lectura":"4 minutos"},"schema":{"@context":"https:\/\/schema.org","@graph":[{"@type":"Article","@id":"https:\/\/experienciadevida.com.ar\/portalurbano\/landivar-sobre-el-programa-giro-una-vez-mas-estamos-ante-la-falta-de-control-y-de-cumplimiento-de-contratos-que-tienen-que-ver-con-servicios-publicos\/#article","isPartOf":{"@id":"https:\/\/experienciadevida.com.ar\/portalurbano\/landivar-sobre-el-programa-giro-una-vez-mas-estamos-ante-la-falta-de-control-y-de-cumplimiento-de-contratos-que-tienen-que-ver-con-servicios-publicos\/"},"author":{"name":"admpu17wp","@id":"https:\/\/experienciadevida.com.ar\/portalurbano\/#\/schema\/person\/02dd326b1c4b056e9cc972486934a3a7"},"headline":"Landivar sobre el Programa GIRO: \u201cUna vez m\u00e1s estamos ante la falta de control y de cumplimiento de contratos que tienen que ver con servicios p\u00fablicos\u201d","datePublished":"2022-04-18T15:11:17+00:00","dateModified":"2022-04-18T15:14:56+00:00","mainEntityOfPage":{"@id":"https:\/\/experienciadevida.com.ar\/portalurbano\/landivar-sobre-el-programa-giro-una-vez-mas-estamos-ante-la-falta-de-control-y-de-cumplimiento-de-contratos-que-tienen-que-ver-con-servicios-publicos\/"},"wordCount":768,"publisher":{"@id":"https:\/\/experienciadevida.com.ar\/portalurbano\/#organization"},"articleSection":["Ciudad","Destacadas"],"inLanguage":"es"},{"@type":"WebPage","@id":"https:\/\/experienciadevida.com.ar\/portalurbano\/landivar-sobre-el-programa-giro-una-vez-mas-estamos-ante-la-falta-de-control-y-de-cumplimiento-de-contratos-que-tienen-que-ver-con-servicios-publicos\/","url":"https:\/\/experienciadevida.com.ar\/portalurbano\/landivar-sobre-el-programa-giro-una-vez-mas-estamos-ante-la-falta-de-control-y-de-cumplimiento-de-contratos-que-tienen-que-ver-con-servicios-publicos\/","name":"Landivar sobre el programa GIRO: \"Estamos ante la falta de control\"","isPartOf":{"@id":"https:\/\/experienciadevida.com.ar\/portalurbano\/#website"},"datePublished":"2022-04-18T15:11:17+00:00","dateModified":"2022-04-18T15:14:56+00:00","description":"Landivar sobre el Programa GIRO: \u201cUna vez m\u00e1s estamos ante la falta de control y de cumplimiento de contratos que tienen","breadcrumb":{"@id":"https:\/\/experienciadevida.com.ar\/portalurbano\/landivar-sobre-el-programa-giro-una-vez-mas-estamos-ante-la-falta-de-control-y-de-cumplimiento-de-contratos-que-tienen-que-ver-con-servicios-publicos\/#breadcrumb"},"inLanguage":"es","potentialAction":[{"@type":"ReadAction","target":["https:\/\/experienciadevida.com.ar\/portalurbano\/landivar-sobre-el-programa-giro-una-vez-mas-estamos-ante-la-falta-de-control-y-de-cumplimiento-de-contratos-que-tienen-que-ver-con-servicios-publicos\/"]}]},{"@type":"BreadcrumbList","@id":"https:\/\/experienciadevida.com.ar\/portalurbano\/landivar-sobre-el-programa-giro-una-vez-mas-estamos-ante-la-falta-de-control-y-de-cumplimiento-de-contratos-que-tienen-que-ver-con-servicios-publicos\/#breadcrumb","itemListElement":[{"@type":"ListItem","position":1,"name":"Portada","item":"https:\/\/experienciadevida.com.ar\/portalurbano\/"},{"@type":"ListItem","position":2,"name":"Landivar sobre el Programa GIRO: \u201cUna vez m\u00e1s estamos ante la falta de control y de cumplimiento de contratos que tienen que ver con servicios p\u00fablicos\u201d"}]},{"@type":"WebSite","@id":"https:\/\/experienciadevida.com.ar\/portalurbano\/#website","url":"https:\/\/experienciadevida.com.ar\/portalurbano\/","name":"","description":"","publisher":{"@id":"https:\/\/experienciadevida.com.ar\/portalurbano\/#organization"},"potentialAction":[{"@type":"SearchAction","target":{"@type":"EntryPoint","urlTemplate":"https:\/\/experienciadevida.com.ar\/portalurbano\/?s={search_term_string}"},"query-input":"required name=search_term_string"}],"inLanguage":"es"},{"@type":"Organization","@id":"https:\/\/experienciadevida.com.ar\/portalurbano\/#organization","name":"Portal Urbano","url":"https:\/\/experienciadevida.com.ar\/portalurbano\/","logo":{"@type":"ImageObject","inLanguage":"es","@id":"https:\/\/experienciadevida.com.ar\/portalurbano\/#\/schema\/logo\/image\/","url":"https:\/\/experienciadevida.com.ar\/portalurbano\/wp-content\/uploads\/2019\/09\/Logo-Original.png","contentUrl":"https:\/\/experienciadevida.com.ar\/portalurbano\/wp-content\/uploads\/2019\/09\/Logo-Original.png","width":2236,"height":1216,"caption":"Portal Urbano"},"image":{"@id":"https:\/\/experienciadevida.com.ar\/portalurbano\/#\/schema\/logo\/image\/"},"sameAs":["https:\/\/www.facebook.com\/Portal-Urbano-171542830093757\/","https:\/\/twitter.com\/portalurbanook","https:\/\/www.instagram.com\/_portalurbano\/","https:\/\/www.youtube.com\/channel\/UCXhagIfszH8KxFiOok79zbA?view_as=subscriber"]},{"@type":"Person","@id":"https:\/\/experienciadevida.com.ar\/portalurbano\/#\/schema\/person\/02dd326b1c4b056e9cc972486934a3a7","name":"admpu17wp","image":{"@type":"ImageObject","inLanguage":"es","@id":"https:\/\/experienciadevida.com.ar\/portalurbano\/#\/schema\/person\/image\/","url":"https:\/\/secure.gravatar.com\/avatar\/830d4c57adaae6630765e449a6908047?s=96&d=mm&r=g","contentUrl":"https:\/\/secure.gravatar.com\/avatar\/830d4c57adaae6630765e449a6908047?s=96&d=mm&r=g","caption":"admpu17wp"}}]}},"featured_image_urls":{"full":["https:\/\/experienciadevida.com.ar\/portalurbano\/wp-content\/uploads\/2022\/04\/Landivar-sobre-el-Programa.jpg",960,500,false],"thumbnail":["https:\/\/experienciadevida.com.ar\/portalurbano\/wp-content\/uploads\/2022\/04\/Landivar-sobre-el-Programa-150x150.jpg",150,150,true],"medium":["https:\/\/experienciadevida.com.ar\/portalurbano\/wp-content\/uploads\/2022\/04\/Landivar-sobre-el-Programa-300x156.jpg",300,156,true],"medium_large":["https:\/\/experienciadevida.com.ar\/portalurbano\/wp-content\/uploads\/2022\/04\/Landivar-sobre-el-Programa-768x400.jpg",640,333,true],"large":["https:\/\/experienciadevida.com.ar\/portalurbano\/wp-content\/uploads\/2022\/04\/Landivar-sobre-el-Programa.jpg",640,333,false],"ug_big":["https:\/\/experienciadevida.com.ar\/portalurbano\/wp-content\/uploads\/2022\/04\/Landivar-sobre-el-Programa-768x400.jpg",768,400,true],"1536x1536":["https:\/\/experienciadevida.com.ar\/portalurbano\/wp-content\/uploads\/2022\/04\/Landivar-sobre-el-Programa.jpg",960,500,false],"2048x2048":["https:\/\/experienciadevida.com.ar\/portalurbano\/wp-content\/uploads\/2022\/04\/Landivar-sobre-el-Programa.jpg",960,500,false],"newsever-slider-full":["https:\/\/experienciadevida.com.ar\/portalurbano\/wp-content\/uploads\/2022\/04\/Landivar-sobre-el-Programa.jpg",960,500,false],"newsever-featured":["https:\/\/experienciadevida.com.ar\/portalurbano\/wp-content\/uploads\/2022\/04\/Landivar-sobre-el-Programa.jpg",960,500,false],"newsever-medium":["https:\/\/experienciadevida.com.ar\/portalurbano\/wp-content\/uploads\/2022\/04\/Landivar-sobre-el-Programa.jpg",720,375,false],"web-stories-poster-portrait":["https:\/\/experienciadevida.com.ar\/portalurbano\/wp-content\/uploads\/2022\/04\/Landivar-sobre-el-Programa.jpg",640,333,false],"web-stories-publisher-logo":["https:\/\/experienciadevida.com.ar\/portalurbano\/wp-content\/uploads\/2022\/04\/Landivar-sobre-el-Programa.jpg",96,50,false],"web-stories-thumbnail":["https:\/\/experienciadevida.com.ar\/portalurbano\/wp-content\/uploads\/2022\/04\/Landivar-sobre-el-Programa.jpg",150,78,false]},"author_info":{"display_name":"admpu17wp","author_link":"https:\/\/experienciadevida.com.ar\/portalurbano\/author\/admpu17wp\/"},"category_info":"<a href=\"https:\/\/experienciadevida.com.ar\/portalurbano\/category\/ciudad\/\" rel=\"category tag\">Ciudad<\/a> <a href=\"https:\/\/experienciadevida.com.ar\/portalurbano\/category\/destacadas\/\" rel=\"category tag\">Destacadas<\/a>","tag_info":"Destacadas","comment_count":"0","amp_enabled":true,"_links":{"self":[{"href":"https:\/\/experienciadevida.com.ar\/portalurbano\/wp-json\/wp\/v2\/posts\/165882"}],"collection":[{"href":"https:\/\/experienciadevida.com.ar\/portalurbano\/wp-json\/wp\/v2\/posts"}],"about":[{"href":"https:\/\/experienciadevida.com.ar\/portalurbano\/wp-json\/wp\/v2\/types\/post"}],"author":[{"embeddable":true,"href":"https:\/\/experienciadevida.com.ar\/portalurbano\/wp-json\/wp\/v2\/users\/1"}],"replies":[{"embeddable":true,"href":"https:\/\/experienciadevida.com.ar\/portalurbano\/wp-json\/wp\/v2\/comments?post=165882"}],"version-history":[{"count":3,"href":"https:\/\/experienciadevida.com.ar\/portalurbano\/wp-json\/wp\/v2\/posts\/165882\/revisions"}],"predecessor-version":[{"id":165890,"href":"https:\/\/experienciadevida.com.ar\/portalurbano\/wp-json\/wp\/v2\/posts\/165882\/revisions\/165890"}],"wp:featuredmedia":[{"embeddable":true,"href":"https:\/\/experienciadevida.com.ar\/portalurbano\/wp-json\/wp\/v2\/media\/165883"}],"wp:attachment":[{"href":"https:\/\/experienciadevida.com.ar\/portalurbano\/wp-json\/wp\/v2\/media?parent=165882"}],"wp:term":[{"taxonomy":"category","embeddable":true,"href":"https:\/\/experienciadevida.com.ar\/portalurbano\/wp-json\/wp\/v2\/categories?post=165882"},{"taxonomy":"post_tag","embeddable":true,"href":"https:\/\/experienciadevida.com.ar\/portalurbano\/wp-json\/wp\/v2\/tags?post=165882"}],"curies":[{"name":"wp","href":"https:\/\/api.w.org\/{rel}","templated":true}]}}