{"id":165878,"date":"2022-04-18T12:05:46","date_gmt":"2022-04-18T15:05:46","guid":{"rendered":"https:\/\/experienciadevida.com.ar\/portalurbano\/?p=165878"},"modified":"2022-04-18T12:09:14","modified_gmt":"2022-04-18T15:09:14","slug":"celebramos-la-convalidacion-de-provincia-de-la-ampliacion-de-la-planta-urbana","status":"publish","type":"post","link":"https:\/\/experienciadevida.com.ar\/portalurbano\/celebramos-la-convalidacion-de-provincia-de-la-ampliacion-de-la-planta-urbana\/","title":{"rendered":"\u201cCelebramos la convalidaci\u00f3n de provincia de la ampliaci\u00f3n de la planta urbana\u201d"},"content":{"rendered":"<p>\u201cCelebramos la convalidaci\u00f3n de provincia de la ampliaci\u00f3n de la planta urbana\u201d,\u00a0 as\u00ed fue se\u00f1alado por el referente del Foro Olavarr\u00eda &#8211; Frente Renovador, Eduardo <a href=\"https:\/\/www.instagram.com\/rodriguezolav\/?hl=es-la\">Rodr\u00edguez<\/a>.<\/p>\n<p>Eduardo Rodr\u00edguez, referente del Foro Olavarr\u00eda &#8211; Frente Renovador, celebr\u00f3 la convalidaci\u00f3n del gobierno de la Provincia para la ampliaci\u00f3n del \u00e1rea urbana y el \u00e1rea complementaria en los bordes noroeste, sur y sudeste de la<br \/>\nlocalidad de Olavarr\u00eda.<\/p>\n<p>\u201cCelebramos la convalidaci\u00f3n de provincia de la ampliaci\u00f3n de la planta urbana. Es una gran noticia para Olavarr\u00eda que permitir\u00e1 avanzar en la subdivisi\u00f3n de nuevas tierras para viviendas\u201d, se\u00f1al\u00f3 Eduardo Rodr\u00edguez.<\/p>\n<p>A su vez, Rodr\u00edguez destac\u00f3 que la ampliaci\u00f3n de la planta urbana permitir\u00e1 implementar una Ordenanza de su autor\u00eda con el cobro de una Tasa sobre renta diferencial urbana que le asegurar\u00e1 al Municipio la disponibilidad de<br \/>\nlotes para vivienda social.<\/p>\n<p>Cabe destacar que la ampliaci\u00f3n de la planta urbana fue trabajada en la gesti\u00f3n del ex Intendente Jos\u00e9 Eseverri, sancionada en el a\u00f1o 2014 y reformada en 2016 con la finalidad de incorporar nuevos lotes de tierras para avanzar en la urbanizaci\u00f3n de Olavarr\u00eda.<\/p>\n<p>La Convalidaci\u00f3n por parte de la Provincia habilita a los propietarios a presentar proyectos de subdivisi\u00f3n, los cuales son analizados por la Direcciones de Planeamiento dependiente de la Secretar\u00eda de Mantenimiento y Obras P\u00fablicas.<\/p>\n","protected":false},"excerpt":{"rendered":"<p>\u201cCelebramos la convalidaci\u00f3n de provincia de la ampliaci\u00f3n de la planta urbana\u201d,\u00a0 as\u00ed fue se\u00f1alado&#8230;<\/p>\n","protected":false},"author":1,"featured_media":165879,"comment_status":"closed","ping_status":"closed","sticky":false,"template":"","format":"standard","meta":{"content-type":""},"categories":[27,64],"tags":[],"nelio_content":{"isAutoShareEnabled":false,"autoShareEndMode":"default","automationSources":{"useContentSentences":true,"useSocialTemplates":true,"useCustomSentences":false,"customSentences":[]},"followers":[1],"suggestedReferences":[],"includedReferences":[],"efiUrl":"","efiAlt":"","highlights":[]},"yoast_head":"<!-- This site is optimized with the Yoast SEO plugin v20.7 - https:\/\/yoast.com\/wordpress\/plugins\/seo\/ -->\n<title>&quot;Celebramos la convalidaci\u00f3n de provincia de la ampliaci\u00f3n&quot;<\/title>\n<meta name=\"description\" content=\"\u201cCelebramos la convalidaci\u00f3n de provincia de la ampliaci\u00f3n de la planta urbana\u201d,\u00a0 as\u00ed fue se\u00f1alado por el referente del Foro Olavarr\u00eda\" \/>\n<meta name=\"robots\" content=\"index, follow, max-snippet:-1, max-image-preview:large, max-video-preview:-1\" \/>\n<link rel=\"canonical\" href=\"https:\/\/experienciadevida.com.ar\/portalurbano\/celebramos-la-convalidacion-de-provincia-de-la-ampliacion-de-la-planta-urbana\/\" \/>\n<meta property=\"og:locale\" content=\"es_ES\" \/>\n<meta property=\"og:type\" content=\"article\" \/>\n<meta property=\"og:title\" content=\"&quot;Celebramos la convalidaci\u00f3n de provincia de la ampliaci\u00f3n&quot;\" \/>\n<meta property=\"og:description\" content=\"\u201cCelebramos la convalidaci\u00f3n de provincia de la ampliaci\u00f3n de la planta urbana\u201d,\u00a0 as\u00ed fue se\u00f1alado por el referente del Foro Olavarr\u00eda\" \/>\n<meta property=\"og:url\" content=\"https:\/\/experienciadevida.com.ar\/portalurbano\/celebramos-la-convalidacion-de-provincia-de-la-ampliacion-de-la-planta-urbana\/\" \/>\n<meta property=\"article:publisher\" content=\"https:\/\/www.facebook.com\/Portal-Urbano-171542830093757\/\" \/>\n<meta property=\"article:published_time\" content=\"2022-04-18T15:05:46+00:00\" \/>\n<meta property=\"article:modified_time\" content=\"2022-04-18T15:09:14+00:00\" \/>\n<meta property=\"og:image\" content=\"https:\/\/experienciadevida.com.ar\/portalurbano\/wp-content\/uploads\/2022\/04\/Celebramos-la-convalidacion-de-scaled-e1650294312613.jpg\" \/>\n\t<meta property=\"og:image:width\" content=\"765\" \/>\n\t<meta property=\"og:image:height\" content=\"510\" \/>\n\t<meta property=\"og:image:type\" content=\"image\/jpeg\" \/>\n<meta name=\"author\" content=\"admpu17wp\" \/>\n<meta name=\"twitter:card\" content=\"summary_large_image\" \/>\n<meta name=\"twitter:creator\" content=\"@portalurbanook\" \/>\n<meta name=\"twitter:site\" content=\"@portalurbanook\" \/>\n<meta name=\"twitter:label1\" content=\"Escrito por\" \/>\n\t<meta name=\"twitter:data1\" content=\"admpu17wp\" \/>\n\t<meta name=\"twitter:label2\" content=\"Tiempo de lectura\" \/>\n\t<meta name=\"twitter:data2\" content=\"1 minuto\" \/>\n<script type=\"application\/ld+json\" class=\"yoast-schema-graph\">{\"@context\":\"https:\/\/schema.org\",\"@graph\":[{\"@type\":\"Article\",\"@id\":\"https:\/\/experienciadevida.com.ar\/portalurbano\/celebramos-la-convalidacion-de-provincia-de-la-ampliacion-de-la-planta-urbana\/#article\",\"isPartOf\":{\"@id\":\"https:\/\/experienciadevida.com.ar\/portalurbano\/celebramos-la-convalidacion-de-provincia-de-la-ampliacion-de-la-planta-urbana\/\"},\"author\":{\"name\":\"admpu17wp\",\"@id\":\"https:\/\/experienciadevida.com.ar\/portalurbano\/#\/schema\/person\/02dd326b1c4b056e9cc972486934a3a7\"},\"headline\":\"\u201cCelebramos la convalidaci\u00f3n de provincia de la ampliaci\u00f3n de la planta urbana\u201d\",\"datePublished\":\"2022-04-18T15:05:46+00:00\",\"dateModified\":\"2022-04-18T15:09:14+00:00\",\"mainEntityOfPage\":{\"@id\":\"https:\/\/experienciadevida.com.ar\/portalurbano\/celebramos-la-convalidacion-de-provincia-de-la-ampliacion-de-la-planta-urbana\/\"},\"wordCount\":256,\"publisher\":{\"@id\":\"https:\/\/experienciadevida.com.ar\/portalurbano\/#organization\"},\"articleSection\":[\"Ciudad\",\"Destacadas 2\"],\"inLanguage\":\"es\"},{\"@type\":\"WebPage\",\"@id\":\"https:\/\/experienciadevida.com.ar\/portalurbano\/celebramos-la-convalidacion-de-provincia-de-la-ampliacion-de-la-planta-urbana\/\",\"url\":\"https:\/\/experienciadevida.com.ar\/portalurbano\/celebramos-la-convalidacion-de-provincia-de-la-ampliacion-de-la-planta-urbana\/\",\"name\":\"\\\"Celebramos la convalidaci\u00f3n de provincia de la ampliaci\u00f3n\\\"\",\"isPartOf\":{\"@id\":\"https:\/\/experienciadevida.com.ar\/portalurbano\/#website\"},\"datePublished\":\"2022-04-18T15:05:46+00:00\",\"dateModified\":\"2022-04-18T15:09:14+00:00\",\"description\":\"\u201cCelebramos la convalidaci\u00f3n de provincia de la ampliaci\u00f3n de la planta urbana\u201d,\u00a0 as\u00ed fue se\u00f1alado por el referente del Foro Olavarr\u00eda\",\"breadcrumb\":{\"@id\":\"https:\/\/experienciadevida.com.ar\/portalurbano\/celebramos-la-convalidacion-de-provincia-de-la-ampliacion-de-la-planta-urbana\/#breadcrumb\"},\"inLanguage\":\"es\",\"potentialAction\":[{\"@type\":\"ReadAction\",\"target\":[\"https:\/\/experienciadevida.com.ar\/portalurbano\/celebramos-la-convalidacion-de-provincia-de-la-ampliacion-de-la-planta-urbana\/\"]}]},{\"@type\":\"BreadcrumbList\",\"@id\":\"https:\/\/experienciadevida.com.ar\/portalurbano\/celebramos-la-convalidacion-de-provincia-de-la-ampliacion-de-la-planta-urbana\/#breadcrumb\",\"itemListElement\":[{\"@type\":\"ListItem\",\"position\":1,\"name\":\"Portada\",\"item\":\"https:\/\/experienciadevida.com.ar\/portalurbano\/\"},{\"@type\":\"ListItem\",\"position\":2,\"name\":\"\u201cCelebramos la convalidaci\u00f3n de provincia de la ampliaci\u00f3n de la planta urbana\u201d\"}]},{\"@type\":\"WebSite\",\"@id\":\"https:\/\/experienciadevida.com.ar\/portalurbano\/#website\",\"url\":\"https:\/\/experienciadevida.com.ar\/portalurbano\/\",\"name\":\"\",\"description\":\"\",\"publisher\":{\"@id\":\"https:\/\/experienciadevida.com.ar\/portalurbano\/#organization\"},\"potentialAction\":[{\"@type\":\"SearchAction\",\"target\":{\"@type\":\"EntryPoint\",\"urlTemplate\":\"https:\/\/experienciadevida.com.ar\/portalurbano\/?s={search_term_string}\"},\"query-input\":\"required name=search_term_string\"}],\"inLanguage\":\"es\"},{\"@type\":\"Organization\",\"@id\":\"https:\/\/experienciadevida.com.ar\/portalurbano\/#organization\",\"name\":\"Portal Urbano\",\"url\":\"https:\/\/experienciadevida.com.ar\/portalurbano\/\",\"logo\":{\"@type\":\"ImageObject\",\"inLanguage\":\"es\",\"@id\":\"https:\/\/experienciadevida.com.ar\/portalurbano\/#\/schema\/logo\/image\/\",\"url\":\"https:\/\/experienciadevida.com.ar\/portalurbano\/wp-content\/uploads\/2019\/09\/Logo-Original.png\",\"contentUrl\":\"https:\/\/experienciadevida.com.ar\/portalurbano\/wp-content\/uploads\/2019\/09\/Logo-Original.png\",\"width\":2236,\"height\":1216,\"caption\":\"Portal Urbano\"},\"image\":{\"@id\":\"https:\/\/experienciadevida.com.ar\/portalurbano\/#\/schema\/logo\/image\/\"},\"sameAs\":[\"https:\/\/www.facebook.com\/Portal-Urbano-171542830093757\/\",\"https:\/\/twitter.com\/portalurbanook\",\"https:\/\/www.instagram.com\/_portalurbano\/\",\"https:\/\/www.youtube.com\/channel\/UCXhagIfszH8KxFiOok79zbA?view_as=subscriber\"]},{\"@type\":\"Person\",\"@id\":\"https:\/\/experienciadevida.com.ar\/portalurbano\/#\/schema\/person\/02dd326b1c4b056e9cc972486934a3a7\",\"name\":\"admpu17wp\",\"image\":{\"@type\":\"ImageObject\",\"inLanguage\":\"es\",\"@id\":\"https:\/\/experienciadevida.com.ar\/portalurbano\/#\/schema\/person\/image\/\",\"url\":\"https:\/\/secure.gravatar.com\/avatar\/830d4c57adaae6630765e449a6908047?s=96&d=mm&r=g\",\"contentUrl\":\"https:\/\/secure.gravatar.com\/avatar\/830d4c57adaae6630765e449a6908047?s=96&d=mm&r=g\",\"caption\":\"admpu17wp\"}}]}<\/script>\n<!-- \/ Yoast SEO plugin. -->","yoast_head_json":{"title":"\"Celebramos la convalidaci\u00f3n de provincia de la ampliaci\u00f3n\"","description":"\u201cCelebramos la convalidaci\u00f3n de provincia de la ampliaci\u00f3n de la planta urbana\u201d,\u00a0 as\u00ed fue se\u00f1alado por el referente del Foro Olavarr\u00eda","robots":{"index":"index","follow":"follow","max-snippet":"max-snippet:-1","max-image-preview":"max-image-preview:large","max-video-preview":"max-video-preview:-1"},"canonical":"https:\/\/experienciadevida.com.ar\/portalurbano\/celebramos-la-convalidacion-de-provincia-de-la-ampliacion-de-la-planta-urbana\/","og_locale":"es_ES","og_type":"article","og_title":"\"Celebramos la convalidaci\u00f3n de provincia de la ampliaci\u00f3n\"","og_description":"\u201cCelebramos la convalidaci\u00f3n de provincia de la ampliaci\u00f3n de la planta urbana\u201d,\u00a0 as\u00ed fue se\u00f1alado por el referente del Foro Olavarr\u00eda","og_url":"https:\/\/experienciadevida.com.ar\/portalurbano\/celebramos-la-convalidacion-de-provincia-de-la-ampliacion-de-la-planta-urbana\/","article_publisher":"https:\/\/www.facebook.com\/Portal-Urbano-171542830093757\/","article_published_time":"2022-04-18T15:05:46+00:00","article_modified_time":"2022-04-18T15:09:14+00:00","og_image":[{"width":765,"height":510,"url":"https:\/\/experienciadevida.com.ar\/portalurbano\/wp-content\/uploads\/2022\/04\/Celebramos-la-convalidacion-de-scaled-e1650294312613.jpg","type":"image\/jpeg"}],"author":"admpu17wp","twitter_card":"summary_large_image","twitter_creator":"@portalurbanook","twitter_site":"@portalurbanook","twitter_misc":{"Escrito por":"admpu17wp","Tiempo de lectura":"1 minuto"},"schema":{"@context":"https:\/\/schema.org","@graph":[{"@type":"Article","@id":"https:\/\/experienciadevida.com.ar\/portalurbano\/celebramos-la-convalidacion-de-provincia-de-la-ampliacion-de-la-planta-urbana\/#article","isPartOf":{"@id":"https:\/\/experienciadevida.com.ar\/portalurbano\/celebramos-la-convalidacion-de-provincia-de-la-ampliacion-de-la-planta-urbana\/"},"author":{"name":"admpu17wp","@id":"https:\/\/experienciadevida.com.ar\/portalurbano\/#\/schema\/person\/02dd326b1c4b056e9cc972486934a3a7"},"headline":"\u201cCelebramos la convalidaci\u00f3n de provincia de la ampliaci\u00f3n de la planta urbana\u201d","datePublished":"2022-04-18T15:05:46+00:00","dateModified":"2022-04-18T15:09:14+00:00","mainEntityOfPage":{"@id":"https:\/\/experienciadevida.com.ar\/portalurbano\/celebramos-la-convalidacion-de-provincia-de-la-ampliacion-de-la-planta-urbana\/"},"wordCount":256,"publisher":{"@id":"https:\/\/experienciadevida.com.ar\/portalurbano\/#organization"},"articleSection":["Ciudad","Destacadas 2"],"inLanguage":"es"},{"@type":"WebPage","@id":"https:\/\/experienciadevida.com.ar\/portalurbano\/celebramos-la-convalidacion-de-provincia-de-la-ampliacion-de-la-planta-urbana\/","url":"https:\/\/experienciadevida.com.ar\/portalurbano\/celebramos-la-convalidacion-de-provincia-de-la-ampliacion-de-la-planta-urbana\/","name":"\"Celebramos la convalidaci\u00f3n de provincia de la ampliaci\u00f3n\"","isPartOf":{"@id":"https:\/\/experienciadevida.com.ar\/portalurbano\/#website"},"datePublished":"2022-04-18T15:05:46+00:00","dateModified":"2022-04-18T15:09:14+00:00","description":"\u201cCelebramos la convalidaci\u00f3n de provincia de la ampliaci\u00f3n de la planta urbana\u201d,\u00a0 as\u00ed fue se\u00f1alado por el referente del Foro Olavarr\u00eda","breadcrumb":{"@id":"https:\/\/experienciadevida.com.ar\/portalurbano\/celebramos-la-convalidacion-de-provincia-de-la-ampliacion-de-la-planta-urbana\/#breadcrumb"},"inLanguage":"es","potentialAction":[{"@type":"ReadAction","target":["https:\/\/experienciadevida.com.ar\/portalurbano\/celebramos-la-convalidacion-de-provincia-de-la-ampliacion-de-la-planta-urbana\/"]}]},{"@type":"BreadcrumbList","@id":"https:\/\/experienciadevida.com.ar\/portalurbano\/celebramos-la-convalidacion-de-provincia-de-la-ampliacion-de-la-planta-urbana\/#breadcrumb","itemListElement":[{"@type":"ListItem","position":1,"name":"Portada","item":"https:\/\/experienciadevida.com.ar\/portalurbano\/"},{"@type":"ListItem","position":2,"name":"\u201cCelebramos la convalidaci\u00f3n de provincia de la ampliaci\u00f3n de la planta urbana\u201d"}]},{"@type":"WebSite","@id":"https:\/\/experienciadevida.com.ar\/portalurbano\/#website","url":"https:\/\/experienciadevida.com.ar\/portalurbano\/","name":"","description":"","publisher":{"@id":"https:\/\/experienciadevida.com.ar\/portalurbano\/#organization"},"potentialAction":[{"@type":"SearchAction","target":{"@type":"EntryPoint","urlTemplate":"https:\/\/experienciadevida.com.ar\/portalurbano\/?s={search_term_string}"},"query-input":"required name=search_term_string"}],"inLanguage":"es"},{"@type":"Organization","@id":"https:\/\/experienciadevida.com.ar\/portalurbano\/#organization","name":"Portal Urbano","url":"https:\/\/experienciadevida.com.ar\/portalurbano\/","logo":{"@type":"ImageObject","inLanguage":"es","@id":"https:\/\/experienciadevida.com.ar\/portalurbano\/#\/schema\/logo\/image\/","url":"https:\/\/experienciadevida.com.ar\/portalurbano\/wp-content\/uploads\/2019\/09\/Logo-Original.png","contentUrl":"https:\/\/experienciadevida.com.ar\/portalurbano\/wp-content\/uploads\/2019\/09\/Logo-Original.png","width":2236,"height":1216,"caption":"Portal Urbano"},"image":{"@id":"https:\/\/experienciadevida.com.ar\/portalurbano\/#\/schema\/logo\/image\/"},"sameAs":["https:\/\/www.facebook.com\/Portal-Urbano-171542830093757\/","https:\/\/twitter.com\/portalurbanook","https:\/\/www.instagram.com\/_portalurbano\/","https:\/\/www.youtube.com\/channel\/UCXhagIfszH8KxFiOok79zbA?view_as=subscriber"]},{"@type":"Person","@id":"https:\/\/experienciadevida.com.ar\/portalurbano\/#\/schema\/person\/02dd326b1c4b056e9cc972486934a3a7","name":"admpu17wp","image":{"@type":"ImageObject","inLanguage":"es","@id":"https:\/\/experienciadevida.com.ar\/portalurbano\/#\/schema\/person\/image\/","url":"https:\/\/secure.gravatar.com\/avatar\/830d4c57adaae6630765e449a6908047?s=96&d=mm&r=g","contentUrl":"https:\/\/secure.gravatar.com\/avatar\/830d4c57adaae6630765e449a6908047?s=96&d=mm&r=g","caption":"admpu17wp"}}]}},"featured_image_urls":{"full":["https:\/\/experienciadevida.com.ar\/portalurbano\/wp-content\/uploads\/2022\/04\/Celebramos-la-convalidacion-de-scaled-e1650294312613.jpg",765,510,false],"thumbnail":["https:\/\/experienciadevida.com.ar\/portalurbano\/wp-content\/uploads\/2022\/04\/Celebramos-la-convalidacion-de-150x150.jpg",150,150,true],"medium":["https:\/\/experienciadevida.com.ar\/portalurbano\/wp-content\/uploads\/2022\/04\/Celebramos-la-convalidacion-de-300x200.jpg",300,200,true],"medium_large":["https:\/\/experienciadevida.com.ar\/portalurbano\/wp-content\/uploads\/2022\/04\/Celebramos-la-convalidacion-de-768x512.jpg",640,427,true],"large":["https:\/\/experienciadevida.com.ar\/portalurbano\/wp-content\/uploads\/2022\/04\/Celebramos-la-convalidacion-de-1024x683.jpg",640,427,true],"ug_big":["https:\/\/experienciadevida.com.ar\/portalurbano\/wp-content\/uploads\/2022\/04\/Celebramos-la-convalidacion-de-768x512.jpg",768,512,true],"1536x1536":["https:\/\/experienciadevida.com.ar\/portalurbano\/wp-content\/uploads\/2022\/04\/Celebramos-la-convalidacion-de-1536x1024.jpg",1536,1024,true],"2048x2048":["https:\/\/experienciadevida.com.ar\/portalurbano\/wp-content\/uploads\/2022\/04\/Celebramos-la-convalidacion-de-2048x1365.jpg",2048,1365,true],"newsever-slider-full":["https:\/\/experienciadevida.com.ar\/portalurbano\/wp-content\/uploads\/2022\/04\/Celebramos-la-convalidacion-de-scaled-e1650294312613.jpg",765,510,false],"newsever-featured":["https:\/\/experienciadevida.com.ar\/portalurbano\/wp-content\/uploads\/2022\/04\/Celebramos-la-convalidacion-de-scaled-e1650294312613.jpg",765,510,false],"newsever-medium":["https:\/\/experienciadevida.com.ar\/portalurbano\/wp-content\/uploads\/2022\/04\/Celebramos-la-convalidacion-de-scaled-e1650294312613.jpg",713,475,false],"web-stories-poster-portrait":["https:\/\/experienciadevida.com.ar\/portalurbano\/wp-content\/uploads\/2022\/04\/Celebramos-la-convalidacion-de-scaled-e1650294312613.jpg",640,427,false],"web-stories-publisher-logo":["https:\/\/experienciadevida.com.ar\/portalurbano\/wp-content\/uploads\/2022\/04\/Celebramos-la-convalidacion-de-scaled-e1650294312613.jpg",96,64,false],"web-stories-thumbnail":["https:\/\/experienciadevida.com.ar\/portalurbano\/wp-content\/uploads\/2022\/04\/Celebramos-la-convalidacion-de-scaled-e1650294312613.jpg",150,100,false]},"author_info":{"display_name":"admpu17wp","author_link":"https:\/\/experienciadevida.com.ar\/portalurbano\/author\/admpu17wp\/"},"category_info":"<a href=\"https:\/\/experienciadevida.com.ar\/portalurbano\/category\/ciudad\/\" rel=\"category tag\">Ciudad<\/a> <a href=\"https:\/\/experienciadevida.com.ar\/portalurbano\/category\/destacadas-2\/\" rel=\"category tag\">Destacadas 2<\/a>","tag_info":"Destacadas 2","comment_count":"0","amp_enabled":true,"_links":{"self":[{"href":"https:\/\/experienciadevida.com.ar\/portalurbano\/wp-json\/wp\/v2\/posts\/165878"}],"collection":[{"href":"https:\/\/experienciadevida.com.ar\/portalurbano\/wp-json\/wp\/v2\/posts"}],"about":[{"href":"https:\/\/experienciadevida.com.ar\/portalurbano\/wp-json\/wp\/v2\/types\/post"}],"author":[{"embeddable":true,"href":"https:\/\/experienciadevida.com.ar\/portalurbano\/wp-json\/wp\/v2\/users\/1"}],"replies":[{"embeddable":true,"href":"https:\/\/experienciadevida.com.ar\/portalurbano\/wp-json\/wp\/v2\/comments?post=165878"}],"version-history":[{"count":2,"href":"https:\/\/experienciadevida.com.ar\/portalurbano\/wp-json\/wp\/v2\/posts\/165878\/revisions"}],"predecessor-version":[{"id":165881,"href":"https:\/\/experienciadevida.com.ar\/portalurbano\/wp-json\/wp\/v2\/posts\/165878\/revisions\/165881"}],"wp:featuredmedia":[{"embeddable":true,"href":"https:\/\/experienciadevida.com.ar\/portalurbano\/wp-json\/wp\/v2\/media\/165879"}],"wp:attachment":[{"href":"https:\/\/experienciadevida.com.ar\/portalurbano\/wp-json\/wp\/v2\/media?parent=165878"}],"wp:term":[{"taxonomy":"category","embeddable":true,"href":"https:\/\/experienciadevida.com.ar\/portalurbano\/wp-json\/wp\/v2\/categories?post=165878"},{"taxonomy":"post_tag","embeddable":true,"href":"https:\/\/experienciadevida.com.ar\/portalurbano\/wp-json\/wp\/v2\/tags?post=165878"}],"curies":[{"name":"wp","href":"https:\/\/api.w.org\/{rel}","templated":true}]}}