{"id":165829,"date":"2022-04-16T18:13:00","date_gmt":"2022-04-16T21:13:00","guid":{"rendered":"https:\/\/experienciadevida.com.ar\/portalurbano\/?p=165829"},"modified":"2022-04-16T18:13:26","modified_gmt":"2022-04-16T21:13:26","slug":"el-programa-dialogos-comunitarios-de-coopelectric-se-consolida-como-un-espacio-de-encuentro","status":"publish","type":"post","link":"https:\/\/experienciadevida.com.ar\/portalurbano\/el-programa-dialogos-comunitarios-de-coopelectric-se-consolida-como-un-espacio-de-encuentro\/","title":{"rendered":"El programa &#8220;di\u00e1logos comunitarios&#8221; de Coopelectric se consolida como un espacio de encuentro"},"content":{"rendered":"<p>El programa &#8220;di\u00e1logos comunitarios&#8221; de Coopelectric se consolida como un espacio de encuentro, naci\u00f3 en noviembre de 2021 con la finalidad de profundizar y reafirmar el v\u00ednculo que Coopelectric mantiene con todas las entidades intermedias de la ciudad.<\/p>\n<p><a href=\"https:\/\/experienciadevida.com.ar\/portalurbano\/el-programa-dialogos-comunitarios-de-coopelectric-se-consolida-como-un-espacio-de-encuentro\/el-12\/\" rel=\"attachment wp-att-165835\"><img decoding=\"async\" class=\"alignnone size-large wp-image-165835\" src=\"https:\/\/experienciadevida.com.ar\/portalurbano\/wp-content\/uploads\/2022\/04\/El-1024x576.jpeg\" alt=\"El \" width=\"900\" height=\"506\" srcset=\"https:\/\/experienciadevida.com.ar\/portalurbano\/wp-content\/uploads\/2022\/04\/El-1024x576.jpeg 1024w, https:\/\/experienciadevida.com.ar\/portalurbano\/wp-content\/uploads\/2022\/04\/El-300x169.jpeg 300w, https:\/\/experienciadevida.com.ar\/portalurbano\/wp-content\/uploads\/2022\/04\/El-768x432.jpeg 768w, https:\/\/experienciadevida.com.ar\/portalurbano\/wp-content\/uploads\/2022\/04\/El-1536x864.jpeg 1536w, https:\/\/experienciadevida.com.ar\/portalurbano\/wp-content\/uploads\/2022\/04\/El.jpeg 1600w\" sizes=\"(max-width: 900px) 100vw, 900px\" \/><\/a><\/p>\n<p>La iniciativa consiste en promover encuentros con referentes de juntas vecinales, sociedades de fomento, entidades barriales, instituciones deportivas, educativas, asociaciones civiles sin fines de lucro, ONG\u00b4s, entre otras con el objetico de brindarles informaci\u00f3n y asesoramiento respecto de los servicios que presta Coopelectric, escuchar a cada entidad y atender consultas o reclamos.<\/p>\n<p>Las reuniones se llevan a cabo en la sede administrativa de Coopelectric ubicada en Belgrano N\u00b0 2850 y cuentan con la participaci\u00f3n de integrantes del Consejo de Administraci\u00f3n y personal t\u00e9cnico.<\/p>\n<p>Sobre el desarrollo del Programa Di\u00e1logos Comunitarios el presidente del Consejo de Administraci\u00f3n Cruz Arouxet manifest\u00f3, \u201cevidenciamos el crecimiento del Programa que d\u00eda a d\u00eda se consolida como un espacio de encuentro e intercambio que posibilita el contacto directo con las entidades y los referentes de cada barrio\u201d.<\/p>\n<p>La escucha activa, el fortalecimiento de los canales de di\u00e1logo, el trabajo asociativo, la participaci\u00f3n y el sentido de pertenencia son factores transversales a esta propuesta de \u00edndole social y cooperativa.<\/p>\n<p>\u201cNuestra intenci\u00f3n es acompa\u00f1ar a las entidades en lo que necesiten, por eso en cada reuni\u00f3n dialogamos y abordamos propuestas, ideas o soluciones a las problem\u00e1ticas que vamos detectando\u201d se\u00f1al\u00f3 Cruz Arouxet y al mismo tiempo invit\u00f3 a que los interesados en participar se pongan en contacto con la Cooperativa para coordinar una fecha. \u201cPueden contactarse con la Cooperativa de lunes a viernes de 7:30 a 14:30 hs. en la sede de Belgrano N\u00b0 2850 o a trav\u00e9s de la casilla de correo &lt;mailto:secretariaadministracion@coopelectric.com.ar&gt; secretariaadministracion@coopelectric.com.ar\u201d.<\/p>\n<p>Durante los \u00faltimos d\u00edas, se llevaron a cabo diversas reuniones:<\/p>\n<p><strong>Sociedad de Fomento \u201c25 de Noviembre\u201d:<\/strong><\/p>\n<p>El Consejo de Administraci\u00f3n de Coopelectric recibi\u00f3 la visita de la presidenta de la Sociedad de Fomento \u201c25 de Noviembre\u201d Ana Cort\u00e9s, el vicepresidente Ezequiel Cejas y el vecino Carlos Barba.<\/p>\n<p>Uno de los temas que result\u00f3 de mayor inter\u00e9s fue el alumbrado p\u00fablico y en ese sentido se subray\u00f3 la importancia de que los asociados efect\u00faen los reclamos a trav\u00e9s de las v\u00edas de comunicaci\u00f3n habituales para facilitar la tarea y permitir su trazabilidad. Desde Coopelectric destac\u00f3 la incorporaci\u00f3n de WhatsApp como v\u00eda r\u00e1pida y sencilla para realizar reclamos t\u00e9cnicos y administrativos, por lo que se invit\u00f3 a los vecinos a difundir el contacto \u201cReclamos Coopelectric\u201d con el n\u00famero 2284-230707.<\/p>\n<p>El programa &#8220;di\u00e1logos comunitarios&#8221; de Coopelectric se consolida como un espacio de encuentro, los fomentistas compartieron informaci\u00f3n sobre el trabajo social que desarrollan desde la entidad, entre ellos la elaboraci\u00f3n de viandas los d\u00edas s\u00e1bado destinadas a adultos mayores que se encuentran en una situaci\u00f3n socioecon\u00f3mica compleja; la organizaci\u00f3n de ferias que promueven el trabajo de emprendedores locales y el trabajo articulado con Sustentar Alimentos Olavarr\u00eda.<\/p>\n<p><strong>Sociedad Germana de Fomento de Colonia Hinojo<\/strong><\/p>\n<p>Se acercaron a la sede administrativa de Coopelectric el presidente de la entidad Juan Eguren y la vicepresidenta Norma Schwindt. Entre los temas abordados, se refirieron al trabajo articulado entre ambas instituciones para identificar y reparar las luminarias de alumbrado p\u00fablico en la localidad.<\/p>\n<p>Por otro lado, y como integrantes del grupo organizador de la Kreppelfest, se refirieron a la instalaci\u00f3n de kits el\u00e9ctricos por parte del \u00e1rea t\u00e9cnica de Coopelectric. Al mismo tiempo, y de cara a la Kreppelfest 2023 analizaron<br \/>\nla infraestructura el\u00e9ctrica que ser\u00e1 necesario contemplar para garantizar la prestaci\u00f3n en este evento cultural que crece a\u00f1o a a\u00f1o.<\/p>\n<p><strong>Junta Vecinal del barrio \u201cLos Robles\u201d:<\/strong><\/p>\n<p>Los integrantes del Consejo de Administraci\u00f3n recibieron la visita del presidente de la Junta Vecinal Javier Fr\u00edas, la secretaria Mar\u00eda Vandik, Mar\u00eda Orgaz y Marcos Coalla.<\/p>\n<p>Las inquietudes manifestadas por los vecinos se relacionaron especialmente con el alumbrado p\u00fablico. Ante las consultas recibidas, desde Coopelectric se brind\u00f3 informaci\u00f3n respecto de la operaci\u00f3n y el mantenimiento del<br \/>\nServicio, las caracter\u00edsticas de la tecnolog\u00eda LED y se acord\u00f3 la reparaci\u00f3n de algunas luminarias ubicadas en el barrio y de un reflector situado en la plaza.<\/p>\n<p><a href=\"https:\/\/experienciadevida.com.ar\/portalurbano\/el-programa-dialogos-comunitarios-de-coopelectric-se-consolida-como-un-espacio-de-encuentro\/programa-17\/\" rel=\"attachment wp-att-165837\"><img decoding=\"async\" class=\"alignnone size-large wp-image-165837\" src=\"https:\/\/experienciadevida.com.ar\/portalurbano\/wp-content\/uploads\/2022\/04\/programa-1024x576.jpeg\" alt=\"programa \" width=\"900\" height=\"506\" srcset=\"https:\/\/experienciadevida.com.ar\/portalurbano\/wp-content\/uploads\/2022\/04\/programa-1024x576.jpeg 1024w, https:\/\/experienciadevida.com.ar\/portalurbano\/wp-content\/uploads\/2022\/04\/programa-300x169.jpeg 300w, https:\/\/experienciadevida.com.ar\/portalurbano\/wp-content\/uploads\/2022\/04\/programa-768x432.jpeg 768w, https:\/\/experienciadevida.com.ar\/portalurbano\/wp-content\/uploads\/2022\/04\/programa-1536x864.jpeg 1536w, https:\/\/experienciadevida.com.ar\/portalurbano\/wp-content\/uploads\/2022\/04\/programa.jpeg 1600w\" sizes=\"(max-width: 900px) 100vw, 900px\" \/><\/a><\/p>\n","protected":false},"excerpt":{"rendered":"<p>El programa &#8220;di\u00e1logos comunitarios&#8221; de Coopelectric se consolida como un espacio de encuentro, naci\u00f3 en&#8230;<\/p>\n","protected":false},"author":1,"featured_media":165834,"comment_status":"closed","ping_status":"closed","sticky":false,"template":"","format":"standard","meta":{"content-type":""},"categories":[27],"tags":[],"nelio_content":{"isAutoShareEnabled":false,"autoShareEndMode":"default","automationSources":{"useContentSentences":true,"useSocialTemplates":true,"useCustomSentences":false,"customSentences":[]},"followers":[1],"suggestedReferences":[],"includedReferences":[],"efiUrl":"","efiAlt":"","highlights":[]},"yoast_head":"<!-- This site is optimized with the Yoast SEO plugin v20.7 - https:\/\/yoast.com\/wordpress\/plugins\/seo\/ -->\n<title>El programa &quot;di\u00e1logos comunitarios&quot; de Coopelectric se consolida<\/title>\n<meta name=\"description\" content=\"El programa &quot;di\u00e1logos comunitarios&quot; de Coopelectric se consolida como un espacio de encuentro, naci\u00f3 en noviembre de 2021\" \/>\n<meta name=\"robots\" content=\"index, follow, max-snippet:-1, max-image-preview:large, max-video-preview:-1\" \/>\n<link rel=\"canonical\" href=\"https:\/\/experienciadevida.com.ar\/portalurbano\/el-programa-dialogos-comunitarios-de-coopelectric-se-consolida-como-un-espacio-de-encuentro\/\" \/>\n<meta property=\"og:locale\" content=\"es_ES\" \/>\n<meta property=\"og:type\" content=\"article\" \/>\n<meta property=\"og:title\" content=\"El programa &quot;di\u00e1logos comunitarios&quot; de Coopelectric se consolida\" \/>\n<meta property=\"og:description\" content=\"El programa &quot;di\u00e1logos comunitarios&quot; de Coopelectric se consolida como un espacio de encuentro, naci\u00f3 en noviembre de 2021\" \/>\n<meta property=\"og:url\" content=\"https:\/\/experienciadevida.com.ar\/portalurbano\/el-programa-dialogos-comunitarios-de-coopelectric-se-consolida-como-un-espacio-de-encuentro\/\" \/>\n<meta property=\"article:publisher\" content=\"https:\/\/www.facebook.com\/Portal-Urbano-171542830093757\/\" \/>\n<meta property=\"article:published_time\" content=\"2022-04-16T21:13:00+00:00\" \/>\n<meta property=\"article:modified_time\" content=\"2022-04-16T21:13:26+00:00\" \/>\n<meta property=\"og:image\" content=\"https:\/\/experienciadevida.com.ar\/portalurbano\/wp-content\/uploads\/2022\/04\/El-programa.jpeg\" \/>\n\t<meta property=\"og:image:width\" content=\"1032\" \/>\n\t<meta property=\"og:image:height\" content=\"581\" \/>\n\t<meta property=\"og:image:type\" content=\"image\/jpeg\" \/>\n<meta name=\"author\" content=\"admpu17wp\" \/>\n<meta name=\"twitter:card\" content=\"summary_large_image\" \/>\n<meta name=\"twitter:creator\" content=\"@portalurbanook\" \/>\n<meta name=\"twitter:site\" content=\"@portalurbanook\" \/>\n<meta name=\"twitter:label1\" content=\"Escrito por\" \/>\n\t<meta name=\"twitter:data1\" content=\"admpu17wp\" \/>\n\t<meta name=\"twitter:label2\" content=\"Tiempo de lectura\" \/>\n\t<meta name=\"twitter:data2\" content=\"4 minutos\" \/>\n<script type=\"application\/ld+json\" class=\"yoast-schema-graph\">{\"@context\":\"https:\/\/schema.org\",\"@graph\":[{\"@type\":\"Article\",\"@id\":\"https:\/\/experienciadevida.com.ar\/portalurbano\/el-programa-dialogos-comunitarios-de-coopelectric-se-consolida-como-un-espacio-de-encuentro\/#article\",\"isPartOf\":{\"@id\":\"https:\/\/experienciadevida.com.ar\/portalurbano\/el-programa-dialogos-comunitarios-de-coopelectric-se-consolida-como-un-espacio-de-encuentro\/\"},\"author\":{\"name\":\"admpu17wp\",\"@id\":\"https:\/\/experienciadevida.com.ar\/portalurbano\/#\/schema\/person\/02dd326b1c4b056e9cc972486934a3a7\"},\"headline\":\"El programa &#8220;di\u00e1logos comunitarios&#8221; de Coopelectric se consolida como un espacio de encuentro\",\"datePublished\":\"2022-04-16T21:13:00+00:00\",\"dateModified\":\"2022-04-16T21:13:26+00:00\",\"mainEntityOfPage\":{\"@id\":\"https:\/\/experienciadevida.com.ar\/portalurbano\/el-programa-dialogos-comunitarios-de-coopelectric-se-consolida-como-un-espacio-de-encuentro\/\"},\"wordCount\":751,\"publisher\":{\"@id\":\"https:\/\/experienciadevida.com.ar\/portalurbano\/#organization\"},\"articleSection\":[\"Ciudad\"],\"inLanguage\":\"es\"},{\"@type\":\"WebPage\",\"@id\":\"https:\/\/experienciadevida.com.ar\/portalurbano\/el-programa-dialogos-comunitarios-de-coopelectric-se-consolida-como-un-espacio-de-encuentro\/\",\"url\":\"https:\/\/experienciadevida.com.ar\/portalurbano\/el-programa-dialogos-comunitarios-de-coopelectric-se-consolida-como-un-espacio-de-encuentro\/\",\"name\":\"El programa \\\"di\u00e1logos comunitarios\\\" de Coopelectric se consolida\",\"isPartOf\":{\"@id\":\"https:\/\/experienciadevida.com.ar\/portalurbano\/#website\"},\"datePublished\":\"2022-04-16T21:13:00+00:00\",\"dateModified\":\"2022-04-16T21:13:26+00:00\",\"description\":\"El programa \\\"di\u00e1logos comunitarios\\\" de Coopelectric se consolida como un espacio de encuentro, naci\u00f3 en noviembre de 2021\",\"breadcrumb\":{\"@id\":\"https:\/\/experienciadevida.com.ar\/portalurbano\/el-programa-dialogos-comunitarios-de-coopelectric-se-consolida-como-un-espacio-de-encuentro\/#breadcrumb\"},\"inLanguage\":\"es\",\"potentialAction\":[{\"@type\":\"ReadAction\",\"target\":[\"https:\/\/experienciadevida.com.ar\/portalurbano\/el-programa-dialogos-comunitarios-de-coopelectric-se-consolida-como-un-espacio-de-encuentro\/\"]}]},{\"@type\":\"BreadcrumbList\",\"@id\":\"https:\/\/experienciadevida.com.ar\/portalurbano\/el-programa-dialogos-comunitarios-de-coopelectric-se-consolida-como-un-espacio-de-encuentro\/#breadcrumb\",\"itemListElement\":[{\"@type\":\"ListItem\",\"position\":1,\"name\":\"Portada\",\"item\":\"https:\/\/experienciadevida.com.ar\/portalurbano\/\"},{\"@type\":\"ListItem\",\"position\":2,\"name\":\"El programa \u00abdi\u00e1logos comunitarios\u00bb de Coopelectric se consolida como un espacio de encuentro\"}]},{\"@type\":\"WebSite\",\"@id\":\"https:\/\/experienciadevida.com.ar\/portalurbano\/#website\",\"url\":\"https:\/\/experienciadevida.com.ar\/portalurbano\/\",\"name\":\"\",\"description\":\"\",\"publisher\":{\"@id\":\"https:\/\/experienciadevida.com.ar\/portalurbano\/#organization\"},\"potentialAction\":[{\"@type\":\"SearchAction\",\"target\":{\"@type\":\"EntryPoint\",\"urlTemplate\":\"https:\/\/experienciadevida.com.ar\/portalurbano\/?s={search_term_string}\"},\"query-input\":\"required name=search_term_string\"}],\"inLanguage\":\"es\"},{\"@type\":\"Organization\",\"@id\":\"https:\/\/experienciadevida.com.ar\/portalurbano\/#organization\",\"name\":\"Portal Urbano\",\"url\":\"https:\/\/experienciadevida.com.ar\/portalurbano\/\",\"logo\":{\"@type\":\"ImageObject\",\"inLanguage\":\"es\",\"@id\":\"https:\/\/experienciadevida.com.ar\/portalurbano\/#\/schema\/logo\/image\/\",\"url\":\"https:\/\/experienciadevida.com.ar\/portalurbano\/wp-content\/uploads\/2019\/09\/Logo-Original.png\",\"contentUrl\":\"https:\/\/experienciadevida.com.ar\/portalurbano\/wp-content\/uploads\/2019\/09\/Logo-Original.png\",\"width\":2236,\"height\":1216,\"caption\":\"Portal Urbano\"},\"image\":{\"@id\":\"https:\/\/experienciadevida.com.ar\/portalurbano\/#\/schema\/logo\/image\/\"},\"sameAs\":[\"https:\/\/www.facebook.com\/Portal-Urbano-171542830093757\/\",\"https:\/\/twitter.com\/portalurbanook\",\"https:\/\/www.instagram.com\/_portalurbano\/\",\"https:\/\/www.youtube.com\/channel\/UCXhagIfszH8KxFiOok79zbA?view_as=subscriber\"]},{\"@type\":\"Person\",\"@id\":\"https:\/\/experienciadevida.com.ar\/portalurbano\/#\/schema\/person\/02dd326b1c4b056e9cc972486934a3a7\",\"name\":\"admpu17wp\",\"image\":{\"@type\":\"ImageObject\",\"inLanguage\":\"es\",\"@id\":\"https:\/\/experienciadevida.com.ar\/portalurbano\/#\/schema\/person\/image\/\",\"url\":\"https:\/\/secure.gravatar.com\/avatar\/830d4c57adaae6630765e449a6908047?s=96&d=mm&r=g\",\"contentUrl\":\"https:\/\/secure.gravatar.com\/avatar\/830d4c57adaae6630765e449a6908047?s=96&d=mm&r=g\",\"caption\":\"admpu17wp\"}}]}<\/script>\n<!-- \/ Yoast SEO plugin. -->","yoast_head_json":{"title":"El programa \"di\u00e1logos comunitarios\" de Coopelectric se consolida","description":"El programa \"di\u00e1logos comunitarios\" de Coopelectric se consolida como un espacio de encuentro, naci\u00f3 en noviembre de 2021","robots":{"index":"index","follow":"follow","max-snippet":"max-snippet:-1","max-image-preview":"max-image-preview:large","max-video-preview":"max-video-preview:-1"},"canonical":"https:\/\/experienciadevida.com.ar\/portalurbano\/el-programa-dialogos-comunitarios-de-coopelectric-se-consolida-como-un-espacio-de-encuentro\/","og_locale":"es_ES","og_type":"article","og_title":"El programa \"di\u00e1logos comunitarios\" de Coopelectric se consolida","og_description":"El programa \"di\u00e1logos comunitarios\" de Coopelectric se consolida como un espacio de encuentro, naci\u00f3 en noviembre de 2021","og_url":"https:\/\/experienciadevida.com.ar\/portalurbano\/el-programa-dialogos-comunitarios-de-coopelectric-se-consolida-como-un-espacio-de-encuentro\/","article_publisher":"https:\/\/www.facebook.com\/Portal-Urbano-171542830093757\/","article_published_time":"2022-04-16T21:13:00+00:00","article_modified_time":"2022-04-16T21:13:26+00:00","og_image":[{"width":1032,"height":581,"url":"https:\/\/experienciadevida.com.ar\/portalurbano\/wp-content\/uploads\/2022\/04\/El-programa.jpeg","type":"image\/jpeg"}],"author":"admpu17wp","twitter_card":"summary_large_image","twitter_creator":"@portalurbanook","twitter_site":"@portalurbanook","twitter_misc":{"Escrito por":"admpu17wp","Tiempo de lectura":"4 minutos"},"schema":{"@context":"https:\/\/schema.org","@graph":[{"@type":"Article","@id":"https:\/\/experienciadevida.com.ar\/portalurbano\/el-programa-dialogos-comunitarios-de-coopelectric-se-consolida-como-un-espacio-de-encuentro\/#article","isPartOf":{"@id":"https:\/\/experienciadevida.com.ar\/portalurbano\/el-programa-dialogos-comunitarios-de-coopelectric-se-consolida-como-un-espacio-de-encuentro\/"},"author":{"name":"admpu17wp","@id":"https:\/\/experienciadevida.com.ar\/portalurbano\/#\/schema\/person\/02dd326b1c4b056e9cc972486934a3a7"},"headline":"El programa &#8220;di\u00e1logos comunitarios&#8221; de Coopelectric se consolida como un espacio de encuentro","datePublished":"2022-04-16T21:13:00+00:00","dateModified":"2022-04-16T21:13:26+00:00","mainEntityOfPage":{"@id":"https:\/\/experienciadevida.com.ar\/portalurbano\/el-programa-dialogos-comunitarios-de-coopelectric-se-consolida-como-un-espacio-de-encuentro\/"},"wordCount":751,"publisher":{"@id":"https:\/\/experienciadevida.com.ar\/portalurbano\/#organization"},"articleSection":["Ciudad"],"inLanguage":"es"},{"@type":"WebPage","@id":"https:\/\/experienciadevida.com.ar\/portalurbano\/el-programa-dialogos-comunitarios-de-coopelectric-se-consolida-como-un-espacio-de-encuentro\/","url":"https:\/\/experienciadevida.com.ar\/portalurbano\/el-programa-dialogos-comunitarios-de-coopelectric-se-consolida-como-un-espacio-de-encuentro\/","name":"El programa \"di\u00e1logos comunitarios\" de Coopelectric se consolida","isPartOf":{"@id":"https:\/\/experienciadevida.com.ar\/portalurbano\/#website"},"datePublished":"2022-04-16T21:13:00+00:00","dateModified":"2022-04-16T21:13:26+00:00","description":"El programa \"di\u00e1logos comunitarios\" de Coopelectric se consolida como un espacio de encuentro, naci\u00f3 en noviembre de 2021","breadcrumb":{"@id":"https:\/\/experienciadevida.com.ar\/portalurbano\/el-programa-dialogos-comunitarios-de-coopelectric-se-consolida-como-un-espacio-de-encuentro\/#breadcrumb"},"inLanguage":"es","potentialAction":[{"@type":"ReadAction","target":["https:\/\/experienciadevida.com.ar\/portalurbano\/el-programa-dialogos-comunitarios-de-coopelectric-se-consolida-como-un-espacio-de-encuentro\/"]}]},{"@type":"BreadcrumbList","@id":"https:\/\/experienciadevida.com.ar\/portalurbano\/el-programa-dialogos-comunitarios-de-coopelectric-se-consolida-como-un-espacio-de-encuentro\/#breadcrumb","itemListElement":[{"@type":"ListItem","position":1,"name":"Portada","item":"https:\/\/experienciadevida.com.ar\/portalurbano\/"},{"@type":"ListItem","position":2,"name":"El programa \u00abdi\u00e1logos comunitarios\u00bb de Coopelectric se consolida como un espacio de encuentro"}]},{"@type":"WebSite","@id":"https:\/\/experienciadevida.com.ar\/portalurbano\/#website","url":"https:\/\/experienciadevida.com.ar\/portalurbano\/","name":"","description":"","publisher":{"@id":"https:\/\/experienciadevida.com.ar\/portalurbano\/#organization"},"potentialAction":[{"@type":"SearchAction","target":{"@type":"EntryPoint","urlTemplate":"https:\/\/experienciadevida.com.ar\/portalurbano\/?s={search_term_string}"},"query-input":"required name=search_term_string"}],"inLanguage":"es"},{"@type":"Organization","@id":"https:\/\/experienciadevida.com.ar\/portalurbano\/#organization","name":"Portal Urbano","url":"https:\/\/experienciadevida.com.ar\/portalurbano\/","logo":{"@type":"ImageObject","inLanguage":"es","@id":"https:\/\/experienciadevida.com.ar\/portalurbano\/#\/schema\/logo\/image\/","url":"https:\/\/experienciadevida.com.ar\/portalurbano\/wp-content\/uploads\/2019\/09\/Logo-Original.png","contentUrl":"https:\/\/experienciadevida.com.ar\/portalurbano\/wp-content\/uploads\/2019\/09\/Logo-Original.png","width":2236,"height":1216,"caption":"Portal Urbano"},"image":{"@id":"https:\/\/experienciadevida.com.ar\/portalurbano\/#\/schema\/logo\/image\/"},"sameAs":["https:\/\/www.facebook.com\/Portal-Urbano-171542830093757\/","https:\/\/twitter.com\/portalurbanook","https:\/\/www.instagram.com\/_portalurbano\/","https:\/\/www.youtube.com\/channel\/UCXhagIfszH8KxFiOok79zbA?view_as=subscriber"]},{"@type":"Person","@id":"https:\/\/experienciadevida.com.ar\/portalurbano\/#\/schema\/person\/02dd326b1c4b056e9cc972486934a3a7","name":"admpu17wp","image":{"@type":"ImageObject","inLanguage":"es","@id":"https:\/\/experienciadevida.com.ar\/portalurbano\/#\/schema\/person\/image\/","url":"https:\/\/secure.gravatar.com\/avatar\/830d4c57adaae6630765e449a6908047?s=96&d=mm&r=g","contentUrl":"https:\/\/secure.gravatar.com\/avatar\/830d4c57adaae6630765e449a6908047?s=96&d=mm&r=g","caption":"admpu17wp"}}]}},"featured_image_urls":{"full":["https:\/\/experienciadevida.com.ar\/portalurbano\/wp-content\/uploads\/2022\/04\/El-programa.jpeg",1032,581,false],"thumbnail":["https:\/\/experienciadevida.com.ar\/portalurbano\/wp-content\/uploads\/2022\/04\/El-programa-150x150.jpeg",150,150,true],"medium":["https:\/\/experienciadevida.com.ar\/portalurbano\/wp-content\/uploads\/2022\/04\/El-programa-300x169.jpeg",300,169,true],"medium_large":["https:\/\/experienciadevida.com.ar\/portalurbano\/wp-content\/uploads\/2022\/04\/El-programa-768x432.jpeg",640,360,true],"large":["https:\/\/experienciadevida.com.ar\/portalurbano\/wp-content\/uploads\/2022\/04\/El-programa-1024x576.jpeg",640,360,true],"ug_big":["https:\/\/experienciadevida.com.ar\/portalurbano\/wp-content\/uploads\/2022\/04\/El-programa-768x432.jpeg",768,432,true],"1536x1536":["https:\/\/experienciadevida.com.ar\/portalurbano\/wp-content\/uploads\/2022\/04\/El-programa.jpeg",1032,581,false],"2048x2048":["https:\/\/experienciadevida.com.ar\/portalurbano\/wp-content\/uploads\/2022\/04\/El-programa.jpeg",1032,581,false],"newsever-slider-full":["https:\/\/experienciadevida.com.ar\/portalurbano\/wp-content\/uploads\/2022\/04\/El-programa.jpeg",1032,581,false],"newsever-featured":["https:\/\/experienciadevida.com.ar\/portalurbano\/wp-content\/uploads\/2022\/04\/El-programa.jpeg",1024,576,false],"newsever-medium":["https:\/\/experienciadevida.com.ar\/portalurbano\/wp-content\/uploads\/2022\/04\/El-programa.jpeg",720,405,false],"web-stories-poster-portrait":["https:\/\/experienciadevida.com.ar\/portalurbano\/wp-content\/uploads\/2022\/04\/El-programa.jpeg",640,360,false],"web-stories-publisher-logo":["https:\/\/experienciadevida.com.ar\/portalurbano\/wp-content\/uploads\/2022\/04\/El-programa.jpeg",96,54,false],"web-stories-thumbnail":["https:\/\/experienciadevida.com.ar\/portalurbano\/wp-content\/uploads\/2022\/04\/El-programa.jpeg",150,84,false]},"author_info":{"display_name":"admpu17wp","author_link":"https:\/\/experienciadevida.com.ar\/portalurbano\/author\/admpu17wp\/"},"category_info":"<a href=\"https:\/\/experienciadevida.com.ar\/portalurbano\/category\/ciudad\/\" rel=\"category tag\">Ciudad<\/a>","tag_info":"Ciudad","comment_count":"0","amp_enabled":true,"_links":{"self":[{"href":"https:\/\/experienciadevida.com.ar\/portalurbano\/wp-json\/wp\/v2\/posts\/165829"}],"collection":[{"href":"https:\/\/experienciadevida.com.ar\/portalurbano\/wp-json\/wp\/v2\/posts"}],"about":[{"href":"https:\/\/experienciadevida.com.ar\/portalurbano\/wp-json\/wp\/v2\/types\/post"}],"author":[{"embeddable":true,"href":"https:\/\/experienciadevida.com.ar\/portalurbano\/wp-json\/wp\/v2\/users\/1"}],"replies":[{"embeddable":true,"href":"https:\/\/experienciadevida.com.ar\/portalurbano\/wp-json\/wp\/v2\/comments?post=165829"}],"version-history":[{"count":2,"href":"https:\/\/experienciadevida.com.ar\/portalurbano\/wp-json\/wp\/v2\/posts\/165829\/revisions"}],"predecessor-version":[{"id":165840,"href":"https:\/\/experienciadevida.com.ar\/portalurbano\/wp-json\/wp\/v2\/posts\/165829\/revisions\/165840"}],"wp:featuredmedia":[{"embeddable":true,"href":"https:\/\/experienciadevida.com.ar\/portalurbano\/wp-json\/wp\/v2\/media\/165834"}],"wp:attachment":[{"href":"https:\/\/experienciadevida.com.ar\/portalurbano\/wp-json\/wp\/v2\/media?parent=165829"}],"wp:term":[{"taxonomy":"category","embeddable":true,"href":"https:\/\/experienciadevida.com.ar\/portalurbano\/wp-json\/wp\/v2\/categories?post=165829"},{"taxonomy":"post_tag","embeddable":true,"href":"https:\/\/experienciadevida.com.ar\/portalurbano\/wp-json\/wp\/v2\/tags?post=165829"}],"curies":[{"name":"wp","href":"https:\/\/api.w.org\/{rel}","templated":true}]}}