{"id":165826,"date":"2022-04-16T18:05:03","date_gmt":"2022-04-16T21:05:03","guid":{"rendered":"https:\/\/experienciadevida.com.ar\/portalurbano\/?p=165826"},"modified":"2022-04-16T18:05:47","modified_gmt":"2022-04-16T21:05:47","slug":"programa-envion-cada-dia-una-razon-para-seguir-sonando","status":"publish","type":"post","link":"https:\/\/experienciadevida.com.ar\/portalurbano\/programa-envion-cada-dia-una-razon-para-seguir-sonando\/","title":{"rendered":"Programa Envi\u00f3n: Cada d\u00eda, una raz\u00f3n para seguir so\u00f1ando"},"content":{"rendered":"<p>Programa Envi\u00f3n: Cada d\u00eda, una raz\u00f3n para seguir so\u00f1ando, el <a href=\"https:\/\/www.facebook.com\/municipiodeolavarria\">Municipio<\/a> de Olavarr\u00eda cuenta con un programa provincial orientado a fortalecer la inclusi\u00f3n socioecon\u00f3mica, pol\u00edtica y cultural de j\u00f3venes de entre 12 y 21 a\u00f1os.<\/p>\n<p>Se trata del Programa de Responsabilidad Social Compartida Envi\u00f3n, dise\u00f1ado por el Ministerio de Desarrollo Social de la provincia de Buenos Aires con aplicaci\u00f3n territorial en nuestra ciudad.<\/p>\n<p>En Olavarr\u00eda funciona en dos sedes territoriales, y desarrolla actividades desde una perspectiva integral de derechos con el objetivo de generar espacios de participaci\u00f3n relacionados al deporte, la recreaci\u00f3n, el arte, la salud y la educaci\u00f3n, para fortalecer las actitudes y habilidades de los y las j\u00f3venes de cara a sus trayectorias escolares y proyectos laborales.<\/p>\n<p>Cuenta con un equipo interdisciplinario para el armado de estrategias en corresponsabilidad con su poblaci\u00f3n beneficiaria, y las organizaciones estatales y civiles con las que trabaja en red.<\/p>\n<p>Perspectiva integral de derechos, corresponsabilidad y trabajo territorial<br \/>\nPara ello, fomentan lazos con las redes socio-comunitarias de los chicos y chicas para promover el acceso a los derechos a trav\u00e9s del abordaje integral de las situaciones. En paralelo, fortalecen los v\u00ednculos territoriales, familiares y afectivos que les permite a los y las j\u00f3venes desarrollarse y crecer.<\/p>\n<p>Incentivo econ\u00f3mico<br \/>\nEl Programa cuenta adem\u00e1s con un acompa\u00f1amiento econ\u00f3mico para incentivar el proceso de cada joven en su camino de desarrollo personal y construcci\u00f3n de proyectos de vida, los cuales acompa\u00f1an durante todo el proceso, tratando de definir l\u00edneas de acci\u00f3n participativas con cada joven.<\/p>\n<p>Un espacio para estar en compa\u00f1\u00eda<br \/>\nM\u00e1s all\u00e1 de los recursos y herramientas que el Programa ofrece, junto a la presencia sostenida de sus referentes en cada paso, los chicos y chicas que participan lo viven de manera significativa y sienten que el espacio es un lugar de pertenencia que les brinda otras cosas, adem\u00e1s de acompa\u00f1amiento institucional:<\/p>\n<p>\u201cMe gusta mucho venir a Envi\u00f3n, significa mucho para m\u00ed, pude hacer amistades con chicos que no conoc\u00eda, y siento que es como mi segunda familia, porque me ayudan mucho, hay muchos talleres y nos ayudan en las cosas de la escuela\u201d, expresaba uno de los chicos.<\/p>\n<p>\u201cPara m\u00ed es un espacio para estar acompa\u00f1ada, para poder hablar. Ac\u00e1 tengo mucha compa\u00f1\u00eda, y puedo hacer cosas que me gustan, como cocinar\u2026estoy divertida, adem\u00e1s es un lugar hermoso\u2026\u201d, se\u00f1alaba otra joven.<\/p>\n<p>En este sentido, una de sus coordinadoras, Emilia Vales, expres\u00f3: \u201ctratamos de construir un espacio de escucha, de contenci\u00f3n y de pertenencia, para que m\u00e1s all\u00e1 de la actividad que hagan, los chicos y chicas sientan que pueden contar con nosotros para lo que necesiten, tanto ellos como sus familias\u201d.<\/p>\n<p>Por su parte, la subsecretaria de Derechos, Igualdad y Oportunidades Valeria Chiramberro realiz\u00f3 un balance del trabajo en red sostenido en el tiempo. \u201cComo en el resto de nuestros servicios, hacemos hincapi\u00e9 en fortalecer el trabajo corresponsabilidad con otras organizaciones para abordar integralmente las situaciones que atraviesan los y las adolescentes que concurren a las dos sedes de Envi\u00f3n. Tratamos de ayudarles a visualizar alternativas que les brinden herramientas para su vida cotidiana, al tiempo que acompa\u00f1amos y brindamos contenci\u00f3n durante el proceso\u201d, se\u00f1al\u00f3.<\/p>\n<p>Adem\u00e1s, agradeci\u00f3 al equipo de trabajo \u201cque permanentemente se adapta a las particularidades de la tarea, y pone el cuerpo, brinda escucha activa y presencia fuertemente para sostener y dar seguridad a cada uno de los chicos y chicas que participan del Programa\u201d, concluy\u00f3.<\/p>\n","protected":false},"excerpt":{"rendered":"<p>Programa Envi\u00f3n: Cada d\u00eda, una raz\u00f3n para seguir so\u00f1ando, el Municipio de Olavarr\u00eda cuenta con&#8230;<\/p>\n","protected":false},"author":1,"featured_media":165827,"comment_status":"closed","ping_status":"closed","sticky":false,"template":"","format":"standard","meta":{"content-type":""},"categories":[27],"tags":[],"nelio_content":{"isAutoShareEnabled":false,"autoShareEndMode":"default","automationSources":{"useContentSentences":true,"useSocialTemplates":true,"useCustomSentences":false,"customSentences":[]},"followers":[1],"suggestedReferences":[],"includedReferences":[],"efiUrl":"","efiAlt":"","highlights":[]},"yoast_head":"<!-- This site is optimized with the Yoast SEO plugin v20.7 - https:\/\/yoast.com\/wordpress\/plugins\/seo\/ -->\n<title>Programa envi\u00f3n: cada d\u00eda una raz\u00f3n para seguir sonando<\/title>\n<meta name=\"description\" content=\"Programa Envi\u00f3n: Cada d\u00eda, una raz\u00f3n para seguir so\u00f1ando, el Municipio de Olavarr\u00eda cuenta con un programa provincial\" \/>\n<meta name=\"robots\" content=\"index, follow, max-snippet:-1, max-image-preview:large, max-video-preview:-1\" \/>\n<link rel=\"canonical\" href=\"https:\/\/experienciadevida.com.ar\/portalurbano\/programa-envion-cada-dia-una-razon-para-seguir-sonando\/\" \/>\n<meta property=\"og:locale\" content=\"es_ES\" \/>\n<meta property=\"og:type\" content=\"article\" \/>\n<meta property=\"og:title\" content=\"Programa envi\u00f3n: cada d\u00eda una raz\u00f3n para seguir sonando\" \/>\n<meta property=\"og:description\" content=\"Programa Envi\u00f3n: Cada d\u00eda, una raz\u00f3n para seguir so\u00f1ando, el Municipio de Olavarr\u00eda cuenta con un programa provincial\" \/>\n<meta property=\"og:url\" content=\"https:\/\/experienciadevida.com.ar\/portalurbano\/programa-envion-cada-dia-una-razon-para-seguir-sonando\/\" \/>\n<meta property=\"article:publisher\" content=\"https:\/\/www.facebook.com\/Portal-Urbano-171542830093757\/\" \/>\n<meta property=\"article:published_time\" content=\"2022-04-16T21:05:03+00:00\" \/>\n<meta property=\"article:modified_time\" content=\"2022-04-16T21:05:47+00:00\" \/>\n<meta property=\"og:image\" content=\"https:\/\/experienciadevida.com.ar\/portalurbano\/wp-content\/uploads\/2022\/04\/Programa-Envion.jpg\" \/>\n\t<meta property=\"og:image:width\" content=\"1024\" \/>\n\t<meta property=\"og:image:height\" content=\"682\" \/>\n\t<meta property=\"og:image:type\" content=\"image\/jpeg\" \/>\n<meta name=\"author\" content=\"admpu17wp\" \/>\n<meta name=\"twitter:card\" content=\"summary_large_image\" \/>\n<meta name=\"twitter:creator\" content=\"@portalurbanook\" \/>\n<meta name=\"twitter:site\" content=\"@portalurbanook\" \/>\n<meta name=\"twitter:label1\" content=\"Escrito por\" \/>\n\t<meta name=\"twitter:data1\" content=\"admpu17wp\" \/>\n\t<meta name=\"twitter:label2\" content=\"Tiempo de lectura\" \/>\n\t<meta name=\"twitter:data2\" content=\"3 minutos\" \/>\n<script type=\"application\/ld+json\" class=\"yoast-schema-graph\">{\"@context\":\"https:\/\/schema.org\",\"@graph\":[{\"@type\":\"Article\",\"@id\":\"https:\/\/experienciadevida.com.ar\/portalurbano\/programa-envion-cada-dia-una-razon-para-seguir-sonando\/#article\",\"isPartOf\":{\"@id\":\"https:\/\/experienciadevida.com.ar\/portalurbano\/programa-envion-cada-dia-una-razon-para-seguir-sonando\/\"},\"author\":{\"name\":\"admpu17wp\",\"@id\":\"https:\/\/experienciadevida.com.ar\/portalurbano\/#\/schema\/person\/02dd326b1c4b056e9cc972486934a3a7\"},\"headline\":\"Programa Envi\u00f3n: Cada d\u00eda, una raz\u00f3n para seguir so\u00f1ando\",\"datePublished\":\"2022-04-16T21:05:03+00:00\",\"dateModified\":\"2022-04-16T21:05:47+00:00\",\"mainEntityOfPage\":{\"@id\":\"https:\/\/experienciadevida.com.ar\/portalurbano\/programa-envion-cada-dia-una-razon-para-seguir-sonando\/\"},\"wordCount\":624,\"publisher\":{\"@id\":\"https:\/\/experienciadevida.com.ar\/portalurbano\/#organization\"},\"articleSection\":[\"Ciudad\"],\"inLanguage\":\"es\"},{\"@type\":\"WebPage\",\"@id\":\"https:\/\/experienciadevida.com.ar\/portalurbano\/programa-envion-cada-dia-una-razon-para-seguir-sonando\/\",\"url\":\"https:\/\/experienciadevida.com.ar\/portalurbano\/programa-envion-cada-dia-una-razon-para-seguir-sonando\/\",\"name\":\"Programa envi\u00f3n: cada d\u00eda una raz\u00f3n para seguir sonando\",\"isPartOf\":{\"@id\":\"https:\/\/experienciadevida.com.ar\/portalurbano\/#website\"},\"datePublished\":\"2022-04-16T21:05:03+00:00\",\"dateModified\":\"2022-04-16T21:05:47+00:00\",\"description\":\"Programa Envi\u00f3n: Cada d\u00eda, una raz\u00f3n para seguir so\u00f1ando, el Municipio de Olavarr\u00eda cuenta con un programa provincial\",\"breadcrumb\":{\"@id\":\"https:\/\/experienciadevida.com.ar\/portalurbano\/programa-envion-cada-dia-una-razon-para-seguir-sonando\/#breadcrumb\"},\"inLanguage\":\"es\",\"potentialAction\":[{\"@type\":\"ReadAction\",\"target\":[\"https:\/\/experienciadevida.com.ar\/portalurbano\/programa-envion-cada-dia-una-razon-para-seguir-sonando\/\"]}]},{\"@type\":\"BreadcrumbList\",\"@id\":\"https:\/\/experienciadevida.com.ar\/portalurbano\/programa-envion-cada-dia-una-razon-para-seguir-sonando\/#breadcrumb\",\"itemListElement\":[{\"@type\":\"ListItem\",\"position\":1,\"name\":\"Portada\",\"item\":\"https:\/\/experienciadevida.com.ar\/portalurbano\/\"},{\"@type\":\"ListItem\",\"position\":2,\"name\":\"Programa Envi\u00f3n: Cada d\u00eda, una raz\u00f3n para seguir so\u00f1ando\"}]},{\"@type\":\"WebSite\",\"@id\":\"https:\/\/experienciadevida.com.ar\/portalurbano\/#website\",\"url\":\"https:\/\/experienciadevida.com.ar\/portalurbano\/\",\"name\":\"\",\"description\":\"\",\"publisher\":{\"@id\":\"https:\/\/experienciadevida.com.ar\/portalurbano\/#organization\"},\"potentialAction\":[{\"@type\":\"SearchAction\",\"target\":{\"@type\":\"EntryPoint\",\"urlTemplate\":\"https:\/\/experienciadevida.com.ar\/portalurbano\/?s={search_term_string}\"},\"query-input\":\"required name=search_term_string\"}],\"inLanguage\":\"es\"},{\"@type\":\"Organization\",\"@id\":\"https:\/\/experienciadevida.com.ar\/portalurbano\/#organization\",\"name\":\"Portal Urbano\",\"url\":\"https:\/\/experienciadevida.com.ar\/portalurbano\/\",\"logo\":{\"@type\":\"ImageObject\",\"inLanguage\":\"es\",\"@id\":\"https:\/\/experienciadevida.com.ar\/portalurbano\/#\/schema\/logo\/image\/\",\"url\":\"https:\/\/experienciadevida.com.ar\/portalurbano\/wp-content\/uploads\/2019\/09\/Logo-Original.png\",\"contentUrl\":\"https:\/\/experienciadevida.com.ar\/portalurbano\/wp-content\/uploads\/2019\/09\/Logo-Original.png\",\"width\":2236,\"height\":1216,\"caption\":\"Portal Urbano\"},\"image\":{\"@id\":\"https:\/\/experienciadevida.com.ar\/portalurbano\/#\/schema\/logo\/image\/\"},\"sameAs\":[\"https:\/\/www.facebook.com\/Portal-Urbano-171542830093757\/\",\"https:\/\/twitter.com\/portalurbanook\",\"https:\/\/www.instagram.com\/_portalurbano\/\",\"https:\/\/www.youtube.com\/channel\/UCXhagIfszH8KxFiOok79zbA?view_as=subscriber\"]},{\"@type\":\"Person\",\"@id\":\"https:\/\/experienciadevida.com.ar\/portalurbano\/#\/schema\/person\/02dd326b1c4b056e9cc972486934a3a7\",\"name\":\"admpu17wp\",\"image\":{\"@type\":\"ImageObject\",\"inLanguage\":\"es\",\"@id\":\"https:\/\/experienciadevida.com.ar\/portalurbano\/#\/schema\/person\/image\/\",\"url\":\"https:\/\/secure.gravatar.com\/avatar\/830d4c57adaae6630765e449a6908047?s=96&d=mm&r=g\",\"contentUrl\":\"https:\/\/secure.gravatar.com\/avatar\/830d4c57adaae6630765e449a6908047?s=96&d=mm&r=g\",\"caption\":\"admpu17wp\"}}]}<\/script>\n<!-- \/ Yoast SEO plugin. -->","yoast_head_json":{"title":"Programa envi\u00f3n: cada d\u00eda una raz\u00f3n para seguir sonando","description":"Programa Envi\u00f3n: Cada d\u00eda, una raz\u00f3n para seguir so\u00f1ando, el Municipio de Olavarr\u00eda cuenta con un programa provincial","robots":{"index":"index","follow":"follow","max-snippet":"max-snippet:-1","max-image-preview":"max-image-preview:large","max-video-preview":"max-video-preview:-1"},"canonical":"https:\/\/experienciadevida.com.ar\/portalurbano\/programa-envion-cada-dia-una-razon-para-seguir-sonando\/","og_locale":"es_ES","og_type":"article","og_title":"Programa envi\u00f3n: cada d\u00eda una raz\u00f3n para seguir sonando","og_description":"Programa Envi\u00f3n: Cada d\u00eda, una raz\u00f3n para seguir so\u00f1ando, el Municipio de Olavarr\u00eda cuenta con un programa provincial","og_url":"https:\/\/experienciadevida.com.ar\/portalurbano\/programa-envion-cada-dia-una-razon-para-seguir-sonando\/","article_publisher":"https:\/\/www.facebook.com\/Portal-Urbano-171542830093757\/","article_published_time":"2022-04-16T21:05:03+00:00","article_modified_time":"2022-04-16T21:05:47+00:00","og_image":[{"width":1024,"height":682,"url":"https:\/\/experienciadevida.com.ar\/portalurbano\/wp-content\/uploads\/2022\/04\/Programa-Envion.jpg","type":"image\/jpeg"}],"author":"admpu17wp","twitter_card":"summary_large_image","twitter_creator":"@portalurbanook","twitter_site":"@portalurbanook","twitter_misc":{"Escrito por":"admpu17wp","Tiempo de lectura":"3 minutos"},"schema":{"@context":"https:\/\/schema.org","@graph":[{"@type":"Article","@id":"https:\/\/experienciadevida.com.ar\/portalurbano\/programa-envion-cada-dia-una-razon-para-seguir-sonando\/#article","isPartOf":{"@id":"https:\/\/experienciadevida.com.ar\/portalurbano\/programa-envion-cada-dia-una-razon-para-seguir-sonando\/"},"author":{"name":"admpu17wp","@id":"https:\/\/experienciadevida.com.ar\/portalurbano\/#\/schema\/person\/02dd326b1c4b056e9cc972486934a3a7"},"headline":"Programa Envi\u00f3n: Cada d\u00eda, una raz\u00f3n para seguir so\u00f1ando","datePublished":"2022-04-16T21:05:03+00:00","dateModified":"2022-04-16T21:05:47+00:00","mainEntityOfPage":{"@id":"https:\/\/experienciadevida.com.ar\/portalurbano\/programa-envion-cada-dia-una-razon-para-seguir-sonando\/"},"wordCount":624,"publisher":{"@id":"https:\/\/experienciadevida.com.ar\/portalurbano\/#organization"},"articleSection":["Ciudad"],"inLanguage":"es"},{"@type":"WebPage","@id":"https:\/\/experienciadevida.com.ar\/portalurbano\/programa-envion-cada-dia-una-razon-para-seguir-sonando\/","url":"https:\/\/experienciadevida.com.ar\/portalurbano\/programa-envion-cada-dia-una-razon-para-seguir-sonando\/","name":"Programa envi\u00f3n: cada d\u00eda una raz\u00f3n para seguir sonando","isPartOf":{"@id":"https:\/\/experienciadevida.com.ar\/portalurbano\/#website"},"datePublished":"2022-04-16T21:05:03+00:00","dateModified":"2022-04-16T21:05:47+00:00","description":"Programa Envi\u00f3n: Cada d\u00eda, una raz\u00f3n para seguir so\u00f1ando, el Municipio de Olavarr\u00eda cuenta con un programa provincial","breadcrumb":{"@id":"https:\/\/experienciadevida.com.ar\/portalurbano\/programa-envion-cada-dia-una-razon-para-seguir-sonando\/#breadcrumb"},"inLanguage":"es","potentialAction":[{"@type":"ReadAction","target":["https:\/\/experienciadevida.com.ar\/portalurbano\/programa-envion-cada-dia-una-razon-para-seguir-sonando\/"]}]},{"@type":"BreadcrumbList","@id":"https:\/\/experienciadevida.com.ar\/portalurbano\/programa-envion-cada-dia-una-razon-para-seguir-sonando\/#breadcrumb","itemListElement":[{"@type":"ListItem","position":1,"name":"Portada","item":"https:\/\/experienciadevida.com.ar\/portalurbano\/"},{"@type":"ListItem","position":2,"name":"Programa Envi\u00f3n: Cada d\u00eda, una raz\u00f3n para seguir so\u00f1ando"}]},{"@type":"WebSite","@id":"https:\/\/experienciadevida.com.ar\/portalurbano\/#website","url":"https:\/\/experienciadevida.com.ar\/portalurbano\/","name":"","description":"","publisher":{"@id":"https:\/\/experienciadevida.com.ar\/portalurbano\/#organization"},"potentialAction":[{"@type":"SearchAction","target":{"@type":"EntryPoint","urlTemplate":"https:\/\/experienciadevida.com.ar\/portalurbano\/?s={search_term_string}"},"query-input":"required name=search_term_string"}],"inLanguage":"es"},{"@type":"Organization","@id":"https:\/\/experienciadevida.com.ar\/portalurbano\/#organization","name":"Portal Urbano","url":"https:\/\/experienciadevida.com.ar\/portalurbano\/","logo":{"@type":"ImageObject","inLanguage":"es","@id":"https:\/\/experienciadevida.com.ar\/portalurbano\/#\/schema\/logo\/image\/","url":"https:\/\/experienciadevida.com.ar\/portalurbano\/wp-content\/uploads\/2019\/09\/Logo-Original.png","contentUrl":"https:\/\/experienciadevida.com.ar\/portalurbano\/wp-content\/uploads\/2019\/09\/Logo-Original.png","width":2236,"height":1216,"caption":"Portal Urbano"},"image":{"@id":"https:\/\/experienciadevida.com.ar\/portalurbano\/#\/schema\/logo\/image\/"},"sameAs":["https:\/\/www.facebook.com\/Portal-Urbano-171542830093757\/","https:\/\/twitter.com\/portalurbanook","https:\/\/www.instagram.com\/_portalurbano\/","https:\/\/www.youtube.com\/channel\/UCXhagIfszH8KxFiOok79zbA?view_as=subscriber"]},{"@type":"Person","@id":"https:\/\/experienciadevida.com.ar\/portalurbano\/#\/schema\/person\/02dd326b1c4b056e9cc972486934a3a7","name":"admpu17wp","image":{"@type":"ImageObject","inLanguage":"es","@id":"https:\/\/experienciadevida.com.ar\/portalurbano\/#\/schema\/person\/image\/","url":"https:\/\/secure.gravatar.com\/avatar\/830d4c57adaae6630765e449a6908047?s=96&d=mm&r=g","contentUrl":"https:\/\/secure.gravatar.com\/avatar\/830d4c57adaae6630765e449a6908047?s=96&d=mm&r=g","caption":"admpu17wp"}}]}},"featured_image_urls":{"full":["https:\/\/experienciadevida.com.ar\/portalurbano\/wp-content\/uploads\/2022\/04\/Programa-Envion.jpg",1024,682,false],"thumbnail":["https:\/\/experienciadevida.com.ar\/portalurbano\/wp-content\/uploads\/2022\/04\/Programa-Envion-150x150.jpg",150,150,true],"medium":["https:\/\/experienciadevida.com.ar\/portalurbano\/wp-content\/uploads\/2022\/04\/Programa-Envion-300x200.jpg",300,200,true],"medium_large":["https:\/\/experienciadevida.com.ar\/portalurbano\/wp-content\/uploads\/2022\/04\/Programa-Envion-768x512.jpg",640,427,true],"large":["https:\/\/experienciadevida.com.ar\/portalurbano\/wp-content\/uploads\/2022\/04\/Programa-Envion.jpg",640,426,false],"ug_big":["https:\/\/experienciadevida.com.ar\/portalurbano\/wp-content\/uploads\/2022\/04\/Programa-Envion-768x512.jpg",768,512,true],"1536x1536":["https:\/\/experienciadevida.com.ar\/portalurbano\/wp-content\/uploads\/2022\/04\/Programa-Envion.jpg",1024,682,false],"2048x2048":["https:\/\/experienciadevida.com.ar\/portalurbano\/wp-content\/uploads\/2022\/04\/Programa-Envion.jpg",1024,682,false],"newsever-slider-full":["https:\/\/experienciadevida.com.ar\/portalurbano\/wp-content\/uploads\/2022\/04\/Programa-Envion.jpg",1024,682,false],"newsever-featured":["https:\/\/experienciadevida.com.ar\/portalurbano\/wp-content\/uploads\/2022\/04\/Programa-Envion.jpg",1024,682,false],"newsever-medium":["https:\/\/experienciadevida.com.ar\/portalurbano\/wp-content\/uploads\/2022\/04\/Programa-Envion.jpg",713,475,false],"web-stories-poster-portrait":["https:\/\/experienciadevida.com.ar\/portalurbano\/wp-content\/uploads\/2022\/04\/Programa-Envion.jpg",640,426,false],"web-stories-publisher-logo":["https:\/\/experienciadevida.com.ar\/portalurbano\/wp-content\/uploads\/2022\/04\/Programa-Envion.jpg",96,64,false],"web-stories-thumbnail":["https:\/\/experienciadevida.com.ar\/portalurbano\/wp-content\/uploads\/2022\/04\/Programa-Envion.jpg",150,100,false]},"author_info":{"display_name":"admpu17wp","author_link":"https:\/\/experienciadevida.com.ar\/portalurbano\/author\/admpu17wp\/"},"category_info":"<a href=\"https:\/\/experienciadevida.com.ar\/portalurbano\/category\/ciudad\/\" rel=\"category tag\">Ciudad<\/a>","tag_info":"Ciudad","comment_count":"0","amp_enabled":true,"_links":{"self":[{"href":"https:\/\/experienciadevida.com.ar\/portalurbano\/wp-json\/wp\/v2\/posts\/165826"}],"collection":[{"href":"https:\/\/experienciadevida.com.ar\/portalurbano\/wp-json\/wp\/v2\/posts"}],"about":[{"href":"https:\/\/experienciadevida.com.ar\/portalurbano\/wp-json\/wp\/v2\/types\/post"}],"author":[{"embeddable":true,"href":"https:\/\/experienciadevida.com.ar\/portalurbano\/wp-json\/wp\/v2\/users\/1"}],"replies":[{"embeddable":true,"href":"https:\/\/experienciadevida.com.ar\/portalurbano\/wp-json\/wp\/v2\/comments?post=165826"}],"version-history":[{"count":1,"href":"https:\/\/experienciadevida.com.ar\/portalurbano\/wp-json\/wp\/v2\/posts\/165826\/revisions"}],"predecessor-version":[{"id":165828,"href":"https:\/\/experienciadevida.com.ar\/portalurbano\/wp-json\/wp\/v2\/posts\/165826\/revisions\/165828"}],"wp:featuredmedia":[{"embeddable":true,"href":"https:\/\/experienciadevida.com.ar\/portalurbano\/wp-json\/wp\/v2\/media\/165827"}],"wp:attachment":[{"href":"https:\/\/experienciadevida.com.ar\/portalurbano\/wp-json\/wp\/v2\/media?parent=165826"}],"wp:term":[{"taxonomy":"category","embeddable":true,"href":"https:\/\/experienciadevida.com.ar\/portalurbano\/wp-json\/wp\/v2\/categories?post=165826"},{"taxonomy":"post_tag","embeddable":true,"href":"https:\/\/experienciadevida.com.ar\/portalurbano\/wp-json\/wp\/v2\/tags?post=165826"}],"curies":[{"name":"wp","href":"https:\/\/api.w.org\/{rel}","templated":true}]}}