{"id":165793,"date":"2022-04-15T19:32:11","date_gmt":"2022-04-15T22:32:11","guid":{"rendered":"https:\/\/experienciadevida.com.ar\/portalurbano\/?p=165793"},"modified":"2022-04-15T19:39:09","modified_gmt":"2022-04-15T22:39:09","slug":"viernes-santo-se-realizo-el-via-crucis-en-barrio-ceco","status":"publish","type":"post","link":"https:\/\/experienciadevida.com.ar\/portalurbano\/viernes-santo-se-realizo-el-via-crucis-en-barrio-ceco\/","title":{"rendered":"Viernes Santo: Se realiz\u00f3 el V\u00eda Crucis en Barrio CECO"},"content":{"rendered":"<p>Viernes Santo: Se realiz\u00f3 el V\u00eda Crucis en Barrio CECO, fue en la tarde de este viernes en el terrapl\u00e9n con un buen marco de p\u00fablico d\u00f3nde se pudieron observar las estaciones.<\/p>\n<p><a href=\"https:\/\/experienciadevida.com.ar\/portalurbano\/viernes-santo-se-realizo-el-via-crucis-en-barrio-ceco\/viernes-3\/\" rel=\"attachment wp-att-165798\"><img decoding=\"async\" class=\"alignnone size-full wp-image-165798\" src=\"https:\/\/experienciadevida.com.ar\/portalurbano\/wp-content\/uploads\/2022\/04\/Viernes-2.jpg\" alt=\"\" width=\"719\" height=\"480\" srcset=\"https:\/\/experienciadevida.com.ar\/portalurbano\/wp-content\/uploads\/2022\/04\/Viernes-2.jpg 719w, https:\/\/experienciadevida.com.ar\/portalurbano\/wp-content\/uploads\/2022\/04\/Viernes-2-300x200.jpg 300w\" sizes=\"(max-width: 719px) 100vw, 719px\" \/><\/a><\/p>\n<p>Est\u00e1 representado en 14 estaciones diferentes que narran las vivencias que tuvo Jes\u00fas en su camino hacia su muerte y posterior resurrecci\u00f3n, es un acto de piedad que se busca la memoria, recordar la pasi\u00f3n y muerte de Jesucristo quien dio su vida para salvar la humanidad.<\/p>\n<p>Las 14 estaciones son las siguientes:<\/p>\n<p>Primera estaci\u00f3n: Jes\u00fas es condenado a muerte<\/p>\n<p>Segunda Estaci\u00f3n: Jes\u00fas carga la cruz<\/p>\n<p>Tercera Estaci\u00f3n: Jes\u00fas cae por primera vez<\/p>\n<p>Cuarta Estaci\u00f3n: Jes\u00fas encuentra a su madre Mar\u00eda<\/p>\n<p>Quinta Estaci\u00f3n: Sim\u00f3n el Cirineo ayuda a Jes\u00fas a llevar la cruz<\/p>\n<p>Sexta Estaci\u00f3n: Ver\u00f3nica limpia el rostro de Jes\u00fas<\/p>\n<p>S\u00e9ptima Estaci\u00f3n: Jes\u00fas cae por segunda vez<\/p>\n<p>Octava Estaci\u00f3n: Jes\u00fas consuela a las mujeres de Jerusal\u00e9n<\/p>\n<p>Novena Estaci\u00f3n: Jes\u00fas cae por tercera vez<\/p>\n<p>D\u00e9cima Estaci\u00f3n: Jes\u00fas es despojado de sus vestiduras<\/p>\n<p>Und\u00e9cima Estaci\u00f3n: Jes\u00fas es clavado en la cruz<\/p>\n<p>Duod\u00e9cima Estaci\u00f3n: Jes\u00fas muere en la cruz<\/p>\n<p>Decimotercera Estaci\u00f3n: Jes\u00fas es descendido de la cruz y puesto en brazos de Mar\u00eda, su madre<\/p>\n<p>Decimocuarta Estaci\u00f3n: Jes\u00fas es sepultado.<\/p>\n<p>Galer\u00eda de im\u00e1genes:<\/p>\n<p><a href=\"https:\/\/experienciadevida.com.ar\/portalurbano\/viernes-santo-se-realizo-el-via-crucis-en-barrio-ceco\/santo\/\" rel=\"attachment wp-att-165799\"><img decoding=\"async\" class=\"alignnone size-full wp-image-165799\" src=\"https:\/\/experienciadevida.com.ar\/portalurbano\/wp-content\/uploads\/2022\/04\/santo.jpg\" alt=\"\" width=\"719\" height=\"480\" srcset=\"https:\/\/experienciadevida.com.ar\/portalurbano\/wp-content\/uploads\/2022\/04\/santo.jpg 719w, https:\/\/experienciadevida.com.ar\/portalurbano\/wp-content\/uploads\/2022\/04\/santo-300x200.jpg 300w\" sizes=\"(max-width: 719px) 100vw, 719px\" \/><\/a><\/p>\n<p><a href=\"https:\/\/experienciadevida.com.ar\/portalurbano\/viernes-santo-se-realizo-el-via-crucis-en-barrio-ceco\/dsc_0140-3\/\" rel=\"attachment wp-att-165800\"><img decoding=\"async\" class=\"alignnone size-full wp-image-165800\" src=\"https:\/\/experienciadevida.com.ar\/portalurbano\/wp-content\/uploads\/2022\/04\/DSC_0140-2.jpg\" alt=\"\" width=\"719\" height=\"480\" srcset=\"https:\/\/experienciadevida.com.ar\/portalurbano\/wp-content\/uploads\/2022\/04\/DSC_0140-2.jpg 719w, https:\/\/experienciadevida.com.ar\/portalurbano\/wp-content\/uploads\/2022\/04\/DSC_0140-2-300x200.jpg 300w\" sizes=\"(max-width: 719px) 100vw, 719px\" \/><\/a><\/p>\n<p><a href=\"https:\/\/experienciadevida.com.ar\/portalurbano\/viernes-santo-se-realizo-el-via-crucis-en-barrio-ceco\/dsc_0141-2\/\" rel=\"attachment wp-att-165801\"><img decoding=\"async\" class=\"alignnone size-full wp-image-165801\" src=\"https:\/\/experienciadevida.com.ar\/portalurbano\/wp-content\/uploads\/2022\/04\/DSC_0141-1.jpg\" alt=\"\" width=\"719\" height=\"480\" srcset=\"https:\/\/experienciadevida.com.ar\/portalurbano\/wp-content\/uploads\/2022\/04\/DSC_0141-1.jpg 719w, https:\/\/experienciadevida.com.ar\/portalurbano\/wp-content\/uploads\/2022\/04\/DSC_0141-1-300x200.jpg 300w\" sizes=\"(max-width: 719px) 100vw, 719px\" \/><\/a><\/p>\n<p><a href=\"https:\/\/experienciadevida.com.ar\/portalurbano\/viernes-santo-se-realizo-el-via-crucis-en-barrio-ceco\/dsc_0142\/\" rel=\"attachment wp-att-165802\"><img decoding=\"async\" class=\"alignnone size-full wp-image-165802\" src=\"https:\/\/experienciadevida.com.ar\/portalurbano\/wp-content\/uploads\/2022\/04\/DSC_0142.jpg\" alt=\"\" width=\"719\" height=\"480\" srcset=\"https:\/\/experienciadevida.com.ar\/portalurbano\/wp-content\/uploads\/2022\/04\/DSC_0142.jpg 719w, https:\/\/experienciadevida.com.ar\/portalurbano\/wp-content\/uploads\/2022\/04\/DSC_0142-300x200.jpg 300w\" sizes=\"(max-width: 719px) 100vw, 719px\" \/><\/a><\/p>\n<p><a href=\"https:\/\/experienciadevida.com.ar\/portalurbano\/viernes-santo-se-realizo-el-via-crucis-en-barrio-ceco\/dsc_0143-2\/\" rel=\"attachment wp-att-165803\"><img decoding=\"async\" class=\"alignnone size-full wp-image-165803\" src=\"https:\/\/experienciadevida.com.ar\/portalurbano\/wp-content\/uploads\/2022\/04\/DSC_0143-1.jpg\" alt=\"\" width=\"719\" height=\"480\" srcset=\"https:\/\/experienciadevida.com.ar\/portalurbano\/wp-content\/uploads\/2022\/04\/DSC_0143-1.jpg 719w, https:\/\/experienciadevida.com.ar\/portalurbano\/wp-content\/uploads\/2022\/04\/DSC_0143-1-300x200.jpg 300w\" sizes=\"(max-width: 719px) 100vw, 719px\" \/><\/a><\/p>\n<p><a href=\"https:\/\/experienciadevida.com.ar\/portalurbano\/viernes-santo-se-realizo-el-via-crucis-en-barrio-ceco\/dsc_0144\/\" rel=\"attachment wp-att-165805\"><img decoding=\"async\" class=\"alignnone size-full wp-image-165805\" src=\"https:\/\/experienciadevida.com.ar\/portalurbano\/wp-content\/uploads\/2022\/04\/DSC_0144.jpg\" alt=\"\" width=\"719\" height=\"480\" srcset=\"https:\/\/experienciadevida.com.ar\/portalurbano\/wp-content\/uploads\/2022\/04\/DSC_0144.jpg 719w, https:\/\/experienciadevida.com.ar\/portalurbano\/wp-content\/uploads\/2022\/04\/DSC_0144-300x200.jpg 300w\" sizes=\"(max-width: 719px) 100vw, 719px\" \/><\/a><\/p>\n<p><a href=\"https:\/\/experienciadevida.com.ar\/portalurbano\/viernes-santo-se-realizo-el-via-crucis-en-barrio-ceco\/dsc_0145-3\/\" rel=\"attachment wp-att-165806\"><img decoding=\"async\" class=\"alignnone size-full wp-image-165806\" src=\"https:\/\/experienciadevida.com.ar\/portalurbano\/wp-content\/uploads\/2022\/04\/DSC_0145-1.jpg\" alt=\"\" width=\"719\" height=\"480\" srcset=\"https:\/\/experienciadevida.com.ar\/portalurbano\/wp-content\/uploads\/2022\/04\/DSC_0145-1.jpg 719w, https:\/\/experienciadevida.com.ar\/portalurbano\/wp-content\/uploads\/2022\/04\/DSC_0145-1-300x200.jpg 300w\" sizes=\"(max-width: 719px) 100vw, 719px\" \/><\/a><\/p>\n<p><a href=\"https:\/\/experienciadevida.com.ar\/portalurbano\/viernes-santo-se-realizo-el-via-crucis-en-barrio-ceco\/dsc_0146-3\/\" rel=\"attachment wp-att-165808\"><img decoding=\"async\" class=\"alignnone size-full wp-image-165808\" src=\"https:\/\/experienciadevida.com.ar\/portalurbano\/wp-content\/uploads\/2022\/04\/DSC_0146-1.jpg\" alt=\"\" width=\"719\" height=\"480\" srcset=\"https:\/\/experienciadevida.com.ar\/portalurbano\/wp-content\/uploads\/2022\/04\/DSC_0146-1.jpg 719w, https:\/\/experienciadevida.com.ar\/portalurbano\/wp-content\/uploads\/2022\/04\/DSC_0146-1-300x200.jpg 300w\" sizes=\"(max-width: 719px) 100vw, 719px\" \/><\/a><\/p>\n<p><a href=\"https:\/\/experienciadevida.com.ar\/portalurbano\/viernes-santo-se-realizo-el-via-crucis-en-barrio-ceco\/dsc_0148-2\/\" rel=\"attachment wp-att-165809\"><img decoding=\"async\" class=\"alignnone size-full wp-image-165809\" src=\"https:\/\/experienciadevida.com.ar\/portalurbano\/wp-content\/uploads\/2022\/04\/DSC_0148-1.jpg\" alt=\"\" width=\"719\" height=\"480\" srcset=\"https:\/\/experienciadevida.com.ar\/portalurbano\/wp-content\/uploads\/2022\/04\/DSC_0148-1.jpg 719w, https:\/\/experienciadevida.com.ar\/portalurbano\/wp-content\/uploads\/2022\/04\/DSC_0148-1-300x200.jpg 300w\" sizes=\"(max-width: 719px) 100vw, 719px\" \/><\/a><\/p>\n<p><a href=\"https:\/\/experienciadevida.com.ar\/portalurbano\/viernes-santo-se-realizo-el-via-crucis-en-barrio-ceco\/dsc_0152-3\/\" rel=\"attachment wp-att-165810\"><img decoding=\"async\" class=\"alignnone size-full wp-image-165810\" src=\"https:\/\/experienciadevida.com.ar\/portalurbano\/wp-content\/uploads\/2022\/04\/DSC_0152-1.jpg\" alt=\"\" width=\"719\" height=\"480\" srcset=\"https:\/\/experienciadevida.com.ar\/portalurbano\/wp-content\/uploads\/2022\/04\/DSC_0152-1.jpg 719w, https:\/\/experienciadevida.com.ar\/portalurbano\/wp-content\/uploads\/2022\/04\/DSC_0152-1-300x200.jpg 300w\" sizes=\"(max-width: 719px) 100vw, 719px\" \/><\/a><\/p>\n","protected":false},"excerpt":{"rendered":"<p>Viernes Santo: Se realiz\u00f3 el V\u00eda Crucis en Barrio CECO, fue en la tarde de&#8230;<\/p>\n","protected":false},"author":1,"featured_media":165795,"comment_status":"closed","ping_status":"closed","sticky":false,"template":"","format":"standard","meta":{"content-type":""},"categories":[27,64],"tags":[],"nelio_content":{"isAutoShareEnabled":false,"autoShareEndMode":"default","automationSources":{"useContentSentences":true,"useSocialTemplates":true,"useCustomSentences":false,"customSentences":[]},"followers":[1],"suggestedReferences":[],"includedReferences":[],"efiUrl":"","efiAlt":"","highlights":[]},"yoast_head":"<!-- This site is optimized with the Yoast SEO plugin v20.7 - https:\/\/yoast.com\/wordpress\/plugins\/seo\/ -->\n<title>Viernes Santo: Se realiz\u00f3 el V\u00eda Crucis en Barrio CECO -<\/title>\n<meta name=\"robots\" content=\"index, follow, max-snippet:-1, max-image-preview:large, max-video-preview:-1\" \/>\n<link rel=\"canonical\" href=\"https:\/\/experienciadevida.com.ar\/portalurbano\/viernes-santo-se-realizo-el-via-crucis-en-barrio-ceco\/\" \/>\n<meta property=\"og:locale\" content=\"es_ES\" \/>\n<meta property=\"og:type\" content=\"article\" \/>\n<meta property=\"og:title\" content=\"Viernes Santo: Se realiz\u00f3 el V\u00eda Crucis en Barrio CECO -\" \/>\n<meta property=\"og:description\" content=\"Viernes Santo: Se realiz\u00f3 el V\u00eda Crucis en Barrio CECO, fue en la tarde de...\" \/>\n<meta property=\"og:url\" content=\"https:\/\/experienciadevida.com.ar\/portalurbano\/viernes-santo-se-realizo-el-via-crucis-en-barrio-ceco\/\" \/>\n<meta property=\"article:publisher\" content=\"https:\/\/www.facebook.com\/Portal-Urbano-171542830093757\/\" \/>\n<meta property=\"article:published_time\" content=\"2022-04-15T22:32:11+00:00\" \/>\n<meta property=\"article:modified_time\" content=\"2022-04-15T22:39:09+00:00\" \/>\n<meta property=\"og:image\" content=\"https:\/\/experienciadevida.com.ar\/portalurbano\/wp-content\/uploads\/2022\/04\/Viernes-Santo.jpg\" \/>\n\t<meta property=\"og:image:width\" content=\"765\" \/>\n\t<meta property=\"og:image:height\" content=\"511\" \/>\n\t<meta property=\"og:image:type\" content=\"image\/jpeg\" \/>\n<meta name=\"author\" content=\"admpu17wp\" \/>\n<meta name=\"twitter:card\" content=\"summary_large_image\" \/>\n<meta name=\"twitter:creator\" content=\"@portalurbanook\" \/>\n<meta name=\"twitter:site\" content=\"@portalurbanook\" \/>\n<meta name=\"twitter:label1\" content=\"Escrito por\" \/>\n\t<meta name=\"twitter:data1\" content=\"admpu17wp\" \/>\n\t<meta name=\"twitter:label2\" content=\"Tiempo de lectura\" \/>\n\t<meta name=\"twitter:data2\" content=\"3 minutos\" \/>\n<script type=\"application\/ld+json\" class=\"yoast-schema-graph\">{\"@context\":\"https:\/\/schema.org\",\"@graph\":[{\"@type\":\"Article\",\"@id\":\"https:\/\/experienciadevida.com.ar\/portalurbano\/viernes-santo-se-realizo-el-via-crucis-en-barrio-ceco\/#article\",\"isPartOf\":{\"@id\":\"https:\/\/experienciadevida.com.ar\/portalurbano\/viernes-santo-se-realizo-el-via-crucis-en-barrio-ceco\/\"},\"author\":{\"name\":\"admpu17wp\",\"@id\":\"https:\/\/experienciadevida.com.ar\/portalurbano\/#\/schema\/person\/02dd326b1c4b056e9cc972486934a3a7\"},\"headline\":\"Viernes Santo: Se realiz\u00f3 el V\u00eda Crucis en Barrio CECO\",\"datePublished\":\"2022-04-15T22:32:11+00:00\",\"dateModified\":\"2022-04-15T22:39:09+00:00\",\"mainEntityOfPage\":{\"@id\":\"https:\/\/experienciadevida.com.ar\/portalurbano\/viernes-santo-se-realizo-el-via-crucis-en-barrio-ceco\/\"},\"wordCount\":258,\"publisher\":{\"@id\":\"https:\/\/experienciadevida.com.ar\/portalurbano\/#organization\"},\"articleSection\":[\"Ciudad\",\"Destacadas 2\"],\"inLanguage\":\"es\"},{\"@type\":\"WebPage\",\"@id\":\"https:\/\/experienciadevida.com.ar\/portalurbano\/viernes-santo-se-realizo-el-via-crucis-en-barrio-ceco\/\",\"url\":\"https:\/\/experienciadevida.com.ar\/portalurbano\/viernes-santo-se-realizo-el-via-crucis-en-barrio-ceco\/\",\"name\":\"Viernes Santo: Se realiz\u00f3 el V\u00eda Crucis en Barrio CECO -\",\"isPartOf\":{\"@id\":\"https:\/\/experienciadevida.com.ar\/portalurbano\/#website\"},\"datePublished\":\"2022-04-15T22:32:11+00:00\",\"dateModified\":\"2022-04-15T22:39:09+00:00\",\"breadcrumb\":{\"@id\":\"https:\/\/experienciadevida.com.ar\/portalurbano\/viernes-santo-se-realizo-el-via-crucis-en-barrio-ceco\/#breadcrumb\"},\"inLanguage\":\"es\",\"potentialAction\":[{\"@type\":\"ReadAction\",\"target\":[\"https:\/\/experienciadevida.com.ar\/portalurbano\/viernes-santo-se-realizo-el-via-crucis-en-barrio-ceco\/\"]}]},{\"@type\":\"BreadcrumbList\",\"@id\":\"https:\/\/experienciadevida.com.ar\/portalurbano\/viernes-santo-se-realizo-el-via-crucis-en-barrio-ceco\/#breadcrumb\",\"itemListElement\":[{\"@type\":\"ListItem\",\"position\":1,\"name\":\"Portada\",\"item\":\"https:\/\/experienciadevida.com.ar\/portalurbano\/\"},{\"@type\":\"ListItem\",\"position\":2,\"name\":\"Viernes Santo: Se realiz\u00f3 el V\u00eda Crucis en Barrio CECO\"}]},{\"@type\":\"WebSite\",\"@id\":\"https:\/\/experienciadevida.com.ar\/portalurbano\/#website\",\"url\":\"https:\/\/experienciadevida.com.ar\/portalurbano\/\",\"name\":\"\",\"description\":\"\",\"publisher\":{\"@id\":\"https:\/\/experienciadevida.com.ar\/portalurbano\/#organization\"},\"potentialAction\":[{\"@type\":\"SearchAction\",\"target\":{\"@type\":\"EntryPoint\",\"urlTemplate\":\"https:\/\/experienciadevida.com.ar\/portalurbano\/?s={search_term_string}\"},\"query-input\":\"required name=search_term_string\"}],\"inLanguage\":\"es\"},{\"@type\":\"Organization\",\"@id\":\"https:\/\/experienciadevida.com.ar\/portalurbano\/#organization\",\"name\":\"Portal Urbano\",\"url\":\"https:\/\/experienciadevida.com.ar\/portalurbano\/\",\"logo\":{\"@type\":\"ImageObject\",\"inLanguage\":\"es\",\"@id\":\"https:\/\/experienciadevida.com.ar\/portalurbano\/#\/schema\/logo\/image\/\",\"url\":\"https:\/\/experienciadevida.com.ar\/portalurbano\/wp-content\/uploads\/2019\/09\/Logo-Original.png\",\"contentUrl\":\"https:\/\/experienciadevida.com.ar\/portalurbano\/wp-content\/uploads\/2019\/09\/Logo-Original.png\",\"width\":2236,\"height\":1216,\"caption\":\"Portal Urbano\"},\"image\":{\"@id\":\"https:\/\/experienciadevida.com.ar\/portalurbano\/#\/schema\/logo\/image\/\"},\"sameAs\":[\"https:\/\/www.facebook.com\/Portal-Urbano-171542830093757\/\",\"https:\/\/twitter.com\/portalurbanook\",\"https:\/\/www.instagram.com\/_portalurbano\/\",\"https:\/\/www.youtube.com\/channel\/UCXhagIfszH8KxFiOok79zbA?view_as=subscriber\"]},{\"@type\":\"Person\",\"@id\":\"https:\/\/experienciadevida.com.ar\/portalurbano\/#\/schema\/person\/02dd326b1c4b056e9cc972486934a3a7\",\"name\":\"admpu17wp\",\"image\":{\"@type\":\"ImageObject\",\"inLanguage\":\"es\",\"@id\":\"https:\/\/experienciadevida.com.ar\/portalurbano\/#\/schema\/person\/image\/\",\"url\":\"https:\/\/secure.gravatar.com\/avatar\/830d4c57adaae6630765e449a6908047?s=96&d=mm&r=g\",\"contentUrl\":\"https:\/\/secure.gravatar.com\/avatar\/830d4c57adaae6630765e449a6908047?s=96&d=mm&r=g\",\"caption\":\"admpu17wp\"}}]}<\/script>\n<!-- \/ Yoast SEO plugin. -->","yoast_head_json":{"title":"Viernes Santo: Se realiz\u00f3 el V\u00eda Crucis en Barrio CECO -","robots":{"index":"index","follow":"follow","max-snippet":"max-snippet:-1","max-image-preview":"max-image-preview:large","max-video-preview":"max-video-preview:-1"},"canonical":"https:\/\/experienciadevida.com.ar\/portalurbano\/viernes-santo-se-realizo-el-via-crucis-en-barrio-ceco\/","og_locale":"es_ES","og_type":"article","og_title":"Viernes Santo: Se realiz\u00f3 el V\u00eda Crucis en Barrio CECO -","og_description":"Viernes Santo: Se realiz\u00f3 el V\u00eda Crucis en Barrio CECO, fue en la tarde de...","og_url":"https:\/\/experienciadevida.com.ar\/portalurbano\/viernes-santo-se-realizo-el-via-crucis-en-barrio-ceco\/","article_publisher":"https:\/\/www.facebook.com\/Portal-Urbano-171542830093757\/","article_published_time":"2022-04-15T22:32:11+00:00","article_modified_time":"2022-04-15T22:39:09+00:00","og_image":[{"width":765,"height":511,"url":"https:\/\/experienciadevida.com.ar\/portalurbano\/wp-content\/uploads\/2022\/04\/Viernes-Santo.jpg","type":"image\/jpeg"}],"author":"admpu17wp","twitter_card":"summary_large_image","twitter_creator":"@portalurbanook","twitter_site":"@portalurbanook","twitter_misc":{"Escrito por":"admpu17wp","Tiempo de lectura":"3 minutos"},"schema":{"@context":"https:\/\/schema.org","@graph":[{"@type":"Article","@id":"https:\/\/experienciadevida.com.ar\/portalurbano\/viernes-santo-se-realizo-el-via-crucis-en-barrio-ceco\/#article","isPartOf":{"@id":"https:\/\/experienciadevida.com.ar\/portalurbano\/viernes-santo-se-realizo-el-via-crucis-en-barrio-ceco\/"},"author":{"name":"admpu17wp","@id":"https:\/\/experienciadevida.com.ar\/portalurbano\/#\/schema\/person\/02dd326b1c4b056e9cc972486934a3a7"},"headline":"Viernes Santo: Se realiz\u00f3 el V\u00eda Crucis en Barrio CECO","datePublished":"2022-04-15T22:32:11+00:00","dateModified":"2022-04-15T22:39:09+00:00","mainEntityOfPage":{"@id":"https:\/\/experienciadevida.com.ar\/portalurbano\/viernes-santo-se-realizo-el-via-crucis-en-barrio-ceco\/"},"wordCount":258,"publisher":{"@id":"https:\/\/experienciadevida.com.ar\/portalurbano\/#organization"},"articleSection":["Ciudad","Destacadas 2"],"inLanguage":"es"},{"@type":"WebPage","@id":"https:\/\/experienciadevida.com.ar\/portalurbano\/viernes-santo-se-realizo-el-via-crucis-en-barrio-ceco\/","url":"https:\/\/experienciadevida.com.ar\/portalurbano\/viernes-santo-se-realizo-el-via-crucis-en-barrio-ceco\/","name":"Viernes Santo: Se realiz\u00f3 el V\u00eda Crucis en Barrio CECO -","isPartOf":{"@id":"https:\/\/experienciadevida.com.ar\/portalurbano\/#website"},"datePublished":"2022-04-15T22:32:11+00:00","dateModified":"2022-04-15T22:39:09+00:00","breadcrumb":{"@id":"https:\/\/experienciadevida.com.ar\/portalurbano\/viernes-santo-se-realizo-el-via-crucis-en-barrio-ceco\/#breadcrumb"},"inLanguage":"es","potentialAction":[{"@type":"ReadAction","target":["https:\/\/experienciadevida.com.ar\/portalurbano\/viernes-santo-se-realizo-el-via-crucis-en-barrio-ceco\/"]}]},{"@type":"BreadcrumbList","@id":"https:\/\/experienciadevida.com.ar\/portalurbano\/viernes-santo-se-realizo-el-via-crucis-en-barrio-ceco\/#breadcrumb","itemListElement":[{"@type":"ListItem","position":1,"name":"Portada","item":"https:\/\/experienciadevida.com.ar\/portalurbano\/"},{"@type":"ListItem","position":2,"name":"Viernes Santo: Se realiz\u00f3 el V\u00eda Crucis en Barrio CECO"}]},{"@type":"WebSite","@id":"https:\/\/experienciadevida.com.ar\/portalurbano\/#website","url":"https:\/\/experienciadevida.com.ar\/portalurbano\/","name":"","description":"","publisher":{"@id":"https:\/\/experienciadevida.com.ar\/portalurbano\/#organization"},"potentialAction":[{"@type":"SearchAction","target":{"@type":"EntryPoint","urlTemplate":"https:\/\/experienciadevida.com.ar\/portalurbano\/?s={search_term_string}"},"query-input":"required name=search_term_string"}],"inLanguage":"es"},{"@type":"Organization","@id":"https:\/\/experienciadevida.com.ar\/portalurbano\/#organization","name":"Portal Urbano","url":"https:\/\/experienciadevida.com.ar\/portalurbano\/","logo":{"@type":"ImageObject","inLanguage":"es","@id":"https:\/\/experienciadevida.com.ar\/portalurbano\/#\/schema\/logo\/image\/","url":"https:\/\/experienciadevida.com.ar\/portalurbano\/wp-content\/uploads\/2019\/09\/Logo-Original.png","contentUrl":"https:\/\/experienciadevida.com.ar\/portalurbano\/wp-content\/uploads\/2019\/09\/Logo-Original.png","width":2236,"height":1216,"caption":"Portal Urbano"},"image":{"@id":"https:\/\/experienciadevida.com.ar\/portalurbano\/#\/schema\/logo\/image\/"},"sameAs":["https:\/\/www.facebook.com\/Portal-Urbano-171542830093757\/","https:\/\/twitter.com\/portalurbanook","https:\/\/www.instagram.com\/_portalurbano\/","https:\/\/www.youtube.com\/channel\/UCXhagIfszH8KxFiOok79zbA?view_as=subscriber"]},{"@type":"Person","@id":"https:\/\/experienciadevida.com.ar\/portalurbano\/#\/schema\/person\/02dd326b1c4b056e9cc972486934a3a7","name":"admpu17wp","image":{"@type":"ImageObject","inLanguage":"es","@id":"https:\/\/experienciadevida.com.ar\/portalurbano\/#\/schema\/person\/image\/","url":"https:\/\/secure.gravatar.com\/avatar\/830d4c57adaae6630765e449a6908047?s=96&d=mm&r=g","contentUrl":"https:\/\/secure.gravatar.com\/avatar\/830d4c57adaae6630765e449a6908047?s=96&d=mm&r=g","caption":"admpu17wp"}}]}},"featured_image_urls":{"full":["https:\/\/experienciadevida.com.ar\/portalurbano\/wp-content\/uploads\/2022\/04\/Viernes-Santo.jpg",765,511,false],"thumbnail":["https:\/\/experienciadevida.com.ar\/portalurbano\/wp-content\/uploads\/2022\/04\/Viernes-Santo-150x150.jpg",150,150,true],"medium":["https:\/\/experienciadevida.com.ar\/portalurbano\/wp-content\/uploads\/2022\/04\/Viernes-Santo-300x200.jpg",300,200,true],"medium_large":["https:\/\/experienciadevida.com.ar\/portalurbano\/wp-content\/uploads\/2022\/04\/Viernes-Santo.jpg",640,428,false],"large":["https:\/\/experienciadevida.com.ar\/portalurbano\/wp-content\/uploads\/2022\/04\/Viernes-Santo.jpg",640,428,false],"ug_big":["https:\/\/experienciadevida.com.ar\/portalurbano\/wp-content\/uploads\/2022\/04\/Viernes-Santo.jpg",765,511,false],"1536x1536":["https:\/\/experienciadevida.com.ar\/portalurbano\/wp-content\/uploads\/2022\/04\/Viernes-Santo.jpg",765,511,false],"2048x2048":["https:\/\/experienciadevida.com.ar\/portalurbano\/wp-content\/uploads\/2022\/04\/Viernes-Santo.jpg",765,511,false],"newsever-slider-full":["https:\/\/experienciadevida.com.ar\/portalurbano\/wp-content\/uploads\/2022\/04\/Viernes-Santo.jpg",765,511,false],"newsever-featured":["https:\/\/experienciadevida.com.ar\/portalurbano\/wp-content\/uploads\/2022\/04\/Viernes-Santo.jpg",765,511,false],"newsever-medium":["https:\/\/experienciadevida.com.ar\/portalurbano\/wp-content\/uploads\/2022\/04\/Viernes-Santo.jpg",711,475,false],"web-stories-poster-portrait":["https:\/\/experienciadevida.com.ar\/portalurbano\/wp-content\/uploads\/2022\/04\/Viernes-Santo.jpg",640,428,false],"web-stories-publisher-logo":["https:\/\/experienciadevida.com.ar\/portalurbano\/wp-content\/uploads\/2022\/04\/Viernes-Santo.jpg",96,64,false],"web-stories-thumbnail":["https:\/\/experienciadevida.com.ar\/portalurbano\/wp-content\/uploads\/2022\/04\/Viernes-Santo.jpg",150,100,false]},"author_info":{"display_name":"admpu17wp","author_link":"https:\/\/experienciadevida.com.ar\/portalurbano\/author\/admpu17wp\/"},"category_info":"<a href=\"https:\/\/experienciadevida.com.ar\/portalurbano\/category\/ciudad\/\" rel=\"category tag\">Ciudad<\/a> <a href=\"https:\/\/experienciadevida.com.ar\/portalurbano\/category\/destacadas-2\/\" rel=\"category tag\">Destacadas 2<\/a>","tag_info":"Destacadas 2","comment_count":"0","amp_enabled":true,"_links":{"self":[{"href":"https:\/\/experienciadevida.com.ar\/portalurbano\/wp-json\/wp\/v2\/posts\/165793"}],"collection":[{"href":"https:\/\/experienciadevida.com.ar\/portalurbano\/wp-json\/wp\/v2\/posts"}],"about":[{"href":"https:\/\/experienciadevida.com.ar\/portalurbano\/wp-json\/wp\/v2\/types\/post"}],"author":[{"embeddable":true,"href":"https:\/\/experienciadevida.com.ar\/portalurbano\/wp-json\/wp\/v2\/users\/1"}],"replies":[{"embeddable":true,"href":"https:\/\/experienciadevida.com.ar\/portalurbano\/wp-json\/wp\/v2\/comments?post=165793"}],"version-history":[{"count":3,"href":"https:\/\/experienciadevida.com.ar\/portalurbano\/wp-json\/wp\/v2\/posts\/165793\/revisions"}],"predecessor-version":[{"id":165811,"href":"https:\/\/experienciadevida.com.ar\/portalurbano\/wp-json\/wp\/v2\/posts\/165793\/revisions\/165811"}],"wp:featuredmedia":[{"embeddable":true,"href":"https:\/\/experienciadevida.com.ar\/portalurbano\/wp-json\/wp\/v2\/media\/165795"}],"wp:attachment":[{"href":"https:\/\/experienciadevida.com.ar\/portalurbano\/wp-json\/wp\/v2\/media?parent=165793"}],"wp:term":[{"taxonomy":"category","embeddable":true,"href":"https:\/\/experienciadevida.com.ar\/portalurbano\/wp-json\/wp\/v2\/categories?post=165793"},{"taxonomy":"post_tag","embeddable":true,"href":"https:\/\/experienciadevida.com.ar\/portalurbano\/wp-json\/wp\/v2\/tags?post=165793"}],"curies":[{"name":"wp","href":"https:\/\/api.w.org\/{rel}","templated":true}]}}