{"id":165790,"date":"2022-04-15T12:38:34","date_gmt":"2022-04-15T15:38:34","guid":{"rendered":"https:\/\/experienciadevida.com.ar\/portalurbano\/?p=165790"},"modified":"2022-04-15T12:38:34","modified_gmt":"2022-04-15T15:38:34","slug":"semana-santa-el-gobierno-destaco-que-hay-2-millones-y-medio-de-argentinos-circulando-por-el-pais","status":"publish","type":"post","link":"https:\/\/experienciadevida.com.ar\/portalurbano\/semana-santa-el-gobierno-destaco-que-hay-2-millones-y-medio-de-argentinos-circulando-por-el-pais\/","title":{"rendered":"Semana Santa: el Gobierno destac\u00f3 que hay \u201c2 millones y medio de argentinos circulando por el pa\u00eds\u201d"},"content":{"rendered":"<p>Semana Santa: el Gobierno destac\u00f3 que hay \u201c2 millones y medio de argentinos circulando por el pa\u00eds\u201d, el titular de la Comisi\u00f3n Nacional de Regulaci\u00f3n del Transporte (CNRT), Jos\u00e9 Ram\u00f3n Arteaga, coment\u00f3 que en este fin de semana &#8220;los destinos bonaerenses m\u00e1s elegidos fueron la Costa y Tandil&#8221;.<\/p>\n<p>Desde el Gobierno se mostraron \u201cmaravillados y sorprendidos\u201d frente al intenso tr\u00e1nsito de turistas y viajeros por el feriado de Semana Santa. As\u00ed, el titular de la Comisi\u00f3n Nacional de Regulaci\u00f3n del Transporte (CNRT), Jos\u00e9 Ram\u00f3n Arteaga, destac\u00f3 que desde el mi\u00e9rcoles m\u00e1s de 2 millones y medio de personas est\u00e1n circulando por Argentina, y resalt\u00f3 los 47 puntos fijos que lleva adelante el \u00e1rea para los controles de tr\u00e1nsito.<\/p>\n<p>\u201cEstamos maravillados y sorprendidos por la cantidad de argentinos que est\u00e1n en tr\u00e1nsito en terminales, estaciones o rutas por todo el pa\u00eds\u201d, dijo Arteaga en declaraciones a radio Provincia.<\/p>\n<p>Agreg\u00f3 que \u201cm\u00e1s de 2 millones y medio de argentinos est\u00e1n circulando desde el mi\u00e9rcoles por el pa\u00eds\u201d. \u201cSiempre que se dinamizan las econom\u00edas regionales hace bien y, en nuestro caso, ejerciendo los controles en todo el transporte para que todos lleguen a buen destino y puedan disfrutar de este fin de semana largo\u201d, complet\u00f3 el funcionario.<\/p>\n<h4 id=\"controles\">Controles<\/h4>\n<p>Arteaga asegur\u00f3, por otra parte, que la situaci\u00f3n en los controles \u201cha mejorado en el \u00faltimo tiempo\u201d y explic\u00f3 que hay dos tipos de controles; el fijo y el din\u00e1mico que se da fundamentalmente en rutas.<\/p>\n<p>\u201cHay m\u00e1s de 47 puntos de trabajo para este fin de semana en la Argentina\u201d, subray\u00f3 en ese sentido, al referirse al feriado largo por Semana Santa.<\/p>\n<p>Sobre el tipo de control que se realiza en cada puesto, precis\u00f3: \u201cA las empresas se les verifica la licencia nacional habilitante, los seguros y muchos trabajos de control de estupefaciente y alcoholemia a los choferes, como la verificaci\u00f3n del tac\u00f3metro que mide los excesos de velocidad de esa unidad en tr\u00e1nsito\u201d.<\/p>\n<p>En tanto, dijo que a los pasajeros se les controla el uso del barbijo, que sigue siendo obligatorio para todo tipo de transporte p\u00fablico cerrado. \u201cAl pasajero se le pide el uso del tapaboca nariz. En todas las modalidades de transporte de pasajeros es obligatorio el uso de tapabocas\u201d, asegur\u00f3.<\/p>\n<h4 id=\"mar-y-sierras\">Mar y sierras<\/h4>\n<p>Arteaga resalt\u00f3 que en este fin de semana \u201clos destinos bonaerenses m\u00e1s elegidos fueron la Costa y Tandil\u201d, mientras que en el resto de la Argentina fueron Mendoza, C\u00f3rdoba, Entre R\u00edos y Salta.<\/p>\n<p>Por otro lado, inform\u00f3 que tambi\u00e9n hay demanda de verificaci\u00f3n para viajes de egresados fundamentalmente en C\u00f3rdoba y la Patagonia, donde la CNRT controla lo mismo que ahora se controla en el transporte p\u00fablico.<\/p>\n<p>El funcionario resalt\u00f3 tambi\u00e9n la demanda que hubo en viajes en tren. \u201cEl fin de semana pasado hicimos una prueba de obra con el ministro de transporte de la provincia desde Escobar hasta Pilar, pasando por Exaltaci\u00f3n de la Cruz. El tren de pasajeros vuelve despu\u00e9s de 40 a\u00f1os a transitar por estas localidades, as\u00ed que agradecidos a la inversi\u00f3n que se est\u00e1 generando desde el ministerio de Transporte a toda el \u00e1rea ferroviaria, donde el tren es la herramienta de trabajo y de transporte de miles de argentinos y bienvenido sea que pueda ser tambi\u00e9n para el turismo\u201d, afirm\u00f3.<\/p>\n<p>Fuente: DIB<\/p>\n","protected":false},"excerpt":{"rendered":"<p>Semana Santa: el Gobierno destac\u00f3 que hay \u201c2 millones y medio de argentinos circulando por&#8230;<\/p>\n","protected":false},"author":1,"featured_media":165791,"comment_status":"closed","ping_status":"closed","sticky":false,"template":"","format":"standard","meta":{"content-type":""},"categories":[27,64],"tags":[],"nelio_content":{"isAutoShareEnabled":false,"autoShareEndMode":"default","automationSources":{"useContentSentences":true,"useSocialTemplates":true,"useCustomSentences":false,"customSentences":[]},"followers":[1],"suggestedReferences":[],"includedReferences":[],"efiUrl":"","efiAlt":"","highlights":[]},"yoast_head":"<!-- This site is optimized with the Yoast SEO plugin v20.7 - https:\/\/yoast.com\/wordpress\/plugins\/seo\/ -->\n<title>Semana Santa: el Gobierno destac\u00f3 que hay \u201c2 millones y medio de argentinos circulando por el pa\u00eds\u201d -<\/title>\n<meta name=\"robots\" content=\"index, follow, max-snippet:-1, max-image-preview:large, max-video-preview:-1\" \/>\n<link rel=\"canonical\" href=\"https:\/\/experienciadevida.com.ar\/portalurbano\/semana-santa-el-gobierno-destaco-que-hay-2-millones-y-medio-de-argentinos-circulando-por-el-pais\/\" \/>\n<meta property=\"og:locale\" content=\"es_ES\" \/>\n<meta property=\"og:type\" content=\"article\" \/>\n<meta property=\"og:title\" content=\"Semana Santa: el Gobierno destac\u00f3 que hay \u201c2 millones y medio de argentinos circulando por el pa\u00eds\u201d -\" \/>\n<meta property=\"og:description\" content=\"Semana Santa: el Gobierno destac\u00f3 que hay \u201c2 millones y medio de argentinos circulando por...\" \/>\n<meta property=\"og:url\" content=\"https:\/\/experienciadevida.com.ar\/portalurbano\/semana-santa-el-gobierno-destaco-que-hay-2-millones-y-medio-de-argentinos-circulando-por-el-pais\/\" \/>\n<meta property=\"article:publisher\" content=\"https:\/\/www.facebook.com\/Portal-Urbano-171542830093757\/\" \/>\n<meta property=\"article:published_time\" content=\"2022-04-15T15:38:34+00:00\" \/>\n<meta property=\"og:image\" content=\"https:\/\/experienciadevida.com.ar\/portalurbano\/wp-content\/uploads\/2022\/04\/Semana-Santa-1.jpg\" \/>\n\t<meta property=\"og:image:width\" content=\"1024\" \/>\n\t<meta property=\"og:image:height\" content=\"684\" \/>\n\t<meta property=\"og:image:type\" content=\"image\/jpeg\" \/>\n<meta name=\"author\" content=\"admpu17wp\" \/>\n<meta name=\"twitter:card\" content=\"summary_large_image\" \/>\n<meta name=\"twitter:creator\" content=\"@portalurbanook\" \/>\n<meta name=\"twitter:site\" content=\"@portalurbanook\" \/>\n<meta name=\"twitter:label1\" content=\"Escrito por\" \/>\n\t<meta name=\"twitter:data1\" content=\"admpu17wp\" \/>\n\t<meta name=\"twitter:label2\" content=\"Tiempo de lectura\" \/>\n\t<meta name=\"twitter:data2\" content=\"3 minutos\" \/>\n<script type=\"application\/ld+json\" class=\"yoast-schema-graph\">{\"@context\":\"https:\/\/schema.org\",\"@graph\":[{\"@type\":\"Article\",\"@id\":\"https:\/\/experienciadevida.com.ar\/portalurbano\/semana-santa-el-gobierno-destaco-que-hay-2-millones-y-medio-de-argentinos-circulando-por-el-pais\/#article\",\"isPartOf\":{\"@id\":\"https:\/\/experienciadevida.com.ar\/portalurbano\/semana-santa-el-gobierno-destaco-que-hay-2-millones-y-medio-de-argentinos-circulando-por-el-pais\/\"},\"author\":{\"name\":\"admpu17wp\",\"@id\":\"https:\/\/experienciadevida.com.ar\/portalurbano\/#\/schema\/person\/02dd326b1c4b056e9cc972486934a3a7\"},\"headline\":\"Semana Santa: el Gobierno destac\u00f3 que hay \u201c2 millones y medio de argentinos circulando por el pa\u00eds\u201d\",\"datePublished\":\"2022-04-15T15:38:34+00:00\",\"dateModified\":\"2022-04-15T15:38:34+00:00\",\"mainEntityOfPage\":{\"@id\":\"https:\/\/experienciadevida.com.ar\/portalurbano\/semana-santa-el-gobierno-destaco-que-hay-2-millones-y-medio-de-argentinos-circulando-por-el-pais\/\"},\"wordCount\":594,\"publisher\":{\"@id\":\"https:\/\/experienciadevida.com.ar\/portalurbano\/#organization\"},\"articleSection\":[\"Ciudad\",\"Destacadas 2\"],\"inLanguage\":\"es\"},{\"@type\":\"WebPage\",\"@id\":\"https:\/\/experienciadevida.com.ar\/portalurbano\/semana-santa-el-gobierno-destaco-que-hay-2-millones-y-medio-de-argentinos-circulando-por-el-pais\/\",\"url\":\"https:\/\/experienciadevida.com.ar\/portalurbano\/semana-santa-el-gobierno-destaco-que-hay-2-millones-y-medio-de-argentinos-circulando-por-el-pais\/\",\"name\":\"Semana Santa: el Gobierno destac\u00f3 que hay \u201c2 millones y medio de argentinos circulando por el pa\u00eds\u201d -\",\"isPartOf\":{\"@id\":\"https:\/\/experienciadevida.com.ar\/portalurbano\/#website\"},\"datePublished\":\"2022-04-15T15:38:34+00:00\",\"dateModified\":\"2022-04-15T15:38:34+00:00\",\"breadcrumb\":{\"@id\":\"https:\/\/experienciadevida.com.ar\/portalurbano\/semana-santa-el-gobierno-destaco-que-hay-2-millones-y-medio-de-argentinos-circulando-por-el-pais\/#breadcrumb\"},\"inLanguage\":\"es\",\"potentialAction\":[{\"@type\":\"ReadAction\",\"target\":[\"https:\/\/experienciadevida.com.ar\/portalurbano\/semana-santa-el-gobierno-destaco-que-hay-2-millones-y-medio-de-argentinos-circulando-por-el-pais\/\"]}]},{\"@type\":\"BreadcrumbList\",\"@id\":\"https:\/\/experienciadevida.com.ar\/portalurbano\/semana-santa-el-gobierno-destaco-que-hay-2-millones-y-medio-de-argentinos-circulando-por-el-pais\/#breadcrumb\",\"itemListElement\":[{\"@type\":\"ListItem\",\"position\":1,\"name\":\"Portada\",\"item\":\"https:\/\/experienciadevida.com.ar\/portalurbano\/\"},{\"@type\":\"ListItem\",\"position\":2,\"name\":\"Semana Santa: el Gobierno destac\u00f3 que hay \u201c2 millones y medio de argentinos circulando por el pa\u00eds\u201d\"}]},{\"@type\":\"WebSite\",\"@id\":\"https:\/\/experienciadevida.com.ar\/portalurbano\/#website\",\"url\":\"https:\/\/experienciadevida.com.ar\/portalurbano\/\",\"name\":\"\",\"description\":\"\",\"publisher\":{\"@id\":\"https:\/\/experienciadevida.com.ar\/portalurbano\/#organization\"},\"potentialAction\":[{\"@type\":\"SearchAction\",\"target\":{\"@type\":\"EntryPoint\",\"urlTemplate\":\"https:\/\/experienciadevida.com.ar\/portalurbano\/?s={search_term_string}\"},\"query-input\":\"required name=search_term_string\"}],\"inLanguage\":\"es\"},{\"@type\":\"Organization\",\"@id\":\"https:\/\/experienciadevida.com.ar\/portalurbano\/#organization\",\"name\":\"Portal Urbano\",\"url\":\"https:\/\/experienciadevida.com.ar\/portalurbano\/\",\"logo\":{\"@type\":\"ImageObject\",\"inLanguage\":\"es\",\"@id\":\"https:\/\/experienciadevida.com.ar\/portalurbano\/#\/schema\/logo\/image\/\",\"url\":\"https:\/\/experienciadevida.com.ar\/portalurbano\/wp-content\/uploads\/2019\/09\/Logo-Original.png\",\"contentUrl\":\"https:\/\/experienciadevida.com.ar\/portalurbano\/wp-content\/uploads\/2019\/09\/Logo-Original.png\",\"width\":2236,\"height\":1216,\"caption\":\"Portal Urbano\"},\"image\":{\"@id\":\"https:\/\/experienciadevida.com.ar\/portalurbano\/#\/schema\/logo\/image\/\"},\"sameAs\":[\"https:\/\/www.facebook.com\/Portal-Urbano-171542830093757\/\",\"https:\/\/twitter.com\/portalurbanook\",\"https:\/\/www.instagram.com\/_portalurbano\/\",\"https:\/\/www.youtube.com\/channel\/UCXhagIfszH8KxFiOok79zbA?view_as=subscriber\"]},{\"@type\":\"Person\",\"@id\":\"https:\/\/experienciadevida.com.ar\/portalurbano\/#\/schema\/person\/02dd326b1c4b056e9cc972486934a3a7\",\"name\":\"admpu17wp\",\"image\":{\"@type\":\"ImageObject\",\"inLanguage\":\"es\",\"@id\":\"https:\/\/experienciadevida.com.ar\/portalurbano\/#\/schema\/person\/image\/\",\"url\":\"https:\/\/secure.gravatar.com\/avatar\/830d4c57adaae6630765e449a6908047?s=96&d=mm&r=g\",\"contentUrl\":\"https:\/\/secure.gravatar.com\/avatar\/830d4c57adaae6630765e449a6908047?s=96&d=mm&r=g\",\"caption\":\"admpu17wp\"}}]}<\/script>\n<!-- \/ Yoast SEO plugin. -->","yoast_head_json":{"title":"Semana Santa: el Gobierno destac\u00f3 que hay \u201c2 millones y medio de argentinos circulando por el pa\u00eds\u201d -","robots":{"index":"index","follow":"follow","max-snippet":"max-snippet:-1","max-image-preview":"max-image-preview:large","max-video-preview":"max-video-preview:-1"},"canonical":"https:\/\/experienciadevida.com.ar\/portalurbano\/semana-santa-el-gobierno-destaco-que-hay-2-millones-y-medio-de-argentinos-circulando-por-el-pais\/","og_locale":"es_ES","og_type":"article","og_title":"Semana Santa: el Gobierno destac\u00f3 que hay \u201c2 millones y medio de argentinos circulando por el pa\u00eds\u201d -","og_description":"Semana Santa: el Gobierno destac\u00f3 que hay \u201c2 millones y medio de argentinos circulando por...","og_url":"https:\/\/experienciadevida.com.ar\/portalurbano\/semana-santa-el-gobierno-destaco-que-hay-2-millones-y-medio-de-argentinos-circulando-por-el-pais\/","article_publisher":"https:\/\/www.facebook.com\/Portal-Urbano-171542830093757\/","article_published_time":"2022-04-15T15:38:34+00:00","og_image":[{"width":1024,"height":684,"url":"https:\/\/experienciadevida.com.ar\/portalurbano\/wp-content\/uploads\/2022\/04\/Semana-Santa-1.jpg","type":"image\/jpeg"}],"author":"admpu17wp","twitter_card":"summary_large_image","twitter_creator":"@portalurbanook","twitter_site":"@portalurbanook","twitter_misc":{"Escrito por":"admpu17wp","Tiempo de lectura":"3 minutos"},"schema":{"@context":"https:\/\/schema.org","@graph":[{"@type":"Article","@id":"https:\/\/experienciadevida.com.ar\/portalurbano\/semana-santa-el-gobierno-destaco-que-hay-2-millones-y-medio-de-argentinos-circulando-por-el-pais\/#article","isPartOf":{"@id":"https:\/\/experienciadevida.com.ar\/portalurbano\/semana-santa-el-gobierno-destaco-que-hay-2-millones-y-medio-de-argentinos-circulando-por-el-pais\/"},"author":{"name":"admpu17wp","@id":"https:\/\/experienciadevida.com.ar\/portalurbano\/#\/schema\/person\/02dd326b1c4b056e9cc972486934a3a7"},"headline":"Semana Santa: el Gobierno destac\u00f3 que hay \u201c2 millones y medio de argentinos circulando por el pa\u00eds\u201d","datePublished":"2022-04-15T15:38:34+00:00","dateModified":"2022-04-15T15:38:34+00:00","mainEntityOfPage":{"@id":"https:\/\/experienciadevida.com.ar\/portalurbano\/semana-santa-el-gobierno-destaco-que-hay-2-millones-y-medio-de-argentinos-circulando-por-el-pais\/"},"wordCount":594,"publisher":{"@id":"https:\/\/experienciadevida.com.ar\/portalurbano\/#organization"},"articleSection":["Ciudad","Destacadas 2"],"inLanguage":"es"},{"@type":"WebPage","@id":"https:\/\/experienciadevida.com.ar\/portalurbano\/semana-santa-el-gobierno-destaco-que-hay-2-millones-y-medio-de-argentinos-circulando-por-el-pais\/","url":"https:\/\/experienciadevida.com.ar\/portalurbano\/semana-santa-el-gobierno-destaco-que-hay-2-millones-y-medio-de-argentinos-circulando-por-el-pais\/","name":"Semana Santa: el Gobierno destac\u00f3 que hay \u201c2 millones y medio de argentinos circulando por el pa\u00eds\u201d -","isPartOf":{"@id":"https:\/\/experienciadevida.com.ar\/portalurbano\/#website"},"datePublished":"2022-04-15T15:38:34+00:00","dateModified":"2022-04-15T15:38:34+00:00","breadcrumb":{"@id":"https:\/\/experienciadevida.com.ar\/portalurbano\/semana-santa-el-gobierno-destaco-que-hay-2-millones-y-medio-de-argentinos-circulando-por-el-pais\/#breadcrumb"},"inLanguage":"es","potentialAction":[{"@type":"ReadAction","target":["https:\/\/experienciadevida.com.ar\/portalurbano\/semana-santa-el-gobierno-destaco-que-hay-2-millones-y-medio-de-argentinos-circulando-por-el-pais\/"]}]},{"@type":"BreadcrumbList","@id":"https:\/\/experienciadevida.com.ar\/portalurbano\/semana-santa-el-gobierno-destaco-que-hay-2-millones-y-medio-de-argentinos-circulando-por-el-pais\/#breadcrumb","itemListElement":[{"@type":"ListItem","position":1,"name":"Portada","item":"https:\/\/experienciadevida.com.ar\/portalurbano\/"},{"@type":"ListItem","position":2,"name":"Semana Santa: el Gobierno destac\u00f3 que hay \u201c2 millones y medio de argentinos circulando por el pa\u00eds\u201d"}]},{"@type":"WebSite","@id":"https:\/\/experienciadevida.com.ar\/portalurbano\/#website","url":"https:\/\/experienciadevida.com.ar\/portalurbano\/","name":"","description":"","publisher":{"@id":"https:\/\/experienciadevida.com.ar\/portalurbano\/#organization"},"potentialAction":[{"@type":"SearchAction","target":{"@type":"EntryPoint","urlTemplate":"https:\/\/experienciadevida.com.ar\/portalurbano\/?s={search_term_string}"},"query-input":"required name=search_term_string"}],"inLanguage":"es"},{"@type":"Organization","@id":"https:\/\/experienciadevida.com.ar\/portalurbano\/#organization","name":"Portal Urbano","url":"https:\/\/experienciadevida.com.ar\/portalurbano\/","logo":{"@type":"ImageObject","inLanguage":"es","@id":"https:\/\/experienciadevida.com.ar\/portalurbano\/#\/schema\/logo\/image\/","url":"https:\/\/experienciadevida.com.ar\/portalurbano\/wp-content\/uploads\/2019\/09\/Logo-Original.png","contentUrl":"https:\/\/experienciadevida.com.ar\/portalurbano\/wp-content\/uploads\/2019\/09\/Logo-Original.png","width":2236,"height":1216,"caption":"Portal Urbano"},"image":{"@id":"https:\/\/experienciadevida.com.ar\/portalurbano\/#\/schema\/logo\/image\/"},"sameAs":["https:\/\/www.facebook.com\/Portal-Urbano-171542830093757\/","https:\/\/twitter.com\/portalurbanook","https:\/\/www.instagram.com\/_portalurbano\/","https:\/\/www.youtube.com\/channel\/UCXhagIfszH8KxFiOok79zbA?view_as=subscriber"]},{"@type":"Person","@id":"https:\/\/experienciadevida.com.ar\/portalurbano\/#\/schema\/person\/02dd326b1c4b056e9cc972486934a3a7","name":"admpu17wp","image":{"@type":"ImageObject","inLanguage":"es","@id":"https:\/\/experienciadevida.com.ar\/portalurbano\/#\/schema\/person\/image\/","url":"https:\/\/secure.gravatar.com\/avatar\/830d4c57adaae6630765e449a6908047?s=96&d=mm&r=g","contentUrl":"https:\/\/secure.gravatar.com\/avatar\/830d4c57adaae6630765e449a6908047?s=96&d=mm&r=g","caption":"admpu17wp"}}]}},"featured_image_urls":{"full":["https:\/\/experienciadevida.com.ar\/portalurbano\/wp-content\/uploads\/2022\/04\/Semana-Santa-1.jpg",1024,684,false],"thumbnail":["https:\/\/experienciadevida.com.ar\/portalurbano\/wp-content\/uploads\/2022\/04\/Semana-Santa-1-150x150.jpg",150,150,true],"medium":["https:\/\/experienciadevida.com.ar\/portalurbano\/wp-content\/uploads\/2022\/04\/Semana-Santa-1-300x200.jpg",300,200,true],"medium_large":["https:\/\/experienciadevida.com.ar\/portalurbano\/wp-content\/uploads\/2022\/04\/Semana-Santa-1-768x513.jpg",640,428,true],"large":["https:\/\/experienciadevida.com.ar\/portalurbano\/wp-content\/uploads\/2022\/04\/Semana-Santa-1.jpg",640,428,false],"ug_big":["https:\/\/experienciadevida.com.ar\/portalurbano\/wp-content\/uploads\/2022\/04\/Semana-Santa-1-768x513.jpg",768,513,true],"1536x1536":["https:\/\/experienciadevida.com.ar\/portalurbano\/wp-content\/uploads\/2022\/04\/Semana-Santa-1.jpg",1024,684,false],"2048x2048":["https:\/\/experienciadevida.com.ar\/portalurbano\/wp-content\/uploads\/2022\/04\/Semana-Santa-1.jpg",1024,684,false],"newsever-slider-full":["https:\/\/experienciadevida.com.ar\/portalurbano\/wp-content\/uploads\/2022\/04\/Semana-Santa-1.jpg",1024,684,false],"newsever-featured":["https:\/\/experienciadevida.com.ar\/portalurbano\/wp-content\/uploads\/2022\/04\/Semana-Santa-1.jpg",1024,684,false],"newsever-medium":["https:\/\/experienciadevida.com.ar\/portalurbano\/wp-content\/uploads\/2022\/04\/Semana-Santa-1.jpg",711,475,false],"web-stories-poster-portrait":["https:\/\/experienciadevida.com.ar\/portalurbano\/wp-content\/uploads\/2022\/04\/Semana-Santa-1.jpg",640,428,false],"web-stories-publisher-logo":["https:\/\/experienciadevida.com.ar\/portalurbano\/wp-content\/uploads\/2022\/04\/Semana-Santa-1.jpg",96,64,false],"web-stories-thumbnail":["https:\/\/experienciadevida.com.ar\/portalurbano\/wp-content\/uploads\/2022\/04\/Semana-Santa-1.jpg",150,100,false]},"author_info":{"display_name":"admpu17wp","author_link":"https:\/\/experienciadevida.com.ar\/portalurbano\/author\/admpu17wp\/"},"category_info":"<a href=\"https:\/\/experienciadevida.com.ar\/portalurbano\/category\/ciudad\/\" rel=\"category tag\">Ciudad<\/a> <a href=\"https:\/\/experienciadevida.com.ar\/portalurbano\/category\/destacadas-2\/\" rel=\"category tag\">Destacadas 2<\/a>","tag_info":"Destacadas 2","comment_count":"0","amp_enabled":true,"_links":{"self":[{"href":"https:\/\/experienciadevida.com.ar\/portalurbano\/wp-json\/wp\/v2\/posts\/165790"}],"collection":[{"href":"https:\/\/experienciadevida.com.ar\/portalurbano\/wp-json\/wp\/v2\/posts"}],"about":[{"href":"https:\/\/experienciadevida.com.ar\/portalurbano\/wp-json\/wp\/v2\/types\/post"}],"author":[{"embeddable":true,"href":"https:\/\/experienciadevida.com.ar\/portalurbano\/wp-json\/wp\/v2\/users\/1"}],"replies":[{"embeddable":true,"href":"https:\/\/experienciadevida.com.ar\/portalurbano\/wp-json\/wp\/v2\/comments?post=165790"}],"version-history":[{"count":1,"href":"https:\/\/experienciadevida.com.ar\/portalurbano\/wp-json\/wp\/v2\/posts\/165790\/revisions"}],"predecessor-version":[{"id":165792,"href":"https:\/\/experienciadevida.com.ar\/portalurbano\/wp-json\/wp\/v2\/posts\/165790\/revisions\/165792"}],"wp:featuredmedia":[{"embeddable":true,"href":"https:\/\/experienciadevida.com.ar\/portalurbano\/wp-json\/wp\/v2\/media\/165791"}],"wp:attachment":[{"href":"https:\/\/experienciadevida.com.ar\/portalurbano\/wp-json\/wp\/v2\/media?parent=165790"}],"wp:term":[{"taxonomy":"category","embeddable":true,"href":"https:\/\/experienciadevida.com.ar\/portalurbano\/wp-json\/wp\/v2\/categories?post=165790"},{"taxonomy":"post_tag","embeddable":true,"href":"https:\/\/experienciadevida.com.ar\/portalurbano\/wp-json\/wp\/v2\/tags?post=165790"}],"curies":[{"name":"wp","href":"https:\/\/api.w.org\/{rel}","templated":true}]}}