{"id":165751,"date":"2022-04-14T21:08:03","date_gmt":"2022-04-15T00:08:03","guid":{"rendered":"https:\/\/experienciadevida.com.ar\/portalurbano\/?p=165751"},"modified":"2022-04-14T21:08:39","modified_gmt":"2022-04-15T00:08:39","slug":"entrega-de-jerarquias-al-personal-del-complejo-penitenciario-centro-zona-sur","status":"publish","type":"post","link":"https:\/\/experienciadevida.com.ar\/portalurbano\/entrega-de-jerarquias-al-personal-del-complejo-penitenciario-centro-zona-sur\/","title":{"rendered":"Entrega de Jerarqu\u00edas al personal del Complejo Penitenciario Centro Zona Sur"},"content":{"rendered":"<p>Entrega de Jerarqu\u00edas al personal del Complejo Penitenciario Centro Zona Sur, en la ma\u00f1ana del mi\u00e9rcoles se llev\u00f3 a cabo la ceremonia de entrega de jerarqu\u00edas a los agentes penitenciarios de las Unidades 2, 27, 38 y la sede descentralizada de la Direcci\u00f3n de Operaciones de Sierra Chica. Una impecable formaci\u00f3n de m\u00e1s de doscientos agentes en la plaza de armas de la m\u00edtica Unidad 2, fue el marco que recibi\u00f3 a familiares y amigos que llegaron para acompa\u00f1arlos.<\/p>\n<p><a href=\"https:\/\/experienciadevida.com.ar\/portalurbano\/entrega-de-jerarquias-al-personal-del-complejo-penitenciario-centro-zona-sur\/entrega-8\/\" rel=\"attachment wp-att-165753\"><img decoding=\"async\" class=\"alignnone size-large wp-image-165753\" src=\"https:\/\/experienciadevida.com.ar\/portalurbano\/wp-content\/uploads\/2022\/04\/Entrega-1024x451.jpeg\" alt=\"Entrega\" width=\"900\" height=\"396\" srcset=\"https:\/\/experienciadevida.com.ar\/portalurbano\/wp-content\/uploads\/2022\/04\/Entrega-1024x451.jpeg 1024w, https:\/\/experienciadevida.com.ar\/portalurbano\/wp-content\/uploads\/2022\/04\/Entrega-300x132.jpeg 300w, https:\/\/experienciadevida.com.ar\/portalurbano\/wp-content\/uploads\/2022\/04\/Entrega-768x339.jpeg 768w, https:\/\/experienciadevida.com.ar\/portalurbano\/wp-content\/uploads\/2022\/04\/Entrega-1536x677.jpeg 1536w, https:\/\/experienciadevida.com.ar\/portalurbano\/wp-content\/uploads\/2022\/04\/Entrega.jpeg 1599w\" sizes=\"(max-width: 900px) 100vw, 900px\" \/><\/a><\/p>\n<p>El acto estuvo presidido por el Subjefe del Servicio Penitenciario, Inspector General Juan Carlos Vaccaro, quien estuvo acompa\u00f1ado por el Secretario de Coordinaci\u00f3n del Complejo Centro Zona Sur, Inspector Mayor Abel Ram\u00edrez, los directivos de las Unidades 2, 17, 27 y 38, Inspectores Mayores Cristian Pastorino, Mariano Ciancio Gelosi, Rub\u00e9n Moyano y Guillermo Deandreis, el delegado municipal Emanuel Capurro, familiares y amigos de los ascendidos que fueron invitados especialmente a compartir un momento especial.<\/p>\n<p>Luego de entonar las estrofas del Himno Nacional Argentino, fue le\u00edda la Resoluci\u00f3n Ministerial por medio de la cual 368 agentes fueron ascendidos al grado inmediato superior. M\u00e1s tarde el capell\u00e1n Jos\u00e9 Quatrocchio bendijo los diplomas que recibieron los agentes y pidi\u00f3 a Nuestra Se\u00f1ora del Carmen que los gu\u00ede y acompa\u00f1e en la ardua tarea que enfrentan a diario.<\/p>\n<p>Entrega de Jerarqu\u00edas al personal del Complejo Penitenciario Centro Zona Sur, un momento por dem\u00e1s emotivo se vivi\u00f3 cuando fueron reconocidos los agentes que intervinieron en el tr\u00e1gico mot\u00edn de 1996. Miguel Alejandro Di N\u00e1poli, Daniel Echeverr\u00eda, Jos\u00e9 Luis Kr\u00f6hling, Jorge Moreira, Carlos Nespr\u00edas, Juan Oviedo y Manuel Pardo participaron de la ceremonia descubriendo junto a Vaccaro una placa y tambi\u00e9n fueron distinguidos con un diploma.<\/p>\n<p>\u201cEn reconocimiento y homenaje a los 13 agentes que hace 26 a\u00f1os, en el hecho m\u00e1s triste y cruento de la historia penitenciaria de nuestro pa\u00eds, permanecieron heroicamente como rehenes, demostrando vocaci\u00f3n de servicio,<br \/>\nentrega de vida, valent\u00eda, integridad y honor para con sus camaradas e instituci\u00f3n\u201d, reza la placa que fue colocada en el ingreso a la Direcci\u00f3n de la Unidad 2.<\/p>\n<p><a href=\"https:\/\/experienciadevida.com.ar\/portalurbano\/entrega-de-jerarquias-al-personal-del-complejo-penitenciario-centro-zona-sur\/de-19\/\" rel=\"attachment wp-att-165754\"><img decoding=\"async\" class=\"alignnone size-large wp-image-165754\" src=\"https:\/\/experienciadevida.com.ar\/portalurbano\/wp-content\/uploads\/2022\/04\/de-1024x768.jpeg\" alt=\"de\" width=\"900\" height=\"675\" srcset=\"https:\/\/experienciadevida.com.ar\/portalurbano\/wp-content\/uploads\/2022\/04\/de-1024x768.jpeg 1024w, https:\/\/experienciadevida.com.ar\/portalurbano\/wp-content\/uploads\/2022\/04\/de-300x225.jpeg 300w, https:\/\/experienciadevida.com.ar\/portalurbano\/wp-content\/uploads\/2022\/04\/de-768x576.jpeg 768w, https:\/\/experienciadevida.com.ar\/portalurbano\/wp-content\/uploads\/2022\/04\/de-1536x1152.jpeg 1536w, https:\/\/experienciadevida.com.ar\/portalurbano\/wp-content\/uploads\/2022\/04\/de.jpeg 1600w\" sizes=\"(max-width: 900px) 100vw, 900px\" \/><\/a><\/p>\n<p>Luego los agentes recibieron los diplomas de ascenso de manos de las m\u00e1ximas autoridades del SPB, quienes en cada ocasi\u00f3n agradecieron la val\u00eda del personal y su profesionalismo en la fuerza.<\/p>\n<p>Antes de finalizar el acto, Vaccaro se dirigi\u00f3 a los presentes para destacar la labor de los agentes. \u201cEs un orgullo, como co-conductor de esta instituci\u00f3n junto al Dr. Xavier Areses, cuando el Ministro de Justicia y Derechos Humanos, Dr. Julio Alak, los felicita por mi intermedio por el enorme trabajo que vienen realizando, la instituci\u00f3n se mantiene tranquila y en orden gracias a la labor de cada uno de ustedes desde cada espacio laboral que ocupan\u201d, resalt\u00f3 el funcionario.<\/p>\n<p>Tambi\u00e9n se refiri\u00f3 a los agentes que participaron del mot\u00edn como h\u00e9roes \u201ccon ustedes aprend\u00ed mucho de lo que me llev\u00f3 a estar en el lugar en el que hoy ocupo, en el turno, codo a codo, fuimos compa\u00f1eros y ustedes parte de<br \/>\nmi formaci\u00f3n. Esta es una caricia al alma, una forma de reconocerlos y poner en valor sus acciones\u201d.<\/p>\n<p>Una vez finalizado el acto formal, los agentes fueron invitados a compartir un \u00e1gape en el casino de oficiales de la Unidad 2.<\/p>\n<p>Fuente y Fotos: Servicio Penitenciario Bonaerense<\/p>\n<p><a href=\"https:\/\/experienciadevida.com.ar\/portalurbano\/entrega-de-jerarquias-al-personal-del-complejo-penitenciario-centro-zona-sur\/jerarquias\/\" rel=\"attachment wp-att-165755\"><img decoding=\"async\" class=\"alignnone size-large wp-image-165755\" src=\"https:\/\/experienciadevida.com.ar\/portalurbano\/wp-content\/uploads\/2022\/04\/jerarquias-1024x768.jpeg\" alt=\"jerarqu\u00edas \" width=\"900\" height=\"675\" srcset=\"https:\/\/experienciadevida.com.ar\/portalurbano\/wp-content\/uploads\/2022\/04\/jerarquias-1024x768.jpeg 1024w, https:\/\/experienciadevida.com.ar\/portalurbano\/wp-content\/uploads\/2022\/04\/jerarquias-300x225.jpeg 300w, https:\/\/experienciadevida.com.ar\/portalurbano\/wp-content\/uploads\/2022\/04\/jerarquias-768x576.jpeg 768w, https:\/\/experienciadevida.com.ar\/portalurbano\/wp-content\/uploads\/2022\/04\/jerarquias-1536x1152.jpeg 1536w, https:\/\/experienciadevida.com.ar\/portalurbano\/wp-content\/uploads\/2022\/04\/jerarquias.jpeg 1600w\" sizes=\"(max-width: 900px) 100vw, 900px\" \/><\/a><\/p>\n","protected":false},"excerpt":{"rendered":"<p>Entrega de Jerarqu\u00edas al personal del Complejo Penitenciario Centro Zona Sur, en la ma\u00f1ana del&#8230;<\/p>\n","protected":false},"author":1,"featured_media":165752,"comment_status":"closed","ping_status":"closed","sticky":false,"template":"","format":"standard","meta":{"content-type":""},"categories":[27],"tags":[],"nelio_content":{"isAutoShareEnabled":false,"autoShareEndMode":"default","automationSources":{"useContentSentences":true,"useSocialTemplates":true,"useCustomSentences":false,"customSentences":[]},"followers":[1],"suggestedReferences":[],"includedReferences":[],"efiUrl":"","efiAlt":"","highlights":[]},"yoast_head":"<!-- This site is optimized with the Yoast SEO plugin v20.7 - https:\/\/yoast.com\/wordpress\/plugins\/seo\/ -->\n<title>Entrega de jerarqu\u00edas al personal del Complejo penitenciario Centro<\/title>\n<meta name=\"description\" content=\"Entrega de Jerarqu\u00edas al personal del Complejo Penitenciario Centro Zona Sur, fue en la ma\u00f1ana del mi\u00e9rcoles la ceremonia\" \/>\n<meta name=\"robots\" content=\"index, follow, max-snippet:-1, max-image-preview:large, max-video-preview:-1\" \/>\n<link rel=\"canonical\" href=\"https:\/\/experienciadevida.com.ar\/portalurbano\/entrega-de-jerarquias-al-personal-del-complejo-penitenciario-centro-zona-sur\/\" \/>\n<meta property=\"og:locale\" content=\"es_ES\" \/>\n<meta property=\"og:type\" content=\"article\" \/>\n<meta property=\"og:title\" content=\"Entrega de jerarqu\u00edas al personal del Complejo penitenciario Centro\" \/>\n<meta property=\"og:description\" content=\"Entrega de Jerarqu\u00edas al personal del Complejo Penitenciario Centro Zona Sur, fue en la ma\u00f1ana del mi\u00e9rcoles la ceremonia\" \/>\n<meta property=\"og:url\" content=\"https:\/\/experienciadevida.com.ar\/portalurbano\/entrega-de-jerarquias-al-personal-del-complejo-penitenciario-centro-zona-sur\/\" \/>\n<meta property=\"article:publisher\" content=\"https:\/\/www.facebook.com\/Portal-Urbano-171542830093757\/\" \/>\n<meta property=\"article:published_time\" content=\"2022-04-15T00:08:03+00:00\" \/>\n<meta property=\"article:modified_time\" content=\"2022-04-15T00:08:39+00:00\" \/>\n<meta property=\"og:image\" content=\"https:\/\/experienciadevida.com.ar\/portalurbano\/wp-content\/uploads\/2022\/04\/Entrega-de-Jerarquias-al.jpeg\" \/>\n\t<meta property=\"og:image:width\" content=\"1600\" \/>\n\t<meta property=\"og:image:height\" content=\"1200\" \/>\n\t<meta property=\"og:image:type\" content=\"image\/jpeg\" \/>\n<meta name=\"author\" content=\"admpu17wp\" \/>\n<meta name=\"twitter:card\" content=\"summary_large_image\" \/>\n<meta name=\"twitter:creator\" content=\"@portalurbanook\" \/>\n<meta name=\"twitter:site\" content=\"@portalurbanook\" \/>\n<meta name=\"twitter:label1\" content=\"Escrito por\" \/>\n\t<meta name=\"twitter:data1\" content=\"admpu17wp\" \/>\n\t<meta name=\"twitter:label2\" content=\"Tiempo de lectura\" \/>\n\t<meta name=\"twitter:data2\" content=\"3 minutos\" \/>\n<script type=\"application\/ld+json\" class=\"yoast-schema-graph\">{\"@context\":\"https:\/\/schema.org\",\"@graph\":[{\"@type\":\"Article\",\"@id\":\"https:\/\/experienciadevida.com.ar\/portalurbano\/entrega-de-jerarquias-al-personal-del-complejo-penitenciario-centro-zona-sur\/#article\",\"isPartOf\":{\"@id\":\"https:\/\/experienciadevida.com.ar\/portalurbano\/entrega-de-jerarquias-al-personal-del-complejo-penitenciario-centro-zona-sur\/\"},\"author\":{\"name\":\"admpu17wp\",\"@id\":\"https:\/\/experienciadevida.com.ar\/portalurbano\/#\/schema\/person\/02dd326b1c4b056e9cc972486934a3a7\"},\"headline\":\"Entrega de Jerarqu\u00edas al personal del Complejo Penitenciario Centro Zona Sur\",\"datePublished\":\"2022-04-15T00:08:03+00:00\",\"dateModified\":\"2022-04-15T00:08:39+00:00\",\"mainEntityOfPage\":{\"@id\":\"https:\/\/experienciadevida.com.ar\/portalurbano\/entrega-de-jerarquias-al-personal-del-complejo-penitenciario-centro-zona-sur\/\"},\"wordCount\":587,\"publisher\":{\"@id\":\"https:\/\/experienciadevida.com.ar\/portalurbano\/#organization\"},\"articleSection\":[\"Ciudad\"],\"inLanguage\":\"es\"},{\"@type\":\"WebPage\",\"@id\":\"https:\/\/experienciadevida.com.ar\/portalurbano\/entrega-de-jerarquias-al-personal-del-complejo-penitenciario-centro-zona-sur\/\",\"url\":\"https:\/\/experienciadevida.com.ar\/portalurbano\/entrega-de-jerarquias-al-personal-del-complejo-penitenciario-centro-zona-sur\/\",\"name\":\"Entrega de jerarqu\u00edas al personal del Complejo penitenciario Centro\",\"isPartOf\":{\"@id\":\"https:\/\/experienciadevida.com.ar\/portalurbano\/#website\"},\"datePublished\":\"2022-04-15T00:08:03+00:00\",\"dateModified\":\"2022-04-15T00:08:39+00:00\",\"description\":\"Entrega de Jerarqu\u00edas al personal del Complejo Penitenciario Centro Zona Sur, fue en la ma\u00f1ana del mi\u00e9rcoles la ceremonia\",\"breadcrumb\":{\"@id\":\"https:\/\/experienciadevida.com.ar\/portalurbano\/entrega-de-jerarquias-al-personal-del-complejo-penitenciario-centro-zona-sur\/#breadcrumb\"},\"inLanguage\":\"es\",\"potentialAction\":[{\"@type\":\"ReadAction\",\"target\":[\"https:\/\/experienciadevida.com.ar\/portalurbano\/entrega-de-jerarquias-al-personal-del-complejo-penitenciario-centro-zona-sur\/\"]}]},{\"@type\":\"BreadcrumbList\",\"@id\":\"https:\/\/experienciadevida.com.ar\/portalurbano\/entrega-de-jerarquias-al-personal-del-complejo-penitenciario-centro-zona-sur\/#breadcrumb\",\"itemListElement\":[{\"@type\":\"ListItem\",\"position\":1,\"name\":\"Portada\",\"item\":\"https:\/\/experienciadevida.com.ar\/portalurbano\/\"},{\"@type\":\"ListItem\",\"position\":2,\"name\":\"Entrega de Jerarqu\u00edas al personal del Complejo Penitenciario Centro Zona Sur\"}]},{\"@type\":\"WebSite\",\"@id\":\"https:\/\/experienciadevida.com.ar\/portalurbano\/#website\",\"url\":\"https:\/\/experienciadevida.com.ar\/portalurbano\/\",\"name\":\"\",\"description\":\"\",\"publisher\":{\"@id\":\"https:\/\/experienciadevida.com.ar\/portalurbano\/#organization\"},\"potentialAction\":[{\"@type\":\"SearchAction\",\"target\":{\"@type\":\"EntryPoint\",\"urlTemplate\":\"https:\/\/experienciadevida.com.ar\/portalurbano\/?s={search_term_string}\"},\"query-input\":\"required name=search_term_string\"}],\"inLanguage\":\"es\"},{\"@type\":\"Organization\",\"@id\":\"https:\/\/experienciadevida.com.ar\/portalurbano\/#organization\",\"name\":\"Portal Urbano\",\"url\":\"https:\/\/experienciadevida.com.ar\/portalurbano\/\",\"logo\":{\"@type\":\"ImageObject\",\"inLanguage\":\"es\",\"@id\":\"https:\/\/experienciadevida.com.ar\/portalurbano\/#\/schema\/logo\/image\/\",\"url\":\"https:\/\/experienciadevida.com.ar\/portalurbano\/wp-content\/uploads\/2019\/09\/Logo-Original.png\",\"contentUrl\":\"https:\/\/experienciadevida.com.ar\/portalurbano\/wp-content\/uploads\/2019\/09\/Logo-Original.png\",\"width\":2236,\"height\":1216,\"caption\":\"Portal Urbano\"},\"image\":{\"@id\":\"https:\/\/experienciadevida.com.ar\/portalurbano\/#\/schema\/logo\/image\/\"},\"sameAs\":[\"https:\/\/www.facebook.com\/Portal-Urbano-171542830093757\/\",\"https:\/\/twitter.com\/portalurbanook\",\"https:\/\/www.instagram.com\/_portalurbano\/\",\"https:\/\/www.youtube.com\/channel\/UCXhagIfszH8KxFiOok79zbA?view_as=subscriber\"]},{\"@type\":\"Person\",\"@id\":\"https:\/\/experienciadevida.com.ar\/portalurbano\/#\/schema\/person\/02dd326b1c4b056e9cc972486934a3a7\",\"name\":\"admpu17wp\",\"image\":{\"@type\":\"ImageObject\",\"inLanguage\":\"es\",\"@id\":\"https:\/\/experienciadevida.com.ar\/portalurbano\/#\/schema\/person\/image\/\",\"url\":\"https:\/\/secure.gravatar.com\/avatar\/830d4c57adaae6630765e449a6908047?s=96&d=mm&r=g\",\"contentUrl\":\"https:\/\/secure.gravatar.com\/avatar\/830d4c57adaae6630765e449a6908047?s=96&d=mm&r=g\",\"caption\":\"admpu17wp\"}}]}<\/script>\n<!-- \/ Yoast SEO plugin. -->","yoast_head_json":{"title":"Entrega de jerarqu\u00edas al personal del Complejo penitenciario Centro","description":"Entrega de Jerarqu\u00edas al personal del Complejo Penitenciario Centro Zona Sur, fue en la ma\u00f1ana del mi\u00e9rcoles la ceremonia","robots":{"index":"index","follow":"follow","max-snippet":"max-snippet:-1","max-image-preview":"max-image-preview:large","max-video-preview":"max-video-preview:-1"},"canonical":"https:\/\/experienciadevida.com.ar\/portalurbano\/entrega-de-jerarquias-al-personal-del-complejo-penitenciario-centro-zona-sur\/","og_locale":"es_ES","og_type":"article","og_title":"Entrega de jerarqu\u00edas al personal del Complejo penitenciario Centro","og_description":"Entrega de Jerarqu\u00edas al personal del Complejo Penitenciario Centro Zona Sur, fue en la ma\u00f1ana del mi\u00e9rcoles la ceremonia","og_url":"https:\/\/experienciadevida.com.ar\/portalurbano\/entrega-de-jerarquias-al-personal-del-complejo-penitenciario-centro-zona-sur\/","article_publisher":"https:\/\/www.facebook.com\/Portal-Urbano-171542830093757\/","article_published_time":"2022-04-15T00:08:03+00:00","article_modified_time":"2022-04-15T00:08:39+00:00","og_image":[{"width":1600,"height":1200,"url":"https:\/\/experienciadevida.com.ar\/portalurbano\/wp-content\/uploads\/2022\/04\/Entrega-de-Jerarquias-al.jpeg","type":"image\/jpeg"}],"author":"admpu17wp","twitter_card":"summary_large_image","twitter_creator":"@portalurbanook","twitter_site":"@portalurbanook","twitter_misc":{"Escrito por":"admpu17wp","Tiempo de lectura":"3 minutos"},"schema":{"@context":"https:\/\/schema.org","@graph":[{"@type":"Article","@id":"https:\/\/experienciadevida.com.ar\/portalurbano\/entrega-de-jerarquias-al-personal-del-complejo-penitenciario-centro-zona-sur\/#article","isPartOf":{"@id":"https:\/\/experienciadevida.com.ar\/portalurbano\/entrega-de-jerarquias-al-personal-del-complejo-penitenciario-centro-zona-sur\/"},"author":{"name":"admpu17wp","@id":"https:\/\/experienciadevida.com.ar\/portalurbano\/#\/schema\/person\/02dd326b1c4b056e9cc972486934a3a7"},"headline":"Entrega de Jerarqu\u00edas al personal del Complejo Penitenciario Centro Zona Sur","datePublished":"2022-04-15T00:08:03+00:00","dateModified":"2022-04-15T00:08:39+00:00","mainEntityOfPage":{"@id":"https:\/\/experienciadevida.com.ar\/portalurbano\/entrega-de-jerarquias-al-personal-del-complejo-penitenciario-centro-zona-sur\/"},"wordCount":587,"publisher":{"@id":"https:\/\/experienciadevida.com.ar\/portalurbano\/#organization"},"articleSection":["Ciudad"],"inLanguage":"es"},{"@type":"WebPage","@id":"https:\/\/experienciadevida.com.ar\/portalurbano\/entrega-de-jerarquias-al-personal-del-complejo-penitenciario-centro-zona-sur\/","url":"https:\/\/experienciadevida.com.ar\/portalurbano\/entrega-de-jerarquias-al-personal-del-complejo-penitenciario-centro-zona-sur\/","name":"Entrega de jerarqu\u00edas al personal del Complejo penitenciario Centro","isPartOf":{"@id":"https:\/\/experienciadevida.com.ar\/portalurbano\/#website"},"datePublished":"2022-04-15T00:08:03+00:00","dateModified":"2022-04-15T00:08:39+00:00","description":"Entrega de Jerarqu\u00edas al personal del Complejo Penitenciario Centro Zona Sur, fue en la ma\u00f1ana del mi\u00e9rcoles la ceremonia","breadcrumb":{"@id":"https:\/\/experienciadevida.com.ar\/portalurbano\/entrega-de-jerarquias-al-personal-del-complejo-penitenciario-centro-zona-sur\/#breadcrumb"},"inLanguage":"es","potentialAction":[{"@type":"ReadAction","target":["https:\/\/experienciadevida.com.ar\/portalurbano\/entrega-de-jerarquias-al-personal-del-complejo-penitenciario-centro-zona-sur\/"]}]},{"@type":"BreadcrumbList","@id":"https:\/\/experienciadevida.com.ar\/portalurbano\/entrega-de-jerarquias-al-personal-del-complejo-penitenciario-centro-zona-sur\/#breadcrumb","itemListElement":[{"@type":"ListItem","position":1,"name":"Portada","item":"https:\/\/experienciadevida.com.ar\/portalurbano\/"},{"@type":"ListItem","position":2,"name":"Entrega de Jerarqu\u00edas al personal del Complejo Penitenciario Centro Zona Sur"}]},{"@type":"WebSite","@id":"https:\/\/experienciadevida.com.ar\/portalurbano\/#website","url":"https:\/\/experienciadevida.com.ar\/portalurbano\/","name":"","description":"","publisher":{"@id":"https:\/\/experienciadevida.com.ar\/portalurbano\/#organization"},"potentialAction":[{"@type":"SearchAction","target":{"@type":"EntryPoint","urlTemplate":"https:\/\/experienciadevida.com.ar\/portalurbano\/?s={search_term_string}"},"query-input":"required name=search_term_string"}],"inLanguage":"es"},{"@type":"Organization","@id":"https:\/\/experienciadevida.com.ar\/portalurbano\/#organization","name":"Portal Urbano","url":"https:\/\/experienciadevida.com.ar\/portalurbano\/","logo":{"@type":"ImageObject","inLanguage":"es","@id":"https:\/\/experienciadevida.com.ar\/portalurbano\/#\/schema\/logo\/image\/","url":"https:\/\/experienciadevida.com.ar\/portalurbano\/wp-content\/uploads\/2019\/09\/Logo-Original.png","contentUrl":"https:\/\/experienciadevida.com.ar\/portalurbano\/wp-content\/uploads\/2019\/09\/Logo-Original.png","width":2236,"height":1216,"caption":"Portal Urbano"},"image":{"@id":"https:\/\/experienciadevida.com.ar\/portalurbano\/#\/schema\/logo\/image\/"},"sameAs":["https:\/\/www.facebook.com\/Portal-Urbano-171542830093757\/","https:\/\/twitter.com\/portalurbanook","https:\/\/www.instagram.com\/_portalurbano\/","https:\/\/www.youtube.com\/channel\/UCXhagIfszH8KxFiOok79zbA?view_as=subscriber"]},{"@type":"Person","@id":"https:\/\/experienciadevida.com.ar\/portalurbano\/#\/schema\/person\/02dd326b1c4b056e9cc972486934a3a7","name":"admpu17wp","image":{"@type":"ImageObject","inLanguage":"es","@id":"https:\/\/experienciadevida.com.ar\/portalurbano\/#\/schema\/person\/image\/","url":"https:\/\/secure.gravatar.com\/avatar\/830d4c57adaae6630765e449a6908047?s=96&d=mm&r=g","contentUrl":"https:\/\/secure.gravatar.com\/avatar\/830d4c57adaae6630765e449a6908047?s=96&d=mm&r=g","caption":"admpu17wp"}}]}},"featured_image_urls":{"full":["https:\/\/experienciadevida.com.ar\/portalurbano\/wp-content\/uploads\/2022\/04\/Entrega-de-Jerarquias-al.jpeg",1600,1200,false],"thumbnail":["https:\/\/experienciadevida.com.ar\/portalurbano\/wp-content\/uploads\/2022\/04\/Entrega-de-Jerarquias-al-150x150.jpeg",150,150,true],"medium":["https:\/\/experienciadevida.com.ar\/portalurbano\/wp-content\/uploads\/2022\/04\/Entrega-de-Jerarquias-al-300x225.jpeg",300,225,true],"medium_large":["https:\/\/experienciadevida.com.ar\/portalurbano\/wp-content\/uploads\/2022\/04\/Entrega-de-Jerarquias-al-768x576.jpeg",640,480,true],"large":["https:\/\/experienciadevida.com.ar\/portalurbano\/wp-content\/uploads\/2022\/04\/Entrega-de-Jerarquias-al-1024x768.jpeg",640,480,true],"ug_big":["https:\/\/experienciadevida.com.ar\/portalurbano\/wp-content\/uploads\/2022\/04\/Entrega-de-Jerarquias-al-768x576.jpeg",768,576,true],"1536x1536":["https:\/\/experienciadevida.com.ar\/portalurbano\/wp-content\/uploads\/2022\/04\/Entrega-de-Jerarquias-al-1536x1152.jpeg",1536,1152,true],"2048x2048":["https:\/\/experienciadevida.com.ar\/portalurbano\/wp-content\/uploads\/2022\/04\/Entrega-de-Jerarquias-al.jpeg",1600,1200,false],"newsever-slider-full":["https:\/\/experienciadevida.com.ar\/portalurbano\/wp-content\/uploads\/2022\/04\/Entrega-de-Jerarquias-al.jpeg",1127,845,false],"newsever-featured":["https:\/\/experienciadevida.com.ar\/portalurbano\/wp-content\/uploads\/2022\/04\/Entrega-de-Jerarquias-al.jpeg",1024,768,false],"newsever-medium":["https:\/\/experienciadevida.com.ar\/portalurbano\/wp-content\/uploads\/2022\/04\/Entrega-de-Jerarquias-al.jpeg",633,475,false],"web-stories-poster-portrait":["https:\/\/experienciadevida.com.ar\/portalurbano\/wp-content\/uploads\/2022\/04\/Entrega-de-Jerarquias-al.jpeg",640,480,false],"web-stories-publisher-logo":["https:\/\/experienciadevida.com.ar\/portalurbano\/wp-content\/uploads\/2022\/04\/Entrega-de-Jerarquias-al.jpeg",96,72,false],"web-stories-thumbnail":["https:\/\/experienciadevida.com.ar\/portalurbano\/wp-content\/uploads\/2022\/04\/Entrega-de-Jerarquias-al.jpeg",150,113,false]},"author_info":{"display_name":"admpu17wp","author_link":"https:\/\/experienciadevida.com.ar\/portalurbano\/author\/admpu17wp\/"},"category_info":"<a href=\"https:\/\/experienciadevida.com.ar\/portalurbano\/category\/ciudad\/\" rel=\"category tag\">Ciudad<\/a>","tag_info":"Ciudad","comment_count":"0","amp_enabled":true,"_links":{"self":[{"href":"https:\/\/experienciadevida.com.ar\/portalurbano\/wp-json\/wp\/v2\/posts\/165751"}],"collection":[{"href":"https:\/\/experienciadevida.com.ar\/portalurbano\/wp-json\/wp\/v2\/posts"}],"about":[{"href":"https:\/\/experienciadevida.com.ar\/portalurbano\/wp-json\/wp\/v2\/types\/post"}],"author":[{"embeddable":true,"href":"https:\/\/experienciadevida.com.ar\/portalurbano\/wp-json\/wp\/v2\/users\/1"}],"replies":[{"embeddable":true,"href":"https:\/\/experienciadevida.com.ar\/portalurbano\/wp-json\/wp\/v2\/comments?post=165751"}],"version-history":[{"count":2,"href":"https:\/\/experienciadevida.com.ar\/portalurbano\/wp-json\/wp\/v2\/posts\/165751\/revisions"}],"predecessor-version":[{"id":165757,"href":"https:\/\/experienciadevida.com.ar\/portalurbano\/wp-json\/wp\/v2\/posts\/165751\/revisions\/165757"}],"wp:featuredmedia":[{"embeddable":true,"href":"https:\/\/experienciadevida.com.ar\/portalurbano\/wp-json\/wp\/v2\/media\/165752"}],"wp:attachment":[{"href":"https:\/\/experienciadevida.com.ar\/portalurbano\/wp-json\/wp\/v2\/media?parent=165751"}],"wp:term":[{"taxonomy":"category","embeddable":true,"href":"https:\/\/experienciadevida.com.ar\/portalurbano\/wp-json\/wp\/v2\/categories?post=165751"},{"taxonomy":"post_tag","embeddable":true,"href":"https:\/\/experienciadevida.com.ar\/portalurbano\/wp-json\/wp\/v2\/tags?post=165751"}],"curies":[{"name":"wp","href":"https:\/\/api.w.org\/{rel}","templated":true}]}}