{"id":165723,"date":"2022-04-14T10:49:46","date_gmt":"2022-04-14T13:49:46","guid":{"rendered":"https:\/\/experienciadevida.com.ar\/portalurbano\/?p=165723"},"modified":"2022-04-14T10:52:18","modified_gmt":"2022-04-14T13:52:18","slug":"consejeros-escolares-hicieron-entrega-de-una-bandera-nacional-al-cfi-n1","status":"publish","type":"post","link":"https:\/\/experienciadevida.com.ar\/portalurbano\/consejeros-escolares-hicieron-entrega-de-una-bandera-nacional-al-cfi-n1\/","title":{"rendered":"Consejeros Escolares hicieron entrega de una Bandera Nacional al CFI N\u00b01"},"content":{"rendered":"<p>Consejeros Escolares hicieron entrega de una Bandera Nacional al CFI N\u00b01, en el marco del cincuentenario del Centro de Formaci\u00f3n Integral N\u00ba1, Consejeros Escolares del Frente de Todos Olavarr\u00eda realizaron la entrega de la Bandera Nacional de Ceremonia y Asta.<\/p>\n<p><a href=\"https:\/\/experienciadevida.com.ar\/portalurbano\/consejeros-escolares-hicieron-entrega-de-una-bandera-nacional-al-cfi-n1\/consejeros-2\/\" rel=\"attachment wp-att-165726\"><img decoding=\"async\" class=\"alignnone size-full wp-image-165726\" src=\"https:\/\/experienciadevida.com.ar\/portalurbano\/wp-content\/uploads\/2022\/04\/Consejeros.jpg\" alt=\"Consejeros \" width=\"960\" height=\"711\" srcset=\"https:\/\/experienciadevida.com.ar\/portalurbano\/wp-content\/uploads\/2022\/04\/Consejeros.jpg 960w, https:\/\/experienciadevida.com.ar\/portalurbano\/wp-content\/uploads\/2022\/04\/Consejeros-300x222.jpg 300w, https:\/\/experienciadevida.com.ar\/portalurbano\/wp-content\/uploads\/2022\/04\/Consejeros-768x569.jpg 768w\" sizes=\"(max-width: 960px) 100vw, 960px\" \/><\/a><\/p>\n<p>La insignia Patria fue gestionada por el Diputado Provincial C\u00e9sar Valicenti luego de la solicitud realizada en una de las recorridas por la intuici\u00f3n d\u00edas atr\u00e1s.<\/p>\n<p>J\u00f3venes del CFI junto a sus docentes y autoridades recibieron el presente y anunciaron que est\u00e1n pr\u00f3ximos a celebrar sus 50 a\u00f1os el d\u00eda Martes 19 de abril a las 10hs.<\/p>\n<p>Cabe destacar que en febrero fue confirmado el nuevo edificio, el gobierno provincial har\u00e1 una inversi\u00f3n de m\u00e1s de 200 millones de pesos y estar\u00e1 ubicado en Vicente L\u00f3pez y P\u00e9rez Esquivel, en el barrio Los Robles.<\/p>\n<p><a href=\"https:\/\/experienciadevida.com.ar\/portalurbano\/consejeros-escolares-hicieron-entrega-de-una-bandera-nacional-al-cfi-n1\/escolares-2\/\" rel=\"attachment wp-att-165727\"><img decoding=\"async\" class=\"alignnone size-full wp-image-165727\" src=\"https:\/\/experienciadevida.com.ar\/portalurbano\/wp-content\/uploads\/2022\/04\/escolares.jpg\" alt=\"escolares \" width=\"960\" height=\"675\" srcset=\"https:\/\/experienciadevida.com.ar\/portalurbano\/wp-content\/uploads\/2022\/04\/escolares.jpg 960w, https:\/\/experienciadevida.com.ar\/portalurbano\/wp-content\/uploads\/2022\/04\/escolares-300x211.jpg 300w, https:\/\/experienciadevida.com.ar\/portalurbano\/wp-content\/uploads\/2022\/04\/escolares-768x540.jpg 768w\" sizes=\"(max-width: 960px) 100vw, 960px\" \/><\/a><\/p>\n","protected":false},"excerpt":{"rendered":"<p>Consejeros Escolares hicieron entrega de una Bandera Nacional al CFI N\u00b01, en el marco del&#8230;<\/p>\n","protected":false},"author":1,"featured_media":165724,"comment_status":"closed","ping_status":"closed","sticky":false,"template":"","format":"standard","meta":{"content-type":""},"categories":[27,64],"tags":[],"nelio_content":{"isAutoShareEnabled":false,"autoShareEndMode":"default","automationSources":{"useContentSentences":true,"useSocialTemplates":true,"useCustomSentences":false,"customSentences":[]},"followers":[1],"suggestedReferences":[],"includedReferences":[],"efiUrl":"","efiAlt":"","highlights":[]},"yoast_head":"<!-- This site is optimized with the Yoast SEO plugin v20.7 - https:\/\/yoast.com\/wordpress\/plugins\/seo\/ -->\n<title>Consejeros escolares hicieron entrega de una bandera nacional<\/title>\n<meta name=\"description\" content=\"Consejeros Escolares hicieron entrega de una Bandera Nacional al CFI N\u00b01, en el marco del cincuentenario del Centro de Formaci\u00f3n\" \/>\n<meta name=\"robots\" content=\"index, follow, max-snippet:-1, max-image-preview:large, max-video-preview:-1\" \/>\n<link rel=\"canonical\" href=\"https:\/\/experienciadevida.com.ar\/portalurbano\/consejeros-escolares-hicieron-entrega-de-una-bandera-nacional-al-cfi-n1\/\" \/>\n<meta property=\"og:locale\" content=\"es_ES\" \/>\n<meta property=\"og:type\" content=\"article\" \/>\n<meta property=\"og:title\" content=\"Consejeros escolares hicieron entrega de una bandera nacional\" \/>\n<meta property=\"og:description\" content=\"Consejeros Escolares hicieron entrega de una Bandera Nacional al CFI N\u00b01, en el marco del cincuentenario del Centro de Formaci\u00f3n\" \/>\n<meta property=\"og:url\" content=\"https:\/\/experienciadevida.com.ar\/portalurbano\/consejeros-escolares-hicieron-entrega-de-una-bandera-nacional-al-cfi-n1\/\" \/>\n<meta property=\"article:publisher\" content=\"https:\/\/www.facebook.com\/Portal-Urbano-171542830093757\/\" \/>\n<meta property=\"article:published_time\" content=\"2022-04-14T13:49:46+00:00\" \/>\n<meta property=\"article:modified_time\" content=\"2022-04-14T13:52:18+00:00\" \/>\n<meta property=\"og:image\" content=\"https:\/\/experienciadevida.com.ar\/portalurbano\/wp-content\/uploads\/2022\/04\/Consejeros-Escolares-hicieron-entrega.jpg\" \/>\n\t<meta property=\"og:image:width\" content=\"960\" \/>\n\t<meta property=\"og:image:height\" content=\"652\" \/>\n\t<meta property=\"og:image:type\" content=\"image\/jpeg\" \/>\n<meta name=\"author\" content=\"admpu17wp\" \/>\n<meta name=\"twitter:card\" content=\"summary_large_image\" \/>\n<meta name=\"twitter:creator\" content=\"@portalurbanook\" \/>\n<meta name=\"twitter:site\" content=\"@portalurbanook\" \/>\n<meta name=\"twitter:label1\" content=\"Escrito por\" \/>\n\t<meta name=\"twitter:data1\" content=\"admpu17wp\" \/>\n\t<meta name=\"twitter:label2\" content=\"Tiempo de lectura\" \/>\n\t<meta name=\"twitter:data2\" content=\"2 minutos\" \/>\n<script type=\"application\/ld+json\" class=\"yoast-schema-graph\">{\"@context\":\"https:\/\/schema.org\",\"@graph\":[{\"@type\":\"Article\",\"@id\":\"https:\/\/experienciadevida.com.ar\/portalurbano\/consejeros-escolares-hicieron-entrega-de-una-bandera-nacional-al-cfi-n1\/#article\",\"isPartOf\":{\"@id\":\"https:\/\/experienciadevida.com.ar\/portalurbano\/consejeros-escolares-hicieron-entrega-de-una-bandera-nacional-al-cfi-n1\/\"},\"author\":{\"name\":\"admpu17wp\",\"@id\":\"https:\/\/experienciadevida.com.ar\/portalurbano\/#\/schema\/person\/02dd326b1c4b056e9cc972486934a3a7\"},\"headline\":\"Consejeros Escolares hicieron entrega de una Bandera Nacional al CFI N\u00b01\",\"datePublished\":\"2022-04-14T13:49:46+00:00\",\"dateModified\":\"2022-04-14T13:52:18+00:00\",\"mainEntityOfPage\":{\"@id\":\"https:\/\/experienciadevida.com.ar\/portalurbano\/consejeros-escolares-hicieron-entrega-de-una-bandera-nacional-al-cfi-n1\/\"},\"wordCount\":157,\"publisher\":{\"@id\":\"https:\/\/experienciadevida.com.ar\/portalurbano\/#organization\"},\"articleSection\":[\"Ciudad\",\"Destacadas 2\"],\"inLanguage\":\"es\"},{\"@type\":\"WebPage\",\"@id\":\"https:\/\/experienciadevida.com.ar\/portalurbano\/consejeros-escolares-hicieron-entrega-de-una-bandera-nacional-al-cfi-n1\/\",\"url\":\"https:\/\/experienciadevida.com.ar\/portalurbano\/consejeros-escolares-hicieron-entrega-de-una-bandera-nacional-al-cfi-n1\/\",\"name\":\"Consejeros escolares hicieron entrega de una bandera nacional\",\"isPartOf\":{\"@id\":\"https:\/\/experienciadevida.com.ar\/portalurbano\/#website\"},\"datePublished\":\"2022-04-14T13:49:46+00:00\",\"dateModified\":\"2022-04-14T13:52:18+00:00\",\"description\":\"Consejeros Escolares hicieron entrega de una Bandera Nacional al CFI N\u00b01, en el marco del cincuentenario del Centro de Formaci\u00f3n\",\"breadcrumb\":{\"@id\":\"https:\/\/experienciadevida.com.ar\/portalurbano\/consejeros-escolares-hicieron-entrega-de-una-bandera-nacional-al-cfi-n1\/#breadcrumb\"},\"inLanguage\":\"es\",\"potentialAction\":[{\"@type\":\"ReadAction\",\"target\":[\"https:\/\/experienciadevida.com.ar\/portalurbano\/consejeros-escolares-hicieron-entrega-de-una-bandera-nacional-al-cfi-n1\/\"]}]},{\"@type\":\"BreadcrumbList\",\"@id\":\"https:\/\/experienciadevida.com.ar\/portalurbano\/consejeros-escolares-hicieron-entrega-de-una-bandera-nacional-al-cfi-n1\/#breadcrumb\",\"itemListElement\":[{\"@type\":\"ListItem\",\"position\":1,\"name\":\"Portada\",\"item\":\"https:\/\/experienciadevida.com.ar\/portalurbano\/\"},{\"@type\":\"ListItem\",\"position\":2,\"name\":\"Consejeros Escolares hicieron entrega de una Bandera Nacional al CFI N\u00b01\"}]},{\"@type\":\"WebSite\",\"@id\":\"https:\/\/experienciadevida.com.ar\/portalurbano\/#website\",\"url\":\"https:\/\/experienciadevida.com.ar\/portalurbano\/\",\"name\":\"\",\"description\":\"\",\"publisher\":{\"@id\":\"https:\/\/experienciadevida.com.ar\/portalurbano\/#organization\"},\"potentialAction\":[{\"@type\":\"SearchAction\",\"target\":{\"@type\":\"EntryPoint\",\"urlTemplate\":\"https:\/\/experienciadevida.com.ar\/portalurbano\/?s={search_term_string}\"},\"query-input\":\"required name=search_term_string\"}],\"inLanguage\":\"es\"},{\"@type\":\"Organization\",\"@id\":\"https:\/\/experienciadevida.com.ar\/portalurbano\/#organization\",\"name\":\"Portal Urbano\",\"url\":\"https:\/\/experienciadevida.com.ar\/portalurbano\/\",\"logo\":{\"@type\":\"ImageObject\",\"inLanguage\":\"es\",\"@id\":\"https:\/\/experienciadevida.com.ar\/portalurbano\/#\/schema\/logo\/image\/\",\"url\":\"https:\/\/experienciadevida.com.ar\/portalurbano\/wp-content\/uploads\/2019\/09\/Logo-Original.png\",\"contentUrl\":\"https:\/\/experienciadevida.com.ar\/portalurbano\/wp-content\/uploads\/2019\/09\/Logo-Original.png\",\"width\":2236,\"height\":1216,\"caption\":\"Portal Urbano\"},\"image\":{\"@id\":\"https:\/\/experienciadevida.com.ar\/portalurbano\/#\/schema\/logo\/image\/\"},\"sameAs\":[\"https:\/\/www.facebook.com\/Portal-Urbano-171542830093757\/\",\"https:\/\/twitter.com\/portalurbanook\",\"https:\/\/www.instagram.com\/_portalurbano\/\",\"https:\/\/www.youtube.com\/channel\/UCXhagIfszH8KxFiOok79zbA?view_as=subscriber\"]},{\"@type\":\"Person\",\"@id\":\"https:\/\/experienciadevida.com.ar\/portalurbano\/#\/schema\/person\/02dd326b1c4b056e9cc972486934a3a7\",\"name\":\"admpu17wp\",\"image\":{\"@type\":\"ImageObject\",\"inLanguage\":\"es\",\"@id\":\"https:\/\/experienciadevida.com.ar\/portalurbano\/#\/schema\/person\/image\/\",\"url\":\"https:\/\/secure.gravatar.com\/avatar\/830d4c57adaae6630765e449a6908047?s=96&d=mm&r=g\",\"contentUrl\":\"https:\/\/secure.gravatar.com\/avatar\/830d4c57adaae6630765e449a6908047?s=96&d=mm&r=g\",\"caption\":\"admpu17wp\"}}]}<\/script>\n<!-- \/ Yoast SEO plugin. -->","yoast_head_json":{"title":"Consejeros escolares hicieron entrega de una bandera nacional","description":"Consejeros Escolares hicieron entrega de una Bandera Nacional al CFI N\u00b01, en el marco del cincuentenario del Centro de Formaci\u00f3n","robots":{"index":"index","follow":"follow","max-snippet":"max-snippet:-1","max-image-preview":"max-image-preview:large","max-video-preview":"max-video-preview:-1"},"canonical":"https:\/\/experienciadevida.com.ar\/portalurbano\/consejeros-escolares-hicieron-entrega-de-una-bandera-nacional-al-cfi-n1\/","og_locale":"es_ES","og_type":"article","og_title":"Consejeros escolares hicieron entrega de una bandera nacional","og_description":"Consejeros Escolares hicieron entrega de una Bandera Nacional al CFI N\u00b01, en el marco del cincuentenario del Centro de Formaci\u00f3n","og_url":"https:\/\/experienciadevida.com.ar\/portalurbano\/consejeros-escolares-hicieron-entrega-de-una-bandera-nacional-al-cfi-n1\/","article_publisher":"https:\/\/www.facebook.com\/Portal-Urbano-171542830093757\/","article_published_time":"2022-04-14T13:49:46+00:00","article_modified_time":"2022-04-14T13:52:18+00:00","og_image":[{"width":960,"height":652,"url":"https:\/\/experienciadevida.com.ar\/portalurbano\/wp-content\/uploads\/2022\/04\/Consejeros-Escolares-hicieron-entrega.jpg","type":"image\/jpeg"}],"author":"admpu17wp","twitter_card":"summary_large_image","twitter_creator":"@portalurbanook","twitter_site":"@portalurbanook","twitter_misc":{"Escrito por":"admpu17wp","Tiempo de lectura":"2 minutos"},"schema":{"@context":"https:\/\/schema.org","@graph":[{"@type":"Article","@id":"https:\/\/experienciadevida.com.ar\/portalurbano\/consejeros-escolares-hicieron-entrega-de-una-bandera-nacional-al-cfi-n1\/#article","isPartOf":{"@id":"https:\/\/experienciadevida.com.ar\/portalurbano\/consejeros-escolares-hicieron-entrega-de-una-bandera-nacional-al-cfi-n1\/"},"author":{"name":"admpu17wp","@id":"https:\/\/experienciadevida.com.ar\/portalurbano\/#\/schema\/person\/02dd326b1c4b056e9cc972486934a3a7"},"headline":"Consejeros Escolares hicieron entrega de una Bandera Nacional al CFI N\u00b01","datePublished":"2022-04-14T13:49:46+00:00","dateModified":"2022-04-14T13:52:18+00:00","mainEntityOfPage":{"@id":"https:\/\/experienciadevida.com.ar\/portalurbano\/consejeros-escolares-hicieron-entrega-de-una-bandera-nacional-al-cfi-n1\/"},"wordCount":157,"publisher":{"@id":"https:\/\/experienciadevida.com.ar\/portalurbano\/#organization"},"articleSection":["Ciudad","Destacadas 2"],"inLanguage":"es"},{"@type":"WebPage","@id":"https:\/\/experienciadevida.com.ar\/portalurbano\/consejeros-escolares-hicieron-entrega-de-una-bandera-nacional-al-cfi-n1\/","url":"https:\/\/experienciadevida.com.ar\/portalurbano\/consejeros-escolares-hicieron-entrega-de-una-bandera-nacional-al-cfi-n1\/","name":"Consejeros escolares hicieron entrega de una bandera nacional","isPartOf":{"@id":"https:\/\/experienciadevida.com.ar\/portalurbano\/#website"},"datePublished":"2022-04-14T13:49:46+00:00","dateModified":"2022-04-14T13:52:18+00:00","description":"Consejeros Escolares hicieron entrega de una Bandera Nacional al CFI N\u00b01, en el marco del cincuentenario del Centro de Formaci\u00f3n","breadcrumb":{"@id":"https:\/\/experienciadevida.com.ar\/portalurbano\/consejeros-escolares-hicieron-entrega-de-una-bandera-nacional-al-cfi-n1\/#breadcrumb"},"inLanguage":"es","potentialAction":[{"@type":"ReadAction","target":["https:\/\/experienciadevida.com.ar\/portalurbano\/consejeros-escolares-hicieron-entrega-de-una-bandera-nacional-al-cfi-n1\/"]}]},{"@type":"BreadcrumbList","@id":"https:\/\/experienciadevida.com.ar\/portalurbano\/consejeros-escolares-hicieron-entrega-de-una-bandera-nacional-al-cfi-n1\/#breadcrumb","itemListElement":[{"@type":"ListItem","position":1,"name":"Portada","item":"https:\/\/experienciadevida.com.ar\/portalurbano\/"},{"@type":"ListItem","position":2,"name":"Consejeros Escolares hicieron entrega de una Bandera Nacional al CFI N\u00b01"}]},{"@type":"WebSite","@id":"https:\/\/experienciadevida.com.ar\/portalurbano\/#website","url":"https:\/\/experienciadevida.com.ar\/portalurbano\/","name":"","description":"","publisher":{"@id":"https:\/\/experienciadevida.com.ar\/portalurbano\/#organization"},"potentialAction":[{"@type":"SearchAction","target":{"@type":"EntryPoint","urlTemplate":"https:\/\/experienciadevida.com.ar\/portalurbano\/?s={search_term_string}"},"query-input":"required name=search_term_string"}],"inLanguage":"es"},{"@type":"Organization","@id":"https:\/\/experienciadevida.com.ar\/portalurbano\/#organization","name":"Portal Urbano","url":"https:\/\/experienciadevida.com.ar\/portalurbano\/","logo":{"@type":"ImageObject","inLanguage":"es","@id":"https:\/\/experienciadevida.com.ar\/portalurbano\/#\/schema\/logo\/image\/","url":"https:\/\/experienciadevida.com.ar\/portalurbano\/wp-content\/uploads\/2019\/09\/Logo-Original.png","contentUrl":"https:\/\/experienciadevida.com.ar\/portalurbano\/wp-content\/uploads\/2019\/09\/Logo-Original.png","width":2236,"height":1216,"caption":"Portal Urbano"},"image":{"@id":"https:\/\/experienciadevida.com.ar\/portalurbano\/#\/schema\/logo\/image\/"},"sameAs":["https:\/\/www.facebook.com\/Portal-Urbano-171542830093757\/","https:\/\/twitter.com\/portalurbanook","https:\/\/www.instagram.com\/_portalurbano\/","https:\/\/www.youtube.com\/channel\/UCXhagIfszH8KxFiOok79zbA?view_as=subscriber"]},{"@type":"Person","@id":"https:\/\/experienciadevida.com.ar\/portalurbano\/#\/schema\/person\/02dd326b1c4b056e9cc972486934a3a7","name":"admpu17wp","image":{"@type":"ImageObject","inLanguage":"es","@id":"https:\/\/experienciadevida.com.ar\/portalurbano\/#\/schema\/person\/image\/","url":"https:\/\/secure.gravatar.com\/avatar\/830d4c57adaae6630765e449a6908047?s=96&d=mm&r=g","contentUrl":"https:\/\/secure.gravatar.com\/avatar\/830d4c57adaae6630765e449a6908047?s=96&d=mm&r=g","caption":"admpu17wp"}}]}},"featured_image_urls":{"full":["https:\/\/experienciadevida.com.ar\/portalurbano\/wp-content\/uploads\/2022\/04\/Consejeros-Escolares-hicieron-entrega.jpg",960,652,false],"thumbnail":["https:\/\/experienciadevida.com.ar\/portalurbano\/wp-content\/uploads\/2022\/04\/Consejeros-Escolares-hicieron-entrega-150x150.jpg",150,150,true],"medium":["https:\/\/experienciadevida.com.ar\/portalurbano\/wp-content\/uploads\/2022\/04\/Consejeros-Escolares-hicieron-entrega-300x204.jpg",300,204,true],"medium_large":["https:\/\/experienciadevida.com.ar\/portalurbano\/wp-content\/uploads\/2022\/04\/Consejeros-Escolares-hicieron-entrega-768x522.jpg",640,435,true],"large":["https:\/\/experienciadevida.com.ar\/portalurbano\/wp-content\/uploads\/2022\/04\/Consejeros-Escolares-hicieron-entrega.jpg",640,435,false],"ug_big":["https:\/\/experienciadevida.com.ar\/portalurbano\/wp-content\/uploads\/2022\/04\/Consejeros-Escolares-hicieron-entrega-768x522.jpg",768,522,true],"1536x1536":["https:\/\/experienciadevida.com.ar\/portalurbano\/wp-content\/uploads\/2022\/04\/Consejeros-Escolares-hicieron-entrega.jpg",960,652,false],"2048x2048":["https:\/\/experienciadevida.com.ar\/portalurbano\/wp-content\/uploads\/2022\/04\/Consejeros-Escolares-hicieron-entrega.jpg",960,652,false],"newsever-slider-full":["https:\/\/experienciadevida.com.ar\/portalurbano\/wp-content\/uploads\/2022\/04\/Consejeros-Escolares-hicieron-entrega.jpg",960,652,false],"newsever-featured":["https:\/\/experienciadevida.com.ar\/portalurbano\/wp-content\/uploads\/2022\/04\/Consejeros-Escolares-hicieron-entrega.jpg",960,652,false],"newsever-medium":["https:\/\/experienciadevida.com.ar\/portalurbano\/wp-content\/uploads\/2022\/04\/Consejeros-Escolares-hicieron-entrega.jpg",699,475,false],"web-stories-poster-portrait":["https:\/\/experienciadevida.com.ar\/portalurbano\/wp-content\/uploads\/2022\/04\/Consejeros-Escolares-hicieron-entrega.jpg",640,435,false],"web-stories-publisher-logo":["https:\/\/experienciadevida.com.ar\/portalurbano\/wp-content\/uploads\/2022\/04\/Consejeros-Escolares-hicieron-entrega.jpg",96,65,false],"web-stories-thumbnail":["https:\/\/experienciadevida.com.ar\/portalurbano\/wp-content\/uploads\/2022\/04\/Consejeros-Escolares-hicieron-entrega.jpg",150,102,false]},"author_info":{"display_name":"admpu17wp","author_link":"https:\/\/experienciadevida.com.ar\/portalurbano\/author\/admpu17wp\/"},"category_info":"<a href=\"https:\/\/experienciadevida.com.ar\/portalurbano\/category\/ciudad\/\" rel=\"category tag\">Ciudad<\/a> <a href=\"https:\/\/experienciadevida.com.ar\/portalurbano\/category\/destacadas-2\/\" rel=\"category tag\">Destacadas 2<\/a>","tag_info":"Destacadas 2","comment_count":"0","amp_enabled":true,"_links":{"self":[{"href":"https:\/\/experienciadevida.com.ar\/portalurbano\/wp-json\/wp\/v2\/posts\/165723"}],"collection":[{"href":"https:\/\/experienciadevida.com.ar\/portalurbano\/wp-json\/wp\/v2\/posts"}],"about":[{"href":"https:\/\/experienciadevida.com.ar\/portalurbano\/wp-json\/wp\/v2\/types\/post"}],"author":[{"embeddable":true,"href":"https:\/\/experienciadevida.com.ar\/portalurbano\/wp-json\/wp\/v2\/users\/1"}],"replies":[{"embeddable":true,"href":"https:\/\/experienciadevida.com.ar\/portalurbano\/wp-json\/wp\/v2\/comments?post=165723"}],"version-history":[{"count":3,"href":"https:\/\/experienciadevida.com.ar\/portalurbano\/wp-json\/wp\/v2\/posts\/165723\/revisions"}],"predecessor-version":[{"id":165729,"href":"https:\/\/experienciadevida.com.ar\/portalurbano\/wp-json\/wp\/v2\/posts\/165723\/revisions\/165729"}],"wp:featuredmedia":[{"embeddable":true,"href":"https:\/\/experienciadevida.com.ar\/portalurbano\/wp-json\/wp\/v2\/media\/165724"}],"wp:attachment":[{"href":"https:\/\/experienciadevida.com.ar\/portalurbano\/wp-json\/wp\/v2\/media?parent=165723"}],"wp:term":[{"taxonomy":"category","embeddable":true,"href":"https:\/\/experienciadevida.com.ar\/portalurbano\/wp-json\/wp\/v2\/categories?post=165723"},{"taxonomy":"post_tag","embeddable":true,"href":"https:\/\/experienciadevida.com.ar\/portalurbano\/wp-json\/wp\/v2\/tags?post=165723"}],"curies":[{"name":"wp","href":"https:\/\/api.w.org\/{rel}","templated":true}]}}