{"id":165703,"date":"2022-04-13T21:19:04","date_gmt":"2022-04-14T00:19:04","guid":{"rendered":"https:\/\/experienciadevida.com.ar\/portalurbano\/?p=165703"},"modified":"2022-04-13T21:19:42","modified_gmt":"2022-04-14T00:19:42","slug":"del-laboratorio-a-la-calle-que-dicen-y-como-piensan-quienes-hacen-ciencia-en-la-fio","status":"publish","type":"post","link":"https:\/\/experienciadevida.com.ar\/portalurbano\/del-laboratorio-a-la-calle-que-dicen-y-como-piensan-quienes-hacen-ciencia-en-la-fio\/","title":{"rendered":"Del laboratorio a la calle: qu\u00e9 dicen y c\u00f3mo piensan quienes hacen ciencia en la FIO"},"content":{"rendered":"<p>Del laboratorio a la calle: qu\u00e9 dicen y c\u00f3mo piensan quienes hacen ciencia en la <a href=\"https:\/\/www.facebook.com\/FIO.UNICEN\">FIO<\/a>, voces que suman, en el d\u00eda del investigador cient\u00edfico.<\/p>\n<p>Apuestan a la salud mediante el cannabis, promueven el desarrollo sostenible de la mano de las energ\u00edas renovables o idean f\u00e1bricas inteligentes que se adapten mejor a los procesos de producci\u00f3n. Estos son apenas algunos de los ejemplos que ubican a la Facultad de Ingenier\u00eda como una usina de conocimientos sustentada en la investigaci\u00f3n cient\u00edfica.<\/p>\n<p>\u201cLos pa\u00edses ricos lo son porque dedican dinero al desarrollo cient\u00edfico-tecnol\u00f3gico, y los pa\u00edses pobres lo siguen siendo porque no lo hacen. La ciencia no es cara, cara es la ignorancia&#8221;. La advertencia corresponde al doctor Bernardo Houssay, fundador del CONICET y primer argentino y latinoamericano en obtener el Premio Nobel de Medicina. En su homenaje este 10 de abril se celebra el d\u00eda del investigador cient\u00edfico y con ese objetivo sumamos voces propias desde la Facultad de Ingenier\u00eda de Olavarr\u00eda. Franco Chiodi, Luisa Franchi y Cristian Ruschetti son profesionales de la Ingenier\u00eda y docentes que hacen ciencia, investigan y se especializan en diferentes \u00e1mbitos del conocimiento en busca de una mejor calidad de vida. Su hacer, los desaf\u00edos, la realidad del pa\u00eds y el lugar de la FIO en el mapa regional y mundial son parte de este an\u00e1lisis.<\/p>\n<p>Del laboratorio a la calle, el ingeniero Franco Chiodi es magister en Econom\u00eda y Desarrollo industrial con especializaci\u00f3n en pymes, adem\u00e1s de dar clases en la facultad. Acaba de asumir como director de Departamento de Ingenier\u00eda Industrial de la FIO y la curiosidad es su principal motivaci\u00f3n.<\/p>\n<p>Adem\u00e1s de \u201cgenerar nuevo conocimiento\u201d, la investigaci\u00f3n es \u201c\u00fatil y necesaria en varios hitos de la humanidad como ocurri\u00f3 con la pandemia, con el desarrollo de vacunas, medicamentos e infraestructura m\u00e9dica\u201d, apunta. Reconoce que los problemas de la sociedad moderna son \u201ccomplejos y multicausales, atravesados por un mundo globalizado\u201d por lo que \u201cla investigaci\u00f3n debe ser multi e interdisciplinaria\u201d.<\/p>\n<p>En realidad, \u201cla investigaci\u00f3n es una herramienta indispensable para el crecimiento y desarrollo de una sociedad\u201d y debe estar \u201caplicada a la resoluci\u00f3n de problem\u00e1ticas reales o al desarrollo de nuevos procesos que permitan mejorar diferentes aspectos de la vida humana y el desarrollo sustentable\u201d, expone Cristian Ruschetti, ingeniero electromec\u00e1nico y doctor en Ciencias de la Ingenier\u00eda, especializado en el diagn\u00f3stico y dise\u00f1o de m\u00e1quinas el\u00e9ctricas con proyectos de aplicaci\u00f3n en energ\u00edas renovables.<\/p>\n<p>Para Luisa Franchi, ingeniera en Alimentos, doctora en Ciencias Exactas e integrante del proyecto Universidad y Cannabis de la FIO, el objetivo final es \u201cla adquisici\u00f3n de nuevos conocimientos\u201d y que \u201clo primordial para el investigador ser\u00eda trabajar una tem\u00e1tica que adem\u00e1s de servir para resolver problem\u00e1ticas de la sociedad, llegue a satisfacer sus intereses\u201d.<\/p>\n<p>M\u00e1s all\u00e1 del laboratorio:<\/p>\n<p>Del laboratorio a la calle, Franco Chiodi ha promovido acciones de internacionalizaci\u00f3n desde 2012, especialmente con Brasil, participando en proyectos de investigaci\u00f3n conjuntas; y tambi\u00e9n acredita acciones de movilidad con Francia. Desde ese lugar, destaca que \u201cla ingenier\u00eda genera nuevos conocimientos y desarrolla tecnolog\u00edas que aportan soluciones a las necesidades actuales y futuras de la sociedad\u201d.<\/p>\n<p>Su \u00e1mbito de referencia es la Ingenier\u00eda Industrial, con un \u201camplio desarrollo por delante por ser una disciplina joven. Es aplicada y muy enfocada al mundo de las organizaciones. Las empresas son nuestros \u00b4laboratorios\u00b4 donde realizamos estudios, an\u00e1lisis y propuestas para la mejora, y atraviesan cambios vertiginosos que los desarrollos cient\u00edfico-tecnol\u00f3gicos deber\u00edan acompa\u00f1ar\u201d, describe con entusiasmo.<\/p>\n<p>\u201cEl rumbo de la investigaci\u00f3n cambi\u00f3. Contamos con conocimientos de investigaci\u00f3n b\u00e1sica y ahora debemos aplicarlos para resolver nuevas problem\u00e1ticas, como el deterioro ambiental debido al aumento de la poblaci\u00f3n que genera numerosa cantidad de residuos\u201d, observa Luisa Franchi.<\/p>\n<p>La profesional pone la luz de alerta sobre \u201clas empresas que antes ten\u00edan como meta principal la generaci\u00f3n en cantidad y masa de productos, que iba de la mano una sociedad con consumos desmedidos. Eso gener\u00f3 que hoy el ambiente est\u00e9 amenazado. Ahora, la investigaci\u00f3n va m\u00e1s a la aplicaci\u00f3n de los conocimientos para lograr que sane nuestro planeta\u201d, enfatiza la investigadora de la FIO, que tiene la lupa el cultivo del cannabis con fines medicinales.<\/p>\n<p>Investigar en Argentina<\/p>\n<p>\u201cLa investigaci\u00f3n busca la mejora permanente y continua de todos aquellos procesos asociados al conocimiento del sistema productivo, social, econ\u00f3mico o ambiental\u201d, afirma Cristian Ruschetti mientras rescata el desarrollo cient\u00edfico argentino.<\/p>\n<p>\u201cEl nivel de las investigaciones es muy importante, con los m\u00e1s altos niveles de excelencia\u201d impulsado \u201cprincipalmente en las universidades y centros de investigaci\u00f3n, buscando generar y transferir el conocimiento desarrollado al sector socio-productivo\u201d, valora el referente de Ingenier\u00eda que ha dise\u00f1ado modelos para diferentes empresas, entre ellos un generador para una turbina e\u00f3lica de 30kW que construy\u00f3 INVAP Ingenier\u00eda S.A.<\/p>\n<p>Habla de su experiencia pero tambi\u00e9n de colegas que \u201cgeneran desarrollos y transfieren conocimientos que son adoptados no solo en nuestro pa\u00eds sino en el mundo entero y se vinculan con la publicaci\u00f3n de resultados en \u00e1mbitos especializados a nivel nacional e internacional\u201d.<\/p>\n<p>Del laboratorio a la calle, el Ing. Chiodi admite que hay campos de investigaci\u00f3n con \u201cest\u00e1ndares de nivel mundial por trayectoria, continuidad hist\u00f3rica y por un sistema acad\u00e9mico, cient\u00edfico y tecnol\u00f3gico que ha dado soporte\u201d pero que \u201cson pocos\u201d. De hecho, ve con preocupaci\u00f3n c\u00f3mo \u201cmuchos otros est\u00e1n rezagados por falta de recursos, especialmente humanos, y probablemente por falta de pol\u00edticas p\u00fablicas de largo plazo\u201d.<\/p>\n<p>Imposible obviar la crisis en la que est\u00e1 inmerso el pa\u00eds pero, aun as\u00ed, para la Ing. Franchi \u201ces importante el rol que se est\u00e1 tomando y espero que siga con este rumbo de apostar a la investigaci\u00f3n para tener nuevos desarrollos tecnol\u00f3gicas y as\u00ed salir delante\u201d. A su entender, \u201cla principal tem\u00e1tica a la que se apuesta a nivel nacional son las energ\u00edas renovables\u201d que est\u00e1 en sinton\u00eda con \u201cla estrategia de cuidados frente al cambio clim\u00e1tico. Los dirigentes est\u00e1n apostando a eso y el panorama es alentador\u201d.<\/p>\n<p>Con el sello de la FIO:<\/p>\n<p>\u201cEn 52 a\u00f1os de trayectoria, la FIO supo consolidarse como referente en \u00e1reas de investigaci\u00f3n y desarrollo y la Ingenier\u00eda Industrial es un campo de incipiente desarrollo cient\u00edfico, con un futuro pr\u00f3spero\u201d, plantea el Franco Chiodi. Mira a su alrededor y pone como ejemplo \u201cla Industria 4.0 como nuevo paradigma social y tecnol\u00f3gico, con la Log\u00edstica como herramienta para el desarrollo de competitividad de empresas y cadenas de valor\u201d. En todos los casos, el enfoque se caracteriza por \u201cuna mirada hol\u00edstica, integral, que lo enriquece y nuestra investigaci\u00f3n trabaja con mecanismos de colaboraci\u00f3n y cooperaci\u00f3n local y con estrecho v\u00ednculo con universidades brasile\u00f1as y vinculaciones con Estados Unidos, en breve\u201d, a\u00f1ade.<\/p>\n<p>Luisa Franchi aclara que hay \u201cmuchos grupos de investigaci\u00f3n que van de la mano de tem\u00e1ticas estrat\u00e9gicas\u201d que trabajan con el apoyo de la gesti\u00f3n. Lo grafica desde su propio campo de acci\u00f3n: \u201cLa FIO nos ha apoyado con el proyecto de cannabis, que al principio generaba muchas controversias y ahora est\u00e1 en un buen rumbo\u201d.<\/p>\n<p>En t\u00e9rminos de desarrollo cient\u00edfico e investigaci\u00f3n, hay un posicionamiento estrat\u00e9gico de la instituci\u00f3n donde se \u201cforman recursos humanos capacitados y preocupados en generar desarrollos con impacto en el sector productivo, con conciencia socio-ambiental\u201d, analiza el Ing. Ruschetti. Con el valor agregado de \u201cbuscar que los j\u00f3venes docentes e investigadores tengan una formaci\u00f3n de posgrado, con lazos a otros centros de investigaci\u00f3n nacional e internacional de renombre, enriqueciendo a\u00fan m\u00e1s la calidad de los investigadores\u201d, remarca.<\/p>\n<p>\u00bfQu\u00e9 rol estrat\u00e9gico tienen los investigadores cient\u00edficos hoy? \u201cEs un rol muy importante\u201d porque \u201cpodemos conseguir conocimientos en medio de una sociedad muy deteriorada y lo ideal es que tengan una aplicaci\u00f3n, que sirvan para mejorar la calidad de vida de las personas\u201d, comenta Luisa Franchi.<\/p>\n<p>Mientras espera los resultados de su \u00faltima cosecha, califica como \u201csumamente gratificante\u201d porque \u201cnos hemos formado en universidades p\u00fablicas y es nuestra manera de devolver en acciones que le sirvan a las personas\u201d.<\/p>\n<p>Art\u00edfices del cambio:<\/p>\n<p>Franco Chiodi apela a los n\u00fameros. \u201cLos pa\u00edses m\u00e1s avanzados invierten en I+D como un significativo porcentaje del PBI\u201d y \u201clos cient\u00edficos tenemos que revalorar nuestro rol en la sociedad. Nuestro deber no solo es abordar los problemas contempor\u00e1neos sino adelantarnos al futuro\u201d.<\/p>\n<p>Es que \u201cmuchas veces nuestro trabajo no llega directamente a la sociedad o al entorno socio-productivo y ese es un desaf\u00edo que debemos abordar para que nuestra investigaci\u00f3n sea el motor que impulse al desarrollo de nuestro pa\u00eds\u201d, explica el Ing. Ruschetti. \u201cTenemos que ser los actores principales del cambio, buscando ser art\u00edfices de la transformaci\u00f3n hacia una sociedad consciente del uso de los recursos del planeta y la sustentabilidad de la vida humana\u201d, expresa sobre el final, mientras sale al reencuentro de esas m\u00e1quinas el\u00e9ctricas ideadas como parte del cambio por venir.<\/p>\n","protected":false},"excerpt":{"rendered":"<p>Del laboratorio a la calle: qu\u00e9 dicen y c\u00f3mo piensan quienes hacen ciencia en la&#8230;<\/p>\n","protected":false},"author":1,"featured_media":165704,"comment_status":"closed","ping_status":"closed","sticky":false,"template":"","format":"standard","meta":{"content-type":""},"categories":[31],"tags":[],"nelio_content":{"isAutoShareEnabled":false,"autoShareEndMode":"default","automationSources":{"useContentSentences":true,"useSocialTemplates":true,"useCustomSentences":false,"customSentences":[]},"followers":[1],"suggestedReferences":[],"includedReferences":[],"efiUrl":"","efiAlt":"","highlights":[]},"yoast_head":"<!-- This site is optimized with the Yoast SEO plugin v20.7 - https:\/\/yoast.com\/wordpress\/plugins\/seo\/ -->\n<title>Del laboratorio a la calle: Qu\u00e9 dicen y c\u00f3mo piensan<\/title>\n<meta name=\"description\" content=\"Del laboratorio a la calle: qu\u00e9 dicen y c\u00f3mo piensan quienes hacen ciencia en la FIO, voces que suman, en el d\u00eda del investigador cient\u00edfico.\" \/>\n<meta name=\"robots\" content=\"index, follow, max-snippet:-1, max-image-preview:large, max-video-preview:-1\" \/>\n<link rel=\"canonical\" href=\"https:\/\/experienciadevida.com.ar\/portalurbano\/del-laboratorio-a-la-calle-que-dicen-y-como-piensan-quienes-hacen-ciencia-en-la-fio\/\" \/>\n<meta property=\"og:locale\" content=\"es_ES\" \/>\n<meta property=\"og:type\" content=\"article\" \/>\n<meta property=\"og:title\" content=\"Del laboratorio a la calle: Qu\u00e9 dicen y c\u00f3mo piensan\" \/>\n<meta property=\"og:description\" content=\"Del laboratorio a la calle: qu\u00e9 dicen y c\u00f3mo piensan quienes hacen ciencia en la FIO, voces que suman, en el d\u00eda del investigador cient\u00edfico.\" \/>\n<meta property=\"og:url\" content=\"https:\/\/experienciadevida.com.ar\/portalurbano\/del-laboratorio-a-la-calle-que-dicen-y-como-piensan-quienes-hacen-ciencia-en-la-fio\/\" \/>\n<meta property=\"article:publisher\" content=\"https:\/\/www.facebook.com\/Portal-Urbano-171542830093757\/\" \/>\n<meta property=\"article:published_time\" content=\"2022-04-14T00:19:04+00:00\" \/>\n<meta property=\"article:modified_time\" content=\"2022-04-14T00:19:42+00:00\" \/>\n<meta property=\"og:image\" content=\"https:\/\/experienciadevida.com.ar\/portalurbano\/wp-content\/uploads\/2022\/04\/Del-laboratorio-a-la.jpg\" \/>\n\t<meta property=\"og:image:width\" content=\"1000\" \/>\n\t<meta property=\"og:image:height\" content=\"531\" \/>\n\t<meta property=\"og:image:type\" content=\"image\/jpeg\" \/>\n<meta name=\"author\" content=\"admpu17wp\" \/>\n<meta name=\"twitter:card\" content=\"summary_large_image\" \/>\n<meta name=\"twitter:creator\" content=\"@portalurbanook\" \/>\n<meta name=\"twitter:site\" content=\"@portalurbanook\" \/>\n<meta name=\"twitter:label1\" content=\"Escrito por\" \/>\n\t<meta name=\"twitter:data1\" content=\"admpu17wp\" \/>\n\t<meta name=\"twitter:label2\" content=\"Tiempo de lectura\" \/>\n\t<meta name=\"twitter:data2\" content=\"7 minutos\" \/>\n<script type=\"application\/ld+json\" class=\"yoast-schema-graph\">{\"@context\":\"https:\/\/schema.org\",\"@graph\":[{\"@type\":\"Article\",\"@id\":\"https:\/\/experienciadevida.com.ar\/portalurbano\/del-laboratorio-a-la-calle-que-dicen-y-como-piensan-quienes-hacen-ciencia-en-la-fio\/#article\",\"isPartOf\":{\"@id\":\"https:\/\/experienciadevida.com.ar\/portalurbano\/del-laboratorio-a-la-calle-que-dicen-y-como-piensan-quienes-hacen-ciencia-en-la-fio\/\"},\"author\":{\"name\":\"admpu17wp\",\"@id\":\"https:\/\/experienciadevida.com.ar\/portalurbano\/#\/schema\/person\/02dd326b1c4b056e9cc972486934a3a7\"},\"headline\":\"Del laboratorio a la calle: qu\u00e9 dicen y c\u00f3mo piensan quienes hacen ciencia en la FIO\",\"datePublished\":\"2022-04-14T00:19:04+00:00\",\"dateModified\":\"2022-04-14T00:19:42+00:00\",\"mainEntityOfPage\":{\"@id\":\"https:\/\/experienciadevida.com.ar\/portalurbano\/del-laboratorio-a-la-calle-que-dicen-y-como-piensan-quienes-hacen-ciencia-en-la-fio\/\"},\"wordCount\":1604,\"publisher\":{\"@id\":\"https:\/\/experienciadevida.com.ar\/portalurbano\/#organization\"},\"articleSection\":[\"Educaci\u00f3n\"],\"inLanguage\":\"es\"},{\"@type\":\"WebPage\",\"@id\":\"https:\/\/experienciadevida.com.ar\/portalurbano\/del-laboratorio-a-la-calle-que-dicen-y-como-piensan-quienes-hacen-ciencia-en-la-fio\/\",\"url\":\"https:\/\/experienciadevida.com.ar\/portalurbano\/del-laboratorio-a-la-calle-que-dicen-y-como-piensan-quienes-hacen-ciencia-en-la-fio\/\",\"name\":\"Del laboratorio a la calle: Qu\u00e9 dicen y c\u00f3mo piensan\",\"isPartOf\":{\"@id\":\"https:\/\/experienciadevida.com.ar\/portalurbano\/#website\"},\"datePublished\":\"2022-04-14T00:19:04+00:00\",\"dateModified\":\"2022-04-14T00:19:42+00:00\",\"description\":\"Del laboratorio a la calle: qu\u00e9 dicen y c\u00f3mo piensan quienes hacen ciencia en la FIO, voces que suman, en el d\u00eda del investigador cient\u00edfico.\",\"breadcrumb\":{\"@id\":\"https:\/\/experienciadevida.com.ar\/portalurbano\/del-laboratorio-a-la-calle-que-dicen-y-como-piensan-quienes-hacen-ciencia-en-la-fio\/#breadcrumb\"},\"inLanguage\":\"es\",\"potentialAction\":[{\"@type\":\"ReadAction\",\"target\":[\"https:\/\/experienciadevida.com.ar\/portalurbano\/del-laboratorio-a-la-calle-que-dicen-y-como-piensan-quienes-hacen-ciencia-en-la-fio\/\"]}]},{\"@type\":\"BreadcrumbList\",\"@id\":\"https:\/\/experienciadevida.com.ar\/portalurbano\/del-laboratorio-a-la-calle-que-dicen-y-como-piensan-quienes-hacen-ciencia-en-la-fio\/#breadcrumb\",\"itemListElement\":[{\"@type\":\"ListItem\",\"position\":1,\"name\":\"Portada\",\"item\":\"https:\/\/experienciadevida.com.ar\/portalurbano\/\"},{\"@type\":\"ListItem\",\"position\":2,\"name\":\"Del laboratorio a la calle: qu\u00e9 dicen y c\u00f3mo piensan quienes hacen ciencia en la FIO\"}]},{\"@type\":\"WebSite\",\"@id\":\"https:\/\/experienciadevida.com.ar\/portalurbano\/#website\",\"url\":\"https:\/\/experienciadevida.com.ar\/portalurbano\/\",\"name\":\"\",\"description\":\"\",\"publisher\":{\"@id\":\"https:\/\/experienciadevida.com.ar\/portalurbano\/#organization\"},\"potentialAction\":[{\"@type\":\"SearchAction\",\"target\":{\"@type\":\"EntryPoint\",\"urlTemplate\":\"https:\/\/experienciadevida.com.ar\/portalurbano\/?s={search_term_string}\"},\"query-input\":\"required name=search_term_string\"}],\"inLanguage\":\"es\"},{\"@type\":\"Organization\",\"@id\":\"https:\/\/experienciadevida.com.ar\/portalurbano\/#organization\",\"name\":\"Portal Urbano\",\"url\":\"https:\/\/experienciadevida.com.ar\/portalurbano\/\",\"logo\":{\"@type\":\"ImageObject\",\"inLanguage\":\"es\",\"@id\":\"https:\/\/experienciadevida.com.ar\/portalurbano\/#\/schema\/logo\/image\/\",\"url\":\"https:\/\/experienciadevida.com.ar\/portalurbano\/wp-content\/uploads\/2019\/09\/Logo-Original.png\",\"contentUrl\":\"https:\/\/experienciadevida.com.ar\/portalurbano\/wp-content\/uploads\/2019\/09\/Logo-Original.png\",\"width\":2236,\"height\":1216,\"caption\":\"Portal Urbano\"},\"image\":{\"@id\":\"https:\/\/experienciadevida.com.ar\/portalurbano\/#\/schema\/logo\/image\/\"},\"sameAs\":[\"https:\/\/www.facebook.com\/Portal-Urbano-171542830093757\/\",\"https:\/\/twitter.com\/portalurbanook\",\"https:\/\/www.instagram.com\/_portalurbano\/\",\"https:\/\/www.youtube.com\/channel\/UCXhagIfszH8KxFiOok79zbA?view_as=subscriber\"]},{\"@type\":\"Person\",\"@id\":\"https:\/\/experienciadevida.com.ar\/portalurbano\/#\/schema\/person\/02dd326b1c4b056e9cc972486934a3a7\",\"name\":\"admpu17wp\",\"image\":{\"@type\":\"ImageObject\",\"inLanguage\":\"es\",\"@id\":\"https:\/\/experienciadevida.com.ar\/portalurbano\/#\/schema\/person\/image\/\",\"url\":\"https:\/\/secure.gravatar.com\/avatar\/830d4c57adaae6630765e449a6908047?s=96&d=mm&r=g\",\"contentUrl\":\"https:\/\/secure.gravatar.com\/avatar\/830d4c57adaae6630765e449a6908047?s=96&d=mm&r=g\",\"caption\":\"admpu17wp\"}}]}<\/script>\n<!-- \/ Yoast SEO plugin. -->","yoast_head_json":{"title":"Del laboratorio a la calle: Qu\u00e9 dicen y c\u00f3mo piensan","description":"Del laboratorio a la calle: qu\u00e9 dicen y c\u00f3mo piensan quienes hacen ciencia en la FIO, voces que suman, en el d\u00eda del investigador cient\u00edfico.","robots":{"index":"index","follow":"follow","max-snippet":"max-snippet:-1","max-image-preview":"max-image-preview:large","max-video-preview":"max-video-preview:-1"},"canonical":"https:\/\/experienciadevida.com.ar\/portalurbano\/del-laboratorio-a-la-calle-que-dicen-y-como-piensan-quienes-hacen-ciencia-en-la-fio\/","og_locale":"es_ES","og_type":"article","og_title":"Del laboratorio a la calle: Qu\u00e9 dicen y c\u00f3mo piensan","og_description":"Del laboratorio a la calle: qu\u00e9 dicen y c\u00f3mo piensan quienes hacen ciencia en la FIO, voces que suman, en el d\u00eda del investigador cient\u00edfico.","og_url":"https:\/\/experienciadevida.com.ar\/portalurbano\/del-laboratorio-a-la-calle-que-dicen-y-como-piensan-quienes-hacen-ciencia-en-la-fio\/","article_publisher":"https:\/\/www.facebook.com\/Portal-Urbano-171542830093757\/","article_published_time":"2022-04-14T00:19:04+00:00","article_modified_time":"2022-04-14T00:19:42+00:00","og_image":[{"width":1000,"height":531,"url":"https:\/\/experienciadevida.com.ar\/portalurbano\/wp-content\/uploads\/2022\/04\/Del-laboratorio-a-la.jpg","type":"image\/jpeg"}],"author":"admpu17wp","twitter_card":"summary_large_image","twitter_creator":"@portalurbanook","twitter_site":"@portalurbanook","twitter_misc":{"Escrito por":"admpu17wp","Tiempo de lectura":"7 minutos"},"schema":{"@context":"https:\/\/schema.org","@graph":[{"@type":"Article","@id":"https:\/\/experienciadevida.com.ar\/portalurbano\/del-laboratorio-a-la-calle-que-dicen-y-como-piensan-quienes-hacen-ciencia-en-la-fio\/#article","isPartOf":{"@id":"https:\/\/experienciadevida.com.ar\/portalurbano\/del-laboratorio-a-la-calle-que-dicen-y-como-piensan-quienes-hacen-ciencia-en-la-fio\/"},"author":{"name":"admpu17wp","@id":"https:\/\/experienciadevida.com.ar\/portalurbano\/#\/schema\/person\/02dd326b1c4b056e9cc972486934a3a7"},"headline":"Del laboratorio a la calle: qu\u00e9 dicen y c\u00f3mo piensan quienes hacen ciencia en la FIO","datePublished":"2022-04-14T00:19:04+00:00","dateModified":"2022-04-14T00:19:42+00:00","mainEntityOfPage":{"@id":"https:\/\/experienciadevida.com.ar\/portalurbano\/del-laboratorio-a-la-calle-que-dicen-y-como-piensan-quienes-hacen-ciencia-en-la-fio\/"},"wordCount":1604,"publisher":{"@id":"https:\/\/experienciadevida.com.ar\/portalurbano\/#organization"},"articleSection":["Educaci\u00f3n"],"inLanguage":"es"},{"@type":"WebPage","@id":"https:\/\/experienciadevida.com.ar\/portalurbano\/del-laboratorio-a-la-calle-que-dicen-y-como-piensan-quienes-hacen-ciencia-en-la-fio\/","url":"https:\/\/experienciadevida.com.ar\/portalurbano\/del-laboratorio-a-la-calle-que-dicen-y-como-piensan-quienes-hacen-ciencia-en-la-fio\/","name":"Del laboratorio a la calle: Qu\u00e9 dicen y c\u00f3mo piensan","isPartOf":{"@id":"https:\/\/experienciadevida.com.ar\/portalurbano\/#website"},"datePublished":"2022-04-14T00:19:04+00:00","dateModified":"2022-04-14T00:19:42+00:00","description":"Del laboratorio a la calle: qu\u00e9 dicen y c\u00f3mo piensan quienes hacen ciencia en la FIO, voces que suman, en el d\u00eda del investigador cient\u00edfico.","breadcrumb":{"@id":"https:\/\/experienciadevida.com.ar\/portalurbano\/del-laboratorio-a-la-calle-que-dicen-y-como-piensan-quienes-hacen-ciencia-en-la-fio\/#breadcrumb"},"inLanguage":"es","potentialAction":[{"@type":"ReadAction","target":["https:\/\/experienciadevida.com.ar\/portalurbano\/del-laboratorio-a-la-calle-que-dicen-y-como-piensan-quienes-hacen-ciencia-en-la-fio\/"]}]},{"@type":"BreadcrumbList","@id":"https:\/\/experienciadevida.com.ar\/portalurbano\/del-laboratorio-a-la-calle-que-dicen-y-como-piensan-quienes-hacen-ciencia-en-la-fio\/#breadcrumb","itemListElement":[{"@type":"ListItem","position":1,"name":"Portada","item":"https:\/\/experienciadevida.com.ar\/portalurbano\/"},{"@type":"ListItem","position":2,"name":"Del laboratorio a la calle: qu\u00e9 dicen y c\u00f3mo piensan quienes hacen ciencia en la FIO"}]},{"@type":"WebSite","@id":"https:\/\/experienciadevida.com.ar\/portalurbano\/#website","url":"https:\/\/experienciadevida.com.ar\/portalurbano\/","name":"","description":"","publisher":{"@id":"https:\/\/experienciadevida.com.ar\/portalurbano\/#organization"},"potentialAction":[{"@type":"SearchAction","target":{"@type":"EntryPoint","urlTemplate":"https:\/\/experienciadevida.com.ar\/portalurbano\/?s={search_term_string}"},"query-input":"required name=search_term_string"}],"inLanguage":"es"},{"@type":"Organization","@id":"https:\/\/experienciadevida.com.ar\/portalurbano\/#organization","name":"Portal Urbano","url":"https:\/\/experienciadevida.com.ar\/portalurbano\/","logo":{"@type":"ImageObject","inLanguage":"es","@id":"https:\/\/experienciadevida.com.ar\/portalurbano\/#\/schema\/logo\/image\/","url":"https:\/\/experienciadevida.com.ar\/portalurbano\/wp-content\/uploads\/2019\/09\/Logo-Original.png","contentUrl":"https:\/\/experienciadevida.com.ar\/portalurbano\/wp-content\/uploads\/2019\/09\/Logo-Original.png","width":2236,"height":1216,"caption":"Portal Urbano"},"image":{"@id":"https:\/\/experienciadevida.com.ar\/portalurbano\/#\/schema\/logo\/image\/"},"sameAs":["https:\/\/www.facebook.com\/Portal-Urbano-171542830093757\/","https:\/\/twitter.com\/portalurbanook","https:\/\/www.instagram.com\/_portalurbano\/","https:\/\/www.youtube.com\/channel\/UCXhagIfszH8KxFiOok79zbA?view_as=subscriber"]},{"@type":"Person","@id":"https:\/\/experienciadevida.com.ar\/portalurbano\/#\/schema\/person\/02dd326b1c4b056e9cc972486934a3a7","name":"admpu17wp","image":{"@type":"ImageObject","inLanguage":"es","@id":"https:\/\/experienciadevida.com.ar\/portalurbano\/#\/schema\/person\/image\/","url":"https:\/\/secure.gravatar.com\/avatar\/830d4c57adaae6630765e449a6908047?s=96&d=mm&r=g","contentUrl":"https:\/\/secure.gravatar.com\/avatar\/830d4c57adaae6630765e449a6908047?s=96&d=mm&r=g","caption":"admpu17wp"}}]}},"featured_image_urls":{"full":["https:\/\/experienciadevida.com.ar\/portalurbano\/wp-content\/uploads\/2022\/04\/Del-laboratorio-a-la.jpg",1000,531,false],"thumbnail":["https:\/\/experienciadevida.com.ar\/portalurbano\/wp-content\/uploads\/2022\/04\/Del-laboratorio-a-la-150x150.jpg",150,150,true],"medium":["https:\/\/experienciadevida.com.ar\/portalurbano\/wp-content\/uploads\/2022\/04\/Del-laboratorio-a-la-300x159.jpg",300,159,true],"medium_large":["https:\/\/experienciadevida.com.ar\/portalurbano\/wp-content\/uploads\/2022\/04\/Del-laboratorio-a-la-768x408.jpg",640,340,true],"large":["https:\/\/experienciadevida.com.ar\/portalurbano\/wp-content\/uploads\/2022\/04\/Del-laboratorio-a-la.jpg",640,340,false],"ug_big":["https:\/\/experienciadevida.com.ar\/portalurbano\/wp-content\/uploads\/2022\/04\/Del-laboratorio-a-la-768x408.jpg",768,408,true],"1536x1536":["https:\/\/experienciadevida.com.ar\/portalurbano\/wp-content\/uploads\/2022\/04\/Del-laboratorio-a-la.jpg",1000,531,false],"2048x2048":["https:\/\/experienciadevida.com.ar\/portalurbano\/wp-content\/uploads\/2022\/04\/Del-laboratorio-a-la.jpg",1000,531,false],"newsever-slider-full":["https:\/\/experienciadevida.com.ar\/portalurbano\/wp-content\/uploads\/2022\/04\/Del-laboratorio-a-la.jpg",1000,531,false],"newsever-featured":["https:\/\/experienciadevida.com.ar\/portalurbano\/wp-content\/uploads\/2022\/04\/Del-laboratorio-a-la.jpg",1000,531,false],"newsever-medium":["https:\/\/experienciadevida.com.ar\/portalurbano\/wp-content\/uploads\/2022\/04\/Del-laboratorio-a-la.jpg",720,382,false],"web-stories-poster-portrait":["https:\/\/experienciadevida.com.ar\/portalurbano\/wp-content\/uploads\/2022\/04\/Del-laboratorio-a-la.jpg",640,340,false],"web-stories-publisher-logo":["https:\/\/experienciadevida.com.ar\/portalurbano\/wp-content\/uploads\/2022\/04\/Del-laboratorio-a-la.jpg",96,51,false],"web-stories-thumbnail":["https:\/\/experienciadevida.com.ar\/portalurbano\/wp-content\/uploads\/2022\/04\/Del-laboratorio-a-la.jpg",150,80,false]},"author_info":{"display_name":"admpu17wp","author_link":"https:\/\/experienciadevida.com.ar\/portalurbano\/author\/admpu17wp\/"},"category_info":"<a href=\"https:\/\/experienciadevida.com.ar\/portalurbano\/category\/ciudad\/educacion\/\" rel=\"category tag\">Educaci\u00f3n<\/a>","tag_info":"Educaci\u00f3n","comment_count":"0","amp_enabled":true,"_links":{"self":[{"href":"https:\/\/experienciadevida.com.ar\/portalurbano\/wp-json\/wp\/v2\/posts\/165703"}],"collection":[{"href":"https:\/\/experienciadevida.com.ar\/portalurbano\/wp-json\/wp\/v2\/posts"}],"about":[{"href":"https:\/\/experienciadevida.com.ar\/portalurbano\/wp-json\/wp\/v2\/types\/post"}],"author":[{"embeddable":true,"href":"https:\/\/experienciadevida.com.ar\/portalurbano\/wp-json\/wp\/v2\/users\/1"}],"replies":[{"embeddable":true,"href":"https:\/\/experienciadevida.com.ar\/portalurbano\/wp-json\/wp\/v2\/comments?post=165703"}],"version-history":[{"count":1,"href":"https:\/\/experienciadevida.com.ar\/portalurbano\/wp-json\/wp\/v2\/posts\/165703\/revisions"}],"predecessor-version":[{"id":165705,"href":"https:\/\/experienciadevida.com.ar\/portalurbano\/wp-json\/wp\/v2\/posts\/165703\/revisions\/165705"}],"wp:featuredmedia":[{"embeddable":true,"href":"https:\/\/experienciadevida.com.ar\/portalurbano\/wp-json\/wp\/v2\/media\/165704"}],"wp:attachment":[{"href":"https:\/\/experienciadevida.com.ar\/portalurbano\/wp-json\/wp\/v2\/media?parent=165703"}],"wp:term":[{"taxonomy":"category","embeddable":true,"href":"https:\/\/experienciadevida.com.ar\/portalurbano\/wp-json\/wp\/v2\/categories?post=165703"},{"taxonomy":"post_tag","embeddable":true,"href":"https:\/\/experienciadevida.com.ar\/portalurbano\/wp-json\/wp\/v2\/tags?post=165703"}],"curies":[{"name":"wp","href":"https:\/\/api.w.org\/{rel}","templated":true}]}}