{"id":165667,"date":"2022-04-13T18:09:13","date_gmt":"2022-04-13T21:09:13","guid":{"rendered":"https:\/\/experienciadevida.com.ar\/portalurbano\/?p=165667"},"modified":"2022-04-13T18:12:20","modified_gmt":"2022-04-13T21:12:20","slug":"programa-tuvi-fuertes-criticas-a-la-empresa-a-cargo-de-la-construccion-de-las-20-viviendas","status":"publish","type":"post","link":"https:\/\/experienciadevida.com.ar\/portalurbano\/programa-tuvi-fuertes-criticas-a-la-empresa-a-cargo-de-la-construccion-de-las-20-viviendas\/","title":{"rendered":"Programa TUVI: fuertes cr\u00edticas a  la empresa a cargo de la construcci\u00f3n de las 20 viviendas"},"content":{"rendered":"<p>Programa TUVI: fuertes cr\u00edticas a la empresa a cargo de la construcci\u00f3n de las 20 viviendas, seg\u00fan consta en el expediente la empresa fue creada un mes antes de que se publique la licitaci\u00f3n. Desde el Frente de Todos expresaron preocupaci\u00f3n por los pocos antecedentes de la constructora.<\/p>\n<p>Desde el bloque de Concejales del Frente de Todos presentaron un proyecto expresando el rechazo y repudio a los ataques que sufrieron dos periodistas del Canal Verte cuando fueron a recorrer las viviendas TUVi. La discusi\u00f3n del proyecto, que fue aprobado por unanimidad, deriv\u00f3 en fuertes cr\u00edticas a la empresa a cargo y al municipio.<\/p>\n<p>El concejal <a href=\"https:\/\/www.facebook.com\/profile.php?id=100042370038174\">Maximiliano Wesner<\/a> fue el encargado que explicar el proyecto y expresarse sobre los hechos de violencia que sufrieron dos trabajadores durante una cobertura period\u00edstica: \u201cLamentamos esos hechos que fueron p\u00fablicos a trav\u00e9s de un video. Lamentamos que sucedan en Olavarr\u00eda, m\u00e1s cuando se trata de una obra p\u00fablica que tiene por objetivo el sue\u00f1o de la casa propia\u201d.<\/p>\n<p>\u201c\u00bfPor qu\u00e9 tanta violencia y esas palabras tan enf\u00e1ticas si fueron a trabajar, a ver como estaba la obra, como ven\u00eda avanzando? Desde el municipio hab\u00edan comunicado durante esos d\u00edas la extensi\u00f3n de 60 d\u00edas m\u00e1s para su terminaci\u00f3n\u201d, agreg\u00f3 el concejal.<\/p>\n<p>A continuaci\u00f3n con respecto al expediente de la licitaci\u00f3n Wesner destac\u00f3: \u201cLa verdad mientras miraba el expedientes ataba los hechos de violencia a lo que estaba viendo, nos llamaron la atenci\u00f3n algunas cuestiones, los fundamentos de la extensi\u00f3n del plazo de obra eran muy livianitos. Lo que m\u00e1s me llamo la atenci\u00f3n fueron los antecedentes de la persona que est\u00e1 a cargo de la obra, menciona como referencia que realiz\u00f3 una pileta de hormig\u00f3n, una p\u00e9rgola y una casa en un country. Estamos entregando el sue\u00f1o de la casa propia de 20 familias a una persona que se dio de alta como empleador en julio del 2021, casi el mismo mes que se iniciaba la licitaci\u00f3n\u201d.<\/p>\n<p><a href=\"https:\/\/experienciadevida.com.ar\/portalurbano\/programa-tuvi-fuertes-criticas-a-la-empresa-a-cargo-de-la-construccion-de-las-20-viviendas\/programa-2\/\" rel=\"attachment wp-att-165671\"><img decoding=\"async\" class=\"alignnone size-full wp-image-165671\" src=\"https:\/\/experienciadevida.com.ar\/portalurbano\/wp-content\/uploads\/2022\/04\/Programa.jpg\" alt=\"Programa \" width=\"960\" height=\"586\" srcset=\"https:\/\/experienciadevida.com.ar\/portalurbano\/wp-content\/uploads\/2022\/04\/Programa.jpg 960w, https:\/\/experienciadevida.com.ar\/portalurbano\/wp-content\/uploads\/2022\/04\/Programa-300x183.jpg 300w, https:\/\/experienciadevida.com.ar\/portalurbano\/wp-content\/uploads\/2022\/04\/Programa-768x469.jpg 768w\" sizes=\"(max-width: 960px) 100vw, 960px\" \/><\/a><\/p>\n<p>Asimismo enfatiz\u00f3: \u201cHoy hay una reuni\u00f3n con adjudicatarios, m\u00ednimamente que les expliquen algunas de estas cosas que figuran en el expediente. Nosotros solicitamos que el Secretario de Mantenimiento y Obras P\u00fablicas Julio Ferraro venga al Concejo para que exponga sobre algunas cuestiones porque la verdad yo no le encuentro respuestas. Miro el contrato, miro el expediente y todav\u00eda no hay ninguna multa. Uno empieza a entender porque no quieren que se controle y cuando va un medio de comunicaci\u00f3n lo sacan a las patadas\u201d.<\/p>\n<p>Por su parte el concejal Juan S\u00e1nchez remat\u00f3: \u201cEs un hecho grav\u00edsimo, se ataca a un medio por preguntar, los amenazan y se lo intenta desacreditar. A ese mecanismo grav\u00edsimo festejo que lo estemos repudiando todos y es lo que se vota, pero de ninguna manera podemos escindir lo que votamos de los hechos que generan esto. Lamentamos que Ferraro no venga al HCD, desestimando al Concejo, excluy\u00e9ndonos de la posibilidad de preguntar. Us\u00f3 a los medios para decir que hab\u00eda recibido a los adjudicatarios y minti\u00f3, ahora si los recibi\u00f3, la otra vez era mentira\u201d.<\/p>\n","protected":false},"excerpt":{"rendered":"<p>Programa TUVI: fuertes cr\u00edticas a la empresa a cargo de la construcci\u00f3n de las 20&#8230;<\/p>\n","protected":false},"author":1,"featured_media":165668,"comment_status":"closed","ping_status":"closed","sticky":false,"template":"","format":"standard","meta":{"content-type":""},"categories":[27,64],"tags":[],"nelio_content":{"isAutoShareEnabled":false,"autoShareEndMode":"default","automationSources":{"useContentSentences":true,"useSocialTemplates":true,"useCustomSentences":false,"customSentences":[]},"followers":[1],"suggestedReferences":[],"includedReferences":[],"efiUrl":"","efiAlt":"","highlights":[]},"yoast_head":"<!-- This site is optimized with the Yoast SEO plugin v20.7 - https:\/\/yoast.com\/wordpress\/plugins\/seo\/ -->\n<title>Programa TUVI: Fuertes cr\u00edticas a la empresa a cargo<\/title>\n<meta name=\"description\" content=\"Programa TUVI: fuertes cr\u00edticas a la empresa a cargo de la construcci\u00f3n de las 20 viviendas, seg\u00fan consta en el expediente\" \/>\n<meta name=\"robots\" content=\"index, follow, max-snippet:-1, max-image-preview:large, max-video-preview:-1\" \/>\n<link rel=\"canonical\" href=\"https:\/\/experienciadevida.com.ar\/portalurbano\/programa-tuvi-fuertes-criticas-a-la-empresa-a-cargo-de-la-construccion-de-las-20-viviendas\/\" \/>\n<meta property=\"og:locale\" content=\"es_ES\" \/>\n<meta property=\"og:type\" content=\"article\" \/>\n<meta property=\"og:title\" content=\"Programa TUVI: Fuertes cr\u00edticas a la empresa a cargo\" \/>\n<meta property=\"og:description\" content=\"Programa TUVI: fuertes cr\u00edticas a la empresa a cargo de la construcci\u00f3n de las 20 viviendas, seg\u00fan consta en el expediente\" \/>\n<meta property=\"og:url\" content=\"https:\/\/experienciadevida.com.ar\/portalurbano\/programa-tuvi-fuertes-criticas-a-la-empresa-a-cargo-de-la-construccion-de-las-20-viviendas\/\" \/>\n<meta property=\"article:publisher\" content=\"https:\/\/www.facebook.com\/Portal-Urbano-171542830093757\/\" \/>\n<meta property=\"article:published_time\" content=\"2022-04-13T21:09:13+00:00\" \/>\n<meta property=\"article:modified_time\" content=\"2022-04-13T21:12:20+00:00\" \/>\n<meta property=\"og:image\" content=\"https:\/\/experienciadevida.com.ar\/portalurbano\/wp-content\/uploads\/2022\/04\/Programa-TUVI.jpg\" \/>\n\t<meta property=\"og:image:width\" content=\"960\" \/>\n\t<meta property=\"og:image:height\" content=\"578\" \/>\n\t<meta property=\"og:image:type\" content=\"image\/jpeg\" \/>\n<meta name=\"author\" content=\"admpu17wp\" \/>\n<meta name=\"twitter:card\" content=\"summary_large_image\" \/>\n<meta name=\"twitter:creator\" content=\"@portalurbanook\" \/>\n<meta name=\"twitter:site\" content=\"@portalurbanook\" \/>\n<meta name=\"twitter:label1\" content=\"Escrito por\" \/>\n\t<meta name=\"twitter:data1\" content=\"admpu17wp\" \/>\n\t<meta name=\"twitter:label2\" content=\"Tiempo de lectura\" \/>\n\t<meta name=\"twitter:data2\" content=\"3 minutos\" \/>\n<script type=\"application\/ld+json\" class=\"yoast-schema-graph\">{\"@context\":\"https:\/\/schema.org\",\"@graph\":[{\"@type\":\"Article\",\"@id\":\"https:\/\/experienciadevida.com.ar\/portalurbano\/programa-tuvi-fuertes-criticas-a-la-empresa-a-cargo-de-la-construccion-de-las-20-viviendas\/#article\",\"isPartOf\":{\"@id\":\"https:\/\/experienciadevida.com.ar\/portalurbano\/programa-tuvi-fuertes-criticas-a-la-empresa-a-cargo-de-la-construccion-de-las-20-viviendas\/\"},\"author\":{\"name\":\"admpu17wp\",\"@id\":\"https:\/\/experienciadevida.com.ar\/portalurbano\/#\/schema\/person\/02dd326b1c4b056e9cc972486934a3a7\"},\"headline\":\"Programa TUVI: fuertes cr\u00edticas a la empresa a cargo de la construcci\u00f3n de las 20 viviendas\",\"datePublished\":\"2022-04-13T21:09:13+00:00\",\"dateModified\":\"2022-04-13T21:12:20+00:00\",\"mainEntityOfPage\":{\"@id\":\"https:\/\/experienciadevida.com.ar\/portalurbano\/programa-tuvi-fuertes-criticas-a-la-empresa-a-cargo-de-la-construccion-de-las-20-viviendas\/\"},\"wordCount\":556,\"publisher\":{\"@id\":\"https:\/\/experienciadevida.com.ar\/portalurbano\/#organization\"},\"articleSection\":[\"Ciudad\",\"Destacadas 2\"],\"inLanguage\":\"es\"},{\"@type\":\"WebPage\",\"@id\":\"https:\/\/experienciadevida.com.ar\/portalurbano\/programa-tuvi-fuertes-criticas-a-la-empresa-a-cargo-de-la-construccion-de-las-20-viviendas\/\",\"url\":\"https:\/\/experienciadevida.com.ar\/portalurbano\/programa-tuvi-fuertes-criticas-a-la-empresa-a-cargo-de-la-construccion-de-las-20-viviendas\/\",\"name\":\"Programa TUVI: Fuertes cr\u00edticas a la empresa a cargo\",\"isPartOf\":{\"@id\":\"https:\/\/experienciadevida.com.ar\/portalurbano\/#website\"},\"datePublished\":\"2022-04-13T21:09:13+00:00\",\"dateModified\":\"2022-04-13T21:12:20+00:00\",\"description\":\"Programa TUVI: fuertes cr\u00edticas a la empresa a cargo de la construcci\u00f3n de las 20 viviendas, seg\u00fan consta en el expediente\",\"breadcrumb\":{\"@id\":\"https:\/\/experienciadevida.com.ar\/portalurbano\/programa-tuvi-fuertes-criticas-a-la-empresa-a-cargo-de-la-construccion-de-las-20-viviendas\/#breadcrumb\"},\"inLanguage\":\"es\",\"potentialAction\":[{\"@type\":\"ReadAction\",\"target\":[\"https:\/\/experienciadevida.com.ar\/portalurbano\/programa-tuvi-fuertes-criticas-a-la-empresa-a-cargo-de-la-construccion-de-las-20-viviendas\/\"]}]},{\"@type\":\"BreadcrumbList\",\"@id\":\"https:\/\/experienciadevida.com.ar\/portalurbano\/programa-tuvi-fuertes-criticas-a-la-empresa-a-cargo-de-la-construccion-de-las-20-viviendas\/#breadcrumb\",\"itemListElement\":[{\"@type\":\"ListItem\",\"position\":1,\"name\":\"Portada\",\"item\":\"https:\/\/experienciadevida.com.ar\/portalurbano\/\"},{\"@type\":\"ListItem\",\"position\":2,\"name\":\"Programa TUVI: fuertes cr\u00edticas a la empresa a cargo de la construcci\u00f3n de las 20 viviendas\"}]},{\"@type\":\"WebSite\",\"@id\":\"https:\/\/experienciadevida.com.ar\/portalurbano\/#website\",\"url\":\"https:\/\/experienciadevida.com.ar\/portalurbano\/\",\"name\":\"\",\"description\":\"\",\"publisher\":{\"@id\":\"https:\/\/experienciadevida.com.ar\/portalurbano\/#organization\"},\"potentialAction\":[{\"@type\":\"SearchAction\",\"target\":{\"@type\":\"EntryPoint\",\"urlTemplate\":\"https:\/\/experienciadevida.com.ar\/portalurbano\/?s={search_term_string}\"},\"query-input\":\"required name=search_term_string\"}],\"inLanguage\":\"es\"},{\"@type\":\"Organization\",\"@id\":\"https:\/\/experienciadevida.com.ar\/portalurbano\/#organization\",\"name\":\"Portal Urbano\",\"url\":\"https:\/\/experienciadevida.com.ar\/portalurbano\/\",\"logo\":{\"@type\":\"ImageObject\",\"inLanguage\":\"es\",\"@id\":\"https:\/\/experienciadevida.com.ar\/portalurbano\/#\/schema\/logo\/image\/\",\"url\":\"https:\/\/experienciadevida.com.ar\/portalurbano\/wp-content\/uploads\/2019\/09\/Logo-Original.png\",\"contentUrl\":\"https:\/\/experienciadevida.com.ar\/portalurbano\/wp-content\/uploads\/2019\/09\/Logo-Original.png\",\"width\":2236,\"height\":1216,\"caption\":\"Portal Urbano\"},\"image\":{\"@id\":\"https:\/\/experienciadevida.com.ar\/portalurbano\/#\/schema\/logo\/image\/\"},\"sameAs\":[\"https:\/\/www.facebook.com\/Portal-Urbano-171542830093757\/\",\"https:\/\/twitter.com\/portalurbanook\",\"https:\/\/www.instagram.com\/_portalurbano\/\",\"https:\/\/www.youtube.com\/channel\/UCXhagIfszH8KxFiOok79zbA?view_as=subscriber\"]},{\"@type\":\"Person\",\"@id\":\"https:\/\/experienciadevida.com.ar\/portalurbano\/#\/schema\/person\/02dd326b1c4b056e9cc972486934a3a7\",\"name\":\"admpu17wp\",\"image\":{\"@type\":\"ImageObject\",\"inLanguage\":\"es\",\"@id\":\"https:\/\/experienciadevida.com.ar\/portalurbano\/#\/schema\/person\/image\/\",\"url\":\"https:\/\/secure.gravatar.com\/avatar\/830d4c57adaae6630765e449a6908047?s=96&d=mm&r=g\",\"contentUrl\":\"https:\/\/secure.gravatar.com\/avatar\/830d4c57adaae6630765e449a6908047?s=96&d=mm&r=g\",\"caption\":\"admpu17wp\"}}]}<\/script>\n<!-- \/ Yoast SEO plugin. -->","yoast_head_json":{"title":"Programa TUVI: Fuertes cr\u00edticas a la empresa a cargo","description":"Programa TUVI: fuertes cr\u00edticas a la empresa a cargo de la construcci\u00f3n de las 20 viviendas, seg\u00fan consta en el expediente","robots":{"index":"index","follow":"follow","max-snippet":"max-snippet:-1","max-image-preview":"max-image-preview:large","max-video-preview":"max-video-preview:-1"},"canonical":"https:\/\/experienciadevida.com.ar\/portalurbano\/programa-tuvi-fuertes-criticas-a-la-empresa-a-cargo-de-la-construccion-de-las-20-viviendas\/","og_locale":"es_ES","og_type":"article","og_title":"Programa TUVI: Fuertes cr\u00edticas a la empresa a cargo","og_description":"Programa TUVI: fuertes cr\u00edticas a la empresa a cargo de la construcci\u00f3n de las 20 viviendas, seg\u00fan consta en el expediente","og_url":"https:\/\/experienciadevida.com.ar\/portalurbano\/programa-tuvi-fuertes-criticas-a-la-empresa-a-cargo-de-la-construccion-de-las-20-viviendas\/","article_publisher":"https:\/\/www.facebook.com\/Portal-Urbano-171542830093757\/","article_published_time":"2022-04-13T21:09:13+00:00","article_modified_time":"2022-04-13T21:12:20+00:00","og_image":[{"width":960,"height":578,"url":"https:\/\/experienciadevida.com.ar\/portalurbano\/wp-content\/uploads\/2022\/04\/Programa-TUVI.jpg","type":"image\/jpeg"}],"author":"admpu17wp","twitter_card":"summary_large_image","twitter_creator":"@portalurbanook","twitter_site":"@portalurbanook","twitter_misc":{"Escrito por":"admpu17wp","Tiempo de lectura":"3 minutos"},"schema":{"@context":"https:\/\/schema.org","@graph":[{"@type":"Article","@id":"https:\/\/experienciadevida.com.ar\/portalurbano\/programa-tuvi-fuertes-criticas-a-la-empresa-a-cargo-de-la-construccion-de-las-20-viviendas\/#article","isPartOf":{"@id":"https:\/\/experienciadevida.com.ar\/portalurbano\/programa-tuvi-fuertes-criticas-a-la-empresa-a-cargo-de-la-construccion-de-las-20-viviendas\/"},"author":{"name":"admpu17wp","@id":"https:\/\/experienciadevida.com.ar\/portalurbano\/#\/schema\/person\/02dd326b1c4b056e9cc972486934a3a7"},"headline":"Programa TUVI: fuertes cr\u00edticas a la empresa a cargo de la construcci\u00f3n de las 20 viviendas","datePublished":"2022-04-13T21:09:13+00:00","dateModified":"2022-04-13T21:12:20+00:00","mainEntityOfPage":{"@id":"https:\/\/experienciadevida.com.ar\/portalurbano\/programa-tuvi-fuertes-criticas-a-la-empresa-a-cargo-de-la-construccion-de-las-20-viviendas\/"},"wordCount":556,"publisher":{"@id":"https:\/\/experienciadevida.com.ar\/portalurbano\/#organization"},"articleSection":["Ciudad","Destacadas 2"],"inLanguage":"es"},{"@type":"WebPage","@id":"https:\/\/experienciadevida.com.ar\/portalurbano\/programa-tuvi-fuertes-criticas-a-la-empresa-a-cargo-de-la-construccion-de-las-20-viviendas\/","url":"https:\/\/experienciadevida.com.ar\/portalurbano\/programa-tuvi-fuertes-criticas-a-la-empresa-a-cargo-de-la-construccion-de-las-20-viviendas\/","name":"Programa TUVI: Fuertes cr\u00edticas a la empresa a cargo","isPartOf":{"@id":"https:\/\/experienciadevida.com.ar\/portalurbano\/#website"},"datePublished":"2022-04-13T21:09:13+00:00","dateModified":"2022-04-13T21:12:20+00:00","description":"Programa TUVI: fuertes cr\u00edticas a la empresa a cargo de la construcci\u00f3n de las 20 viviendas, seg\u00fan consta en el expediente","breadcrumb":{"@id":"https:\/\/experienciadevida.com.ar\/portalurbano\/programa-tuvi-fuertes-criticas-a-la-empresa-a-cargo-de-la-construccion-de-las-20-viviendas\/#breadcrumb"},"inLanguage":"es","potentialAction":[{"@type":"ReadAction","target":["https:\/\/experienciadevida.com.ar\/portalurbano\/programa-tuvi-fuertes-criticas-a-la-empresa-a-cargo-de-la-construccion-de-las-20-viviendas\/"]}]},{"@type":"BreadcrumbList","@id":"https:\/\/experienciadevida.com.ar\/portalurbano\/programa-tuvi-fuertes-criticas-a-la-empresa-a-cargo-de-la-construccion-de-las-20-viviendas\/#breadcrumb","itemListElement":[{"@type":"ListItem","position":1,"name":"Portada","item":"https:\/\/experienciadevida.com.ar\/portalurbano\/"},{"@type":"ListItem","position":2,"name":"Programa TUVI: fuertes cr\u00edticas a la empresa a cargo de la construcci\u00f3n de las 20 viviendas"}]},{"@type":"WebSite","@id":"https:\/\/experienciadevida.com.ar\/portalurbano\/#website","url":"https:\/\/experienciadevida.com.ar\/portalurbano\/","name":"","description":"","publisher":{"@id":"https:\/\/experienciadevida.com.ar\/portalurbano\/#organization"},"potentialAction":[{"@type":"SearchAction","target":{"@type":"EntryPoint","urlTemplate":"https:\/\/experienciadevida.com.ar\/portalurbano\/?s={search_term_string}"},"query-input":"required name=search_term_string"}],"inLanguage":"es"},{"@type":"Organization","@id":"https:\/\/experienciadevida.com.ar\/portalurbano\/#organization","name":"Portal Urbano","url":"https:\/\/experienciadevida.com.ar\/portalurbano\/","logo":{"@type":"ImageObject","inLanguage":"es","@id":"https:\/\/experienciadevida.com.ar\/portalurbano\/#\/schema\/logo\/image\/","url":"https:\/\/experienciadevida.com.ar\/portalurbano\/wp-content\/uploads\/2019\/09\/Logo-Original.png","contentUrl":"https:\/\/experienciadevida.com.ar\/portalurbano\/wp-content\/uploads\/2019\/09\/Logo-Original.png","width":2236,"height":1216,"caption":"Portal Urbano"},"image":{"@id":"https:\/\/experienciadevida.com.ar\/portalurbano\/#\/schema\/logo\/image\/"},"sameAs":["https:\/\/www.facebook.com\/Portal-Urbano-171542830093757\/","https:\/\/twitter.com\/portalurbanook","https:\/\/www.instagram.com\/_portalurbano\/","https:\/\/www.youtube.com\/channel\/UCXhagIfszH8KxFiOok79zbA?view_as=subscriber"]},{"@type":"Person","@id":"https:\/\/experienciadevida.com.ar\/portalurbano\/#\/schema\/person\/02dd326b1c4b056e9cc972486934a3a7","name":"admpu17wp","image":{"@type":"ImageObject","inLanguage":"es","@id":"https:\/\/experienciadevida.com.ar\/portalurbano\/#\/schema\/person\/image\/","url":"https:\/\/secure.gravatar.com\/avatar\/830d4c57adaae6630765e449a6908047?s=96&d=mm&r=g","contentUrl":"https:\/\/secure.gravatar.com\/avatar\/830d4c57adaae6630765e449a6908047?s=96&d=mm&r=g","caption":"admpu17wp"}}]}},"featured_image_urls":{"full":["https:\/\/experienciadevida.com.ar\/portalurbano\/wp-content\/uploads\/2022\/04\/Programa-TUVI.jpg",960,578,false],"thumbnail":["https:\/\/experienciadevida.com.ar\/portalurbano\/wp-content\/uploads\/2022\/04\/Programa-TUVI-150x150.jpg",150,150,true],"medium":["https:\/\/experienciadevida.com.ar\/portalurbano\/wp-content\/uploads\/2022\/04\/Programa-TUVI-300x181.jpg",300,181,true],"medium_large":["https:\/\/experienciadevida.com.ar\/portalurbano\/wp-content\/uploads\/2022\/04\/Programa-TUVI-768x462.jpg",640,385,true],"large":["https:\/\/experienciadevida.com.ar\/portalurbano\/wp-content\/uploads\/2022\/04\/Programa-TUVI.jpg",640,385,false],"ug_big":["https:\/\/experienciadevida.com.ar\/portalurbano\/wp-content\/uploads\/2022\/04\/Programa-TUVI-768x462.jpg",768,462,true],"1536x1536":["https:\/\/experienciadevida.com.ar\/portalurbano\/wp-content\/uploads\/2022\/04\/Programa-TUVI.jpg",960,578,false],"2048x2048":["https:\/\/experienciadevida.com.ar\/portalurbano\/wp-content\/uploads\/2022\/04\/Programa-TUVI.jpg",960,578,false],"newsever-slider-full":["https:\/\/experienciadevida.com.ar\/portalurbano\/wp-content\/uploads\/2022\/04\/Programa-TUVI.jpg",960,578,false],"newsever-featured":["https:\/\/experienciadevida.com.ar\/portalurbano\/wp-content\/uploads\/2022\/04\/Programa-TUVI.jpg",960,578,false],"newsever-medium":["https:\/\/experienciadevida.com.ar\/portalurbano\/wp-content\/uploads\/2022\/04\/Programa-TUVI.jpg",720,434,false],"web-stories-poster-portrait":["https:\/\/experienciadevida.com.ar\/portalurbano\/wp-content\/uploads\/2022\/04\/Programa-TUVI.jpg",640,385,false],"web-stories-publisher-logo":["https:\/\/experienciadevida.com.ar\/portalurbano\/wp-content\/uploads\/2022\/04\/Programa-TUVI.jpg",96,58,false],"web-stories-thumbnail":["https:\/\/experienciadevida.com.ar\/portalurbano\/wp-content\/uploads\/2022\/04\/Programa-TUVI.jpg",150,90,false]},"author_info":{"display_name":"admpu17wp","author_link":"https:\/\/experienciadevida.com.ar\/portalurbano\/author\/admpu17wp\/"},"category_info":"<a href=\"https:\/\/experienciadevida.com.ar\/portalurbano\/category\/ciudad\/\" rel=\"category tag\">Ciudad<\/a> <a href=\"https:\/\/experienciadevida.com.ar\/portalurbano\/category\/destacadas-2\/\" rel=\"category tag\">Destacadas 2<\/a>","tag_info":"Destacadas 2","comment_count":"0","amp_enabled":true,"_links":{"self":[{"href":"https:\/\/experienciadevida.com.ar\/portalurbano\/wp-json\/wp\/v2\/posts\/165667"}],"collection":[{"href":"https:\/\/experienciadevida.com.ar\/portalurbano\/wp-json\/wp\/v2\/posts"}],"about":[{"href":"https:\/\/experienciadevida.com.ar\/portalurbano\/wp-json\/wp\/v2\/types\/post"}],"author":[{"embeddable":true,"href":"https:\/\/experienciadevida.com.ar\/portalurbano\/wp-json\/wp\/v2\/users\/1"}],"replies":[{"embeddable":true,"href":"https:\/\/experienciadevida.com.ar\/portalurbano\/wp-json\/wp\/v2\/comments?post=165667"}],"version-history":[{"count":4,"href":"https:\/\/experienciadevida.com.ar\/portalurbano\/wp-json\/wp\/v2\/posts\/165667\/revisions"}],"predecessor-version":[{"id":165670,"href":"https:\/\/experienciadevida.com.ar\/portalurbano\/wp-json\/wp\/v2\/posts\/165667\/revisions\/165670"}],"wp:featuredmedia":[{"embeddable":true,"href":"https:\/\/experienciadevida.com.ar\/portalurbano\/wp-json\/wp\/v2\/media\/165668"}],"wp:attachment":[{"href":"https:\/\/experienciadevida.com.ar\/portalurbano\/wp-json\/wp\/v2\/media?parent=165667"}],"wp:term":[{"taxonomy":"category","embeddable":true,"href":"https:\/\/experienciadevida.com.ar\/portalurbano\/wp-json\/wp\/v2\/categories?post=165667"},{"taxonomy":"post_tag","embeddable":true,"href":"https:\/\/experienciadevida.com.ar\/portalurbano\/wp-json\/wp\/v2\/tags?post=165667"}],"curies":[{"name":"wp","href":"https:\/\/api.w.org\/{rel}","templated":true}]}}