{"id":165663,"date":"2022-04-13T16:21:38","date_gmt":"2022-04-13T19:21:38","guid":{"rendered":"https:\/\/experienciadevida.com.ar\/portalurbano\/?p=165663"},"modified":"2022-04-13T16:25:58","modified_gmt":"2022-04-13T19:25:58","slug":"se-dictara-un-curso-sobre-edicion-y-operacion-tecnica-de-radio","status":"publish","type":"post","link":"https:\/\/experienciadevida.com.ar\/portalurbano\/se-dictara-un-curso-sobre-edicion-y-operacion-tecnica-de-radio\/","title":{"rendered":"Se dictar\u00e1 un curso sobre \u201cEdici\u00f3n y operaci\u00f3n t\u00e9cnica de radio\u201d"},"content":{"rendered":"<p>Se dictar\u00e1 un curso sobre \u201cEdici\u00f3n y operaci\u00f3n t\u00e9cnica de radio\u201d, la<a href=\"https:\/\/www.facebook.com\/facultadcienciassociales.unicen\"> Facultad de Ciencias Sociales<\/a> ofrecer\u00e1 una capacitaci\u00f3n en 8 encuentros en la que se brindar\u00e1n herramientas para la operaci\u00f3n t\u00e9cnica y el trabajo sobre sonidos y efectos. Est\u00e1 destinada a estudiantes, graduadas\/os, no docentes, docentes y p\u00fablico en general interesado.<\/p>\n<p>Desde el martes 26 de abril a las 15 horas se dictar\u00e1 el Curso \u201cEdici\u00f3n y operaci\u00f3n t\u00e9cnica de radio\u201d, el que estar\u00e1 a cargo de las talleristas F\u00e1tima Higuera y Catalina Pin Beltramella. El mismo tendr\u00e1 una duraci\u00f3n de 8 encuentros.<\/p>\n<p>La propuesta de la Secretar\u00eda de Extensi\u00f3n, Bienestar y Transferencia de la FACSO es de modalidad presencial con complemento de trabajo en el aula virtual del Moodle de la Facultad de Ciencias Sociales. El objetivo es ofrecer a los\/as participantes las primeras herramientas para la operaci\u00f3n t\u00e9cnica de un programa en vivo y falso vivo y para combinar sonidos y efectos de una manera creativa puestos al servicio de la construcci\u00f3n de un relato radial.<\/p>\n<p>Durante el curso no s\u00f3lo se definir\u00e1n los elementos conceptuales necesarios para el trabajo, sino que se llevar\u00e1 adelante la pr\u00e1ctica concreta en el estudio radial de la FACSO. Este curso est\u00e1 dirigido a quienes, sin experiencia previa, deseen introducirse en el mundo radiof\u00f3nico.<\/p>\n<p>Se dictar\u00e1 un curso sobre \u201cEdici\u00f3n y operaci\u00f3n t\u00e9cnica de radio\u201d, los interesados deber\u00e1n completar el formulario.<\/p>\n<p>Una vez completo se deber\u00e1 efectuar el pago mediante factura electr\u00f3nica, la cual recibir\u00e1n en su correo electr\u00f3nico dentro de 48 horas h\u00e1biles a su pre-inscripci\u00f3n, para abonar en un centro de pagos.<\/p>\n<p>Las propuestas tienen un costo de $4500 (o dos cuotas de $2500) para p\u00fablico en general; $4000 (o dos cuotas de $2200) para docentes, no docentes y graduados\/as de la FACSO; y $3000 (o dos cuotas de $1700) para estudiantes de la FACSO, quienes deben presentar certificado de alumno\/a regular al correo de contacto.<\/p>\n<p>Por consultas podr\u00e1n comunicarse al email cursos@virtual.soc.unicen.edu.ar<\/p>\n","protected":false},"excerpt":{"rendered":"<p>Se dictar\u00e1 un curso sobre \u201cEdici\u00f3n y operaci\u00f3n t\u00e9cnica de radio\u201d, la Facultad de Ciencias&#8230;<\/p>\n","protected":false},"author":1,"featured_media":165664,"comment_status":"closed","ping_status":"closed","sticky":false,"template":"","format":"standard","meta":{"content-type":""},"categories":[31],"tags":[],"nelio_content":{"isAutoShareEnabled":false,"autoShareEndMode":"default","automationSources":{"useContentSentences":true,"useSocialTemplates":true,"useCustomSentences":false,"customSentences":[]},"followers":[1],"suggestedReferences":[],"includedReferences":[],"efiUrl":"","efiAlt":"","highlights":[]},"yoast_head":"<!-- This site is optimized with the Yoast SEO plugin v20.7 - https:\/\/yoast.com\/wordpress\/plugins\/seo\/ -->\n<title>Se dictar\u00e1 un curso sobre edici\u00f3n y operaci\u00f3n t\u00e9cnica de radio<\/title>\n<meta name=\"description\" content=\"Se dictar\u00e1 un curso sobre \u201cEdici\u00f3n y operaci\u00f3n t\u00e9cnica de radio\u201d, en 8 encuentros destinado a estudiantes y p\u00fablico en general.\" \/>\n<meta name=\"robots\" content=\"index, follow, max-snippet:-1, max-image-preview:large, max-video-preview:-1\" \/>\n<link rel=\"canonical\" href=\"https:\/\/experienciadevida.com.ar\/portalurbano\/se-dictara-un-curso-sobre-edicion-y-operacion-tecnica-de-radio\/\" \/>\n<meta property=\"og:locale\" content=\"es_ES\" \/>\n<meta property=\"og:type\" content=\"article\" \/>\n<meta property=\"og:title\" content=\"Se dictar\u00e1 un curso sobre edici\u00f3n y operaci\u00f3n t\u00e9cnica de radio\" \/>\n<meta property=\"og:description\" content=\"Se dictar\u00e1 un curso sobre \u201cEdici\u00f3n y operaci\u00f3n t\u00e9cnica de radio\u201d, en 8 encuentros destinado a estudiantes y p\u00fablico en general.\" \/>\n<meta property=\"og:url\" content=\"https:\/\/experienciadevida.com.ar\/portalurbano\/se-dictara-un-curso-sobre-edicion-y-operacion-tecnica-de-radio\/\" \/>\n<meta property=\"article:publisher\" content=\"https:\/\/www.facebook.com\/Portal-Urbano-171542830093757\/\" \/>\n<meta property=\"article:published_time\" content=\"2022-04-13T19:21:38+00:00\" \/>\n<meta property=\"article:modified_time\" content=\"2022-04-13T19:25:58+00:00\" \/>\n<meta property=\"og:image\" content=\"https:\/\/experienciadevida.com.ar\/portalurbano\/wp-content\/uploads\/2022\/04\/Se-dictara-un-curso.png\" \/>\n\t<meta property=\"og:image:width\" content=\"1000\" \/>\n\t<meta property=\"og:image:height\" content=\"1000\" \/>\n\t<meta property=\"og:image:type\" content=\"image\/png\" \/>\n<meta name=\"author\" content=\"admpu17wp\" \/>\n<meta name=\"twitter:card\" content=\"summary_large_image\" \/>\n<meta name=\"twitter:creator\" content=\"@portalurbanook\" \/>\n<meta name=\"twitter:site\" content=\"@portalurbanook\" \/>\n<meta name=\"twitter:label1\" content=\"Escrito por\" \/>\n\t<meta name=\"twitter:data1\" content=\"admpu17wp\" \/>\n\t<meta name=\"twitter:label2\" content=\"Tiempo de lectura\" \/>\n\t<meta name=\"twitter:data2\" content=\"2 minutos\" \/>\n<script type=\"application\/ld+json\" class=\"yoast-schema-graph\">{\"@context\":\"https:\/\/schema.org\",\"@graph\":[{\"@type\":\"Article\",\"@id\":\"https:\/\/experienciadevida.com.ar\/portalurbano\/se-dictara-un-curso-sobre-edicion-y-operacion-tecnica-de-radio\/#article\",\"isPartOf\":{\"@id\":\"https:\/\/experienciadevida.com.ar\/portalurbano\/se-dictara-un-curso-sobre-edicion-y-operacion-tecnica-de-radio\/\"},\"author\":{\"name\":\"admpu17wp\",\"@id\":\"https:\/\/experienciadevida.com.ar\/portalurbano\/#\/schema\/person\/02dd326b1c4b056e9cc972486934a3a7\"},\"headline\":\"Se dictar\u00e1 un curso sobre \u201cEdici\u00f3n y operaci\u00f3n t\u00e9cnica de radio\u201d\",\"datePublished\":\"2022-04-13T19:21:38+00:00\",\"dateModified\":\"2022-04-13T19:25:58+00:00\",\"mainEntityOfPage\":{\"@id\":\"https:\/\/experienciadevida.com.ar\/portalurbano\/se-dictara-un-curso-sobre-edicion-y-operacion-tecnica-de-radio\/\"},\"wordCount\":369,\"publisher\":{\"@id\":\"https:\/\/experienciadevida.com.ar\/portalurbano\/#organization\"},\"articleSection\":[\"Educaci\u00f3n\"],\"inLanguage\":\"es\"},{\"@type\":\"WebPage\",\"@id\":\"https:\/\/experienciadevida.com.ar\/portalurbano\/se-dictara-un-curso-sobre-edicion-y-operacion-tecnica-de-radio\/\",\"url\":\"https:\/\/experienciadevida.com.ar\/portalurbano\/se-dictara-un-curso-sobre-edicion-y-operacion-tecnica-de-radio\/\",\"name\":\"Se dictar\u00e1 un curso sobre edici\u00f3n y operaci\u00f3n t\u00e9cnica de radio\",\"isPartOf\":{\"@id\":\"https:\/\/experienciadevida.com.ar\/portalurbano\/#website\"},\"datePublished\":\"2022-04-13T19:21:38+00:00\",\"dateModified\":\"2022-04-13T19:25:58+00:00\",\"description\":\"Se dictar\u00e1 un curso sobre \u201cEdici\u00f3n y operaci\u00f3n t\u00e9cnica de radio\u201d, en 8 encuentros destinado a estudiantes y p\u00fablico en general.\",\"breadcrumb\":{\"@id\":\"https:\/\/experienciadevida.com.ar\/portalurbano\/se-dictara-un-curso-sobre-edicion-y-operacion-tecnica-de-radio\/#breadcrumb\"},\"inLanguage\":\"es\",\"potentialAction\":[{\"@type\":\"ReadAction\",\"target\":[\"https:\/\/experienciadevida.com.ar\/portalurbano\/se-dictara-un-curso-sobre-edicion-y-operacion-tecnica-de-radio\/\"]}]},{\"@type\":\"BreadcrumbList\",\"@id\":\"https:\/\/experienciadevida.com.ar\/portalurbano\/se-dictara-un-curso-sobre-edicion-y-operacion-tecnica-de-radio\/#breadcrumb\",\"itemListElement\":[{\"@type\":\"ListItem\",\"position\":1,\"name\":\"Portada\",\"item\":\"https:\/\/experienciadevida.com.ar\/portalurbano\/\"},{\"@type\":\"ListItem\",\"position\":2,\"name\":\"Se dictar\u00e1 un curso sobre \u201cEdici\u00f3n y operaci\u00f3n t\u00e9cnica de radio\u201d\"}]},{\"@type\":\"WebSite\",\"@id\":\"https:\/\/experienciadevida.com.ar\/portalurbano\/#website\",\"url\":\"https:\/\/experienciadevida.com.ar\/portalurbano\/\",\"name\":\"\",\"description\":\"\",\"publisher\":{\"@id\":\"https:\/\/experienciadevida.com.ar\/portalurbano\/#organization\"},\"potentialAction\":[{\"@type\":\"SearchAction\",\"target\":{\"@type\":\"EntryPoint\",\"urlTemplate\":\"https:\/\/experienciadevida.com.ar\/portalurbano\/?s={search_term_string}\"},\"query-input\":\"required name=search_term_string\"}],\"inLanguage\":\"es\"},{\"@type\":\"Organization\",\"@id\":\"https:\/\/experienciadevida.com.ar\/portalurbano\/#organization\",\"name\":\"Portal Urbano\",\"url\":\"https:\/\/experienciadevida.com.ar\/portalurbano\/\",\"logo\":{\"@type\":\"ImageObject\",\"inLanguage\":\"es\",\"@id\":\"https:\/\/experienciadevida.com.ar\/portalurbano\/#\/schema\/logo\/image\/\",\"url\":\"https:\/\/experienciadevida.com.ar\/portalurbano\/wp-content\/uploads\/2019\/09\/Logo-Original.png\",\"contentUrl\":\"https:\/\/experienciadevida.com.ar\/portalurbano\/wp-content\/uploads\/2019\/09\/Logo-Original.png\",\"width\":2236,\"height\":1216,\"caption\":\"Portal Urbano\"},\"image\":{\"@id\":\"https:\/\/experienciadevida.com.ar\/portalurbano\/#\/schema\/logo\/image\/\"},\"sameAs\":[\"https:\/\/www.facebook.com\/Portal-Urbano-171542830093757\/\",\"https:\/\/twitter.com\/portalurbanook\",\"https:\/\/www.instagram.com\/_portalurbano\/\",\"https:\/\/www.youtube.com\/channel\/UCXhagIfszH8KxFiOok79zbA?view_as=subscriber\"]},{\"@type\":\"Person\",\"@id\":\"https:\/\/experienciadevida.com.ar\/portalurbano\/#\/schema\/person\/02dd326b1c4b056e9cc972486934a3a7\",\"name\":\"admpu17wp\",\"image\":{\"@type\":\"ImageObject\",\"inLanguage\":\"es\",\"@id\":\"https:\/\/experienciadevida.com.ar\/portalurbano\/#\/schema\/person\/image\/\",\"url\":\"https:\/\/secure.gravatar.com\/avatar\/830d4c57adaae6630765e449a6908047?s=96&d=mm&r=g\",\"contentUrl\":\"https:\/\/secure.gravatar.com\/avatar\/830d4c57adaae6630765e449a6908047?s=96&d=mm&r=g\",\"caption\":\"admpu17wp\"}}]}<\/script>\n<!-- \/ Yoast SEO plugin. -->","yoast_head_json":{"title":"Se dictar\u00e1 un curso sobre edici\u00f3n y operaci\u00f3n t\u00e9cnica de radio","description":"Se dictar\u00e1 un curso sobre \u201cEdici\u00f3n y operaci\u00f3n t\u00e9cnica de radio\u201d, en 8 encuentros destinado a estudiantes y p\u00fablico en general.","robots":{"index":"index","follow":"follow","max-snippet":"max-snippet:-1","max-image-preview":"max-image-preview:large","max-video-preview":"max-video-preview:-1"},"canonical":"https:\/\/experienciadevida.com.ar\/portalurbano\/se-dictara-un-curso-sobre-edicion-y-operacion-tecnica-de-radio\/","og_locale":"es_ES","og_type":"article","og_title":"Se dictar\u00e1 un curso sobre edici\u00f3n y operaci\u00f3n t\u00e9cnica de radio","og_description":"Se dictar\u00e1 un curso sobre \u201cEdici\u00f3n y operaci\u00f3n t\u00e9cnica de radio\u201d, en 8 encuentros destinado a estudiantes y p\u00fablico en general.","og_url":"https:\/\/experienciadevida.com.ar\/portalurbano\/se-dictara-un-curso-sobre-edicion-y-operacion-tecnica-de-radio\/","article_publisher":"https:\/\/www.facebook.com\/Portal-Urbano-171542830093757\/","article_published_time":"2022-04-13T19:21:38+00:00","article_modified_time":"2022-04-13T19:25:58+00:00","og_image":[{"width":1000,"height":1000,"url":"https:\/\/experienciadevida.com.ar\/portalurbano\/wp-content\/uploads\/2022\/04\/Se-dictara-un-curso.png","type":"image\/png"}],"author":"admpu17wp","twitter_card":"summary_large_image","twitter_creator":"@portalurbanook","twitter_site":"@portalurbanook","twitter_misc":{"Escrito por":"admpu17wp","Tiempo de lectura":"2 minutos"},"schema":{"@context":"https:\/\/schema.org","@graph":[{"@type":"Article","@id":"https:\/\/experienciadevida.com.ar\/portalurbano\/se-dictara-un-curso-sobre-edicion-y-operacion-tecnica-de-radio\/#article","isPartOf":{"@id":"https:\/\/experienciadevida.com.ar\/portalurbano\/se-dictara-un-curso-sobre-edicion-y-operacion-tecnica-de-radio\/"},"author":{"name":"admpu17wp","@id":"https:\/\/experienciadevida.com.ar\/portalurbano\/#\/schema\/person\/02dd326b1c4b056e9cc972486934a3a7"},"headline":"Se dictar\u00e1 un curso sobre \u201cEdici\u00f3n y operaci\u00f3n t\u00e9cnica de radio\u201d","datePublished":"2022-04-13T19:21:38+00:00","dateModified":"2022-04-13T19:25:58+00:00","mainEntityOfPage":{"@id":"https:\/\/experienciadevida.com.ar\/portalurbano\/se-dictara-un-curso-sobre-edicion-y-operacion-tecnica-de-radio\/"},"wordCount":369,"publisher":{"@id":"https:\/\/experienciadevida.com.ar\/portalurbano\/#organization"},"articleSection":["Educaci\u00f3n"],"inLanguage":"es"},{"@type":"WebPage","@id":"https:\/\/experienciadevida.com.ar\/portalurbano\/se-dictara-un-curso-sobre-edicion-y-operacion-tecnica-de-radio\/","url":"https:\/\/experienciadevida.com.ar\/portalurbano\/se-dictara-un-curso-sobre-edicion-y-operacion-tecnica-de-radio\/","name":"Se dictar\u00e1 un curso sobre edici\u00f3n y operaci\u00f3n t\u00e9cnica de radio","isPartOf":{"@id":"https:\/\/experienciadevida.com.ar\/portalurbano\/#website"},"datePublished":"2022-04-13T19:21:38+00:00","dateModified":"2022-04-13T19:25:58+00:00","description":"Se dictar\u00e1 un curso sobre \u201cEdici\u00f3n y operaci\u00f3n t\u00e9cnica de radio\u201d, en 8 encuentros destinado a estudiantes y p\u00fablico en general.","breadcrumb":{"@id":"https:\/\/experienciadevida.com.ar\/portalurbano\/se-dictara-un-curso-sobre-edicion-y-operacion-tecnica-de-radio\/#breadcrumb"},"inLanguage":"es","potentialAction":[{"@type":"ReadAction","target":["https:\/\/experienciadevida.com.ar\/portalurbano\/se-dictara-un-curso-sobre-edicion-y-operacion-tecnica-de-radio\/"]}]},{"@type":"BreadcrumbList","@id":"https:\/\/experienciadevida.com.ar\/portalurbano\/se-dictara-un-curso-sobre-edicion-y-operacion-tecnica-de-radio\/#breadcrumb","itemListElement":[{"@type":"ListItem","position":1,"name":"Portada","item":"https:\/\/experienciadevida.com.ar\/portalurbano\/"},{"@type":"ListItem","position":2,"name":"Se dictar\u00e1 un curso sobre \u201cEdici\u00f3n y operaci\u00f3n t\u00e9cnica de radio\u201d"}]},{"@type":"WebSite","@id":"https:\/\/experienciadevida.com.ar\/portalurbano\/#website","url":"https:\/\/experienciadevida.com.ar\/portalurbano\/","name":"","description":"","publisher":{"@id":"https:\/\/experienciadevida.com.ar\/portalurbano\/#organization"},"potentialAction":[{"@type":"SearchAction","target":{"@type":"EntryPoint","urlTemplate":"https:\/\/experienciadevida.com.ar\/portalurbano\/?s={search_term_string}"},"query-input":"required name=search_term_string"}],"inLanguage":"es"},{"@type":"Organization","@id":"https:\/\/experienciadevida.com.ar\/portalurbano\/#organization","name":"Portal Urbano","url":"https:\/\/experienciadevida.com.ar\/portalurbano\/","logo":{"@type":"ImageObject","inLanguage":"es","@id":"https:\/\/experienciadevida.com.ar\/portalurbano\/#\/schema\/logo\/image\/","url":"https:\/\/experienciadevida.com.ar\/portalurbano\/wp-content\/uploads\/2019\/09\/Logo-Original.png","contentUrl":"https:\/\/experienciadevida.com.ar\/portalurbano\/wp-content\/uploads\/2019\/09\/Logo-Original.png","width":2236,"height":1216,"caption":"Portal Urbano"},"image":{"@id":"https:\/\/experienciadevida.com.ar\/portalurbano\/#\/schema\/logo\/image\/"},"sameAs":["https:\/\/www.facebook.com\/Portal-Urbano-171542830093757\/","https:\/\/twitter.com\/portalurbanook","https:\/\/www.instagram.com\/_portalurbano\/","https:\/\/www.youtube.com\/channel\/UCXhagIfszH8KxFiOok79zbA?view_as=subscriber"]},{"@type":"Person","@id":"https:\/\/experienciadevida.com.ar\/portalurbano\/#\/schema\/person\/02dd326b1c4b056e9cc972486934a3a7","name":"admpu17wp","image":{"@type":"ImageObject","inLanguage":"es","@id":"https:\/\/experienciadevida.com.ar\/portalurbano\/#\/schema\/person\/image\/","url":"https:\/\/secure.gravatar.com\/avatar\/830d4c57adaae6630765e449a6908047?s=96&d=mm&r=g","contentUrl":"https:\/\/secure.gravatar.com\/avatar\/830d4c57adaae6630765e449a6908047?s=96&d=mm&r=g","caption":"admpu17wp"}}]}},"featured_image_urls":{"full":["https:\/\/experienciadevida.com.ar\/portalurbano\/wp-content\/uploads\/2022\/04\/Se-dictara-un-curso.png",1000,1000,false],"thumbnail":["https:\/\/experienciadevida.com.ar\/portalurbano\/wp-content\/uploads\/2022\/04\/Se-dictara-un-curso-150x150.png",150,150,true],"medium":["https:\/\/experienciadevida.com.ar\/portalurbano\/wp-content\/uploads\/2022\/04\/Se-dictara-un-curso-300x300.png",300,300,true],"medium_large":["https:\/\/experienciadevida.com.ar\/portalurbano\/wp-content\/uploads\/2022\/04\/Se-dictara-un-curso-768x768.png",640,640,true],"large":["https:\/\/experienciadevida.com.ar\/portalurbano\/wp-content\/uploads\/2022\/04\/Se-dictara-un-curso.png",640,640,false],"ug_big":["https:\/\/experienciadevida.com.ar\/portalurbano\/wp-content\/uploads\/2022\/04\/Se-dictara-un-curso-768x768.png",768,768,true],"1536x1536":["https:\/\/experienciadevida.com.ar\/portalurbano\/wp-content\/uploads\/2022\/04\/Se-dictara-un-curso.png",1000,1000,false],"2048x2048":["https:\/\/experienciadevida.com.ar\/portalurbano\/wp-content\/uploads\/2022\/04\/Se-dictara-un-curso.png",1000,1000,false],"newsever-slider-full":["https:\/\/experienciadevida.com.ar\/portalurbano\/wp-content\/uploads\/2022\/04\/Se-dictara-un-curso.png",845,845,false],"newsever-featured":["https:\/\/experienciadevida.com.ar\/portalurbano\/wp-content\/uploads\/2022\/04\/Se-dictara-un-curso.png",1000,1000,false],"newsever-medium":["https:\/\/experienciadevida.com.ar\/portalurbano\/wp-content\/uploads\/2022\/04\/Se-dictara-un-curso.png",475,475,false],"web-stories-poster-portrait":["https:\/\/experienciadevida.com.ar\/portalurbano\/wp-content\/uploads\/2022\/04\/Se-dictara-un-curso.png",640,640,false],"web-stories-publisher-logo":["https:\/\/experienciadevida.com.ar\/portalurbano\/wp-content\/uploads\/2022\/04\/Se-dictara-un-curso.png",96,96,false],"web-stories-thumbnail":["https:\/\/experienciadevida.com.ar\/portalurbano\/wp-content\/uploads\/2022\/04\/Se-dictara-un-curso.png",150,150,false]},"author_info":{"display_name":"admpu17wp","author_link":"https:\/\/experienciadevida.com.ar\/portalurbano\/author\/admpu17wp\/"},"category_info":"<a href=\"https:\/\/experienciadevida.com.ar\/portalurbano\/category\/ciudad\/educacion\/\" rel=\"category tag\">Educaci\u00f3n<\/a>","tag_info":"Educaci\u00f3n","comment_count":"0","amp_enabled":true,"_links":{"self":[{"href":"https:\/\/experienciadevida.com.ar\/portalurbano\/wp-json\/wp\/v2\/posts\/165663"}],"collection":[{"href":"https:\/\/experienciadevida.com.ar\/portalurbano\/wp-json\/wp\/v2\/posts"}],"about":[{"href":"https:\/\/experienciadevida.com.ar\/portalurbano\/wp-json\/wp\/v2\/types\/post"}],"author":[{"embeddable":true,"href":"https:\/\/experienciadevida.com.ar\/portalurbano\/wp-json\/wp\/v2\/users\/1"}],"replies":[{"embeddable":true,"href":"https:\/\/experienciadevida.com.ar\/portalurbano\/wp-json\/wp\/v2\/comments?post=165663"}],"version-history":[{"count":2,"href":"https:\/\/experienciadevida.com.ar\/portalurbano\/wp-json\/wp\/v2\/posts\/165663\/revisions"}],"predecessor-version":[{"id":165666,"href":"https:\/\/experienciadevida.com.ar\/portalurbano\/wp-json\/wp\/v2\/posts\/165663\/revisions\/165666"}],"wp:featuredmedia":[{"embeddable":true,"href":"https:\/\/experienciadevida.com.ar\/portalurbano\/wp-json\/wp\/v2\/media\/165664"}],"wp:attachment":[{"href":"https:\/\/experienciadevida.com.ar\/portalurbano\/wp-json\/wp\/v2\/media?parent=165663"}],"wp:term":[{"taxonomy":"category","embeddable":true,"href":"https:\/\/experienciadevida.com.ar\/portalurbano\/wp-json\/wp\/v2\/categories?post=165663"},{"taxonomy":"post_tag","embeddable":true,"href":"https:\/\/experienciadevida.com.ar\/portalurbano\/wp-json\/wp\/v2\/tags?post=165663"}],"curies":[{"name":"wp","href":"https:\/\/api.w.org\/{rel}","templated":true}]}}