{"id":165640,"date":"2022-04-13T15:14:58","date_gmt":"2022-04-13T18:14:58","guid":{"rendered":"https:\/\/experienciadevida.com.ar\/portalurbano\/?p=165640"},"modified":"2022-04-13T15:30:14","modified_gmt":"2022-04-13T18:30:14","slug":"hilario-galli-encabezo-una-reunion-de-trabajo-por-el-censo-2022","status":"publish","type":"post","link":"https:\/\/experienciadevida.com.ar\/portalurbano\/hilario-galli-encabezo-una-reunion-de-trabajo-por-el-censo-2022\/","title":{"rendered":"Hilario Galli encabez\u00f3 una reuni\u00f3n de trabajo por el Censo 2022"},"content":{"rendered":"<p>Hilario Galli encabez\u00f3 una reuni\u00f3n de trabajo por el Censo 2022, fue en la ma\u00f1ana de este mi\u00e9rcoles el Secretario de Gobierno Hilario <a href=\"https:\/\/www.instagram.com\/gallihilario\/?hl=es-la\">Galli<\/a> se reuni\u00f3 en el sal\u00f3n blanco del palacio San Mart\u00edn con autoridades educativas para planificar el Censo 2022 en el Partido de Olavarr\u00eda.<\/p>\n<p>Del encuentro formaron parte el Jefe Distrital de Educaci\u00f3n Julio Ben\u00edtez, el Subsecretario de Gobierno Municipal Emilio Vitale, la Directora de Educaci\u00f3n del Municipio Sof\u00eda Torres, inspectores y autoridades de diferentes establecimientos educativos del Partido de Olavarr\u00eda.<\/p>\n<p>Durante la reuni\u00f3n, Hilario Galli explic\u00f3 que todas las delegaciones municipales est\u00e1n disponibles de 7 a 13 horas para completar el Censo de manera digital y tambi\u00e9n detall\u00f3 que el Municipio puso a disposici\u00f3n Puntos Digitales en el Centro Cultural San Jos\u00e9, el Museo de Ciencias y los Servicios Territoriales.<\/p>\n<p>Adem\u00e1s, acordaron que el 18 de mayo (d\u00eda que se realizar\u00e1 el Censo de manera presencial) las delegaciones de las localidades estar\u00e1n a disposici\u00f3n de los censistas para poder completar el trabajo de una manera adecuada.<\/p>\n<p>A continuaci\u00f3n, los lugares y direcciones donde funcionar\u00e1n los Puntos Digitales para el Censo 2022:<\/p>\n<p>Delegaci\u00f3n Hinojo: Calle Sara \u00c1lvarez N\u00ba 1769 \u2013 Horario atenci\u00f3n: 07:00 a 13:00hs.<br \/>\nDelegaci\u00f3n Loma Negra: Calle 1 de Mayo N\u00ba 1448 \u2013 Horario atenci\u00f3n: 07:00 a 13:00hs.<br \/>\nDelegaci\u00f3n Sierras Bayas: Calle San Mart\u00edn 1696 \u2013 Horario atenci\u00f3n: 07:00 a 13:00hs.<br \/>\nDelegaci\u00f3n Sierra Chica: Calle Sbardolini N\u00ba 1105 \u2013 Horario atenci\u00f3n: 07:00 a 13:00hs.<br \/>\nDelegaci\u00f3n de Recalde: Calle Zanardi y Ren\u00e9 Nievas \u2013 Horario atenci\u00f3n: 07:00 a 13:00hs.<br \/>\nDelegaci\u00f3n de Santa Luisa: Calle Pourtal\u00e9 de Cassaux n\u00b0247 \u2013 Horario atenci\u00f3n: 07:00 a 13:00hs.<br \/>\nDelegaci\u00f3n de Espigas: Calle S\u00e1bato de Gonzalez y P. Yungblut \u2013 Horario atenci\u00f3n: 07:00 a 13:00hs.<br \/>\nTerritorial 1: Avenida Alberdi y Fassina \u2013 Horario atenci\u00f3n: 07:00 a 13:00hs.<br \/>\nTerritorial 2: Avenida Alberdi 2555 \u2013 Horario atenci\u00f3n: 07:00 a 13:00hs.<br \/>\nTerritorial 4: Calle Rufino Fal y Berutti \u2013 Horario atenci\u00f3n: 07:00 a 13:00hs.<br \/>\nTerritorial 7 CIC: Calle Santa F\u00e9 1601 \u2013 Horario atenci\u00f3n: 07:00 a 13:00hs.<br \/>\nCentro Cultural San Jos\u00e9: Calle Riobamba 2949 \u2013 Horario atenci\u00f3n: lunes, martes, jueves y viernes 09:00 a 11:00 y mi\u00e9rcoles 17:00 a 19:00hs.<br \/>\nMuseo de las Ciencias: Avenida Pellegrini 4200 \u2013 Horario atenci\u00f3n: lunes, martes, jueves y viernes 09:00 a 11:00 y mi\u00e9rcoles 17:00 a 19:00hs.<\/p>\n<p><a href=\"https:\/\/experienciadevida.com.ar\/portalurbano\/hilario-galli-encabezo-una-reunion-de-trabajo-por-el-censo-2022\/hilario-2\/\" rel=\"attachment wp-att-165643\"><img decoding=\"async\" class=\"alignnone size-large wp-image-165643\" src=\"https:\/\/experienciadevida.com.ar\/portalurbano\/wp-content\/uploads\/2022\/04\/Hilario-1024x684.jpg\" alt=\"Hilario \" width=\"900\" height=\"601\" srcset=\"https:\/\/experienciadevida.com.ar\/portalurbano\/wp-content\/uploads\/2022\/04\/Hilario-1024x684.jpg 1024w, https:\/\/experienciadevida.com.ar\/portalurbano\/wp-content\/uploads\/2022\/04\/Hilario-300x201.jpg 300w, https:\/\/experienciadevida.com.ar\/portalurbano\/wp-content\/uploads\/2022\/04\/Hilario-768x513.jpg 768w, https:\/\/experienciadevida.com.ar\/portalurbano\/wp-content\/uploads\/2022\/04\/Hilario-1536x1027.jpg 1536w, https:\/\/experienciadevida.com.ar\/portalurbano\/wp-content\/uploads\/2022\/04\/Hilario-2048x1369.jpg 2048w\" sizes=\"(max-width: 900px) 100vw, 900px\" \/><\/a><\/p>\n","protected":false},"excerpt":{"rendered":"<p>Hilario Galli encabez\u00f3 una reuni\u00f3n de trabajo por el Censo 2022, fue en la ma\u00f1ana&#8230;<\/p>\n","protected":false},"author":1,"featured_media":165641,"comment_status":"closed","ping_status":"closed","sticky":false,"template":"","format":"standard","meta":{"content-type":""},"categories":[27,51],"tags":[],"nelio_content":{"isAutoShareEnabled":false,"autoShareEndMode":"default","automationSources":{"useContentSentences":true,"useSocialTemplates":true,"useCustomSentences":false,"customSentences":[]},"followers":[1],"suggestedReferences":[],"includedReferences":[],"efiUrl":"","efiAlt":"","highlights":[]},"yoast_head":"<!-- This site is optimized with the Yoast SEO plugin v20.7 - https:\/\/yoast.com\/wordpress\/plugins\/seo\/ -->\n<title>Hilario Galli encabez\u00f3 una reuni\u00f3n de trabajo por el censo 2022<\/title>\n<meta name=\"description\" content=\"Hilario Galli encabez\u00f3 una reuni\u00f3n de trabajo por el Censo 2022, fue en la ma\u00f1ana de este mi\u00e9rcoles con autoridades educativas\" \/>\n<meta name=\"robots\" content=\"index, follow, max-snippet:-1, max-image-preview:large, max-video-preview:-1\" \/>\n<link rel=\"canonical\" href=\"https:\/\/experienciadevida.com.ar\/portalurbano\/hilario-galli-encabezo-una-reunion-de-trabajo-por-el-censo-2022\/\" \/>\n<meta property=\"og:locale\" content=\"es_ES\" \/>\n<meta property=\"og:type\" content=\"article\" \/>\n<meta property=\"og:title\" content=\"Hilario Galli encabez\u00f3 una reuni\u00f3n de trabajo por el censo 2022\" \/>\n<meta property=\"og:description\" content=\"Hilario Galli encabez\u00f3 una reuni\u00f3n de trabajo por el Censo 2022, fue en la ma\u00f1ana de este mi\u00e9rcoles con autoridades educativas\" \/>\n<meta property=\"og:url\" content=\"https:\/\/experienciadevida.com.ar\/portalurbano\/hilario-galli-encabezo-una-reunion-de-trabajo-por-el-censo-2022\/\" \/>\n<meta property=\"article:publisher\" content=\"https:\/\/www.facebook.com\/Portal-Urbano-171542830093757\/\" \/>\n<meta property=\"article:published_time\" content=\"2022-04-13T18:14:58+00:00\" \/>\n<meta property=\"article:modified_time\" content=\"2022-04-13T18:30:14+00:00\" \/>\n<meta property=\"og:image\" content=\"https:\/\/experienciadevida.com.ar\/portalurbano\/wp-content\/uploads\/2022\/04\/Hilario-Galli-encabezo-una-e1649873688490.jpg\" \/>\n\t<meta property=\"og:image:width\" content=\"765\" \/>\n\t<meta property=\"og:image:height\" content=\"511\" \/>\n\t<meta property=\"og:image:type\" content=\"image\/jpeg\" \/>\n<meta name=\"author\" content=\"admpu17wp\" \/>\n<meta name=\"twitter:card\" content=\"summary_large_image\" \/>\n<meta name=\"twitter:creator\" content=\"@portalurbanook\" \/>\n<meta name=\"twitter:site\" content=\"@portalurbanook\" \/>\n<meta name=\"twitter:label1\" content=\"Escrito por\" \/>\n\t<meta name=\"twitter:data1\" content=\"admpu17wp\" \/>\n\t<meta name=\"twitter:label2\" content=\"Tiempo de lectura\" \/>\n\t<meta name=\"twitter:data2\" content=\"2 minutos\" \/>\n<script type=\"application\/ld+json\" class=\"yoast-schema-graph\">{\"@context\":\"https:\/\/schema.org\",\"@graph\":[{\"@type\":\"Article\",\"@id\":\"https:\/\/experienciadevida.com.ar\/portalurbano\/hilario-galli-encabezo-una-reunion-de-trabajo-por-el-censo-2022\/#article\",\"isPartOf\":{\"@id\":\"https:\/\/experienciadevida.com.ar\/portalurbano\/hilario-galli-encabezo-una-reunion-de-trabajo-por-el-censo-2022\/\"},\"author\":{\"name\":\"admpu17wp\",\"@id\":\"https:\/\/experienciadevida.com.ar\/portalurbano\/#\/schema\/person\/02dd326b1c4b056e9cc972486934a3a7\"},\"headline\":\"Hilario Galli encabez\u00f3 una reuni\u00f3n de trabajo por el Censo 2022\",\"datePublished\":\"2022-04-13T18:14:58+00:00\",\"dateModified\":\"2022-04-13T18:30:14+00:00\",\"mainEntityOfPage\":{\"@id\":\"https:\/\/experienciadevida.com.ar\/portalurbano\/hilario-galli-encabezo-una-reunion-de-trabajo-por-el-censo-2022\/\"},\"wordCount\":386,\"publisher\":{\"@id\":\"https:\/\/experienciadevida.com.ar\/portalurbano\/#organization\"},\"articleSection\":[\"Ciudad\",\"Destacadas\"],\"inLanguage\":\"es\"},{\"@type\":\"WebPage\",\"@id\":\"https:\/\/experienciadevida.com.ar\/portalurbano\/hilario-galli-encabezo-una-reunion-de-trabajo-por-el-censo-2022\/\",\"url\":\"https:\/\/experienciadevida.com.ar\/portalurbano\/hilario-galli-encabezo-una-reunion-de-trabajo-por-el-censo-2022\/\",\"name\":\"Hilario Galli encabez\u00f3 una reuni\u00f3n de trabajo por el censo 2022\",\"isPartOf\":{\"@id\":\"https:\/\/experienciadevida.com.ar\/portalurbano\/#website\"},\"datePublished\":\"2022-04-13T18:14:58+00:00\",\"dateModified\":\"2022-04-13T18:30:14+00:00\",\"description\":\"Hilario Galli encabez\u00f3 una reuni\u00f3n de trabajo por el Censo 2022, fue en la ma\u00f1ana de este mi\u00e9rcoles con autoridades educativas\",\"breadcrumb\":{\"@id\":\"https:\/\/experienciadevida.com.ar\/portalurbano\/hilario-galli-encabezo-una-reunion-de-trabajo-por-el-censo-2022\/#breadcrumb\"},\"inLanguage\":\"es\",\"potentialAction\":[{\"@type\":\"ReadAction\",\"target\":[\"https:\/\/experienciadevida.com.ar\/portalurbano\/hilario-galli-encabezo-una-reunion-de-trabajo-por-el-censo-2022\/\"]}]},{\"@type\":\"BreadcrumbList\",\"@id\":\"https:\/\/experienciadevida.com.ar\/portalurbano\/hilario-galli-encabezo-una-reunion-de-trabajo-por-el-censo-2022\/#breadcrumb\",\"itemListElement\":[{\"@type\":\"ListItem\",\"position\":1,\"name\":\"Portada\",\"item\":\"https:\/\/experienciadevida.com.ar\/portalurbano\/\"},{\"@type\":\"ListItem\",\"position\":2,\"name\":\"Hilario Galli encabez\u00f3 una reuni\u00f3n de trabajo por el Censo 2022\"}]},{\"@type\":\"WebSite\",\"@id\":\"https:\/\/experienciadevida.com.ar\/portalurbano\/#website\",\"url\":\"https:\/\/experienciadevida.com.ar\/portalurbano\/\",\"name\":\"\",\"description\":\"\",\"publisher\":{\"@id\":\"https:\/\/experienciadevida.com.ar\/portalurbano\/#organization\"},\"potentialAction\":[{\"@type\":\"SearchAction\",\"target\":{\"@type\":\"EntryPoint\",\"urlTemplate\":\"https:\/\/experienciadevida.com.ar\/portalurbano\/?s={search_term_string}\"},\"query-input\":\"required name=search_term_string\"}],\"inLanguage\":\"es\"},{\"@type\":\"Organization\",\"@id\":\"https:\/\/experienciadevida.com.ar\/portalurbano\/#organization\",\"name\":\"Portal Urbano\",\"url\":\"https:\/\/experienciadevida.com.ar\/portalurbano\/\",\"logo\":{\"@type\":\"ImageObject\",\"inLanguage\":\"es\",\"@id\":\"https:\/\/experienciadevida.com.ar\/portalurbano\/#\/schema\/logo\/image\/\",\"url\":\"https:\/\/experienciadevida.com.ar\/portalurbano\/wp-content\/uploads\/2019\/09\/Logo-Original.png\",\"contentUrl\":\"https:\/\/experienciadevida.com.ar\/portalurbano\/wp-content\/uploads\/2019\/09\/Logo-Original.png\",\"width\":2236,\"height\":1216,\"caption\":\"Portal Urbano\"},\"image\":{\"@id\":\"https:\/\/experienciadevida.com.ar\/portalurbano\/#\/schema\/logo\/image\/\"},\"sameAs\":[\"https:\/\/www.facebook.com\/Portal-Urbano-171542830093757\/\",\"https:\/\/twitter.com\/portalurbanook\",\"https:\/\/www.instagram.com\/_portalurbano\/\",\"https:\/\/www.youtube.com\/channel\/UCXhagIfszH8KxFiOok79zbA?view_as=subscriber\"]},{\"@type\":\"Person\",\"@id\":\"https:\/\/experienciadevida.com.ar\/portalurbano\/#\/schema\/person\/02dd326b1c4b056e9cc972486934a3a7\",\"name\":\"admpu17wp\",\"image\":{\"@type\":\"ImageObject\",\"inLanguage\":\"es\",\"@id\":\"https:\/\/experienciadevida.com.ar\/portalurbano\/#\/schema\/person\/image\/\",\"url\":\"https:\/\/secure.gravatar.com\/avatar\/830d4c57adaae6630765e449a6908047?s=96&d=mm&r=g\",\"contentUrl\":\"https:\/\/secure.gravatar.com\/avatar\/830d4c57adaae6630765e449a6908047?s=96&d=mm&r=g\",\"caption\":\"admpu17wp\"}}]}<\/script>\n<!-- \/ Yoast SEO plugin. -->","yoast_head_json":{"title":"Hilario Galli encabez\u00f3 una reuni\u00f3n de trabajo por el censo 2022","description":"Hilario Galli encabez\u00f3 una reuni\u00f3n de trabajo por el Censo 2022, fue en la ma\u00f1ana de este mi\u00e9rcoles con autoridades educativas","robots":{"index":"index","follow":"follow","max-snippet":"max-snippet:-1","max-image-preview":"max-image-preview:large","max-video-preview":"max-video-preview:-1"},"canonical":"https:\/\/experienciadevida.com.ar\/portalurbano\/hilario-galli-encabezo-una-reunion-de-trabajo-por-el-censo-2022\/","og_locale":"es_ES","og_type":"article","og_title":"Hilario Galli encabez\u00f3 una reuni\u00f3n de trabajo por el censo 2022","og_description":"Hilario Galli encabez\u00f3 una reuni\u00f3n de trabajo por el Censo 2022, fue en la ma\u00f1ana de este mi\u00e9rcoles con autoridades educativas","og_url":"https:\/\/experienciadevida.com.ar\/portalurbano\/hilario-galli-encabezo-una-reunion-de-trabajo-por-el-censo-2022\/","article_publisher":"https:\/\/www.facebook.com\/Portal-Urbano-171542830093757\/","article_published_time":"2022-04-13T18:14:58+00:00","article_modified_time":"2022-04-13T18:30:14+00:00","og_image":[{"width":765,"height":511,"url":"https:\/\/experienciadevida.com.ar\/portalurbano\/wp-content\/uploads\/2022\/04\/Hilario-Galli-encabezo-una-e1649873688490.jpg","type":"image\/jpeg"}],"author":"admpu17wp","twitter_card":"summary_large_image","twitter_creator":"@portalurbanook","twitter_site":"@portalurbanook","twitter_misc":{"Escrito por":"admpu17wp","Tiempo de lectura":"2 minutos"},"schema":{"@context":"https:\/\/schema.org","@graph":[{"@type":"Article","@id":"https:\/\/experienciadevida.com.ar\/portalurbano\/hilario-galli-encabezo-una-reunion-de-trabajo-por-el-censo-2022\/#article","isPartOf":{"@id":"https:\/\/experienciadevida.com.ar\/portalurbano\/hilario-galli-encabezo-una-reunion-de-trabajo-por-el-censo-2022\/"},"author":{"name":"admpu17wp","@id":"https:\/\/experienciadevida.com.ar\/portalurbano\/#\/schema\/person\/02dd326b1c4b056e9cc972486934a3a7"},"headline":"Hilario Galli encabez\u00f3 una reuni\u00f3n de trabajo por el Censo 2022","datePublished":"2022-04-13T18:14:58+00:00","dateModified":"2022-04-13T18:30:14+00:00","mainEntityOfPage":{"@id":"https:\/\/experienciadevida.com.ar\/portalurbano\/hilario-galli-encabezo-una-reunion-de-trabajo-por-el-censo-2022\/"},"wordCount":386,"publisher":{"@id":"https:\/\/experienciadevida.com.ar\/portalurbano\/#organization"},"articleSection":["Ciudad","Destacadas"],"inLanguage":"es"},{"@type":"WebPage","@id":"https:\/\/experienciadevida.com.ar\/portalurbano\/hilario-galli-encabezo-una-reunion-de-trabajo-por-el-censo-2022\/","url":"https:\/\/experienciadevida.com.ar\/portalurbano\/hilario-galli-encabezo-una-reunion-de-trabajo-por-el-censo-2022\/","name":"Hilario Galli encabez\u00f3 una reuni\u00f3n de trabajo por el censo 2022","isPartOf":{"@id":"https:\/\/experienciadevida.com.ar\/portalurbano\/#website"},"datePublished":"2022-04-13T18:14:58+00:00","dateModified":"2022-04-13T18:30:14+00:00","description":"Hilario Galli encabez\u00f3 una reuni\u00f3n de trabajo por el Censo 2022, fue en la ma\u00f1ana de este mi\u00e9rcoles con autoridades educativas","breadcrumb":{"@id":"https:\/\/experienciadevida.com.ar\/portalurbano\/hilario-galli-encabezo-una-reunion-de-trabajo-por-el-censo-2022\/#breadcrumb"},"inLanguage":"es","potentialAction":[{"@type":"ReadAction","target":["https:\/\/experienciadevida.com.ar\/portalurbano\/hilario-galli-encabezo-una-reunion-de-trabajo-por-el-censo-2022\/"]}]},{"@type":"BreadcrumbList","@id":"https:\/\/experienciadevida.com.ar\/portalurbano\/hilario-galli-encabezo-una-reunion-de-trabajo-por-el-censo-2022\/#breadcrumb","itemListElement":[{"@type":"ListItem","position":1,"name":"Portada","item":"https:\/\/experienciadevida.com.ar\/portalurbano\/"},{"@type":"ListItem","position":2,"name":"Hilario Galli encabez\u00f3 una reuni\u00f3n de trabajo por el Censo 2022"}]},{"@type":"WebSite","@id":"https:\/\/experienciadevida.com.ar\/portalurbano\/#website","url":"https:\/\/experienciadevida.com.ar\/portalurbano\/","name":"","description":"","publisher":{"@id":"https:\/\/experienciadevida.com.ar\/portalurbano\/#organization"},"potentialAction":[{"@type":"SearchAction","target":{"@type":"EntryPoint","urlTemplate":"https:\/\/experienciadevida.com.ar\/portalurbano\/?s={search_term_string}"},"query-input":"required name=search_term_string"}],"inLanguage":"es"},{"@type":"Organization","@id":"https:\/\/experienciadevida.com.ar\/portalurbano\/#organization","name":"Portal Urbano","url":"https:\/\/experienciadevida.com.ar\/portalurbano\/","logo":{"@type":"ImageObject","inLanguage":"es","@id":"https:\/\/experienciadevida.com.ar\/portalurbano\/#\/schema\/logo\/image\/","url":"https:\/\/experienciadevida.com.ar\/portalurbano\/wp-content\/uploads\/2019\/09\/Logo-Original.png","contentUrl":"https:\/\/experienciadevida.com.ar\/portalurbano\/wp-content\/uploads\/2019\/09\/Logo-Original.png","width":2236,"height":1216,"caption":"Portal Urbano"},"image":{"@id":"https:\/\/experienciadevida.com.ar\/portalurbano\/#\/schema\/logo\/image\/"},"sameAs":["https:\/\/www.facebook.com\/Portal-Urbano-171542830093757\/","https:\/\/twitter.com\/portalurbanook","https:\/\/www.instagram.com\/_portalurbano\/","https:\/\/www.youtube.com\/channel\/UCXhagIfszH8KxFiOok79zbA?view_as=subscriber"]},{"@type":"Person","@id":"https:\/\/experienciadevida.com.ar\/portalurbano\/#\/schema\/person\/02dd326b1c4b056e9cc972486934a3a7","name":"admpu17wp","image":{"@type":"ImageObject","inLanguage":"es","@id":"https:\/\/experienciadevida.com.ar\/portalurbano\/#\/schema\/person\/image\/","url":"https:\/\/secure.gravatar.com\/avatar\/830d4c57adaae6630765e449a6908047?s=96&d=mm&r=g","contentUrl":"https:\/\/secure.gravatar.com\/avatar\/830d4c57adaae6630765e449a6908047?s=96&d=mm&r=g","caption":"admpu17wp"}}]}},"featured_image_urls":{"full":["https:\/\/experienciadevida.com.ar\/portalurbano\/wp-content\/uploads\/2022\/04\/Hilario-Galli-encabezo-una-e1649873688490.jpg",765,511,false],"thumbnail":["https:\/\/experienciadevida.com.ar\/portalurbano\/wp-content\/uploads\/2022\/04\/Hilario-Galli-encabezo-una-150x150.jpg",150,150,true],"medium":["https:\/\/experienciadevida.com.ar\/portalurbano\/wp-content\/uploads\/2022\/04\/Hilario-Galli-encabezo-una-300x201.jpg",300,201,true],"medium_large":["https:\/\/experienciadevida.com.ar\/portalurbano\/wp-content\/uploads\/2022\/04\/Hilario-Galli-encabezo-una-768x513.jpg",640,428,true],"large":["https:\/\/experienciadevida.com.ar\/portalurbano\/wp-content\/uploads\/2022\/04\/Hilario-Galli-encabezo-una-1024x684.jpg",640,428,true],"ug_big":["https:\/\/experienciadevida.com.ar\/portalurbano\/wp-content\/uploads\/2022\/04\/Hilario-Galli-encabezo-una-768x513.jpg",768,513,true],"1536x1536":["https:\/\/experienciadevida.com.ar\/portalurbano\/wp-content\/uploads\/2022\/04\/Hilario-Galli-encabezo-una-1536x1027.jpg",1536,1027,true],"2048x2048":["https:\/\/experienciadevida.com.ar\/portalurbano\/wp-content\/uploads\/2022\/04\/Hilario-Galli-encabezo-una-2048x1369.jpg",2048,1369,true],"newsever-slider-full":["https:\/\/experienciadevida.com.ar\/portalurbano\/wp-content\/uploads\/2022\/04\/Hilario-Galli-encabezo-una-e1649873688490.jpg",765,511,false],"newsever-featured":["https:\/\/experienciadevida.com.ar\/portalurbano\/wp-content\/uploads\/2022\/04\/Hilario-Galli-encabezo-una-e1649873688490.jpg",765,511,false],"newsever-medium":["https:\/\/experienciadevida.com.ar\/portalurbano\/wp-content\/uploads\/2022\/04\/Hilario-Galli-encabezo-una-e1649873688490.jpg",711,475,false],"web-stories-poster-portrait":["https:\/\/experienciadevida.com.ar\/portalurbano\/wp-content\/uploads\/2022\/04\/Hilario-Galli-encabezo-una-e1649873688490.jpg",640,428,false],"web-stories-publisher-logo":["https:\/\/experienciadevida.com.ar\/portalurbano\/wp-content\/uploads\/2022\/04\/Hilario-Galli-encabezo-una-e1649873688490.jpg",96,64,false],"web-stories-thumbnail":["https:\/\/experienciadevida.com.ar\/portalurbano\/wp-content\/uploads\/2022\/04\/Hilario-Galli-encabezo-una-e1649873688490.jpg",150,100,false]},"author_info":{"display_name":"admpu17wp","author_link":"https:\/\/experienciadevida.com.ar\/portalurbano\/author\/admpu17wp\/"},"category_info":"<a href=\"https:\/\/experienciadevida.com.ar\/portalurbano\/category\/ciudad\/\" rel=\"category tag\">Ciudad<\/a> <a href=\"https:\/\/experienciadevida.com.ar\/portalurbano\/category\/destacadas\/\" rel=\"category tag\">Destacadas<\/a>","tag_info":"Destacadas","comment_count":"0","amp_enabled":true,"_links":{"self":[{"href":"https:\/\/experienciadevida.com.ar\/portalurbano\/wp-json\/wp\/v2\/posts\/165640"}],"collection":[{"href":"https:\/\/experienciadevida.com.ar\/portalurbano\/wp-json\/wp\/v2\/posts"}],"about":[{"href":"https:\/\/experienciadevida.com.ar\/portalurbano\/wp-json\/wp\/v2\/types\/post"}],"author":[{"embeddable":true,"href":"https:\/\/experienciadevida.com.ar\/portalurbano\/wp-json\/wp\/v2\/users\/1"}],"replies":[{"embeddable":true,"href":"https:\/\/experienciadevida.com.ar\/portalurbano\/wp-json\/wp\/v2\/comments?post=165640"}],"version-history":[{"count":3,"href":"https:\/\/experienciadevida.com.ar\/portalurbano\/wp-json\/wp\/v2\/posts\/165640\/revisions"}],"predecessor-version":[{"id":165644,"href":"https:\/\/experienciadevida.com.ar\/portalurbano\/wp-json\/wp\/v2\/posts\/165640\/revisions\/165644"}],"wp:featuredmedia":[{"embeddable":true,"href":"https:\/\/experienciadevida.com.ar\/portalurbano\/wp-json\/wp\/v2\/media\/165641"}],"wp:attachment":[{"href":"https:\/\/experienciadevida.com.ar\/portalurbano\/wp-json\/wp\/v2\/media?parent=165640"}],"wp:term":[{"taxonomy":"category","embeddable":true,"href":"https:\/\/experienciadevida.com.ar\/portalurbano\/wp-json\/wp\/v2\/categories?post=165640"},{"taxonomy":"post_tag","embeddable":true,"href":"https:\/\/experienciadevida.com.ar\/portalurbano\/wp-json\/wp\/v2\/tags?post=165640"}],"curies":[{"name":"wp","href":"https:\/\/api.w.org\/{rel}","templated":true}]}}