{"id":165632,"date":"2022-04-13T10:03:43","date_gmt":"2022-04-13T13:03:43","guid":{"rendered":"https:\/\/experienciadevida.com.ar\/portalurbano\/?p=165632"},"modified":"2022-04-13T10:05:45","modified_gmt":"2022-04-13T13:05:45","slug":"continua-el-ciclo-ser-emprendedor","status":"publish","type":"post","link":"https:\/\/experienciadevida.com.ar\/portalurbano\/continua-el-ciclo-ser-emprendedor\/","title":{"rendered":"Contin\u00faa el ciclo \u201cSER Emprendedor\u201d"},"content":{"rendered":"<p>Contin\u00faa el ciclo \u201cSER Emprendedor\u201d, desde la <a href=\"https:\/\/www.facebook.com\/municipiodeolavarria\">Secretar\u00eda de Desarrollo Econ\u00f3mico<\/a> se inform\u00f3 que contin\u00faa el ciclo de encuentros denominado \u00abSER Emprendedor\u00bb. En esta oportunidad, integrantes del equipo visitaron el Colegio Santa Teresa y la Escuela de Educaci\u00f3n Secundaria N\u00aa 8, con una participaci\u00f3n de m\u00e1s de 40 j\u00f3venes.<\/p>\n<p>El taller tiene como objetivo principal: impulsar y cultivar el esp\u00edritu emprendedor en los j\u00f3venes olavarrienses, a trav\u00e9s del cual puedan visualizar el empleo independiente como una alternativa importante del mercado de trabajo local, regional, y nacional.<\/p>\n<p>Dicha capacitaci\u00f3n cuenta con un abordaje pr\u00e1ctico, que incluye la experiencia en territorio del equipo t\u00e9cnico \u2013 profesional que conforma la Direcci\u00f3n de Econom\u00eda Social. Su contenido est\u00e1 centrado en los aspectos subjetivos, y en los primeros pasos necesarios para iniciar y sostener una idea de negocios.<\/p>\n<p>Realidad del sector MiPyme en Argentina, concepto de emprendedor, concepto de creatividad, actitudes emprendedoras, problem\u00e1ticas del emprendedor, evaluaci\u00f3n del perfil emprendedor, visi\u00f3n estrat\u00e9gica, de la idea al negocio, son parte de los contenidos abordados.<\/p>\n<p>SER Emprendedor, est\u00e1 destinado a j\u00f3venes del \u00faltimo a\u00f1o de escuelas secundarias del Partido de Olavarr\u00eda. Las instituciones o docentes interesados pueden realizar consultas de manera personal en Moreno 2765, telef\u00f3nicamente al 422135\/195, o v\u00eda email a economia.social@olavarria.gov.ar.<\/p>\n","protected":false},"excerpt":{"rendered":"<p>Contin\u00faa el ciclo \u201cSER Emprendedor\u201d, desde la Secretar\u00eda de Desarrollo Econ\u00f3mico se inform\u00f3 que contin\u00faa&#8230;<\/p>\n","protected":false},"author":1,"featured_media":165633,"comment_status":"closed","ping_status":"closed","sticky":false,"template":"","format":"standard","meta":{"content-type":""},"categories":[27],"tags":[],"nelio_content":{"isAutoShareEnabled":false,"autoShareEndMode":"default","automationSources":{"useContentSentences":true,"useSocialTemplates":true,"useCustomSentences":false,"customSentences":[]},"followers":[1],"suggestedReferences":[],"includedReferences":[],"efiUrl":"","efiAlt":"","highlights":[]},"yoast_head":"<!-- This site is optimized with the Yoast SEO plugin v20.7 - https:\/\/yoast.com\/wordpress\/plugins\/seo\/ -->\n<title>Contin\u00faa el ciclo &quot;SER Emprendedor&quot;<\/title>\n<meta name=\"description\" content=\"Contin\u00faa el ciclo \u201cSER Emprendedor\u201d, integrantes del equipo visitaron el Colegio Santa Teresa y la Escuela de Educaci\u00f3n Secundaria N\u00aa 8,\" \/>\n<meta name=\"robots\" content=\"index, follow, max-snippet:-1, max-image-preview:large, max-video-preview:-1\" \/>\n<link rel=\"canonical\" href=\"https:\/\/experienciadevida.com.ar\/portalurbano\/continua-el-ciclo-ser-emprendedor\/\" \/>\n<meta property=\"og:locale\" content=\"es_ES\" \/>\n<meta property=\"og:type\" content=\"article\" \/>\n<meta property=\"og:title\" content=\"Contin\u00faa el ciclo &quot;SER Emprendedor&quot;\" \/>\n<meta property=\"og:description\" content=\"Contin\u00faa el ciclo \u201cSER Emprendedor\u201d, integrantes del equipo visitaron el Colegio Santa Teresa y la Escuela de Educaci\u00f3n Secundaria N\u00aa 8,\" \/>\n<meta property=\"og:url\" content=\"https:\/\/experienciadevida.com.ar\/portalurbano\/continua-el-ciclo-ser-emprendedor\/\" \/>\n<meta property=\"article:publisher\" content=\"https:\/\/www.facebook.com\/Portal-Urbano-171542830093757\/\" \/>\n<meta property=\"article:published_time\" content=\"2022-04-13T13:03:43+00:00\" \/>\n<meta property=\"article:modified_time\" content=\"2022-04-13T13:05:45+00:00\" \/>\n<meta property=\"og:image\" content=\"https:\/\/experienciadevida.com.ar\/portalurbano\/wp-content\/uploads\/2022\/04\/Continua-el-ciclo.jpg\" \/>\n\t<meta property=\"og:image:width\" content=\"1024\" \/>\n\t<meta property=\"og:image:height\" content=\"682\" \/>\n\t<meta property=\"og:image:type\" content=\"image\/jpeg\" \/>\n<meta name=\"author\" content=\"admpu17wp\" \/>\n<meta name=\"twitter:card\" content=\"summary_large_image\" \/>\n<meta name=\"twitter:creator\" content=\"@portalurbanook\" \/>\n<meta name=\"twitter:site\" content=\"@portalurbanook\" \/>\n<meta name=\"twitter:label1\" content=\"Escrito por\" \/>\n\t<meta name=\"twitter:data1\" content=\"admpu17wp\" \/>\n\t<meta name=\"twitter:label2\" content=\"Tiempo de lectura\" \/>\n\t<meta name=\"twitter:data2\" content=\"1 minuto\" \/>\n<script type=\"application\/ld+json\" class=\"yoast-schema-graph\">{\"@context\":\"https:\/\/schema.org\",\"@graph\":[{\"@type\":\"Article\",\"@id\":\"https:\/\/experienciadevida.com.ar\/portalurbano\/continua-el-ciclo-ser-emprendedor\/#article\",\"isPartOf\":{\"@id\":\"https:\/\/experienciadevida.com.ar\/portalurbano\/continua-el-ciclo-ser-emprendedor\/\"},\"author\":{\"name\":\"admpu17wp\",\"@id\":\"https:\/\/experienciadevida.com.ar\/portalurbano\/#\/schema\/person\/02dd326b1c4b056e9cc972486934a3a7\"},\"headline\":\"Contin\u00faa el ciclo \u201cSER Emprendedor\u201d\",\"datePublished\":\"2022-04-13T13:03:43+00:00\",\"dateModified\":\"2022-04-13T13:05:45+00:00\",\"mainEntityOfPage\":{\"@id\":\"https:\/\/experienciadevida.com.ar\/portalurbano\/continua-el-ciclo-ser-emprendedor\/\"},\"wordCount\":235,\"publisher\":{\"@id\":\"https:\/\/experienciadevida.com.ar\/portalurbano\/#organization\"},\"articleSection\":[\"Ciudad\"],\"inLanguage\":\"es\"},{\"@type\":\"WebPage\",\"@id\":\"https:\/\/experienciadevida.com.ar\/portalurbano\/continua-el-ciclo-ser-emprendedor\/\",\"url\":\"https:\/\/experienciadevida.com.ar\/portalurbano\/continua-el-ciclo-ser-emprendedor\/\",\"name\":\"Contin\u00faa el ciclo \\\"SER Emprendedor\\\"\",\"isPartOf\":{\"@id\":\"https:\/\/experienciadevida.com.ar\/portalurbano\/#website\"},\"datePublished\":\"2022-04-13T13:03:43+00:00\",\"dateModified\":\"2022-04-13T13:05:45+00:00\",\"description\":\"Contin\u00faa el ciclo \u201cSER Emprendedor\u201d, integrantes del equipo visitaron el Colegio Santa Teresa y la Escuela de Educaci\u00f3n Secundaria N\u00aa 8,\",\"breadcrumb\":{\"@id\":\"https:\/\/experienciadevida.com.ar\/portalurbano\/continua-el-ciclo-ser-emprendedor\/#breadcrumb\"},\"inLanguage\":\"es\",\"potentialAction\":[{\"@type\":\"ReadAction\",\"target\":[\"https:\/\/experienciadevida.com.ar\/portalurbano\/continua-el-ciclo-ser-emprendedor\/\"]}]},{\"@type\":\"BreadcrumbList\",\"@id\":\"https:\/\/experienciadevida.com.ar\/portalurbano\/continua-el-ciclo-ser-emprendedor\/#breadcrumb\",\"itemListElement\":[{\"@type\":\"ListItem\",\"position\":1,\"name\":\"Portada\",\"item\":\"https:\/\/experienciadevida.com.ar\/portalurbano\/\"},{\"@type\":\"ListItem\",\"position\":2,\"name\":\"Contin\u00faa el ciclo \u201cSER Emprendedor\u201d\"}]},{\"@type\":\"WebSite\",\"@id\":\"https:\/\/experienciadevida.com.ar\/portalurbano\/#website\",\"url\":\"https:\/\/experienciadevida.com.ar\/portalurbano\/\",\"name\":\"\",\"description\":\"\",\"publisher\":{\"@id\":\"https:\/\/experienciadevida.com.ar\/portalurbano\/#organization\"},\"potentialAction\":[{\"@type\":\"SearchAction\",\"target\":{\"@type\":\"EntryPoint\",\"urlTemplate\":\"https:\/\/experienciadevida.com.ar\/portalurbano\/?s={search_term_string}\"},\"query-input\":\"required name=search_term_string\"}],\"inLanguage\":\"es\"},{\"@type\":\"Organization\",\"@id\":\"https:\/\/experienciadevida.com.ar\/portalurbano\/#organization\",\"name\":\"Portal Urbano\",\"url\":\"https:\/\/experienciadevida.com.ar\/portalurbano\/\",\"logo\":{\"@type\":\"ImageObject\",\"inLanguage\":\"es\",\"@id\":\"https:\/\/experienciadevida.com.ar\/portalurbano\/#\/schema\/logo\/image\/\",\"url\":\"https:\/\/experienciadevida.com.ar\/portalurbano\/wp-content\/uploads\/2019\/09\/Logo-Original.png\",\"contentUrl\":\"https:\/\/experienciadevida.com.ar\/portalurbano\/wp-content\/uploads\/2019\/09\/Logo-Original.png\",\"width\":2236,\"height\":1216,\"caption\":\"Portal Urbano\"},\"image\":{\"@id\":\"https:\/\/experienciadevida.com.ar\/portalurbano\/#\/schema\/logo\/image\/\"},\"sameAs\":[\"https:\/\/www.facebook.com\/Portal-Urbano-171542830093757\/\",\"https:\/\/twitter.com\/portalurbanook\",\"https:\/\/www.instagram.com\/_portalurbano\/\",\"https:\/\/www.youtube.com\/channel\/UCXhagIfszH8KxFiOok79zbA?view_as=subscriber\"]},{\"@type\":\"Person\",\"@id\":\"https:\/\/experienciadevida.com.ar\/portalurbano\/#\/schema\/person\/02dd326b1c4b056e9cc972486934a3a7\",\"name\":\"admpu17wp\",\"image\":{\"@type\":\"ImageObject\",\"inLanguage\":\"es\",\"@id\":\"https:\/\/experienciadevida.com.ar\/portalurbano\/#\/schema\/person\/image\/\",\"url\":\"https:\/\/secure.gravatar.com\/avatar\/830d4c57adaae6630765e449a6908047?s=96&d=mm&r=g\",\"contentUrl\":\"https:\/\/secure.gravatar.com\/avatar\/830d4c57adaae6630765e449a6908047?s=96&d=mm&r=g\",\"caption\":\"admpu17wp\"}}]}<\/script>\n<!-- \/ Yoast SEO plugin. -->","yoast_head_json":{"title":"Contin\u00faa el ciclo \"SER Emprendedor\"","description":"Contin\u00faa el ciclo \u201cSER Emprendedor\u201d, integrantes del equipo visitaron el Colegio Santa Teresa y la Escuela de Educaci\u00f3n Secundaria N\u00aa 8,","robots":{"index":"index","follow":"follow","max-snippet":"max-snippet:-1","max-image-preview":"max-image-preview:large","max-video-preview":"max-video-preview:-1"},"canonical":"https:\/\/experienciadevida.com.ar\/portalurbano\/continua-el-ciclo-ser-emprendedor\/","og_locale":"es_ES","og_type":"article","og_title":"Contin\u00faa el ciclo \"SER Emprendedor\"","og_description":"Contin\u00faa el ciclo \u201cSER Emprendedor\u201d, integrantes del equipo visitaron el Colegio Santa Teresa y la Escuela de Educaci\u00f3n Secundaria N\u00aa 8,","og_url":"https:\/\/experienciadevida.com.ar\/portalurbano\/continua-el-ciclo-ser-emprendedor\/","article_publisher":"https:\/\/www.facebook.com\/Portal-Urbano-171542830093757\/","article_published_time":"2022-04-13T13:03:43+00:00","article_modified_time":"2022-04-13T13:05:45+00:00","og_image":[{"width":1024,"height":682,"url":"https:\/\/experienciadevida.com.ar\/portalurbano\/wp-content\/uploads\/2022\/04\/Continua-el-ciclo.jpg","type":"image\/jpeg"}],"author":"admpu17wp","twitter_card":"summary_large_image","twitter_creator":"@portalurbanook","twitter_site":"@portalurbanook","twitter_misc":{"Escrito por":"admpu17wp","Tiempo de lectura":"1 minuto"},"schema":{"@context":"https:\/\/schema.org","@graph":[{"@type":"Article","@id":"https:\/\/experienciadevida.com.ar\/portalurbano\/continua-el-ciclo-ser-emprendedor\/#article","isPartOf":{"@id":"https:\/\/experienciadevida.com.ar\/portalurbano\/continua-el-ciclo-ser-emprendedor\/"},"author":{"name":"admpu17wp","@id":"https:\/\/experienciadevida.com.ar\/portalurbano\/#\/schema\/person\/02dd326b1c4b056e9cc972486934a3a7"},"headline":"Contin\u00faa el ciclo \u201cSER Emprendedor\u201d","datePublished":"2022-04-13T13:03:43+00:00","dateModified":"2022-04-13T13:05:45+00:00","mainEntityOfPage":{"@id":"https:\/\/experienciadevida.com.ar\/portalurbano\/continua-el-ciclo-ser-emprendedor\/"},"wordCount":235,"publisher":{"@id":"https:\/\/experienciadevida.com.ar\/portalurbano\/#organization"},"articleSection":["Ciudad"],"inLanguage":"es"},{"@type":"WebPage","@id":"https:\/\/experienciadevida.com.ar\/portalurbano\/continua-el-ciclo-ser-emprendedor\/","url":"https:\/\/experienciadevida.com.ar\/portalurbano\/continua-el-ciclo-ser-emprendedor\/","name":"Contin\u00faa el ciclo \"SER Emprendedor\"","isPartOf":{"@id":"https:\/\/experienciadevida.com.ar\/portalurbano\/#website"},"datePublished":"2022-04-13T13:03:43+00:00","dateModified":"2022-04-13T13:05:45+00:00","description":"Contin\u00faa el ciclo \u201cSER Emprendedor\u201d, integrantes del equipo visitaron el Colegio Santa Teresa y la Escuela de Educaci\u00f3n Secundaria N\u00aa 8,","breadcrumb":{"@id":"https:\/\/experienciadevida.com.ar\/portalurbano\/continua-el-ciclo-ser-emprendedor\/#breadcrumb"},"inLanguage":"es","potentialAction":[{"@type":"ReadAction","target":["https:\/\/experienciadevida.com.ar\/portalurbano\/continua-el-ciclo-ser-emprendedor\/"]}]},{"@type":"BreadcrumbList","@id":"https:\/\/experienciadevida.com.ar\/portalurbano\/continua-el-ciclo-ser-emprendedor\/#breadcrumb","itemListElement":[{"@type":"ListItem","position":1,"name":"Portada","item":"https:\/\/experienciadevida.com.ar\/portalurbano\/"},{"@type":"ListItem","position":2,"name":"Contin\u00faa el ciclo \u201cSER Emprendedor\u201d"}]},{"@type":"WebSite","@id":"https:\/\/experienciadevida.com.ar\/portalurbano\/#website","url":"https:\/\/experienciadevida.com.ar\/portalurbano\/","name":"","description":"","publisher":{"@id":"https:\/\/experienciadevida.com.ar\/portalurbano\/#organization"},"potentialAction":[{"@type":"SearchAction","target":{"@type":"EntryPoint","urlTemplate":"https:\/\/experienciadevida.com.ar\/portalurbano\/?s={search_term_string}"},"query-input":"required name=search_term_string"}],"inLanguage":"es"},{"@type":"Organization","@id":"https:\/\/experienciadevida.com.ar\/portalurbano\/#organization","name":"Portal Urbano","url":"https:\/\/experienciadevida.com.ar\/portalurbano\/","logo":{"@type":"ImageObject","inLanguage":"es","@id":"https:\/\/experienciadevida.com.ar\/portalurbano\/#\/schema\/logo\/image\/","url":"https:\/\/experienciadevida.com.ar\/portalurbano\/wp-content\/uploads\/2019\/09\/Logo-Original.png","contentUrl":"https:\/\/experienciadevida.com.ar\/portalurbano\/wp-content\/uploads\/2019\/09\/Logo-Original.png","width":2236,"height":1216,"caption":"Portal Urbano"},"image":{"@id":"https:\/\/experienciadevida.com.ar\/portalurbano\/#\/schema\/logo\/image\/"},"sameAs":["https:\/\/www.facebook.com\/Portal-Urbano-171542830093757\/","https:\/\/twitter.com\/portalurbanook","https:\/\/www.instagram.com\/_portalurbano\/","https:\/\/www.youtube.com\/channel\/UCXhagIfszH8KxFiOok79zbA?view_as=subscriber"]},{"@type":"Person","@id":"https:\/\/experienciadevida.com.ar\/portalurbano\/#\/schema\/person\/02dd326b1c4b056e9cc972486934a3a7","name":"admpu17wp","image":{"@type":"ImageObject","inLanguage":"es","@id":"https:\/\/experienciadevida.com.ar\/portalurbano\/#\/schema\/person\/image\/","url":"https:\/\/secure.gravatar.com\/avatar\/830d4c57adaae6630765e449a6908047?s=96&d=mm&r=g","contentUrl":"https:\/\/secure.gravatar.com\/avatar\/830d4c57adaae6630765e449a6908047?s=96&d=mm&r=g","caption":"admpu17wp"}}]}},"featured_image_urls":{"full":["https:\/\/experienciadevida.com.ar\/portalurbano\/wp-content\/uploads\/2022\/04\/Continua-el-ciclo.jpg",1024,682,false],"thumbnail":["https:\/\/experienciadevida.com.ar\/portalurbano\/wp-content\/uploads\/2022\/04\/Continua-el-ciclo-150x150.jpg",150,150,true],"medium":["https:\/\/experienciadevida.com.ar\/portalurbano\/wp-content\/uploads\/2022\/04\/Continua-el-ciclo-300x200.jpg",300,200,true],"medium_large":["https:\/\/experienciadevida.com.ar\/portalurbano\/wp-content\/uploads\/2022\/04\/Continua-el-ciclo-768x512.jpg",640,427,true],"large":["https:\/\/experienciadevida.com.ar\/portalurbano\/wp-content\/uploads\/2022\/04\/Continua-el-ciclo.jpg",640,426,false],"ug_big":["https:\/\/experienciadevida.com.ar\/portalurbano\/wp-content\/uploads\/2022\/04\/Continua-el-ciclo-768x512.jpg",768,512,true],"1536x1536":["https:\/\/experienciadevida.com.ar\/portalurbano\/wp-content\/uploads\/2022\/04\/Continua-el-ciclo.jpg",1024,682,false],"2048x2048":["https:\/\/experienciadevida.com.ar\/portalurbano\/wp-content\/uploads\/2022\/04\/Continua-el-ciclo.jpg",1024,682,false],"newsever-slider-full":["https:\/\/experienciadevida.com.ar\/portalurbano\/wp-content\/uploads\/2022\/04\/Continua-el-ciclo.jpg",1024,682,false],"newsever-featured":["https:\/\/experienciadevida.com.ar\/portalurbano\/wp-content\/uploads\/2022\/04\/Continua-el-ciclo.jpg",1024,682,false],"newsever-medium":["https:\/\/experienciadevida.com.ar\/portalurbano\/wp-content\/uploads\/2022\/04\/Continua-el-ciclo.jpg",713,475,false],"web-stories-poster-portrait":["https:\/\/experienciadevida.com.ar\/portalurbano\/wp-content\/uploads\/2022\/04\/Continua-el-ciclo.jpg",640,426,false],"web-stories-publisher-logo":["https:\/\/experienciadevida.com.ar\/portalurbano\/wp-content\/uploads\/2022\/04\/Continua-el-ciclo.jpg",96,64,false],"web-stories-thumbnail":["https:\/\/experienciadevida.com.ar\/portalurbano\/wp-content\/uploads\/2022\/04\/Continua-el-ciclo.jpg",150,100,false]},"author_info":{"display_name":"admpu17wp","author_link":"https:\/\/experienciadevida.com.ar\/portalurbano\/author\/admpu17wp\/"},"category_info":"<a href=\"https:\/\/experienciadevida.com.ar\/portalurbano\/category\/ciudad\/\" rel=\"category tag\">Ciudad<\/a>","tag_info":"Ciudad","comment_count":"0","amp_enabled":true,"_links":{"self":[{"href":"https:\/\/experienciadevida.com.ar\/portalurbano\/wp-json\/wp\/v2\/posts\/165632"}],"collection":[{"href":"https:\/\/experienciadevida.com.ar\/portalurbano\/wp-json\/wp\/v2\/posts"}],"about":[{"href":"https:\/\/experienciadevida.com.ar\/portalurbano\/wp-json\/wp\/v2\/types\/post"}],"author":[{"embeddable":true,"href":"https:\/\/experienciadevida.com.ar\/portalurbano\/wp-json\/wp\/v2\/users\/1"}],"replies":[{"embeddable":true,"href":"https:\/\/experienciadevida.com.ar\/portalurbano\/wp-json\/wp\/v2\/comments?post=165632"}],"version-history":[{"count":1,"href":"https:\/\/experienciadevida.com.ar\/portalurbano\/wp-json\/wp\/v2\/posts\/165632\/revisions"}],"predecessor-version":[{"id":165634,"href":"https:\/\/experienciadevida.com.ar\/portalurbano\/wp-json\/wp\/v2\/posts\/165632\/revisions\/165634"}],"wp:featuredmedia":[{"embeddable":true,"href":"https:\/\/experienciadevida.com.ar\/portalurbano\/wp-json\/wp\/v2\/media\/165633"}],"wp:attachment":[{"href":"https:\/\/experienciadevida.com.ar\/portalurbano\/wp-json\/wp\/v2\/media?parent=165632"}],"wp:term":[{"taxonomy":"category","embeddable":true,"href":"https:\/\/experienciadevida.com.ar\/portalurbano\/wp-json\/wp\/v2\/categories?post=165632"},{"taxonomy":"post_tag","embeddable":true,"href":"https:\/\/experienciadevida.com.ar\/portalurbano\/wp-json\/wp\/v2\/tags?post=165632"}],"curies":[{"name":"wp","href":"https:\/\/api.w.org\/{rel}","templated":true}]}}