{"id":165617,"date":"2022-04-12T20:04:34","date_gmt":"2022-04-12T23:04:34","guid":{"rendered":"https:\/\/experienciadevida.com.ar\/portalurbano\/?p=165617"},"modified":"2022-04-12T20:16:33","modified_gmt":"2022-04-12T23:16:33","slug":"se-realizo-una-reunion-del-area-de-discapacidad-y-licencias-de-conducir-con-ideo","status":"publish","type":"post","link":"https:\/\/experienciadevida.com.ar\/portalurbano\/se-realizo-una-reunion-del-area-de-discapacidad-y-licencias-de-conducir-con-ideo\/","title":{"rendered":"Se realiz\u00f3 una reuni\u00f3n del \u00e1rea de Discapacidad y Licencias de conducir con IDEO"},"content":{"rendered":"<p>Se realiz\u00f3 una reuni\u00f3n del \u00e1rea de Discapacidad y Licencias de conducir con IDEO, el Municipio de Olavarr\u00eda, a trav\u00e9s del Programa de Promoci\u00f3n de Derechos para Personas con Discapacidad y Personas Mayores, informa que en la ma\u00f1ana del pasado martes se llev\u00f3 a cabo un encuentro del que tomaron parte referentes de la Direcci\u00f3n de Licencias de Conducir y el Instituto de Ense\u00f1anza Oral de Olavarr\u00eda (IDEO).<\/p>\n<p>Se detall\u00f3 que la reuni\u00f3n fue resultado de un trabajo en corresponsabilidad que el Programa de Promoci\u00f3n de Derechos viene desarrollando con la Direcci\u00f3n Licencias de Conducir, luego de poner en com\u00fan sus recursos institucionales y l\u00edneas de acci\u00f3n para avanzar en la construcci\u00f3n de dispositivos de atenci\u00f3n inclusivos y amigables en materia de discapacidad.<\/p>\n<p>Se realiz\u00f3 una reuni\u00f3n del \u00e1rea de Discapacidad y Licencias de conducir con IDEO, En esta oportunidad, la referente del \u00e1rea de Discapacidad, Romina Sponer, el director de Licencias de Conducir, Leandro Lanceta, la directora de IDEO y una trabajadora social de su equipo, avanzaron en cuestiones espec\u00edficas para eliminar barreras en la atenci\u00f3n por medio del dise\u00f1o de dispositivos m\u00e1s inclusivos, que puedan facilitarle a las personas con discapacidad auditiva el camino de obtenci\u00f3n de su licencia.<\/p>\n<p>Se realiz\u00f3 una reuni\u00f3n del \u00e1rea de Discapacidad y Licencias de conducir con IDEO, la referente \u00a0del Programa de Promoci\u00f3n de Derechos, Romina Sponer, realiz\u00f3 un balance del encuentro y manifest\u00f3 el compromiso de fortalecer el trabajo en corresponsabilidad con dichas \u00e1reas. \u00abEstamos trabajando para poder optimizar nuestros recursos, y garantizar el ejercicio de los derechos que asisten a las personas con discapacidad. La idea que nos convoca es que estas cuestiones sean el punto de partida para seguir desarrollando empat\u00eda y avanzando en la posibilidad de ser una sociedad m\u00e1s inclusiva\u201d, concluy\u00f3.<\/p>\n<p>Por su parte, el director de Licencias de Conducir, Leandro Lanceta, sostuvo que \u201cel encuentro de hoy es parte del trabajo que venimos desarrollando con el \u00e1rea de Discapacidad municipal, y con las organizaciones, que como IDEO, nos convocan en la tarea de facilitarle a las personas sus tr\u00e1mites, de manera operativa, clara y concisa, as\u00ed que seguiremos en ese camino para mejorar nuestros dispositivos y optimizar nuestros recursos\u201d, finaliz\u00f3.<\/p>\n<p>&nbsp;<\/p>\n","protected":false},"excerpt":{"rendered":"<p>Se realiz\u00f3 una reuni\u00f3n del \u00e1rea de Discapacidad y Licencias de conducir con IDEO, el&#8230;<\/p>\n","protected":false},"author":1,"featured_media":165618,"comment_status":"closed","ping_status":"closed","sticky":false,"template":"","format":"standard","meta":{"content-type":""},"categories":[27],"tags":[],"nelio_content":{"isAutoShareEnabled":false,"autoShareEndMode":"default","automationSources":{"useContentSentences":true,"useSocialTemplates":true,"useCustomSentences":false,"customSentences":[]},"followers":[1],"suggestedReferences":[],"includedReferences":[],"efiUrl":"","efiAlt":"","highlights":[]},"yoast_head":"<!-- This site is optimized with the Yoast SEO plugin v20.7 - https:\/\/yoast.com\/wordpress\/plugins\/seo\/ -->\n<title>Se realiz\u00f3 una reuni\u00f3n del \u00e1rea de discapacidad y Licencias de conducir<\/title>\n<meta name=\"description\" content=\"Se realiz\u00f3 una reuni\u00f3n del \u00e1rea de Discapacidad y Licencias de conducir con IDEO, a trav\u00e9s del Programa de Promoci\u00f3n de Derechos\" \/>\n<meta name=\"robots\" content=\"index, follow, max-snippet:-1, max-image-preview:large, max-video-preview:-1\" \/>\n<link rel=\"canonical\" href=\"https:\/\/experienciadevida.com.ar\/portalurbano\/se-realizo-una-reunion-del-area-de-discapacidad-y-licencias-de-conducir-con-ideo\/\" \/>\n<meta property=\"og:locale\" content=\"es_ES\" \/>\n<meta property=\"og:type\" content=\"article\" \/>\n<meta property=\"og:title\" content=\"Se realiz\u00f3 una reuni\u00f3n del \u00e1rea de discapacidad y Licencias de conducir\" \/>\n<meta property=\"og:description\" content=\"Se realiz\u00f3 una reuni\u00f3n del \u00e1rea de Discapacidad y Licencias de conducir con IDEO, a trav\u00e9s del Programa de Promoci\u00f3n de Derechos\" \/>\n<meta property=\"og:url\" content=\"https:\/\/experienciadevida.com.ar\/portalurbano\/se-realizo-una-reunion-del-area-de-discapacidad-y-licencias-de-conducir-con-ideo\/\" \/>\n<meta property=\"article:publisher\" content=\"https:\/\/www.facebook.com\/Portal-Urbano-171542830093757\/\" \/>\n<meta property=\"article:published_time\" content=\"2022-04-12T23:04:34+00:00\" \/>\n<meta property=\"article:modified_time\" content=\"2022-04-12T23:16:33+00:00\" \/>\n<meta property=\"og:image\" content=\"https:\/\/experienciadevida.com.ar\/portalurbano\/wp-content\/uploads\/2022\/04\/Se-realizo-una-reunion.jpg\" \/>\n\t<meta property=\"og:image:width\" content=\"1024\" \/>\n\t<meta property=\"og:image:height\" content=\"682\" \/>\n\t<meta property=\"og:image:type\" content=\"image\/jpeg\" \/>\n<meta name=\"author\" content=\"admpu17wp\" \/>\n<meta name=\"twitter:card\" content=\"summary_large_image\" \/>\n<meta name=\"twitter:creator\" content=\"@portalurbanook\" \/>\n<meta name=\"twitter:site\" content=\"@portalurbanook\" \/>\n<meta name=\"twitter:label1\" content=\"Escrito por\" \/>\n\t<meta name=\"twitter:data1\" content=\"admpu17wp\" \/>\n\t<meta name=\"twitter:label2\" content=\"Tiempo de lectura\" \/>\n\t<meta name=\"twitter:data2\" content=\"2 minutos\" \/>\n<script type=\"application\/ld+json\" class=\"yoast-schema-graph\">{\"@context\":\"https:\/\/schema.org\",\"@graph\":[{\"@type\":\"Article\",\"@id\":\"https:\/\/experienciadevida.com.ar\/portalurbano\/se-realizo-una-reunion-del-area-de-discapacidad-y-licencias-de-conducir-con-ideo\/#article\",\"isPartOf\":{\"@id\":\"https:\/\/experienciadevida.com.ar\/portalurbano\/se-realizo-una-reunion-del-area-de-discapacidad-y-licencias-de-conducir-con-ideo\/\"},\"author\":{\"name\":\"admpu17wp\",\"@id\":\"https:\/\/experienciadevida.com.ar\/portalurbano\/#\/schema\/person\/02dd326b1c4b056e9cc972486934a3a7\"},\"headline\":\"Se realiz\u00f3 una reuni\u00f3n del \u00e1rea de Discapacidad y Licencias de conducir con IDEO\",\"datePublished\":\"2022-04-12T23:04:34+00:00\",\"dateModified\":\"2022-04-12T23:16:33+00:00\",\"mainEntityOfPage\":{\"@id\":\"https:\/\/experienciadevida.com.ar\/portalurbano\/se-realizo-una-reunion-del-area-de-discapacidad-y-licencias-de-conducir-con-ideo\/\"},\"wordCount\":407,\"publisher\":{\"@id\":\"https:\/\/experienciadevida.com.ar\/portalurbano\/#organization\"},\"articleSection\":[\"Ciudad\"],\"inLanguage\":\"es\"},{\"@type\":\"WebPage\",\"@id\":\"https:\/\/experienciadevida.com.ar\/portalurbano\/se-realizo-una-reunion-del-area-de-discapacidad-y-licencias-de-conducir-con-ideo\/\",\"url\":\"https:\/\/experienciadevida.com.ar\/portalurbano\/se-realizo-una-reunion-del-area-de-discapacidad-y-licencias-de-conducir-con-ideo\/\",\"name\":\"Se realiz\u00f3 una reuni\u00f3n del \u00e1rea de discapacidad y Licencias de conducir\",\"isPartOf\":{\"@id\":\"https:\/\/experienciadevida.com.ar\/portalurbano\/#website\"},\"datePublished\":\"2022-04-12T23:04:34+00:00\",\"dateModified\":\"2022-04-12T23:16:33+00:00\",\"description\":\"Se realiz\u00f3 una reuni\u00f3n del \u00e1rea de Discapacidad y Licencias de conducir con IDEO, a trav\u00e9s del Programa de Promoci\u00f3n de Derechos\",\"breadcrumb\":{\"@id\":\"https:\/\/experienciadevida.com.ar\/portalurbano\/se-realizo-una-reunion-del-area-de-discapacidad-y-licencias-de-conducir-con-ideo\/#breadcrumb\"},\"inLanguage\":\"es\",\"potentialAction\":[{\"@type\":\"ReadAction\",\"target\":[\"https:\/\/experienciadevida.com.ar\/portalurbano\/se-realizo-una-reunion-del-area-de-discapacidad-y-licencias-de-conducir-con-ideo\/\"]}]},{\"@type\":\"BreadcrumbList\",\"@id\":\"https:\/\/experienciadevida.com.ar\/portalurbano\/se-realizo-una-reunion-del-area-de-discapacidad-y-licencias-de-conducir-con-ideo\/#breadcrumb\",\"itemListElement\":[{\"@type\":\"ListItem\",\"position\":1,\"name\":\"Portada\",\"item\":\"https:\/\/experienciadevida.com.ar\/portalurbano\/\"},{\"@type\":\"ListItem\",\"position\":2,\"name\":\"Se realiz\u00f3 una reuni\u00f3n del \u00e1rea de Discapacidad y Licencias de conducir con IDEO\"}]},{\"@type\":\"WebSite\",\"@id\":\"https:\/\/experienciadevida.com.ar\/portalurbano\/#website\",\"url\":\"https:\/\/experienciadevida.com.ar\/portalurbano\/\",\"name\":\"\",\"description\":\"\",\"publisher\":{\"@id\":\"https:\/\/experienciadevida.com.ar\/portalurbano\/#organization\"},\"potentialAction\":[{\"@type\":\"SearchAction\",\"target\":{\"@type\":\"EntryPoint\",\"urlTemplate\":\"https:\/\/experienciadevida.com.ar\/portalurbano\/?s={search_term_string}\"},\"query-input\":\"required name=search_term_string\"}],\"inLanguage\":\"es\"},{\"@type\":\"Organization\",\"@id\":\"https:\/\/experienciadevida.com.ar\/portalurbano\/#organization\",\"name\":\"Portal Urbano\",\"url\":\"https:\/\/experienciadevida.com.ar\/portalurbano\/\",\"logo\":{\"@type\":\"ImageObject\",\"inLanguage\":\"es\",\"@id\":\"https:\/\/experienciadevida.com.ar\/portalurbano\/#\/schema\/logo\/image\/\",\"url\":\"https:\/\/experienciadevida.com.ar\/portalurbano\/wp-content\/uploads\/2019\/09\/Logo-Original.png\",\"contentUrl\":\"https:\/\/experienciadevida.com.ar\/portalurbano\/wp-content\/uploads\/2019\/09\/Logo-Original.png\",\"width\":2236,\"height\":1216,\"caption\":\"Portal Urbano\"},\"image\":{\"@id\":\"https:\/\/experienciadevida.com.ar\/portalurbano\/#\/schema\/logo\/image\/\"},\"sameAs\":[\"https:\/\/www.facebook.com\/Portal-Urbano-171542830093757\/\",\"https:\/\/twitter.com\/portalurbanook\",\"https:\/\/www.instagram.com\/_portalurbano\/\",\"https:\/\/www.youtube.com\/channel\/UCXhagIfszH8KxFiOok79zbA?view_as=subscriber\"]},{\"@type\":\"Person\",\"@id\":\"https:\/\/experienciadevida.com.ar\/portalurbano\/#\/schema\/person\/02dd326b1c4b056e9cc972486934a3a7\",\"name\":\"admpu17wp\",\"image\":{\"@type\":\"ImageObject\",\"inLanguage\":\"es\",\"@id\":\"https:\/\/experienciadevida.com.ar\/portalurbano\/#\/schema\/person\/image\/\",\"url\":\"https:\/\/secure.gravatar.com\/avatar\/830d4c57adaae6630765e449a6908047?s=96&d=mm&r=g\",\"contentUrl\":\"https:\/\/secure.gravatar.com\/avatar\/830d4c57adaae6630765e449a6908047?s=96&d=mm&r=g\",\"caption\":\"admpu17wp\"}}]}<\/script>\n<!-- \/ Yoast SEO plugin. -->","yoast_head_json":{"title":"Se realiz\u00f3 una reuni\u00f3n del \u00e1rea de discapacidad y Licencias de conducir","description":"Se realiz\u00f3 una reuni\u00f3n del \u00e1rea de Discapacidad y Licencias de conducir con IDEO, a trav\u00e9s del Programa de Promoci\u00f3n de Derechos","robots":{"index":"index","follow":"follow","max-snippet":"max-snippet:-1","max-image-preview":"max-image-preview:large","max-video-preview":"max-video-preview:-1"},"canonical":"https:\/\/experienciadevida.com.ar\/portalurbano\/se-realizo-una-reunion-del-area-de-discapacidad-y-licencias-de-conducir-con-ideo\/","og_locale":"es_ES","og_type":"article","og_title":"Se realiz\u00f3 una reuni\u00f3n del \u00e1rea de discapacidad y Licencias de conducir","og_description":"Se realiz\u00f3 una reuni\u00f3n del \u00e1rea de Discapacidad y Licencias de conducir con IDEO, a trav\u00e9s del Programa de Promoci\u00f3n de Derechos","og_url":"https:\/\/experienciadevida.com.ar\/portalurbano\/se-realizo-una-reunion-del-area-de-discapacidad-y-licencias-de-conducir-con-ideo\/","article_publisher":"https:\/\/www.facebook.com\/Portal-Urbano-171542830093757\/","article_published_time":"2022-04-12T23:04:34+00:00","article_modified_time":"2022-04-12T23:16:33+00:00","og_image":[{"width":1024,"height":682,"url":"https:\/\/experienciadevida.com.ar\/portalurbano\/wp-content\/uploads\/2022\/04\/Se-realizo-una-reunion.jpg","type":"image\/jpeg"}],"author":"admpu17wp","twitter_card":"summary_large_image","twitter_creator":"@portalurbanook","twitter_site":"@portalurbanook","twitter_misc":{"Escrito por":"admpu17wp","Tiempo de lectura":"2 minutos"},"schema":{"@context":"https:\/\/schema.org","@graph":[{"@type":"Article","@id":"https:\/\/experienciadevida.com.ar\/portalurbano\/se-realizo-una-reunion-del-area-de-discapacidad-y-licencias-de-conducir-con-ideo\/#article","isPartOf":{"@id":"https:\/\/experienciadevida.com.ar\/portalurbano\/se-realizo-una-reunion-del-area-de-discapacidad-y-licencias-de-conducir-con-ideo\/"},"author":{"name":"admpu17wp","@id":"https:\/\/experienciadevida.com.ar\/portalurbano\/#\/schema\/person\/02dd326b1c4b056e9cc972486934a3a7"},"headline":"Se realiz\u00f3 una reuni\u00f3n del \u00e1rea de Discapacidad y Licencias de conducir con IDEO","datePublished":"2022-04-12T23:04:34+00:00","dateModified":"2022-04-12T23:16:33+00:00","mainEntityOfPage":{"@id":"https:\/\/experienciadevida.com.ar\/portalurbano\/se-realizo-una-reunion-del-area-de-discapacidad-y-licencias-de-conducir-con-ideo\/"},"wordCount":407,"publisher":{"@id":"https:\/\/experienciadevida.com.ar\/portalurbano\/#organization"},"articleSection":["Ciudad"],"inLanguage":"es"},{"@type":"WebPage","@id":"https:\/\/experienciadevida.com.ar\/portalurbano\/se-realizo-una-reunion-del-area-de-discapacidad-y-licencias-de-conducir-con-ideo\/","url":"https:\/\/experienciadevida.com.ar\/portalurbano\/se-realizo-una-reunion-del-area-de-discapacidad-y-licencias-de-conducir-con-ideo\/","name":"Se realiz\u00f3 una reuni\u00f3n del \u00e1rea de discapacidad y Licencias de conducir","isPartOf":{"@id":"https:\/\/experienciadevida.com.ar\/portalurbano\/#website"},"datePublished":"2022-04-12T23:04:34+00:00","dateModified":"2022-04-12T23:16:33+00:00","description":"Se realiz\u00f3 una reuni\u00f3n del \u00e1rea de Discapacidad y Licencias de conducir con IDEO, a trav\u00e9s del Programa de Promoci\u00f3n de Derechos","breadcrumb":{"@id":"https:\/\/experienciadevida.com.ar\/portalurbano\/se-realizo-una-reunion-del-area-de-discapacidad-y-licencias-de-conducir-con-ideo\/#breadcrumb"},"inLanguage":"es","potentialAction":[{"@type":"ReadAction","target":["https:\/\/experienciadevida.com.ar\/portalurbano\/se-realizo-una-reunion-del-area-de-discapacidad-y-licencias-de-conducir-con-ideo\/"]}]},{"@type":"BreadcrumbList","@id":"https:\/\/experienciadevida.com.ar\/portalurbano\/se-realizo-una-reunion-del-area-de-discapacidad-y-licencias-de-conducir-con-ideo\/#breadcrumb","itemListElement":[{"@type":"ListItem","position":1,"name":"Portada","item":"https:\/\/experienciadevida.com.ar\/portalurbano\/"},{"@type":"ListItem","position":2,"name":"Se realiz\u00f3 una reuni\u00f3n del \u00e1rea de Discapacidad y Licencias de conducir con IDEO"}]},{"@type":"WebSite","@id":"https:\/\/experienciadevida.com.ar\/portalurbano\/#website","url":"https:\/\/experienciadevida.com.ar\/portalurbano\/","name":"","description":"","publisher":{"@id":"https:\/\/experienciadevida.com.ar\/portalurbano\/#organization"},"potentialAction":[{"@type":"SearchAction","target":{"@type":"EntryPoint","urlTemplate":"https:\/\/experienciadevida.com.ar\/portalurbano\/?s={search_term_string}"},"query-input":"required name=search_term_string"}],"inLanguage":"es"},{"@type":"Organization","@id":"https:\/\/experienciadevida.com.ar\/portalurbano\/#organization","name":"Portal Urbano","url":"https:\/\/experienciadevida.com.ar\/portalurbano\/","logo":{"@type":"ImageObject","inLanguage":"es","@id":"https:\/\/experienciadevida.com.ar\/portalurbano\/#\/schema\/logo\/image\/","url":"https:\/\/experienciadevida.com.ar\/portalurbano\/wp-content\/uploads\/2019\/09\/Logo-Original.png","contentUrl":"https:\/\/experienciadevida.com.ar\/portalurbano\/wp-content\/uploads\/2019\/09\/Logo-Original.png","width":2236,"height":1216,"caption":"Portal Urbano"},"image":{"@id":"https:\/\/experienciadevida.com.ar\/portalurbano\/#\/schema\/logo\/image\/"},"sameAs":["https:\/\/www.facebook.com\/Portal-Urbano-171542830093757\/","https:\/\/twitter.com\/portalurbanook","https:\/\/www.instagram.com\/_portalurbano\/","https:\/\/www.youtube.com\/channel\/UCXhagIfszH8KxFiOok79zbA?view_as=subscriber"]},{"@type":"Person","@id":"https:\/\/experienciadevida.com.ar\/portalurbano\/#\/schema\/person\/02dd326b1c4b056e9cc972486934a3a7","name":"admpu17wp","image":{"@type":"ImageObject","inLanguage":"es","@id":"https:\/\/experienciadevida.com.ar\/portalurbano\/#\/schema\/person\/image\/","url":"https:\/\/secure.gravatar.com\/avatar\/830d4c57adaae6630765e449a6908047?s=96&d=mm&r=g","contentUrl":"https:\/\/secure.gravatar.com\/avatar\/830d4c57adaae6630765e449a6908047?s=96&d=mm&r=g","caption":"admpu17wp"}}]}},"featured_image_urls":{"full":["https:\/\/experienciadevida.com.ar\/portalurbano\/wp-content\/uploads\/2022\/04\/Se-realizo-una-reunion.jpg",1024,682,false],"thumbnail":["https:\/\/experienciadevida.com.ar\/portalurbano\/wp-content\/uploads\/2022\/04\/Se-realizo-una-reunion-150x150.jpg",150,150,true],"medium":["https:\/\/experienciadevida.com.ar\/portalurbano\/wp-content\/uploads\/2022\/04\/Se-realizo-una-reunion-300x200.jpg",300,200,true],"medium_large":["https:\/\/experienciadevida.com.ar\/portalurbano\/wp-content\/uploads\/2022\/04\/Se-realizo-una-reunion-768x512.jpg",640,427,true],"large":["https:\/\/experienciadevida.com.ar\/portalurbano\/wp-content\/uploads\/2022\/04\/Se-realizo-una-reunion.jpg",640,426,false],"ug_big":["https:\/\/experienciadevida.com.ar\/portalurbano\/wp-content\/uploads\/2022\/04\/Se-realizo-una-reunion-768x512.jpg",768,512,true],"1536x1536":["https:\/\/experienciadevida.com.ar\/portalurbano\/wp-content\/uploads\/2022\/04\/Se-realizo-una-reunion.jpg",1024,682,false],"2048x2048":["https:\/\/experienciadevida.com.ar\/portalurbano\/wp-content\/uploads\/2022\/04\/Se-realizo-una-reunion.jpg",1024,682,false],"newsever-slider-full":["https:\/\/experienciadevida.com.ar\/portalurbano\/wp-content\/uploads\/2022\/04\/Se-realizo-una-reunion.jpg",1024,682,false],"newsever-featured":["https:\/\/experienciadevida.com.ar\/portalurbano\/wp-content\/uploads\/2022\/04\/Se-realizo-una-reunion.jpg",1024,682,false],"newsever-medium":["https:\/\/experienciadevida.com.ar\/portalurbano\/wp-content\/uploads\/2022\/04\/Se-realizo-una-reunion.jpg",713,475,false],"web-stories-poster-portrait":["https:\/\/experienciadevida.com.ar\/portalurbano\/wp-content\/uploads\/2022\/04\/Se-realizo-una-reunion.jpg",640,426,false],"web-stories-publisher-logo":["https:\/\/experienciadevida.com.ar\/portalurbano\/wp-content\/uploads\/2022\/04\/Se-realizo-una-reunion.jpg",96,64,false],"web-stories-thumbnail":["https:\/\/experienciadevida.com.ar\/portalurbano\/wp-content\/uploads\/2022\/04\/Se-realizo-una-reunion.jpg",150,100,false]},"author_info":{"display_name":"admpu17wp","author_link":"https:\/\/experienciadevida.com.ar\/portalurbano\/author\/admpu17wp\/"},"category_info":"<a href=\"https:\/\/experienciadevida.com.ar\/portalurbano\/category\/ciudad\/\" rel=\"category tag\">Ciudad<\/a>","tag_info":"Ciudad","comment_count":"0","amp_enabled":true,"_links":{"self":[{"href":"https:\/\/experienciadevida.com.ar\/portalurbano\/wp-json\/wp\/v2\/posts\/165617"}],"collection":[{"href":"https:\/\/experienciadevida.com.ar\/portalurbano\/wp-json\/wp\/v2\/posts"}],"about":[{"href":"https:\/\/experienciadevida.com.ar\/portalurbano\/wp-json\/wp\/v2\/types\/post"}],"author":[{"embeddable":true,"href":"https:\/\/experienciadevida.com.ar\/portalurbano\/wp-json\/wp\/v2\/users\/1"}],"replies":[{"embeddable":true,"href":"https:\/\/experienciadevida.com.ar\/portalurbano\/wp-json\/wp\/v2\/comments?post=165617"}],"version-history":[{"count":2,"href":"https:\/\/experienciadevida.com.ar\/portalurbano\/wp-json\/wp\/v2\/posts\/165617\/revisions"}],"predecessor-version":[{"id":165621,"href":"https:\/\/experienciadevida.com.ar\/portalurbano\/wp-json\/wp\/v2\/posts\/165617\/revisions\/165621"}],"wp:featuredmedia":[{"embeddable":true,"href":"https:\/\/experienciadevida.com.ar\/portalurbano\/wp-json\/wp\/v2\/media\/165618"}],"wp:attachment":[{"href":"https:\/\/experienciadevida.com.ar\/portalurbano\/wp-json\/wp\/v2\/media?parent=165617"}],"wp:term":[{"taxonomy":"category","embeddable":true,"href":"https:\/\/experienciadevida.com.ar\/portalurbano\/wp-json\/wp\/v2\/categories?post=165617"},{"taxonomy":"post_tag","embeddable":true,"href":"https:\/\/experienciadevida.com.ar\/portalurbano\/wp-json\/wp\/v2\/tags?post=165617"}],"curies":[{"name":"wp","href":"https:\/\/api.w.org\/{rel}","templated":true}]}}