{"id":165612,"date":"2022-04-12T19:58:32","date_gmt":"2022-04-12T22:58:32","guid":{"rendered":"https:\/\/experienciadevida.com.ar\/portalurbano\/?p=165612"},"modified":"2022-04-12T20:02:11","modified_gmt":"2022-04-12T23:02:11","slug":"juan-mujica-el-gobierno-de-axel-kicillof-tiene-una-deuda-de-casi-cien-millones-de-pesos-con-el-gobierno-municipal","status":"publish","type":"post","link":"https:\/\/experienciadevida.com.ar\/portalurbano\/juan-mujica-el-gobierno-de-axel-kicillof-tiene-una-deuda-de-casi-cien-millones-de-pesos-con-el-gobierno-municipal\/","title":{"rendered":"Juan Mujica: \u201cEl gobierno de Axel Kicillof tiene una deuda de casi cien millones de pesos con el Gobierno Municipal\u201d"},"content":{"rendered":"<p><a href=\"https:\/\/www.instagram.com\/juan.mujica.54\/?hl=es-la\">Juan Mujica<\/a>: \u201cEl gobierno de Axel Kicillof tiene una deuda de casi cien millones de pesos con el Gobierno Municipal\u201d, el concejal de juntos especific\u00f3 que el Gobierno Provincial le adeuda al Municipio una suma superior a 97 millones de pesos.<\/p>\n<p>El concejal Juan Mujica dio a conocer el monto de la deuda que mantiene el gobierno provincial con el Ejecutivo Municipal en concepto de salud y certificados de obras que est\u00e1n en marcha en el Partido de Olavarr\u00eda.<\/p>\n<p>Al respecto, el edil especific\u00f3 que \u201cen las \u00faltimas horas la Secretar\u00eda de Econom\u00eda y Hacienda nos inform\u00f3 que por el Programa Nacional de Ampliaci\u00f3n de la Cobertura en Salud (PACES), el gobierno de la provincia de Buenos<br \/>\nAires tiene una deuda de casi 25 millones de pesos\u201d.<\/p>\n<p>Adem\u00e1s, Mujica inform\u00f3 que el Instituto Obra M\u00e9dica Asistencial (IOMA) \u201cmantiene una deuda de casi 30 millones de pesos con el Municipio y, lamentablemente, ya no es una novedad el mal funcionamiento del organismo en toda la<br \/>\nProvincia\u201d.<\/p>\n<p>\u201cCon la pandemia del Covid-19 qued\u00f3 demostrado que el sistema de salud p\u00fablica de Olavarr\u00eda es referencia en la regi\u00f3n y fue el Hospital Municipal el receptor de pacientes de distintas localidades pese a no contar con el<br \/>\nrespaldo del IOMA\u201d, agreg\u00f3 Juan Mujica.<\/p>\n<p>En este sentido, el concejal Mujica indic\u00f3 que \u201cescuchamos la semana pasada que el gobernador Kicillof dijo en Loma Negra que est\u00e1 haciendo una revoluci\u00f3n en el territorio bonaerense, pero IOMA no pag\u00f3 el 83% de los<br \/>\ntratamientos ambulatorios e internaciones correspondientes al 2021\u201d.<\/p>\n<p>Por otra parte, Juan Mujica se\u00f1al\u00f3 que la Provincia tambi\u00e9n adeuda \u201ccasi 30 millones de pesos del Fondo de Infraestructura Municipal (FIM) y m\u00e1s de catorce millones de pesos por certificaciones de obras\u201d.<\/p>\n<p>\u201cCuando la oposici\u00f3n critica el super\u00e1vit de la gesti\u00f3n del intendente Galli parece no entender que las empresas encargadas de llevar a cabo las obras se presentan a las licitaciones porque hay un Municipio solvente<br \/>\natr\u00e1s que se hace cargo de los atrasos en los pagos del gobierno provincial\u201d, finaliz\u00f3.<\/p>\n","protected":false},"excerpt":{"rendered":"<p>Juan Mujica: \u201cEl gobierno de Axel Kicillof tiene una deuda de casi cien millones de&#8230;<\/p>\n","protected":false},"author":1,"featured_media":165613,"comment_status":"closed","ping_status":"closed","sticky":false,"template":"","format":"standard","meta":{"content-type":""},"categories":[27,51],"tags":[],"nelio_content":{"isAutoShareEnabled":false,"autoShareEndMode":"default","automationSources":{"useContentSentences":true,"useSocialTemplates":true,"useCustomSentences":false,"customSentences":[]},"followers":[1],"suggestedReferences":[],"includedReferences":[],"efiUrl":"","efiAlt":"","highlights":[]},"yoast_head":"<!-- This site is optimized with the Yoast SEO plugin v20.7 - https:\/\/yoast.com\/wordpress\/plugins\/seo\/ -->\n<title>Juan Mujica &quot;El Gobierno de Kicillof tiene una deuda con el Municipio&quot;<\/title>\n<meta name=\"description\" content=\"Juan Mujica: \u201cEl gobierno de Axel Kicillof tiene una deuda de casi cien millones de pesos con el Gobierno Municipal\u201d,\" \/>\n<meta name=\"robots\" content=\"index, follow, max-snippet:-1, max-image-preview:large, max-video-preview:-1\" \/>\n<link rel=\"canonical\" href=\"https:\/\/experienciadevida.com.ar\/portalurbano\/juan-mujica-el-gobierno-de-axel-kicillof-tiene-una-deuda-de-casi-cien-millones-de-pesos-con-el-gobierno-municipal\/\" \/>\n<meta property=\"og:locale\" content=\"es_ES\" \/>\n<meta property=\"og:type\" content=\"article\" \/>\n<meta property=\"og:title\" content=\"Juan Mujica &quot;El Gobierno de Kicillof tiene una deuda con el Municipio&quot;\" \/>\n<meta property=\"og:description\" content=\"Juan Mujica: \u201cEl gobierno de Axel Kicillof tiene una deuda de casi cien millones de pesos con el Gobierno Municipal\u201d,\" \/>\n<meta property=\"og:url\" content=\"https:\/\/experienciadevida.com.ar\/portalurbano\/juan-mujica-el-gobierno-de-axel-kicillof-tiene-una-deuda-de-casi-cien-millones-de-pesos-con-el-gobierno-municipal\/\" \/>\n<meta property=\"article:publisher\" content=\"https:\/\/www.facebook.com\/Portal-Urbano-171542830093757\/\" \/>\n<meta property=\"article:published_time\" content=\"2022-04-12T22:58:32+00:00\" \/>\n<meta property=\"article:modified_time\" content=\"2022-04-12T23:02:11+00:00\" \/>\n<meta property=\"og:image\" content=\"https:\/\/experienciadevida.com.ar\/portalurbano\/wp-content\/uploads\/2022\/04\/Juan-Mujica.jpg\" \/>\n\t<meta property=\"og:image:width\" content=\"1500\" \/>\n\t<meta property=\"og:image:height\" content=\"1002\" \/>\n\t<meta property=\"og:image:type\" content=\"image\/jpeg\" \/>\n<meta name=\"author\" content=\"admpu17wp\" \/>\n<meta name=\"twitter:card\" content=\"summary_large_image\" \/>\n<meta name=\"twitter:creator\" content=\"@portalurbanook\" \/>\n<meta name=\"twitter:site\" content=\"@portalurbanook\" \/>\n<meta name=\"twitter:label1\" content=\"Escrito por\" \/>\n\t<meta name=\"twitter:data1\" content=\"admpu17wp\" \/>\n\t<meta name=\"twitter:label2\" content=\"Tiempo de lectura\" \/>\n\t<meta name=\"twitter:data2\" content=\"2 minutos\" \/>\n<script type=\"application\/ld+json\" class=\"yoast-schema-graph\">{\"@context\":\"https:\/\/schema.org\",\"@graph\":[{\"@type\":\"Article\",\"@id\":\"https:\/\/experienciadevida.com.ar\/portalurbano\/juan-mujica-el-gobierno-de-axel-kicillof-tiene-una-deuda-de-casi-cien-millones-de-pesos-con-el-gobierno-municipal\/#article\",\"isPartOf\":{\"@id\":\"https:\/\/experienciadevida.com.ar\/portalurbano\/juan-mujica-el-gobierno-de-axel-kicillof-tiene-una-deuda-de-casi-cien-millones-de-pesos-con-el-gobierno-municipal\/\"},\"author\":{\"name\":\"admpu17wp\",\"@id\":\"https:\/\/experienciadevida.com.ar\/portalurbano\/#\/schema\/person\/02dd326b1c4b056e9cc972486934a3a7\"},\"headline\":\"Juan Mujica: \u201cEl gobierno de Axel Kicillof tiene una deuda de casi cien millones de pesos con el Gobierno Municipal\u201d\",\"datePublished\":\"2022-04-12T22:58:32+00:00\",\"dateModified\":\"2022-04-12T23:02:11+00:00\",\"mainEntityOfPage\":{\"@id\":\"https:\/\/experienciadevida.com.ar\/portalurbano\/juan-mujica-el-gobierno-de-axel-kicillof-tiene-una-deuda-de-casi-cien-millones-de-pesos-con-el-gobierno-municipal\/\"},\"wordCount\":368,\"publisher\":{\"@id\":\"https:\/\/experienciadevida.com.ar\/portalurbano\/#organization\"},\"articleSection\":[\"Ciudad\",\"Destacadas\"],\"inLanguage\":\"es\"},{\"@type\":\"WebPage\",\"@id\":\"https:\/\/experienciadevida.com.ar\/portalurbano\/juan-mujica-el-gobierno-de-axel-kicillof-tiene-una-deuda-de-casi-cien-millones-de-pesos-con-el-gobierno-municipal\/\",\"url\":\"https:\/\/experienciadevida.com.ar\/portalurbano\/juan-mujica-el-gobierno-de-axel-kicillof-tiene-una-deuda-de-casi-cien-millones-de-pesos-con-el-gobierno-municipal\/\",\"name\":\"Juan Mujica \\\"El Gobierno de Kicillof tiene una deuda con el Municipio\\\"\",\"isPartOf\":{\"@id\":\"https:\/\/experienciadevida.com.ar\/portalurbano\/#website\"},\"datePublished\":\"2022-04-12T22:58:32+00:00\",\"dateModified\":\"2022-04-12T23:02:11+00:00\",\"description\":\"Juan Mujica: \u201cEl gobierno de Axel Kicillof tiene una deuda de casi cien millones de pesos con el Gobierno Municipal\u201d,\",\"breadcrumb\":{\"@id\":\"https:\/\/experienciadevida.com.ar\/portalurbano\/juan-mujica-el-gobierno-de-axel-kicillof-tiene-una-deuda-de-casi-cien-millones-de-pesos-con-el-gobierno-municipal\/#breadcrumb\"},\"inLanguage\":\"es\",\"potentialAction\":[{\"@type\":\"ReadAction\",\"target\":[\"https:\/\/experienciadevida.com.ar\/portalurbano\/juan-mujica-el-gobierno-de-axel-kicillof-tiene-una-deuda-de-casi-cien-millones-de-pesos-con-el-gobierno-municipal\/\"]}]},{\"@type\":\"BreadcrumbList\",\"@id\":\"https:\/\/experienciadevida.com.ar\/portalurbano\/juan-mujica-el-gobierno-de-axel-kicillof-tiene-una-deuda-de-casi-cien-millones-de-pesos-con-el-gobierno-municipal\/#breadcrumb\",\"itemListElement\":[{\"@type\":\"ListItem\",\"position\":1,\"name\":\"Portada\",\"item\":\"https:\/\/experienciadevida.com.ar\/portalurbano\/\"},{\"@type\":\"ListItem\",\"position\":2,\"name\":\"Juan Mujica: \u201cEl gobierno de Axel Kicillof tiene una deuda de casi cien millones de pesos con el Gobierno Municipal\u201d\"}]},{\"@type\":\"WebSite\",\"@id\":\"https:\/\/experienciadevida.com.ar\/portalurbano\/#website\",\"url\":\"https:\/\/experienciadevida.com.ar\/portalurbano\/\",\"name\":\"\",\"description\":\"\",\"publisher\":{\"@id\":\"https:\/\/experienciadevida.com.ar\/portalurbano\/#organization\"},\"potentialAction\":[{\"@type\":\"SearchAction\",\"target\":{\"@type\":\"EntryPoint\",\"urlTemplate\":\"https:\/\/experienciadevida.com.ar\/portalurbano\/?s={search_term_string}\"},\"query-input\":\"required name=search_term_string\"}],\"inLanguage\":\"es\"},{\"@type\":\"Organization\",\"@id\":\"https:\/\/experienciadevida.com.ar\/portalurbano\/#organization\",\"name\":\"Portal Urbano\",\"url\":\"https:\/\/experienciadevida.com.ar\/portalurbano\/\",\"logo\":{\"@type\":\"ImageObject\",\"inLanguage\":\"es\",\"@id\":\"https:\/\/experienciadevida.com.ar\/portalurbano\/#\/schema\/logo\/image\/\",\"url\":\"https:\/\/experienciadevida.com.ar\/portalurbano\/wp-content\/uploads\/2019\/09\/Logo-Original.png\",\"contentUrl\":\"https:\/\/experienciadevida.com.ar\/portalurbano\/wp-content\/uploads\/2019\/09\/Logo-Original.png\",\"width\":2236,\"height\":1216,\"caption\":\"Portal Urbano\"},\"image\":{\"@id\":\"https:\/\/experienciadevida.com.ar\/portalurbano\/#\/schema\/logo\/image\/\"},\"sameAs\":[\"https:\/\/www.facebook.com\/Portal-Urbano-171542830093757\/\",\"https:\/\/twitter.com\/portalurbanook\",\"https:\/\/www.instagram.com\/_portalurbano\/\",\"https:\/\/www.youtube.com\/channel\/UCXhagIfszH8KxFiOok79zbA?view_as=subscriber\"]},{\"@type\":\"Person\",\"@id\":\"https:\/\/experienciadevida.com.ar\/portalurbano\/#\/schema\/person\/02dd326b1c4b056e9cc972486934a3a7\",\"name\":\"admpu17wp\",\"image\":{\"@type\":\"ImageObject\",\"inLanguage\":\"es\",\"@id\":\"https:\/\/experienciadevida.com.ar\/portalurbano\/#\/schema\/person\/image\/\",\"url\":\"https:\/\/secure.gravatar.com\/avatar\/830d4c57adaae6630765e449a6908047?s=96&d=mm&r=g\",\"contentUrl\":\"https:\/\/secure.gravatar.com\/avatar\/830d4c57adaae6630765e449a6908047?s=96&d=mm&r=g\",\"caption\":\"admpu17wp\"}}]}<\/script>\n<!-- \/ Yoast SEO plugin. -->","yoast_head_json":{"title":"Juan Mujica \"El Gobierno de Kicillof tiene una deuda con el Municipio\"","description":"Juan Mujica: \u201cEl gobierno de Axel Kicillof tiene una deuda de casi cien millones de pesos con el Gobierno Municipal\u201d,","robots":{"index":"index","follow":"follow","max-snippet":"max-snippet:-1","max-image-preview":"max-image-preview:large","max-video-preview":"max-video-preview:-1"},"canonical":"https:\/\/experienciadevida.com.ar\/portalurbano\/juan-mujica-el-gobierno-de-axel-kicillof-tiene-una-deuda-de-casi-cien-millones-de-pesos-con-el-gobierno-municipal\/","og_locale":"es_ES","og_type":"article","og_title":"Juan Mujica \"El Gobierno de Kicillof tiene una deuda con el Municipio\"","og_description":"Juan Mujica: \u201cEl gobierno de Axel Kicillof tiene una deuda de casi cien millones de pesos con el Gobierno Municipal\u201d,","og_url":"https:\/\/experienciadevida.com.ar\/portalurbano\/juan-mujica-el-gobierno-de-axel-kicillof-tiene-una-deuda-de-casi-cien-millones-de-pesos-con-el-gobierno-municipal\/","article_publisher":"https:\/\/www.facebook.com\/Portal-Urbano-171542830093757\/","article_published_time":"2022-04-12T22:58:32+00:00","article_modified_time":"2022-04-12T23:02:11+00:00","og_image":[{"width":1500,"height":1002,"url":"https:\/\/experienciadevida.com.ar\/portalurbano\/wp-content\/uploads\/2022\/04\/Juan-Mujica.jpg","type":"image\/jpeg"}],"author":"admpu17wp","twitter_card":"summary_large_image","twitter_creator":"@portalurbanook","twitter_site":"@portalurbanook","twitter_misc":{"Escrito por":"admpu17wp","Tiempo de lectura":"2 minutos"},"schema":{"@context":"https:\/\/schema.org","@graph":[{"@type":"Article","@id":"https:\/\/experienciadevida.com.ar\/portalurbano\/juan-mujica-el-gobierno-de-axel-kicillof-tiene-una-deuda-de-casi-cien-millones-de-pesos-con-el-gobierno-municipal\/#article","isPartOf":{"@id":"https:\/\/experienciadevida.com.ar\/portalurbano\/juan-mujica-el-gobierno-de-axel-kicillof-tiene-una-deuda-de-casi-cien-millones-de-pesos-con-el-gobierno-municipal\/"},"author":{"name":"admpu17wp","@id":"https:\/\/experienciadevida.com.ar\/portalurbano\/#\/schema\/person\/02dd326b1c4b056e9cc972486934a3a7"},"headline":"Juan Mujica: \u201cEl gobierno de Axel Kicillof tiene una deuda de casi cien millones de pesos con el Gobierno Municipal\u201d","datePublished":"2022-04-12T22:58:32+00:00","dateModified":"2022-04-12T23:02:11+00:00","mainEntityOfPage":{"@id":"https:\/\/experienciadevida.com.ar\/portalurbano\/juan-mujica-el-gobierno-de-axel-kicillof-tiene-una-deuda-de-casi-cien-millones-de-pesos-con-el-gobierno-municipal\/"},"wordCount":368,"publisher":{"@id":"https:\/\/experienciadevida.com.ar\/portalurbano\/#organization"},"articleSection":["Ciudad","Destacadas"],"inLanguage":"es"},{"@type":"WebPage","@id":"https:\/\/experienciadevida.com.ar\/portalurbano\/juan-mujica-el-gobierno-de-axel-kicillof-tiene-una-deuda-de-casi-cien-millones-de-pesos-con-el-gobierno-municipal\/","url":"https:\/\/experienciadevida.com.ar\/portalurbano\/juan-mujica-el-gobierno-de-axel-kicillof-tiene-una-deuda-de-casi-cien-millones-de-pesos-con-el-gobierno-municipal\/","name":"Juan Mujica \"El Gobierno de Kicillof tiene una deuda con el Municipio\"","isPartOf":{"@id":"https:\/\/experienciadevida.com.ar\/portalurbano\/#website"},"datePublished":"2022-04-12T22:58:32+00:00","dateModified":"2022-04-12T23:02:11+00:00","description":"Juan Mujica: \u201cEl gobierno de Axel Kicillof tiene una deuda de casi cien millones de pesos con el Gobierno Municipal\u201d,","breadcrumb":{"@id":"https:\/\/experienciadevida.com.ar\/portalurbano\/juan-mujica-el-gobierno-de-axel-kicillof-tiene-una-deuda-de-casi-cien-millones-de-pesos-con-el-gobierno-municipal\/#breadcrumb"},"inLanguage":"es","potentialAction":[{"@type":"ReadAction","target":["https:\/\/experienciadevida.com.ar\/portalurbano\/juan-mujica-el-gobierno-de-axel-kicillof-tiene-una-deuda-de-casi-cien-millones-de-pesos-con-el-gobierno-municipal\/"]}]},{"@type":"BreadcrumbList","@id":"https:\/\/experienciadevida.com.ar\/portalurbano\/juan-mujica-el-gobierno-de-axel-kicillof-tiene-una-deuda-de-casi-cien-millones-de-pesos-con-el-gobierno-municipal\/#breadcrumb","itemListElement":[{"@type":"ListItem","position":1,"name":"Portada","item":"https:\/\/experienciadevida.com.ar\/portalurbano\/"},{"@type":"ListItem","position":2,"name":"Juan Mujica: \u201cEl gobierno de Axel Kicillof tiene una deuda de casi cien millones de pesos con el Gobierno Municipal\u201d"}]},{"@type":"WebSite","@id":"https:\/\/experienciadevida.com.ar\/portalurbano\/#website","url":"https:\/\/experienciadevida.com.ar\/portalurbano\/","name":"","description":"","publisher":{"@id":"https:\/\/experienciadevida.com.ar\/portalurbano\/#organization"},"potentialAction":[{"@type":"SearchAction","target":{"@type":"EntryPoint","urlTemplate":"https:\/\/experienciadevida.com.ar\/portalurbano\/?s={search_term_string}"},"query-input":"required name=search_term_string"}],"inLanguage":"es"},{"@type":"Organization","@id":"https:\/\/experienciadevida.com.ar\/portalurbano\/#organization","name":"Portal Urbano","url":"https:\/\/experienciadevida.com.ar\/portalurbano\/","logo":{"@type":"ImageObject","inLanguage":"es","@id":"https:\/\/experienciadevida.com.ar\/portalurbano\/#\/schema\/logo\/image\/","url":"https:\/\/experienciadevida.com.ar\/portalurbano\/wp-content\/uploads\/2019\/09\/Logo-Original.png","contentUrl":"https:\/\/experienciadevida.com.ar\/portalurbano\/wp-content\/uploads\/2019\/09\/Logo-Original.png","width":2236,"height":1216,"caption":"Portal Urbano"},"image":{"@id":"https:\/\/experienciadevida.com.ar\/portalurbano\/#\/schema\/logo\/image\/"},"sameAs":["https:\/\/www.facebook.com\/Portal-Urbano-171542830093757\/","https:\/\/twitter.com\/portalurbanook","https:\/\/www.instagram.com\/_portalurbano\/","https:\/\/www.youtube.com\/channel\/UCXhagIfszH8KxFiOok79zbA?view_as=subscriber"]},{"@type":"Person","@id":"https:\/\/experienciadevida.com.ar\/portalurbano\/#\/schema\/person\/02dd326b1c4b056e9cc972486934a3a7","name":"admpu17wp","image":{"@type":"ImageObject","inLanguage":"es","@id":"https:\/\/experienciadevida.com.ar\/portalurbano\/#\/schema\/person\/image\/","url":"https:\/\/secure.gravatar.com\/avatar\/830d4c57adaae6630765e449a6908047?s=96&d=mm&r=g","contentUrl":"https:\/\/secure.gravatar.com\/avatar\/830d4c57adaae6630765e449a6908047?s=96&d=mm&r=g","caption":"admpu17wp"}}]}},"featured_image_urls":{"full":["https:\/\/experienciadevida.com.ar\/portalurbano\/wp-content\/uploads\/2022\/04\/Juan-Mujica.jpg",1500,1002,false],"thumbnail":["https:\/\/experienciadevida.com.ar\/portalurbano\/wp-content\/uploads\/2022\/04\/Juan-Mujica-150x150.jpg",150,150,true],"medium":["https:\/\/experienciadevida.com.ar\/portalurbano\/wp-content\/uploads\/2022\/04\/Juan-Mujica-300x200.jpg",300,200,true],"medium_large":["https:\/\/experienciadevida.com.ar\/portalurbano\/wp-content\/uploads\/2022\/04\/Juan-Mujica-768x513.jpg",640,428,true],"large":["https:\/\/experienciadevida.com.ar\/portalurbano\/wp-content\/uploads\/2022\/04\/Juan-Mujica-1024x684.jpg",640,428,true],"ug_big":["https:\/\/experienciadevida.com.ar\/portalurbano\/wp-content\/uploads\/2022\/04\/Juan-Mujica-768x513.jpg",768,513,true],"1536x1536":["https:\/\/experienciadevida.com.ar\/portalurbano\/wp-content\/uploads\/2022\/04\/Juan-Mujica.jpg",1500,1002,false],"2048x2048":["https:\/\/experienciadevida.com.ar\/portalurbano\/wp-content\/uploads\/2022\/04\/Juan-Mujica.jpg",1500,1002,false],"newsever-slider-full":["https:\/\/experienciadevida.com.ar\/portalurbano\/wp-content\/uploads\/2022\/04\/Juan-Mujica.jpg",1265,845,false],"newsever-featured":["https:\/\/experienciadevida.com.ar\/portalurbano\/wp-content\/uploads\/2022\/04\/Juan-Mujica.jpg",1024,684,false],"newsever-medium":["https:\/\/experienciadevida.com.ar\/portalurbano\/wp-content\/uploads\/2022\/04\/Juan-Mujica.jpg",711,475,false],"web-stories-poster-portrait":["https:\/\/experienciadevida.com.ar\/portalurbano\/wp-content\/uploads\/2022\/04\/Juan-Mujica.jpg",640,428,false],"web-stories-publisher-logo":["https:\/\/experienciadevida.com.ar\/portalurbano\/wp-content\/uploads\/2022\/04\/Juan-Mujica.jpg",96,64,false],"web-stories-thumbnail":["https:\/\/experienciadevida.com.ar\/portalurbano\/wp-content\/uploads\/2022\/04\/Juan-Mujica.jpg",150,100,false]},"author_info":{"display_name":"admpu17wp","author_link":"https:\/\/experienciadevida.com.ar\/portalurbano\/author\/admpu17wp\/"},"category_info":"<a href=\"https:\/\/experienciadevida.com.ar\/portalurbano\/category\/ciudad\/\" rel=\"category tag\">Ciudad<\/a> <a href=\"https:\/\/experienciadevida.com.ar\/portalurbano\/category\/destacadas\/\" rel=\"category tag\">Destacadas<\/a>","tag_info":"Destacadas","comment_count":"0","amp_enabled":true,"_links":{"self":[{"href":"https:\/\/experienciadevida.com.ar\/portalurbano\/wp-json\/wp\/v2\/posts\/165612"}],"collection":[{"href":"https:\/\/experienciadevida.com.ar\/portalurbano\/wp-json\/wp\/v2\/posts"}],"about":[{"href":"https:\/\/experienciadevida.com.ar\/portalurbano\/wp-json\/wp\/v2\/types\/post"}],"author":[{"embeddable":true,"href":"https:\/\/experienciadevida.com.ar\/portalurbano\/wp-json\/wp\/v2\/users\/1"}],"replies":[{"embeddable":true,"href":"https:\/\/experienciadevida.com.ar\/portalurbano\/wp-json\/wp\/v2\/comments?post=165612"}],"version-history":[{"count":2,"href":"https:\/\/experienciadevida.com.ar\/portalurbano\/wp-json\/wp\/v2\/posts\/165612\/revisions"}],"predecessor-version":[{"id":165616,"href":"https:\/\/experienciadevida.com.ar\/portalurbano\/wp-json\/wp\/v2\/posts\/165612\/revisions\/165616"}],"wp:featuredmedia":[{"embeddable":true,"href":"https:\/\/experienciadevida.com.ar\/portalurbano\/wp-json\/wp\/v2\/media\/165613"}],"wp:attachment":[{"href":"https:\/\/experienciadevida.com.ar\/portalurbano\/wp-json\/wp\/v2\/media?parent=165612"}],"wp:term":[{"taxonomy":"category","embeddable":true,"href":"https:\/\/experienciadevida.com.ar\/portalurbano\/wp-json\/wp\/v2\/categories?post=165612"},{"taxonomy":"post_tag","embeddable":true,"href":"https:\/\/experienciadevida.com.ar\/portalurbano\/wp-json\/wp\/v2\/tags?post=165612"}],"curies":[{"name":"wp","href":"https:\/\/api.w.org\/{rel}","templated":true}]}}