{"id":165599,"date":"2022-04-12T15:10:42","date_gmt":"2022-04-12T18:10:42","guid":{"rendered":"https:\/\/experienciadevida.com.ar\/portalurbano\/?p=165599"},"modified":"2022-04-12T15:12:08","modified_gmt":"2022-04-12T18:12:08","slug":"se-dictara-un-taller-de-actualizacion-sobre-diseno-de-proyectos-de-educacion-cientifica-y-tecnologica","status":"publish","type":"post","link":"https:\/\/experienciadevida.com.ar\/portalurbano\/se-dictara-un-taller-de-actualizacion-sobre-diseno-de-proyectos-de-educacion-cientifica-y-tecnologica\/","title":{"rendered":"Se dictar\u00e1 un taller de actualizaci\u00f3n sobre \u201cDise\u00f1o de proyectos de educaci\u00f3n cient\u00edfica y tecnol\u00f3gica\u201d"},"content":{"rendered":"<p>Se dictar\u00e1 un taller de actualizaci\u00f3n sobre \u201cDise\u00f1o de proyectos de educaci\u00f3n cient\u00edfica y tecnol\u00f3gica\u201d, entre el 2 de mayo y el 3 de junio se dictar\u00e1 en la <a href=\"https:\/\/www.facebook.com\/facultadcienciassociales.unicen\">Facultad de Ciencias Sociales<\/a> un taller de actualizaci\u00f3n denominado \u201cDise\u00f1o de proyectos de educaci\u00f3n cient\u00edfica y tecnol\u00f3gica\u201d, en el marco de la Diplomatura en Comunicaci\u00f3n P\u00fablica de la Ciencia. La modalidad de cursada ser\u00e1 a distancia, a trav\u00e9s del campus virtual de la FACSO.<\/p>\n<p>La Facultad de Ciencias Sociales ofrece un taller de actualizaci\u00f3n denominado \u201cDise\u00f1o de proyectos de educaci\u00f3n cient\u00edfica y tecnol\u00f3gica\u201d, modalidad virtual, que se dictar\u00e1 entre el 2 de mayo y el 3 de junio.<\/p>\n<p>El mismo estar\u00e1 a cargo de Constanza Pedersoli, Doctora, Licenciada y Profesora en Ciencias de la Educaci\u00f3n por la Universidad Nacional de La Plata. Directora de Mundo Nuevo, Programa de Popularizaci\u00f3n de las Ciencias, UNLP. Docente-investigadora de la Facultad de Humanidades y Ciencias de la Educaci\u00f3n de la UNLP-IdIHCS -Instituto de Investigaciones en Humanidades y Ciencias Sociales- CONICET\/UNLP. Coordinadora en AACeMuCyT, Asociaci\u00f3n Argentina de Centros y Museos de Ciencias.<\/p>\n<p>El taller se propone reflexionar sobre teor\u00edas y pr\u00e1cticas educativas de ciencia y tecnolog\u00eda desarrolladas en diversos escenarios sociales y culturales. Tambi\u00e9n, ofrecer herramientas te\u00f3rico- metodol\u00f3gicas para el dise\u00f1o, la implementaci\u00f3n y la evaluaci\u00f3n de propuestas educativas en ellos.<\/p>\n<p>Es organizado por la Facultad de Ciencias Sociales y cuenta con el auspicio del Centro Cient\u00edfico Tecnol\u00f3gico CONICET\u2013Tandil (CCT CONICET\u2013Tandil).<\/p>\n<p>Tendr\u00e1 una duraci\u00f3n 30 horas reloj, distribuidas durante las cinco semanas de duraci\u00f3n. La inscripci\u00f3n est\u00e1 abierta hasta el viernes 29 de abril.<\/p>\n<p>Para conocer m\u00e1s sobre la inscripci\u00f3n comunicarse al correo electr\u00f3nico diplomatura.cpc@soc.unicen.edu.ar.<\/p>\n","protected":false},"excerpt":{"rendered":"<p>Se dictar\u00e1 un taller de actualizaci\u00f3n sobre \u201cDise\u00f1o de proyectos de educaci\u00f3n cient\u00edfica y tecnol\u00f3gica\u201d,&#8230;<\/p>\n","protected":false},"author":1,"featured_media":165600,"comment_status":"closed","ping_status":"closed","sticky":false,"template":"","format":"standard","meta":{"content-type":""},"categories":[31],"tags":[],"nelio_content":{"isAutoShareEnabled":false,"autoShareEndMode":"default","automationSources":{"useContentSentences":true,"useSocialTemplates":true,"useCustomSentences":false,"customSentences":[]},"followers":[1],"suggestedReferences":[],"includedReferences":[],"efiUrl":"","efiAlt":"","highlights":[]},"yoast_head":"<!-- This site is optimized with the Yoast SEO plugin v20.7 - https:\/\/yoast.com\/wordpress\/plugins\/seo\/ -->\n<title>Se dictar\u00e1 un taller de actualizaci\u00f3n sobre dise\u00f1o de proyectos<\/title>\n<meta name=\"description\" content=\"Se dictar\u00e1 un taller de actualizaci\u00f3n sobre \u201cDise\u00f1o de proyectos de educaci\u00f3n cient\u00edfica y tecnol\u00f3gica\u201d, entre el 2 de mayo y el 3 de junio\" \/>\n<meta name=\"robots\" content=\"index, follow, max-snippet:-1, max-image-preview:large, max-video-preview:-1\" \/>\n<link rel=\"canonical\" href=\"https:\/\/experienciadevida.com.ar\/portalurbano\/se-dictara-un-taller-de-actualizacion-sobre-diseno-de-proyectos-de-educacion-cientifica-y-tecnologica\/\" \/>\n<meta property=\"og:locale\" content=\"es_ES\" \/>\n<meta property=\"og:type\" content=\"article\" \/>\n<meta property=\"og:title\" content=\"Se dictar\u00e1 un taller de actualizaci\u00f3n sobre dise\u00f1o de proyectos\" \/>\n<meta property=\"og:description\" content=\"Se dictar\u00e1 un taller de actualizaci\u00f3n sobre \u201cDise\u00f1o de proyectos de educaci\u00f3n cient\u00edfica y tecnol\u00f3gica\u201d, entre el 2 de mayo y el 3 de junio\" \/>\n<meta property=\"og:url\" content=\"https:\/\/experienciadevida.com.ar\/portalurbano\/se-dictara-un-taller-de-actualizacion-sobre-diseno-de-proyectos-de-educacion-cientifica-y-tecnologica\/\" \/>\n<meta property=\"article:publisher\" content=\"https:\/\/www.facebook.com\/Portal-Urbano-171542830093757\/\" \/>\n<meta property=\"article:published_time\" content=\"2022-04-12T18:10:42+00:00\" \/>\n<meta property=\"article:modified_time\" content=\"2022-04-12T18:12:08+00:00\" \/>\n<meta property=\"og:image\" content=\"https:\/\/experienciadevida.com.ar\/portalurbano\/wp-content\/uploads\/2022\/04\/Se-dictara-un-taller.jpg\" \/>\n\t<meta property=\"og:image:width\" content=\"1000\" \/>\n\t<meta property=\"og:image:height\" content=\"1000\" \/>\n\t<meta property=\"og:image:type\" content=\"image\/jpeg\" \/>\n<meta name=\"author\" content=\"admpu17wp\" \/>\n<meta name=\"twitter:card\" content=\"summary_large_image\" \/>\n<meta name=\"twitter:creator\" content=\"@portalurbanook\" \/>\n<meta name=\"twitter:site\" content=\"@portalurbanook\" \/>\n<meta name=\"twitter:label1\" content=\"Escrito por\" \/>\n\t<meta name=\"twitter:data1\" content=\"admpu17wp\" \/>\n\t<meta name=\"twitter:label2\" content=\"Tiempo de lectura\" \/>\n\t<meta name=\"twitter:data2\" content=\"2 minutos\" \/>\n<script type=\"application\/ld+json\" class=\"yoast-schema-graph\">{\"@context\":\"https:\/\/schema.org\",\"@graph\":[{\"@type\":\"Article\",\"@id\":\"https:\/\/experienciadevida.com.ar\/portalurbano\/se-dictara-un-taller-de-actualizacion-sobre-diseno-de-proyectos-de-educacion-cientifica-y-tecnologica\/#article\",\"isPartOf\":{\"@id\":\"https:\/\/experienciadevida.com.ar\/portalurbano\/se-dictara-un-taller-de-actualizacion-sobre-diseno-de-proyectos-de-educacion-cientifica-y-tecnologica\/\"},\"author\":{\"name\":\"admpu17wp\",\"@id\":\"https:\/\/experienciadevida.com.ar\/portalurbano\/#\/schema\/person\/02dd326b1c4b056e9cc972486934a3a7\"},\"headline\":\"Se dictar\u00e1 un taller de actualizaci\u00f3n sobre \u201cDise\u00f1o de proyectos de educaci\u00f3n cient\u00edfica y tecnol\u00f3gica\u201d\",\"datePublished\":\"2022-04-12T18:10:42+00:00\",\"dateModified\":\"2022-04-12T18:12:08+00:00\",\"mainEntityOfPage\":{\"@id\":\"https:\/\/experienciadevida.com.ar\/portalurbano\/se-dictara-un-taller-de-actualizacion-sobre-diseno-de-proyectos-de-educacion-cientifica-y-tecnologica\/\"},\"wordCount\":330,\"publisher\":{\"@id\":\"https:\/\/experienciadevida.com.ar\/portalurbano\/#organization\"},\"articleSection\":[\"Educaci\u00f3n\"],\"inLanguage\":\"es\"},{\"@type\":\"WebPage\",\"@id\":\"https:\/\/experienciadevida.com.ar\/portalurbano\/se-dictara-un-taller-de-actualizacion-sobre-diseno-de-proyectos-de-educacion-cientifica-y-tecnologica\/\",\"url\":\"https:\/\/experienciadevida.com.ar\/portalurbano\/se-dictara-un-taller-de-actualizacion-sobre-diseno-de-proyectos-de-educacion-cientifica-y-tecnologica\/\",\"name\":\"Se dictar\u00e1 un taller de actualizaci\u00f3n sobre dise\u00f1o de proyectos\",\"isPartOf\":{\"@id\":\"https:\/\/experienciadevida.com.ar\/portalurbano\/#website\"},\"datePublished\":\"2022-04-12T18:10:42+00:00\",\"dateModified\":\"2022-04-12T18:12:08+00:00\",\"description\":\"Se dictar\u00e1 un taller de actualizaci\u00f3n sobre \u201cDise\u00f1o de proyectos de educaci\u00f3n cient\u00edfica y tecnol\u00f3gica\u201d, entre el 2 de mayo y el 3 de junio\",\"breadcrumb\":{\"@id\":\"https:\/\/experienciadevida.com.ar\/portalurbano\/se-dictara-un-taller-de-actualizacion-sobre-diseno-de-proyectos-de-educacion-cientifica-y-tecnologica\/#breadcrumb\"},\"inLanguage\":\"es\",\"potentialAction\":[{\"@type\":\"ReadAction\",\"target\":[\"https:\/\/experienciadevida.com.ar\/portalurbano\/se-dictara-un-taller-de-actualizacion-sobre-diseno-de-proyectos-de-educacion-cientifica-y-tecnologica\/\"]}]},{\"@type\":\"BreadcrumbList\",\"@id\":\"https:\/\/experienciadevida.com.ar\/portalurbano\/se-dictara-un-taller-de-actualizacion-sobre-diseno-de-proyectos-de-educacion-cientifica-y-tecnologica\/#breadcrumb\",\"itemListElement\":[{\"@type\":\"ListItem\",\"position\":1,\"name\":\"Portada\",\"item\":\"https:\/\/experienciadevida.com.ar\/portalurbano\/\"},{\"@type\":\"ListItem\",\"position\":2,\"name\":\"Se dictar\u00e1 un taller de actualizaci\u00f3n sobre \u201cDise\u00f1o de proyectos de educaci\u00f3n cient\u00edfica y tecnol\u00f3gica\u201d\"}]},{\"@type\":\"WebSite\",\"@id\":\"https:\/\/experienciadevida.com.ar\/portalurbano\/#website\",\"url\":\"https:\/\/experienciadevida.com.ar\/portalurbano\/\",\"name\":\"\",\"description\":\"\",\"publisher\":{\"@id\":\"https:\/\/experienciadevida.com.ar\/portalurbano\/#organization\"},\"potentialAction\":[{\"@type\":\"SearchAction\",\"target\":{\"@type\":\"EntryPoint\",\"urlTemplate\":\"https:\/\/experienciadevida.com.ar\/portalurbano\/?s={search_term_string}\"},\"query-input\":\"required name=search_term_string\"}],\"inLanguage\":\"es\"},{\"@type\":\"Organization\",\"@id\":\"https:\/\/experienciadevida.com.ar\/portalurbano\/#organization\",\"name\":\"Portal Urbano\",\"url\":\"https:\/\/experienciadevida.com.ar\/portalurbano\/\",\"logo\":{\"@type\":\"ImageObject\",\"inLanguage\":\"es\",\"@id\":\"https:\/\/experienciadevida.com.ar\/portalurbano\/#\/schema\/logo\/image\/\",\"url\":\"https:\/\/experienciadevida.com.ar\/portalurbano\/wp-content\/uploads\/2019\/09\/Logo-Original.png\",\"contentUrl\":\"https:\/\/experienciadevida.com.ar\/portalurbano\/wp-content\/uploads\/2019\/09\/Logo-Original.png\",\"width\":2236,\"height\":1216,\"caption\":\"Portal Urbano\"},\"image\":{\"@id\":\"https:\/\/experienciadevida.com.ar\/portalurbano\/#\/schema\/logo\/image\/\"},\"sameAs\":[\"https:\/\/www.facebook.com\/Portal-Urbano-171542830093757\/\",\"https:\/\/twitter.com\/portalurbanook\",\"https:\/\/www.instagram.com\/_portalurbano\/\",\"https:\/\/www.youtube.com\/channel\/UCXhagIfszH8KxFiOok79zbA?view_as=subscriber\"]},{\"@type\":\"Person\",\"@id\":\"https:\/\/experienciadevida.com.ar\/portalurbano\/#\/schema\/person\/02dd326b1c4b056e9cc972486934a3a7\",\"name\":\"admpu17wp\",\"image\":{\"@type\":\"ImageObject\",\"inLanguage\":\"es\",\"@id\":\"https:\/\/experienciadevida.com.ar\/portalurbano\/#\/schema\/person\/image\/\",\"url\":\"https:\/\/secure.gravatar.com\/avatar\/830d4c57adaae6630765e449a6908047?s=96&d=mm&r=g\",\"contentUrl\":\"https:\/\/secure.gravatar.com\/avatar\/830d4c57adaae6630765e449a6908047?s=96&d=mm&r=g\",\"caption\":\"admpu17wp\"}}]}<\/script>\n<!-- \/ Yoast SEO plugin. -->","yoast_head_json":{"title":"Se dictar\u00e1 un taller de actualizaci\u00f3n sobre dise\u00f1o de proyectos","description":"Se dictar\u00e1 un taller de actualizaci\u00f3n sobre \u201cDise\u00f1o de proyectos de educaci\u00f3n cient\u00edfica y tecnol\u00f3gica\u201d, entre el 2 de mayo y el 3 de junio","robots":{"index":"index","follow":"follow","max-snippet":"max-snippet:-1","max-image-preview":"max-image-preview:large","max-video-preview":"max-video-preview:-1"},"canonical":"https:\/\/experienciadevida.com.ar\/portalurbano\/se-dictara-un-taller-de-actualizacion-sobre-diseno-de-proyectos-de-educacion-cientifica-y-tecnologica\/","og_locale":"es_ES","og_type":"article","og_title":"Se dictar\u00e1 un taller de actualizaci\u00f3n sobre dise\u00f1o de proyectos","og_description":"Se dictar\u00e1 un taller de actualizaci\u00f3n sobre \u201cDise\u00f1o de proyectos de educaci\u00f3n cient\u00edfica y tecnol\u00f3gica\u201d, entre el 2 de mayo y el 3 de junio","og_url":"https:\/\/experienciadevida.com.ar\/portalurbano\/se-dictara-un-taller-de-actualizacion-sobre-diseno-de-proyectos-de-educacion-cientifica-y-tecnologica\/","article_publisher":"https:\/\/www.facebook.com\/Portal-Urbano-171542830093757\/","article_published_time":"2022-04-12T18:10:42+00:00","article_modified_time":"2022-04-12T18:12:08+00:00","og_image":[{"width":1000,"height":1000,"url":"https:\/\/experienciadevida.com.ar\/portalurbano\/wp-content\/uploads\/2022\/04\/Se-dictara-un-taller.jpg","type":"image\/jpeg"}],"author":"admpu17wp","twitter_card":"summary_large_image","twitter_creator":"@portalurbanook","twitter_site":"@portalurbanook","twitter_misc":{"Escrito por":"admpu17wp","Tiempo de lectura":"2 minutos"},"schema":{"@context":"https:\/\/schema.org","@graph":[{"@type":"Article","@id":"https:\/\/experienciadevida.com.ar\/portalurbano\/se-dictara-un-taller-de-actualizacion-sobre-diseno-de-proyectos-de-educacion-cientifica-y-tecnologica\/#article","isPartOf":{"@id":"https:\/\/experienciadevida.com.ar\/portalurbano\/se-dictara-un-taller-de-actualizacion-sobre-diseno-de-proyectos-de-educacion-cientifica-y-tecnologica\/"},"author":{"name":"admpu17wp","@id":"https:\/\/experienciadevida.com.ar\/portalurbano\/#\/schema\/person\/02dd326b1c4b056e9cc972486934a3a7"},"headline":"Se dictar\u00e1 un taller de actualizaci\u00f3n sobre \u201cDise\u00f1o de proyectos de educaci\u00f3n cient\u00edfica y tecnol\u00f3gica\u201d","datePublished":"2022-04-12T18:10:42+00:00","dateModified":"2022-04-12T18:12:08+00:00","mainEntityOfPage":{"@id":"https:\/\/experienciadevida.com.ar\/portalurbano\/se-dictara-un-taller-de-actualizacion-sobre-diseno-de-proyectos-de-educacion-cientifica-y-tecnologica\/"},"wordCount":330,"publisher":{"@id":"https:\/\/experienciadevida.com.ar\/portalurbano\/#organization"},"articleSection":["Educaci\u00f3n"],"inLanguage":"es"},{"@type":"WebPage","@id":"https:\/\/experienciadevida.com.ar\/portalurbano\/se-dictara-un-taller-de-actualizacion-sobre-diseno-de-proyectos-de-educacion-cientifica-y-tecnologica\/","url":"https:\/\/experienciadevida.com.ar\/portalurbano\/se-dictara-un-taller-de-actualizacion-sobre-diseno-de-proyectos-de-educacion-cientifica-y-tecnologica\/","name":"Se dictar\u00e1 un taller de actualizaci\u00f3n sobre dise\u00f1o de proyectos","isPartOf":{"@id":"https:\/\/experienciadevida.com.ar\/portalurbano\/#website"},"datePublished":"2022-04-12T18:10:42+00:00","dateModified":"2022-04-12T18:12:08+00:00","description":"Se dictar\u00e1 un taller de actualizaci\u00f3n sobre \u201cDise\u00f1o de proyectos de educaci\u00f3n cient\u00edfica y tecnol\u00f3gica\u201d, entre el 2 de mayo y el 3 de junio","breadcrumb":{"@id":"https:\/\/experienciadevida.com.ar\/portalurbano\/se-dictara-un-taller-de-actualizacion-sobre-diseno-de-proyectos-de-educacion-cientifica-y-tecnologica\/#breadcrumb"},"inLanguage":"es","potentialAction":[{"@type":"ReadAction","target":["https:\/\/experienciadevida.com.ar\/portalurbano\/se-dictara-un-taller-de-actualizacion-sobre-diseno-de-proyectos-de-educacion-cientifica-y-tecnologica\/"]}]},{"@type":"BreadcrumbList","@id":"https:\/\/experienciadevida.com.ar\/portalurbano\/se-dictara-un-taller-de-actualizacion-sobre-diseno-de-proyectos-de-educacion-cientifica-y-tecnologica\/#breadcrumb","itemListElement":[{"@type":"ListItem","position":1,"name":"Portada","item":"https:\/\/experienciadevida.com.ar\/portalurbano\/"},{"@type":"ListItem","position":2,"name":"Se dictar\u00e1 un taller de actualizaci\u00f3n sobre \u201cDise\u00f1o de proyectos de educaci\u00f3n cient\u00edfica y tecnol\u00f3gica\u201d"}]},{"@type":"WebSite","@id":"https:\/\/experienciadevida.com.ar\/portalurbano\/#website","url":"https:\/\/experienciadevida.com.ar\/portalurbano\/","name":"","description":"","publisher":{"@id":"https:\/\/experienciadevida.com.ar\/portalurbano\/#organization"},"potentialAction":[{"@type":"SearchAction","target":{"@type":"EntryPoint","urlTemplate":"https:\/\/experienciadevida.com.ar\/portalurbano\/?s={search_term_string}"},"query-input":"required name=search_term_string"}],"inLanguage":"es"},{"@type":"Organization","@id":"https:\/\/experienciadevida.com.ar\/portalurbano\/#organization","name":"Portal Urbano","url":"https:\/\/experienciadevida.com.ar\/portalurbano\/","logo":{"@type":"ImageObject","inLanguage":"es","@id":"https:\/\/experienciadevida.com.ar\/portalurbano\/#\/schema\/logo\/image\/","url":"https:\/\/experienciadevida.com.ar\/portalurbano\/wp-content\/uploads\/2019\/09\/Logo-Original.png","contentUrl":"https:\/\/experienciadevida.com.ar\/portalurbano\/wp-content\/uploads\/2019\/09\/Logo-Original.png","width":2236,"height":1216,"caption":"Portal Urbano"},"image":{"@id":"https:\/\/experienciadevida.com.ar\/portalurbano\/#\/schema\/logo\/image\/"},"sameAs":["https:\/\/www.facebook.com\/Portal-Urbano-171542830093757\/","https:\/\/twitter.com\/portalurbanook","https:\/\/www.instagram.com\/_portalurbano\/","https:\/\/www.youtube.com\/channel\/UCXhagIfszH8KxFiOok79zbA?view_as=subscriber"]},{"@type":"Person","@id":"https:\/\/experienciadevida.com.ar\/portalurbano\/#\/schema\/person\/02dd326b1c4b056e9cc972486934a3a7","name":"admpu17wp","image":{"@type":"ImageObject","inLanguage":"es","@id":"https:\/\/experienciadevida.com.ar\/portalurbano\/#\/schema\/person\/image\/","url":"https:\/\/secure.gravatar.com\/avatar\/830d4c57adaae6630765e449a6908047?s=96&d=mm&r=g","contentUrl":"https:\/\/secure.gravatar.com\/avatar\/830d4c57adaae6630765e449a6908047?s=96&d=mm&r=g","caption":"admpu17wp"}}]}},"featured_image_urls":{"full":["https:\/\/experienciadevida.com.ar\/portalurbano\/wp-content\/uploads\/2022\/04\/Se-dictara-un-taller.jpg",1000,1000,false],"thumbnail":["https:\/\/experienciadevida.com.ar\/portalurbano\/wp-content\/uploads\/2022\/04\/Se-dictara-un-taller-150x150.jpg",150,150,true],"medium":["https:\/\/experienciadevida.com.ar\/portalurbano\/wp-content\/uploads\/2022\/04\/Se-dictara-un-taller-300x300.jpg",300,300,true],"medium_large":["https:\/\/experienciadevida.com.ar\/portalurbano\/wp-content\/uploads\/2022\/04\/Se-dictara-un-taller-768x768.jpg",640,640,true],"large":["https:\/\/experienciadevida.com.ar\/portalurbano\/wp-content\/uploads\/2022\/04\/Se-dictara-un-taller.jpg",640,640,false],"ug_big":["https:\/\/experienciadevida.com.ar\/portalurbano\/wp-content\/uploads\/2022\/04\/Se-dictara-un-taller-768x768.jpg",768,768,true],"1536x1536":["https:\/\/experienciadevida.com.ar\/portalurbano\/wp-content\/uploads\/2022\/04\/Se-dictara-un-taller.jpg",1000,1000,false],"2048x2048":["https:\/\/experienciadevida.com.ar\/portalurbano\/wp-content\/uploads\/2022\/04\/Se-dictara-un-taller.jpg",1000,1000,false],"newsever-slider-full":["https:\/\/experienciadevida.com.ar\/portalurbano\/wp-content\/uploads\/2022\/04\/Se-dictara-un-taller.jpg",845,845,false],"newsever-featured":["https:\/\/experienciadevida.com.ar\/portalurbano\/wp-content\/uploads\/2022\/04\/Se-dictara-un-taller.jpg",1000,1000,false],"newsever-medium":["https:\/\/experienciadevida.com.ar\/portalurbano\/wp-content\/uploads\/2022\/04\/Se-dictara-un-taller.jpg",475,475,false],"web-stories-poster-portrait":["https:\/\/experienciadevida.com.ar\/portalurbano\/wp-content\/uploads\/2022\/04\/Se-dictara-un-taller.jpg",640,640,false],"web-stories-publisher-logo":["https:\/\/experienciadevida.com.ar\/portalurbano\/wp-content\/uploads\/2022\/04\/Se-dictara-un-taller.jpg",96,96,false],"web-stories-thumbnail":["https:\/\/experienciadevida.com.ar\/portalurbano\/wp-content\/uploads\/2022\/04\/Se-dictara-un-taller.jpg",150,150,false]},"author_info":{"display_name":"admpu17wp","author_link":"https:\/\/experienciadevida.com.ar\/portalurbano\/author\/admpu17wp\/"},"category_info":"<a href=\"https:\/\/experienciadevida.com.ar\/portalurbano\/category\/ciudad\/educacion\/\" rel=\"category tag\">Educaci\u00f3n<\/a>","tag_info":"Educaci\u00f3n","comment_count":"0","amp_enabled":true,"_links":{"self":[{"href":"https:\/\/experienciadevida.com.ar\/portalurbano\/wp-json\/wp\/v2\/posts\/165599"}],"collection":[{"href":"https:\/\/experienciadevida.com.ar\/portalurbano\/wp-json\/wp\/v2\/posts"}],"about":[{"href":"https:\/\/experienciadevida.com.ar\/portalurbano\/wp-json\/wp\/v2\/types\/post"}],"author":[{"embeddable":true,"href":"https:\/\/experienciadevida.com.ar\/portalurbano\/wp-json\/wp\/v2\/users\/1"}],"replies":[{"embeddable":true,"href":"https:\/\/experienciadevida.com.ar\/portalurbano\/wp-json\/wp\/v2\/comments?post=165599"}],"version-history":[{"count":2,"href":"https:\/\/experienciadevida.com.ar\/portalurbano\/wp-json\/wp\/v2\/posts\/165599\/revisions"}],"predecessor-version":[{"id":165602,"href":"https:\/\/experienciadevida.com.ar\/portalurbano\/wp-json\/wp\/v2\/posts\/165599\/revisions\/165602"}],"wp:featuredmedia":[{"embeddable":true,"href":"https:\/\/experienciadevida.com.ar\/portalurbano\/wp-json\/wp\/v2\/media\/165600"}],"wp:attachment":[{"href":"https:\/\/experienciadevida.com.ar\/portalurbano\/wp-json\/wp\/v2\/media?parent=165599"}],"wp:term":[{"taxonomy":"category","embeddable":true,"href":"https:\/\/experienciadevida.com.ar\/portalurbano\/wp-json\/wp\/v2\/categories?post=165599"},{"taxonomy":"post_tag","embeddable":true,"href":"https:\/\/experienciadevida.com.ar\/portalurbano\/wp-json\/wp\/v2\/tags?post=165599"}],"curies":[{"name":"wp","href":"https:\/\/api.w.org\/{rel}","templated":true}]}}