{"id":165569,"date":"2022-04-12T09:56:20","date_gmt":"2022-04-12T12:56:20","guid":{"rendered":"https:\/\/experienciadevida.com.ar\/portalurbano\/?p=165569"},"modified":"2022-04-12T09:59:31","modified_gmt":"2022-04-12T12:59:31","slug":"encuentro-de-coopelectric-y-la-union-industrial-de-nuestra-ciudad","status":"publish","type":"post","link":"https:\/\/experienciadevida.com.ar\/portalurbano\/encuentro-de-coopelectric-y-la-union-industrial-de-nuestra-ciudad\/","title":{"rendered":"Encuentro de Coopelectric y la Uni\u00f3n Industrial de nuestra ciudad"},"content":{"rendered":"<p>Encuentro de Coopelectric y la Uni\u00f3n Industrial de nuestra ciudad, en el marco del programa \u201cDi\u00e1logos Comunitarios\u201d, el presidente del Consejo de Administraci\u00f3n Cruz Arouxet, el secretario Alberto Miotti, el<br \/>\nprosecretario Oscar Angeletti, el Consejero Jos\u00e9 Mor\u00e1n, el presidente del Cuerpo de Delegados Ignacio Pagano, el S\u00edndico Horacio Balbiani y el gerente de Coordinaci\u00f3n Ejecutiva Oscar L\u00f3pez, recibieron la visita del presidente<br \/>\nde la Uni\u00f3n Industrial de Olavarr\u00eda (UIO) C\u00e9sar Longo y la encargada de Relaciones Institucionales Vanesa Andreis.<\/p>\n<p>Durante el encuentro se acord\u00f3 la organizaci\u00f3n conjunta de una charla destinada a los asociados de ambas instituciones y a la comunidad en general dentro del \u201cCiclo de charlas y conferencias 2022\u201d. La misma se relacionar\u00e1<br \/>\ncon la transici\u00f3n de la matriz energ\u00e9tica, el futuro de la distribuci\u00f3n el\u00e9ctrica, el rol de las energ\u00edas renovables y tendr\u00e1 lugar en el mes de mayo.<\/p>\n<p>Al mismo tiempo, se abordaron otras tem\u00e1ticas vinculadas a las prestaciones de la Cooperativa. En tal sentido, se hizo referencia al estado de situaci\u00f3n del Servicio El\u00e9ctrico ante el atraso tarifario que se registra desde el a\u00f1o<br \/>\n2019 y las medidas implementadas para poder resguardar la continuidad de la prestaci\u00f3n y garantizar los est\u00e1ndares calidad establecidos por las normativas vigentes.<\/p>\n<p>Encuentro de Coopelectric y la Uni\u00f3n Industrial de nuestra ciudad, el crecimiento del sector industrial, entre otras cosas, tambi\u00e9n est\u00e1 relacionado con el servicio el\u00e9ctrico, con la calidad y la capacidad de potencia dado que son elementos a considerar al momento de la radicaci\u00f3n de una empresa. En esa l\u00ednea, desde la Cooperativa se hizo menci\u00f3n al funcionamiento de la Subestaci\u00f3n Transformadora de 33\/13,2 kV ubicada en la intersecci\u00f3n de Rufino Fal y Moreno que fue inaugurada en el a\u00f1o 2015 con una potencia instalada de 15.000 KVA y la posibilidad de albergar otro transformador de caracter\u00edsticas similares cuando el crecimiento demogr\u00e1fico de la ciudad lo requiera.<\/p>\n<p>\u201cEn el \u00e1rea t\u00e9cnica, nuestros ingenieros realizan estudios de proyecci\u00f3n de demanda, tenemos proyectos elaborados con estimaciones para Olavarr\u00eda de ac\u00e1 a 30 a\u00f1os\u201d indicaron desde Coopelectric y agregaron \u201clas proyecciones est\u00e1n,<br \/>\nesperamos que en los pr\u00f3ximos a\u00f1os podamos gestionar los recursos para seguir concretando obras de estas caracter\u00edsticas\u201d.<\/p>\n<p>El Servicio Sanitario tambi\u00e9n result\u00f3 de inter\u00e9s, por lo que se dialog\u00f3 sobre el funcionamiento del mismo durante el per\u00edodo estival y sobre las obras realizadas durante el \u00faltimo a\u00f1o en la ciudad con el Fondo de Obras de<br \/>\nInfraestructura (FOI) que se recauda a trav\u00e9s de la factura.<\/p>\n<p>Desde la asociaci\u00f3n que representa al sector industrial radicado en Olavarria, brindaron informaci\u00f3n sobre el acompa\u00f1amiento permanente que prestan a las grandes, medianas y peque\u00f1as empresas, industrias y comercios<br \/>\nde la ciudad. Al mismo tiempo destacaron el potencial de Olavarr\u00eda, \u201csomos privilegiados en todos los aspectos, geogr\u00e1ficamente estamos ubicados en un lugar estrat\u00e9gico. A la competitividad que tenemos hay que aprovecharla\u201d<br \/>\nsostuvo C\u00e9sar Longo.<\/p>\n<p>Al finalizar el encuentro, el presidente del Consejo de Administraci\u00f3n Cruz Arouxet expres\u00f3 \u201cfue una reuni\u00f3n muy amena en la que pudimos brindar informaci\u00f3n sobre el acontecer de la Cooperativa y de cada servicio, pero al<br \/>\nmismo tiempo conocer la realidad y las necesidades del sector industrial\u201d.<\/p>\n<p>\u201cAdem\u00e1s consensuamos la realizaci\u00f3n de actividades de inter\u00e9s comunitario de forma conjunta, considero que unir voluntades y trabajar asociativamente, tambi\u00e9n es una manera de contribuir al desarrollo local\u201d concluy\u00f3 Cruz<br \/>\nArouxet.<\/p>\n","protected":false},"excerpt":{"rendered":"<p>Encuentro de Coopelectric y la Uni\u00f3n Industrial de nuestra ciudad, en el marco del programa&#8230;<\/p>\n","protected":false},"author":1,"featured_media":165570,"comment_status":"closed","ping_status":"closed","sticky":false,"template":"","format":"standard","meta":{"content-type":""},"categories":[27,51],"tags":[],"nelio_content":{"isAutoShareEnabled":false,"autoShareEndMode":"default","automationSources":{"useContentSentences":true,"useSocialTemplates":true,"useCustomSentences":false,"customSentences":[]},"followers":[1],"suggestedReferences":[],"includedReferences":[],"efiUrl":"","efiAlt":"","highlights":[]},"yoast_head":"<!-- This site is optimized with the Yoast SEO plugin v20.7 - https:\/\/yoast.com\/wordpress\/plugins\/seo\/ -->\n<title>Encuentro de Coopelectric y la Uni\u00f3n Industrial de nuestra ciudad<\/title>\n<meta name=\"description\" content=\"Encuentro de Coopelectric y la Uni\u00f3n Industrial de nuestra ciudad, en el marco del programa \u201cDi\u00e1logos Comunitarios&quot;\" \/>\n<meta name=\"robots\" content=\"index, follow, max-snippet:-1, max-image-preview:large, max-video-preview:-1\" \/>\n<link rel=\"canonical\" href=\"https:\/\/experienciadevida.com.ar\/portalurbano\/encuentro-de-coopelectric-y-la-union-industrial-de-nuestra-ciudad\/\" \/>\n<meta property=\"og:locale\" content=\"es_ES\" \/>\n<meta property=\"og:type\" content=\"article\" \/>\n<meta property=\"og:title\" content=\"Encuentro de Coopelectric y la Uni\u00f3n Industrial de nuestra ciudad\" \/>\n<meta property=\"og:description\" content=\"Encuentro de Coopelectric y la Uni\u00f3n Industrial de nuestra ciudad, en el marco del programa \u201cDi\u00e1logos Comunitarios&quot;\" \/>\n<meta property=\"og:url\" content=\"https:\/\/experienciadevida.com.ar\/portalurbano\/encuentro-de-coopelectric-y-la-union-industrial-de-nuestra-ciudad\/\" \/>\n<meta property=\"article:publisher\" content=\"https:\/\/www.facebook.com\/Portal-Urbano-171542830093757\/\" \/>\n<meta property=\"article:published_time\" content=\"2022-04-12T12:56:20+00:00\" \/>\n<meta property=\"article:modified_time\" content=\"2022-04-12T12:59:31+00:00\" \/>\n<meta property=\"og:image\" content=\"https:\/\/experienciadevida.com.ar\/portalurbano\/wp-content\/uploads\/2022\/04\/Encuentro-de-Coopelectric-y.jpeg\" \/>\n\t<meta property=\"og:image:width\" content=\"1600\" \/>\n\t<meta property=\"og:image:height\" content=\"1200\" \/>\n\t<meta property=\"og:image:type\" content=\"image\/jpeg\" \/>\n<meta name=\"author\" content=\"admpu17wp\" \/>\n<meta name=\"twitter:card\" content=\"summary_large_image\" \/>\n<meta name=\"twitter:creator\" content=\"@portalurbanook\" \/>\n<meta name=\"twitter:site\" content=\"@portalurbanook\" \/>\n<meta name=\"twitter:label1\" content=\"Escrito por\" \/>\n\t<meta name=\"twitter:data1\" content=\"admpu17wp\" \/>\n\t<meta name=\"twitter:label2\" content=\"Tiempo de lectura\" \/>\n\t<meta name=\"twitter:data2\" content=\"3 minutos\" \/>\n<script type=\"application\/ld+json\" class=\"yoast-schema-graph\">{\"@context\":\"https:\/\/schema.org\",\"@graph\":[{\"@type\":\"Article\",\"@id\":\"https:\/\/experienciadevida.com.ar\/portalurbano\/encuentro-de-coopelectric-y-la-union-industrial-de-nuestra-ciudad\/#article\",\"isPartOf\":{\"@id\":\"https:\/\/experienciadevida.com.ar\/portalurbano\/encuentro-de-coopelectric-y-la-union-industrial-de-nuestra-ciudad\/\"},\"author\":{\"name\":\"admpu17wp\",\"@id\":\"https:\/\/experienciadevida.com.ar\/portalurbano\/#\/schema\/person\/02dd326b1c4b056e9cc972486934a3a7\"},\"headline\":\"Encuentro de Coopelectric y la Uni\u00f3n Industrial de nuestra ciudad\",\"datePublished\":\"2022-04-12T12:56:20+00:00\",\"dateModified\":\"2022-04-12T12:59:31+00:00\",\"mainEntityOfPage\":{\"@id\":\"https:\/\/experienciadevida.com.ar\/portalurbano\/encuentro-de-coopelectric-y-la-union-industrial-de-nuestra-ciudad\/\"},\"wordCount\":615,\"publisher\":{\"@id\":\"https:\/\/experienciadevida.com.ar\/portalurbano\/#organization\"},\"articleSection\":[\"Ciudad\",\"Destacadas\"],\"inLanguage\":\"es\"},{\"@type\":\"WebPage\",\"@id\":\"https:\/\/experienciadevida.com.ar\/portalurbano\/encuentro-de-coopelectric-y-la-union-industrial-de-nuestra-ciudad\/\",\"url\":\"https:\/\/experienciadevida.com.ar\/portalurbano\/encuentro-de-coopelectric-y-la-union-industrial-de-nuestra-ciudad\/\",\"name\":\"Encuentro de Coopelectric y la Uni\u00f3n Industrial de nuestra ciudad\",\"isPartOf\":{\"@id\":\"https:\/\/experienciadevida.com.ar\/portalurbano\/#website\"},\"datePublished\":\"2022-04-12T12:56:20+00:00\",\"dateModified\":\"2022-04-12T12:59:31+00:00\",\"description\":\"Encuentro de Coopelectric y la Uni\u00f3n Industrial de nuestra ciudad, en el marco del programa \u201cDi\u00e1logos Comunitarios\\\"\",\"breadcrumb\":{\"@id\":\"https:\/\/experienciadevida.com.ar\/portalurbano\/encuentro-de-coopelectric-y-la-union-industrial-de-nuestra-ciudad\/#breadcrumb\"},\"inLanguage\":\"es\",\"potentialAction\":[{\"@type\":\"ReadAction\",\"target\":[\"https:\/\/experienciadevida.com.ar\/portalurbano\/encuentro-de-coopelectric-y-la-union-industrial-de-nuestra-ciudad\/\"]}]},{\"@type\":\"BreadcrumbList\",\"@id\":\"https:\/\/experienciadevida.com.ar\/portalurbano\/encuentro-de-coopelectric-y-la-union-industrial-de-nuestra-ciudad\/#breadcrumb\",\"itemListElement\":[{\"@type\":\"ListItem\",\"position\":1,\"name\":\"Portada\",\"item\":\"https:\/\/experienciadevida.com.ar\/portalurbano\/\"},{\"@type\":\"ListItem\",\"position\":2,\"name\":\"Encuentro de Coopelectric y la Uni\u00f3n Industrial de nuestra ciudad\"}]},{\"@type\":\"WebSite\",\"@id\":\"https:\/\/experienciadevida.com.ar\/portalurbano\/#website\",\"url\":\"https:\/\/experienciadevida.com.ar\/portalurbano\/\",\"name\":\"\",\"description\":\"\",\"publisher\":{\"@id\":\"https:\/\/experienciadevida.com.ar\/portalurbano\/#organization\"},\"potentialAction\":[{\"@type\":\"SearchAction\",\"target\":{\"@type\":\"EntryPoint\",\"urlTemplate\":\"https:\/\/experienciadevida.com.ar\/portalurbano\/?s={search_term_string}\"},\"query-input\":\"required name=search_term_string\"}],\"inLanguage\":\"es\"},{\"@type\":\"Organization\",\"@id\":\"https:\/\/experienciadevida.com.ar\/portalurbano\/#organization\",\"name\":\"Portal Urbano\",\"url\":\"https:\/\/experienciadevida.com.ar\/portalurbano\/\",\"logo\":{\"@type\":\"ImageObject\",\"inLanguage\":\"es\",\"@id\":\"https:\/\/experienciadevida.com.ar\/portalurbano\/#\/schema\/logo\/image\/\",\"url\":\"https:\/\/experienciadevida.com.ar\/portalurbano\/wp-content\/uploads\/2019\/09\/Logo-Original.png\",\"contentUrl\":\"https:\/\/experienciadevida.com.ar\/portalurbano\/wp-content\/uploads\/2019\/09\/Logo-Original.png\",\"width\":2236,\"height\":1216,\"caption\":\"Portal Urbano\"},\"image\":{\"@id\":\"https:\/\/experienciadevida.com.ar\/portalurbano\/#\/schema\/logo\/image\/\"},\"sameAs\":[\"https:\/\/www.facebook.com\/Portal-Urbano-171542830093757\/\",\"https:\/\/twitter.com\/portalurbanook\",\"https:\/\/www.instagram.com\/_portalurbano\/\",\"https:\/\/www.youtube.com\/channel\/UCXhagIfszH8KxFiOok79zbA?view_as=subscriber\"]},{\"@type\":\"Person\",\"@id\":\"https:\/\/experienciadevida.com.ar\/portalurbano\/#\/schema\/person\/02dd326b1c4b056e9cc972486934a3a7\",\"name\":\"admpu17wp\",\"image\":{\"@type\":\"ImageObject\",\"inLanguage\":\"es\",\"@id\":\"https:\/\/experienciadevida.com.ar\/portalurbano\/#\/schema\/person\/image\/\",\"url\":\"https:\/\/secure.gravatar.com\/avatar\/830d4c57adaae6630765e449a6908047?s=96&d=mm&r=g\",\"contentUrl\":\"https:\/\/secure.gravatar.com\/avatar\/830d4c57adaae6630765e449a6908047?s=96&d=mm&r=g\",\"caption\":\"admpu17wp\"}}]}<\/script>\n<!-- \/ Yoast SEO plugin. -->","yoast_head_json":{"title":"Encuentro de Coopelectric y la Uni\u00f3n Industrial de nuestra ciudad","description":"Encuentro de Coopelectric y la Uni\u00f3n Industrial de nuestra ciudad, en el marco del programa \u201cDi\u00e1logos Comunitarios\"","robots":{"index":"index","follow":"follow","max-snippet":"max-snippet:-1","max-image-preview":"max-image-preview:large","max-video-preview":"max-video-preview:-1"},"canonical":"https:\/\/experienciadevida.com.ar\/portalurbano\/encuentro-de-coopelectric-y-la-union-industrial-de-nuestra-ciudad\/","og_locale":"es_ES","og_type":"article","og_title":"Encuentro de Coopelectric y la Uni\u00f3n Industrial de nuestra ciudad","og_description":"Encuentro de Coopelectric y la Uni\u00f3n Industrial de nuestra ciudad, en el marco del programa \u201cDi\u00e1logos Comunitarios\"","og_url":"https:\/\/experienciadevida.com.ar\/portalurbano\/encuentro-de-coopelectric-y-la-union-industrial-de-nuestra-ciudad\/","article_publisher":"https:\/\/www.facebook.com\/Portal-Urbano-171542830093757\/","article_published_time":"2022-04-12T12:56:20+00:00","article_modified_time":"2022-04-12T12:59:31+00:00","og_image":[{"width":1600,"height":1200,"url":"https:\/\/experienciadevida.com.ar\/portalurbano\/wp-content\/uploads\/2022\/04\/Encuentro-de-Coopelectric-y.jpeg","type":"image\/jpeg"}],"author":"admpu17wp","twitter_card":"summary_large_image","twitter_creator":"@portalurbanook","twitter_site":"@portalurbanook","twitter_misc":{"Escrito por":"admpu17wp","Tiempo de lectura":"3 minutos"},"schema":{"@context":"https:\/\/schema.org","@graph":[{"@type":"Article","@id":"https:\/\/experienciadevida.com.ar\/portalurbano\/encuentro-de-coopelectric-y-la-union-industrial-de-nuestra-ciudad\/#article","isPartOf":{"@id":"https:\/\/experienciadevida.com.ar\/portalurbano\/encuentro-de-coopelectric-y-la-union-industrial-de-nuestra-ciudad\/"},"author":{"name":"admpu17wp","@id":"https:\/\/experienciadevida.com.ar\/portalurbano\/#\/schema\/person\/02dd326b1c4b056e9cc972486934a3a7"},"headline":"Encuentro de Coopelectric y la Uni\u00f3n Industrial de nuestra ciudad","datePublished":"2022-04-12T12:56:20+00:00","dateModified":"2022-04-12T12:59:31+00:00","mainEntityOfPage":{"@id":"https:\/\/experienciadevida.com.ar\/portalurbano\/encuentro-de-coopelectric-y-la-union-industrial-de-nuestra-ciudad\/"},"wordCount":615,"publisher":{"@id":"https:\/\/experienciadevida.com.ar\/portalurbano\/#organization"},"articleSection":["Ciudad","Destacadas"],"inLanguage":"es"},{"@type":"WebPage","@id":"https:\/\/experienciadevida.com.ar\/portalurbano\/encuentro-de-coopelectric-y-la-union-industrial-de-nuestra-ciudad\/","url":"https:\/\/experienciadevida.com.ar\/portalurbano\/encuentro-de-coopelectric-y-la-union-industrial-de-nuestra-ciudad\/","name":"Encuentro de Coopelectric y la Uni\u00f3n Industrial de nuestra ciudad","isPartOf":{"@id":"https:\/\/experienciadevida.com.ar\/portalurbano\/#website"},"datePublished":"2022-04-12T12:56:20+00:00","dateModified":"2022-04-12T12:59:31+00:00","description":"Encuentro de Coopelectric y la Uni\u00f3n Industrial de nuestra ciudad, en el marco del programa \u201cDi\u00e1logos Comunitarios\"","breadcrumb":{"@id":"https:\/\/experienciadevida.com.ar\/portalurbano\/encuentro-de-coopelectric-y-la-union-industrial-de-nuestra-ciudad\/#breadcrumb"},"inLanguage":"es","potentialAction":[{"@type":"ReadAction","target":["https:\/\/experienciadevida.com.ar\/portalurbano\/encuentro-de-coopelectric-y-la-union-industrial-de-nuestra-ciudad\/"]}]},{"@type":"BreadcrumbList","@id":"https:\/\/experienciadevida.com.ar\/portalurbano\/encuentro-de-coopelectric-y-la-union-industrial-de-nuestra-ciudad\/#breadcrumb","itemListElement":[{"@type":"ListItem","position":1,"name":"Portada","item":"https:\/\/experienciadevida.com.ar\/portalurbano\/"},{"@type":"ListItem","position":2,"name":"Encuentro de Coopelectric y la Uni\u00f3n Industrial de nuestra ciudad"}]},{"@type":"WebSite","@id":"https:\/\/experienciadevida.com.ar\/portalurbano\/#website","url":"https:\/\/experienciadevida.com.ar\/portalurbano\/","name":"","description":"","publisher":{"@id":"https:\/\/experienciadevida.com.ar\/portalurbano\/#organization"},"potentialAction":[{"@type":"SearchAction","target":{"@type":"EntryPoint","urlTemplate":"https:\/\/experienciadevida.com.ar\/portalurbano\/?s={search_term_string}"},"query-input":"required name=search_term_string"}],"inLanguage":"es"},{"@type":"Organization","@id":"https:\/\/experienciadevida.com.ar\/portalurbano\/#organization","name":"Portal Urbano","url":"https:\/\/experienciadevida.com.ar\/portalurbano\/","logo":{"@type":"ImageObject","inLanguage":"es","@id":"https:\/\/experienciadevida.com.ar\/portalurbano\/#\/schema\/logo\/image\/","url":"https:\/\/experienciadevida.com.ar\/portalurbano\/wp-content\/uploads\/2019\/09\/Logo-Original.png","contentUrl":"https:\/\/experienciadevida.com.ar\/portalurbano\/wp-content\/uploads\/2019\/09\/Logo-Original.png","width":2236,"height":1216,"caption":"Portal Urbano"},"image":{"@id":"https:\/\/experienciadevida.com.ar\/portalurbano\/#\/schema\/logo\/image\/"},"sameAs":["https:\/\/www.facebook.com\/Portal-Urbano-171542830093757\/","https:\/\/twitter.com\/portalurbanook","https:\/\/www.instagram.com\/_portalurbano\/","https:\/\/www.youtube.com\/channel\/UCXhagIfszH8KxFiOok79zbA?view_as=subscriber"]},{"@type":"Person","@id":"https:\/\/experienciadevida.com.ar\/portalurbano\/#\/schema\/person\/02dd326b1c4b056e9cc972486934a3a7","name":"admpu17wp","image":{"@type":"ImageObject","inLanguage":"es","@id":"https:\/\/experienciadevida.com.ar\/portalurbano\/#\/schema\/person\/image\/","url":"https:\/\/secure.gravatar.com\/avatar\/830d4c57adaae6630765e449a6908047?s=96&d=mm&r=g","contentUrl":"https:\/\/secure.gravatar.com\/avatar\/830d4c57adaae6630765e449a6908047?s=96&d=mm&r=g","caption":"admpu17wp"}}]}},"featured_image_urls":{"full":["https:\/\/experienciadevida.com.ar\/portalurbano\/wp-content\/uploads\/2022\/04\/Encuentro-de-Coopelectric-y.jpeg",1600,1200,false],"thumbnail":["https:\/\/experienciadevida.com.ar\/portalurbano\/wp-content\/uploads\/2022\/04\/Encuentro-de-Coopelectric-y-150x150.jpeg",150,150,true],"medium":["https:\/\/experienciadevida.com.ar\/portalurbano\/wp-content\/uploads\/2022\/04\/Encuentro-de-Coopelectric-y-300x225.jpeg",300,225,true],"medium_large":["https:\/\/experienciadevida.com.ar\/portalurbano\/wp-content\/uploads\/2022\/04\/Encuentro-de-Coopelectric-y-768x576.jpeg",640,480,true],"large":["https:\/\/experienciadevida.com.ar\/portalurbano\/wp-content\/uploads\/2022\/04\/Encuentro-de-Coopelectric-y-1024x768.jpeg",640,480,true],"ug_big":["https:\/\/experienciadevida.com.ar\/portalurbano\/wp-content\/uploads\/2022\/04\/Encuentro-de-Coopelectric-y-768x576.jpeg",768,576,true],"1536x1536":["https:\/\/experienciadevida.com.ar\/portalurbano\/wp-content\/uploads\/2022\/04\/Encuentro-de-Coopelectric-y-1536x1152.jpeg",1536,1152,true],"2048x2048":["https:\/\/experienciadevida.com.ar\/portalurbano\/wp-content\/uploads\/2022\/04\/Encuentro-de-Coopelectric-y.jpeg",1600,1200,false],"newsever-slider-full":["https:\/\/experienciadevida.com.ar\/portalurbano\/wp-content\/uploads\/2022\/04\/Encuentro-de-Coopelectric-y.jpeg",1127,845,false],"newsever-featured":["https:\/\/experienciadevida.com.ar\/portalurbano\/wp-content\/uploads\/2022\/04\/Encuentro-de-Coopelectric-y.jpeg",1024,768,false],"newsever-medium":["https:\/\/experienciadevida.com.ar\/portalurbano\/wp-content\/uploads\/2022\/04\/Encuentro-de-Coopelectric-y.jpeg",633,475,false],"web-stories-poster-portrait":["https:\/\/experienciadevida.com.ar\/portalurbano\/wp-content\/uploads\/2022\/04\/Encuentro-de-Coopelectric-y.jpeg",640,480,false],"web-stories-publisher-logo":["https:\/\/experienciadevida.com.ar\/portalurbano\/wp-content\/uploads\/2022\/04\/Encuentro-de-Coopelectric-y.jpeg",96,72,false],"web-stories-thumbnail":["https:\/\/experienciadevida.com.ar\/portalurbano\/wp-content\/uploads\/2022\/04\/Encuentro-de-Coopelectric-y.jpeg",150,113,false]},"author_info":{"display_name":"admpu17wp","author_link":"https:\/\/experienciadevida.com.ar\/portalurbano\/author\/admpu17wp\/"},"category_info":"<a href=\"https:\/\/experienciadevida.com.ar\/portalurbano\/category\/ciudad\/\" rel=\"category tag\">Ciudad<\/a> <a href=\"https:\/\/experienciadevida.com.ar\/portalurbano\/category\/destacadas\/\" rel=\"category tag\">Destacadas<\/a>","tag_info":"Destacadas","comment_count":"0","amp_enabled":true,"_links":{"self":[{"href":"https:\/\/experienciadevida.com.ar\/portalurbano\/wp-json\/wp\/v2\/posts\/165569"}],"collection":[{"href":"https:\/\/experienciadevida.com.ar\/portalurbano\/wp-json\/wp\/v2\/posts"}],"about":[{"href":"https:\/\/experienciadevida.com.ar\/portalurbano\/wp-json\/wp\/v2\/types\/post"}],"author":[{"embeddable":true,"href":"https:\/\/experienciadevida.com.ar\/portalurbano\/wp-json\/wp\/v2\/users\/1"}],"replies":[{"embeddable":true,"href":"https:\/\/experienciadevida.com.ar\/portalurbano\/wp-json\/wp\/v2\/comments?post=165569"}],"version-history":[{"count":1,"href":"https:\/\/experienciadevida.com.ar\/portalurbano\/wp-json\/wp\/v2\/posts\/165569\/revisions"}],"predecessor-version":[{"id":165571,"href":"https:\/\/experienciadevida.com.ar\/portalurbano\/wp-json\/wp\/v2\/posts\/165569\/revisions\/165571"}],"wp:featuredmedia":[{"embeddable":true,"href":"https:\/\/experienciadevida.com.ar\/portalurbano\/wp-json\/wp\/v2\/media\/165570"}],"wp:attachment":[{"href":"https:\/\/experienciadevida.com.ar\/portalurbano\/wp-json\/wp\/v2\/media?parent=165569"}],"wp:term":[{"taxonomy":"category","embeddable":true,"href":"https:\/\/experienciadevida.com.ar\/portalurbano\/wp-json\/wp\/v2\/categories?post=165569"},{"taxonomy":"post_tag","embeddable":true,"href":"https:\/\/experienciadevida.com.ar\/portalurbano\/wp-json\/wp\/v2\/tags?post=165569"}],"curies":[{"name":"wp","href":"https:\/\/api.w.org\/{rel}","templated":true}]}}