{"id":165555,"date":"2022-04-11T19:44:08","date_gmt":"2022-04-11T22:44:08","guid":{"rendered":"https:\/\/experienciadevida.com.ar\/portalurbano\/?p=165555"},"modified":"2022-04-11T19:44:40","modified_gmt":"2022-04-11T22:44:40","slug":"personas-mayores-comenzo-el-taller-de-actualizacion-para-el-uso-de-smartphones","status":"publish","type":"post","link":"https:\/\/experienciadevida.com.ar\/portalurbano\/personas-mayores-comenzo-el-taller-de-actualizacion-para-el-uso-de-smartphones\/","title":{"rendered":"Personas Mayores: comenz\u00f3 el taller de actualizaci\u00f3n para el uso de smartphones"},"content":{"rendered":"<p>Personas Mayores: comenz\u00f3 el taller de actualizaci\u00f3n para el uso de smartphones, con una importante convocatoria inici\u00f3 sus actividades el taller de actualizaci\u00f3n para el uso de smartphones, una de las propuestas del Programa Universitario de Personas Mayores (PUPEMA) de la Facultad de Ciencias Sociales para la primera parte del a\u00f1o.<\/p>\n<p>El taller es organizado por el Programa PUPEMA, dependiente de la Secretar\u00eda de Extensi\u00f3n, Bienestar y Transferencia de la FACSO, en articulaci\u00f3n con Punto Digital y el \u00c1rea de Discapacidad y Personas Mayores de la Municipalidad de Olavarr\u00eda.<\/p>\n<p>La propuesta surgi\u00f3 a partir de la identificaci\u00f3n de las demandas de los adultos mayores al respecto de los usos de los smartphones y de las aplicaciones espec\u00edficas para comunicarse, realizar tr\u00e1mites e incluso acceder a informaci\u00f3n sensible de su inter\u00e9s.<\/p>\n<p>Todas las propuestas de talleres de PUPEMA<\/p>\n<p>Con la presencia de Silvina Mentasti por el Programa Universitario de Personas Mayores (PUPEMA) de la FACSO, Joaqu\u00edn M\u00e9ndez y Lucia Contini, docentes del espacio, dieron comienzo al taller con un amplio marco de convocatoria.<\/p>\n<p>El taller ya tiene el cupo de inscripciones completo y se dictar\u00e1 los d\u00edas jueves en el espacio de Punto Digital del Centro Cultural San Jos\u00e9.<\/p>\n","protected":false},"excerpt":{"rendered":"<p>Personas Mayores: comenz\u00f3 el taller de actualizaci\u00f3n para el uso de smartphones, con una importante&#8230;<\/p>\n","protected":false},"author":1,"featured_media":165558,"comment_status":"closed","ping_status":"closed","sticky":false,"template":"","format":"standard","meta":{"content-type":""},"categories":[27],"tags":[],"nelio_content":{"isAutoShareEnabled":false,"autoShareEndMode":"default","automationSources":{"useContentSentences":true,"useSocialTemplates":true,"useCustomSentences":false,"customSentences":[]},"followers":[1],"suggestedReferences":[],"includedReferences":[],"efiUrl":"","efiAlt":"","highlights":[]},"yoast_head":"<!-- This site is optimized with the Yoast SEO plugin v20.7 - https:\/\/yoast.com\/wordpress\/plugins\/seo\/ -->\n<title>Personas mayores: Comenz\u00f3 el taller de actualizaci\u00f3n<\/title>\n<meta name=\"description\" content=\"Personas Mayores: comenz\u00f3 el taller de actualizaci\u00f3n para el uso de smartphones, con una importante convocatoria inici\u00f3 sus actividades\" \/>\n<meta name=\"robots\" content=\"index, follow, max-snippet:-1, max-image-preview:large, max-video-preview:-1\" \/>\n<link rel=\"canonical\" href=\"https:\/\/experienciadevida.com.ar\/portalurbano\/personas-mayores-comenzo-el-taller-de-actualizacion-para-el-uso-de-smartphones\/\" \/>\n<meta property=\"og:locale\" content=\"es_ES\" \/>\n<meta property=\"og:type\" content=\"article\" \/>\n<meta property=\"og:title\" content=\"Personas mayores: Comenz\u00f3 el taller de actualizaci\u00f3n\" \/>\n<meta property=\"og:description\" content=\"Personas Mayores: comenz\u00f3 el taller de actualizaci\u00f3n para el uso de smartphones, con una importante convocatoria inici\u00f3 sus actividades\" \/>\n<meta property=\"og:url\" content=\"https:\/\/experienciadevida.com.ar\/portalurbano\/personas-mayores-comenzo-el-taller-de-actualizacion-para-el-uso-de-smartphones\/\" \/>\n<meta property=\"article:publisher\" content=\"https:\/\/www.facebook.com\/Portal-Urbano-171542830093757\/\" \/>\n<meta property=\"article:published_time\" content=\"2022-04-11T22:44:08+00:00\" \/>\n<meta property=\"article:modified_time\" content=\"2022-04-11T22:44:40+00:00\" \/>\n<meta property=\"og:image\" content=\"https:\/\/experienciadevida.com.ar\/portalurbano\/wp-content\/uploads\/2022\/04\/Personas-Mayores.jpg\" \/>\n\t<meta property=\"og:image:width\" content=\"1000\" \/>\n\t<meta property=\"og:image:height\" content=\"581\" \/>\n\t<meta property=\"og:image:type\" content=\"image\/jpeg\" \/>\n<meta name=\"author\" content=\"admpu17wp\" \/>\n<meta name=\"twitter:card\" content=\"summary_large_image\" \/>\n<meta name=\"twitter:creator\" content=\"@portalurbanook\" \/>\n<meta name=\"twitter:site\" content=\"@portalurbanook\" \/>\n<meta name=\"twitter:label1\" content=\"Escrito por\" \/>\n\t<meta name=\"twitter:data1\" content=\"admpu17wp\" \/>\n\t<meta name=\"twitter:label2\" content=\"Tiempo de lectura\" \/>\n\t<meta name=\"twitter:data2\" content=\"1 minuto\" \/>\n<script type=\"application\/ld+json\" class=\"yoast-schema-graph\">{\"@context\":\"https:\/\/schema.org\",\"@graph\":[{\"@type\":\"Article\",\"@id\":\"https:\/\/experienciadevida.com.ar\/portalurbano\/personas-mayores-comenzo-el-taller-de-actualizacion-para-el-uso-de-smartphones\/#article\",\"isPartOf\":{\"@id\":\"https:\/\/experienciadevida.com.ar\/portalurbano\/personas-mayores-comenzo-el-taller-de-actualizacion-para-el-uso-de-smartphones\/\"},\"author\":{\"name\":\"admpu17wp\",\"@id\":\"https:\/\/experienciadevida.com.ar\/portalurbano\/#\/schema\/person\/02dd326b1c4b056e9cc972486934a3a7\"},\"headline\":\"Personas Mayores: comenz\u00f3 el taller de actualizaci\u00f3n para el uso de smartphones\",\"datePublished\":\"2022-04-11T22:44:08+00:00\",\"dateModified\":\"2022-04-11T22:44:40+00:00\",\"mainEntityOfPage\":{\"@id\":\"https:\/\/experienciadevida.com.ar\/portalurbano\/personas-mayores-comenzo-el-taller-de-actualizacion-para-el-uso-de-smartphones\/\"},\"wordCount\":226,\"publisher\":{\"@id\":\"https:\/\/experienciadevida.com.ar\/portalurbano\/#organization\"},\"articleSection\":[\"Ciudad\"],\"inLanguage\":\"es\"},{\"@type\":\"WebPage\",\"@id\":\"https:\/\/experienciadevida.com.ar\/portalurbano\/personas-mayores-comenzo-el-taller-de-actualizacion-para-el-uso-de-smartphones\/\",\"url\":\"https:\/\/experienciadevida.com.ar\/portalurbano\/personas-mayores-comenzo-el-taller-de-actualizacion-para-el-uso-de-smartphones\/\",\"name\":\"Personas mayores: Comenz\u00f3 el taller de actualizaci\u00f3n\",\"isPartOf\":{\"@id\":\"https:\/\/experienciadevida.com.ar\/portalurbano\/#website\"},\"datePublished\":\"2022-04-11T22:44:08+00:00\",\"dateModified\":\"2022-04-11T22:44:40+00:00\",\"description\":\"Personas Mayores: comenz\u00f3 el taller de actualizaci\u00f3n para el uso de smartphones, con una importante convocatoria inici\u00f3 sus actividades\",\"breadcrumb\":{\"@id\":\"https:\/\/experienciadevida.com.ar\/portalurbano\/personas-mayores-comenzo-el-taller-de-actualizacion-para-el-uso-de-smartphones\/#breadcrumb\"},\"inLanguage\":\"es\",\"potentialAction\":[{\"@type\":\"ReadAction\",\"target\":[\"https:\/\/experienciadevida.com.ar\/portalurbano\/personas-mayores-comenzo-el-taller-de-actualizacion-para-el-uso-de-smartphones\/\"]}]},{\"@type\":\"BreadcrumbList\",\"@id\":\"https:\/\/experienciadevida.com.ar\/portalurbano\/personas-mayores-comenzo-el-taller-de-actualizacion-para-el-uso-de-smartphones\/#breadcrumb\",\"itemListElement\":[{\"@type\":\"ListItem\",\"position\":1,\"name\":\"Portada\",\"item\":\"https:\/\/experienciadevida.com.ar\/portalurbano\/\"},{\"@type\":\"ListItem\",\"position\":2,\"name\":\"Personas Mayores: comenz\u00f3 el taller de actualizaci\u00f3n para el uso de smartphones\"}]},{\"@type\":\"WebSite\",\"@id\":\"https:\/\/experienciadevida.com.ar\/portalurbano\/#website\",\"url\":\"https:\/\/experienciadevida.com.ar\/portalurbano\/\",\"name\":\"\",\"description\":\"\",\"publisher\":{\"@id\":\"https:\/\/experienciadevida.com.ar\/portalurbano\/#organization\"},\"potentialAction\":[{\"@type\":\"SearchAction\",\"target\":{\"@type\":\"EntryPoint\",\"urlTemplate\":\"https:\/\/experienciadevida.com.ar\/portalurbano\/?s={search_term_string}\"},\"query-input\":\"required name=search_term_string\"}],\"inLanguage\":\"es\"},{\"@type\":\"Organization\",\"@id\":\"https:\/\/experienciadevida.com.ar\/portalurbano\/#organization\",\"name\":\"Portal Urbano\",\"url\":\"https:\/\/experienciadevida.com.ar\/portalurbano\/\",\"logo\":{\"@type\":\"ImageObject\",\"inLanguage\":\"es\",\"@id\":\"https:\/\/experienciadevida.com.ar\/portalurbano\/#\/schema\/logo\/image\/\",\"url\":\"https:\/\/experienciadevida.com.ar\/portalurbano\/wp-content\/uploads\/2019\/09\/Logo-Original.png\",\"contentUrl\":\"https:\/\/experienciadevida.com.ar\/portalurbano\/wp-content\/uploads\/2019\/09\/Logo-Original.png\",\"width\":2236,\"height\":1216,\"caption\":\"Portal Urbano\"},\"image\":{\"@id\":\"https:\/\/experienciadevida.com.ar\/portalurbano\/#\/schema\/logo\/image\/\"},\"sameAs\":[\"https:\/\/www.facebook.com\/Portal-Urbano-171542830093757\/\",\"https:\/\/twitter.com\/portalurbanook\",\"https:\/\/www.instagram.com\/_portalurbano\/\",\"https:\/\/www.youtube.com\/channel\/UCXhagIfszH8KxFiOok79zbA?view_as=subscriber\"]},{\"@type\":\"Person\",\"@id\":\"https:\/\/experienciadevida.com.ar\/portalurbano\/#\/schema\/person\/02dd326b1c4b056e9cc972486934a3a7\",\"name\":\"admpu17wp\",\"image\":{\"@type\":\"ImageObject\",\"inLanguage\":\"es\",\"@id\":\"https:\/\/experienciadevida.com.ar\/portalurbano\/#\/schema\/person\/image\/\",\"url\":\"https:\/\/secure.gravatar.com\/avatar\/830d4c57adaae6630765e449a6908047?s=96&d=mm&r=g\",\"contentUrl\":\"https:\/\/secure.gravatar.com\/avatar\/830d4c57adaae6630765e449a6908047?s=96&d=mm&r=g\",\"caption\":\"admpu17wp\"}}]}<\/script>\n<!-- \/ Yoast SEO plugin. -->","yoast_head_json":{"title":"Personas mayores: Comenz\u00f3 el taller de actualizaci\u00f3n","description":"Personas Mayores: comenz\u00f3 el taller de actualizaci\u00f3n para el uso de smartphones, con una importante convocatoria inici\u00f3 sus actividades","robots":{"index":"index","follow":"follow","max-snippet":"max-snippet:-1","max-image-preview":"max-image-preview:large","max-video-preview":"max-video-preview:-1"},"canonical":"https:\/\/experienciadevida.com.ar\/portalurbano\/personas-mayores-comenzo-el-taller-de-actualizacion-para-el-uso-de-smartphones\/","og_locale":"es_ES","og_type":"article","og_title":"Personas mayores: Comenz\u00f3 el taller de actualizaci\u00f3n","og_description":"Personas Mayores: comenz\u00f3 el taller de actualizaci\u00f3n para el uso de smartphones, con una importante convocatoria inici\u00f3 sus actividades","og_url":"https:\/\/experienciadevida.com.ar\/portalurbano\/personas-mayores-comenzo-el-taller-de-actualizacion-para-el-uso-de-smartphones\/","article_publisher":"https:\/\/www.facebook.com\/Portal-Urbano-171542830093757\/","article_published_time":"2022-04-11T22:44:08+00:00","article_modified_time":"2022-04-11T22:44:40+00:00","og_image":[{"width":1000,"height":581,"url":"https:\/\/experienciadevida.com.ar\/portalurbano\/wp-content\/uploads\/2022\/04\/Personas-Mayores.jpg","type":"image\/jpeg"}],"author":"admpu17wp","twitter_card":"summary_large_image","twitter_creator":"@portalurbanook","twitter_site":"@portalurbanook","twitter_misc":{"Escrito por":"admpu17wp","Tiempo de lectura":"1 minuto"},"schema":{"@context":"https:\/\/schema.org","@graph":[{"@type":"Article","@id":"https:\/\/experienciadevida.com.ar\/portalurbano\/personas-mayores-comenzo-el-taller-de-actualizacion-para-el-uso-de-smartphones\/#article","isPartOf":{"@id":"https:\/\/experienciadevida.com.ar\/portalurbano\/personas-mayores-comenzo-el-taller-de-actualizacion-para-el-uso-de-smartphones\/"},"author":{"name":"admpu17wp","@id":"https:\/\/experienciadevida.com.ar\/portalurbano\/#\/schema\/person\/02dd326b1c4b056e9cc972486934a3a7"},"headline":"Personas Mayores: comenz\u00f3 el taller de actualizaci\u00f3n para el uso de smartphones","datePublished":"2022-04-11T22:44:08+00:00","dateModified":"2022-04-11T22:44:40+00:00","mainEntityOfPage":{"@id":"https:\/\/experienciadevida.com.ar\/portalurbano\/personas-mayores-comenzo-el-taller-de-actualizacion-para-el-uso-de-smartphones\/"},"wordCount":226,"publisher":{"@id":"https:\/\/experienciadevida.com.ar\/portalurbano\/#organization"},"articleSection":["Ciudad"],"inLanguage":"es"},{"@type":"WebPage","@id":"https:\/\/experienciadevida.com.ar\/portalurbano\/personas-mayores-comenzo-el-taller-de-actualizacion-para-el-uso-de-smartphones\/","url":"https:\/\/experienciadevida.com.ar\/portalurbano\/personas-mayores-comenzo-el-taller-de-actualizacion-para-el-uso-de-smartphones\/","name":"Personas mayores: Comenz\u00f3 el taller de actualizaci\u00f3n","isPartOf":{"@id":"https:\/\/experienciadevida.com.ar\/portalurbano\/#website"},"datePublished":"2022-04-11T22:44:08+00:00","dateModified":"2022-04-11T22:44:40+00:00","description":"Personas Mayores: comenz\u00f3 el taller de actualizaci\u00f3n para el uso de smartphones, con una importante convocatoria inici\u00f3 sus actividades","breadcrumb":{"@id":"https:\/\/experienciadevida.com.ar\/portalurbano\/personas-mayores-comenzo-el-taller-de-actualizacion-para-el-uso-de-smartphones\/#breadcrumb"},"inLanguage":"es","potentialAction":[{"@type":"ReadAction","target":["https:\/\/experienciadevida.com.ar\/portalurbano\/personas-mayores-comenzo-el-taller-de-actualizacion-para-el-uso-de-smartphones\/"]}]},{"@type":"BreadcrumbList","@id":"https:\/\/experienciadevida.com.ar\/portalurbano\/personas-mayores-comenzo-el-taller-de-actualizacion-para-el-uso-de-smartphones\/#breadcrumb","itemListElement":[{"@type":"ListItem","position":1,"name":"Portada","item":"https:\/\/experienciadevida.com.ar\/portalurbano\/"},{"@type":"ListItem","position":2,"name":"Personas Mayores: comenz\u00f3 el taller de actualizaci\u00f3n para el uso de smartphones"}]},{"@type":"WebSite","@id":"https:\/\/experienciadevida.com.ar\/portalurbano\/#website","url":"https:\/\/experienciadevida.com.ar\/portalurbano\/","name":"","description":"","publisher":{"@id":"https:\/\/experienciadevida.com.ar\/portalurbano\/#organization"},"potentialAction":[{"@type":"SearchAction","target":{"@type":"EntryPoint","urlTemplate":"https:\/\/experienciadevida.com.ar\/portalurbano\/?s={search_term_string}"},"query-input":"required name=search_term_string"}],"inLanguage":"es"},{"@type":"Organization","@id":"https:\/\/experienciadevida.com.ar\/portalurbano\/#organization","name":"Portal Urbano","url":"https:\/\/experienciadevida.com.ar\/portalurbano\/","logo":{"@type":"ImageObject","inLanguage":"es","@id":"https:\/\/experienciadevida.com.ar\/portalurbano\/#\/schema\/logo\/image\/","url":"https:\/\/experienciadevida.com.ar\/portalurbano\/wp-content\/uploads\/2019\/09\/Logo-Original.png","contentUrl":"https:\/\/experienciadevida.com.ar\/portalurbano\/wp-content\/uploads\/2019\/09\/Logo-Original.png","width":2236,"height":1216,"caption":"Portal Urbano"},"image":{"@id":"https:\/\/experienciadevida.com.ar\/portalurbano\/#\/schema\/logo\/image\/"},"sameAs":["https:\/\/www.facebook.com\/Portal-Urbano-171542830093757\/","https:\/\/twitter.com\/portalurbanook","https:\/\/www.instagram.com\/_portalurbano\/","https:\/\/www.youtube.com\/channel\/UCXhagIfszH8KxFiOok79zbA?view_as=subscriber"]},{"@type":"Person","@id":"https:\/\/experienciadevida.com.ar\/portalurbano\/#\/schema\/person\/02dd326b1c4b056e9cc972486934a3a7","name":"admpu17wp","image":{"@type":"ImageObject","inLanguage":"es","@id":"https:\/\/experienciadevida.com.ar\/portalurbano\/#\/schema\/person\/image\/","url":"https:\/\/secure.gravatar.com\/avatar\/830d4c57adaae6630765e449a6908047?s=96&d=mm&r=g","contentUrl":"https:\/\/secure.gravatar.com\/avatar\/830d4c57adaae6630765e449a6908047?s=96&d=mm&r=g","caption":"admpu17wp"}}]}},"featured_image_urls":{"full":["https:\/\/experienciadevida.com.ar\/portalurbano\/wp-content\/uploads\/2022\/04\/Personas-Mayores.jpg",1000,581,false],"thumbnail":["https:\/\/experienciadevida.com.ar\/portalurbano\/wp-content\/uploads\/2022\/04\/Personas-Mayores-150x150.jpg",150,150,true],"medium":["https:\/\/experienciadevida.com.ar\/portalurbano\/wp-content\/uploads\/2022\/04\/Personas-Mayores-300x174.jpg",300,174,true],"medium_large":["https:\/\/experienciadevida.com.ar\/portalurbano\/wp-content\/uploads\/2022\/04\/Personas-Mayores-768x446.jpg",640,372,true],"large":["https:\/\/experienciadevida.com.ar\/portalurbano\/wp-content\/uploads\/2022\/04\/Personas-Mayores.jpg",640,372,false],"ug_big":["https:\/\/experienciadevida.com.ar\/portalurbano\/wp-content\/uploads\/2022\/04\/Personas-Mayores-768x446.jpg",768,446,true],"1536x1536":["https:\/\/experienciadevida.com.ar\/portalurbano\/wp-content\/uploads\/2022\/04\/Personas-Mayores.jpg",1000,581,false],"2048x2048":["https:\/\/experienciadevida.com.ar\/portalurbano\/wp-content\/uploads\/2022\/04\/Personas-Mayores.jpg",1000,581,false],"newsever-slider-full":["https:\/\/experienciadevida.com.ar\/portalurbano\/wp-content\/uploads\/2022\/04\/Personas-Mayores.jpg",1000,581,false],"newsever-featured":["https:\/\/experienciadevida.com.ar\/portalurbano\/wp-content\/uploads\/2022\/04\/Personas-Mayores.jpg",1000,581,false],"newsever-medium":["https:\/\/experienciadevida.com.ar\/portalurbano\/wp-content\/uploads\/2022\/04\/Personas-Mayores.jpg",720,418,false],"web-stories-poster-portrait":["https:\/\/experienciadevida.com.ar\/portalurbano\/wp-content\/uploads\/2022\/04\/Personas-Mayores.jpg",640,372,false],"web-stories-publisher-logo":["https:\/\/experienciadevida.com.ar\/portalurbano\/wp-content\/uploads\/2022\/04\/Personas-Mayores.jpg",96,56,false],"web-stories-thumbnail":["https:\/\/experienciadevida.com.ar\/portalurbano\/wp-content\/uploads\/2022\/04\/Personas-Mayores.jpg",150,87,false]},"author_info":{"display_name":"admpu17wp","author_link":"https:\/\/experienciadevida.com.ar\/portalurbano\/author\/admpu17wp\/"},"category_info":"<a href=\"https:\/\/experienciadevida.com.ar\/portalurbano\/category\/ciudad\/\" rel=\"category tag\">Ciudad<\/a>","tag_info":"Ciudad","comment_count":"0","amp_enabled":true,"_links":{"self":[{"href":"https:\/\/experienciadevida.com.ar\/portalurbano\/wp-json\/wp\/v2\/posts\/165555"}],"collection":[{"href":"https:\/\/experienciadevida.com.ar\/portalurbano\/wp-json\/wp\/v2\/posts"}],"about":[{"href":"https:\/\/experienciadevida.com.ar\/portalurbano\/wp-json\/wp\/v2\/types\/post"}],"author":[{"embeddable":true,"href":"https:\/\/experienciadevida.com.ar\/portalurbano\/wp-json\/wp\/v2\/users\/1"}],"replies":[{"embeddable":true,"href":"https:\/\/experienciadevida.com.ar\/portalurbano\/wp-json\/wp\/v2\/comments?post=165555"}],"version-history":[{"count":2,"href":"https:\/\/experienciadevida.com.ar\/portalurbano\/wp-json\/wp\/v2\/posts\/165555\/revisions"}],"predecessor-version":[{"id":165560,"href":"https:\/\/experienciadevida.com.ar\/portalurbano\/wp-json\/wp\/v2\/posts\/165555\/revisions\/165560"}],"wp:featuredmedia":[{"embeddable":true,"href":"https:\/\/experienciadevida.com.ar\/portalurbano\/wp-json\/wp\/v2\/media\/165558"}],"wp:attachment":[{"href":"https:\/\/experienciadevida.com.ar\/portalurbano\/wp-json\/wp\/v2\/media?parent=165555"}],"wp:term":[{"taxonomy":"category","embeddable":true,"href":"https:\/\/experienciadevida.com.ar\/portalurbano\/wp-json\/wp\/v2\/categories?post=165555"},{"taxonomy":"post_tag","embeddable":true,"href":"https:\/\/experienciadevida.com.ar\/portalurbano\/wp-json\/wp\/v2\/tags?post=165555"}],"curies":[{"name":"wp","href":"https:\/\/api.w.org\/{rel}","templated":true}]}}