{"id":165546,"date":"2022-04-11T16:30:29","date_gmt":"2022-04-11T19:30:29","guid":{"rendered":"https:\/\/experienciadevida.com.ar\/portalurbano\/?p=165546"},"modified":"2022-04-11T16:36:22","modified_gmt":"2022-04-11T19:36:22","slug":"gaston-sarachu-la-baja-participacion-se-debe-al-abandono-de-galli-a-las-localidades","status":"publish","type":"post","link":"https:\/\/experienciadevida.com.ar\/portalurbano\/gaston-sarachu-la-baja-participacion-se-debe-al-abandono-de-galli-a-las-localidades\/","title":{"rendered":"Gast\u00f3n Sarachu: &#8220;La baja participaci\u00f3n se debe al abandono de Galli a las localidades&#8221;"},"content":{"rendered":"<p>Gast\u00f3n <a href=\"https:\/\/www.instagram.com\/gastonsarachu\/?hl=es-la\">Sarachu<\/a>: &#8220;La baja participaci\u00f3n se debe al abandono de Galli a las localidades&#8221;, as\u00ed lo o expres\u00f3 el Concejal del Foro Olavarr\u00eda &#8211; Frente Renovador en el Frente de Todos, quien detall\u00f3 los aspectos negativos del Decreto del<br \/>\nIntendente por el cual se convoc\u00f3 a la elecci\u00f3n.<\/p>\n<p>El concejal del Foro Olavarr\u00eda &#8211; Frente Renovador, Gast\u00f3n Sarachu, critic\u00f3 fuertemente el decreto del Intendente Ezequiel <a href=\"https:\/\/www.facebook.com\/galliezequiel\">Galli<\/a> para las Elecciones de Delegados Municipales de las localidades del Partido de Olavarr\u00eda de este<br \/>\na\u00f1o. La jornada electoral se desarroll\u00f3 el pasado domingo y s\u00f3lo dos localidades cumplieron el requisito de la participaci\u00f3n del 40% del padr\u00f3n para la validez de la elecci\u00f3n.<\/p>\n<p>En primer lugar, el edil Gast\u00f3n Sarachu afirm\u00f3 que \u201ccontrariamente a lo que se difunde, no existe una ordenanza que reglamente la elecci\u00f3n de delegados\u201d. \u201cHubo una ordenanza del a\u00f1o 2016, aprobada por Concejo Deliberante, que justamente buscaba regular la elecci\u00f3n de delegados, pero fue vetada por el Intendente Galli\u201d, explic\u00f3 Sarachu. \u201cEsta elecci\u00f3n est\u00e1 llamada por el Decreto N\u00ba 67\/22 con la iniciativa del mismo Intendente\u201d se\u00f1al\u00f3 el concejal.<\/p>\n<p>Ante la baja participaci\u00f3n en las elecciones del pasado domingo, el concejal del Foro Olavarr\u00eda &#8211; Frente Renovador manifest\u00f3 que \u201cse debe al abandono de Galli a las localidades\u201d. \u201cEsto marca el fracaso del Intendente<br \/>\nen las localidades\u201d, se pronunci\u00f3 Sarachu.<\/p>\n<p>En cuanto al sistema electoral implementado en las Elecciones de Delegados Municipales, que establece un piso del 40% de participaci\u00f3n del padr\u00f3n para la validez de la elecci\u00f3n, Sarachu resalta que \u201cno tiene correlato con lo<br \/>\nque son las elecciones generales, donde gana quien saca mayor cantidad de votos independientemente de la cantidad de gente que vaya a votar, por lo que esa condici\u00f3n del 40% no tiene justificaci\u00f3n\u201d. En este sentido, el edil<br \/>\nexclam\u00f3 que \u201cpor respeto a los 2100 vecinos que votaron se legitime la elecci\u00f3n del domingo\u201d.<\/p>\n","protected":false},"excerpt":{"rendered":"<p>Gast\u00f3n Sarachu: &#8220;La baja participaci\u00f3n se debe al abandono de Galli a las localidades&#8221;, as\u00ed&#8230;<\/p>\n","protected":false},"author":1,"featured_media":165547,"comment_status":"closed","ping_status":"closed","sticky":false,"template":"","format":"standard","meta":{"content-type":""},"categories":[27],"tags":[],"nelio_content":{"isAutoShareEnabled":false,"autoShareEndMode":"default","automationSources":{"useContentSentences":true,"useSocialTemplates":true,"useCustomSentences":false,"customSentences":[]},"followers":[1],"suggestedReferences":[],"includedReferences":["https:\/\/www.instagram.com\/gastonsarachu\/?hl=es-la"],"efiUrl":"","efiAlt":"","highlights":[]},"yoast_head":"<!-- This site is optimized with the Yoast SEO plugin v20.7 - https:\/\/yoast.com\/wordpress\/plugins\/seo\/ -->\n<title>Gast\u00f3n Sarachu: &quot;La baja de participaci\u00f3n se debe al abandono&quot;<\/title>\n<meta name=\"description\" content=\"Gast\u00f3n Sarachu: &quot;La baja participaci\u00f3n se debe al abandono de Galli a las localidades&quot;, as\u00ed lo o expres\u00f3 el Concejal del Foro Olavarr\u00eda\" \/>\n<meta name=\"robots\" content=\"index, follow, max-snippet:-1, max-image-preview:large, max-video-preview:-1\" \/>\n<link rel=\"canonical\" href=\"https:\/\/experienciadevida.com.ar\/portalurbano\/gaston-sarachu-la-baja-participacion-se-debe-al-abandono-de-galli-a-las-localidades\/\" \/>\n<meta property=\"og:locale\" content=\"es_ES\" \/>\n<meta property=\"og:type\" content=\"article\" \/>\n<meta property=\"og:title\" content=\"Gast\u00f3n Sarachu: &quot;La baja de participaci\u00f3n se debe al abandono&quot;\" \/>\n<meta property=\"og:description\" content=\"Gast\u00f3n Sarachu: &quot;La baja participaci\u00f3n se debe al abandono de Galli a las localidades&quot;, as\u00ed lo o expres\u00f3 el Concejal del Foro Olavarr\u00eda\" \/>\n<meta property=\"og:url\" content=\"https:\/\/experienciadevida.com.ar\/portalurbano\/gaston-sarachu-la-baja-participacion-se-debe-al-abandono-de-galli-a-las-localidades\/\" \/>\n<meta property=\"article:publisher\" content=\"https:\/\/www.facebook.com\/Portal-Urbano-171542830093757\/\" \/>\n<meta property=\"article:published_time\" content=\"2022-04-11T19:30:29+00:00\" \/>\n<meta property=\"article:modified_time\" content=\"2022-04-11T19:36:22+00:00\" \/>\n<meta property=\"og:image\" content=\"https:\/\/experienciadevida.com.ar\/portalurbano\/wp-content\/uploads\/2022\/04\/Gaston-Sarachu.jpeg\" \/>\n\t<meta property=\"og:image:width\" content=\"1280\" \/>\n\t<meta property=\"og:image:height\" content=\"720\" \/>\n\t<meta property=\"og:image:type\" content=\"image\/jpeg\" \/>\n<meta name=\"author\" content=\"admpu17wp\" \/>\n<meta name=\"twitter:card\" content=\"summary_large_image\" \/>\n<meta name=\"twitter:creator\" content=\"@portalurbanook\" \/>\n<meta name=\"twitter:site\" content=\"@portalurbanook\" \/>\n<meta name=\"twitter:label1\" content=\"Escrito por\" \/>\n\t<meta name=\"twitter:data1\" content=\"admpu17wp\" \/>\n\t<meta name=\"twitter:label2\" content=\"Tiempo de lectura\" \/>\n\t<meta name=\"twitter:data2\" content=\"2 minutos\" \/>\n<script type=\"application\/ld+json\" class=\"yoast-schema-graph\">{\"@context\":\"https:\/\/schema.org\",\"@graph\":[{\"@type\":\"Article\",\"@id\":\"https:\/\/experienciadevida.com.ar\/portalurbano\/gaston-sarachu-la-baja-participacion-se-debe-al-abandono-de-galli-a-las-localidades\/#article\",\"isPartOf\":{\"@id\":\"https:\/\/experienciadevida.com.ar\/portalurbano\/gaston-sarachu-la-baja-participacion-se-debe-al-abandono-de-galli-a-las-localidades\/\"},\"author\":{\"name\":\"admpu17wp\",\"@id\":\"https:\/\/experienciadevida.com.ar\/portalurbano\/#\/schema\/person\/02dd326b1c4b056e9cc972486934a3a7\"},\"headline\":\"Gast\u00f3n Sarachu: &#8220;La baja participaci\u00f3n se debe al abandono de Galli a las localidades&#8221;\",\"datePublished\":\"2022-04-11T19:30:29+00:00\",\"dateModified\":\"2022-04-11T19:36:22+00:00\",\"mainEntityOfPage\":{\"@id\":\"https:\/\/experienciadevida.com.ar\/portalurbano\/gaston-sarachu-la-baja-participacion-se-debe-al-abandono-de-galli-a-las-localidades\/\"},\"wordCount\":347,\"publisher\":{\"@id\":\"https:\/\/experienciadevida.com.ar\/portalurbano\/#organization\"},\"articleSection\":[\"Ciudad\"],\"inLanguage\":\"es\"},{\"@type\":\"WebPage\",\"@id\":\"https:\/\/experienciadevida.com.ar\/portalurbano\/gaston-sarachu-la-baja-participacion-se-debe-al-abandono-de-galli-a-las-localidades\/\",\"url\":\"https:\/\/experienciadevida.com.ar\/portalurbano\/gaston-sarachu-la-baja-participacion-se-debe-al-abandono-de-galli-a-las-localidades\/\",\"name\":\"Gast\u00f3n Sarachu: \\\"La baja de participaci\u00f3n se debe al abandono\\\"\",\"isPartOf\":{\"@id\":\"https:\/\/experienciadevida.com.ar\/portalurbano\/#website\"},\"datePublished\":\"2022-04-11T19:30:29+00:00\",\"dateModified\":\"2022-04-11T19:36:22+00:00\",\"description\":\"Gast\u00f3n Sarachu: \\\"La baja participaci\u00f3n se debe al abandono de Galli a las localidades\\\", as\u00ed lo o expres\u00f3 el Concejal del Foro Olavarr\u00eda\",\"breadcrumb\":{\"@id\":\"https:\/\/experienciadevida.com.ar\/portalurbano\/gaston-sarachu-la-baja-participacion-se-debe-al-abandono-de-galli-a-las-localidades\/#breadcrumb\"},\"inLanguage\":\"es\",\"potentialAction\":[{\"@type\":\"ReadAction\",\"target\":[\"https:\/\/experienciadevida.com.ar\/portalurbano\/gaston-sarachu-la-baja-participacion-se-debe-al-abandono-de-galli-a-las-localidades\/\"]}]},{\"@type\":\"BreadcrumbList\",\"@id\":\"https:\/\/experienciadevida.com.ar\/portalurbano\/gaston-sarachu-la-baja-participacion-se-debe-al-abandono-de-galli-a-las-localidades\/#breadcrumb\",\"itemListElement\":[{\"@type\":\"ListItem\",\"position\":1,\"name\":\"Portada\",\"item\":\"https:\/\/experienciadevida.com.ar\/portalurbano\/\"},{\"@type\":\"ListItem\",\"position\":2,\"name\":\"Gast\u00f3n Sarachu: \u00abLa baja participaci\u00f3n se debe al abandono de Galli a las localidades\u00bb\"}]},{\"@type\":\"WebSite\",\"@id\":\"https:\/\/experienciadevida.com.ar\/portalurbano\/#website\",\"url\":\"https:\/\/experienciadevida.com.ar\/portalurbano\/\",\"name\":\"\",\"description\":\"\",\"publisher\":{\"@id\":\"https:\/\/experienciadevida.com.ar\/portalurbano\/#organization\"},\"potentialAction\":[{\"@type\":\"SearchAction\",\"target\":{\"@type\":\"EntryPoint\",\"urlTemplate\":\"https:\/\/experienciadevida.com.ar\/portalurbano\/?s={search_term_string}\"},\"query-input\":\"required name=search_term_string\"}],\"inLanguage\":\"es\"},{\"@type\":\"Organization\",\"@id\":\"https:\/\/experienciadevida.com.ar\/portalurbano\/#organization\",\"name\":\"Portal Urbano\",\"url\":\"https:\/\/experienciadevida.com.ar\/portalurbano\/\",\"logo\":{\"@type\":\"ImageObject\",\"inLanguage\":\"es\",\"@id\":\"https:\/\/experienciadevida.com.ar\/portalurbano\/#\/schema\/logo\/image\/\",\"url\":\"https:\/\/experienciadevida.com.ar\/portalurbano\/wp-content\/uploads\/2019\/09\/Logo-Original.png\",\"contentUrl\":\"https:\/\/experienciadevida.com.ar\/portalurbano\/wp-content\/uploads\/2019\/09\/Logo-Original.png\",\"width\":2236,\"height\":1216,\"caption\":\"Portal Urbano\"},\"image\":{\"@id\":\"https:\/\/experienciadevida.com.ar\/portalurbano\/#\/schema\/logo\/image\/\"},\"sameAs\":[\"https:\/\/www.facebook.com\/Portal-Urbano-171542830093757\/\",\"https:\/\/twitter.com\/portalurbanook\",\"https:\/\/www.instagram.com\/_portalurbano\/\",\"https:\/\/www.youtube.com\/channel\/UCXhagIfszH8KxFiOok79zbA?view_as=subscriber\"]},{\"@type\":\"Person\",\"@id\":\"https:\/\/experienciadevida.com.ar\/portalurbano\/#\/schema\/person\/02dd326b1c4b056e9cc972486934a3a7\",\"name\":\"admpu17wp\",\"image\":{\"@type\":\"ImageObject\",\"inLanguage\":\"es\",\"@id\":\"https:\/\/experienciadevida.com.ar\/portalurbano\/#\/schema\/person\/image\/\",\"url\":\"https:\/\/secure.gravatar.com\/avatar\/830d4c57adaae6630765e449a6908047?s=96&d=mm&r=g\",\"contentUrl\":\"https:\/\/secure.gravatar.com\/avatar\/830d4c57adaae6630765e449a6908047?s=96&d=mm&r=g\",\"caption\":\"admpu17wp\"}}]}<\/script>\n<!-- \/ Yoast SEO plugin. -->","yoast_head_json":{"title":"Gast\u00f3n Sarachu: \"La baja de participaci\u00f3n se debe al abandono\"","description":"Gast\u00f3n Sarachu: \"La baja participaci\u00f3n se debe al abandono de Galli a las localidades\", as\u00ed lo o expres\u00f3 el Concejal del Foro Olavarr\u00eda","robots":{"index":"index","follow":"follow","max-snippet":"max-snippet:-1","max-image-preview":"max-image-preview:large","max-video-preview":"max-video-preview:-1"},"canonical":"https:\/\/experienciadevida.com.ar\/portalurbano\/gaston-sarachu-la-baja-participacion-se-debe-al-abandono-de-galli-a-las-localidades\/","og_locale":"es_ES","og_type":"article","og_title":"Gast\u00f3n Sarachu: \"La baja de participaci\u00f3n se debe al abandono\"","og_description":"Gast\u00f3n Sarachu: \"La baja participaci\u00f3n se debe al abandono de Galli a las localidades\", as\u00ed lo o expres\u00f3 el Concejal del Foro Olavarr\u00eda","og_url":"https:\/\/experienciadevida.com.ar\/portalurbano\/gaston-sarachu-la-baja-participacion-se-debe-al-abandono-de-galli-a-las-localidades\/","article_publisher":"https:\/\/www.facebook.com\/Portal-Urbano-171542830093757\/","article_published_time":"2022-04-11T19:30:29+00:00","article_modified_time":"2022-04-11T19:36:22+00:00","og_image":[{"width":1280,"height":720,"url":"https:\/\/experienciadevida.com.ar\/portalurbano\/wp-content\/uploads\/2022\/04\/Gaston-Sarachu.jpeg","type":"image\/jpeg"}],"author":"admpu17wp","twitter_card":"summary_large_image","twitter_creator":"@portalurbanook","twitter_site":"@portalurbanook","twitter_misc":{"Escrito por":"admpu17wp","Tiempo de lectura":"2 minutos"},"schema":{"@context":"https:\/\/schema.org","@graph":[{"@type":"Article","@id":"https:\/\/experienciadevida.com.ar\/portalurbano\/gaston-sarachu-la-baja-participacion-se-debe-al-abandono-de-galli-a-las-localidades\/#article","isPartOf":{"@id":"https:\/\/experienciadevida.com.ar\/portalurbano\/gaston-sarachu-la-baja-participacion-se-debe-al-abandono-de-galli-a-las-localidades\/"},"author":{"name":"admpu17wp","@id":"https:\/\/experienciadevida.com.ar\/portalurbano\/#\/schema\/person\/02dd326b1c4b056e9cc972486934a3a7"},"headline":"Gast\u00f3n Sarachu: &#8220;La baja participaci\u00f3n se debe al abandono de Galli a las localidades&#8221;","datePublished":"2022-04-11T19:30:29+00:00","dateModified":"2022-04-11T19:36:22+00:00","mainEntityOfPage":{"@id":"https:\/\/experienciadevida.com.ar\/portalurbano\/gaston-sarachu-la-baja-participacion-se-debe-al-abandono-de-galli-a-las-localidades\/"},"wordCount":347,"publisher":{"@id":"https:\/\/experienciadevida.com.ar\/portalurbano\/#organization"},"articleSection":["Ciudad"],"inLanguage":"es"},{"@type":"WebPage","@id":"https:\/\/experienciadevida.com.ar\/portalurbano\/gaston-sarachu-la-baja-participacion-se-debe-al-abandono-de-galli-a-las-localidades\/","url":"https:\/\/experienciadevida.com.ar\/portalurbano\/gaston-sarachu-la-baja-participacion-se-debe-al-abandono-de-galli-a-las-localidades\/","name":"Gast\u00f3n Sarachu: \"La baja de participaci\u00f3n se debe al abandono\"","isPartOf":{"@id":"https:\/\/experienciadevida.com.ar\/portalurbano\/#website"},"datePublished":"2022-04-11T19:30:29+00:00","dateModified":"2022-04-11T19:36:22+00:00","description":"Gast\u00f3n Sarachu: \"La baja participaci\u00f3n se debe al abandono de Galli a las localidades\", as\u00ed lo o expres\u00f3 el Concejal del Foro Olavarr\u00eda","breadcrumb":{"@id":"https:\/\/experienciadevida.com.ar\/portalurbano\/gaston-sarachu-la-baja-participacion-se-debe-al-abandono-de-galli-a-las-localidades\/#breadcrumb"},"inLanguage":"es","potentialAction":[{"@type":"ReadAction","target":["https:\/\/experienciadevida.com.ar\/portalurbano\/gaston-sarachu-la-baja-participacion-se-debe-al-abandono-de-galli-a-las-localidades\/"]}]},{"@type":"BreadcrumbList","@id":"https:\/\/experienciadevida.com.ar\/portalurbano\/gaston-sarachu-la-baja-participacion-se-debe-al-abandono-de-galli-a-las-localidades\/#breadcrumb","itemListElement":[{"@type":"ListItem","position":1,"name":"Portada","item":"https:\/\/experienciadevida.com.ar\/portalurbano\/"},{"@type":"ListItem","position":2,"name":"Gast\u00f3n Sarachu: \u00abLa baja participaci\u00f3n se debe al abandono de Galli a las localidades\u00bb"}]},{"@type":"WebSite","@id":"https:\/\/experienciadevida.com.ar\/portalurbano\/#website","url":"https:\/\/experienciadevida.com.ar\/portalurbano\/","name":"","description":"","publisher":{"@id":"https:\/\/experienciadevida.com.ar\/portalurbano\/#organization"},"potentialAction":[{"@type":"SearchAction","target":{"@type":"EntryPoint","urlTemplate":"https:\/\/experienciadevida.com.ar\/portalurbano\/?s={search_term_string}"},"query-input":"required name=search_term_string"}],"inLanguage":"es"},{"@type":"Organization","@id":"https:\/\/experienciadevida.com.ar\/portalurbano\/#organization","name":"Portal Urbano","url":"https:\/\/experienciadevida.com.ar\/portalurbano\/","logo":{"@type":"ImageObject","inLanguage":"es","@id":"https:\/\/experienciadevida.com.ar\/portalurbano\/#\/schema\/logo\/image\/","url":"https:\/\/experienciadevida.com.ar\/portalurbano\/wp-content\/uploads\/2019\/09\/Logo-Original.png","contentUrl":"https:\/\/experienciadevida.com.ar\/portalurbano\/wp-content\/uploads\/2019\/09\/Logo-Original.png","width":2236,"height":1216,"caption":"Portal Urbano"},"image":{"@id":"https:\/\/experienciadevida.com.ar\/portalurbano\/#\/schema\/logo\/image\/"},"sameAs":["https:\/\/www.facebook.com\/Portal-Urbano-171542830093757\/","https:\/\/twitter.com\/portalurbanook","https:\/\/www.instagram.com\/_portalurbano\/","https:\/\/www.youtube.com\/channel\/UCXhagIfszH8KxFiOok79zbA?view_as=subscriber"]},{"@type":"Person","@id":"https:\/\/experienciadevida.com.ar\/portalurbano\/#\/schema\/person\/02dd326b1c4b056e9cc972486934a3a7","name":"admpu17wp","image":{"@type":"ImageObject","inLanguage":"es","@id":"https:\/\/experienciadevida.com.ar\/portalurbano\/#\/schema\/person\/image\/","url":"https:\/\/secure.gravatar.com\/avatar\/830d4c57adaae6630765e449a6908047?s=96&d=mm&r=g","contentUrl":"https:\/\/secure.gravatar.com\/avatar\/830d4c57adaae6630765e449a6908047?s=96&d=mm&r=g","caption":"admpu17wp"}}]}},"featured_image_urls":{"full":["https:\/\/experienciadevida.com.ar\/portalurbano\/wp-content\/uploads\/2022\/04\/Gaston-Sarachu.jpeg",1280,720,false],"thumbnail":["https:\/\/experienciadevida.com.ar\/portalurbano\/wp-content\/uploads\/2022\/04\/Gaston-Sarachu-150x150.jpeg",150,150,true],"medium":["https:\/\/experienciadevida.com.ar\/portalurbano\/wp-content\/uploads\/2022\/04\/Gaston-Sarachu-300x169.jpeg",300,169,true],"medium_large":["https:\/\/experienciadevida.com.ar\/portalurbano\/wp-content\/uploads\/2022\/04\/Gaston-Sarachu-768x432.jpeg",640,360,true],"large":["https:\/\/experienciadevida.com.ar\/portalurbano\/wp-content\/uploads\/2022\/04\/Gaston-Sarachu-1024x576.jpeg",640,360,true],"ug_big":["https:\/\/experienciadevida.com.ar\/portalurbano\/wp-content\/uploads\/2022\/04\/Gaston-Sarachu-768x432.jpeg",768,432,true],"1536x1536":["https:\/\/experienciadevida.com.ar\/portalurbano\/wp-content\/uploads\/2022\/04\/Gaston-Sarachu.jpeg",1280,720,false],"2048x2048":["https:\/\/experienciadevida.com.ar\/portalurbano\/wp-content\/uploads\/2022\/04\/Gaston-Sarachu.jpeg",1280,720,false],"newsever-slider-full":["https:\/\/experienciadevida.com.ar\/portalurbano\/wp-content\/uploads\/2022\/04\/Gaston-Sarachu.jpeg",1280,720,false],"newsever-featured":["https:\/\/experienciadevida.com.ar\/portalurbano\/wp-content\/uploads\/2022\/04\/Gaston-Sarachu.jpeg",1024,576,false],"newsever-medium":["https:\/\/experienciadevida.com.ar\/portalurbano\/wp-content\/uploads\/2022\/04\/Gaston-Sarachu.jpeg",720,405,false],"web-stories-poster-portrait":["https:\/\/experienciadevida.com.ar\/portalurbano\/wp-content\/uploads\/2022\/04\/Gaston-Sarachu.jpeg",640,360,false],"web-stories-publisher-logo":["https:\/\/experienciadevida.com.ar\/portalurbano\/wp-content\/uploads\/2022\/04\/Gaston-Sarachu.jpeg",96,54,false],"web-stories-thumbnail":["https:\/\/experienciadevida.com.ar\/portalurbano\/wp-content\/uploads\/2022\/04\/Gaston-Sarachu.jpeg",150,84,false]},"author_info":{"display_name":"admpu17wp","author_link":"https:\/\/experienciadevida.com.ar\/portalurbano\/author\/admpu17wp\/"},"category_info":"<a href=\"https:\/\/experienciadevida.com.ar\/portalurbano\/category\/ciudad\/\" rel=\"category tag\">Ciudad<\/a>","tag_info":"Ciudad","comment_count":"0","amp_enabled":true,"_links":{"self":[{"href":"https:\/\/experienciadevida.com.ar\/portalurbano\/wp-json\/wp\/v2\/posts\/165546"}],"collection":[{"href":"https:\/\/experienciadevida.com.ar\/portalurbano\/wp-json\/wp\/v2\/posts"}],"about":[{"href":"https:\/\/experienciadevida.com.ar\/portalurbano\/wp-json\/wp\/v2\/types\/post"}],"author":[{"embeddable":true,"href":"https:\/\/experienciadevida.com.ar\/portalurbano\/wp-json\/wp\/v2\/users\/1"}],"replies":[{"embeddable":true,"href":"https:\/\/experienciadevida.com.ar\/portalurbano\/wp-json\/wp\/v2\/comments?post=165546"}],"version-history":[{"count":2,"href":"https:\/\/experienciadevida.com.ar\/portalurbano\/wp-json\/wp\/v2\/posts\/165546\/revisions"}],"predecessor-version":[{"id":165552,"href":"https:\/\/experienciadevida.com.ar\/portalurbano\/wp-json\/wp\/v2\/posts\/165546\/revisions\/165552"}],"wp:featuredmedia":[{"embeddable":true,"href":"https:\/\/experienciadevida.com.ar\/portalurbano\/wp-json\/wp\/v2\/media\/165547"}],"wp:attachment":[{"href":"https:\/\/experienciadevida.com.ar\/portalurbano\/wp-json\/wp\/v2\/media?parent=165546"}],"wp:term":[{"taxonomy":"category","embeddable":true,"href":"https:\/\/experienciadevida.com.ar\/portalurbano\/wp-json\/wp\/v2\/categories?post=165546"},{"taxonomy":"post_tag","embeddable":true,"href":"https:\/\/experienciadevida.com.ar\/portalurbano\/wp-json\/wp\/v2\/tags?post=165546"}],"curies":[{"name":"wp","href":"https:\/\/api.w.org\/{rel}","templated":true}]}}