{"id":165539,"date":"2022-04-11T16:33:19","date_gmt":"2022-04-11T19:33:19","guid":{"rendered":"https:\/\/experienciadevida.com.ar\/portalurbano\/?p=165539"},"modified":"2022-04-11T16:35:01","modified_gmt":"2022-04-11T19:35:01","slug":"el-municipio-advierte-sobre-venta-de-terrenos-en-la-av-avellaneda-y-circunvalacion","status":"publish","type":"post","link":"https:\/\/experienciadevida.com.ar\/portalurbano\/el-municipio-advierte-sobre-venta-de-terrenos-en-la-av-avellaneda-y-circunvalacion\/","title":{"rendered":"El Municipio advierte sobre venta de terrenos en la Av. Avellaneda y Circunvalaci\u00f3n"},"content":{"rendered":"<p>El <a href=\"https:\/\/www.facebook.com\/municipiodeolavarria\">Municipio<\/a> advierte sobre venta de terrenos en la Av. Avellaneda y Circunvalaci\u00f3n, las oficinas t\u00e9cnicas de Planeamiento y Catastro del Gobierno Municipal, dependientes de la Secretar\u00eda de Obras P\u00fablicas, advierten a la comunidad sobre la venta y comercializaci\u00f3n de inmuebles ubicados catastralmente como chacra 632 y 664 sobre la avenida Avellaneda y Circunvalaci\u00f3n que reci\u00e9n el pasado viernes 8 de abril se ha presentado un proyecto de mensura y visado de planos.<\/p>\n<p>Por lo tanto, se pone en conocimiento de la poblaci\u00f3n que dicho proyecto no cuenta con aprobaci\u00f3n suficiente para comercializar los lotes all\u00ed ubicados hasta tanto no se complete la documentaci\u00f3n faltante en el proyecto presentado y se cuente con la debida aprobaci\u00f3n del mismo.<\/p>\n<p>En virtud de lo expuesto, se advierte a los interesados que, en estos casos, la escrituraci\u00f3n de dichos inmuebles quedar\u00e1 sujeta a la aprobaci\u00f3n y registraci\u00f3n del respectivo tr\u00e1mite de Mensura y Divisi\u00f3n en los diferentes organismos gubernamentales y la presentaci\u00f3n de los proyectos de obras de infraestructura que garanticen las condiciones m\u00ednimas ambientales y de habitabilidad.<\/p>\n<p>En este sentido, previo a la compra de los mismos se sugiere el asesoramiento y\/o consulta en las dependencias municipales correspondientes o a trav\u00e9s de profesionales id\u00f3neos.<\/p>\n","protected":false},"excerpt":{"rendered":"<p>El Municipio advierte sobre venta de terrenos en la Av. Avellaneda y Circunvalaci\u00f3n, las oficinas&#8230;<\/p>\n","protected":false},"author":1,"featured_media":165549,"comment_status":"closed","ping_status":"closed","sticky":false,"template":"","format":"standard","meta":{"content-type":""},"categories":[27,51],"tags":[],"nelio_content":{"isAutoShareEnabled":false,"autoShareEndMode":"default","automationSources":{"useContentSentences":true,"useSocialTemplates":true,"useCustomSentences":false,"customSentences":[]},"followers":[1],"suggestedReferences":[],"includedReferences":[],"efiUrl":"","efiAlt":"","highlights":[]},"yoast_head":"<!-- This site is optimized with the Yoast SEO plugin v20.7 - https:\/\/yoast.com\/wordpress\/plugins\/seo\/ -->\n<title>El Municipio advierte sobre venta de terrenos en la Av. Avellaneda<\/title>\n<meta name=\"description\" content=\"El Municipio advierte sobre venta de terrenos en la Av. Avellaneda y Circunvalaci\u00f3n, en un comunicado emitido en la tarde de este lunes\" \/>\n<meta name=\"robots\" content=\"index, follow, max-snippet:-1, max-image-preview:large, max-video-preview:-1\" \/>\n<link rel=\"canonical\" href=\"https:\/\/experienciadevida.com.ar\/portalurbano\/el-municipio-advierte-sobre-venta-de-terrenos-en-la-av-avellaneda-y-circunvalacion\/\" \/>\n<meta property=\"og:locale\" content=\"es_ES\" \/>\n<meta property=\"og:type\" content=\"article\" \/>\n<meta property=\"og:title\" content=\"El Municipio advierte sobre venta de terrenos en la Av. Avellaneda\" \/>\n<meta property=\"og:description\" content=\"El Municipio advierte sobre venta de terrenos en la Av. Avellaneda y Circunvalaci\u00f3n, en un comunicado emitido en la tarde de este lunes\" \/>\n<meta property=\"og:url\" content=\"https:\/\/experienciadevida.com.ar\/portalurbano\/el-municipio-advierte-sobre-venta-de-terrenos-en-la-av-avellaneda-y-circunvalacion\/\" \/>\n<meta property=\"article:publisher\" content=\"https:\/\/www.facebook.com\/Portal-Urbano-171542830093757\/\" \/>\n<meta property=\"article:published_time\" content=\"2022-04-11T19:33:19+00:00\" \/>\n<meta property=\"article:modified_time\" content=\"2022-04-11T19:35:01+00:00\" \/>\n<meta property=\"og:image\" content=\"https:\/\/experienciadevida.com.ar\/portalurbano\/wp-content\/uploads\/2022\/04\/El-Municipio-advierte-sobre-1.jpg\" \/>\n\t<meta property=\"og:image:width\" content=\"770\" \/>\n\t<meta property=\"og:image:height\" content=\"460\" \/>\n\t<meta property=\"og:image:type\" content=\"image\/jpeg\" \/>\n<meta name=\"author\" content=\"admpu17wp\" \/>\n<meta name=\"twitter:card\" content=\"summary_large_image\" \/>\n<meta name=\"twitter:creator\" content=\"@portalurbanook\" \/>\n<meta name=\"twitter:site\" content=\"@portalurbanook\" \/>\n<meta name=\"twitter:label1\" content=\"Escrito por\" \/>\n\t<meta name=\"twitter:data1\" content=\"admpu17wp\" \/>\n\t<meta name=\"twitter:label2\" content=\"Tiempo de lectura\" \/>\n\t<meta name=\"twitter:data2\" content=\"1 minuto\" \/>\n<script type=\"application\/ld+json\" class=\"yoast-schema-graph\">{\"@context\":\"https:\/\/schema.org\",\"@graph\":[{\"@type\":\"Article\",\"@id\":\"https:\/\/experienciadevida.com.ar\/portalurbano\/el-municipio-advierte-sobre-venta-de-terrenos-en-la-av-avellaneda-y-circunvalacion\/#article\",\"isPartOf\":{\"@id\":\"https:\/\/experienciadevida.com.ar\/portalurbano\/el-municipio-advierte-sobre-venta-de-terrenos-en-la-av-avellaneda-y-circunvalacion\/\"},\"author\":{\"name\":\"admpu17wp\",\"@id\":\"https:\/\/experienciadevida.com.ar\/portalurbano\/#\/schema\/person\/02dd326b1c4b056e9cc972486934a3a7\"},\"headline\":\"El Municipio advierte sobre venta de terrenos en la Av. Avellaneda y Circunvalaci\u00f3n\",\"datePublished\":\"2022-04-11T19:33:19+00:00\",\"dateModified\":\"2022-04-11T19:35:01+00:00\",\"mainEntityOfPage\":{\"@id\":\"https:\/\/experienciadevida.com.ar\/portalurbano\/el-municipio-advierte-sobre-venta-de-terrenos-en-la-av-avellaneda-y-circunvalacion\/\"},\"wordCount\":234,\"publisher\":{\"@id\":\"https:\/\/experienciadevida.com.ar\/portalurbano\/#organization\"},\"articleSection\":[\"Ciudad\",\"Destacadas\"],\"inLanguage\":\"es\"},{\"@type\":\"WebPage\",\"@id\":\"https:\/\/experienciadevida.com.ar\/portalurbano\/el-municipio-advierte-sobre-venta-de-terrenos-en-la-av-avellaneda-y-circunvalacion\/\",\"url\":\"https:\/\/experienciadevida.com.ar\/portalurbano\/el-municipio-advierte-sobre-venta-de-terrenos-en-la-av-avellaneda-y-circunvalacion\/\",\"name\":\"El Municipio advierte sobre venta de terrenos en la Av. Avellaneda\",\"isPartOf\":{\"@id\":\"https:\/\/experienciadevida.com.ar\/portalurbano\/#website\"},\"datePublished\":\"2022-04-11T19:33:19+00:00\",\"dateModified\":\"2022-04-11T19:35:01+00:00\",\"description\":\"El Municipio advierte sobre venta de terrenos en la Av. Avellaneda y Circunvalaci\u00f3n, en un comunicado emitido en la tarde de este lunes\",\"breadcrumb\":{\"@id\":\"https:\/\/experienciadevida.com.ar\/portalurbano\/el-municipio-advierte-sobre-venta-de-terrenos-en-la-av-avellaneda-y-circunvalacion\/#breadcrumb\"},\"inLanguage\":\"es\",\"potentialAction\":[{\"@type\":\"ReadAction\",\"target\":[\"https:\/\/experienciadevida.com.ar\/portalurbano\/el-municipio-advierte-sobre-venta-de-terrenos-en-la-av-avellaneda-y-circunvalacion\/\"]}]},{\"@type\":\"BreadcrumbList\",\"@id\":\"https:\/\/experienciadevida.com.ar\/portalurbano\/el-municipio-advierte-sobre-venta-de-terrenos-en-la-av-avellaneda-y-circunvalacion\/#breadcrumb\",\"itemListElement\":[{\"@type\":\"ListItem\",\"position\":1,\"name\":\"Portada\",\"item\":\"https:\/\/experienciadevida.com.ar\/portalurbano\/\"},{\"@type\":\"ListItem\",\"position\":2,\"name\":\"El Municipio advierte sobre venta de terrenos en la Av. Avellaneda y Circunvalaci\u00f3n\"}]},{\"@type\":\"WebSite\",\"@id\":\"https:\/\/experienciadevida.com.ar\/portalurbano\/#website\",\"url\":\"https:\/\/experienciadevida.com.ar\/portalurbano\/\",\"name\":\"\",\"description\":\"\",\"publisher\":{\"@id\":\"https:\/\/experienciadevida.com.ar\/portalurbano\/#organization\"},\"potentialAction\":[{\"@type\":\"SearchAction\",\"target\":{\"@type\":\"EntryPoint\",\"urlTemplate\":\"https:\/\/experienciadevida.com.ar\/portalurbano\/?s={search_term_string}\"},\"query-input\":\"required name=search_term_string\"}],\"inLanguage\":\"es\"},{\"@type\":\"Organization\",\"@id\":\"https:\/\/experienciadevida.com.ar\/portalurbano\/#organization\",\"name\":\"Portal Urbano\",\"url\":\"https:\/\/experienciadevida.com.ar\/portalurbano\/\",\"logo\":{\"@type\":\"ImageObject\",\"inLanguage\":\"es\",\"@id\":\"https:\/\/experienciadevida.com.ar\/portalurbano\/#\/schema\/logo\/image\/\",\"url\":\"https:\/\/experienciadevida.com.ar\/portalurbano\/wp-content\/uploads\/2019\/09\/Logo-Original.png\",\"contentUrl\":\"https:\/\/experienciadevida.com.ar\/portalurbano\/wp-content\/uploads\/2019\/09\/Logo-Original.png\",\"width\":2236,\"height\":1216,\"caption\":\"Portal Urbano\"},\"image\":{\"@id\":\"https:\/\/experienciadevida.com.ar\/portalurbano\/#\/schema\/logo\/image\/\"},\"sameAs\":[\"https:\/\/www.facebook.com\/Portal-Urbano-171542830093757\/\",\"https:\/\/twitter.com\/portalurbanook\",\"https:\/\/www.instagram.com\/_portalurbano\/\",\"https:\/\/www.youtube.com\/channel\/UCXhagIfszH8KxFiOok79zbA?view_as=subscriber\"]},{\"@type\":\"Person\",\"@id\":\"https:\/\/experienciadevida.com.ar\/portalurbano\/#\/schema\/person\/02dd326b1c4b056e9cc972486934a3a7\",\"name\":\"admpu17wp\",\"image\":{\"@type\":\"ImageObject\",\"inLanguage\":\"es\",\"@id\":\"https:\/\/experienciadevida.com.ar\/portalurbano\/#\/schema\/person\/image\/\",\"url\":\"https:\/\/secure.gravatar.com\/avatar\/830d4c57adaae6630765e449a6908047?s=96&d=mm&r=g\",\"contentUrl\":\"https:\/\/secure.gravatar.com\/avatar\/830d4c57adaae6630765e449a6908047?s=96&d=mm&r=g\",\"caption\":\"admpu17wp\"}}]}<\/script>\n<!-- \/ Yoast SEO plugin. -->","yoast_head_json":{"title":"El Municipio advierte sobre venta de terrenos en la Av. Avellaneda","description":"El Municipio advierte sobre venta de terrenos en la Av. Avellaneda y Circunvalaci\u00f3n, en un comunicado emitido en la tarde de este lunes","robots":{"index":"index","follow":"follow","max-snippet":"max-snippet:-1","max-image-preview":"max-image-preview:large","max-video-preview":"max-video-preview:-1"},"canonical":"https:\/\/experienciadevida.com.ar\/portalurbano\/el-municipio-advierte-sobre-venta-de-terrenos-en-la-av-avellaneda-y-circunvalacion\/","og_locale":"es_ES","og_type":"article","og_title":"El Municipio advierte sobre venta de terrenos en la Av. Avellaneda","og_description":"El Municipio advierte sobre venta de terrenos en la Av. Avellaneda y Circunvalaci\u00f3n, en un comunicado emitido en la tarde de este lunes","og_url":"https:\/\/experienciadevida.com.ar\/portalurbano\/el-municipio-advierte-sobre-venta-de-terrenos-en-la-av-avellaneda-y-circunvalacion\/","article_publisher":"https:\/\/www.facebook.com\/Portal-Urbano-171542830093757\/","article_published_time":"2022-04-11T19:33:19+00:00","article_modified_time":"2022-04-11T19:35:01+00:00","og_image":[{"width":770,"height":460,"url":"https:\/\/experienciadevida.com.ar\/portalurbano\/wp-content\/uploads\/2022\/04\/El-Municipio-advierte-sobre-1.jpg","type":"image\/jpeg"}],"author":"admpu17wp","twitter_card":"summary_large_image","twitter_creator":"@portalurbanook","twitter_site":"@portalurbanook","twitter_misc":{"Escrito por":"admpu17wp","Tiempo de lectura":"1 minuto"},"schema":{"@context":"https:\/\/schema.org","@graph":[{"@type":"Article","@id":"https:\/\/experienciadevida.com.ar\/portalurbano\/el-municipio-advierte-sobre-venta-de-terrenos-en-la-av-avellaneda-y-circunvalacion\/#article","isPartOf":{"@id":"https:\/\/experienciadevida.com.ar\/portalurbano\/el-municipio-advierte-sobre-venta-de-terrenos-en-la-av-avellaneda-y-circunvalacion\/"},"author":{"name":"admpu17wp","@id":"https:\/\/experienciadevida.com.ar\/portalurbano\/#\/schema\/person\/02dd326b1c4b056e9cc972486934a3a7"},"headline":"El Municipio advierte sobre venta de terrenos en la Av. Avellaneda y Circunvalaci\u00f3n","datePublished":"2022-04-11T19:33:19+00:00","dateModified":"2022-04-11T19:35:01+00:00","mainEntityOfPage":{"@id":"https:\/\/experienciadevida.com.ar\/portalurbano\/el-municipio-advierte-sobre-venta-de-terrenos-en-la-av-avellaneda-y-circunvalacion\/"},"wordCount":234,"publisher":{"@id":"https:\/\/experienciadevida.com.ar\/portalurbano\/#organization"},"articleSection":["Ciudad","Destacadas"],"inLanguage":"es"},{"@type":"WebPage","@id":"https:\/\/experienciadevida.com.ar\/portalurbano\/el-municipio-advierte-sobre-venta-de-terrenos-en-la-av-avellaneda-y-circunvalacion\/","url":"https:\/\/experienciadevida.com.ar\/portalurbano\/el-municipio-advierte-sobre-venta-de-terrenos-en-la-av-avellaneda-y-circunvalacion\/","name":"El Municipio advierte sobre venta de terrenos en la Av. Avellaneda","isPartOf":{"@id":"https:\/\/experienciadevida.com.ar\/portalurbano\/#website"},"datePublished":"2022-04-11T19:33:19+00:00","dateModified":"2022-04-11T19:35:01+00:00","description":"El Municipio advierte sobre venta de terrenos en la Av. Avellaneda y Circunvalaci\u00f3n, en un comunicado emitido en la tarde de este lunes","breadcrumb":{"@id":"https:\/\/experienciadevida.com.ar\/portalurbano\/el-municipio-advierte-sobre-venta-de-terrenos-en-la-av-avellaneda-y-circunvalacion\/#breadcrumb"},"inLanguage":"es","potentialAction":[{"@type":"ReadAction","target":["https:\/\/experienciadevida.com.ar\/portalurbano\/el-municipio-advierte-sobre-venta-de-terrenos-en-la-av-avellaneda-y-circunvalacion\/"]}]},{"@type":"BreadcrumbList","@id":"https:\/\/experienciadevida.com.ar\/portalurbano\/el-municipio-advierte-sobre-venta-de-terrenos-en-la-av-avellaneda-y-circunvalacion\/#breadcrumb","itemListElement":[{"@type":"ListItem","position":1,"name":"Portada","item":"https:\/\/experienciadevida.com.ar\/portalurbano\/"},{"@type":"ListItem","position":2,"name":"El Municipio advierte sobre venta de terrenos en la Av. Avellaneda y Circunvalaci\u00f3n"}]},{"@type":"WebSite","@id":"https:\/\/experienciadevida.com.ar\/portalurbano\/#website","url":"https:\/\/experienciadevida.com.ar\/portalurbano\/","name":"","description":"","publisher":{"@id":"https:\/\/experienciadevida.com.ar\/portalurbano\/#organization"},"potentialAction":[{"@type":"SearchAction","target":{"@type":"EntryPoint","urlTemplate":"https:\/\/experienciadevida.com.ar\/portalurbano\/?s={search_term_string}"},"query-input":"required name=search_term_string"}],"inLanguage":"es"},{"@type":"Organization","@id":"https:\/\/experienciadevida.com.ar\/portalurbano\/#organization","name":"Portal Urbano","url":"https:\/\/experienciadevida.com.ar\/portalurbano\/","logo":{"@type":"ImageObject","inLanguage":"es","@id":"https:\/\/experienciadevida.com.ar\/portalurbano\/#\/schema\/logo\/image\/","url":"https:\/\/experienciadevida.com.ar\/portalurbano\/wp-content\/uploads\/2019\/09\/Logo-Original.png","contentUrl":"https:\/\/experienciadevida.com.ar\/portalurbano\/wp-content\/uploads\/2019\/09\/Logo-Original.png","width":2236,"height":1216,"caption":"Portal Urbano"},"image":{"@id":"https:\/\/experienciadevida.com.ar\/portalurbano\/#\/schema\/logo\/image\/"},"sameAs":["https:\/\/www.facebook.com\/Portal-Urbano-171542830093757\/","https:\/\/twitter.com\/portalurbanook","https:\/\/www.instagram.com\/_portalurbano\/","https:\/\/www.youtube.com\/channel\/UCXhagIfszH8KxFiOok79zbA?view_as=subscriber"]},{"@type":"Person","@id":"https:\/\/experienciadevida.com.ar\/portalurbano\/#\/schema\/person\/02dd326b1c4b056e9cc972486934a3a7","name":"admpu17wp","image":{"@type":"ImageObject","inLanguage":"es","@id":"https:\/\/experienciadevida.com.ar\/portalurbano\/#\/schema\/person\/image\/","url":"https:\/\/secure.gravatar.com\/avatar\/830d4c57adaae6630765e449a6908047?s=96&d=mm&r=g","contentUrl":"https:\/\/secure.gravatar.com\/avatar\/830d4c57adaae6630765e449a6908047?s=96&d=mm&r=g","caption":"admpu17wp"}}]}},"featured_image_urls":{"full":["https:\/\/experienciadevida.com.ar\/portalurbano\/wp-content\/uploads\/2022\/04\/El-Municipio-advierte-sobre-1.jpg",770,460,false],"thumbnail":["https:\/\/experienciadevida.com.ar\/portalurbano\/wp-content\/uploads\/2022\/04\/El-Municipio-advierte-sobre-1-150x150.jpg",150,150,true],"medium":["https:\/\/experienciadevida.com.ar\/portalurbano\/wp-content\/uploads\/2022\/04\/El-Municipio-advierte-sobre-1-300x179.jpg",300,179,true],"medium_large":["https:\/\/experienciadevida.com.ar\/portalurbano\/wp-content\/uploads\/2022\/04\/El-Municipio-advierte-sobre-1-768x459.jpg",640,383,true],"large":["https:\/\/experienciadevida.com.ar\/portalurbano\/wp-content\/uploads\/2022\/04\/El-Municipio-advierte-sobre-1.jpg",640,382,false],"ug_big":["https:\/\/experienciadevida.com.ar\/portalurbano\/wp-content\/uploads\/2022\/04\/El-Municipio-advierte-sobre-1-768x459.jpg",768,459,true],"1536x1536":["https:\/\/experienciadevida.com.ar\/portalurbano\/wp-content\/uploads\/2022\/04\/El-Municipio-advierte-sobre-1.jpg",770,460,false],"2048x2048":["https:\/\/experienciadevida.com.ar\/portalurbano\/wp-content\/uploads\/2022\/04\/El-Municipio-advierte-sobre-1.jpg",770,460,false],"newsever-slider-full":["https:\/\/experienciadevida.com.ar\/portalurbano\/wp-content\/uploads\/2022\/04\/El-Municipio-advierte-sobre-1.jpg",770,460,false],"newsever-featured":["https:\/\/experienciadevida.com.ar\/portalurbano\/wp-content\/uploads\/2022\/04\/El-Municipio-advierte-sobre-1.jpg",770,460,false],"newsever-medium":["https:\/\/experienciadevida.com.ar\/portalurbano\/wp-content\/uploads\/2022\/04\/El-Municipio-advierte-sobre-1.jpg",720,430,false],"web-stories-poster-portrait":["https:\/\/experienciadevida.com.ar\/portalurbano\/wp-content\/uploads\/2022\/04\/El-Municipio-advierte-sobre-1.jpg",640,382,false],"web-stories-publisher-logo":["https:\/\/experienciadevida.com.ar\/portalurbano\/wp-content\/uploads\/2022\/04\/El-Municipio-advierte-sobre-1.jpg",96,57,false],"web-stories-thumbnail":["https:\/\/experienciadevida.com.ar\/portalurbano\/wp-content\/uploads\/2022\/04\/El-Municipio-advierte-sobre-1.jpg",150,90,false]},"author_info":{"display_name":"admpu17wp","author_link":"https:\/\/experienciadevida.com.ar\/portalurbano\/author\/admpu17wp\/"},"category_info":"<a href=\"https:\/\/experienciadevida.com.ar\/portalurbano\/category\/ciudad\/\" rel=\"category tag\">Ciudad<\/a> <a href=\"https:\/\/experienciadevida.com.ar\/portalurbano\/category\/destacadas\/\" rel=\"category tag\">Destacadas<\/a>","tag_info":"Destacadas","comment_count":"0","amp_enabled":true,"_links":{"self":[{"href":"https:\/\/experienciadevida.com.ar\/portalurbano\/wp-json\/wp\/v2\/posts\/165539"}],"collection":[{"href":"https:\/\/experienciadevida.com.ar\/portalurbano\/wp-json\/wp\/v2\/posts"}],"about":[{"href":"https:\/\/experienciadevida.com.ar\/portalurbano\/wp-json\/wp\/v2\/types\/post"}],"author":[{"embeddable":true,"href":"https:\/\/experienciadevida.com.ar\/portalurbano\/wp-json\/wp\/v2\/users\/1"}],"replies":[{"embeddable":true,"href":"https:\/\/experienciadevida.com.ar\/portalurbano\/wp-json\/wp\/v2\/comments?post=165539"}],"version-history":[{"count":2,"href":"https:\/\/experienciadevida.com.ar\/portalurbano\/wp-json\/wp\/v2\/posts\/165539\/revisions"}],"predecessor-version":[{"id":165551,"href":"https:\/\/experienciadevida.com.ar\/portalurbano\/wp-json\/wp\/v2\/posts\/165539\/revisions\/165551"}],"wp:featuredmedia":[{"embeddable":true,"href":"https:\/\/experienciadevida.com.ar\/portalurbano\/wp-json\/wp\/v2\/media\/165549"}],"wp:attachment":[{"href":"https:\/\/experienciadevida.com.ar\/portalurbano\/wp-json\/wp\/v2\/media?parent=165539"}],"wp:term":[{"taxonomy":"category","embeddable":true,"href":"https:\/\/experienciadevida.com.ar\/portalurbano\/wp-json\/wp\/v2\/categories?post=165539"},{"taxonomy":"post_tag","embeddable":true,"href":"https:\/\/experienciadevida.com.ar\/portalurbano\/wp-json\/wp\/v2\/tags?post=165539"}],"curies":[{"name":"wp","href":"https:\/\/api.w.org\/{rel}","templated":true}]}}