{"id":165465,"date":"2022-04-11T11:43:37","date_gmt":"2022-04-11T14:43:37","guid":{"rendered":"https:\/\/experienciadevida.com.ar\/portalurbano\/?p=165465"},"modified":"2022-04-11T11:56:10","modified_gmt":"2022-04-11T14:56:10","slug":"se-realizara-una-nueva-charla-sobre-el-examen-teorico-para-obtencion-de-licencias","status":"publish","type":"post","link":"https:\/\/experienciadevida.com.ar\/portalurbano\/se-realizara-una-nueva-charla-sobre-el-examen-teorico-para-obtencion-de-licencias\/","title":{"rendered":"Se realizar\u00e1 una nueva charla sobre el examen te\u00f3rico para obtenci\u00f3n de licencias"},"content":{"rendered":"<p>Se realizar\u00e1 una nueva charla sobre el examen te\u00f3rico para obtenci\u00f3n de licencias, desde la Direcci\u00f3n de Licencias de Conducir se recuerda que el jueves 14 de abril ser\u00e1 la pr\u00f3xima charla te\u00f3rica, para quienes crean necesario el apoyo te\u00f3rico al momento de renovar u obtener la Licencia por primera vez.<\/p>\n<p>Dicha charla, dictada por Carlos Sotuyo, tendr\u00e1 lugar desde las 19 horas en el Sal\u00f3n Rivadavia (sede de Licencias de Conducir). Se trata de una nueva edici\u00f3n de un ciclo de charlas que se desarrolla desde el mes de febrero.<\/p>\n<p>La charla de este jueves ser\u00e1 con cupo limitado y est\u00e1 pensada para mayores de 71 a\u00f1os, aunque no es excluyente para quienes (en cualquier grupo etario) deseen presentarse.<\/p>\n","protected":false},"excerpt":{"rendered":"<p>Se realizar\u00e1 una nueva charla sobre el examen te\u00f3rico para obtenci\u00f3n de licencias, desde la&#8230;<\/p>\n","protected":false},"author":1,"featured_media":161796,"comment_status":"closed","ping_status":"closed","sticky":false,"template":"","format":"standard","meta":{"content-type":""},"categories":[27,51],"tags":[],"nelio_content":{"isAutoShareEnabled":false,"autoShareEndMode":"default","automationSources":{"useContentSentences":true,"useSocialTemplates":true,"useCustomSentences":false,"customSentences":[]},"followers":[1],"suggestedReferences":[],"includedReferences":[],"efiUrl":"","efiAlt":"","highlights":[]},"yoast_head":"<!-- This site is optimized with the Yoast SEO plugin v20.7 - https:\/\/yoast.com\/wordpress\/plugins\/seo\/ -->\n<title>Se realizar\u00e1 una nueva charla sobre el examen te\u00f3rico<\/title>\n<meta name=\"description\" content=\"Se realizar\u00e1 una nueva charla sobre el examen te\u00f3rico para obtenci\u00f3n de licencias, as\u00ed lo informaron desde Licencias de Conducir Municipal\" \/>\n<meta name=\"robots\" content=\"index, follow, max-snippet:-1, max-image-preview:large, max-video-preview:-1\" \/>\n<link rel=\"canonical\" href=\"https:\/\/experienciadevida.com.ar\/portalurbano\/se-realizara-una-nueva-charla-sobre-el-examen-teorico-para-obtencion-de-licencias\/\" \/>\n<meta property=\"og:locale\" content=\"es_ES\" \/>\n<meta property=\"og:type\" content=\"article\" \/>\n<meta property=\"og:title\" content=\"Se realizar\u00e1 una nueva charla sobre el examen te\u00f3rico\" \/>\n<meta property=\"og:description\" content=\"Se realizar\u00e1 una nueva charla sobre el examen te\u00f3rico para obtenci\u00f3n de licencias, as\u00ed lo informaron desde Licencias de Conducir Municipal\" \/>\n<meta property=\"og:url\" content=\"https:\/\/experienciadevida.com.ar\/portalurbano\/se-realizara-una-nueva-charla-sobre-el-examen-teorico-para-obtencion-de-licencias\/\" \/>\n<meta property=\"article:publisher\" content=\"https:\/\/www.facebook.com\/Portal-Urbano-171542830093757\/\" \/>\n<meta property=\"article:published_time\" content=\"2022-04-11T14:43:37+00:00\" \/>\n<meta property=\"article:modified_time\" content=\"2022-04-11T14:56:10+00:00\" \/>\n<meta property=\"og:image\" content=\"https:\/\/experienciadevida.com.ar\/portalurbano\/wp-content\/uploads\/2022\/02\/Licencias-de-Conducir-Charla-Sotuyo-1-1024x512-1-e1645034131727.jpeg\" \/>\n\t<meta property=\"og:image:width\" content=\"800\" \/>\n\t<meta property=\"og:image:height\" content=\"400\" \/>\n\t<meta property=\"og:image:type\" content=\"image\/jpeg\" \/>\n<meta name=\"author\" content=\"admpu17wp\" \/>\n<meta name=\"twitter:card\" content=\"summary_large_image\" \/>\n<meta name=\"twitter:creator\" content=\"@portalurbanook\" \/>\n<meta name=\"twitter:site\" content=\"@portalurbanook\" \/>\n<meta name=\"twitter:label1\" content=\"Escrito por\" \/>\n\t<meta name=\"twitter:data1\" content=\"admpu17wp\" \/>\n\t<meta name=\"twitter:label2\" content=\"Tiempo de lectura\" \/>\n\t<meta name=\"twitter:data2\" content=\"1 minuto\" \/>\n<script type=\"application\/ld+json\" class=\"yoast-schema-graph\">{\"@context\":\"https:\/\/schema.org\",\"@graph\":[{\"@type\":\"Article\",\"@id\":\"https:\/\/experienciadevida.com.ar\/portalurbano\/se-realizara-una-nueva-charla-sobre-el-examen-teorico-para-obtencion-de-licencias\/#article\",\"isPartOf\":{\"@id\":\"https:\/\/experienciadevida.com.ar\/portalurbano\/se-realizara-una-nueva-charla-sobre-el-examen-teorico-para-obtencion-de-licencias\/\"},\"author\":{\"name\":\"admpu17wp\",\"@id\":\"https:\/\/experienciadevida.com.ar\/portalurbano\/#\/schema\/person\/02dd326b1c4b056e9cc972486934a3a7\"},\"headline\":\"Se realizar\u00e1 una nueva charla sobre el examen te\u00f3rico para obtenci\u00f3n de licencias\",\"datePublished\":\"2022-04-11T14:43:37+00:00\",\"dateModified\":\"2022-04-11T14:56:10+00:00\",\"mainEntityOfPage\":{\"@id\":\"https:\/\/experienciadevida.com.ar\/portalurbano\/se-realizara-una-nueva-charla-sobre-el-examen-teorico-para-obtencion-de-licencias\/\"},\"wordCount\":141,\"publisher\":{\"@id\":\"https:\/\/experienciadevida.com.ar\/portalurbano\/#organization\"},\"articleSection\":[\"Ciudad\",\"Destacadas\"],\"inLanguage\":\"es\"},{\"@type\":\"WebPage\",\"@id\":\"https:\/\/experienciadevida.com.ar\/portalurbano\/se-realizara-una-nueva-charla-sobre-el-examen-teorico-para-obtencion-de-licencias\/\",\"url\":\"https:\/\/experienciadevida.com.ar\/portalurbano\/se-realizara-una-nueva-charla-sobre-el-examen-teorico-para-obtencion-de-licencias\/\",\"name\":\"Se realizar\u00e1 una nueva charla sobre el examen te\u00f3rico\",\"isPartOf\":{\"@id\":\"https:\/\/experienciadevida.com.ar\/portalurbano\/#website\"},\"datePublished\":\"2022-04-11T14:43:37+00:00\",\"dateModified\":\"2022-04-11T14:56:10+00:00\",\"description\":\"Se realizar\u00e1 una nueva charla sobre el examen te\u00f3rico para obtenci\u00f3n de licencias, as\u00ed lo informaron desde Licencias de Conducir Municipal\",\"breadcrumb\":{\"@id\":\"https:\/\/experienciadevida.com.ar\/portalurbano\/se-realizara-una-nueva-charla-sobre-el-examen-teorico-para-obtencion-de-licencias\/#breadcrumb\"},\"inLanguage\":\"es\",\"potentialAction\":[{\"@type\":\"ReadAction\",\"target\":[\"https:\/\/experienciadevida.com.ar\/portalurbano\/se-realizara-una-nueva-charla-sobre-el-examen-teorico-para-obtencion-de-licencias\/\"]}]},{\"@type\":\"BreadcrumbList\",\"@id\":\"https:\/\/experienciadevida.com.ar\/portalurbano\/se-realizara-una-nueva-charla-sobre-el-examen-teorico-para-obtencion-de-licencias\/#breadcrumb\",\"itemListElement\":[{\"@type\":\"ListItem\",\"position\":1,\"name\":\"Portada\",\"item\":\"https:\/\/experienciadevida.com.ar\/portalurbano\/\"},{\"@type\":\"ListItem\",\"position\":2,\"name\":\"Se realizar\u00e1 una nueva charla sobre el examen te\u00f3rico para obtenci\u00f3n de licencias\"}]},{\"@type\":\"WebSite\",\"@id\":\"https:\/\/experienciadevida.com.ar\/portalurbano\/#website\",\"url\":\"https:\/\/experienciadevida.com.ar\/portalurbano\/\",\"name\":\"\",\"description\":\"\",\"publisher\":{\"@id\":\"https:\/\/experienciadevida.com.ar\/portalurbano\/#organization\"},\"potentialAction\":[{\"@type\":\"SearchAction\",\"target\":{\"@type\":\"EntryPoint\",\"urlTemplate\":\"https:\/\/experienciadevida.com.ar\/portalurbano\/?s={search_term_string}\"},\"query-input\":\"required name=search_term_string\"}],\"inLanguage\":\"es\"},{\"@type\":\"Organization\",\"@id\":\"https:\/\/experienciadevida.com.ar\/portalurbano\/#organization\",\"name\":\"Portal Urbano\",\"url\":\"https:\/\/experienciadevida.com.ar\/portalurbano\/\",\"logo\":{\"@type\":\"ImageObject\",\"inLanguage\":\"es\",\"@id\":\"https:\/\/experienciadevida.com.ar\/portalurbano\/#\/schema\/logo\/image\/\",\"url\":\"https:\/\/experienciadevida.com.ar\/portalurbano\/wp-content\/uploads\/2019\/09\/Logo-Original.png\",\"contentUrl\":\"https:\/\/experienciadevida.com.ar\/portalurbano\/wp-content\/uploads\/2019\/09\/Logo-Original.png\",\"width\":2236,\"height\":1216,\"caption\":\"Portal Urbano\"},\"image\":{\"@id\":\"https:\/\/experienciadevida.com.ar\/portalurbano\/#\/schema\/logo\/image\/\"},\"sameAs\":[\"https:\/\/www.facebook.com\/Portal-Urbano-171542830093757\/\",\"https:\/\/twitter.com\/portalurbanook\",\"https:\/\/www.instagram.com\/_portalurbano\/\",\"https:\/\/www.youtube.com\/channel\/UCXhagIfszH8KxFiOok79zbA?view_as=subscriber\"]},{\"@type\":\"Person\",\"@id\":\"https:\/\/experienciadevida.com.ar\/portalurbano\/#\/schema\/person\/02dd326b1c4b056e9cc972486934a3a7\",\"name\":\"admpu17wp\",\"image\":{\"@type\":\"ImageObject\",\"inLanguage\":\"es\",\"@id\":\"https:\/\/experienciadevida.com.ar\/portalurbano\/#\/schema\/person\/image\/\",\"url\":\"https:\/\/secure.gravatar.com\/avatar\/830d4c57adaae6630765e449a6908047?s=96&d=mm&r=g\",\"contentUrl\":\"https:\/\/secure.gravatar.com\/avatar\/830d4c57adaae6630765e449a6908047?s=96&d=mm&r=g\",\"caption\":\"admpu17wp\"}}]}<\/script>\n<!-- \/ Yoast SEO plugin. -->","yoast_head_json":{"title":"Se realizar\u00e1 una nueva charla sobre el examen te\u00f3rico","description":"Se realizar\u00e1 una nueva charla sobre el examen te\u00f3rico para obtenci\u00f3n de licencias, as\u00ed lo informaron desde Licencias de Conducir Municipal","robots":{"index":"index","follow":"follow","max-snippet":"max-snippet:-1","max-image-preview":"max-image-preview:large","max-video-preview":"max-video-preview:-1"},"canonical":"https:\/\/experienciadevida.com.ar\/portalurbano\/se-realizara-una-nueva-charla-sobre-el-examen-teorico-para-obtencion-de-licencias\/","og_locale":"es_ES","og_type":"article","og_title":"Se realizar\u00e1 una nueva charla sobre el examen te\u00f3rico","og_description":"Se realizar\u00e1 una nueva charla sobre el examen te\u00f3rico para obtenci\u00f3n de licencias, as\u00ed lo informaron desde Licencias de Conducir Municipal","og_url":"https:\/\/experienciadevida.com.ar\/portalurbano\/se-realizara-una-nueva-charla-sobre-el-examen-teorico-para-obtencion-de-licencias\/","article_publisher":"https:\/\/www.facebook.com\/Portal-Urbano-171542830093757\/","article_published_time":"2022-04-11T14:43:37+00:00","article_modified_time":"2022-04-11T14:56:10+00:00","og_image":[{"width":800,"height":400,"url":"https:\/\/experienciadevida.com.ar\/portalurbano\/wp-content\/uploads\/2022\/02\/Licencias-de-Conducir-Charla-Sotuyo-1-1024x512-1-e1645034131727.jpeg","type":"image\/jpeg"}],"author":"admpu17wp","twitter_card":"summary_large_image","twitter_creator":"@portalurbanook","twitter_site":"@portalurbanook","twitter_misc":{"Escrito por":"admpu17wp","Tiempo de lectura":"1 minuto"},"schema":{"@context":"https:\/\/schema.org","@graph":[{"@type":"Article","@id":"https:\/\/experienciadevida.com.ar\/portalurbano\/se-realizara-una-nueva-charla-sobre-el-examen-teorico-para-obtencion-de-licencias\/#article","isPartOf":{"@id":"https:\/\/experienciadevida.com.ar\/portalurbano\/se-realizara-una-nueva-charla-sobre-el-examen-teorico-para-obtencion-de-licencias\/"},"author":{"name":"admpu17wp","@id":"https:\/\/experienciadevida.com.ar\/portalurbano\/#\/schema\/person\/02dd326b1c4b056e9cc972486934a3a7"},"headline":"Se realizar\u00e1 una nueva charla sobre el examen te\u00f3rico para obtenci\u00f3n de licencias","datePublished":"2022-04-11T14:43:37+00:00","dateModified":"2022-04-11T14:56:10+00:00","mainEntityOfPage":{"@id":"https:\/\/experienciadevida.com.ar\/portalurbano\/se-realizara-una-nueva-charla-sobre-el-examen-teorico-para-obtencion-de-licencias\/"},"wordCount":141,"publisher":{"@id":"https:\/\/experienciadevida.com.ar\/portalurbano\/#organization"},"articleSection":["Ciudad","Destacadas"],"inLanguage":"es"},{"@type":"WebPage","@id":"https:\/\/experienciadevida.com.ar\/portalurbano\/se-realizara-una-nueva-charla-sobre-el-examen-teorico-para-obtencion-de-licencias\/","url":"https:\/\/experienciadevida.com.ar\/portalurbano\/se-realizara-una-nueva-charla-sobre-el-examen-teorico-para-obtencion-de-licencias\/","name":"Se realizar\u00e1 una nueva charla sobre el examen te\u00f3rico","isPartOf":{"@id":"https:\/\/experienciadevida.com.ar\/portalurbano\/#website"},"datePublished":"2022-04-11T14:43:37+00:00","dateModified":"2022-04-11T14:56:10+00:00","description":"Se realizar\u00e1 una nueva charla sobre el examen te\u00f3rico para obtenci\u00f3n de licencias, as\u00ed lo informaron desde Licencias de Conducir Municipal","breadcrumb":{"@id":"https:\/\/experienciadevida.com.ar\/portalurbano\/se-realizara-una-nueva-charla-sobre-el-examen-teorico-para-obtencion-de-licencias\/#breadcrumb"},"inLanguage":"es","potentialAction":[{"@type":"ReadAction","target":["https:\/\/experienciadevida.com.ar\/portalurbano\/se-realizara-una-nueva-charla-sobre-el-examen-teorico-para-obtencion-de-licencias\/"]}]},{"@type":"BreadcrumbList","@id":"https:\/\/experienciadevida.com.ar\/portalurbano\/se-realizara-una-nueva-charla-sobre-el-examen-teorico-para-obtencion-de-licencias\/#breadcrumb","itemListElement":[{"@type":"ListItem","position":1,"name":"Portada","item":"https:\/\/experienciadevida.com.ar\/portalurbano\/"},{"@type":"ListItem","position":2,"name":"Se realizar\u00e1 una nueva charla sobre el examen te\u00f3rico para obtenci\u00f3n de licencias"}]},{"@type":"WebSite","@id":"https:\/\/experienciadevida.com.ar\/portalurbano\/#website","url":"https:\/\/experienciadevida.com.ar\/portalurbano\/","name":"","description":"","publisher":{"@id":"https:\/\/experienciadevida.com.ar\/portalurbano\/#organization"},"potentialAction":[{"@type":"SearchAction","target":{"@type":"EntryPoint","urlTemplate":"https:\/\/experienciadevida.com.ar\/portalurbano\/?s={search_term_string}"},"query-input":"required name=search_term_string"}],"inLanguage":"es"},{"@type":"Organization","@id":"https:\/\/experienciadevida.com.ar\/portalurbano\/#organization","name":"Portal Urbano","url":"https:\/\/experienciadevida.com.ar\/portalurbano\/","logo":{"@type":"ImageObject","inLanguage":"es","@id":"https:\/\/experienciadevida.com.ar\/portalurbano\/#\/schema\/logo\/image\/","url":"https:\/\/experienciadevida.com.ar\/portalurbano\/wp-content\/uploads\/2019\/09\/Logo-Original.png","contentUrl":"https:\/\/experienciadevida.com.ar\/portalurbano\/wp-content\/uploads\/2019\/09\/Logo-Original.png","width":2236,"height":1216,"caption":"Portal Urbano"},"image":{"@id":"https:\/\/experienciadevida.com.ar\/portalurbano\/#\/schema\/logo\/image\/"},"sameAs":["https:\/\/www.facebook.com\/Portal-Urbano-171542830093757\/","https:\/\/twitter.com\/portalurbanook","https:\/\/www.instagram.com\/_portalurbano\/","https:\/\/www.youtube.com\/channel\/UCXhagIfszH8KxFiOok79zbA?view_as=subscriber"]},{"@type":"Person","@id":"https:\/\/experienciadevida.com.ar\/portalurbano\/#\/schema\/person\/02dd326b1c4b056e9cc972486934a3a7","name":"admpu17wp","image":{"@type":"ImageObject","inLanguage":"es","@id":"https:\/\/experienciadevida.com.ar\/portalurbano\/#\/schema\/person\/image\/","url":"https:\/\/secure.gravatar.com\/avatar\/830d4c57adaae6630765e449a6908047?s=96&d=mm&r=g","contentUrl":"https:\/\/secure.gravatar.com\/avatar\/830d4c57adaae6630765e449a6908047?s=96&d=mm&r=g","caption":"admpu17wp"}}]}},"featured_image_urls":{"full":["https:\/\/experienciadevida.com.ar\/portalurbano\/wp-content\/uploads\/2022\/02\/Licencias-de-Conducir-Charla-Sotuyo-1-1024x512-1-e1645034131727.jpeg",800,400,false],"thumbnail":["https:\/\/experienciadevida.com.ar\/portalurbano\/wp-content\/uploads\/2022\/02\/Licencias-de-Conducir-Charla-Sotuyo-1-1024x512-1-150x150.jpeg",150,150,true],"medium":["https:\/\/experienciadevida.com.ar\/portalurbano\/wp-content\/uploads\/2022\/02\/Licencias-de-Conducir-Charla-Sotuyo-1-1024x512-1-300x150.jpeg",300,150,true],"medium_large":["https:\/\/experienciadevida.com.ar\/portalurbano\/wp-content\/uploads\/2022\/02\/Licencias-de-Conducir-Charla-Sotuyo-1-1024x512-1-768x384.jpeg",640,320,true],"large":["https:\/\/experienciadevida.com.ar\/portalurbano\/wp-content\/uploads\/2022\/02\/Licencias-de-Conducir-Charla-Sotuyo-1-1024x512-1-e1645034131727.jpeg",640,320,false],"ug_big":["https:\/\/experienciadevida.com.ar\/portalurbano\/wp-content\/uploads\/2022\/02\/Licencias-de-Conducir-Charla-Sotuyo-1-1024x512-1-768x384.jpeg",768,384,true],"1536x1536":["https:\/\/experienciadevida.com.ar\/portalurbano\/wp-content\/uploads\/2022\/02\/Licencias-de-Conducir-Charla-Sotuyo-1-1024x512-1-e1645034131727.jpeg",800,400,false],"2048x2048":["https:\/\/experienciadevida.com.ar\/portalurbano\/wp-content\/uploads\/2022\/02\/Licencias-de-Conducir-Charla-Sotuyo-1-1024x512-1-e1645034131727.jpeg",800,400,false],"newsever-slider-full":["https:\/\/experienciadevida.com.ar\/portalurbano\/wp-content\/uploads\/2022\/02\/Licencias-de-Conducir-Charla-Sotuyo-1-1024x512-1-e1645034131727.jpeg",800,400,false],"newsever-featured":["https:\/\/experienciadevida.com.ar\/portalurbano\/wp-content\/uploads\/2022\/02\/Licencias-de-Conducir-Charla-Sotuyo-1-1024x512-1-e1645034131727.jpeg",800,400,false],"newsever-medium":["https:\/\/experienciadevida.com.ar\/portalurbano\/wp-content\/uploads\/2022\/02\/Licencias-de-Conducir-Charla-Sotuyo-1-1024x512-1-e1645034131727.jpeg",720,360,false],"web-stories-poster-portrait":["https:\/\/experienciadevida.com.ar\/portalurbano\/wp-content\/uploads\/2022\/02\/Licencias-de-Conducir-Charla-Sotuyo-1-1024x512-1-e1645034131727.jpeg",640,320,false],"web-stories-publisher-logo":["https:\/\/experienciadevida.com.ar\/portalurbano\/wp-content\/uploads\/2022\/02\/Licencias-de-Conducir-Charla-Sotuyo-1-1024x512-1-e1645034131727.jpeg",96,48,false],"web-stories-thumbnail":["https:\/\/experienciadevida.com.ar\/portalurbano\/wp-content\/uploads\/2022\/02\/Licencias-de-Conducir-Charla-Sotuyo-1-1024x512-1-e1645034131727.jpeg",150,75,false]},"author_info":{"display_name":"admpu17wp","author_link":"https:\/\/experienciadevida.com.ar\/portalurbano\/author\/admpu17wp\/"},"category_info":"<a href=\"https:\/\/experienciadevida.com.ar\/portalurbano\/category\/ciudad\/\" rel=\"category tag\">Ciudad<\/a> <a href=\"https:\/\/experienciadevida.com.ar\/portalurbano\/category\/destacadas\/\" rel=\"category tag\">Destacadas<\/a>","tag_info":"Destacadas","comment_count":"0","amp_enabled":true,"_links":{"self":[{"href":"https:\/\/experienciadevida.com.ar\/portalurbano\/wp-json\/wp\/v2\/posts\/165465"}],"collection":[{"href":"https:\/\/experienciadevida.com.ar\/portalurbano\/wp-json\/wp\/v2\/posts"}],"about":[{"href":"https:\/\/experienciadevida.com.ar\/portalurbano\/wp-json\/wp\/v2\/types\/post"}],"author":[{"embeddable":true,"href":"https:\/\/experienciadevida.com.ar\/portalurbano\/wp-json\/wp\/v2\/users\/1"}],"replies":[{"embeddable":true,"href":"https:\/\/experienciadevida.com.ar\/portalurbano\/wp-json\/wp\/v2\/comments?post=165465"}],"version-history":[{"count":1,"href":"https:\/\/experienciadevida.com.ar\/portalurbano\/wp-json\/wp\/v2\/posts\/165465\/revisions"}],"predecessor-version":[{"id":165466,"href":"https:\/\/experienciadevida.com.ar\/portalurbano\/wp-json\/wp\/v2\/posts\/165465\/revisions\/165466"}],"wp:featuredmedia":[{"embeddable":true,"href":"https:\/\/experienciadevida.com.ar\/portalurbano\/wp-json\/wp\/v2\/media\/161796"}],"wp:attachment":[{"href":"https:\/\/experienciadevida.com.ar\/portalurbano\/wp-json\/wp\/v2\/media?parent=165465"}],"wp:term":[{"taxonomy":"category","embeddable":true,"href":"https:\/\/experienciadevida.com.ar\/portalurbano\/wp-json\/wp\/v2\/categories?post=165465"},{"taxonomy":"post_tag","embeddable":true,"href":"https:\/\/experienciadevida.com.ar\/portalurbano\/wp-json\/wp\/v2\/tags?post=165465"}],"curies":[{"name":"wp","href":"https:\/\/api.w.org\/{rel}","templated":true}]}}