{"id":165450,"date":"2022-04-11T10:13:02","date_gmt":"2022-04-11T13:13:02","guid":{"rendered":"https:\/\/experienciadevida.com.ar\/portalurbano\/?p=165450"},"modified":"2022-04-11T10:22:01","modified_gmt":"2022-04-11T13:22:01","slug":"comenzo-el-paro-de-los-transportistas-de-granos-por-tiempo-indeterminado","status":"publish","type":"post","link":"https:\/\/experienciadevida.com.ar\/portalurbano\/comenzo-el-paro-de-los-transportistas-de-granos-por-tiempo-indeterminado\/","title":{"rendered":"Comenz\u00f3 el paro de los transportistas de granos por tiempo indeterminado"},"content":{"rendered":"<p>Comenz\u00f3 el paro de los transportistas de granos por tiempo indeterminado, ocurre en plena cosecha de soja y ma\u00edz. Se quejan del racionamiento del gasoil, un fuerte aumento de precios y la necesidad de tener que cargar varias veces para completar un viaje.<\/p>\n<p>Los transportistas de granos nucleados en la Federaci\u00f3n de Transportadores Argentinos (Fetra) iniciaron a la hora cero de este lunes un paro por tiempo indeterminado en todo el pa\u00eds a ra\u00edz de la escasez de gasoil, que en las \u00faltimas semanas se tradujo en todo el pa\u00eds en racionamiento y fuertes aumentos del precio en las estaciones de servicio.<\/p>\n<p>Los transportistas se quejan de que, para poder terminar su viaje, deben realizar varias recargas de combustible para poder completar sus viajes. \u201cNo podemos seguir viajando en estas condiciones\u201d, afirmaron desde Fetra al convocar a la medida de fuerza.<\/p>\n<p>A ra\u00edz de la escasez y el encarecimiento del combustible, los transportadores reclaman la actualizaci\u00f3n de la tarifa nacional para los fletes de granos, la reglamentaci\u00f3n de una \u201ccl\u00e1usula gatillo\u201d y la resoluci\u00f3n de conflictos generados por la negativa por parte de algunos dadores de cargas a pagar las tarifas que les solicitan y que la Federaci\u00f3n consideran justas y razonables.<\/p>\n<p>Adem\u00e1s, piden mejores condiciones de infraestructura en los accesos a los puertos exportadores.<\/p>\n<p>La escasez de gasoil y el paro del transporte de cargas coincide con el per\u00edodo de cosecha de soja y ma\u00edz, clave para las exportaciones, el ingreso y liquidaci\u00f3n de divisas y las reservas de d\u00f3lares del Banco Central.<\/p>\n<p>Comenz\u00f3 el paro de los transportistas de granos por tiempo indeterminado, el Gobierno, en tanto, cre\u00f3 una \u201cmesa del gasoil\u201d integrada por funcionarios y empresarios del sector, que se reunir\u00e1 cada 15 d\u00edas para monitorear la situaci\u00f3n. La mesa ser\u00e1 liderada por el vicejefe de Gabinete, Jorge Neme, que responde a Juan Manzur; el secretario de Energ\u00eda, Dar\u00edo Mart\u00ednez, y el titular de YPF, Pablo Gonz\u00e1lez.<\/p>\n<p>Fuente: DIB<\/p>\n","protected":false},"excerpt":{"rendered":"<p>Comenz\u00f3 el paro de los transportistas de granos por tiempo indeterminado, ocurre en plena cosecha&#8230;<\/p>\n","protected":false},"author":1,"featured_media":165451,"comment_status":"closed","ping_status":"closed","sticky":false,"template":"","format":"standard","meta":{"content-type":""},"categories":[27,64],"tags":[],"nelio_content":{"isAutoShareEnabled":false,"autoShareEndMode":"default","automationSources":{"useContentSentences":true,"useSocialTemplates":true,"useCustomSentences":false,"customSentences":[]},"followers":[1],"suggestedReferences":[],"includedReferences":[],"efiUrl":"","efiAlt":"","highlights":[]},"yoast_head":"<!-- This site is optimized with the Yoast SEO plugin v20.7 - https:\/\/yoast.com\/wordpress\/plugins\/seo\/ -->\n<title>Comenz\u00f3 el paro de los transportistas de granos por tiempo<\/title>\n<meta name=\"description\" content=\"Comenz\u00f3 el paro de los transportistas de granos por tiempo indeterminado, ocurre en plena cosecha de soja y ma\u00edz, fuerte aumento de precios\" \/>\n<meta name=\"robots\" content=\"index, follow, max-snippet:-1, max-image-preview:large, max-video-preview:-1\" \/>\n<link rel=\"canonical\" href=\"https:\/\/experienciadevida.com.ar\/portalurbano\/comenzo-el-paro-de-los-transportistas-de-granos-por-tiempo-indeterminado\/\" \/>\n<meta property=\"og:locale\" content=\"es_ES\" \/>\n<meta property=\"og:type\" content=\"article\" \/>\n<meta property=\"og:title\" content=\"Comenz\u00f3 el paro de los transportistas de granos por tiempo\" \/>\n<meta property=\"og:description\" content=\"Comenz\u00f3 el paro de los transportistas de granos por tiempo indeterminado, ocurre en plena cosecha de soja y ma\u00edz, fuerte aumento de precios\" \/>\n<meta property=\"og:url\" content=\"https:\/\/experienciadevida.com.ar\/portalurbano\/comenzo-el-paro-de-los-transportistas-de-granos-por-tiempo-indeterminado\/\" \/>\n<meta property=\"article:publisher\" content=\"https:\/\/www.facebook.com\/Portal-Urbano-171542830093757\/\" \/>\n<meta property=\"article:published_time\" content=\"2022-04-11T13:13:02+00:00\" \/>\n<meta property=\"article:modified_time\" content=\"2022-04-11T13:22:01+00:00\" \/>\n<meta property=\"og:image\" content=\"https:\/\/experienciadevida.com.ar\/portalurbano\/wp-content\/uploads\/2022\/04\/Comenzo-el-paro-de.jpg\" \/>\n\t<meta property=\"og:image:width\" content=\"1068\" \/>\n\t<meta property=\"og:image:height\" content=\"601\" \/>\n\t<meta property=\"og:image:type\" content=\"image\/jpeg\" \/>\n<meta name=\"author\" content=\"admpu17wp\" \/>\n<meta name=\"twitter:card\" content=\"summary_large_image\" \/>\n<meta name=\"twitter:creator\" content=\"@portalurbanook\" \/>\n<meta name=\"twitter:site\" content=\"@portalurbanook\" \/>\n<meta name=\"twitter:label1\" content=\"Escrito por\" \/>\n\t<meta name=\"twitter:data1\" content=\"admpu17wp\" \/>\n\t<meta name=\"twitter:label2\" content=\"Tiempo de lectura\" \/>\n\t<meta name=\"twitter:data2\" content=\"2 minutos\" \/>\n<script type=\"application\/ld+json\" class=\"yoast-schema-graph\">{\"@context\":\"https:\/\/schema.org\",\"@graph\":[{\"@type\":\"Article\",\"@id\":\"https:\/\/experienciadevida.com.ar\/portalurbano\/comenzo-el-paro-de-los-transportistas-de-granos-por-tiempo-indeterminado\/#article\",\"isPartOf\":{\"@id\":\"https:\/\/experienciadevida.com.ar\/portalurbano\/comenzo-el-paro-de-los-transportistas-de-granos-por-tiempo-indeterminado\/\"},\"author\":{\"name\":\"admpu17wp\",\"@id\":\"https:\/\/experienciadevida.com.ar\/portalurbano\/#\/schema\/person\/02dd326b1c4b056e9cc972486934a3a7\"},\"headline\":\"Comenz\u00f3 el paro de los transportistas de granos por tiempo indeterminado\",\"datePublished\":\"2022-04-11T13:13:02+00:00\",\"dateModified\":\"2022-04-11T13:22:01+00:00\",\"mainEntityOfPage\":{\"@id\":\"https:\/\/experienciadevida.com.ar\/portalurbano\/comenzo-el-paro-de-los-transportistas-de-granos-por-tiempo-indeterminado\/\"},\"wordCount\":354,\"publisher\":{\"@id\":\"https:\/\/experienciadevida.com.ar\/portalurbano\/#organization\"},\"articleSection\":[\"Ciudad\",\"Destacadas 2\"],\"inLanguage\":\"es\"},{\"@type\":\"WebPage\",\"@id\":\"https:\/\/experienciadevida.com.ar\/portalurbano\/comenzo-el-paro-de-los-transportistas-de-granos-por-tiempo-indeterminado\/\",\"url\":\"https:\/\/experienciadevida.com.ar\/portalurbano\/comenzo-el-paro-de-los-transportistas-de-granos-por-tiempo-indeterminado\/\",\"name\":\"Comenz\u00f3 el paro de los transportistas de granos por tiempo\",\"isPartOf\":{\"@id\":\"https:\/\/experienciadevida.com.ar\/portalurbano\/#website\"},\"datePublished\":\"2022-04-11T13:13:02+00:00\",\"dateModified\":\"2022-04-11T13:22:01+00:00\",\"description\":\"Comenz\u00f3 el paro de los transportistas de granos por tiempo indeterminado, ocurre en plena cosecha de soja y ma\u00edz, fuerte aumento de precios\",\"breadcrumb\":{\"@id\":\"https:\/\/experienciadevida.com.ar\/portalurbano\/comenzo-el-paro-de-los-transportistas-de-granos-por-tiempo-indeterminado\/#breadcrumb\"},\"inLanguage\":\"es\",\"potentialAction\":[{\"@type\":\"ReadAction\",\"target\":[\"https:\/\/experienciadevida.com.ar\/portalurbano\/comenzo-el-paro-de-los-transportistas-de-granos-por-tiempo-indeterminado\/\"]}]},{\"@type\":\"BreadcrumbList\",\"@id\":\"https:\/\/experienciadevida.com.ar\/portalurbano\/comenzo-el-paro-de-los-transportistas-de-granos-por-tiempo-indeterminado\/#breadcrumb\",\"itemListElement\":[{\"@type\":\"ListItem\",\"position\":1,\"name\":\"Portada\",\"item\":\"https:\/\/experienciadevida.com.ar\/portalurbano\/\"},{\"@type\":\"ListItem\",\"position\":2,\"name\":\"Comenz\u00f3 el paro de los transportistas de granos por tiempo indeterminado\"}]},{\"@type\":\"WebSite\",\"@id\":\"https:\/\/experienciadevida.com.ar\/portalurbano\/#website\",\"url\":\"https:\/\/experienciadevida.com.ar\/portalurbano\/\",\"name\":\"\",\"description\":\"\",\"publisher\":{\"@id\":\"https:\/\/experienciadevida.com.ar\/portalurbano\/#organization\"},\"potentialAction\":[{\"@type\":\"SearchAction\",\"target\":{\"@type\":\"EntryPoint\",\"urlTemplate\":\"https:\/\/experienciadevida.com.ar\/portalurbano\/?s={search_term_string}\"},\"query-input\":\"required name=search_term_string\"}],\"inLanguage\":\"es\"},{\"@type\":\"Organization\",\"@id\":\"https:\/\/experienciadevida.com.ar\/portalurbano\/#organization\",\"name\":\"Portal Urbano\",\"url\":\"https:\/\/experienciadevida.com.ar\/portalurbano\/\",\"logo\":{\"@type\":\"ImageObject\",\"inLanguage\":\"es\",\"@id\":\"https:\/\/experienciadevida.com.ar\/portalurbano\/#\/schema\/logo\/image\/\",\"url\":\"https:\/\/experienciadevida.com.ar\/portalurbano\/wp-content\/uploads\/2019\/09\/Logo-Original.png\",\"contentUrl\":\"https:\/\/experienciadevida.com.ar\/portalurbano\/wp-content\/uploads\/2019\/09\/Logo-Original.png\",\"width\":2236,\"height\":1216,\"caption\":\"Portal Urbano\"},\"image\":{\"@id\":\"https:\/\/experienciadevida.com.ar\/portalurbano\/#\/schema\/logo\/image\/\"},\"sameAs\":[\"https:\/\/www.facebook.com\/Portal-Urbano-171542830093757\/\",\"https:\/\/twitter.com\/portalurbanook\",\"https:\/\/www.instagram.com\/_portalurbano\/\",\"https:\/\/www.youtube.com\/channel\/UCXhagIfszH8KxFiOok79zbA?view_as=subscriber\"]},{\"@type\":\"Person\",\"@id\":\"https:\/\/experienciadevida.com.ar\/portalurbano\/#\/schema\/person\/02dd326b1c4b056e9cc972486934a3a7\",\"name\":\"admpu17wp\",\"image\":{\"@type\":\"ImageObject\",\"inLanguage\":\"es\",\"@id\":\"https:\/\/experienciadevida.com.ar\/portalurbano\/#\/schema\/person\/image\/\",\"url\":\"https:\/\/secure.gravatar.com\/avatar\/830d4c57adaae6630765e449a6908047?s=96&d=mm&r=g\",\"contentUrl\":\"https:\/\/secure.gravatar.com\/avatar\/830d4c57adaae6630765e449a6908047?s=96&d=mm&r=g\",\"caption\":\"admpu17wp\"}}]}<\/script>\n<!-- \/ Yoast SEO plugin. -->","yoast_head_json":{"title":"Comenz\u00f3 el paro de los transportistas de granos por tiempo","description":"Comenz\u00f3 el paro de los transportistas de granos por tiempo indeterminado, ocurre en plena cosecha de soja y ma\u00edz, fuerte aumento de precios","robots":{"index":"index","follow":"follow","max-snippet":"max-snippet:-1","max-image-preview":"max-image-preview:large","max-video-preview":"max-video-preview:-1"},"canonical":"https:\/\/experienciadevida.com.ar\/portalurbano\/comenzo-el-paro-de-los-transportistas-de-granos-por-tiempo-indeterminado\/","og_locale":"es_ES","og_type":"article","og_title":"Comenz\u00f3 el paro de los transportistas de granos por tiempo","og_description":"Comenz\u00f3 el paro de los transportistas de granos por tiempo indeterminado, ocurre en plena cosecha de soja y ma\u00edz, fuerte aumento de precios","og_url":"https:\/\/experienciadevida.com.ar\/portalurbano\/comenzo-el-paro-de-los-transportistas-de-granos-por-tiempo-indeterminado\/","article_publisher":"https:\/\/www.facebook.com\/Portal-Urbano-171542830093757\/","article_published_time":"2022-04-11T13:13:02+00:00","article_modified_time":"2022-04-11T13:22:01+00:00","og_image":[{"width":1068,"height":601,"url":"https:\/\/experienciadevida.com.ar\/portalurbano\/wp-content\/uploads\/2022\/04\/Comenzo-el-paro-de.jpg","type":"image\/jpeg"}],"author":"admpu17wp","twitter_card":"summary_large_image","twitter_creator":"@portalurbanook","twitter_site":"@portalurbanook","twitter_misc":{"Escrito por":"admpu17wp","Tiempo de lectura":"2 minutos"},"schema":{"@context":"https:\/\/schema.org","@graph":[{"@type":"Article","@id":"https:\/\/experienciadevida.com.ar\/portalurbano\/comenzo-el-paro-de-los-transportistas-de-granos-por-tiempo-indeterminado\/#article","isPartOf":{"@id":"https:\/\/experienciadevida.com.ar\/portalurbano\/comenzo-el-paro-de-los-transportistas-de-granos-por-tiempo-indeterminado\/"},"author":{"name":"admpu17wp","@id":"https:\/\/experienciadevida.com.ar\/portalurbano\/#\/schema\/person\/02dd326b1c4b056e9cc972486934a3a7"},"headline":"Comenz\u00f3 el paro de los transportistas de granos por tiempo indeterminado","datePublished":"2022-04-11T13:13:02+00:00","dateModified":"2022-04-11T13:22:01+00:00","mainEntityOfPage":{"@id":"https:\/\/experienciadevida.com.ar\/portalurbano\/comenzo-el-paro-de-los-transportistas-de-granos-por-tiempo-indeterminado\/"},"wordCount":354,"publisher":{"@id":"https:\/\/experienciadevida.com.ar\/portalurbano\/#organization"},"articleSection":["Ciudad","Destacadas 2"],"inLanguage":"es"},{"@type":"WebPage","@id":"https:\/\/experienciadevida.com.ar\/portalurbano\/comenzo-el-paro-de-los-transportistas-de-granos-por-tiempo-indeterminado\/","url":"https:\/\/experienciadevida.com.ar\/portalurbano\/comenzo-el-paro-de-los-transportistas-de-granos-por-tiempo-indeterminado\/","name":"Comenz\u00f3 el paro de los transportistas de granos por tiempo","isPartOf":{"@id":"https:\/\/experienciadevida.com.ar\/portalurbano\/#website"},"datePublished":"2022-04-11T13:13:02+00:00","dateModified":"2022-04-11T13:22:01+00:00","description":"Comenz\u00f3 el paro de los transportistas de granos por tiempo indeterminado, ocurre en plena cosecha de soja y ma\u00edz, fuerte aumento de precios","breadcrumb":{"@id":"https:\/\/experienciadevida.com.ar\/portalurbano\/comenzo-el-paro-de-los-transportistas-de-granos-por-tiempo-indeterminado\/#breadcrumb"},"inLanguage":"es","potentialAction":[{"@type":"ReadAction","target":["https:\/\/experienciadevida.com.ar\/portalurbano\/comenzo-el-paro-de-los-transportistas-de-granos-por-tiempo-indeterminado\/"]}]},{"@type":"BreadcrumbList","@id":"https:\/\/experienciadevida.com.ar\/portalurbano\/comenzo-el-paro-de-los-transportistas-de-granos-por-tiempo-indeterminado\/#breadcrumb","itemListElement":[{"@type":"ListItem","position":1,"name":"Portada","item":"https:\/\/experienciadevida.com.ar\/portalurbano\/"},{"@type":"ListItem","position":2,"name":"Comenz\u00f3 el paro de los transportistas de granos por tiempo indeterminado"}]},{"@type":"WebSite","@id":"https:\/\/experienciadevida.com.ar\/portalurbano\/#website","url":"https:\/\/experienciadevida.com.ar\/portalurbano\/","name":"","description":"","publisher":{"@id":"https:\/\/experienciadevida.com.ar\/portalurbano\/#organization"},"potentialAction":[{"@type":"SearchAction","target":{"@type":"EntryPoint","urlTemplate":"https:\/\/experienciadevida.com.ar\/portalurbano\/?s={search_term_string}"},"query-input":"required name=search_term_string"}],"inLanguage":"es"},{"@type":"Organization","@id":"https:\/\/experienciadevida.com.ar\/portalurbano\/#organization","name":"Portal Urbano","url":"https:\/\/experienciadevida.com.ar\/portalurbano\/","logo":{"@type":"ImageObject","inLanguage":"es","@id":"https:\/\/experienciadevida.com.ar\/portalurbano\/#\/schema\/logo\/image\/","url":"https:\/\/experienciadevida.com.ar\/portalurbano\/wp-content\/uploads\/2019\/09\/Logo-Original.png","contentUrl":"https:\/\/experienciadevida.com.ar\/portalurbano\/wp-content\/uploads\/2019\/09\/Logo-Original.png","width":2236,"height":1216,"caption":"Portal Urbano"},"image":{"@id":"https:\/\/experienciadevida.com.ar\/portalurbano\/#\/schema\/logo\/image\/"},"sameAs":["https:\/\/www.facebook.com\/Portal-Urbano-171542830093757\/","https:\/\/twitter.com\/portalurbanook","https:\/\/www.instagram.com\/_portalurbano\/","https:\/\/www.youtube.com\/channel\/UCXhagIfszH8KxFiOok79zbA?view_as=subscriber"]},{"@type":"Person","@id":"https:\/\/experienciadevida.com.ar\/portalurbano\/#\/schema\/person\/02dd326b1c4b056e9cc972486934a3a7","name":"admpu17wp","image":{"@type":"ImageObject","inLanguage":"es","@id":"https:\/\/experienciadevida.com.ar\/portalurbano\/#\/schema\/person\/image\/","url":"https:\/\/secure.gravatar.com\/avatar\/830d4c57adaae6630765e449a6908047?s=96&d=mm&r=g","contentUrl":"https:\/\/secure.gravatar.com\/avatar\/830d4c57adaae6630765e449a6908047?s=96&d=mm&r=g","caption":"admpu17wp"}}]}},"featured_image_urls":{"full":["https:\/\/experienciadevida.com.ar\/portalurbano\/wp-content\/uploads\/2022\/04\/Comenzo-el-paro-de.jpg",1068,601,false],"thumbnail":["https:\/\/experienciadevida.com.ar\/portalurbano\/wp-content\/uploads\/2022\/04\/Comenzo-el-paro-de-150x150.jpg",150,150,true],"medium":["https:\/\/experienciadevida.com.ar\/portalurbano\/wp-content\/uploads\/2022\/04\/Comenzo-el-paro-de-300x169.jpg",300,169,true],"medium_large":["https:\/\/experienciadevida.com.ar\/portalurbano\/wp-content\/uploads\/2022\/04\/Comenzo-el-paro-de-768x432.jpg",640,360,true],"large":["https:\/\/experienciadevida.com.ar\/portalurbano\/wp-content\/uploads\/2022\/04\/Comenzo-el-paro-de-1024x576.jpg",640,360,true],"ug_big":["https:\/\/experienciadevida.com.ar\/portalurbano\/wp-content\/uploads\/2022\/04\/Comenzo-el-paro-de-768x432.jpg",768,432,true],"1536x1536":["https:\/\/experienciadevida.com.ar\/portalurbano\/wp-content\/uploads\/2022\/04\/Comenzo-el-paro-de.jpg",1068,601,false],"2048x2048":["https:\/\/experienciadevida.com.ar\/portalurbano\/wp-content\/uploads\/2022\/04\/Comenzo-el-paro-de.jpg",1068,601,false],"newsever-slider-full":["https:\/\/experienciadevida.com.ar\/portalurbano\/wp-content\/uploads\/2022\/04\/Comenzo-el-paro-de.jpg",1068,601,false],"newsever-featured":["https:\/\/experienciadevida.com.ar\/portalurbano\/wp-content\/uploads\/2022\/04\/Comenzo-el-paro-de.jpg",1024,576,false],"newsever-medium":["https:\/\/experienciadevida.com.ar\/portalurbano\/wp-content\/uploads\/2022\/04\/Comenzo-el-paro-de.jpg",720,405,false],"web-stories-poster-portrait":["https:\/\/experienciadevida.com.ar\/portalurbano\/wp-content\/uploads\/2022\/04\/Comenzo-el-paro-de.jpg",640,360,false],"web-stories-publisher-logo":["https:\/\/experienciadevida.com.ar\/portalurbano\/wp-content\/uploads\/2022\/04\/Comenzo-el-paro-de.jpg",96,54,false],"web-stories-thumbnail":["https:\/\/experienciadevida.com.ar\/portalurbano\/wp-content\/uploads\/2022\/04\/Comenzo-el-paro-de.jpg",150,84,false]},"author_info":{"display_name":"admpu17wp","author_link":"https:\/\/experienciadevida.com.ar\/portalurbano\/author\/admpu17wp\/"},"category_info":"<a href=\"https:\/\/experienciadevida.com.ar\/portalurbano\/category\/ciudad\/\" rel=\"category tag\">Ciudad<\/a> <a href=\"https:\/\/experienciadevida.com.ar\/portalurbano\/category\/destacadas-2\/\" rel=\"category tag\">Destacadas 2<\/a>","tag_info":"Destacadas 2","comment_count":"0","amp_enabled":true,"_links":{"self":[{"href":"https:\/\/experienciadevida.com.ar\/portalurbano\/wp-json\/wp\/v2\/posts\/165450"}],"collection":[{"href":"https:\/\/experienciadevida.com.ar\/portalurbano\/wp-json\/wp\/v2\/posts"}],"about":[{"href":"https:\/\/experienciadevida.com.ar\/portalurbano\/wp-json\/wp\/v2\/types\/post"}],"author":[{"embeddable":true,"href":"https:\/\/experienciadevida.com.ar\/portalurbano\/wp-json\/wp\/v2\/users\/1"}],"replies":[{"embeddable":true,"href":"https:\/\/experienciadevida.com.ar\/portalurbano\/wp-json\/wp\/v2\/comments?post=165450"}],"version-history":[{"count":1,"href":"https:\/\/experienciadevida.com.ar\/portalurbano\/wp-json\/wp\/v2\/posts\/165450\/revisions"}],"predecessor-version":[{"id":165452,"href":"https:\/\/experienciadevida.com.ar\/portalurbano\/wp-json\/wp\/v2\/posts\/165450\/revisions\/165452"}],"wp:featuredmedia":[{"embeddable":true,"href":"https:\/\/experienciadevida.com.ar\/portalurbano\/wp-json\/wp\/v2\/media\/165451"}],"wp:attachment":[{"href":"https:\/\/experienciadevida.com.ar\/portalurbano\/wp-json\/wp\/v2\/media?parent=165450"}],"wp:term":[{"taxonomy":"category","embeddable":true,"href":"https:\/\/experienciadevida.com.ar\/portalurbano\/wp-json\/wp\/v2\/categories?post=165450"},{"taxonomy":"post_tag","embeddable":true,"href":"https:\/\/experienciadevida.com.ar\/portalurbano\/wp-json\/wp\/v2\/tags?post=165450"}],"curies":[{"name":"wp","href":"https:\/\/api.w.org\/{rel}","templated":true}]}}